{"id":350831,"date":"2023-08-31T19:09:13","date_gmt":"2023-08-31T17:09:13","guid":{"rendered":"https:\/\/www.radiopiu.net\/wordpress\/?p=350831"},"modified":"2023-08-31T19:09:13","modified_gmt":"2023-08-31T17:09:13","slug":"sr-203-agordina-la-regione-conferma-lattenzione-per-la-messa-in-sicurezza","status":"publish","type":"post","link":"https:\/\/www.radiopiu.net\/wordpress\/sr-203-agordina-la-regione-conferma-lattenzione-per-la-messa-in-sicurezza\/","title":{"rendered":"SR 203 AGORDINA: LA REGIONE CONFERMA L\u2019ATTENZIONE PER LA MESSA IN SICUREZZA"},"content":{"rendered":"<hr \/>\n<p><strong><a class=\"dt-pswp-item\" href=\"https:\/\/www.radiopiu.net\/wordpress\/wp-content\/uploads\/2023\/08\/e5ed9ef3-04dd-4f39-86cf-4b39058577fa.jpg\" data-dt-img-description=\"\" data-large_image_width=\"2000\" data-large_image_height=\"1500\"><img loading=\"lazy\" decoding=\"async\" class=\"size-medium wp-image-350654 alignleft\" src=\"https:\/\/www.radiopiu.net\/wordpress\/wp-content\/uploads\/2023\/08\/e5ed9ef3-04dd-4f39-86cf-4b39058577fa-300x225.jpg\" alt=\"\" width=\"300\" height=\"225\" srcset=\"https:\/\/www.radiopiu.net\/wordpress\/wp-content\/uploads\/2023\/08\/e5ed9ef3-04dd-4f39-86cf-4b39058577fa-300x225.jpg 300w, https:\/\/www.radiopiu.net\/wordpress\/wp-content\/uploads\/2023\/08\/e5ed9ef3-04dd-4f39-86cf-4b39058577fa-1024x768.jpg 1024w, https:\/\/www.radiopiu.net\/wordpress\/wp-content\/uploads\/2023\/08\/e5ed9ef3-04dd-4f39-86cf-4b39058577fa-768x576.jpg 768w, https:\/\/www.radiopiu.net\/wordpress\/wp-content\/uploads\/2023\/08\/e5ed9ef3-04dd-4f39-86cf-4b39058577fa-1536x1152.jpg 1536w, https:\/\/www.radiopiu.net\/wordpress\/wp-content\/uploads\/2023\/08\/e5ed9ef3-04dd-4f39-86cf-4b39058577fa.jpg 2000w\" sizes=\"auto, (max-width: 300px) 100vw, 300px\" \/><\/a>BELLUNO<\/strong> La situazione della strada regionale 203 Agordina \u00e8 sotto l\u2019attenzione della Regione Veneto. Lo ha confermato la vicepresidente Elisa De Berti (assessora alle infrastrutture) nell\u2019incontro odierno a Palazzo Balbi con il presidente della Provincia di Belluno Roberto Padrin e con il presidente dell\u2019Unione Montana Agordina Paolo Frena, che aveva richiesto un momento di confronto sul futuro della 203, anche a seguito delle recenti chiusure per dissesti geologici e caduta massi. La vicepresidente ha assicurato il completamento degli interventi di ripristino post-Vaia, per i quali sono stati disposti dal commissario Zaia complessivamente 17 milioni di euro. E ha aperto alla disponibilit\u00e0 di lavorare per trovare una soluzione per il completamento della variante di Agordo e per la messa in sicurezza dei versanti, anche alla luce del fatto che la strada passer\u00e0 sotto la competenza di Anas, nell\u2019ambito della riclassificazione della viabilit\u00e0. \u00abRingrazio l\u2019assessora De Berti per la disponibilit\u00e0 e per aver dimostrato la consapevolezza della Regione Veneto rispetto all\u2019importanza della 203, un tema che per il nostro territorio \u00e8 fondamentale\u00bb afferma Paolo Frena. \u00abIl fatto di poter proseguire con il completamento degli interventi, riconoscendo la priorit\u00e0 assoluta data dal territorio bellunese alla 203 Agordina, significa dare sicurezze ai cittadini e ai lavoratori che quotidianamente transitano sulla 203, e anche ai turisti che d\u2019estate e d\u2019inverno frequentano la nostra montagna\u00bb. \u00abUna viabilit\u00e0 sicura ed efficace \u00e8 alla base della vivibilit\u00e0 delle nostre valli, perch\u00e9 significa lavoro, turismo, sicurezza, possibilit\u00e0 di raggiungere i servizi. Ed \u00e8 il motivo per cui il consiglio provinciale nel 2021 aveva sposato il documento programmatico dell\u2019Unione Montana Agordina, indicando nella scala di priorit\u00e0 proprio la 203\u00bb aggiunge il presidente della Provincia, Roberto Padrin. \u00ab\u00c8 per questo che insieme alla Regione abbiamo condiviso l\u2019operazione di riclassificazione delle strade, salvaguardando la continuit\u00e0 di gestione della viabilit\u00e0, che con Veneto Strade \u00e8 sempre stata di assoluta efficienza. Continuit\u00e0 che l\u2019impegno assicurato dalla vice presidente De Berti non fa altro che avvalorare.<\/p>\n","protected":false},"excerpt":{"rendered":"<p>BELLUNO La situazione della strada regionale 203 Agordina \u00e8 sotto l\u2019attenzione della Regione Veneto. Lo ha confermato la vicepresidente Elisa De Berti (assessora alle infrastrutture) nell\u2019incontro odierno a Palazzo Balbi con il presidente della Provincia di Belluno Roberto Padrin e con il presidente dell\u2019Unione Montana Agordina Paolo Frena, che aveva richiesto un momento di confronto&hellip;<\/p>\n","protected":false},"author":4,"featured_media":350654,"comment_status":"closed","ping_status":"closed","sticky":false,"template":"","format":"standard","meta":{"_monsterinsights_skip_tracking":false,"_monsterinsights_sitenote_active":false,"_monsterinsights_sitenote_note":"","_monsterinsights_sitenote_category":0,"footnotes":""},"categories":[51,49],"tags":[],"class_list":["post-350831","post","type-post","status-publish","format-standard","has-post-thumbnail","hentry","category-evidenza-top","category-news-18","category-51","category-49","description-off"],"img_url":"https:\/\/www.radiopiu.net\/wordpress\/wp-content\/uploads\/2023\/08\/e5ed9ef3-04dd-4f39-86cf-4b39058577fa.jpg","_links":{"self":[{"href":"https:\/\/www.radiopiu.net\/wordpress\/wp-json\/wp\/v2\/posts\/350831","targetHints":{"allow":["GET"]}}],"collection":[{"href":"https:\/\/www.radiopiu.net\/wordpress\/wp-json\/wp\/v2\/posts"}],"about":[{"href":"https:\/\/www.radiopiu.net\/wordpress\/wp-json\/wp\/v2\/types\/post"}],"author":[{"embeddable":true,"href":"https:\/\/www.radiopiu.net\/wordpress\/wp-json\/wp\/v2\/users\/4"}],"replies":[{"embeddable":true,"href":"https:\/\/www.radiopiu.net\/wordpress\/wp-json\/wp\/v2\/comments?post=350831"}],"version-history":[{"count":0,"href":"https:\/\/www.radiopiu.net\/wordpress\/wp-json\/wp\/v2\/posts\/350831\/revisions"}],"wp:featuredmedia":[{"embeddable":true,"href":"https:\/\/www.radiopiu.net\/wordpress\/wp-json\/wp\/v2\/media\/350654"}],"wp:attachment":[{"href":"https:\/\/www.radiopiu.net\/wordpress\/wp-json\/wp\/v2\/media?parent=350831"}],"wp:term":[{"taxonomy":"category","embeddable":true,"href":"https:\/\/www.radiopiu.net\/wordpress\/wp-json\/wp\/v2\/categories?post=350831"},{"taxonomy":"post_tag","embeddable":true,"href":"https:\/\/www.radiopiu.net\/wordpress\/wp-json\/wp\/v2\/tags?post=350831"}],"curies":[{"name":"wp","href":"https:\/\/api.w.org\/{rel}","templated":true}]}}