{"id":350854,"date":"2023-09-02T05:59:27","date_gmt":"2023-09-02T03:59:27","guid":{"rendered":"https:\/\/www.radiopiu.net\/wordpress\/?p=350854"},"modified":"2023-09-02T09:30:42","modified_gmt":"2023-09-02T07:30:42","slug":"giornale-radiopiu-02-settembre-2023-direttore-mirko-mezzacasada-40-anni-25-giugno-1983-25-giugno-2023","status":"publish","type":"post","link":"https:\/\/www.radiopiu.net\/wordpress\/giornale-radiopiu-02-settembre-2023-direttore-mirko-mezzacasada-40-anni-25-giugno-1983-25-giugno-2023\/","title":{"rendered":"GIORNALE RADIOPIU 02 SETTEMBRE 2023 DIRETTORE MIRKO MEZZACASA\u2026DA 40 ANNI 25 GIUGNO 1983-25 GIUGNO 2023"},"content":{"rendered":"<h2 style=\"text-align: left;\"><span style=\"color: #ff0000;\"><span style=\"vertical-align: inherit;\"><a class=\"dt-pswp-item\" href=\"https:\/\/www.radiopiu.net\/wordpress\/wp-content\/uploads\/2023\/04\/e0aad41d-951e-47b9-9fae-1a879a9bcb7e-1.jpg\" data-dt-img-description=\"\" data-large_image_width=\"1200\" data-large_image_height=\"1200\"><img loading=\"lazy\" decoding=\"async\" class=\"wp-image-333205 alignleft\" src=\"https:\/\/www.radiopiu.net\/wordpress\/wp-content\/uploads\/2023\/04\/e0aad41d-951e-47b9-9fae-1a879a9bcb7e-1-300x300.jpg\" alt=\"\" width=\"110\" height=\"110\" srcset=\"https:\/\/www.radiopiu.net\/wordpress\/wp-content\/uploads\/2023\/04\/e0aad41d-951e-47b9-9fae-1a879a9bcb7e-1-300x300.jpg 300w, https:\/\/www.radiopiu.net\/wordpress\/wp-content\/uploads\/2023\/04\/e0aad41d-951e-47b9-9fae-1a879a9bcb7e-1-1024x1024.jpg 1024w, https:\/\/www.radiopiu.net\/wordpress\/wp-content\/uploads\/2023\/04\/e0aad41d-951e-47b9-9fae-1a879a9bcb7e-1-150x150.jpg 150w, https:\/\/www.radiopiu.net\/wordpress\/wp-content\/uploads\/2023\/04\/e0aad41d-951e-47b9-9fae-1a879a9bcb7e-1-768x768.jpg 768w, https:\/\/www.radiopiu.net\/wordpress\/wp-content\/uploads\/2023\/04\/e0aad41d-951e-47b9-9fae-1a879a9bcb7e-1.jpg 1200w\" sizes=\"auto, (max-width: 110px) 100vw, 110px\" \/><\/a><\/span><\/span><\/h2>\n<h1 class=\"entry-title\">40esimo di RADIOPIU\u2026. LA VOCE DELL\u2019EMOZIONE<\/h1>\n<h2><span style=\"color: #ff0000;\">ISCRIVITI AL NOSTRO CANALE\u00a0\u00a0YOUTUBE PER SEGUIRE IN DIRETTA I PRINCIPALI PROGRAMMI DI RADIO PIU\u2019 E LE FUTURE DIRETTE IN ESTERNA. PER ISCRIVERTI\u00a0<a style=\"color: #ff0000;\" href=\"https:\/\/youtube.com\/@radiopiu1527\">CLICCA QUI\u00a0<\/a>E PREMI\u00a0 \u201cIscriviti\u201d<\/span><\/h2>\n<p>&nbsp;<\/p>\n<p><a class=\"dt-pswp-item\" href=\"https:\/\/www.radiopiu.net\/wordpress\/wp-content\/uploads\/2023\/08\/sersa-ok-1.jpg\" data-dt-img-description=\"\" data-large_image_width=\"300\" data-large_image_height=\"300\"><img loading=\"lazy\" decoding=\"async\" class=\"size-full wp-image-349822 aligncenter\" src=\"https:\/\/www.radiopiu.net\/wordpress\/wp-content\/uploads\/2023\/08\/sersa-ok-1.jpg\" alt=\"\" width=\"300\" height=\"300\" srcset=\"https:\/\/www.radiopiu.net\/wordpress\/wp-content\/uploads\/2023\/08\/sersa-ok-1.jpg 300w, https:\/\/www.radiopiu.net\/wordpress\/wp-content\/uploads\/2023\/08\/sersa-ok-1-150x150.jpg 150w\" sizes=\"auto, (max-width: 300px) 100vw, 300px\" \/><\/a><\/p>\n<p>&nbsp;<\/p>\n<p>&nbsp;<\/p>\n<hr \/>\n<p>&nbsp;<\/p>\n<h2 style=\"text-align: center;\"><span style=\"color: #0000ff;\">LA LUNA BLU DI MARIO DE MARCO<\/span><\/h2>\n<p><strong>REDAZIONE<\/strong> Come sempre fotografie da rimanere a bocca aperta. Sono quelle che puntualmente ci manda Mario De Marco. Questa volta ha immortalato la &#8220;Luna Blu&#8221;. &#8220;Per ben due volte nel mese di Agosto abbiamo avuto la luna piena e la pi\u00f9 luminosa di questo anno detta luna blu non per il colore ma per un detto inglese &#8220;una volta ogni luna blu&#8221;.. Voltago viene illuminato dalla sua luce intensa&#8221; le parole di Mario<\/p>\n\n\t\t\t<style type='text\/css'>\n\t\t\t\t#gallery-1 {\n\t\t\t\t\tmargin: auto;\n\t\t\t\t}\n\t\t\t\t#gallery-1 .gallery-item {\n\t\t\t\t\tfloat: left;\n\t\t\t\t\tmargin-top: 10px;\n\t\t\t\t\ttext-align: center;\n\t\t\t\t\twidth: 33%;\n\t\t\t\t}\n\t\t\t\t#gallery-1 img {\n\t\t\t\t\tborder: 2px solid #cfcfcf;\n\t\t\t\t}\n\t\t\t\t#gallery-1 .gallery-caption {\n\t\t\t\t\tmargin-left: 0;\n\t\t\t\t}\n\t\t\t\t\/* see gallery_shortcode() in wp-includes\/media.php *\/\n\t\t\t<\/style>\n\t\t<div id='gallery-1' class='dt-gallery-container gallery galleryid-350854 gallery-columns-3 gallery-size-medium'><dl class='gallery-item'>\n\t\t\t\t<dt class='gallery-icon landscape'>\n\t\t\t\t\t<a class=\"rollover rollover-zoom dt-pswp-item\" title=\"e2f5a126-24f9-41e2-807b-5eaa9c5083b8\" data-dt-img-description=\"\" data-large_image_width=\"1324\" data-large_image_height=\"788\"href='https:\/\/www.radiopiu.net\/wordpress\/wp-content\/uploads\/2023\/09\/e2f5a126-24f9-41e2-807b-5eaa9c5083b8.jpg'><img loading=\"lazy\" decoding=\"async\" width=\"300\" height=\"179\" src=\"https:\/\/www.radiopiu.net\/wordpress\/wp-content\/uploads\/2023\/09\/e2f5a126-24f9-41e2-807b-5eaa9c5083b8-300x179.jpg\" class=\"attachment-medium size-medium\" alt=\"\" srcset=\"https:\/\/www.radiopiu.net\/wordpress\/wp-content\/uploads\/2023\/09\/e2f5a126-24f9-41e2-807b-5eaa9c5083b8-300x179.jpg 300w, https:\/\/www.radiopiu.net\/wordpress\/wp-content\/uploads\/2023\/09\/e2f5a126-24f9-41e2-807b-5eaa9c5083b8-1024x609.jpg 1024w, https:\/\/www.radiopiu.net\/wordpress\/wp-content\/uploads\/2023\/09\/e2f5a126-24f9-41e2-807b-5eaa9c5083b8-768x457.jpg 768w, https:\/\/www.radiopiu.net\/wordpress\/wp-content\/uploads\/2023\/09\/e2f5a126-24f9-41e2-807b-5eaa9c5083b8.jpg 1324w\" sizes=\"auto, (max-width: 300px) 100vw, 300px\" \/><\/a>\n\t\t\t\t<\/dt><\/dl><dl class='gallery-item'>\n\t\t\t\t<dt class='gallery-icon landscape'>\n\t\t\t\t\t<a class=\"rollover rollover-zoom dt-pswp-item\" title=\"977b8ec5-cbe9-4ffe-8c68-3b0fde9ad7a1\" data-dt-img-description=\"\" data-large_image_width=\"1600\" data-large_image_height=\"1066\"href='https:\/\/www.radiopiu.net\/wordpress\/wp-content\/uploads\/2023\/09\/977b8ec5-cbe9-4ffe-8c68-3b0fde9ad7a1.jpg'><img loading=\"lazy\" decoding=\"async\" width=\"300\" height=\"200\" src=\"https:\/\/www.radiopiu.net\/wordpress\/wp-content\/uploads\/2023\/09\/977b8ec5-cbe9-4ffe-8c68-3b0fde9ad7a1-300x200.jpg\" class=\"attachment-medium size-medium\" alt=\"\" srcset=\"https:\/\/www.radiopiu.net\/wordpress\/wp-content\/uploads\/2023\/09\/977b8ec5-cbe9-4ffe-8c68-3b0fde9ad7a1-300x200.jpg 300w, https:\/\/www.radiopiu.net\/wordpress\/wp-content\/uploads\/2023\/09\/977b8ec5-cbe9-4ffe-8c68-3b0fde9ad7a1-1024x682.jpg 1024w, https:\/\/www.radiopiu.net\/wordpress\/wp-content\/uploads\/2023\/09\/977b8ec5-cbe9-4ffe-8c68-3b0fde9ad7a1-768x512.jpg 768w, https:\/\/www.radiopiu.net\/wordpress\/wp-content\/uploads\/2023\/09\/977b8ec5-cbe9-4ffe-8c68-3b0fde9ad7a1-1536x1023.jpg 1536w, https:\/\/www.radiopiu.net\/wordpress\/wp-content\/uploads\/2023\/09\/977b8ec5-cbe9-4ffe-8c68-3b0fde9ad7a1.jpg 1600w\" sizes=\"auto, (max-width: 300px) 100vw, 300px\" \/><\/a>\n\t\t\t\t<\/dt><\/dl><dl class='gallery-item'>\n\t\t\t\t<dt class='gallery-icon landscape'>\n\t\t\t\t\t<a class=\"rollover rollover-zoom dt-pswp-item\" title=\"40d6759e-588a-4035-bf7e-8bf0b2b66edc\" data-dt-img-description=\"\" data-large_image_width=\"1600\" data-large_image_height=\"1066\"href='https:\/\/www.radiopiu.net\/wordpress\/wp-content\/uploads\/2023\/09\/40d6759e-588a-4035-bf7e-8bf0b2b66edc.jpg'><img loading=\"lazy\" decoding=\"async\" width=\"300\" height=\"200\" src=\"https:\/\/www.radiopiu.net\/wordpress\/wp-content\/uploads\/2023\/09\/40d6759e-588a-4035-bf7e-8bf0b2b66edc-300x200.jpg\" class=\"attachment-medium size-medium\" alt=\"\" srcset=\"https:\/\/www.radiopiu.net\/wordpress\/wp-content\/uploads\/2023\/09\/40d6759e-588a-4035-bf7e-8bf0b2b66edc-300x200.jpg 300w, https:\/\/www.radiopiu.net\/wordpress\/wp-content\/uploads\/2023\/09\/40d6759e-588a-4035-bf7e-8bf0b2b66edc-1024x682.jpg 1024w, https:\/\/www.radiopiu.net\/wordpress\/wp-content\/uploads\/2023\/09\/40d6759e-588a-4035-bf7e-8bf0b2b66edc-768x512.jpg 768w, https:\/\/www.radiopiu.net\/wordpress\/wp-content\/uploads\/2023\/09\/40d6759e-588a-4035-bf7e-8bf0b2b66edc-1536x1023.jpg 1536w, https:\/\/www.radiopiu.net\/wordpress\/wp-content\/uploads\/2023\/09\/40d6759e-588a-4035-bf7e-8bf0b2b66edc.jpg 1600w\" sizes=\"auto, (max-width: 300px) 100vw, 300px\" \/><\/a>\n\t\t\t\t<\/dt><\/dl><br style=\"clear: both\" \/>\n\t\t\t<\/div>\n\n<p>&nbsp;<\/p>\n<hr \/>\n<p>&nbsp;<\/p>\n<blockquote>\n<h3>INTERDIZIONE TOTALE AL TRAFFICO A DIGONERA<\/h3>\n<\/blockquote>\n<p><strong>SP 563 SALESEI\u00a0<\/strong>\u00a0Dal 4 al 18 settembre\u00a0in localit\u00e0 Digonera di Rocca Pietore interdizione al traffico dalle 8 alle 18. Negli altri orari senso unico alternato regolato da semaforo.<\/p>\n<p>&nbsp;<\/p>\n<blockquote>\n<h3>SR 203 AGORDINA A SINGHIOZZO DAL 11 AL 18 SETTEMBRE<\/h3>\n<\/blockquote>\n<p><strong>SR 203 AGORDINA<\/strong>\u00a0localit\u00e0 La Pissa comune di Sedico,\u00a0dal 11 al 15 settembre\u00a0interruzioni temporanee al transito dalle 8 alle 9:35, dalle 9:50 alle 11:10, Dalle 11:25 alle 12:20 e dalle 14:25 alle 15:55<\/p>\n<p>&nbsp;<\/p>\n<hr \/>\n<p>&nbsp;<\/p>\n<blockquote>\n<h3>ACQUA NON POTABILE A COLLE SANTA LUCIA<\/h3>\n<\/blockquote>\n<p>Gestione Servizi Pubblici informa che a COLLE SANTA LUCIA in localit\u00e0 RUCAVA&#8217;,\u00a0COLCUC, FEDARE,POSALZ, CANAZEI, TIE\u2019, BELVEDERE e ROVEI l&#8217;acqua erogata dall&#8217;acquedotto non \u00e8 potabile e non pu\u00f2 essere usata per scopi alimentari. Verr\u00e0 effettuato servizio sostitutivo con cisterna in centro a Rucav\u00e0 per gli abitanti della frazione. GSP ha, comunque, gi\u00e0 adottato le necessarie misure per la disinfezione dell&#8217;acqua presente nei serbatoi e nella rete idrica con l&#8217;aggiunta di cloro.<\/p>\n<p>&nbsp;<\/p>\n<blockquote>\n<h3>LAVORI PROGRAMMATI BIM GSP<\/h3>\n<\/blockquote>\n<p><strong>COLLE SANTA LUCIA<\/strong> Gestione Servizi Pubblici informa che, per lavori alla rete idrica comunale, marted\u00ec dalle 8:00 a FINE LAVORI, verr\u00e0 sospesa l\u2019erogazione dell\u2019acqua a COLLE S.LUCIA nelle LOCALITA&#8217; PIAN, FOSSAL e CODALONGA. Il personale addetto operer\u00e0 per limitare il pi\u00f9 possibile i disagi alla popolazione.<\/p>\n<p>&nbsp;<\/p>\n<p>&nbsp;<\/p>\n<hr \/>\n<p>&nbsp;<\/p>\n<blockquote>\n<h3>MOTOCICLISTA PERDE LA VITA A SANTA CROCE DEL LAGO<\/h3>\n<\/blockquote>\n<p><strong>SANTA CROCE DEL LAGO<\/strong> Un tragico incidente si \u00e8 verificato sull&#8217;Alemagna poco dopo Santa Croce del Lago, dove un motociclista ha perso il controllo della sua moto e si \u00e8 schiantato contro il guardrail, perdendo la vita sul colpo. La vittima \u00e8 un 65enne di Venezia. La strada \u00e8 stata chiusa temporaneamente per i soccorsi e i rilievi delle forze dell&#8217;ordine. Sul luogo dell&#8217;incidente sono intervenute diverse squadre di soccorso, ma purtroppo ogni tentativo di salvare il motociclista \u00e8 stato inutile. Presente anche l&#8217;elicottero Falco2.<\/p>\n<p>&nbsp;<\/p>\n<p>&nbsp;<\/p>\n<hr \/>\n<p>&nbsp;<\/p>\n<blockquote>\n<h3>INCIDENTE VICINO AL PONTE DI FENER. PERDE LA VITA UNA DONNA DI CAERANO SAN MARCO<\/h3>\n<\/blockquote>\n<p><strong><a class=\"dt-pswp-item\" href=\"https:\/\/www.radiopiu.net\/wordpress\/wp-content\/uploads\/2023\/09\/96378569.png\" data-dt-img-description=\"\" data-large_image_width=\"798\" data-large_image_height=\"449\"><img loading=\"lazy\" decoding=\"async\" class=\" wp-image-350868 alignleft\" src=\"https:\/\/www.radiopiu.net\/wordpress\/wp-content\/uploads\/2023\/09\/96378569-300x169.png\" alt=\"\" width=\"193\" height=\"109\" srcset=\"https:\/\/www.radiopiu.net\/wordpress\/wp-content\/uploads\/2023\/09\/96378569-300x169.png 300w, https:\/\/www.radiopiu.net\/wordpress\/wp-content\/uploads\/2023\/09\/96378569-768x432.png 768w, https:\/\/www.radiopiu.net\/wordpress\/wp-content\/uploads\/2023\/09\/96378569.png 798w\" sizes=\"auto, (max-width: 193px) 100vw, 193px\" \/><\/a>FELTRE<\/strong> Una donna di 48 anni, residente a Caerano San Marco, ha perso il controllo dell&#8217;auto e si \u00e8 schiantata contro una parete di roccia, perdendo la vita sul colpo, vicino al ponte di Fener. L&#8217;incidente \u00e8 avvenuto alle 23 di gioved\u00ec. I soccorritori hanno tentato di rianimare la vittima, ma il medico del Suem ha dichiarato il decesso. Le cause dell&#8217;incidente sono al momento oggetto di indagine da parte delle autorit\u00e0.<\/p>\n<p>&nbsp;<\/p>\n<p>&nbsp;<\/p>\n<hr \/>\n<p>&nbsp;<\/p>\n<blockquote>\n<h3>FONDI DI CONFINE CONGELATI PER DUE ANNI<\/h3>\n<\/blockquote>\n<p><strong><a class=\"dt-pswp-item\" href=\"https:\/\/www.radiopiu.net\/wordpress\/wp-content\/uploads\/2020\/05\/Dario-Bond.jpg\" data-dt-img-description=\"\" data-large_image_width=\"165\" data-large_image_height=\"228\"><img loading=\"lazy\" decoding=\"async\" class=\" wp-image-138833 alignleft\" src=\"https:\/\/www.radiopiu.net\/wordpress\/wp-content\/uploads\/2020\/05\/Dario-Bond.jpg\" alt=\"\" width=\"109\" height=\"151\" \/><\/a>BELLUNO<\/strong> Il presidente del Comitato paritetico per la gestione dei Fondi dei Comuni di confine, Dario Bond, sta considerando l&#8217;opzione di aumentare la quota di gestione diretta del Comitato da 10% a 30% per i progetti di rete. Questa mossa mira a alleviare la pressione sui Comuni che attualmente sono sovraccaricati di progetti e rischiano di non poterli portare avanti a causa della mancanza di personale. Fino a quando i progetti attuali non verranno completati, il Comitato non programmer\u00e0 nuovi interventi. Questo aumento della quota di gestione diretta consentirebbe al Comitato di affrontare le esigenze di progetti su vasta scala, anche transregionali, che siano di interesse per le comunit\u00e0 locali coinvolte. Un esempio citato \u00e8 la realizzazione della pista Ciclabile Cortina-Dobbiaco, un progetto da 75 milioni di euro che interessa diverse comunit\u00e0 municipali.<\/p>\n<p>&nbsp;<\/p>\n<p>&nbsp;<\/p>\n<hr \/>\n<p>&nbsp;<\/p>\n<blockquote>\n<h3>I LAVORATORI DI SAFILO APPROVANO L&#8217;ACCORDO<\/h3>\n<\/blockquote>\n<p><strong><a class=\"dt-pswp-item\" href=\"https:\/\/www.radiopiu.net\/wordpress\/wp-content\/uploads\/2023\/01\/SAFILO.png\" data-dt-img-description=\"\" data-large_image_width=\"766\" data-large_image_height=\"492\"><img loading=\"lazy\" decoding=\"async\" class=\" wp-image-318963 alignleft\" src=\"https:\/\/www.radiopiu.net\/wordpress\/wp-content\/uploads\/2023\/01\/SAFILO-300x193.png\" alt=\"\" width=\"204\" height=\"131\" srcset=\"https:\/\/www.radiopiu.net\/wordpress\/wp-content\/uploads\/2023\/01\/SAFILO-300x193.png 300w, https:\/\/www.radiopiu.net\/wordpress\/wp-content\/uploads\/2023\/01\/SAFILO.png 766w\" sizes=\"auto, (max-width: 204px) 100vw, 204px\" \/><\/a>LONGARONE <\/strong><span style=\"color: #00000a; font-family: Helvetica;\">Con una maggioranza schiacciante i lavoratori hanno approvato l\u2019ipotesi di accordo-quadro siglata mercoled\u00ec a Venezia da Femca Cisl e Uiltec Uil del Veneto per il passaggio a Th\u00e8lios e Innovatek dei 446 dipendenti dello stabilimento Safilo di Longarone. Sui 357 dipendenti presenti in azienda ieri, hanno votato in 318: 265 i s\u00ec, 22 i voti contrari all\u2019intesa; 8 le schede nulle, 23 le bianche.\u00a0 <\/span><span style=\"color: #00000a; font-family: Helvetica;\"><i>\u201cSiamo soddisfatti &#8211; &#8211; <\/i>spiega il segretario generale della Femca Cisl Belluno Treviso Gianni Boato -.<i> Avevamo la consapevolezza che, trattandosi di un ottimo accordo, i lavoratori e le lavoratrici avrebbero espresso il parere favorevole con una maggioranza importante. Oggi inizia una nuova fase, molto delicata, in cui sar\u00e0 fondamentale verificare che vengano rispettati tutti gli impegni presi dalle societ\u00e0 subentranti. In particolare, non possiamo non tenere conto dei dubbi e delle perplessit\u00e0 che riguardano in particolare il progetto di Innovatek\u201d. Marted\u00ec 5 l\u2019appuntamento in Regione per la sottoscrizione dell\u2019accordo quadro approvato dai lavoratori.<\/i><\/span><\/p>\n<p>&nbsp;<\/p>\n<p>&nbsp;<\/p>\n<hr \/>\n<p>&nbsp;<\/p>\n<blockquote>\n<h3>RECUPERATI ZIO E NIPOTE SULLA FRANA DI TIERA A BORCA DI CADORE<\/h3>\n<\/blockquote>\n<p><strong><a class=\"dt-pswp-item\" href=\"https:\/\/www.radiopiu.net\/wordpress\/wp-content\/uploads\/2018\/08\/soccorsoalpino.jpg\" data-dt-img-description=\"\" data-large_image_width=\"1200\" data-large_image_height=\"1200\"><img loading=\"lazy\" decoding=\"async\" class=\" wp-image-59164 alignleft\" src=\"https:\/\/www.radiopiu.net\/wordpress\/wp-content\/uploads\/2018\/08\/soccorsoalpino-300x300.jpg\" alt=\"\" width=\"151\" height=\"151\" srcset=\"https:\/\/www.radiopiu.net\/wordpress\/wp-content\/uploads\/2018\/08\/soccorsoalpino-300x300.jpg 300w, https:\/\/www.radiopiu.net\/wordpress\/wp-content\/uploads\/2018\/08\/soccorsoalpino-150x150.jpg 150w, https:\/\/www.radiopiu.net\/wordpress\/wp-content\/uploads\/2018\/08\/soccorsoalpino-768x768.jpg 768w, https:\/\/www.radiopiu.net\/wordpress\/wp-content\/uploads\/2018\/08\/soccorsoalpino-1024x1024.jpg 1024w, https:\/\/www.radiopiu.net\/wordpress\/wp-content\/uploads\/2018\/08\/soccorsoalpino.jpg 1200w\" sizes=\"auto, (max-width: 151px) 100vw, 151px\" \/><\/a>BORCA DI CADORE<\/strong> Nel tardo pomeriggio di gioved\u00ec \u00e8 stato attivato il Soccorso alpino di San Vito di Cadore, per zio e nipote, 65 anni di Roma e 12 anni di Mestre (VE), bloccati sulla frana di Tiera a Borca di Cadore. Partiti dal Rifugio Venezia ieri mattina alle 6, passati dallo Staulanza, Citt\u00e0 di Fiume, Forcella Roan, al momento di scendere gi\u00f9 a Tiera si sono trovati di fronte la frana sulla strada asfaltata che riporta al Venezia, chiusa gi\u00e0 da luglio. Hanno chiamato i familiari che li hanno indirizzati a proseguire, anzich\u00e9 cercare un sentierino laterale, che permette di superare il tratto nel bosco e cos\u00ec si sono ritrovati in mezzo alla frana, sprofondati nel fango. Una squadra, avvicinatasi con i mezzi, ha proseguito a piedi e li ha raggiunti. Dopo averli aiutati ad uscire dalla frana, i soccorritori hanno poi sollevato zio e nipote con le corde su una sponda e riaccompagnati in jeep al Capitello della Madonna, dove li attendeva un parente. L&#8217;intervento \u00e8 finito alle 21.30.<\/p>\n<p>&nbsp;<\/p>\n<p>&nbsp;<\/p>\n<hr \/>\n<p>&nbsp;<\/p>\n<blockquote>\n<h3>ALPINISTI IN DIFFICOLTA&#8217; SULLE TRE CIME DI LAVAREDO<\/h3>\n<\/blockquote>\n<p><strong>AURONZO<\/strong> Si \u00e8 concluso ieri mattina alle 2.30 circa l&#8217;intervento del Soccorso alpino di Auronzo per recuperare due alpinisti olandesi, in difficolt\u00e0 al rientro da una via sulla Grande delle Tre Cime di Lavaredo. I due, dopo aver scalato la Via Mazzorana al mulo, una protuberanza dello Spigolo sud ovest, non erano stati capaci di trovare la traccia per imboccare la normale, che si collega a quella della Cima Ovest, e scendere. Quattro soccorritori sono quindi saliti lungo la normale, fino a ritrovarli tra la nebbia a 2.550 metri di quota. I due, che erano stanchi e infreddoliti, sono stati assicurati e accompagnati lentamente a valle al Rifugio Auronzo.<\/p>\n<p>&nbsp;<\/p>\n<p>&nbsp;<\/p>\n<hr \/>\n<p>&nbsp;<\/p>\n<blockquote>\n<h3>INIZIATA LA CAMPAGNA ABBONAMENTI INVESTI SCUOLA<\/h3>\n<\/blockquote>\n<p><strong><a class=\"dt-pswp-item\" href=\"https:\/\/www.radiopiu.net\/wordpress\/wp-content\/uploads\/2018\/08\/dolomitibus.jpeg\" data-dt-img-description=\"\" data-large_image_width=\"621\" data-large_image_height=\"414\"><img loading=\"lazy\" decoding=\"async\" class=\" wp-image-59158 alignleft\" src=\"https:\/\/www.radiopiu.net\/wordpress\/wp-content\/uploads\/2018\/08\/dolomitibus-300x200.jpeg\" alt=\"\" width=\"176\" height=\"117\" srcset=\"https:\/\/www.radiopiu.net\/wordpress\/wp-content\/uploads\/2018\/08\/dolomitibus-300x200.jpeg 300w, https:\/\/www.radiopiu.net\/wordpress\/wp-content\/uploads\/2018\/08\/dolomitibus.jpeg 621w\" sizes=\"auto, (max-width: 176px) 100vw, 176px\" \/><\/a>BELLUNO <\/strong>La campagna abbonamenti \u00e8 pronta a partire. Al via da oggi (1\u00ba settembre) i tesseramenti con InvestiScuola: gli studenti bellunesi potranno sottoscrivere i titoli di viaggio a prezzo calmierato, come da progetto della Provincia, Dolomiti Bus spa e del Consorzio Bim Piave. Dolomiti Bus ha inoltre lavorato per eliminare le file agli sportelli, attivando un nuovo sistema di prenotazione che funzioner\u00e0 per fasce orarie. Di fatto, gli utenti potranno accedere alle cinque biglietterie che emettono tessere e fanno il rinnovo abbonamenti (Belluno, Feltre, Calalzo, Agordo e Cortina) nella fascia oraria preferita, selezionandola tra quelle disponibili. La prenotazione sar\u00e0 obbligatoria per accedere alle biglietterie, e potr\u00e0 essere effettuata online dal sito internet istituzionale, sia da pc sia da smartphone. \u00abNella pagina di accesso al servizio di prenotazione c\u2019\u00e8 la possibilit\u00e0 di scaricare il modulo di richiesta di agevolazione e InvestiScuola, o il modulo di richiesta della tessera Unica Veneto\u00bb spiegano da Dolomiti Bus spa. \u00abCon la prenotazione, sar\u00e0 possibile evitare le code agli sportelli. Chiediamo la collaborazione degli utenti per arrivare in biglietteria con 10 minuti di anticipo sulla prenotazione e con la documentazione gi\u00e0 compilata\u00bb.<\/p>\n<p>&nbsp;<\/p>\n<p>&nbsp;<\/p>\n<hr \/>\n<p>&nbsp;<\/p>\n<blockquote>\n<h3>BENEDETTE TRE NUOVE AMBULANZE A BELLUNO<\/h3>\n<\/blockquote>\n<p><strong>BELLUNO<\/strong> Ieri\u00a0il Vescovo mons. Renato Marangoni, nel piazzale della Prefettura di Belluno, ha benedetto tre nuove ambulanze appena acquistate dall\u2019Ulss Dolomiti, alla presenza del Commissario Giuseppe Dal Ben, del vice prefetto Alessandro Sallusto, della rete dell\u2019emergenza-uregnza dell\u2019ulss Dolomiti con il primario del SUEM Giulio Trill\u00f2, dei Pronti Soccorsi di Belluno (Luisa Borella), Pieve di Cadore (Enzo Chemello) e Feltre (Edoardo Rossi) oltre ai coordinatori dei pronto soccorso di Belluno, Pieve, Agordo e Feltre e Sandro Cinquetti che in questi giorni svolge la funzione di direttore sanitario. Presente anche una rappresentanza della \u201cCroci\u201d, le Associazioni di volontariato che supportano il SUEM, provenienti da tutta la provincia.<\/p>\n\n\t\t\t<style type='text\/css'>\n\t\t\t\t#gallery-2 {\n\t\t\t\t\tmargin: auto;\n\t\t\t\t}\n\t\t\t\t#gallery-2 .gallery-item {\n\t\t\t\t\tfloat: left;\n\t\t\t\t\tmargin-top: 10px;\n\t\t\t\t\ttext-align: center;\n\t\t\t\t\twidth: 33%;\n\t\t\t\t}\n\t\t\t\t#gallery-2 img {\n\t\t\t\t\tborder: 2px solid #cfcfcf;\n\t\t\t\t}\n\t\t\t\t#gallery-2 .gallery-caption {\n\t\t\t\t\tmargin-left: 0;\n\t\t\t\t}\n\t\t\t\t\/* see gallery_shortcode() in wp-includes\/media.php *\/\n\t\t\t<\/style>\n\t\t<div id='gallery-2' class='dt-gallery-container gallery galleryid-350854 gallery-columns-3 gallery-size-thumbnail'><dl class='gallery-item'>\n\t\t\t\t<dt class='gallery-icon landscape'>\n\t\t\t\t\t<a class=\"rollover rollover-zoom dt-pswp-item\" title=\"WhatsApp Image 2023-09-01 at 16.31.59\" data-dt-img-description=\"\" data-large_image_width=\"1024\" data-large_image_height=\"768\"href='https:\/\/www.radiopiu.net\/wordpress\/wp-content\/uploads\/2023\/09\/WhatsApp-Image-2023-09-01-at-16.31.59.jpeg'><img loading=\"lazy\" decoding=\"async\" width=\"150\" height=\"150\" src=\"https:\/\/www.radiopiu.net\/wordpress\/wp-content\/uploads\/2023\/09\/WhatsApp-Image-2023-09-01-at-16.31.59-150x150.jpeg\" class=\"attachment-thumbnail size-thumbnail\" alt=\"\" \/><\/a>\n\t\t\t\t<\/dt><\/dl><dl class='gallery-item'>\n\t\t\t\t<dt class='gallery-icon landscape'>\n\t\t\t\t\t<a class=\"rollover rollover-zoom dt-pswp-item\" title=\"WhatsApp Image 2023-09-01 at 16.31.28\" data-dt-img-description=\"\" data-large_image_width=\"2040\" data-large_image_height=\"1530\"href='https:\/\/www.radiopiu.net\/wordpress\/wp-content\/uploads\/2023\/09\/WhatsApp-Image-2023-09-01-at-16.31.28.jpeg'><img loading=\"lazy\" decoding=\"async\" width=\"150\" height=\"150\" src=\"https:\/\/www.radiopiu.net\/wordpress\/wp-content\/uploads\/2023\/09\/WhatsApp-Image-2023-09-01-at-16.31.28-150x150.jpeg\" class=\"attachment-thumbnail size-thumbnail\" alt=\"\" \/><\/a>\n\t\t\t\t<\/dt><\/dl><dl class='gallery-item'>\n\t\t\t\t<dt class='gallery-icon landscape'>\n\t\t\t\t\t<a class=\"rollover rollover-zoom dt-pswp-item\" title=\"WhatsApp Image 2023-09-01 at 16.31.37\" data-dt-img-description=\"\" data-large_image_width=\"2040\" data-large_image_height=\"1148\"href='https:\/\/www.radiopiu.net\/wordpress\/wp-content\/uploads\/2023\/09\/WhatsApp-Image-2023-09-01-at-16.31.37.jpeg'><img loading=\"lazy\" decoding=\"async\" width=\"150\" height=\"150\" src=\"https:\/\/www.radiopiu.net\/wordpress\/wp-content\/uploads\/2023\/09\/WhatsApp-Image-2023-09-01-at-16.31.37-150x150.jpeg\" class=\"attachment-thumbnail size-thumbnail\" alt=\"\" \/><\/a>\n\t\t\t\t<\/dt><\/dl><br style=\"clear: both\" \/>\n\t\t\t<\/div>\n\n<p>&nbsp;<\/p>\n<hr \/>\n<p>&nbsp;<\/p>\n<blockquote>\n<h3>I CONSIGLIERI DI MINORANZA DI ALPAGO CHIEDONO IL RIPRISTINO DELLA NAVETTA SCOLASTICA<\/h3>\n<\/blockquote>\n<p><strong><a class=\"dt-pswp-item\" href=\"https:\/\/www.radiopiu.net\/wordpress\/wp-content\/uploads\/2023\/09\/Consiglieri-De-Francesch-e-Costa.jpeg\" data-dt-img-description=\"\" data-large_image_width=\"1080\" data-large_image_height=\"791\"><img loading=\"lazy\" decoding=\"async\" class=\" wp-image-350880 alignleft\" src=\"https:\/\/www.radiopiu.net\/wordpress\/wp-content\/uploads\/2023\/09\/Consiglieri-De-Francesch-e-Costa-300x220.jpeg\" alt=\"\" width=\"194\" height=\"142\" srcset=\"https:\/\/www.radiopiu.net\/wordpress\/wp-content\/uploads\/2023\/09\/Consiglieri-De-Francesch-e-Costa-300x220.jpeg 300w, https:\/\/www.radiopiu.net\/wordpress\/wp-content\/uploads\/2023\/09\/Consiglieri-De-Francesch-e-Costa-1024x750.jpeg 1024w, https:\/\/www.radiopiu.net\/wordpress\/wp-content\/uploads\/2023\/09\/Consiglieri-De-Francesch-e-Costa-768x562.jpeg 768w, https:\/\/www.radiopiu.net\/wordpress\/wp-content\/uploads\/2023\/09\/Consiglieri-De-Francesch-e-Costa.jpeg 1080w\" sizes=\"auto, (max-width: 194px) 100vw, 194px\" \/><\/a>ALPAGO<\/strong> &#8220;Il nostro gruppo- affermano i consiglieri Vanessa De Francesch e Federico Costa- ha trasmesso al Sindaco di Alpago una interrogazione contenente una richiesta di aggiornamento sui motivi e le difficolta\u0300 che ostacolerebbero l\u2019attivazione del servizio navetta per gli studenti delle superiori che abitano nelle frazioni alte della zona di Pieve (Plois- Quers-Curago). Il servizio &#8211; che da diversi anni viene attivato a spese delle casse comunali, dapprima con il Comune di Pieve d\u2019Alpago, poi anche con il primo mandato amministrativo del Comune di Alpago- assicura ai ragazzi che frequentano le scuole superiori di poter avere un passaggio alla mattina e al pomeriggio fino a Pieve, nel punto piu\u0300 vicino dove transita la corsa di linea Dolomitibus&#8221;.\u00a0 Si tratta quindi di un servizio importante che finora ha consentito pari trattamento nelle frazioni \u201calte\u201d specialmente a garanzia del diritto allo studio dei giovani studenti<\/p>\n<p>&nbsp;<\/p>\n<p>&nbsp;<\/p>\n<hr \/>\n<p>&nbsp;<\/p>\n<blockquote>\n<h3>SR 48 DELLE DOLOMITI: LA PROVINCIA INTERVERRA&#8217; IN SOMMA URGENZA<\/h3>\n<\/blockquote>\n<p><strong><a class=\"dt-pswp-item\" href=\"https:\/\/www.radiopiu.net\/wordpress\/wp-content\/uploads\/2023\/09\/370286311_700798895422119_1565903496557312168_n.jpg\" data-dt-img-description=\"\" data-large_image_width=\"1024\" data-large_image_height=\"1024\"><img loading=\"lazy\" decoding=\"async\" class=\" wp-image-350891 alignleft\" src=\"https:\/\/www.radiopiu.net\/wordpress\/wp-content\/uploads\/2023\/09\/370286311_700798895422119_1565903496557312168_n-300x300.jpg\" alt=\"\" width=\"149\" height=\"149\" srcset=\"https:\/\/www.radiopiu.net\/wordpress\/wp-content\/uploads\/2023\/09\/370286311_700798895422119_1565903496557312168_n-300x300.jpg 300w, https:\/\/www.radiopiu.net\/wordpress\/wp-content\/uploads\/2023\/09\/370286311_700798895422119_1565903496557312168_n-150x150.jpg 150w, https:\/\/www.radiopiu.net\/wordpress\/wp-content\/uploads\/2023\/09\/370286311_700798895422119_1565903496557312168_n-768x768.jpg 768w, https:\/\/www.radiopiu.net\/wordpress\/wp-content\/uploads\/2023\/09\/370286311_700798895422119_1565903496557312168_n.jpg 1024w\" sizes=\"auto, (max-width: 149px) 100vw, 149px\" \/><\/a>BELLUNO<\/strong> La Provincia di Belluno attiver\u00e0 una somma urgenza per mettere in sicurezza il versante a monte della Sr 48 delle Dolomiti, in localit\u00e0 Passo Tre Croci. La decisione \u00e8 stata presa a margine della riunione\u00a0 in Prefettura, con Comune di Cortina, Veneto Strade, vigili del fuoco e forze dell\u2019ordine, convocata dal prefetto. La colata detritica che nei giorni scorsi ha interessato la localit\u00e0 \u00e8 stata posta sotto attenzione da parte dei tecnici di Palazzo Piloni. La struttura della difesa del suolo ha disposto diversi sopralluoghi e un\u2019analisi approfondita dei geologi, dalla quale emerge come il maltempo di inizio settimana abbia riattivato un vecchio canalone quiescente. Da una prima stima risultano mobilizzati circa 12-15mila metri cubi di materiale, che potrebbero spostarsi e scendere a valle in occasione di eventi piovosi particolarmente intensi. Da qui, la chiusura della strada sottostante e l\u2019evacuazione di un albergo e delle abitazioni. L\u2019intervento in somma urgenza consister\u00e0 nella realizzazione a monte della strada di un vallo rilevato tramite scavo e riporto, della lunghezza di circa 120 metri. Si tratter\u00e0 quindi di un\u2019opera di difesa passiva, alta circa 4 metri. Nell\u2019intervento rientrer\u00e0 anche il posizionamento di massi per formare una scogliera con lo scopo di convogliare e allontanare le acque meteoriche ed evitare ulteriori fenomeni di erosione. Allo studio anche la possibile installazione di un sistema di allarme semaforico.<\/p>\n<p>&nbsp;<\/p>\n<p>&nbsp;<\/p>\n<hr \/>\n<p>&nbsp;<\/p>\n<blockquote>\n<h3>NUOVA FASE DEI LAVORI DI MANUTENZIONE DEI CAVALCAFERROVIA LUNGO LA SS 50 \u201cDEL GRAPPA E DEL PASSO ROLLE\u201d<\/h3>\n<\/blockquote>\n<p><strong><a class=\"dt-pswp-item\" href=\"https:\/\/www.radiopiu.net\/wordpress\/wp-content\/uploads\/2021\/06\/anas.png\" data-dt-img-description=\"\" data-large_image_width=\"299\" data-large_image_height=\"169\"><img loading=\"lazy\" decoding=\"async\" class=\" wp-image-213422 alignleft\" src=\"https:\/\/www.radiopiu.net\/wordpress\/wp-content\/uploads\/2021\/06\/anas.png\" alt=\"\" width=\"189\" height=\"107\" \/><\/a>VENEZIA <\/strong>Anas ha programmato una fase intermedia dei lavori di manutenzione del al km 25,100 (Santa Giustina) della strada statale 50 \u201cdel Grappa e del Passo Rolle\u201d, in provincia di Belluno. Gli interventi, avviati ad inizio luglio, in concomitanza con la sospensione del servizio ferroviario consistono nel consolidamento delle spalle dell\u2019opera e nella successiva demolizione e ricostruzione integrale dell\u2019impalcato. Per consentire le operazioni di realizzazione delle perforazioni verticali ed inclinate interferenti e ricadenti nell\u2019intorno della mezzeria della statale sar\u00e0 necessario istituire la chiusura temporanea al traffico della SS 50 a Santa Giustina in entrambe le direzioni di marcia. Sabato 9 settembre, dalle ore 6:30 alle ore 22:30, sar\u00e0 interdetto il transito \u2013 in entrambe le direzioni di marcia \u2013 dal km 24,700 al km 25,400 della statale. Durante la chiusura il traffico sar\u00e0 deviato su via Nazionale, come da indicazioni in loco e al fine di agevolare i flussi di traffico il transito sar\u00e0 regolato da movieri. In alternativa i mezzi potranno percorrere un secondo percorso alternativo che prevede il passaggio sulla SP635 e sulla SP1 da Sedico a Busche. Terminata questa fase dei lavori, torner\u00e0 in vigore la stessa modalit\u00e0 di circolazione attiva ad oggi: i mezzi che viaggiano in direzione Belluno transitano regolarmente sulla statale 50 sia pressi di Feltre (km 31,900) che nei pressi di Santa Giustina (km 25,100), per i flussi di traffico che transitano in direzione Feltre invece \u00e8 prevista la deviazione sul sedime della ferrovia nei pressi del cavalcaferrovia di Feltre mentre a Santa Giustina i mezzi possono percorrere \u2018via Nazionale\u2019.<\/p>\n<p>&nbsp;<\/p>\n<p>&nbsp;<\/p>\n<hr \/>\n<p>&nbsp;<\/p>\n<blockquote>\n<h3>RELAZIONE ANNUALE SOCIOSANITARIA PER LA PRIMA VOLTA A GIORNI SUL WEB DELLA REGIONE<\/h3>\n<\/blockquote>\n<p><strong><a class=\"dt-pswp-item\" href=\"https:\/\/www.radiopiu.net\/wordpress\/wp-content\/uploads\/2021\/02\/LANZARIN.png\" data-dt-img-description=\"\" data-large_image_width=\"1092\" data-large_image_height=\"1014\"><img loading=\"lazy\" decoding=\"async\" class=\" wp-image-194081 alignleft\" src=\"https:\/\/www.radiopiu.net\/wordpress\/wp-content\/uploads\/2021\/02\/LANZARIN-300x279.png\" alt=\"\" width=\"133\" height=\"124\" srcset=\"https:\/\/www.radiopiu.net\/wordpress\/wp-content\/uploads\/2021\/02\/LANZARIN-300x279.png 300w, https:\/\/www.radiopiu.net\/wordpress\/wp-content\/uploads\/2021\/02\/LANZARIN-1024x951.png 1024w, https:\/\/www.radiopiu.net\/wordpress\/wp-content\/uploads\/2021\/02\/LANZARIN-768x713.png 768w, https:\/\/www.radiopiu.net\/wordpress\/wp-content\/uploads\/2021\/02\/LANZARIN.png 1092w\" sizes=\"auto, (max-width: 133px) 100vw, 133px\" \/><\/a>VENEZIA <\/strong>La Giunta regionale del Veneto ha redatto e approvato su proposta dell\u2019Assessore alla Sanit\u00e0 Manuela Lanzarin, trasmettendola alla competente Commissione del Consiglio regionale, la Relazione Socio Sanitaria 2023, riferita al quadro complessivo rilevato nel 2022. \u201cE\u2019 stato fatto un lavoro capillare e trasparente \u2013 dice la Lanzarin \u2013 che contiene vari elementi di novit\u00e0 rispetto alla precedente relazione, a cominciare dal fatto che, proprio nel segno della trasparenza, da quest\u2019anno la Relazione sar\u00e0 anche pubblicata sul sito web della Regione tra qualche giorno e sar\u00e0 consultabile da tutti, cittadini e operatori del settore. E\u2019 la prima volta \u2013 dice \u2013 che tutti potranno conoscere nei particolari la complessit\u00e0 del settore, conoscere i numeri delle prestazioni, la verit\u00e0 statistica sulle liste d\u2019attesa, il volume di lavoro svolto, tutti i servizi attivi negli ospedali e sul territorio, sia per quanto riguarda la sanit\u00e0 che per il sociale. Mi auguro che ci\u00f2 sar\u00e0 apprezzato e che siano in molti i veneti che si faranno incuriosire e andranno a vedere in tutto o in parte il testo. Un aiuto alla diffusione della conoscenza della sanit\u00e0 della nostra regione che spero verr\u00e0 accolto come occasione storica\u201d.<\/p>\n<p>&nbsp;<\/p>\n<p>&nbsp;<\/p>\n<hr \/>\n<p>&nbsp;<\/p>\n<blockquote>\n<h3>NUOVO RESPONSABILE DEL SERVIZIO FINANZIARIO A CANALE D&#8217;AGORDO<\/h3>\n<\/blockquote>\n<p><strong><a class=\"dt-pswp-item\" href=\"https:\/\/www.radiopiu.net\/wordpress\/wp-content\/uploads\/2023\/09\/municipio-canale-dagordo.png\" data-dt-img-description=\"\" data-large_image_width=\"654\" data-large_image_height=\"412\"><img loading=\"lazy\" decoding=\"async\" class=\" wp-image-350902 alignleft\" src=\"https:\/\/www.radiopiu.net\/wordpress\/wp-content\/uploads\/2023\/09\/municipio-canale-dagordo-300x189.png\" alt=\"\" width=\"211\" height=\"133\" srcset=\"https:\/\/www.radiopiu.net\/wordpress\/wp-content\/uploads\/2023\/09\/municipio-canale-dagordo-300x189.png 300w, https:\/\/www.radiopiu.net\/wordpress\/wp-content\/uploads\/2023\/09\/municipio-canale-dagordo.png 654w\" sizes=\"auto, (max-width: 211px) 100vw, 211px\" \/><\/a>CANALE D&#8217;AGORDO<\/strong><\/p>\n<p>di Gianni Santomaso<\/p>\n<audio class=\"wp-audio-shortcode\" id=\"audio-350854-1\" preload=\"none\" style=\"width: 100%;\" controls=\"controls\"><source type=\"audio\/mpeg\" src=\"https:\/\/www.radiopiu.net\/wordpress\/wp-content\/uploads\/2023\/09\/GIANNI-NUOVO-RESPONSABILE-DEL-SERVIZIO-FINANZIARIO-A-CANALE-DAGORDO.mp3?_=1\" \/><a href=\"https:\/\/www.radiopiu.net\/wordpress\/wp-content\/uploads\/2023\/09\/GIANNI-NUOVO-RESPONSABILE-DEL-SERVIZIO-FINANZIARIO-A-CANALE-DAGORDO.mp3\">https:\/\/www.radiopiu.net\/wordpress\/wp-content\/uploads\/2023\/09\/GIANNI-NUOVO-RESPONSABILE-DEL-SERVIZIO-FINANZIARIO-A-CANALE-DAGORDO.mp3<\/a><\/audio>\n<p>&nbsp;<\/p>\n<hr \/>\n<p>&nbsp;<\/p>\n<blockquote>\n<h3><a class=\"dt-pswp-item\" href=\"https:\/\/www.radiopiu.net\/wordpress\/wp-content\/uploads\/2023\/09\/Gianna_Burigo.jpg\" data-dt-img-description=\"\" data-large_image_width=\"780\" data-large_image_height=\"1024\"><img loading=\"lazy\" decoding=\"async\" class=\" wp-image-350878 alignleft\" src=\"https:\/\/www.radiopiu.net\/wordpress\/wp-content\/uploads\/2023\/09\/Gianna_Burigo-229x300.jpg\" alt=\"\" width=\"106\" height=\"139\" srcset=\"https:\/\/www.radiopiu.net\/wordpress\/wp-content\/uploads\/2023\/09\/Gianna_Burigo-229x300.jpg 229w, https:\/\/www.radiopiu.net\/wordpress\/wp-content\/uploads\/2023\/09\/Gianna_Burigo-768x1008.jpg 768w, https:\/\/www.radiopiu.net\/wordpress\/wp-content\/uploads\/2023\/09\/Gianna_Burigo.jpg 780w\" sizes=\"auto, (max-width: 106px) 100vw, 106px\" \/><\/a>DOPO 40 ANNI DI SERVIZIO GIANNA BURIGO VA IN PENSIONE<\/h3>\n<\/blockquote>\n<p><strong>PONTE NELLE ALPI <\/strong>Salutata dall\u2019amministrazione comunale e dalle colleghe e colleghi del Comune, Gianna Burigo va in pensione, dopo quarant\u2019anni a servizio della comunit\u00e0 di Ponte nelle Alpi. Archiviata l\u2019ultima mattinata all\u2019ufficio tributi, Burigo, classe 1961, ha salutato i dipendenti e gli amministratori con un semplice, ma significativo momento conviviale in sala consiliare. Il sindaco, Paolo Vendramini, ha ringraziato Gianna per il lavoro svolto a servizio dell\u2019ente e della collettivit\u00e0<\/p>\n<p>&nbsp;<\/p>\n<p>&nbsp;<\/p>\n<hr \/>\n<p>&nbsp;<\/p>\n<blockquote>\n<h3>IL TRENO VA SEMPRE AVANTI<\/h3>\n<\/blockquote>\n<p><strong>BELLUNO<\/strong> Ferrovie Arrugginite APS ha pubblicato il suo quarto libro sulla storia delle ferrovie del Bellunese e del Trevigiano, intitolato &#8220;Il cinema lungo i binari: da Treviso a Calalzo &#8211; Attori, registi, tecnici, comparse e&#8230; ferrovieri&#8221;. Il libro esplora come i treni e le ferrovie sono stati utilizzati nel cinema, concentrandosi sulle linee ferroviarie che interessano il Bellunese. L&#8217;obiettivo del libro \u00e8 far apprezzare i treni e le ferrovie come protagonisti di avventure cinematografiche. La presentazione del libro si terr\u00e0 il 9 settembre 2023 presso la Sala Oasi di Pieve di Cadore, con ingresso libero e gratuito.<\/p>\n<p>&nbsp;<\/p>\n<p>&nbsp;<\/p>\n<hr \/>\n<p>&nbsp;<\/p>\n<h2><span style=\"color: #ff6600;\">IERI ALLA RADIO<\/span><\/h2>\n<h2><span style=\"color: #008080;\">&#8220;DINTORN E FORA VIA&#8221;\u00a0 IL PROGRAMMA\u00a0 A CURA DEL MUSLA<\/span><\/h2>\n<p><strong><a class=\"dt-pswp-item\" href=\"https:\/\/www.radiopiu.net\/wordpress\/wp-content\/uploads\/2023\/08\/GIORNALI.jpg\" data-dt-img-description=\"\" data-large_image_width=\"1280\" data-large_image_height=\"853\"><img loading=\"lazy\" decoding=\"async\" class=\" wp-image-350810 alignleft\" src=\"https:\/\/www.radiopiu.net\/wordpress\/wp-content\/uploads\/2023\/08\/GIORNALI-300x200.jpg\" alt=\"\" width=\"158\" height=\"105\" srcset=\"https:\/\/www.radiopiu.net\/wordpress\/wp-content\/uploads\/2023\/08\/GIORNALI-300x200.jpg 300w, https:\/\/www.radiopiu.net\/wordpress\/wp-content\/uploads\/2023\/08\/GIORNALI-1024x682.jpg 1024w, https:\/\/www.radiopiu.net\/wordpress\/wp-content\/uploads\/2023\/08\/GIORNALI-768x512.jpg 768w, https:\/\/www.radiopiu.net\/wordpress\/wp-content\/uploads\/2023\/08\/GIORNALI.jpg 1280w\" sizes=\"auto, (max-width: 158px) 100vw, 158px\" \/><\/a>PUNTATA DEL 01 SETTEMBRE 2023 CHIARA FRENA<\/strong><\/p>\n<p>Liete da la Chiara da Agort con nuove da vesin su la Marmolada, su l teston de la S\u0107iara e l ciclocinema de Cesio. Rubrica de aprofondiment su Oppenheimer<\/p>\n<audio class=\"wp-audio-shortcode\" id=\"audio-350854-2\" preload=\"none\" style=\"width: 100%;\" controls=\"controls\"><source type=\"audio\/mpeg\" src=\"https:\/\/www.radiopiu.net\/wordpress\/wp-content\/uploads\/2023\/08\/MUSLA-8.mp3?_=2\" \/><a href=\"https:\/\/www.radiopiu.net\/wordpress\/wp-content\/uploads\/2023\/08\/MUSLA-8.mp3\">https:\/\/www.radiopiu.net\/wordpress\/wp-content\/uploads\/2023\/08\/MUSLA-8.mp3<\/a><\/audio>\n<p>&nbsp;<\/p>\n<p><strong>LA RACCOLTA COMPLETA<\/strong><\/p>\n<blockquote class=\"wp-embedded-content\" data-secret=\"DZGWysN3CZ\"><p><a href=\"https:\/\/www.radiopiu.net\/wordpress\/musla\/\">MUSLA<\/a><\/p><\/blockquote>\n<p><iframe loading=\"lazy\" class=\"wp-embedded-content\" sandbox=\"allow-scripts\" security=\"restricted\" style=\"position: absolute; clip: rect(1px, 1px, 1px, 1px);\" title=\"&#8220;MUSLA&#8221; &#8212; Radio Pi\u00f9\" src=\"https:\/\/www.radiopiu.net\/wordpress\/musla\/embed\/#?secret=HIhmJ7uHeT#?secret=DZGWysN3CZ\" data-secret=\"DZGWysN3CZ\" width=\"600\" height=\"338\" frameborder=\"0\" marginwidth=\"0\" marginheight=\"0\" scrolling=\"no\"><\/iframe><\/p>\n<p>&nbsp;<\/p>\n<h2><span style=\"color: #ff00ff;\">PROLOCO NELL&#8217;AGORDINO: EVENTI E VOLONTARI<\/span><\/h2>\n<blockquote><p><a class=\"dt-pswp-item\" href=\"https:\/\/www.radiopiu.net\/wordpress\/wp-content\/uploads\/2023\/07\/th-4-150x150-2.jpg\" data-dt-img-description=\"\" data-large_image_width=\"150\" data-large_image_height=\"150\"><img loading=\"lazy\" decoding=\"async\" class=\"size-full wp-image-346216 alignleft\" src=\"https:\/\/www.radiopiu.net\/wordpress\/wp-content\/uploads\/2023\/07\/th-4-150x150-2.jpg\" alt=\"\" width=\"150\" height=\"150\" \/><\/a>VENERDI ALLE 16.30, SABATO\u00a0 ALLE 13.10, DOMENICA\u00a0 ALLE 8.05, LO SPECIALE ESTIVO IN COLLABORAZIONE CON IL COMITATO PROLOCO DELL&#8217;AGORDINO. OGNI SETTIMANA GLI APPUNTAMENTI CON IL DIVERTIMENTO, LA CULTURA E LO SPORT. SEGUICI E SARAI SEMPRE INFORMATO&#8230; ANCHE AD AGOSTO<\/p>\n<blockquote><p><strong>AGORDINO, UN TERRITORIO UNICO le pro loco della vallata unite nella promozione della loro montagna. Incontro promosso dal Consorzio Proloco dell&#8217;Agordino SEGUI LE INIZIATIVE DELLE PROLOCO LOCALI SUI CANALI SOCIAL E SCARICA L&#8217;APPLICAZIONE. VISITA IL SITO DI DOLOMITINEWS iniziativa realizzata con il contributo della Regione del Veneto, spesa sostenuta con i fondi di cui alla legge regionale 34 del 2014 D.G.R. 458 del 18\/04\/2023\u00a0 \u00a0<\/strong><\/p><\/blockquote>\n<\/blockquote>\n<p><strong>PUNTATA DEL 01 SETTEMBRE &#8211; APPUNTAMENTI<\/strong><\/p>\n<audio class=\"wp-audio-shortcode\" id=\"audio-350854-3\" preload=\"none\" style=\"width: 100%;\" controls=\"controls\"><source type=\"audio\/mpeg\" src=\"https:\/\/www.radiopiu.net\/wordpress\/wp-content\/uploads\/2023\/08\/UNPLI-3.mp3?_=3\" \/><a href=\"https:\/\/www.radiopiu.net\/wordpress\/wp-content\/uploads\/2023\/08\/UNPLI-3.mp3\">https:\/\/www.radiopiu.net\/wordpress\/wp-content\/uploads\/2023\/08\/UNPLI-3.mp3<\/a><\/audio>\n<p>&nbsp;<\/p>\n<p><strong>LA RACCOLTA COMPLETA<\/strong><\/p>\n<blockquote class=\"wp-embedded-content\" data-secret=\"jiNFCGUwlf\"><p><a href=\"https:\/\/www.radiopiu.net\/wordpress\/proloco-nellagordino-eventi-e-volontari\/\">PROLOCO NELL&#8217;AGORDINO: EVENTI E VOLONTARI<\/a><\/p><\/blockquote>\n<p><iframe loading=\"lazy\" class=\"wp-embedded-content\" sandbox=\"allow-scripts\" security=\"restricted\" style=\"position: absolute; clip: rect(1px, 1px, 1px, 1px);\" title=\"&#8220;PROLOCO NELL&#8217;AGORDINO: EVENTI E VOLONTARI&#8221; &#8212; Radio Pi\u00f9\" src=\"https:\/\/www.radiopiu.net\/wordpress\/proloco-nellagordino-eventi-e-volontari\/embed\/#?secret=BPaix3IAsz#?secret=jiNFCGUwlf\" data-secret=\"jiNFCGUwlf\" width=\"600\" height=\"338\" frameborder=\"0\" marginwidth=\"0\" marginheight=\"0\" scrolling=\"no\"><\/iframe><\/p>\n<p>&nbsp;<\/p>\n<p><strong><a class=\"dt-pswp-item\" href=\"https:\/\/www.radiopiu.net\/wordpress\/wp-content\/uploads\/2023\/05\/79322dad-2f9d-40a0-ba4e-b53719e43953.jpg\" data-dt-img-description=\"\" data-large_image_width=\"2048\" data-large_image_height=\"1152\"><img loading=\"lazy\" decoding=\"async\" class=\" wp-image-349977 alignleft\" src=\"https:\/\/www.radiopiu.net\/wordpress\/wp-content\/uploads\/2023\/05\/79322dad-2f9d-40a0-ba4e-b53719e43953-300x169.jpg\" alt=\"\" width=\"272\" height=\"153\" srcset=\"https:\/\/www.radiopiu.net\/wordpress\/wp-content\/uploads\/2023\/05\/79322dad-2f9d-40a0-ba4e-b53719e43953-300x169.jpg 300w, https:\/\/www.radiopiu.net\/wordpress\/wp-content\/uploads\/2023\/05\/79322dad-2f9d-40a0-ba4e-b53719e43953-1024x576.jpg 1024w, https:\/\/www.radiopiu.net\/wordpress\/wp-content\/uploads\/2023\/05\/79322dad-2f9d-40a0-ba4e-b53719e43953-768x432.jpg 768w, https:\/\/www.radiopiu.net\/wordpress\/wp-content\/uploads\/2023\/05\/79322dad-2f9d-40a0-ba4e-b53719e43953-1536x864.jpg 1536w, https:\/\/www.radiopiu.net\/wordpress\/wp-content\/uploads\/2023\/05\/79322dad-2f9d-40a0-ba4e-b53719e43953.jpg 2048w\" sizes=\"auto, (max-width: 272px) 100vw, 272px\" \/><\/a><\/strong><\/p>\n<h2><span style=\"color: #008000;\">LA CORRI POI 2023, ULTIMO ATTO A VOLTAGO, OGGI LA VA PIAN MA RIVA<\/span><\/h2>\n<p>&nbsp;<\/p>\n<p>&nbsp;<\/p>\n<p>&nbsp;<\/p>\n<p><strong>IN STUDIO GRETEL RIVA E GABRIELE RIVA<\/strong><\/p>\n<p>&nbsp;<\/p>\n<audio class=\"wp-audio-shortcode\" id=\"audio-350854-4\" preload=\"none\" style=\"width: 100%;\" controls=\"controls\"><source type=\"audio\/mpeg\" src=\"https:\/\/www.radiopiu.net\/wordpress\/wp-content\/uploads\/2023\/08\/VA-PIAN-MA-RIVA-2023.mp3?_=4\" \/><a href=\"https:\/\/www.radiopiu.net\/wordpress\/wp-content\/uploads\/2023\/08\/VA-PIAN-MA-RIVA-2023.mp3\">https:\/\/www.radiopiu.net\/wordpress\/wp-content\/uploads\/2023\/08\/VA-PIAN-MA-RIVA-2023.mp3<\/a><\/audio>\n<p>&nbsp;<\/p>\n<p>&nbsp;<\/p>\n<hr \/>\n<p>&nbsp;<\/p>\n<blockquote>\n<h3>9 SETTEMBRE, AD AGORDO SPORT IN PIAZZA<\/h3>\n<\/blockquote>\n<p>&nbsp;<\/p>\n<p><strong><a class=\"dt-pswp-item\" href=\"https:\/\/www.radiopiu.net\/wordpress\/wp-content\/uploads\/2023\/08\/Senza-nome-70.png\" data-dt-img-description=\"\" data-large_image_width=\"563\" data-large_image_height=\"163\"><img loading=\"lazy\" decoding=\"async\" class=\"size-medium wp-image-350002 alignleft\" src=\"https:\/\/www.radiopiu.net\/wordpress\/wp-content\/uploads\/2023\/08\/Senza-nome-70-300x87.png\" alt=\"\" width=\"300\" height=\"87\" srcset=\"https:\/\/www.radiopiu.net\/wordpress\/wp-content\/uploads\/2023\/08\/Senza-nome-70-300x87.png 300w, https:\/\/www.radiopiu.net\/wordpress\/wp-content\/uploads\/2023\/08\/Senza-nome-70-350x100.png 350w, https:\/\/www.radiopiu.net\/wordpress\/wp-content\/uploads\/2023\/08\/Senza-nome-70.png 563w\" sizes=\"auto, (max-width: 300px) 100vw, 300px\" \/><\/a>AGORDO <\/strong>Sabato 9 settembre 2023 le organizzazioni sportive e di volontariato dell\u2019Agordino organizzeranno ad Agordo la XVI\u00b0 edizione della manifestazione \u201cSport in piazza nell\u2019Agordino\u201d . Durante tutta la giornata , dalle 9.30 alle 12.30 e dalle 14.00 alle 18.00 proporranno a bambini e ragazzi\u00a0 le loro attivit\u00e0 sul grande prato del Broi di Agordo e nelle strade e spazi limitrofi, chiusi al traffico in collaborazione con l\u2019Amministrazione comunale e la polizia locale di Agordo. I giovani partecipanti potranno raccogliere in una apposita scheda i timbri di \u201cavvenuta attivit\u00e0\u201d rilasciati da ciascuno stand: a chi raccoglier\u00e0 un congruo numero di timbri, \u00a0al termine\u00a0 del percorso sar\u00e0 regalata la maglietta ricordo della manifestazione.<\/p>\n<p>Sotto l\u2019egida del Comitato provinciale AICS di Belluno , hanno gi\u00e0 dato la loro adesione 14 associazioni sportive, oltre ad alcune\u00a0 associazioni di volontariato: bambini e ragazzi potranno sperimentare in prima persona dalla pesca sportiva alla danza, dallo sci alla pallavolo, dall\u2019atletica al pattinaggio on line, dall\u2019Hockey alla ginnastica ritmica, e ancora judo, karate, scherma antica, nuoto e \u00a0tennis . Le associazioni di volontariato coinvolgeranno i giovani in giochi che avranno a tema l\u2019attivit\u00e0 e gli scopi della loro associazione. Obiettivo della manifestazione \u00e8\u00a0 far vivere concretamente ai ragazzini esperienze\u00a0 sportive o di volontariato , per stimolarli ad impegnarsi nella pratica attiva durante la loro vita. La manifestazione gode del patrocinio del CONI regionale Veneto,\u00a0 del Comune di Agordo e dell\u2019Unione Montana Agordina. Fondamentale l\u2019aiuto di tante piccole realt\u00e0 commerciali locali, cui va il ringraziamento degli organizzatori.<\/p>\n<p>&nbsp;<\/p>\n<blockquote>\n<h3>E DOPO SPORT IN PIAZZA IL CABARET<\/h3>\n<\/blockquote>\n<p><strong><a class=\"dt-pswp-item\" href=\"https:\/\/www.radiopiu.net\/wordpress\/wp-content\/uploads\/2023\/09\/23-agordo-bc.jpg\" data-dt-img-description=\"\" data-large_image_width=\"1872\" data-large_image_height=\"919\"><img loading=\"lazy\" decoding=\"async\" class=\" wp-image-350863 alignleft\" src=\"https:\/\/www.radiopiu.net\/wordpress\/wp-content\/uploads\/2023\/09\/23-agordo-bc-300x147.jpg\" alt=\"\" width=\"182\" height=\"89\" srcset=\"https:\/\/www.radiopiu.net\/wordpress\/wp-content\/uploads\/2023\/09\/23-agordo-bc-300x147.jpg 300w, https:\/\/www.radiopiu.net\/wordpress\/wp-content\/uploads\/2023\/09\/23-agordo-bc-1024x503.jpg 1024w, https:\/\/www.radiopiu.net\/wordpress\/wp-content\/uploads\/2023\/09\/23-agordo-bc-768x377.jpg 768w, https:\/\/www.radiopiu.net\/wordpress\/wp-content\/uploads\/2023\/09\/23-agordo-bc-1536x754.jpg 1536w, https:\/\/www.radiopiu.net\/wordpress\/wp-content\/uploads\/2023\/09\/23-agordo-bc.jpg 1872w\" sizes=\"auto, (max-width: 182px) 100vw, 182px\" \/><\/a>AGORDO <\/strong>Dopo &#8220;Sport in piazza&#8221;, sabato 9 settembre alle 18.30 la decima edizione dell&#8217;evento circense organizzato da Circus Endemicus. Anche per questa occasione, presenteranno le proprie creazioni al limite tra sogno, impossibile e realt\u00e0 artisti provenienti da tutto il mondo. Il cabaret si terr\u00e0 in una delle piazze pi\u00f9 belle delle Dolomiti, il Broi di Agordo. Apporto libero a fine spettacolo (il contributo consigliato \u00e8 di 5 euro a spettatore). Il Cabaret \u00e8 una manifestazione no-profit e autogestita per promuovere l\u2019arte libera in contesti pubblici. Per maggiori informazioni vedi su instagram il profilo\u00a0@circusendemicus<\/p>\n<p>&nbsp;<\/p>\n<p>&nbsp;<\/p>\n<hr \/>\n<p>&nbsp;<\/p>\n<h2><span style=\"color: #ff0000;\">GLI APPUNTAMENTI DELLA SETTIMANA\u00a0<\/span><\/h2>\n<blockquote>\n<h3>A LE BUSE &#8220;VINO E CIBO IN QUOTA&#8221; TRA I PANORAMI DELLE DOLOMITI<\/h3>\n<\/blockquote>\n<p><strong><a class=\"dt-pswp-item\" href=\"https:\/\/www.radiopiu.net\/wordpress\/wp-content\/uploads\/2023\/08\/Senza-nome-77.png\" data-dt-img-description=\"\" data-large_image_width=\"606\" data-large_image_height=\"243\"><img loading=\"lazy\" decoding=\"async\" class=\"size-medium wp-image-350130 alignleft\" src=\"https:\/\/www.radiopiu.net\/wordpress\/wp-content\/uploads\/2023\/08\/Senza-nome-77-300x120.png\" alt=\"\" width=\"300\" height=\"120\" srcset=\"https:\/\/www.radiopiu.net\/wordpress\/wp-content\/uploads\/2023\/08\/Senza-nome-77-300x120.png 300w, https:\/\/www.radiopiu.net\/wordpress\/wp-content\/uploads\/2023\/08\/Senza-nome-77.png 606w\" sizes=\"auto, (max-width: 300px) 100vw, 300px\" \/><\/a>FALCADE\u00a0<\/strong> La stagione estiva a Le Buse di Falcade non termina ad agosto. Settembre s&#8217;apre con il botto. Oggi\u00a0 &#8220;vino e cibo in quota&#8221;, \u00e8 l&#8217;evento proposto per il secondo anno da Chalet Le Buse, Baita Gigio Picol, Malga Le Buse e Ski Stop. Sar\u00e0 proposta la degustazione di 4 cicchetti abbinati a 4 calici con possibilit\u00e0 di salire e scendere in\u00a0 Cabinovia (aperta fino alle 17.30). Prenotazioni entro giovedi 31 agosto iscrivendosi sul sito <a href=\"https:\/\/www.falcadedolomiti.it\/\">www.falcadedolomiti.it<\/a><\/p>\n<p>Un circuito di sapori, un circuito di piacere con i cicchetti itineranti tra i panorami delle Dolomiti: <strong>CHALET LE BUSE<\/strong> Sfera di polenta ripiena con guancialino di maiale, salsa al barolo e porcini con Barbera Bovio o Valpolicella classico Conte Rugolin. <strong>GIGIO PICOL\u00a0<\/strong> Crostino con ricotta montata alle erbe e trota affumicata, con spumante pinot nero Blanc de noir Montagna o Traminer Vigna del Lauro <strong>MALGA LE BUSE<\/strong> Strudel salato con crema di formaggio di malga, con Raboso frizzante Sutto o Soave San Michele C\u00e0 Rugate; <strong>SKI STOP<\/strong>\u00a0 Battuta di salmone al coltello su humus di ceci e croste di mais con Rosato Negroamaro Vallone o Primitivo imprint a mano.<\/p>\n<p>&nbsp;<\/p>\n<blockquote>\n<h3>LA GIORNATA DEL RESPIRO<\/h3>\n<\/blockquote>\n<p><strong>BELLUNO<\/strong> Oggi al Ristorante De Gusto Dolomiti di Via Meassa a Sagrogna di Belluno viene organizzata una giornata all&#8217;insegna della ricerca del buon cibo e della magia. Info e prenotazioni al 373 5042705 o 373 5101875. Le donazioni raccolte durante l&#8217;evento saranno devolute alla Fondazione Ricerca Fibrosi Cistica<\/p>\n<p>&nbsp;<\/p>\n<blockquote>\n<h3>DOPPIO APPUNTAMENTO CON IL CAI DI AGORDO NEL FINE SETTIMANA<\/h3>\n<\/blockquote>\n<p><strong>AGORDO<\/strong> Sono due gli appuntamenti con il Cai di Agordo. Oggi escursione al Laghi D&#8217;olbe e cima Lastroni a Sappada. Prenotazioni al 3806983040. Domani trasferta\u00a0 sulla Marmolada al Lach Dei Negher. Prenotazioni al 3402841541 o 3294071788<\/p>\n<p>&nbsp;<\/p>\n<blockquote>\n<h3>DANCING ON BACH<\/h3>\n<\/blockquote>\n<p><strong>AURONZO <\/strong>Lo spettacolo \u201cDancing on Bach\u201d sar\u00e0 l\u2019ultimo evento estivo dell\u2019Academy Gli Echi della Natura 2023 che ha visto partecipare alle masterclass tantissimi partecipanti, appassionati e curiosi da tutta Italia e non solo. Oggi alle ore 16.30\u00a0 presso la Riserva Naturale Orientata di Somadida, Auronzo di Cadore (BL) con lo spettacolo \u201cDancing on Bach\u201d saliranno sul palcoscenico 3 importanti artisti: la danzatrice Elena Ajani, il violoncellista Federico Toffano e il musicologo Mauro Masiero. La giornata sar\u00e0 ancora pi\u00f9 speciale perch\u00e9 l\u2019apertura del concerto sar\u00e0 tenuta da uno dei talenti selezionati dall\u2019Academy, il giovane violinista Davide Schauber.<\/p>\n<p>&nbsp;<\/p>\n<blockquote>\n<h3>POM E PER A MOLDOI DE SOSPIROI<\/h3>\n<\/blockquote>\n<p><strong>SOSPIROLO <\/strong>Torna \u201cPom &amp; Per a Moldoi de Sospiroi&#8221; all&#8217;interno della suggestiva cornice di Villa Sandi-Zasso. Un programma ricchissimo per una giornata all&#8217;insegna dei prodotti agricoli locali e della scoperta dei prodotti ortofrutticoli e dei maestri artigiani.<\/p>\n<p><strong>di Roberto Bona<\/strong><\/p>\n<audio class=\"wp-audio-shortcode\" id=\"audio-350854-5\" preload=\"none\" style=\"width: 100%;\" controls=\"controls\"><source type=\"audio\/mpeg\" src=\"https:\/\/www.radiopiu.net\/wordpress\/wp-content\/uploads\/2023\/08\/BONA-PerPomMoldoi.mp3?_=5\" \/><a href=\"https:\/\/www.radiopiu.net\/wordpress\/wp-content\/uploads\/2023\/08\/BONA-PerPomMoldoi.mp3\">https:\/\/www.radiopiu.net\/wordpress\/wp-content\/uploads\/2023\/08\/BONA-PerPomMoldoi.mp3<\/a><\/audio>\n<p>&nbsp;<\/p>\n<blockquote>\n<h3>MALGHE TRA MIANE E BORGO VALBELLUNA<\/h3>\n<\/blockquote>\n<p><strong>BORGO VALBELLUNA<\/strong> Domani ritorna anche quest&#8217;anno Malghe tra Miane e Borgo Valbelluna, la storica manifestazione che unisce tutto il crinale prealpino da Malga Canidi a Rifugio Posa Puner.<\/p>\n<p>&nbsp;<\/p>\n<h2><span style=\"color: #ff0000;\">PROSSIMAMENTE&#8230;\u00a0<\/span><\/h2>\n<blockquote>\n<h3>DOMENICA 10 SETTEMBRE LA FORZA DELLA VITA A PASSO CAMPOLONGO<\/h3>\n<\/blockquote>\n<p>Appuntamento a Passo Campolongo domenica 10 settembre per la giornata dal titolo &#8220;La Forza Della Vita&#8221;. Ritrovo alle 10:30 davanti all&#8217;Hotel Laguscei, passeggiata fino all&#8217;altipiano di Cherz, pratica di pilates e mindfullness e pranzo al sacco. L&#8217;intero ricavato sar\u00e0 devoluto per aiutare i bambini dell&#8217;orfanotrofio &#8220;God Our Father&#8221; a Timboni in Kenya. Quota di partecipazione 25 euro<\/p>\n<p>&nbsp;<\/p>\n<blockquote>\n<h3>ESPERIENZA CULINARIA AL RIFUGIO AVERAU<\/h3>\n<\/blockquote>\n<p><strong>CORTINA<\/strong> Marted\u00ec 12 settembre, evento straordinario al Rifugio Averau. Gli chef di casa, Matteo e Stefano, della trattoria alla Cima di Valdobbiadene uniscono genio e bravura per un&#8217;esperienza unica &#8220;dalla laguna alle dolomiti&#8221;. Un percorso enogastronomico dal mare ai fiumi, dalle colline ai boschi del veneziano, trevigiano e bellunese fino alle cime di Cortina. Sar\u00e0 predisposto su prenotazione un servizio di trasporto in jeep dal rifugio Cinque Torri, raggiungibile in macchina dalla strada del passo Falzarego Per info e prenotazioni: 0436 4660<br \/>\nDALLA LAGUNA ALLE DOLOMITI, 12 SETTEMBRE AL RIFUGIO AVERAU<\/p>\n<p>&nbsp;<\/p>\n<blockquote>\n<h3>LA SAGRA DI FREGONA A CANALE D&#8217;AGORDO<\/h3>\n<\/blockquote>\n<p><strong>CANALE D&#8217;AGORDO <\/strong>16 e 17 settembre sono le date da segnare sul calendario. A Canale D&#8217;Agordo torna la Sagra di Fregona, due giorni di festa nella frazione canalina. Sabato apertura tendone alle 17, cucina alle 18 e alla sera musica con Tirock Band. Domenica alle 10:30 la santa messa, alle 11 apertura tendone e alle 12 la cucina con piatti tipici. Nel pomeriggio balli e giochi, musica fino a sera con Mirko e I Rosegot e alle 19:30 la processione per le vie del paese.<\/p>\n<p>&nbsp;<\/p>\n<hr \/>\n<p>&nbsp;<\/p>\n<div class=\"message spoilers-container\" dir=\"auto\">\n<div class=\"column\">\n<div class=\"message spoilers-container\" dir=\"auto\">\n<div class=\"column\">\n<p><img loading=\"lazy\" decoding=\"async\" class=\"aligncenter wp-image-61954 size-full\" src=\"https:\/\/www.radiopiu.net\/wordpress\/wp-content\/uploads\/2018\/09\/viabilita.jpeg\" sizes=\"auto, (max-width: 800px) 100vw, 800px\" srcset=\"https:\/\/www.radiopiu.net\/wordpress\/wp-content\/uploads\/2018\/09\/viabilita.jpeg 800w, https:\/\/www.radiopiu.net\/wordpress\/wp-content\/uploads\/2018\/09\/viabilita-300x38.jpeg 300w, https:\/\/www.radiopiu.net\/wordpress\/wp-content\/uploads\/2018\/09\/viabilita-768x96.jpeg 768w\" alt=\"\" width=\"800\" height=\"100\" \/><\/p>\n<\/div>\n<\/div>\n<div class=\"message spoilers-container\" dir=\"auto\">\n<div class=\"column\">\n<p>&nbsp;<\/p>\n<\/div>\n<\/div>\n<\/div>\n<\/div>\n<blockquote class=\"wp-embedded-content\" data-secret=\"rRdG2gPgs1\"><p><a href=\"https:\/\/www.radiopiu.net\/wordpress\/viabilita\/\">viabilita<\/a><\/p><\/blockquote>\n<p><iframe loading=\"lazy\" class=\"wp-embedded-content\" sandbox=\"allow-scripts\" security=\"restricted\" style=\"position: absolute; clip: rect(1px, 1px, 1px, 1px);\" title=\"&#8220;viabilita&#8221; &#8212; Radio Pi\u00f9\" src=\"https:\/\/www.radiopiu.net\/wordpress\/viabilita\/embed\/#?secret=qRy6rCtqrU#?secret=rRdG2gPgs1\" data-secret=\"rRdG2gPgs1\" width=\"600\" height=\"338\" frameborder=\"0\" marginwidth=\"0\" marginheight=\"0\" scrolling=\"no\"><\/iframe><\/p>\n<div class=\"message spoilers-container\" dir=\"auto\">\n<div class=\"column\">\n<div class=\"message spoilers-container\" dir=\"auto\">\n<div class=\"column\">\n<div>\n<div dir=\"ltr\">\n<div class=\"gmail_quote\">\n<div dir=\"ltr\">\n<div><\/div>\n<div><\/div>\n<div><\/div>\n<\/div>\n<\/div>\n<\/div>\n<\/div>\n<hr \/>\n<p>&nbsp;<\/p>\n<p><a class=\"dt-pswp-item\" href=\"https:\/\/www.radiopiu.net\/wordpress\/wp-content\/uploads\/2018\/09\/WhatsApp-Image-2018-09-20-at-16.04.06.jpeg\" data-dt-img-description=\"\" data-large_image_width=\"800\" data-large_image_height=\"100\"><img loading=\"lazy\" decoding=\"async\" class=\"wp-image-61378 size-full aligncenter\" src=\"https:\/\/www.radiopiu.net\/wordpress\/wp-content\/uploads\/2018\/09\/WhatsApp-Image-2018-09-20-at-16.04.06.jpeg\" alt=\"\" width=\"800\" height=\"100\" srcset=\"https:\/\/www.radiopiu.net\/wordpress\/wp-content\/uploads\/2018\/09\/WhatsApp-Image-2018-09-20-at-16.04.06.jpeg 800w, https:\/\/www.radiopiu.net\/wordpress\/wp-content\/uploads\/2018\/09\/WhatsApp-Image-2018-09-20-at-16.04.06-300x38.jpeg 300w, https:\/\/www.radiopiu.net\/wordpress\/wp-content\/uploads\/2018\/09\/WhatsApp-Image-2018-09-20-at-16.04.06-768x96.jpeg 768w\" sizes=\"auto, (max-width: 800px) 100vw, 800px\" \/><\/a><\/p>\n<\/div>\n<\/div>\n<p>&nbsp;<\/p>\n<\/div>\n<\/div>\n<p><center><b>OGGI<\/b><\/center><b>Tempo atteso: <\/b>Tempo stabile con cielo generalmente poco nuvoloso per velature specie al mattino e qualche addensamento nel pomeriggio. Probabili nubi basse fino al primo mattino e poi nuovamente in serata.<br \/>\n<b>Precipitazioni: <\/b>Generalmente assenti, seppur non del tutto escluso un piovasco nel pomeriggio (0-10%)<br \/>\n<b>Temperature: <\/b>Temperature in generale ulteriore lieve aumento.<\/p>\n<hr \/>\n<p><center><b>DOMANI<\/b><\/center><b>Tempo atteso: <\/b>Al mattino sereno o poco nuvoloso. Dal mezzogiorno e nel pomeriggio velato per estese nubi alte. Possibili nubi basse fino al primo mattino e poi in nuova formazione dalla sera.<br \/>\n<b>Precipitazioni: <\/b>Assenti.<br \/>\n<b>Temperature: <\/b>Temperature in ulteriore lieve aumento su valori superiori alla media specie in quota.<\/p>\n<hr \/>\n<p><center><b>LUNEDI<\/b><\/center>Tempo stabile con cielo poco nuvoloso, a tratti velato per estese nubi alte al mattino. Sui settori prealpini possibili nubi basse al mattino e qualche addensamento in giornata specie a ridosso della pedemontana. Temperature in ulteriore aumento e su valori ben superiori alla media.<\/p>\n<hr \/>\n<p><center><b>MARTEDI<\/b><\/center>Tempo stabile e ben soleggiato con cielo sereno o al pi\u00f9 poco nuvoloso sui settori Prealpini. Temperature in ulteriore lieve aumento e ben oltre la media del periodo.<\/p>\n<p>&nbsp;<\/p>\n<div class=\"message spoilers-container\" dir=\"auto\">\n<hr \/>\n<p>&nbsp;<\/p>\n<p><img loading=\"lazy\" decoding=\"async\" class=\"wp-image-60761 size-full aligncenter\" src=\"https:\/\/www.radiopiu.net\/wordpress\/wp-content\/uploads\/2018\/09\/sport.jpg\" alt=\"\" width=\"800\" height=\"100\" srcset=\"https:\/\/www.radiopiu.net\/wordpress\/wp-content\/uploads\/2018\/09\/sport.jpg 800w, https:\/\/www.radiopiu.net\/wordpress\/wp-content\/uploads\/2018\/09\/sport-300x38.jpg 300w, https:\/\/www.radiopiu.net\/wordpress\/wp-content\/uploads\/2018\/09\/sport-768x96.jpg 768w\" sizes=\"auto, (max-width: 800px) 100vw, 800px\" \/><\/p>\n<p>&nbsp;<\/p>\n<\/div>\n\n\t\t\t<style type='text\/css'>\n\t\t\t\t#gallery-3 {\n\t\t\t\t\tmargin: auto;\n\t\t\t\t}\n\t\t\t\t#gallery-3 .gallery-item {\n\t\t\t\t\tfloat: left;\n\t\t\t\t\tmargin-top: 10px;\n\t\t\t\t\ttext-align: center;\n\t\t\t\t\twidth: 33%;\n\t\t\t\t}\n\t\t\t\t#gallery-3 img {\n\t\t\t\t\tborder: 2px solid #cfcfcf;\n\t\t\t\t}\n\t\t\t\t#gallery-3 .gallery-caption {\n\t\t\t\t\tmargin-left: 0;\n\t\t\t\t}\n\t\t\t\t\/* see gallery_shortcode() in wp-includes\/media.php *\/\n\t\t\t<\/style>\n\t\t<div id='gallery-3' class='dt-gallery-container gallery galleryid-350854 gallery-columns-3 gallery-size-thumbnail'><dl class='gallery-item'>\n\t\t\t\t<dt class='gallery-icon portrait'>\n\t\t\t\t\t<a class=\"rollover rollover-zoom dt-pswp-item\" title=\"cb3e84c7-6b7b-4086-b96b-e2b820cc0e41\" data-dt-img-description=\"\" data-large_image_width=\"1132\" data-large_image_height=\"1600\"href='https:\/\/www.radiopiu.net\/wordpress\/wp-content\/uploads\/2023\/07\/cb3e84c7-6b7b-4086-b96b-e2b820cc0e41.jpg'><img loading=\"lazy\" decoding=\"async\" width=\"150\" height=\"150\" src=\"https:\/\/www.radiopiu.net\/wordpress\/wp-content\/uploads\/2023\/07\/cb3e84c7-6b7b-4086-b96b-e2b820cc0e41-150x150.jpg\" class=\"attachment-thumbnail size-thumbnail\" alt=\"\" aria-describedby=\"gallery-3-345600\" \/><\/a>\n\t\t\t\t<\/dt>\n\t\t\t\t\t<dd class='wp-caption-text gallery-caption' id='gallery-3-345600'>\n\t\t\t\t\tVOLTAGO\n\t\t\t\t\t<\/dd><\/dl><dl class='gallery-item'>\n\t\t\t\t<dt class='gallery-icon portrait'>\n\t\t\t\t\t<a class=\"rollover rollover-zoom dt-pswp-item\" title=\"Locandina Trofeo 16 Comuni dell&#039;Agordino\" data-dt-img-description=\"\" data-large_image_width=\"828\" data-large_image_height=\"1151\"href='https:\/\/www.radiopiu.net\/wordpress\/wp-content\/uploads\/2023\/08\/Locandina-Trofeo-16-Comuni-dellAgordino.jpg'><img loading=\"lazy\" decoding=\"async\" width=\"150\" height=\"150\" src=\"https:\/\/www.radiopiu.net\/wordpress\/wp-content\/uploads\/2023\/08\/Locandina-Trofeo-16-Comuni-dellAgordino-150x150.jpg\" class=\"attachment-thumbnail size-thumbnail\" alt=\"\" aria-describedby=\"gallery-3-349182\" \/><\/a>\n\t\t\t\t<\/dt>\n\t\t\t\t\t<dd class='wp-caption-text gallery-caption' id='gallery-3-349182'>\n\t\t\t\t\tTROFEO 16 COMUNI\n\t\t\t\t\t<\/dd><\/dl><dl class='gallery-item'>\n\t\t\t\t<dt class='gallery-icon portrait'>\n\t\t\t\t\t<a class=\"rollover rollover-zoom dt-pswp-item\" title=\"397b3e08-c14a-4e52-9d10-587f809e4503\" data-dt-img-description=\"\" data-large_image_width=\"724\" data-large_image_height=\"1024\"href='https:\/\/www.radiopiu.net\/wordpress\/wp-content\/uploads\/2023\/09\/397b3e08-c14a-4e52-9d10-587f809e4503.jpg'><img loading=\"lazy\" decoding=\"async\" width=\"150\" height=\"150\" src=\"https:\/\/www.radiopiu.net\/wordpress\/wp-content\/uploads\/2023\/09\/397b3e08-c14a-4e52-9d10-587f809e4503-150x150.jpg\" class=\"attachment-thumbnail size-thumbnail\" alt=\"\" aria-describedby=\"gallery-3-350887\" \/><\/a>\n\t\t\t\t<\/dt>\n\t\t\t\t\t<dd class='wp-caption-text gallery-caption' id='gallery-3-350887'>\n\t\t\t\t\tL&#8217;AMICHEVOLE DELL&#8217;ALLEGHE CON IL GARDENA\n\t\t\t\t\t<\/dd><\/dl><br style=\"clear: both\" \/>\n\t\t\t<\/div>\n\n<p>&nbsp;<\/p>\n<p><span style=\"color: #0000ff;\"><strong>CORSA IN MONTAGNA<\/strong><\/span><\/p>\n<blockquote>\n<h3>TUTTO PRONTO PER LA TRANSPELMO DI DOMANI<\/h3>\n<\/blockquote>\n<p><strong><a class=\"dt-pswp-item\" href=\"https:\/\/www.radiopiu.net\/wordpress\/wp-content\/uploads\/2023\/09\/transpelmo-2022.jpg\" data-dt-img-description=\"\" data-large_image_width=\"2000\" data-large_image_height=\"1333\"><img loading=\"lazy\" decoding=\"async\" class=\" wp-image-350865 alignleft\" src=\"https:\/\/www.radiopiu.net\/wordpress\/wp-content\/uploads\/2023\/09\/transpelmo-2022-300x200.jpg\" alt=\"\" width=\"172\" height=\"114\" srcset=\"https:\/\/www.radiopiu.net\/wordpress\/wp-content\/uploads\/2023\/09\/transpelmo-2022-300x200.jpg 300w, https:\/\/www.radiopiu.net\/wordpress\/wp-content\/uploads\/2023\/09\/transpelmo-2022-1024x682.jpg 1024w, https:\/\/www.radiopiu.net\/wordpress\/wp-content\/uploads\/2023\/09\/transpelmo-2022-768x512.jpg 768w, https:\/\/www.radiopiu.net\/wordpress\/wp-content\/uploads\/2023\/09\/transpelmo-2022-1536x1024.jpg 1536w, https:\/\/www.radiopiu.net\/wordpress\/wp-content\/uploads\/2023\/09\/transpelmo-2022.jpg 2000w\" sizes=\"auto, (max-width: 172px) 100vw, 172px\" \/><\/a>VAL DI ZOLDO <\/strong>Tutto pronto in Val di Zoldo per l\u2019edizione 2023 di Transpelmo, la skyrace del Monte Pelmo in programma per domenica 3 settembre e valida quale finale italiana del circuito Golden Trail National Series by Salomon. Sar\u00e0 un\u2019edizione che conferma il trend di crescita dell\u2019evento: saranno infatti 1.050 i concorrenti che si sfideranno sul tracciato di 19,5 chilometri (1.450 i metri sia di dislivello positivo sia di dislivello negativo) che si snoda nella core zone numero 1 delle Dolomiti patrimonio dell\u2019umanit\u00e0 Unesco. Dopo aver stabilito come tetto massimo quota 900, l\u2019organizzazione \u00e8 stata costretta a riaprire le iscrizioni per far fronte alle numerosissime richieste, mettendo cos\u00ec a disposizione altri 150 pettorali. Oltre al numero di partecipanti, sono in crescita anche le nazioni presenti: oltre all\u2019Italia, saranno al via concorrenti che provengono da Andorra, Austria, Belgio, Croazia, Germania, Inghilterra, Nuova Zelanda, Paesi Bassi, Romania, Slovenia, Spagna, Stati Uniti e Uzbekistan.<\/p>\n","protected":false},"excerpt":{"rendered":"<p>40esimo di RADIOPIU\u2026. LA VOCE DELL\u2019EMOZIONE ISCRIVITI AL NOSTRO CANALE\u00a0\u00a0YOUTUBE PER SEGUIRE IN DIRETTA I PRINCIPALI PROGRAMMI DI RADIO PIU\u2019 E LE FUTURE DIRETTE IN ESTERNA. PER ISCRIVERTI\u00a0CLICCA QUI\u00a0E PREMI\u00a0 \u201cIscriviti\u201d &nbsp; &nbsp; &nbsp; &nbsp; LA LUNA BLU DI MARIO DE MARCO REDAZIONE Come sempre fotografie da rimanere a bocca aperta. Sono quelle che puntualmente&hellip;<\/p>\n","protected":false},"author":4,"featured_media":350911,"comment_status":"closed","ping_status":"closed","sticky":false,"template":"","format":"standard","meta":{"_monsterinsights_skip_tracking":false,"_monsterinsights_sitenote_active":false,"_monsterinsights_sitenote_note":"","_monsterinsights_sitenote_category":0,"footnotes":""},"categories":[51,86,49],"tags":[],"class_list":["post-350854","post","type-post","status-publish","format-standard","has-post-thumbnail","hentry","category-evidenza-top","category-gr","category-news-18","category-51","category-86","category-49","description-off"],"img_url":"https:\/\/www.radiopiu.net\/wordpress\/wp-content\/uploads\/2023\/09\/WhatsApp-Image-2023-09-01-at-16.31.37.jpeg","_links":{"self":[{"href":"https:\/\/www.radiopiu.net\/wordpress\/wp-json\/wp\/v2\/posts\/350854","targetHints":{"allow":["GET"]}}],"collection":[{"href":"https:\/\/www.radiopiu.net\/wordpress\/wp-json\/wp\/v2\/posts"}],"about":[{"href":"https:\/\/www.radiopiu.net\/wordpress\/wp-json\/wp\/v2\/types\/post"}],"author":[{"embeddable":true,"href":"https:\/\/www.radiopiu.net\/wordpress\/wp-json\/wp\/v2\/users\/4"}],"replies":[{"embeddable":true,"href":"https:\/\/www.radiopiu.net\/wordpress\/wp-json\/wp\/v2\/comments?post=350854"}],"version-history":[{"count":0,"href":"https:\/\/www.radiopiu.net\/wordpress\/wp-json\/wp\/v2\/posts\/350854\/revisions"}],"wp:featuredmedia":[{"embeddable":true,"href":"https:\/\/www.radiopiu.net\/wordpress\/wp-json\/wp\/v2\/media\/350911"}],"wp:attachment":[{"href":"https:\/\/www.radiopiu.net\/wordpress\/wp-json\/wp\/v2\/media?parent=350854"}],"wp:term":[{"taxonomy":"category","embeddable":true,"href":"https:\/\/www.radiopiu.net\/wordpress\/wp-json\/wp\/v2\/categories?post=350854"},{"taxonomy":"post_tag","embeddable":true,"href":"https:\/\/www.radiopiu.net\/wordpress\/wp-json\/wp\/v2\/tags?post=350854"}],"curies":[{"name":"wp","href":"https:\/\/api.w.org\/{rel}","templated":true}]}}