{"id":350867,"date":"2023-09-01T10:24:51","date_gmt":"2023-09-01T08:24:51","guid":{"rendered":"https:\/\/www.radiopiu.net\/wordpress\/?p=350867"},"modified":"2023-09-01T10:24:51","modified_gmt":"2023-09-01T08:24:51","slug":"incidente-vicino-al-ponte-di-fener-perde-la-vita-una-donna-di-caerano-san-marco","status":"publish","type":"post","link":"https:\/\/www.radiopiu.net\/wordpress\/incidente-vicino-al-ponte-di-fener-perde-la-vita-una-donna-di-caerano-san-marco\/","title":{"rendered":"INCIDENTE VICINO AL PONTE DI FENER. PERDE LA VITA UNA DONNA DI CAERANO SAN MARCO"},"content":{"rendered":"<p><strong><a class=\"dt-pswp-item\" href=\"https:\/\/www.radiopiu.net\/wordpress\/wp-content\/uploads\/2023\/09\/96378569.png\" data-dt-img-description=\"\" data-large_image_width=\"798\" data-large_image_height=\"449\"><img loading=\"lazy\" decoding=\"async\" class=\" wp-image-350868 alignleft\" src=\"https:\/\/www.radiopiu.net\/wordpress\/wp-content\/uploads\/2023\/09\/96378569-300x169.png\" alt=\"\" width=\"193\" height=\"109\" srcset=\"https:\/\/www.radiopiu.net\/wordpress\/wp-content\/uploads\/2023\/09\/96378569-300x169.png 300w, https:\/\/www.radiopiu.net\/wordpress\/wp-content\/uploads\/2023\/09\/96378569-768x432.png 768w, https:\/\/www.radiopiu.net\/wordpress\/wp-content\/uploads\/2023\/09\/96378569.png 798w\" sizes=\"auto, (max-width: 193px) 100vw, 193px\" \/><\/a>FELTRE<\/strong> Una donna di 48 anni, residente a Caerano San Marco, ha perso il controllo dell&#8217;auto e si \u00e8 schiantata contro una parete di roccia, perdendo la vita sul colpo, vicino al ponte di Fener. L&#8217;incidente \u00e8 avvenuto alle 23 di gioved\u00ec. I soccorritori hanno tentato di rianimare la vittima, ma il medico del Suem ha dichiarato il decesso. Le cause dell&#8217;incidente sono al momento oggetto di indagine da parte delle autorit\u00e0.<\/p>\n<p>&nbsp;<\/p>\n<p>&nbsp;<\/p>\n<p>******<\/p>\n","protected":false},"excerpt":{"rendered":"<p>FELTRE Una donna di 48 anni, residente a Caerano San Marco, ha perso il controllo dell&#8217;auto e si \u00e8 schiantata contro una parete di roccia, perdendo la vita sul colpo, vicino al ponte di Fener. L&#8217;incidente \u00e8 avvenuto alle 23 di gioved\u00ec. I soccorritori hanno tentato di rianimare la vittima, ma il medico del Suem&hellip;<\/p>\n","protected":false},"author":4,"featured_media":350868,"comment_status":"closed","ping_status":"closed","sticky":false,"template":"","format":"standard","meta":{"_monsterinsights_skip_tracking":false,"_monsterinsights_sitenote_active":false,"_monsterinsights_sitenote_note":"","_monsterinsights_sitenote_category":0,"footnotes":""},"categories":[51,49],"tags":[],"class_list":["post-350867","post","type-post","status-publish","format-standard","has-post-thumbnail","hentry","category-evidenza-top","category-news-18","category-51","category-49","description-off"],"img_url":"https:\/\/www.radiopiu.net\/wordpress\/wp-content\/uploads\/2023\/09\/96378569.png","_links":{"self":[{"href":"https:\/\/www.radiopiu.net\/wordpress\/wp-json\/wp\/v2\/posts\/350867","targetHints":{"allow":["GET"]}}],"collection":[{"href":"https:\/\/www.radiopiu.net\/wordpress\/wp-json\/wp\/v2\/posts"}],"about":[{"href":"https:\/\/www.radiopiu.net\/wordpress\/wp-json\/wp\/v2\/types\/post"}],"author":[{"embeddable":true,"href":"https:\/\/www.radiopiu.net\/wordpress\/wp-json\/wp\/v2\/users\/4"}],"replies":[{"embeddable":true,"href":"https:\/\/www.radiopiu.net\/wordpress\/wp-json\/wp\/v2\/comments?post=350867"}],"version-history":[{"count":0,"href":"https:\/\/www.radiopiu.net\/wordpress\/wp-json\/wp\/v2\/posts\/350867\/revisions"}],"wp:featuredmedia":[{"embeddable":true,"href":"https:\/\/www.radiopiu.net\/wordpress\/wp-json\/wp\/v2\/media\/350868"}],"wp:attachment":[{"href":"https:\/\/www.radiopiu.net\/wordpress\/wp-json\/wp\/v2\/media?parent=350867"}],"wp:term":[{"taxonomy":"category","embeddable":true,"href":"https:\/\/www.radiopiu.net\/wordpress\/wp-json\/wp\/v2\/categories?post=350867"},{"taxonomy":"post_tag","embeddable":true,"href":"https:\/\/www.radiopiu.net\/wordpress\/wp-json\/wp\/v2\/tags?post=350867"}],"curies":[{"name":"wp","href":"https:\/\/api.w.org\/{rel}","templated":true}]}}