{"id":350914,"date":"2023-09-01T20:42:16","date_gmt":"2023-09-01T18:42:16","guid":{"rendered":"https:\/\/www.radiopiu.net\/wordpress\/?p=350914"},"modified":"2023-09-01T20:42:16","modified_gmt":"2023-09-01T18:42:16","slug":"motociclista-perde-la-vita-a-santa-croce-del-lago","status":"publish","type":"post","link":"https:\/\/www.radiopiu.net\/wordpress\/motociclista-perde-la-vita-a-santa-croce-del-lago\/","title":{"rendered":"MOTOCICLISTA PERDE LA VITA A SANTA CROCE DEL LAGO"},"content":{"rendered":"<p><strong>SANTA CROCE DEL LAGO<\/strong> Un tragico incidente si \u00e8 verificato sull&#8217;Alemagna poco dopo Santa Croce del Lago, dove un motociclista ha perso il controllo della sua moto e si \u00e8 schiantato contro il guardrail, perdendo la vita sul colpo. La vittima \u00e8 un 65enne di Venezia. La strada \u00e8 stata chiusa temporaneamente per i soccorsi e i rilievi delle forze dell&#8217;ordine. Sul luogo dell&#8217;incidente sono intervenute diverse squadre di soccorso, ma purtroppo ogni tentativo di salvare il motociclista \u00e8 stato inutile. Presente anche l&#8217;elicottero Falco2.<\/p>\n<p>&nbsp;<\/p>\n<p>&nbsp;<\/p>\n<p>*******<\/p>\n","protected":false},"excerpt":{"rendered":"<p>SANTA CROCE DEL LAGO Un tragico incidente si \u00e8 verificato sull&#8217;Alemagna poco dopo Santa Croce del Lago, dove un motociclista ha perso il controllo della sua moto e si \u00e8 schiantato contro il guardrail, perdendo la vita sul colpo. La vittima \u00e8 un 65enne di Venezia. La strada \u00e8 stata chiusa temporaneamente per i soccorsi&hellip;<\/p>\n","protected":false},"author":4,"featured_media":300263,"comment_status":"closed","ping_status":"closed","sticky":false,"template":"","format":"standard","meta":{"_monsterinsights_skip_tracking":false,"_monsterinsights_sitenote_active":false,"_monsterinsights_sitenote_note":"","_monsterinsights_sitenote_category":0,"footnotes":""},"categories":[51,49],"tags":[],"class_list":["post-350914","post","type-post","status-publish","format-standard","has-post-thumbnail","hentry","category-evidenza-top","category-news-18","category-51","category-49","description-off"],"img_url":"https:\/\/www.radiopiu.net\/wordpress\/wp-content\/uploads\/2022\/10\/P1130073-scaled.jpg","_links":{"self":[{"href":"https:\/\/www.radiopiu.net\/wordpress\/wp-json\/wp\/v2\/posts\/350914","targetHints":{"allow":["GET"]}}],"collection":[{"href":"https:\/\/www.radiopiu.net\/wordpress\/wp-json\/wp\/v2\/posts"}],"about":[{"href":"https:\/\/www.radiopiu.net\/wordpress\/wp-json\/wp\/v2\/types\/post"}],"author":[{"embeddable":true,"href":"https:\/\/www.radiopiu.net\/wordpress\/wp-json\/wp\/v2\/users\/4"}],"replies":[{"embeddable":true,"href":"https:\/\/www.radiopiu.net\/wordpress\/wp-json\/wp\/v2\/comments?post=350914"}],"version-history":[{"count":0,"href":"https:\/\/www.radiopiu.net\/wordpress\/wp-json\/wp\/v2\/posts\/350914\/revisions"}],"wp:featuredmedia":[{"embeddable":true,"href":"https:\/\/www.radiopiu.net\/wordpress\/wp-json\/wp\/v2\/media\/300263"}],"wp:attachment":[{"href":"https:\/\/www.radiopiu.net\/wordpress\/wp-json\/wp\/v2\/media?parent=350914"}],"wp:term":[{"taxonomy":"category","embeddable":true,"href":"https:\/\/www.radiopiu.net\/wordpress\/wp-json\/wp\/v2\/categories?post=350914"},{"taxonomy":"post_tag","embeddable":true,"href":"https:\/\/www.radiopiu.net\/wordpress\/wp-json\/wp\/v2\/tags?post=350914"}],"curies":[{"name":"wp","href":"https:\/\/api.w.org\/{rel}","templated":true}]}}