{"id":350929,"date":"2023-09-02T07:57:02","date_gmt":"2023-09-02T05:57:02","guid":{"rendered":"https:\/\/www.radiopiu.net\/wordpress\/?p=350929"},"modified":"2023-09-02T07:57:02","modified_gmt":"2023-09-02T05:57:02","slug":"dal-1983-tutti-i-giorni-alla-radiola-rassegna-stampa-locale-02-settembre-2023","status":"publish","type":"post","link":"https:\/\/www.radiopiu.net\/wordpress\/dal-1983-tutti-i-giorni-alla-radiola-rassegna-stampa-locale-02-settembre-2023\/","title":{"rendered":"DAL 1983 TUTTI I GIORNI ALLA RADIO\u2026LA RASSEGNA STAMPA LOCALE \u2013 02 SETTEMBRE 2023"},"content":{"rendered":"<p><iframe loading=\"lazy\" title=\"RASSEGNA STAMPA LOCALE - 02 SETTEMBRE 2023\" width=\"1200\" height=\"675\" src=\"https:\/\/www.youtube.com\/embed\/WwC_KKAV10s?feature=oembed\" frameborder=\"0\" allow=\"accelerometer; autoplay; clipboard-write; encrypted-media; gyroscope; picture-in-picture; web-share\" allowfullscreen><\/iframe><\/p>\n<p>&nbsp;<\/p>\n<hr \/>\n<p>&nbsp;<\/p>\n<p><strong>SP 563 SALESEI\u00a0<\/strong> Dal 4 al 18 settembre\u00a0in localit\u00e0 Digonera di Rocca Pietore interdizione al traffico dalle 8 alle 18. Negli altri orari senso unico alternato regolato da semaforo. <strong>SR 203 AGORDINA<\/strong>\u00a0localit\u00e0 La Pissa comune di Sedico,\u00a0dal 11 al 15 settembre\u00a0interruzioni temporanee al transito dalle 8 alle 9:35, dalle 9:50 alle 11:10, Dalle 11:25 alle 12:20 e dalle 14:25 alle 15:55<\/p>\n<p><strong>SANTA CROCE DEL LAGO<\/strong> Un tragico incidente si \u00e8 verificato ieri sull&#8217;Alemagna poco dopo Santa Croce del Lago, dove un motociclista ha perso il controllo della sua moto e si \u00e8 schiantato contro il guardrail, perdendo la vita sul colpo. La vittima \u00e8 un 65enne di Venezia.<\/p>\n<p><strong>FELTRE<\/strong> Una donna di 48 anni, residente a Caerano San Marco, ha perso il controllo dell&#8217;auto e si \u00e8 schiantata contro una parete di roccia, perdendo la vita sul colpo, vicino al ponte di Fener.<\/p>\n<p><strong>BELLUNO<\/strong> Il presidente del Comitato paritetico per la gestione dei Fondi dei Comuni di confine, Dario Bond, sta considerando l&#8217;opzione di aumentare la quota di gestione diretta del Comitato da 10% a 30% per i progetti di rete. Fino a quando i progetti attuali non verranno completati, il Comitato non programmer\u00e0 nuovi interventi.<\/p>\n<p><strong>LONGARONE <\/strong><span style=\"color: #00000a; font-family: Helvetica;\">Con una maggioranza schiacciante i lavoratori hanno approvato l\u2019ipotesi di accordo-quadro siglata mercoled\u00ec a Venezia da Femca Cisl e Uiltec Uil del Veneto per il passaggio a Th\u00e8lios e Innovatek dei 446 dipendenti dello stabilimento Safilo di Longarone<\/span><\/p>\n<p><strong>BORCA DI CADORE<\/strong> Nel tardo pomeriggio di gioved\u00ec \u00e8 stato attivato il Soccorso alpino di San Vito di Cadore, per zio e nipote, 65 anni di Roma e 12 anni di Mestre (VE), bloccati sulla frana di Tiera a Borca di Cadore.<\/p>\n<p><strong>AURONZO<\/strong> Si \u00e8 concluso ieri mattina alle 2.30 circa l&#8217;intervento del Soccorso alpino di Auronzo per recuperare due alpinisti olandesi, in difficolt\u00e0 al rientro da una via sulla Grande delle Tre Cime di Lavaredo.<\/p>\n<p><strong>BELLUNO <\/strong>La campagna abbonamenti \u00e8 pronta a partire. Al via da ieri i tesseramenti con InvestiScuola: gli studenti bellunesi potranno sottoscrivere i titoli di viaggio a prezzo calmierato, come da progetto della Provincia, Dolomiti Bus spa e del Consorzio Bim Piave.<\/p>\n<p><strong>BELLUNO<\/strong> Ieri\u00a0il Vescovo mons. Renato Marangoni, nel piazzale della Prefettura di Belluno, ha benedetto tre nuove ambulanze appena acquistate dall\u2019Ulss Dolomiti, alla presenza del Commissario Giuseppe Dal Ben, del vice prefetto Alessandro Sallusto, della rete dell\u2019emergenza-uregnza dell\u2019ulss Dolomiti con il primario del SUEM Giulio Trill\u00f2<\/p>\n<p><strong>BELLUNO<\/strong> La Provincia di Belluno attiver\u00e0 una somma urgenza per mettere in sicurezza il versante a monte della Sr 48 delle Dolomiti, in localit\u00e0 Passo Tre Croci. La decisione \u00e8 stata presa a margine della riunione\u00a0 in Prefettura, con Comune di Cortina, Veneto Strade, vigili del fuoco e forze dell\u2019ordine, convocata dal prefetto.<\/p>\n<p><strong>VENEZIA <\/strong>Anas ha programmato una fase intermedia dei lavori di manutenzione del al km 25,100 (Santa Giustina) della strada statale 50 \u201cdel Grappa e del Passo Rolle\u201d, in provincia di Belluno. Gli interventi, avviati ad inizio luglio, in concomitanza con la sospensione del servizio ferroviario consistono nel consolidamento delle spalle dell\u2019opera e nella successiva demolizione e ricostruzione integrale dell\u2019impalcato.<\/p>\n<p><strong>VENEZIA <\/strong>La Giunta regionale del Veneto ha redatto e approvato su proposta dell\u2019Assessore alla Sanit\u00e0 Manuela Lanzarin, trasmettendola alla competente Commissione del Consiglio regionale, la Relazione Socio Sanitaria 2023, riferita al quadro complessivo rilevato nel 2022.<\/p>\n<p><strong>CANALE D&#8217;AGORDO<\/strong> Il Comune ha un nuovo responsabile del servizio finanziario. Si tratta di Enrico Tancon al quale il sindaco Massimo Murer ha affidato ieri l&#8217;incarico con un decreto.<\/p>\n<p><strong>PONTE NELLE ALPI <\/strong>Salutata dall\u2019amministrazione comunale e dalle colleghe e colleghi del Comune, Gianna Burigo va in pensione, dopo quarant\u2019anni a servizio della comunit\u00e0 di Ponte nelle Alpi.<\/p>\n<p><strong>VAL DI ZOLDO <\/strong>Tutto pronto in Val di Zoldo per l\u2019edizione 2023 di Transpelmo, la skyrace del Monte Pelmo in programma per domenica 3 settembre e valida quale finale italiana del circuito Golden Trail National Series by Salomon.<\/p>\n<p>&nbsp;<\/p>\n<p>&nbsp;<\/p>\n<p>*****<\/p>\n","protected":false},"excerpt":{"rendered":"<p>&nbsp; &nbsp; SP 563 SALESEI\u00a0 Dal 4 al 18 settembre\u00a0in localit\u00e0 Digonera di Rocca Pietore interdizione al traffico dalle 8 alle 18. Negli altri orari senso unico alternato regolato da semaforo. SR 203 AGORDINA\u00a0localit\u00e0 La Pissa comune di Sedico,\u00a0dal 11 al 15 settembre\u00a0interruzioni temporanee al transito dalle 8 alle 9:35, dalle 9:50 alle 11:10, Dalle&hellip;<\/p>\n","protected":false},"author":4,"featured_media":350931,"comment_status":"closed","ping_status":"closed","sticky":false,"template":"","format":"standard","meta":{"_monsterinsights_skip_tracking":false,"_monsterinsights_sitenote_active":false,"_monsterinsights_sitenote_note":"","_monsterinsights_sitenote_category":0,"footnotes":""},"categories":[104,49],"tags":[],"class_list":["post-350929","post","type-post","status-publish","format-standard","has-post-thumbnail","hentry","category-evidenza_3","category-news-18","category-104","category-49","description-off"],"img_url":"https:\/\/www.radiopiu.net\/wordpress\/wp-content\/uploads\/2023\/09\/SCR-20230902-gasr.png","_links":{"self":[{"href":"https:\/\/www.radiopiu.net\/wordpress\/wp-json\/wp\/v2\/posts\/350929","targetHints":{"allow":["GET"]}}],"collection":[{"href":"https:\/\/www.radiopiu.net\/wordpress\/wp-json\/wp\/v2\/posts"}],"about":[{"href":"https:\/\/www.radiopiu.net\/wordpress\/wp-json\/wp\/v2\/types\/post"}],"author":[{"embeddable":true,"href":"https:\/\/www.radiopiu.net\/wordpress\/wp-json\/wp\/v2\/users\/4"}],"replies":[{"embeddable":true,"href":"https:\/\/www.radiopiu.net\/wordpress\/wp-json\/wp\/v2\/comments?post=350929"}],"version-history":[{"count":0,"href":"https:\/\/www.radiopiu.net\/wordpress\/wp-json\/wp\/v2\/posts\/350929\/revisions"}],"wp:featuredmedia":[{"embeddable":true,"href":"https:\/\/www.radiopiu.net\/wordpress\/wp-json\/wp\/v2\/media\/350931"}],"wp:attachment":[{"href":"https:\/\/www.radiopiu.net\/wordpress\/wp-json\/wp\/v2\/media?parent=350929"}],"wp:term":[{"taxonomy":"category","embeddable":true,"href":"https:\/\/www.radiopiu.net\/wordpress\/wp-json\/wp\/v2\/categories?post=350929"},{"taxonomy":"post_tag","embeddable":true,"href":"https:\/\/www.radiopiu.net\/wordpress\/wp-json\/wp\/v2\/tags?post=350929"}],"curies":[{"name":"wp","href":"https:\/\/api.w.org\/{rel}","templated":true}]}}