{"id":350940,"date":"2023-09-04T05:01:07","date_gmt":"2023-09-04T03:01:07","guid":{"rendered":"https:\/\/www.radiopiu.net\/wordpress\/?p=350940"},"modified":"2023-09-04T09:16:55","modified_gmt":"2023-09-04T07:16:55","slug":"giornale-radiopiu-04-settembre-2023-direttore-mirko-mezzacasada-40-anni-25-giugno-1983-25-giugno-2023","status":"publish","type":"post","link":"https:\/\/www.radiopiu.net\/wordpress\/giornale-radiopiu-04-settembre-2023-direttore-mirko-mezzacasada-40-anni-25-giugno-1983-25-giugno-2023\/","title":{"rendered":"GIORNALE RADIOPIU 04 SETTEMBRE 2023 DIRETTORE MIRKO MEZZACASA\u2026DA 40 ANNI 25 GIUGNO 1983-25 GIUGNO 2023"},"content":{"rendered":"<blockquote>\n<h3>RISVEGLIO SETTEMBRINO TRA IL LAGO DI ALLEGHE E IL CIVETTA<\/h3>\n<p>OGGI, 6.30 di Mara Mezzacasa<\/p><\/blockquote>\n<h2 style=\"text-align: left;\"><span style=\"color: #ff0000;\"><span style=\"vertical-align: inherit;\"><a class=\"dt-pswp-item\" href=\"https:\/\/www.radiopiu.net\/wordpress\/wp-content\/uploads\/2023\/09\/527f85a6-a170-4d56-88cd-9b0a76010b83.jpg\" data-dt-img-description=\"\" data-large_image_width=\"2016\" data-large_image_height=\"1512\"><img loading=\"lazy\" decoding=\"async\" class=\"size-medium wp-image-351067 aligncenter\" src=\"https:\/\/www.radiopiu.net\/wordpress\/wp-content\/uploads\/2023\/09\/527f85a6-a170-4d56-88cd-9b0a76010b83-300x225.jpg\" alt=\"\" width=\"300\" height=\"225\" srcset=\"https:\/\/www.radiopiu.net\/wordpress\/wp-content\/uploads\/2023\/09\/527f85a6-a170-4d56-88cd-9b0a76010b83-300x225.jpg 300w, https:\/\/www.radiopiu.net\/wordpress\/wp-content\/uploads\/2023\/09\/527f85a6-a170-4d56-88cd-9b0a76010b83-1024x768.jpg 1024w, https:\/\/www.radiopiu.net\/wordpress\/wp-content\/uploads\/2023\/09\/527f85a6-a170-4d56-88cd-9b0a76010b83-768x576.jpg 768w, https:\/\/www.radiopiu.net\/wordpress\/wp-content\/uploads\/2023\/09\/527f85a6-a170-4d56-88cd-9b0a76010b83-1536x1152.jpg 1536w, https:\/\/www.radiopiu.net\/wordpress\/wp-content\/uploads\/2023\/09\/527f85a6-a170-4d56-88cd-9b0a76010b83.jpg 2016w\" sizes=\"auto, (max-width: 300px) 100vw, 300px\" \/><\/a><\/span><\/span><\/h2>\n<h2><\/h2>\n<h2 style=\"text-align: left;\"><span style=\"color: #ff0000;\"><span style=\"vertical-align: inherit;\"><a class=\"dt-pswp-item\" href=\"https:\/\/www.radiopiu.net\/wordpress\/wp-content\/uploads\/2023\/04\/e0aad41d-951e-47b9-9fae-1a879a9bcb7e-1.jpg\" data-dt-img-description=\"\" data-large_image_width=\"1200\" data-large_image_height=\"1200\"><img loading=\"lazy\" decoding=\"async\" class=\"wp-image-333205 alignleft\" src=\"https:\/\/www.radiopiu.net\/wordpress\/wp-content\/uploads\/2023\/04\/e0aad41d-951e-47b9-9fae-1a879a9bcb7e-1-300x300.jpg\" alt=\"\" width=\"110\" height=\"110\" srcset=\"https:\/\/www.radiopiu.net\/wordpress\/wp-content\/uploads\/2023\/04\/e0aad41d-951e-47b9-9fae-1a879a9bcb7e-1-300x300.jpg 300w, https:\/\/www.radiopiu.net\/wordpress\/wp-content\/uploads\/2023\/04\/e0aad41d-951e-47b9-9fae-1a879a9bcb7e-1-1024x1024.jpg 1024w, https:\/\/www.radiopiu.net\/wordpress\/wp-content\/uploads\/2023\/04\/e0aad41d-951e-47b9-9fae-1a879a9bcb7e-1-150x150.jpg 150w, https:\/\/www.radiopiu.net\/wordpress\/wp-content\/uploads\/2023\/04\/e0aad41d-951e-47b9-9fae-1a879a9bcb7e-1-768x768.jpg 768w, https:\/\/www.radiopiu.net\/wordpress\/wp-content\/uploads\/2023\/04\/e0aad41d-951e-47b9-9fae-1a879a9bcb7e-1.jpg 1200w\" sizes=\"auto, (max-width: 110px) 100vw, 110px\" \/><\/a><\/span><\/span><\/h2>\n<h1 class=\"entry-title\">40esimo di RADIOPIU\u2026. LA VOCE DELL\u2019EMOZIONE<\/h1>\n<h2><span style=\"color: #ff0000;\">ISCRIVITI AL NOSTRO CANALE\u00a0\u00a0YOUTUBE PER SEGUIRE IN DIRETTA I PRINCIPALI PROGRAMMI DI RADIO PIU\u2019 E LE FUTURE DIRETTE IN ESTERNA. PER ISCRIVERTI\u00a0<a style=\"color: #ff0000;\" href=\"https:\/\/youtube.com\/@radiopiu1527\">CLICCA QUI\u00a0<\/a>E PREMI\u00a0 \u201cIscriviti\u201d<\/span><\/h2>\n<p>&nbsp;<\/p>\n<p><a class=\"dt-pswp-item\" href=\"https:\/\/www.radiopiu.net\/wordpress\/wp-content\/uploads\/2023\/08\/sersa-ok-1.jpg\" data-dt-img-description=\"\" data-large_image_width=\"300\" data-large_image_height=\"300\"><img loading=\"lazy\" decoding=\"async\" class=\"size-full wp-image-349822 aligncenter\" src=\"https:\/\/www.radiopiu.net\/wordpress\/wp-content\/uploads\/2023\/08\/sersa-ok-1.jpg\" alt=\"\" width=\"300\" height=\"300\" srcset=\"https:\/\/www.radiopiu.net\/wordpress\/wp-content\/uploads\/2023\/08\/sersa-ok-1.jpg 300w, https:\/\/www.radiopiu.net\/wordpress\/wp-content\/uploads\/2023\/08\/sersa-ok-1-150x150.jpg 150w\" sizes=\"auto, (max-width: 300px) 100vw, 300px\" \/><\/a><\/p>\n<p>&nbsp;<\/p>\n<p>&nbsp;<\/p>\n<hr \/>\n<p>&nbsp;<\/p>\n<blockquote>\n<h3><\/h3>\n<\/blockquote>\n<p><span style=\"color: #ff0000;\"><strong>OGGI LUNEDI 4 SETTEMBRE LA STRADA PER DIGONERA RIMANE APERTA A SENSO UNICO ALTERNATO TUTTO IL GIORNO<\/strong><\/span><\/p>\n<p><strong>SR 203 AGORDINA<\/strong>\u00a0localit\u00e0 La Pissa comune di Sedico,\u00a0dal 11 al 15 settembre\u00a0interruzioni temporanee al transito dalle 8 alle 9:35, dalle 9:50 alle 11:10, Dalle 11:25 alle 12:20 e dalle 14:25 alle 15:55<\/p>\n<p>&nbsp;<\/p>\n<hr \/>\n<p>&nbsp;<\/p>\n<blockquote>\n<h3>ACQUA NON POTABILE A COLLE SANTA LUCIA<\/h3>\n<\/blockquote>\n<p>Gestione Servizi Pubblici informa che a COLLE SANTA LUCIA in localit\u00e0 RUCAVA&#8217;,\u00a0COLCUC, FEDARE,POSALZ, CANAZEI, TIE\u2019, BELVEDERE e ROVEI l&#8217;acqua erogata dall&#8217;acquedotto non \u00e8 potabile e non pu\u00f2 essere usata per scopi alimentari. Verr\u00e0 effettuato servizio sostitutivo con cisterna in centro a Rucav\u00e0 per gli abitanti della frazione. GSP ha, comunque, gi\u00e0 adottato le necessarie misure per la disinfezione dell&#8217;acqua presente nei serbatoi e nella rete idrica con l&#8217;aggiunta di cloro.<\/p>\n<p>&nbsp;<\/p>\n<blockquote>\n<h3>LAVORI PROGRAMMATI BIM GSP<\/h3>\n<\/blockquote>\n<p><strong>COLLE SANTA LUCIA<\/strong> Gestione Servizi Pubblici informa che, per lavori alla rete idrica comunale, marted\u00ec dalle 8:00 a FINE LAVORI, verr\u00e0 sospesa l\u2019erogazione dell\u2019acqua a COLLE S.LUCIA nelle LOCALITA&#8217; PIAN, FOSSAL e CODALONGA. Il personale addetto operer\u00e0 per limitare il pi\u00f9 possibile i disagi alla popolazione.<\/p>\n<p>&nbsp;<\/p>\n<p>&nbsp;<\/p>\n<hr \/>\n<p>&nbsp;<\/p>\n<blockquote>\n<h3>PRECIPITA DAL MONTE SPERONE E PERDE LA VITA<\/h3>\n<\/blockquote>\n<p><strong>SOSPIROLO <\/strong>Si sono concluse ieri poco prima di mezzogiorno le operazioni di recupero del corpo senza vita di un escursionista, precipitato dalla cresta del Monte Sperone. Questa notte attorno all&#8217;una e trenta \u00e8 stato attivato il Soccorso alpino di Belluno, a seguito della chiamata del figlio di Maurizio Raccanello, 69 anni, di San Fior (TV),\u00a0 non rientrato ieri da una camminata in zona Croce di Susin, Monte Sperone, la cui auto era stata rinvenuta ancora parcheggiata in localit\u00e0 Staul del Doro. L&#8217;ultimo messaggio, in cui diceva che tutto andava bene, era arrivato sabato verso le 12.20, di seguito il cellulare era risultato libero senza risposta, per poi non suonare pi\u00f9. Una squadra di soccorritori &#8211; sul posto presenti i Vigili del fuoco &#8211; \u00e8 salita nella notte fino al Col del Dof, posto a met\u00e0 tra Croce di Susin e Monte Sperone, e, non notando tracce recenti di passaggio in direzione Croce di Susin, ha proseguito fino alla cima del Col del Dof, per poi scendere il versante opposto e prendere la normale al Monte Sperone per andare a controllare il libro di vetta. Lungo il percorso i soccorritori hanno controllato i canali verso la Valle del Mis, finch\u00e9 sul filo di cresta non hanno trovato una racchetta abbandonata sul sentiero. Confrontatisi con il figlio e appurato che l&#8217;uomo le avesse con s\u00e9, la squadra si \u00e8 calata per una sessantina di metri, trovando segni di scivolamento e rami rotti. Risaliti sul sentiero, mentre un volontario restava nel punto sulla verticale, altri due tornavano indietro per poi arrivare alla base della parete dello Sperone e da l\u00ec percorrere le rampe erbose di traverso verso l&#8217;alto. Cos\u00ec, avanzati di 200 metri, i soccorritori hanno individuato il corpo senza vita dell&#8217;uomo, ruzzolato dal sentiero per circa 130 metri, appoggiato addosso a un cespuglio di alberi. Data la presenza della fitta vegetazione, poich\u00e9 le eliambulanza erano impegnate in altre missioni, non appena la nebbia lo ha permesso, l&#8217;elicottero dell&#8217;Air service center, convenzionato con il Soccorso alpino Dolomiti Bellunesi, ha sbarcato un tecnico provvisto di motosega, per liberare un varco tra gli alberi e facilitare il recupero, e trasportato sul sentiero soprastante una seconda squadra e due Vigili del fuoco, per attrezzare la calata del soccorritore e di supporto alle operazioni. Pulita la zona del recupero, la salma \u00e8 stata imbarellata e spostata utilizzando un gancio baricentrico di 50 metri, per essere lasciata a Sospirolo e affidata al carro funebre e ai Carabinieri. I soccorritori sul sentiero sono stati imbarcati e portati a valle, mentre i tre ancora in parete sono scesi autonomamente.<\/p>\n\n\t\t\t<style type='text\/css'>\n\t\t\t\t#gallery-1 {\n\t\t\t\t\tmargin: auto;\n\t\t\t\t}\n\t\t\t\t#gallery-1 .gallery-item {\n\t\t\t\t\tfloat: left;\n\t\t\t\t\tmargin-top: 10px;\n\t\t\t\t\ttext-align: center;\n\t\t\t\t\twidth: 25%;\n\t\t\t\t}\n\t\t\t\t#gallery-1 img {\n\t\t\t\t\tborder: 2px solid #cfcfcf;\n\t\t\t\t}\n\t\t\t\t#gallery-1 .gallery-caption {\n\t\t\t\t\tmargin-left: 0;\n\t\t\t\t}\n\t\t\t\t\/* see gallery_shortcode() in wp-includes\/media.php *\/\n\t\t\t<\/style>\n\t\t<div id='gallery-1' class='dt-gallery-container gallery galleryid-350940 gallery-columns-4 gallery-size-medium'><dl class='gallery-item'>\n\t\t\t\t<dt class='gallery-icon portrait'>\n\t\t\t\t\t<a class=\"rollover rollover-zoom dt-pswp-item\" title=\"Watermark_20230903_131719_855\" data-dt-img-description=\"\" data-large_image_width=\"1773\" data-large_image_height=\"2364\"href='https:\/\/www.radiopiu.net\/wordpress\/wp-content\/uploads\/2023\/09\/Watermark_20230903_131719_855.jpg'><img loading=\"lazy\" decoding=\"async\" width=\"225\" height=\"300\" src=\"https:\/\/www.radiopiu.net\/wordpress\/wp-content\/uploads\/2023\/09\/Watermark_20230903_131719_855-225x300.jpg\" class=\"attachment-medium size-medium\" alt=\"\" srcset=\"https:\/\/www.radiopiu.net\/wordpress\/wp-content\/uploads\/2023\/09\/Watermark_20230903_131719_855-225x300.jpg 225w, https:\/\/www.radiopiu.net\/wordpress\/wp-content\/uploads\/2023\/09\/Watermark_20230903_131719_855-768x1024.jpg 768w, https:\/\/www.radiopiu.net\/wordpress\/wp-content\/uploads\/2023\/09\/Watermark_20230903_131719_855-1152x1536.jpg 1152w, https:\/\/www.radiopiu.net\/wordpress\/wp-content\/uploads\/2023\/09\/Watermark_20230903_131719_855-1536x2048.jpg 1536w, https:\/\/www.radiopiu.net\/wordpress\/wp-content\/uploads\/2023\/09\/Watermark_20230903_131719_855.jpg 1773w\" sizes=\"auto, (max-width: 225px) 100vw, 225px\" \/><\/a>\n\t\t\t\t<\/dt><\/dl><dl class='gallery-item'>\n\t\t\t\t<dt class='gallery-icon landscape'>\n\t\t\t\t\t<a class=\"rollover rollover-zoom dt-pswp-item\" title=\"Watermark_20230903_131645_554\" data-dt-img-description=\"\" data-large_image_width=\"2364\" data-large_image_height=\"1773\"href='https:\/\/www.radiopiu.net\/wordpress\/wp-content\/uploads\/2023\/09\/Watermark_20230903_131645_554.jpg'><img loading=\"lazy\" decoding=\"async\" width=\"300\" height=\"225\" src=\"https:\/\/www.radiopiu.net\/wordpress\/wp-content\/uploads\/2023\/09\/Watermark_20230903_131645_554-300x225.jpg\" class=\"attachment-medium size-medium\" alt=\"\" srcset=\"https:\/\/www.radiopiu.net\/wordpress\/wp-content\/uploads\/2023\/09\/Watermark_20230903_131645_554-300x225.jpg 300w, https:\/\/www.radiopiu.net\/wordpress\/wp-content\/uploads\/2023\/09\/Watermark_20230903_131645_554-1024x768.jpg 1024w, https:\/\/www.radiopiu.net\/wordpress\/wp-content\/uploads\/2023\/09\/Watermark_20230903_131645_554-768x576.jpg 768w, https:\/\/www.radiopiu.net\/wordpress\/wp-content\/uploads\/2023\/09\/Watermark_20230903_131645_554-1536x1152.jpg 1536w, https:\/\/www.radiopiu.net\/wordpress\/wp-content\/uploads\/2023\/09\/Watermark_20230903_131645_554-2048x1536.jpg 2048w\" sizes=\"auto, (max-width: 300px) 100vw, 300px\" \/><\/a>\n\t\t\t\t<\/dt><\/dl><dl class='gallery-item'>\n\t\t\t\t<dt class='gallery-icon portrait'>\n\t\t\t\t\t<a class=\"rollover rollover-zoom dt-pswp-item\" title=\"Watermark_20230903_131742_980\" data-dt-img-description=\"\" data-large_image_width=\"1773\" data-large_image_height=\"2364\"href='https:\/\/www.radiopiu.net\/wordpress\/wp-content\/uploads\/2023\/09\/Watermark_20230903_131742_980.jpg'><img loading=\"lazy\" decoding=\"async\" width=\"225\" height=\"300\" src=\"https:\/\/www.radiopiu.net\/wordpress\/wp-content\/uploads\/2023\/09\/Watermark_20230903_131742_980-225x300.jpg\" class=\"attachment-medium size-medium\" alt=\"\" srcset=\"https:\/\/www.radiopiu.net\/wordpress\/wp-content\/uploads\/2023\/09\/Watermark_20230903_131742_980-225x300.jpg 225w, https:\/\/www.radiopiu.net\/wordpress\/wp-content\/uploads\/2023\/09\/Watermark_20230903_131742_980-768x1024.jpg 768w, https:\/\/www.radiopiu.net\/wordpress\/wp-content\/uploads\/2023\/09\/Watermark_20230903_131742_980-1152x1536.jpg 1152w, https:\/\/www.radiopiu.net\/wordpress\/wp-content\/uploads\/2023\/09\/Watermark_20230903_131742_980-1536x2048.jpg 1536w, https:\/\/www.radiopiu.net\/wordpress\/wp-content\/uploads\/2023\/09\/Watermark_20230903_131742_980.jpg 1773w\" sizes=\"auto, (max-width: 225px) 100vw, 225px\" \/><\/a>\n\t\t\t\t<\/dt><\/dl><dl class='gallery-item'>\n\t\t\t\t<dt class='gallery-icon portrait'>\n\t\t\t\t\t<a class=\"rollover rollover-zoom dt-pswp-item\" title=\"Watermark_20230903_131631_636\" data-dt-img-description=\"\" data-large_image_width=\"1773\" data-large_image_height=\"2364\"href='https:\/\/www.radiopiu.net\/wordpress\/wp-content\/uploads\/2023\/09\/Watermark_20230903_131631_636.jpg'><img loading=\"lazy\" decoding=\"async\" width=\"225\" height=\"300\" src=\"https:\/\/www.radiopiu.net\/wordpress\/wp-content\/uploads\/2023\/09\/Watermark_20230903_131631_636-225x300.jpg\" class=\"attachment-medium size-medium\" alt=\"\" srcset=\"https:\/\/www.radiopiu.net\/wordpress\/wp-content\/uploads\/2023\/09\/Watermark_20230903_131631_636-225x300.jpg 225w, https:\/\/www.radiopiu.net\/wordpress\/wp-content\/uploads\/2023\/09\/Watermark_20230903_131631_636-768x1024.jpg 768w, https:\/\/www.radiopiu.net\/wordpress\/wp-content\/uploads\/2023\/09\/Watermark_20230903_131631_636-1152x1536.jpg 1152w, https:\/\/www.radiopiu.net\/wordpress\/wp-content\/uploads\/2023\/09\/Watermark_20230903_131631_636-1536x2048.jpg 1536w, https:\/\/www.radiopiu.net\/wordpress\/wp-content\/uploads\/2023\/09\/Watermark_20230903_131631_636.jpg 1773w\" sizes=\"auto, (max-width: 225px) 100vw, 225px\" \/><\/a>\n\t\t\t\t<\/dt><\/dl><br style=\"clear: both\" \/>\n\t\t\t<\/div>\n\n<p>&nbsp;<\/p>\n<p>&nbsp;<\/p>\n<p>&nbsp;<\/p>\n<hr \/>\n<p>&nbsp;<\/p>\n<blockquote>\n<h3>DUE INTERVENTI NELLA NOTTE PER IL SOCCORSO ALPINO<\/h3>\n<\/blockquote>\n<p><a class=\"dt-pswp-item\" href=\"https:\/\/www.radiopiu.net\/wordpress\/wp-content\/uploads\/2023\/09\/Watermark_20230902_082346_440.jpg\" data-dt-img-description=\"\" data-large_image_width=\"1773\" data-large_image_height=\"2364\"><img loading=\"lazy\" decoding=\"async\" class=\" wp-image-350957 alignleft\" src=\"https:\/\/www.radiopiu.net\/wordpress\/wp-content\/uploads\/2023\/09\/Watermark_20230902_082346_440-225x300.jpg\" alt=\"\" width=\"146\" height=\"195\" srcset=\"https:\/\/www.radiopiu.net\/wordpress\/wp-content\/uploads\/2023\/09\/Watermark_20230902_082346_440-225x300.jpg 225w, https:\/\/www.radiopiu.net\/wordpress\/wp-content\/uploads\/2023\/09\/Watermark_20230902_082346_440-768x1024.jpg 768w, https:\/\/www.radiopiu.net\/wordpress\/wp-content\/uploads\/2023\/09\/Watermark_20230902_082346_440-1152x1536.jpg 1152w, https:\/\/www.radiopiu.net\/wordpress\/wp-content\/uploads\/2023\/09\/Watermark_20230902_082346_440-1536x2048.jpg 1536w, https:\/\/www.radiopiu.net\/wordpress\/wp-content\/uploads\/2023\/09\/Watermark_20230902_082346_440.jpg 1773w\" sizes=\"auto, (max-width: 146px) 100vw, 146px\" \/><\/a>Sono due gli interventi che hanno tenuto a lungo impegnate nella notte tra venerd\u00ec e sabato le squadre del Soccorso alpino di Auronzo e della Guardia di finanza, sulle Tre Cime di Lavaredo, e del Soccorso alpino di San Vito di Cadore sul Sorapis.<\/p>\n<p><strong>CORTINA <\/strong>Venerd\u00ec\u00a0passate le 19 la Centrale del 118 ha ricevuto la chiamata di due alpinisti della Repubblica Ceca di 27 e 29 anni che, completata la scalata dello Spigolo Dibona, erano usciti fuori traccia e non riuscivano pi\u00f9 a orientarsi sulla via normale per il rientro dalla Cima Grande di Lavaredo, pur avendo provato a dare loro indicazioni telefoniche. L&#8217;elicottero del Suem di Pieve di Cadore \u00e8 quindi volato sulle Tre Cime per cercare di recuperarli, ma fin dall&#8217;inizio \u00e8 stato chiaro che sarebbe stato molto difficile si aprisse un varco tra le nuvole in quota e la nebbia in basso. L&#8217;eliambulanza ha infatti effettuato alcuni tentativi senza purtroppo riuscire ed \u00e8 dovuta rientrare alla base. Sono quindi partiti 4 soccorritori della Stazione di Auronzo e 4 della Guardia di finanza che, risaliti lungo la normale fin sopra la Piramide, li hanno visti, raggiunti e riaccompagnati al Rifugio Lavaredo dove hanno passato la notte. L&#8217;intervento si \u00e8 concluso alle 2.<\/p>\n<p><strong>SAN VITO DI CADORE <\/strong>Attorno alle 20 \u00e8 stato invece attivato il Soccorso alpino di San Vito di Cadore per due escursionisti 36enni di Chioggia (VE), che erano usciti fuori traccia sul Sentiero Minazio. I due erano partiti dal Passo Tre Croci per il giro del Sorapis. Saliti al Vandelli, avevano completato la Ferrata Vandelli, superato il Bivacco Comici e stavano percorrendo il saliscendi di non facile orientamento del Minazio, diretti al Bivacco Slataper per dormire e poi ripartire questa mattina e completare il giro con la Ferrata Berti. A Circa 2.300 metri di quota sono per\u00f2 usciti dell&#8217;itinerario e hanno chiesto aiuto, non riuscendo pi\u00f9 a muoversi. Una squadra \u00e8 salita da Forcella Grande e, facendo affidamento sulle coordinate abbastanza precise della loro posizione, li hanno individuati verso le 22.40. Stavano bene, erano solo stanchi e hanno camminato in autonomia al seguito dei soccorritori che li hanno riportati sul sentiero. Scesi ai mezzi, i due uomini sono poi stati accompagnati alla loro macchina al Tre Croci. L&#8217;intervento si \u00e8 concluso alle 2.40.<\/p>\n<p>&nbsp;<\/p>\n<p>&nbsp;<\/p>\n<hr \/>\n<p>&nbsp;<\/p>\n<blockquote>\n<h3 dir=\"auto\">SOCCORSA COPPIA IN CERCA DI FUNGHI. AVEVANO PERSO L&#8217;ORIENTAMENTO<\/h3>\n<\/blockquote>\n<p><strong>CANALE D&#8217;AGORDO <\/strong>Sabato passato mezzogiorno e mezza, la Centrale del 118 \u00e8 stata contattata da marito e moglie che, andando in cerca di funghi non distante dalla sterrata che sale al Rifugio Lagazzon, avevano perso l&#8217;orientamento e non sapevano pi\u00f9 dove si trovavano. Risaliti alle coordinate e verificato che non erano distanti, si \u00e8 tentato di ricondurli sulla strada dando loro indicazioni telefoniche, ma la signora di 82 anni, di Ravenna, era affaticata e non pi\u00f9 in grado di muoversi. Una squadra del Soccorso alpino della Val Biois \u00e8 quindi salita in jeep per poi raggiungere a piedi la coppia. Marito, di 84 anni, e moglie sono stati aiutati a tornare sulla strada e da l\u00ec accompagnati al loro mezzo.<\/p>\n<p>&nbsp;<\/p>\n<p>&nbsp;<\/p>\n<hr \/>\n<p>&nbsp;<\/p>\n<blockquote>\n<h3>MALORE PER UN CICLISTA SUL SENTIERO DEL RIFUGIO CROSET<\/h3>\n<\/blockquote>\n<p><strong>LAMON<\/strong> Attorno alle 14.30 di ieri \u00e8 scattato l&#8217;allarme per un ciclista che si era sentito poco bene, mentre con amici stava percorrendo il sentiero dal Rifugio Croset verso Lamon. Un compagno \u00e8 quindi sceso in localit\u00e0 Bellotti per dare\u00a0 l&#8217;allarme e un medico che si trovava sul posto \u00e8 risalito con lui e ha assistito il 60enne di Borgo Valsugana (TN) colto da malore, riaccompagnandolo in discesa fino a localit\u00e0 Bellotti, dove \u00e8 sopraggiunto Falco 2. Preso in carico dall&#8217;equipe medica, l&#8217;uomo \u00e8 stato issato a bordo con un verricello di 30 metri e trasportato all&#8217;ospedale di Feltre per le verifiche del caso.<\/p>\n<p>&nbsp;<\/p>\n<p>&nbsp;<\/p>\n<hr \/>\n<p>&nbsp;<\/p>\n<blockquote>\n<h3>PARCHEGGIO A LOCALITA&#8217; LE BUSCHE E POSTI A SEDERE AL CAMPO DI CALCIO. I PROGETTI DEL COMUNE DI FALCADE<\/h3>\n<\/blockquote>\n<p><strong><a class=\"dt-pswp-item\" href=\"https:\/\/www.radiopiu.net\/wordpress\/wp-content\/uploads\/2022\/12\/MUNICIPIO-FALCADE.png\" data-dt-img-description=\"\" data-large_image_width=\"941\" data-large_image_height=\"655\"><img loading=\"lazy\" decoding=\"async\" class=\" wp-image-314065 alignleft\" src=\"https:\/\/www.radiopiu.net\/wordpress\/wp-content\/uploads\/2022\/12\/MUNICIPIO-FALCADE-300x209.png\" alt=\"\" width=\"167\" height=\"116\" srcset=\"https:\/\/www.radiopiu.net\/wordpress\/wp-content\/uploads\/2022\/12\/MUNICIPIO-FALCADE-300x209.png 300w, https:\/\/www.radiopiu.net\/wordpress\/wp-content\/uploads\/2022\/12\/MUNICIPIO-FALCADE-768x535.png 768w, https:\/\/www.radiopiu.net\/wordpress\/wp-content\/uploads\/2022\/12\/MUNICIPIO-FALCADE.png 941w\" sizes=\"auto, (max-width: 167px) 100vw, 167px\" \/><\/a>FALCADE<\/strong><\/p>\n<p>di Gianni Santomaso<\/p>\n<audio class=\"wp-audio-shortcode\" id=\"audio-350940-1\" preload=\"none\" style=\"width: 100%;\" controls=\"controls\"><source type=\"audio\/mpeg\" src=\"https:\/\/www.radiopiu.net\/wordpress\/wp-content\/uploads\/2023\/09\/GIANNI-PARCHEGGIO-A-LOCALITA-LE-BUSCHE-E-POSTI-A-SEDERE-AL-CAMPO-DI-CALCIO.-I-PROGETTI-DEL-COMUNE-DI-FALCADE.mp3?_=1\" \/><a href=\"https:\/\/www.radiopiu.net\/wordpress\/wp-content\/uploads\/2023\/09\/GIANNI-PARCHEGGIO-A-LOCALITA-LE-BUSCHE-E-POSTI-A-SEDERE-AL-CAMPO-DI-CALCIO.-I-PROGETTI-DEL-COMUNE-DI-FALCADE.mp3\">https:\/\/www.radiopiu.net\/wordpress\/wp-content\/uploads\/2023\/09\/GIANNI-PARCHEGGIO-A-LOCALITA-LE-BUSCHE-E-POSTI-A-SEDERE-AL-CAMPO-DI-CALCIO.-I-PROGETTI-DEL-COMUNE-DI-FALCADE.mp3<\/a><\/audio>\n<p>&nbsp;<\/p>\n<hr \/>\n<p>&nbsp;<\/p>\n<blockquote>\n<h3>ULSS 1 DOLOMITI: CONFERITI I PRIMI 17 INCARICHI DIRIGENZIALI PER SANITARI<\/h3>\n<\/blockquote>\n<p><strong><a class=\"dt-pswp-item\" href=\"https:\/\/www.radiopiu.net\/wordpress\/wp-content\/uploads\/2023\/09\/WhatsApp-Image-2023-09-02-at-07.55.57.jpeg\" data-dt-img-description=\"\" data-large_image_width=\"1024\" data-large_image_height=\"768\"><img loading=\"lazy\" decoding=\"async\" class=\" wp-image-350944 alignleft\" src=\"https:\/\/www.radiopiu.net\/wordpress\/wp-content\/uploads\/2023\/09\/WhatsApp-Image-2023-09-02-at-07.55.57-300x225.jpeg\" alt=\"\" width=\"216\" height=\"162\" srcset=\"https:\/\/www.radiopiu.net\/wordpress\/wp-content\/uploads\/2023\/09\/WhatsApp-Image-2023-09-02-at-07.55.57-300x225.jpeg 300w, https:\/\/www.radiopiu.net\/wordpress\/wp-content\/uploads\/2023\/09\/WhatsApp-Image-2023-09-02-at-07.55.57-768x576.jpeg 768w, https:\/\/www.radiopiu.net\/wordpress\/wp-content\/uploads\/2023\/09\/WhatsApp-Image-2023-09-02-at-07.55.57.jpeg 1024w\" sizes=\"auto, (max-width: 216px) 100vw, 216px\" \/><\/a>BELLUNO <\/strong>Sono stati conferiti, con deliberazione del Direttore Generale, i primi 17 incarichi dirigenziali di direzione di struttura semplice e di altissima professionalit\u00e0. Nello scorso mese di luglio, infatti, l\u2019Ulss Dolomiti ha siglato un accordo con le organizzazioni sindacali dei dirigenti dell\u2019area sanitaria per l\u2019individuazione, graduazione ed affidamento delle funzioni dirigenziali e del correlato valore economico. L\u2019Azienda ha, quindi, prima avviato le procedure per il conferimento dei primi 37 incarichi vacanti di direzione di unit\u00e0 operativa semplice dipartimentale, unit\u00e0 operativa semplice (gi\u00e0 previsti in atto aziendale) e di altissima professionalit\u00e0 e alta professionalit\u00e0. Ieri si \u00e8 concluso l\u2019iter degli avvisi con un\u2019unica candidatura e sono stati assegnati i primi 17 incarichi. Nello specifico, sono stati incaricati i dottori: Giorgio Guazzelli \u2013 U.O.S. Chirurgia Mininvasiva (Ostetricia e Ginecologia Feltre); Marco Tollardo \u2013 U.O.S. Epatologia di Feltre (Gastroenterologia Feltre); Elsa Galeotti \u2013 U.O.S. Terapia Intensiva di Feltre (Anestesia e Rianimazione Feltre), Valentina Sitta \u2013 U.O.S. Coordinamento Gruppo Operatorio (Anestesia e Rianimazione Feltre); Sergio Alessio \u2013 U.O.S. OBI Agordo (Pronto Soccorso Agordo); Edda Enzo \u2013 U.O.S. Medicina del sonno (Pneumologia Feltre); Elisabetta Dal Pont \u2013 U.O.S. Endoscopia digestiva in rete (Gastroenterologia Belluno); Stefania Peterle \u2013 U.O.S. Servizio Salute e Ambiente (Servizio di Igiene e Sanit\u00e0 pubblica); Piergiorgio Della Lucia \u2013 U.O.S. Laboratori in Rete (Laboratorio Analisi Belluno); Alessandra D\u2019Urso \u2013 U.O.S. Biologia Molecolare Oncologica (Anatomia e Istologia Patologica Feltre); Enrico Alberioli \u2013 U.O.S. Diagnostica RM (Radiologia Feltre); Luca Mario \u2013 U.O.S. UCIC Belluno (Cardiologia UCIC Belluno); Matteo Vincenzi \u2013 U.O.S. Radiologia Interventistica (Radiologia Belluno). Per quanto riguarda gli incarichi di altissima professionalit\u00e0, sono stati incaricati i seguenti dirigenti medici: Enrico Francione \u2013 Prevenzione e Controllo delle Antropozoonosi in ambiente montano (Servizio veterinario di Sanit\u00e0 Animale-area A); Carlo Ammendolea \u2013 Diagnostica non invasiva e imaging cardiovascolare (Cardiologia UCIC Belluno); Lucia Parissenti \u2013 Cardiologia di Agordo (Medicina Generale Agordo); Carla Manuppelli \u2013 Attivit\u00e0 di epatologia (Medicina Generale Belluno). Gli incarichi conferiti avranno una durata di cinque anni, a partire dal 1 settembre 2023, con possibilit\u00e0 di rinnovo.<\/p>\n<p>&nbsp;<\/p>\n<p>&nbsp;<\/p>\n<hr \/>\n<p>&nbsp;<\/p>\n<blockquote>\n<h3 class=\"entry-title\">TRUFFE TELEFONICHE AGLI ANZIANI: UN TENTATIVO RECENTE A BELLUNO<\/h3>\n<\/blockquote>\n<p><strong class=\"photoswipe-wrapper\"><a class=\"dt-pswp-item pspw-wrap-ready\" href=\"https:\/\/www.radiopiu.net\/wordpress\/wp-content\/uploads\/2023\/08\/sersa-ok.jpg\" data-dt-img-description=\"\" data-large_image_width=\"300\" data-large_image_height=\"300\"><img loading=\"lazy\" decoding=\"async\" class=\"size-full wp-image-349820 alignleft\" src=\"https:\/\/www.radiopiu.net\/wordpress\/wp-content\/uploads\/2023\/08\/sersa-ok.jpg\" sizes=\"auto, (max-width: 300px) 100vw, 300px\" srcset=\"https:\/\/www.radiopiu.net\/wordpress\/wp-content\/uploads\/2023\/08\/sersa-ok.jpg 300w, https:\/\/www.radiopiu.net\/wordpress\/wp-content\/uploads\/2023\/08\/sersa-ok-150x150.jpg 150w\" alt=\"\" width=\"300\" height=\"300\" \/><\/a>BELLUNO<\/strong>\u00a0Una recente truffa telefonica ai danni di un anziano \u00e8 stata sventata grazie alla prontezza di una madre e all\u2019aiuto di un vicino attento. Lo ha reso noto pubblicamente su facebook il figlio.<\/p>\n<p>Il tentativo di truffa \u00e8 avvenuto ieri mattina a Belluno, quando un truffatore ha contattato telefonicamente la madre di Michele , spacciandosi per un Carabiniere. Il truffatore ha cercato di convincere la signora Sacchet che suo figlio aveva investito una signora incinta sulle strisce pedonali, causando la morte di un bambino. Successivamente, hanno chiesto alla madre la disponibilit\u00e0 di portare oggetti preziosi, sostenendo che la moglie di Michele era gi\u00e0 andata in banca, ma che servivano 40.000 euro per avviare il processo di risarcimento, altrimenti suo figlio sarebbe finito in galera. La situazione \u00e8 diventata ancor pi\u00f9 agghiacciante quando il truffatore ha passato il telefono a un uomo che si \u00e8 finto Michele Sacchet, simulando un pianto disperato. Questa tattica emotiva ha scosso profondamente la madre, che si \u00e8 trovata in uno stato di grande angoscia. Fortunatamente, la signora\u00a0 ha deciso di verificare la situazione prima di agire.\u00a0 Incoraggiata da un vicino di casa, che ha gentilmente offerto il suo aiuto, la signora si \u00e8 recata dai Carabinieri per segnalare l\u2019accaduto. Le autorit\u00e0 hanno confermato che si tratta di un tentativo di truffa noto nella zona. Questa vicenda mette in luce l\u2019importanza dell\u2019attenzione e della prontezza di spirito nelle situazioni di truffa telefonica, in particolare quando si tratta di anziani. \u00c8 fondamentale informare i genitori e i nonni di come comportarsi in caso di telefonate simili, incoraggiandoli a chiamare vari membri della famiglia per verificare la situazione e a non aprire la porta a estranei. Inoltre, \u00e8 consigliabile evitare di usare il telefono di casa, poich\u00e9 potrebbe essere pi\u00f9 facilmente intercettabile, optando invece per un cellulare dedicato alla famiglia. Speriamo che, nonostante l\u2019uso di un numero nascosto, le autorit\u00e0 competenti possano identificare e arrestare i responsabili di questo vile tentativo di truffa. La comunit\u00e0 \u00e8 chiamata a rimanere vigile e a sensibilizzare i propri cari sugli stratagemmi utilizzati dai truffatori telefonici.<\/p>\n<blockquote><p><em>\u201cPrima di uscire mia madrea \u2013 racconta tra l\u2019altro Michele \u2013 ha chiamato casa mia (ha il numero registrato sul suo telefono) e, cosa davvero preoccupante, alla chiamata ha risposto una donna che si \u00e8 finta mia moglie! E a casa mia, dove per tutta la mattinata c\u2019erano sia mia moglie che mia figlia, telefonate non ne sono arrivate!<\/em><\/p><\/blockquote>\n<p>&nbsp;<\/p>\n<p>&nbsp;<\/p>\n<hr \/>\n<p>&nbsp;<\/p>\n<blockquote>\n<h3>DILLO A RADIO PIU&#8217;&#8230;QUANDO TRA AVOSCAN E CENCENIGHE I TEMPI DI PERCORRENZA SONO BIBLICI<\/h3>\n<\/blockquote>\n<p><strong><a class=\"dt-pswp-item\" href=\"https:\/\/www.radiopiu.net\/wordpress\/wp-content\/uploads\/2023\/09\/01281f51-e097-4f42-a198-9e00217862cd.jpg\" data-dt-img-description=\"\" data-large_image_width=\"2048\" data-large_image_height=\"1536\"><img loading=\"lazy\" decoding=\"async\" class=\" wp-image-351036 alignleft\" src=\"https:\/\/www.radiopiu.net\/wordpress\/wp-content\/uploads\/2023\/09\/01281f51-e097-4f42-a198-9e00217862cd-300x225.jpg\" alt=\"\" width=\"169\" height=\"127\" srcset=\"https:\/\/www.radiopiu.net\/wordpress\/wp-content\/uploads\/2023\/09\/01281f51-e097-4f42-a198-9e00217862cd-300x225.jpg 300w, https:\/\/www.radiopiu.net\/wordpress\/wp-content\/uploads\/2023\/09\/01281f51-e097-4f42-a198-9e00217862cd-1024x768.jpg 1024w, https:\/\/www.radiopiu.net\/wordpress\/wp-content\/uploads\/2023\/09\/01281f51-e097-4f42-a198-9e00217862cd-768x576.jpg 768w, https:\/\/www.radiopiu.net\/wordpress\/wp-content\/uploads\/2023\/09\/01281f51-e097-4f42-a198-9e00217862cd-1536x1152.jpg 1536w, https:\/\/www.radiopiu.net\/wordpress\/wp-content\/uploads\/2023\/09\/01281f51-e097-4f42-a198-9e00217862cd.jpg 2048w\" sizes=\"auto, (max-width: 169px) 100vw, 169px\" \/><\/a>REDAZIONE<\/strong> Riceviamo e volentieri pubblichiamo.<\/p>\n<p>Questa \u00e8 la coda che c&#8217;\u00e8 per superare quel pezzetto di senso unico alternato del tratto Avoscan-Cencenighe. In discesa \u00e8 l&#8217;ora del rientro e in salita ne ho contate quattro. In questo caso sta regolando il traffico un semaforo che ha tempi uguali per andata e ritorno. Non si poteva provvedere ad un semaforo ad orario in cui nel momento di maggiore congestione del traffico le tempistiche del verde siano state pi\u00f9 lunghe per il traffico in discesa?<\/p>\n<p>Maria Rosa Salmazo<\/p>\n<p>&nbsp;<\/p>\n<p>&nbsp;<\/p>\n<hr \/>\n<p>&nbsp;<\/p>\n<blockquote>\n<h3>DA DOMANI CHIUDE LA COMUNALE DI CENCENIGHE CHE PORTA A CHENET E VAL PIANI<\/h3>\n<\/blockquote>\n<p><strong><a class=\"dt-pswp-item\" href=\"https:\/\/www.radiopiu.net\/wordpress\/wp-content\/uploads\/2022\/11\/CENCENIGHE-NOF-FILO.png\" data-dt-img-description=\"\" data-large_image_width=\"1494\" data-large_image_height=\"962\"><img loading=\"lazy\" decoding=\"async\" class=\" wp-image-308445 alignleft\" src=\"https:\/\/www.radiopiu.net\/wordpress\/wp-content\/uploads\/2022\/11\/CENCENIGHE-NOF-FILO-300x193.png\" alt=\"\" width=\"204\" height=\"131\" srcset=\"https:\/\/www.radiopiu.net\/wordpress\/wp-content\/uploads\/2022\/11\/CENCENIGHE-NOF-FILO-300x193.png 300w, https:\/\/www.radiopiu.net\/wordpress\/wp-content\/uploads\/2022\/11\/CENCENIGHE-NOF-FILO-1024x659.png 1024w, https:\/\/www.radiopiu.net\/wordpress\/wp-content\/uploads\/2022\/11\/CENCENIGHE-NOF-FILO-768x495.png 768w, https:\/\/www.radiopiu.net\/wordpress\/wp-content\/uploads\/2022\/11\/CENCENIGHE-NOF-FILO.png 1494w\" sizes=\"auto, (max-width: 204px) 100vw, 204px\" \/><\/a>CENCENIGHE<\/strong><\/p>\n<p>di Gianni Santomaso<\/p>\n<audio class=\"wp-audio-shortcode\" id=\"audio-350940-2\" preload=\"none\" style=\"width: 100%;\" controls=\"controls\"><source type=\"audio\/mpeg\" src=\"https:\/\/www.radiopiu.net\/wordpress\/wp-content\/uploads\/2023\/09\/GIANNI-DA-MARTEDI-CHIUDE-LA-COMUNALE-DI-SAN-TOMASO-CHE-D-AVOSCAN-PORTA-A-VAL-PIANI.mp3?_=2\" \/><a href=\"https:\/\/www.radiopiu.net\/wordpress\/wp-content\/uploads\/2023\/09\/GIANNI-DA-MARTEDI-CHIUDE-LA-COMUNALE-DI-SAN-TOMASO-CHE-D-AVOSCAN-PORTA-A-VAL-PIANI.mp3\">https:\/\/www.radiopiu.net\/wordpress\/wp-content\/uploads\/2023\/09\/GIANNI-DA-MARTEDI-CHIUDE-LA-COMUNALE-DI-SAN-TOMASO-CHE-D-AVOSCAN-PORTA-A-VAL-PIANI.mp3<\/a><\/audio>\n<p>&nbsp;<\/p>\n<hr \/>\n<p>&nbsp;<\/p>\n<blockquote>\n<h3>DOMANI LA PRESENTAZIONE DELLA VACANZA ESTREMA<\/h3>\n<\/blockquote>\n<p><strong><a class=\"dt-pswp-item\" href=\"https:\/\/www.radiopiu.net\/wordpress\/wp-content\/uploads\/2023\/07\/rifugio-sasso-bianco.jpg\" data-dt-img-description=\"\" data-large_image_width=\"640\" data-large_image_height=\"360\"><img loading=\"lazy\" decoding=\"async\" class=\" wp-image-346264 alignleft\" src=\"https:\/\/www.radiopiu.net\/wordpress\/wp-content\/uploads\/2023\/07\/rifugio-sasso-bianco-300x169.jpg\" alt=\"\" width=\"224\" height=\"126\" srcset=\"https:\/\/www.radiopiu.net\/wordpress\/wp-content\/uploads\/2023\/07\/rifugio-sasso-bianco-300x169.jpg 300w, https:\/\/www.radiopiu.net\/wordpress\/wp-content\/uploads\/2023\/07\/rifugio-sasso-bianco.jpg 640w\" sizes=\"auto, (max-width: 224px) 100vw, 224px\" \/><\/a>ROCCA PIETORE<\/strong> Domani alle 10 nella sala consigliare di Rocca Pietore verr\u00e0 presentato il progetto Vacanza Estrema. Attraverso un&#8217;azione di promozione innovativa, si \u00e8 cercato di attirare un turista poco consapevole e responsabile per una vacanza sostenibile dal 5 al 9 settembre a Rocca Pietore ed Alleghe, alle pendici del monte Sasso Bianco. L&#8217;iniziativa \u00e8 parte del Progetto Integrato territoriale di valorizzazione turistica del Medio Alto Agordino, finanziato dal Fondo dei Comuni Confinanti, promosso da sette Comuni della provincia di Belluno. La campagna \u00e8 coordinata da Destination Makers srl Societ\u00e0 Benefit, che ha anche organizzato la campagna &#8220;Recharge in Nature &#8211; Rifugi senza cellulare&#8221;.<\/p>\n<p>&nbsp;<\/p>\n<p>&nbsp;<\/p>\n<hr \/>\n<p>&nbsp;<\/p>\n<blockquote>\n<h3>IL RINGRAZIAMENTO A LUCIANO DAL PONT DA PARTE DEL CASTION CALCIO<\/h3>\n<\/blockquote>\n<p><strong>di Flavio Battiston<\/strong><\/p>\n<p><strong>BELLUNO <\/strong>A Castion calcio fa rima con Ciano, al secolo Luciano Dal Pont classe 1938. E questo binomio ha una storia che e\u0300 durata oltre 55 anni. Chiunque abbia un\u2019eta\u0300 anagrafica da definirsi \u201cadulto\u201d e abbia indossato la maglia bianco-verde nelle formazioni giovanili della locale squadra, ha avuto Ciano come allenatore. Difficile, forse impossibile, enumerare tutti i bambini e i ragazzi che hanno corso, calciato quel pallone che non voleva mai entrare in porta, gioito per una vittoria e sofferto per una sconfitta con Luciano Dal Pont in panchina. E altrettanto incalcolabile le ore che Ciano ha trascorso al capo sportivo Savaris e gli scarpini che ha allacciato! Non sono certo molti i mister che hanno allenato sia il padre che il figlio: Ciano si puo\u0300 vantare anche di questo. Ecco perche\u0301 l\u2019USD Castion ha organizzato domenica 3 settembre una semplice, ma significativa cerimonia per rendere omaggio e ringraziare questo uomo di sport ed esempio di dedizione e di volontariato per la comunita\u0300. Infatti, Luciano ha sempre dato un notevole contributo anche al Gruppo sportivo Castionese seguendo gli atleti nella corsa e nello sci di fondo. Il presidente del USD Castion Edy Rossa ha consegnato a Ciano una targa in ricordo della sua pluriennale attivita\u0300 a servizio della compagine bianco-verde, ma soprattutto delle famiglie che sempre hanno visto in lui una sicurezza e un punto di riferimento. Alla parte ufficiale e\u0300 seguito un momento conviviale con un pranzo che e\u0300 stato un riflesso dell\u2019operato di mister Ciano in quanto allo stesso tavolo sedevano generazioni molto diverse: dai bambini piccoli fino ai coetanei del festeggiato. \u201cAppese le scarpe al chiodo\u201d, come suona il motto popolare, Luciano continua, comunque, ad accompagnare e a interessarsi delle vicende sportive della \u201csua\u201d squadra e soprattutto vuole sempre essere informato sui suoi ragazzi, molti dei quali ormai uomini adulti, che in lui hanno avuto senza dubbio un \u201ceducatore\u201d come ha sottolineato nel suo intervento l\u2019ex presidente biancoverde Giampaolo Bortot. E la E maiuscola non e\u0300 certo retorica in quanto il nostro protagonista ha trasmesso \u201cla passione, l\u2019impegno, la dedizione e l\u2019educazione per vivere lo sport in maniera sana\u201d citando le parole di Alessandro Caviola intervenuto durante la cerimonia a nome dell\u2019intera comunita\u0300 castionese.<\/p>\n\n\t\t\t<style type='text\/css'>\n\t\t\t\t#gallery-2 {\n\t\t\t\t\tmargin: auto;\n\t\t\t\t}\n\t\t\t\t#gallery-2 .gallery-item {\n\t\t\t\t\tfloat: left;\n\t\t\t\t\tmargin-top: 10px;\n\t\t\t\t\ttext-align: center;\n\t\t\t\t\twidth: 33%;\n\t\t\t\t}\n\t\t\t\t#gallery-2 img {\n\t\t\t\t\tborder: 2px solid #cfcfcf;\n\t\t\t\t}\n\t\t\t\t#gallery-2 .gallery-caption {\n\t\t\t\t\tmargin-left: 0;\n\t\t\t\t}\n\t\t\t\t\/* see gallery_shortcode() in wp-includes\/media.php *\/\n\t\t\t<\/style>\n\t\t<div id='gallery-2' class='dt-gallery-container gallery galleryid-350940 gallery-columns-3 gallery-size-medium'><dl class='gallery-item'>\n\t\t\t\t<dt class='gallery-icon landscape'>\n\t\t\t\t\t<a class=\"rollover rollover-zoom dt-pswp-item\" title=\"4947224c-843b-4f40-89a2-a6d6fc2f57d6\" data-dt-img-description=\"\" data-large_image_width=\"1600\" data-large_image_height=\"1200\"href='https:\/\/www.radiopiu.net\/wordpress\/wp-content\/uploads\/2023\/09\/4947224c-843b-4f40-89a2-a6d6fc2f57d6.jpg'><img loading=\"lazy\" decoding=\"async\" width=\"300\" height=\"225\" src=\"https:\/\/www.radiopiu.net\/wordpress\/wp-content\/uploads\/2023\/09\/4947224c-843b-4f40-89a2-a6d6fc2f57d6-300x225.jpg\" class=\"attachment-medium size-medium\" alt=\"\" srcset=\"https:\/\/www.radiopiu.net\/wordpress\/wp-content\/uploads\/2023\/09\/4947224c-843b-4f40-89a2-a6d6fc2f57d6-300x225.jpg 300w, https:\/\/www.radiopiu.net\/wordpress\/wp-content\/uploads\/2023\/09\/4947224c-843b-4f40-89a2-a6d6fc2f57d6-1024x768.jpg 1024w, https:\/\/www.radiopiu.net\/wordpress\/wp-content\/uploads\/2023\/09\/4947224c-843b-4f40-89a2-a6d6fc2f57d6-768x576.jpg 768w, https:\/\/www.radiopiu.net\/wordpress\/wp-content\/uploads\/2023\/09\/4947224c-843b-4f40-89a2-a6d6fc2f57d6-1536x1152.jpg 1536w, https:\/\/www.radiopiu.net\/wordpress\/wp-content\/uploads\/2023\/09\/4947224c-843b-4f40-89a2-a6d6fc2f57d6.jpg 1600w\" sizes=\"auto, (max-width: 300px) 100vw, 300px\" \/><\/a>\n\t\t\t\t<\/dt><\/dl><dl class='gallery-item'>\n\t\t\t\t<dt class='gallery-icon landscape'>\n\t\t\t\t\t<a class=\"rollover rollover-zoom dt-pswp-item\" title=\"755b0c12-01f3-4ad9-a81c-93a5b2390f32\" data-dt-img-description=\"\" data-large_image_width=\"1600\" data-large_image_height=\"1200\"href='https:\/\/www.radiopiu.net\/wordpress\/wp-content\/uploads\/2023\/09\/755b0c12-01f3-4ad9-a81c-93a5b2390f32.jpg'><img loading=\"lazy\" decoding=\"async\" width=\"300\" height=\"225\" src=\"https:\/\/www.radiopiu.net\/wordpress\/wp-content\/uploads\/2023\/09\/755b0c12-01f3-4ad9-a81c-93a5b2390f32-300x225.jpg\" class=\"attachment-medium size-medium\" alt=\"\" srcset=\"https:\/\/www.radiopiu.net\/wordpress\/wp-content\/uploads\/2023\/09\/755b0c12-01f3-4ad9-a81c-93a5b2390f32-300x225.jpg 300w, https:\/\/www.radiopiu.net\/wordpress\/wp-content\/uploads\/2023\/09\/755b0c12-01f3-4ad9-a81c-93a5b2390f32-1024x768.jpg 1024w, https:\/\/www.radiopiu.net\/wordpress\/wp-content\/uploads\/2023\/09\/755b0c12-01f3-4ad9-a81c-93a5b2390f32-768x576.jpg 768w, https:\/\/www.radiopiu.net\/wordpress\/wp-content\/uploads\/2023\/09\/755b0c12-01f3-4ad9-a81c-93a5b2390f32-1536x1152.jpg 1536w, https:\/\/www.radiopiu.net\/wordpress\/wp-content\/uploads\/2023\/09\/755b0c12-01f3-4ad9-a81c-93a5b2390f32.jpg 1600w\" sizes=\"auto, (max-width: 300px) 100vw, 300px\" \/><\/a>\n\t\t\t\t<\/dt><\/dl><dl class='gallery-item'>\n\t\t\t\t<dt class='gallery-icon landscape'>\n\t\t\t\t\t<a class=\"rollover rollover-zoom dt-pswp-item\" title=\"3e77f9d6-97f7-4f65-a2bf-ca1fb138257c\" data-dt-img-description=\"\" data-large_image_width=\"1600\" data-large_image_height=\"1200\"href='https:\/\/www.radiopiu.net\/wordpress\/wp-content\/uploads\/2023\/09\/3e77f9d6-97f7-4f65-a2bf-ca1fb138257c.jpg'><img loading=\"lazy\" decoding=\"async\" width=\"300\" height=\"225\" src=\"https:\/\/www.radiopiu.net\/wordpress\/wp-content\/uploads\/2023\/09\/3e77f9d6-97f7-4f65-a2bf-ca1fb138257c-300x225.jpg\" class=\"attachment-medium size-medium\" alt=\"\" srcset=\"https:\/\/www.radiopiu.net\/wordpress\/wp-content\/uploads\/2023\/09\/3e77f9d6-97f7-4f65-a2bf-ca1fb138257c-300x225.jpg 300w, https:\/\/www.radiopiu.net\/wordpress\/wp-content\/uploads\/2023\/09\/3e77f9d6-97f7-4f65-a2bf-ca1fb138257c-1024x768.jpg 1024w, https:\/\/www.radiopiu.net\/wordpress\/wp-content\/uploads\/2023\/09\/3e77f9d6-97f7-4f65-a2bf-ca1fb138257c-768x576.jpg 768w, https:\/\/www.radiopiu.net\/wordpress\/wp-content\/uploads\/2023\/09\/3e77f9d6-97f7-4f65-a2bf-ca1fb138257c-1536x1152.jpg 1536w, https:\/\/www.radiopiu.net\/wordpress\/wp-content\/uploads\/2023\/09\/3e77f9d6-97f7-4f65-a2bf-ca1fb138257c.jpg 1600w\" sizes=\"auto, (max-width: 300px) 100vw, 300px\" \/><\/a>\n\t\t\t\t<\/dt><\/dl><br style=\"clear: both\" \/><dl class='gallery-item'>\n\t\t\t\t<dt class='gallery-icon landscape'>\n\t\t\t\t\t<a class=\"rollover rollover-zoom dt-pswp-item\" title=\"6cdbd2f6-f619-4a12-87ea-8f0a89cbe00b\" data-dt-img-description=\"\" data-large_image_width=\"1600\" data-large_image_height=\"1200\"href='https:\/\/www.radiopiu.net\/wordpress\/wp-content\/uploads\/2023\/09\/6cdbd2f6-f619-4a12-87ea-8f0a89cbe00b.jpg'><img loading=\"lazy\" decoding=\"async\" width=\"300\" height=\"225\" src=\"https:\/\/www.radiopiu.net\/wordpress\/wp-content\/uploads\/2023\/09\/6cdbd2f6-f619-4a12-87ea-8f0a89cbe00b-300x225.jpg\" class=\"attachment-medium size-medium\" alt=\"\" srcset=\"https:\/\/www.radiopiu.net\/wordpress\/wp-content\/uploads\/2023\/09\/6cdbd2f6-f619-4a12-87ea-8f0a89cbe00b-300x225.jpg 300w, https:\/\/www.radiopiu.net\/wordpress\/wp-content\/uploads\/2023\/09\/6cdbd2f6-f619-4a12-87ea-8f0a89cbe00b-1024x768.jpg 1024w, https:\/\/www.radiopiu.net\/wordpress\/wp-content\/uploads\/2023\/09\/6cdbd2f6-f619-4a12-87ea-8f0a89cbe00b-768x576.jpg 768w, https:\/\/www.radiopiu.net\/wordpress\/wp-content\/uploads\/2023\/09\/6cdbd2f6-f619-4a12-87ea-8f0a89cbe00b-1536x1152.jpg 1536w, https:\/\/www.radiopiu.net\/wordpress\/wp-content\/uploads\/2023\/09\/6cdbd2f6-f619-4a12-87ea-8f0a89cbe00b.jpg 1600w\" sizes=\"auto, (max-width: 300px) 100vw, 300px\" \/><\/a>\n\t\t\t\t<\/dt><\/dl><dl class='gallery-item'>\n\t\t\t\t<dt class='gallery-icon landscape'>\n\t\t\t\t\t<a class=\"rollover rollover-zoom dt-pswp-item\" title=\"d0ccfe0b-e0fc-491d-9fd8-ff9e69a68426\" data-dt-img-description=\"\" data-large_image_width=\"1600\" data-large_image_height=\"1200\"href='https:\/\/www.radiopiu.net\/wordpress\/wp-content\/uploads\/2023\/09\/d0ccfe0b-e0fc-491d-9fd8-ff9e69a68426.jpg'><img loading=\"lazy\" decoding=\"async\" width=\"300\" height=\"225\" src=\"https:\/\/www.radiopiu.net\/wordpress\/wp-content\/uploads\/2023\/09\/d0ccfe0b-e0fc-491d-9fd8-ff9e69a68426-300x225.jpg\" class=\"attachment-medium size-medium\" alt=\"\" srcset=\"https:\/\/www.radiopiu.net\/wordpress\/wp-content\/uploads\/2023\/09\/d0ccfe0b-e0fc-491d-9fd8-ff9e69a68426-300x225.jpg 300w, https:\/\/www.radiopiu.net\/wordpress\/wp-content\/uploads\/2023\/09\/d0ccfe0b-e0fc-491d-9fd8-ff9e69a68426-1024x768.jpg 1024w, https:\/\/www.radiopiu.net\/wordpress\/wp-content\/uploads\/2023\/09\/d0ccfe0b-e0fc-491d-9fd8-ff9e69a68426-768x576.jpg 768w, https:\/\/www.radiopiu.net\/wordpress\/wp-content\/uploads\/2023\/09\/d0ccfe0b-e0fc-491d-9fd8-ff9e69a68426-1536x1152.jpg 1536w, https:\/\/www.radiopiu.net\/wordpress\/wp-content\/uploads\/2023\/09\/d0ccfe0b-e0fc-491d-9fd8-ff9e69a68426.jpg 1600w\" sizes=\"auto, (max-width: 300px) 100vw, 300px\" \/><\/a>\n\t\t\t\t<\/dt><\/dl><dl class='gallery-item'>\n\t\t\t\t<dt class='gallery-icon landscape'>\n\t\t\t\t\t<a class=\"rollover rollover-zoom dt-pswp-item\" title=\"9991c19c-f3a7-4dc2-98f2-ef4c9d002a86\" data-dt-img-description=\"\" data-large_image_width=\"1600\" data-large_image_height=\"1200\"href='https:\/\/www.radiopiu.net\/wordpress\/wp-content\/uploads\/2023\/09\/9991c19c-f3a7-4dc2-98f2-ef4c9d002a86.jpg'><img loading=\"lazy\" decoding=\"async\" width=\"300\" height=\"225\" src=\"https:\/\/www.radiopiu.net\/wordpress\/wp-content\/uploads\/2023\/09\/9991c19c-f3a7-4dc2-98f2-ef4c9d002a86-300x225.jpg\" class=\"attachment-medium size-medium\" alt=\"\" srcset=\"https:\/\/www.radiopiu.net\/wordpress\/wp-content\/uploads\/2023\/09\/9991c19c-f3a7-4dc2-98f2-ef4c9d002a86-300x225.jpg 300w, https:\/\/www.radiopiu.net\/wordpress\/wp-content\/uploads\/2023\/09\/9991c19c-f3a7-4dc2-98f2-ef4c9d002a86-1024x768.jpg 1024w, https:\/\/www.radiopiu.net\/wordpress\/wp-content\/uploads\/2023\/09\/9991c19c-f3a7-4dc2-98f2-ef4c9d002a86-768x576.jpg 768w, https:\/\/www.radiopiu.net\/wordpress\/wp-content\/uploads\/2023\/09\/9991c19c-f3a7-4dc2-98f2-ef4c9d002a86-1536x1152.jpg 1536w, https:\/\/www.radiopiu.net\/wordpress\/wp-content\/uploads\/2023\/09\/9991c19c-f3a7-4dc2-98f2-ef4c9d002a86.jpg 1600w\" sizes=\"auto, (max-width: 300px) 100vw, 300px\" \/><\/a>\n\t\t\t\t<\/dt><\/dl><br style=\"clear: both\" \/>\n\t\t\t<\/div>\n\n<p>&nbsp;<\/p>\n<hr \/>\n<p>&nbsp;<\/p>\n<blockquote>\n<h3><strong>CARABINIERI. GEN. DE LISO NUOVO COMANDANTE LEGIONE VENETO<\/strong><\/h3>\n<\/blockquote>\n<p><strong><a class=\"dt-pswp-item\" href=\"https:\/\/www.radiopiu.net\/wordpress\/wp-content\/uploads\/2021\/10\/police-3394767__480.jpg\" data-dt-img-description=\"\" data-large_image_width=\"719\" data-large_image_height=\"480\"><img loading=\"lazy\" decoding=\"async\" class=\" wp-image-239926 alignleft\" src=\"https:\/\/www.radiopiu.net\/wordpress\/wp-content\/uploads\/2021\/10\/police-3394767__480-300x200.jpg\" alt=\"\" width=\"164\" height=\"109\" srcset=\"https:\/\/www.radiopiu.net\/wordpress\/wp-content\/uploads\/2021\/10\/police-3394767__480-300x200.jpg 300w, https:\/\/www.radiopiu.net\/wordpress\/wp-content\/uploads\/2021\/10\/police-3394767__480.jpg 719w\" sizes=\"auto, (max-width: 164px) 100vw, 164px\" \/><\/a>VENEZIA <\/strong>\u201cCon la sua grande esperienza e l\u2019acume che lo hanno contraddistinto, il Generale Giuseppe De Liso \u00e8 quanto di meglio si potesse chiedere per assumere il comando della Legione Carabinieri Veneto. L\u2019uomo che ha contribuito all\u2019arresto di oltre 400 mafiosi in Sicilia e a prendere il boss Matteo Messina Denaro, sapr\u00e0 dare alla lotta per la legalit\u00e0 e contro la delinquenza in Veneto tutte le risposte che i cittadini si aspettano. Il tessuto sociale \u00e8 profondamente diverso, ma richiede comunque importanti doti di vigilanza e prevenzione\u201d. Con queste parole, il Presidente della Regione Veneto, Luca Zaia, rivolge il suo benvenuto al Generale Giuseppe De Liso che domani assumer\u00e0 il comando della Legione Carabinieri Veneto.<\/p>\n<p>&nbsp;<\/p>\n<p>&nbsp;<\/p>\n<hr \/>\n<p>&nbsp;<\/p>\n<blockquote>\n<h3><span dir=\"ltr\" role=\"presentation\">GUARDIA DI FINANZA: ESODO E CONTROESODO ESTIVO. IL BILANCIO DI UN MESE DI <\/span><span dir=\"ltr\" role=\"presentation\">CONTROLLI, SULLE STRADE E AUTOSTRADE, IN MATERIA DI PREZZI DEI <\/span><span dir=\"ltr\" role=\"presentation\">CARBURANTI<\/span><\/h3>\n<\/blockquote>\n<p><strong><a class=\"dt-pswp-item\" href=\"https:\/\/www.radiopiu.net\/wordpress\/wp-content\/uploads\/2021\/07\/2eb8f214-39a6-4e15-bd1e-539b9100c08b.jpg\" data-dt-img-description=\"\" data-large_image_width=\"1080\" data-large_image_height=\"719\"><img loading=\"lazy\" decoding=\"async\" class=\" wp-image-222506 alignleft\" src=\"https:\/\/www.radiopiu.net\/wordpress\/wp-content\/uploads\/2021\/07\/2eb8f214-39a6-4e15-bd1e-539b9100c08b-300x200.jpg\" alt=\"\" width=\"173\" height=\"115\" srcset=\"https:\/\/www.radiopiu.net\/wordpress\/wp-content\/uploads\/2021\/07\/2eb8f214-39a6-4e15-bd1e-539b9100c08b-300x200.jpg 300w, https:\/\/www.radiopiu.net\/wordpress\/wp-content\/uploads\/2021\/07\/2eb8f214-39a6-4e15-bd1e-539b9100c08b-1024x682.jpg 1024w, https:\/\/www.radiopiu.net\/wordpress\/wp-content\/uploads\/2021\/07\/2eb8f214-39a6-4e15-bd1e-539b9100c08b-768x511.jpg 768w, https:\/\/www.radiopiu.net\/wordpress\/wp-content\/uploads\/2021\/07\/2eb8f214-39a6-4e15-bd1e-539b9100c08b.jpg 1080w\" sizes=\"auto, (max-width: 173px) 100vw, 173px\" \/><\/a>ROMA<\/strong> Durante il mese di agosto, soprattutto durante il periodo di ferragosto e del controesodo estivo, la Guardia di Finanza ha intensificato i controlli sui prezzi dei carburanti al consumo. Sono stati effettuati 2.424 interventi, con 659 casi di irregolarit\u00e0 riscontrate. Questi controlli sono stati diretti a 171 distributori autostradali e 2.253 impianti su altre strade. Sono state contestate 1.439 violazioni, di cui 570 per la mancata esposizione dei prezzi o discrepanze rispetto a quelli indicati e 869 per la mancata comunicazione dei prezzi all&#8217;Osservaprezzi carburanti del Ministero delle imprese. Queste azioni di controllo continueranno fino alla fine dell&#8217;anno e mirano anche a verificare l&#8217;adempimento degli obblighi fiscali e la qualit\u00e0 del prodotto venduto.<\/p>\n<p>&nbsp;<\/p>\n<p>&nbsp;<\/p>\n<hr \/>\n<p>&nbsp;<\/p>\n<blockquote>\n<h3>DALLA SAGRA DELL&#8217;ORZO DI SAN TOMASO<\/h3>\n<\/blockquote>\n<p><strong>LA DIRETTA RADIO PIU&#8217;<\/strong><\/p>\n<p>https:\/\/www.facebook.com\/mirko.mezzacasa\/videos\/827247342269516<\/p>\n<p>&nbsp;<\/p>\n\n\t\t\t<style type='text\/css'>\n\t\t\t\t#gallery-3 {\n\t\t\t\t\tmargin: auto;\n\t\t\t\t}\n\t\t\t\t#gallery-3 .gallery-item {\n\t\t\t\t\tfloat: left;\n\t\t\t\t\tmargin-top: 10px;\n\t\t\t\t\ttext-align: center;\n\t\t\t\t\twidth: 25%;\n\t\t\t\t}\n\t\t\t\t#gallery-3 img {\n\t\t\t\t\tborder: 2px solid #cfcfcf;\n\t\t\t\t}\n\t\t\t\t#gallery-3 .gallery-caption {\n\t\t\t\t\tmargin-left: 0;\n\t\t\t\t}\n\t\t\t\t\/* see gallery_shortcode() in wp-includes\/media.php *\/\n\t\t\t<\/style>\n\t\t<div id='gallery-3' class='dt-gallery-container gallery galleryid-350940 gallery-columns-4 gallery-size-medium'><dl class='gallery-item'>\n\t\t\t\t<dt class='gallery-icon landscape'>\n\t\t\t\t\t<a class=\"rollover rollover-zoom dt-pswp-item\" title=\"2adec95c-82fb-45d9-9e31-88a8cb8b765b\" data-dt-img-description=\"\" data-large_image_width=\"1024\" data-large_image_height=\"768\"href='https:\/\/www.radiopiu.net\/wordpress\/wp-content\/uploads\/2023\/09\/2adec95c-82fb-45d9-9e31-88a8cb8b765b.jpg'><img loading=\"lazy\" decoding=\"async\" width=\"300\" height=\"225\" src=\"https:\/\/www.radiopiu.net\/wordpress\/wp-content\/uploads\/2023\/09\/2adec95c-82fb-45d9-9e31-88a8cb8b765b-300x225.jpg\" class=\"attachment-medium size-medium\" alt=\"\" srcset=\"https:\/\/www.radiopiu.net\/wordpress\/wp-content\/uploads\/2023\/09\/2adec95c-82fb-45d9-9e31-88a8cb8b765b-300x225.jpg 300w, https:\/\/www.radiopiu.net\/wordpress\/wp-content\/uploads\/2023\/09\/2adec95c-82fb-45d9-9e31-88a8cb8b765b-768x576.jpg 768w, https:\/\/www.radiopiu.net\/wordpress\/wp-content\/uploads\/2023\/09\/2adec95c-82fb-45d9-9e31-88a8cb8b765b.jpg 1024w\" sizes=\"auto, (max-width: 300px) 100vw, 300px\" \/><\/a>\n\t\t\t\t<\/dt><\/dl><dl class='gallery-item'>\n\t\t\t\t<dt class='gallery-icon landscape'>\n\t\t\t\t\t<a class=\"rollover rollover-zoom dt-pswp-item\" title=\"c1de6b97-843b-45e2-a297-dac300ca0f19\" data-dt-img-description=\"\" data-large_image_width=\"2048\" data-large_image_height=\"1536\"href='https:\/\/www.radiopiu.net\/wordpress\/wp-content\/uploads\/2023\/09\/c1de6b97-843b-45e2-a297-dac300ca0f19.jpg'><img loading=\"lazy\" decoding=\"async\" width=\"300\" height=\"225\" src=\"https:\/\/www.radiopiu.net\/wordpress\/wp-content\/uploads\/2023\/09\/c1de6b97-843b-45e2-a297-dac300ca0f19-300x225.jpg\" class=\"attachment-medium size-medium\" alt=\"\" srcset=\"https:\/\/www.radiopiu.net\/wordpress\/wp-content\/uploads\/2023\/09\/c1de6b97-843b-45e2-a297-dac300ca0f19-300x225.jpg 300w, https:\/\/www.radiopiu.net\/wordpress\/wp-content\/uploads\/2023\/09\/c1de6b97-843b-45e2-a297-dac300ca0f19-1024x768.jpg 1024w, https:\/\/www.radiopiu.net\/wordpress\/wp-content\/uploads\/2023\/09\/c1de6b97-843b-45e2-a297-dac300ca0f19-768x576.jpg 768w, https:\/\/www.radiopiu.net\/wordpress\/wp-content\/uploads\/2023\/09\/c1de6b97-843b-45e2-a297-dac300ca0f19-1536x1152.jpg 1536w, https:\/\/www.radiopiu.net\/wordpress\/wp-content\/uploads\/2023\/09\/c1de6b97-843b-45e2-a297-dac300ca0f19.jpg 2048w\" sizes=\"auto, (max-width: 300px) 100vw, 300px\" \/><\/a>\n\t\t\t\t<\/dt><\/dl><dl class='gallery-item'>\n\t\t\t\t<dt class='gallery-icon landscape'>\n\t\t\t\t\t<a class=\"rollover rollover-zoom dt-pswp-item\" title=\"1f689ac5-a8c1-4bcb-b247-3dffe9e02e2e\" data-dt-img-description=\"\" data-large_image_width=\"2048\" data-large_image_height=\"1536\"href='https:\/\/www.radiopiu.net\/wordpress\/wp-content\/uploads\/2023\/09\/1f689ac5-a8c1-4bcb-b247-3dffe9e02e2e.jpg'><img loading=\"lazy\" decoding=\"async\" width=\"300\" height=\"225\" src=\"https:\/\/www.radiopiu.net\/wordpress\/wp-content\/uploads\/2023\/09\/1f689ac5-a8c1-4bcb-b247-3dffe9e02e2e-300x225.jpg\" class=\"attachment-medium size-medium\" alt=\"\" srcset=\"https:\/\/www.radiopiu.net\/wordpress\/wp-content\/uploads\/2023\/09\/1f689ac5-a8c1-4bcb-b247-3dffe9e02e2e-300x225.jpg 300w, https:\/\/www.radiopiu.net\/wordpress\/wp-content\/uploads\/2023\/09\/1f689ac5-a8c1-4bcb-b247-3dffe9e02e2e-1024x768.jpg 1024w, https:\/\/www.radiopiu.net\/wordpress\/wp-content\/uploads\/2023\/09\/1f689ac5-a8c1-4bcb-b247-3dffe9e02e2e-768x576.jpg 768w, https:\/\/www.radiopiu.net\/wordpress\/wp-content\/uploads\/2023\/09\/1f689ac5-a8c1-4bcb-b247-3dffe9e02e2e-1536x1152.jpg 1536w, https:\/\/www.radiopiu.net\/wordpress\/wp-content\/uploads\/2023\/09\/1f689ac5-a8c1-4bcb-b247-3dffe9e02e2e.jpg 2048w\" sizes=\"auto, (max-width: 300px) 100vw, 300px\" \/><\/a>\n\t\t\t\t<\/dt><\/dl><dl class='gallery-item'>\n\t\t\t\t<dt class='gallery-icon landscape'>\n\t\t\t\t\t<a class=\"rollover rollover-zoom dt-pswp-item\" title=\"c3ba8ea7-f982-4211-b793-238c9bfe5698\" data-dt-img-description=\"\" data-large_image_width=\"2048\" data-large_image_height=\"1536\"href='https:\/\/www.radiopiu.net\/wordpress\/wp-content\/uploads\/2023\/09\/c3ba8ea7-f982-4211-b793-238c9bfe5698.jpg'><img loading=\"lazy\" decoding=\"async\" width=\"300\" height=\"225\" src=\"https:\/\/www.radiopiu.net\/wordpress\/wp-content\/uploads\/2023\/09\/c3ba8ea7-f982-4211-b793-238c9bfe5698-300x225.jpg\" class=\"attachment-medium size-medium\" alt=\"\" srcset=\"https:\/\/www.radiopiu.net\/wordpress\/wp-content\/uploads\/2023\/09\/c3ba8ea7-f982-4211-b793-238c9bfe5698-300x225.jpg 300w, https:\/\/www.radiopiu.net\/wordpress\/wp-content\/uploads\/2023\/09\/c3ba8ea7-f982-4211-b793-238c9bfe5698-1024x768.jpg 1024w, https:\/\/www.radiopiu.net\/wordpress\/wp-content\/uploads\/2023\/09\/c3ba8ea7-f982-4211-b793-238c9bfe5698-768x576.jpg 768w, https:\/\/www.radiopiu.net\/wordpress\/wp-content\/uploads\/2023\/09\/c3ba8ea7-f982-4211-b793-238c9bfe5698-1536x1152.jpg 1536w, https:\/\/www.radiopiu.net\/wordpress\/wp-content\/uploads\/2023\/09\/c3ba8ea7-f982-4211-b793-238c9bfe5698.jpg 2048w\" sizes=\"auto, (max-width: 300px) 100vw, 300px\" \/><\/a>\n\t\t\t\t<\/dt><\/dl><br style=\"clear: both\" \/>\n\t\t\t<\/div>\n\n<p>&nbsp;<\/p>\n<hr \/>\n<p>&nbsp;<\/p>\n<blockquote>\n<h3 class=\"entry-title\">SEMPRE MENO GIOVANI E ANCORA TROPPO LONTANI DAL LAVORO<\/h3>\n<\/blockquote>\n<p class=\"photoswipe-wrapper\"><a class=\"dt-pswp-item pspw-wrap-ready\" href=\"https:\/\/www.radiopiu.net\/wordpress\/wp-content\/uploads\/2023\/09\/Schermata-2023-09-02-alle-09.13.20.png\" data-dt-img-description=\"\" data-large_image_width=\"1250\" data-large_image_height=\"696\"><img loading=\"lazy\" decoding=\"async\" class=\"size-medium wp-image-350953 alignleft\" src=\"https:\/\/www.radiopiu.net\/wordpress\/wp-content\/uploads\/2023\/09\/Schermata-2023-09-02-alle-09.13.20-300x167.png\" sizes=\"auto, (max-width: 300px) 100vw, 300px\" srcset=\"https:\/\/www.radiopiu.net\/wordpress\/wp-content\/uploads\/2023\/09\/Schermata-2023-09-02-alle-09.13.20-300x167.png 300w, https:\/\/www.radiopiu.net\/wordpress\/wp-content\/uploads\/2023\/09\/Schermata-2023-09-02-alle-09.13.20-1024x570.png 1024w, https:\/\/www.radiopiu.net\/wordpress\/wp-content\/uploads\/2023\/09\/Schermata-2023-09-02-alle-09.13.20-768x428.png 768w, https:\/\/www.radiopiu.net\/wordpress\/wp-content\/uploads\/2023\/09\/Schermata-2023-09-02-alle-09.13.20.png 1250w\" alt=\"\" width=\"300\" height=\"167\" \/><\/a>Negli ultimi dieci anni in Veneto il numero dei giovani in et\u00e0 lavorativa (15-34 anni) \u00e8 sceso di quasi 28.500 unit\u00e0. Questa contrazione della popolazione nella fascia pi\u00f9 produttiva della vita lavorativa (pari al -2,8 per cento) ha, rispetto alle regioni del Sud (-15,1 per cento), una dimensione molto contenuta. Tuttavia, nei prossimi anni l\u2019onda lunga della denatalit\u00e0 investir\u00e0 anche la nostra regione con effetti sul mercato del lavoro molto negativi. Gi\u00e0 oggi, infatti, molti imprenditori faticano ad assumere personale, non solo per lo storico problema di trovare candidati disponibili e professionalmente preparati, ma anche perch\u00e9 la platea degli under 34 pronta ad entrare nel mercato del lavoro si sta progressivamente riducendo. Figuriamoci nei prossimi decenni. Insomma, la crisi demografica sta facendo sentire i suoi effetti e nel giro di breve tempo la rarefazione delle maestranze pi\u00f9 giovani \u00e8 destinata ad accentuarsi ulteriormente.<\/p>\n<p><strong>Entro 2027 dovremo \u201crimpiazzare\u201d quasi 250 mila addetti<\/strong><br \/>\nTra il 2023 e il 2027, ad esempio, il mercato del lavoro veneto richieder\u00e0 poco meno di 250 mila addetti in sostituzione delle persone destinate ad andare in pensione. Con sempre meno giovani destinati a entrare nel mercato del lavoro, \u201crimpiazzare\u201d una buona parte di chi scivoler\u00e0 verso la quiescenza diventer\u00e0 un grosso problema per tanti imprenditori. Non solo. Ancorch\u00e9 nel Veneto abbia dimensioni molto contenute, il tasso di disoccupazione giovanile \u00e8 comunque al 13,4 per cento. Insomma, i giovani calano di numero e rimangono ancora troppo lontani dal mercato del lavoro. Il quadro, nel Veneto, si presenta meno sconfortante di altre aree del Paese, ma comunque destinato a peggiorare e rischiamo di pagare caro se, come sistema Paese, non torneremo ad aumentare il numero delle nascite e a investire maggiormente nella scuola, nell\u2019universit\u00e0 e, soprattutto, nella formazione professionale.<\/p>\n<p><strong class=\"photoswipe-wrapper\"><a class=\"dt-pswp-item pspw-wrap-ready\" href=\"https:\/\/www.radiopiu.net\/wordpress\/wp-content\/uploads\/2023\/09\/Schermata-2023-09-02-alle-09.13.44.png\" data-dt-img-description=\"\" data-large_image_width=\"1056\" data-large_image_height=\"1574\"><img loading=\"lazy\" decoding=\"async\" class=\"size-medium wp-image-350952 alignleft\" src=\"https:\/\/www.radiopiu.net\/wordpress\/wp-content\/uploads\/2023\/09\/Schermata-2023-09-02-alle-09.13.44-201x300.png\" sizes=\"auto, (max-width: 201px) 100vw, 201px\" srcset=\"https:\/\/www.radiopiu.net\/wordpress\/wp-content\/uploads\/2023\/09\/Schermata-2023-09-02-alle-09.13.44-201x300.png 201w, https:\/\/www.radiopiu.net\/wordpress\/wp-content\/uploads\/2023\/09\/Schermata-2023-09-02-alle-09.13.44-687x1024.png 687w, https:\/\/www.radiopiu.net\/wordpress\/wp-content\/uploads\/2023\/09\/Schermata-2023-09-02-alle-09.13.44-768x1145.png 768w, https:\/\/www.radiopiu.net\/wordpress\/wp-content\/uploads\/2023\/09\/Schermata-2023-09-02-alle-09.13.44-1031x1536.png 1031w, https:\/\/www.radiopiu.net\/wordpress\/wp-content\/uploads\/2023\/09\/Schermata-2023-09-02-alle-09.13.44.png 1056w\" alt=\"\" width=\"201\" height=\"300\" \/><\/a>Serve un patto sociale con gli immigrati che vogliono stabilirsi in Italia<\/strong><br \/>\nAlla luce della denatalit\u00e0 in corso nel nostro Paese, appare evidente che per almeno i prossimi 15-20 anni dovremo ricorrere stabilmente anche all\u2019impiego degli extracomunitari. In che modo? Per legge, a nostro avviso, dovremmo stabilire che il permesso di soggiorno, a eccezione di chi ha i requisiti per ottenere la protezione internazionale e di chi entra con gi\u00e0 in mano un contratto di lavoro, andrebbe accordato a chi si rende disponibile a sottoscrivere un patto sociale con il nostro Paese. Il contenuto dell\u2019accordo? Se un cittadino straniero si impegna a frequentare uno o pi\u00f9 corsi ed entro un paio di anni impara la nostra lingua e un mestiere, al conseguimento di questi obbiettivi lo Stato italiano lo regolarizza e gli \u201ctrova\u201d un\u2019occupazione. Sia chiaro: \u00e8 un\u2019operazione complessa e non facile da gestire, anche perch\u00e9 il tema dell\u2019immigrazione e del suo rapporto con il mondo del lavoro \u00e8 molto articolato. Non solo; tutto ci\u00f2 richiede una Pubblica Amministrazione in grado di funzionare bene e con performance decisamente superiori a quelle dimostrate fino a ora. Il buon esito di un\u2019iniziativa di questo tipo, ad esempio, non pu\u00f2 prescindere da una ritrovata efficienza dei Centri per l\u2019impiego, altrimenti la possibilit\u00e0 che l\u2019iniziativa naufraghi \u00e8 pressoch\u00e9 certa. Grazie al coinvolgimento anche delle Camere di Commercio, dovremo accelerare il processo di avvicinamento e di conoscenza tra la scuola e il mondo del lavoro, senza dimenticare che non potremo rinunciare a un forte incremento degli investimenti sugli ITS e sulla qualit\u00e0 della formazione professionale; materia, quest\u2019ultima, di competenza delle Amministrazioni regionali.<\/p>\n<p><strong>Gli under 34 sono diminuiti soprattutto a Rovigo e Belluno<\/strong><br \/>\nLe province venete pi\u00f9 colpite dalla denatalit\u00e0 sono state Rovigo e Belluno. Se il capoluogo polesano in questo ultimo decennio ha subito una contrazione del 15,3 per cento (-7.214 giovani), quello dolomitico ha registrato un -5 per cento (-1.976). Pi\u00f9 contenute, invece, le flessioni di Padova con -2,9 per cento (-5.481), Vicenza con -2,4 per cento (-4.487), Verona con -2 per cento (-3.942), Treviso con -1,7 per cento (-3.083) e Venezia con -1,4 per cento (-2.263).<\/p>\n<p>&nbsp;<\/p>\n<p>&nbsp;<\/p>\n<hr \/>\n<p>&nbsp;<\/p>\n<h2><span style=\"color: #ff6600;\">ALLA RADIO<\/span><\/h2>\n<h2><strong><a class=\"dt-pswp-item\" href=\"https:\/\/www.radiopiu.net\/wordpress\/wp-content\/uploads\/2023\/09\/crystal-2723145_1280.jpg\" data-dt-img-description=\"\" data-large_image_width=\"1280\" data-large_image_height=\"853\"><img loading=\"lazy\" decoding=\"async\" class=\" wp-image-350938 alignleft\" src=\"https:\/\/www.radiopiu.net\/wordpress\/wp-content\/uploads\/2023\/09\/crystal-2723145_1280-300x200.jpg\" alt=\"\" width=\"167\" height=\"111\" srcset=\"https:\/\/www.radiopiu.net\/wordpress\/wp-content\/uploads\/2023\/09\/crystal-2723145_1280-300x200.jpg 300w, https:\/\/www.radiopiu.net\/wordpress\/wp-content\/uploads\/2023\/09\/crystal-2723145_1280-1024x682.jpg 1024w, https:\/\/www.radiopiu.net\/wordpress\/wp-content\/uploads\/2023\/09\/crystal-2723145_1280-768x512.jpg 768w, https:\/\/www.radiopiu.net\/wordpress\/wp-content\/uploads\/2023\/09\/crystal-2723145_1280.jpg 1280w\" sizes=\"auto, (max-width: 167px) 100vw, 167px\" \/><\/a><\/strong><span style=\"color: #993300;\">LA RASSEGNA STAMPA DA L&#8217;AMICO DEL POPOLO<\/span><\/h2>\n<p><strong>DI GIANNI SANTOMASO<\/strong><\/p>\n<p>OSPITE: Danilo Giordano<\/p>\n<audio class=\"wp-audio-shortcode\" id=\"audio-350940-3\" preload=\"none\" style=\"width: 100%;\" controls=\"controls\"><source type=\"audio\/mpeg\" src=\"https:\/\/www.radiopiu.net\/wordpress\/wp-content\/uploads\/2023\/09\/RASSEGNA-GIANNI.mp3?_=3\" \/><a href=\"https:\/\/www.radiopiu.net\/wordpress\/wp-content\/uploads\/2023\/09\/RASSEGNA-GIANNI.mp3\">https:\/\/www.radiopiu.net\/wordpress\/wp-content\/uploads\/2023\/09\/RASSEGNA-GIANNI.mp3<\/a><\/audio>\n<p>&nbsp;<\/p>\n<p>&nbsp;<\/p>\n<hr \/>\n<p>&nbsp;<\/p>\n<h2><span style=\"color: #ff0000;\">GLI APPUNTAMENTI DELLA SETTIMANA\u00a0<\/span><\/h2>\n<blockquote>\n<h3>9 SETTEMBRE, AD AGORDO SPORT IN PIAZZA<\/h3>\n<\/blockquote>\n<p>&nbsp;<\/p>\n<p><strong><a class=\"dt-pswp-item\" href=\"https:\/\/www.radiopiu.net\/wordpress\/wp-content\/uploads\/2023\/08\/Senza-nome-70.png\" data-dt-img-description=\"\" data-large_image_width=\"563\" data-large_image_height=\"163\"><img loading=\"lazy\" decoding=\"async\" class=\"size-medium wp-image-350002 alignleft\" src=\"https:\/\/www.radiopiu.net\/wordpress\/wp-content\/uploads\/2023\/08\/Senza-nome-70-300x87.png\" alt=\"\" width=\"300\" height=\"87\" srcset=\"https:\/\/www.radiopiu.net\/wordpress\/wp-content\/uploads\/2023\/08\/Senza-nome-70-300x87.png 300w, https:\/\/www.radiopiu.net\/wordpress\/wp-content\/uploads\/2023\/08\/Senza-nome-70-350x100.png 350w, https:\/\/www.radiopiu.net\/wordpress\/wp-content\/uploads\/2023\/08\/Senza-nome-70.png 563w\" sizes=\"auto, (max-width: 300px) 100vw, 300px\" \/><\/a>AGORDO <\/strong>Sabato 9 settembre 2023 le organizzazioni sportive e di volontariato dell\u2019Agordino organizzeranno ad Agordo la XVI\u00b0 edizione della manifestazione \u201cSport in piazza nell\u2019Agordino\u201d . Durante tutta la giornata , dalle 9.30 alle 12.30 e dalle 14.00 alle 18.00 proporranno a bambini e ragazzi\u00a0 le loro attivit\u00e0 sul grande prato del Broi di Agordo e nelle strade e spazi limitrofi, chiusi al traffico in collaborazione con l\u2019Amministrazione comunale e la polizia locale di Agordo. I giovani partecipanti potranno raccogliere in una apposita scheda i timbri di \u201cavvenuta attivit\u00e0\u201d rilasciati da ciascuno stand: a chi raccoglier\u00e0 un congruo numero di timbri, \u00a0al termine\u00a0 del percorso sar\u00e0 regalata la maglietta ricordo della manifestazione.<\/p>\n<p>Sotto l\u2019egida del Comitato provinciale AICS di Belluno , hanno gi\u00e0 dato la loro adesione 14 associazioni sportive, oltre ad alcune\u00a0 associazioni di volontariato: bambini e ragazzi potranno sperimentare in prima persona dalla pesca sportiva alla danza, dallo sci alla pallavolo, dall\u2019atletica al pattinaggio on line, dall\u2019Hockey alla ginnastica ritmica, e ancora judo, karate, scherma antica, nuoto e \u00a0tennis . Le associazioni di volontariato coinvolgeranno i giovani in giochi che avranno a tema l\u2019attivit\u00e0 e gli scopi della loro associazione. Obiettivo della manifestazione \u00e8\u00a0 far vivere concretamente ai ragazzini esperienze\u00a0 sportive o di volontariato , per stimolarli ad impegnarsi nella pratica attiva durante la loro vita. La manifestazione gode del patrocinio del CONI regionale Veneto,\u00a0 del Comune di Agordo e dell\u2019Unione Montana Agordina. Fondamentale l\u2019aiuto di tante piccole realt\u00e0 commerciali locali, cui va il ringraziamento degli organizzatori.<\/p>\n<p>&nbsp;<\/p>\n<blockquote>\n<h3>E DOPO SPORT IN PIAZZA IL CABARET<\/h3>\n<\/blockquote>\n<p><strong><a class=\"dt-pswp-item\" href=\"https:\/\/www.radiopiu.net\/wordpress\/wp-content\/uploads\/2023\/09\/23-agordo-bc.jpg\" data-dt-img-description=\"\" data-large_image_width=\"1872\" data-large_image_height=\"919\"><img loading=\"lazy\" decoding=\"async\" class=\" wp-image-350863 alignleft\" src=\"https:\/\/www.radiopiu.net\/wordpress\/wp-content\/uploads\/2023\/09\/23-agordo-bc-300x147.jpg\" alt=\"\" width=\"182\" height=\"89\" srcset=\"https:\/\/www.radiopiu.net\/wordpress\/wp-content\/uploads\/2023\/09\/23-agordo-bc-300x147.jpg 300w, https:\/\/www.radiopiu.net\/wordpress\/wp-content\/uploads\/2023\/09\/23-agordo-bc-1024x503.jpg 1024w, https:\/\/www.radiopiu.net\/wordpress\/wp-content\/uploads\/2023\/09\/23-agordo-bc-768x377.jpg 768w, https:\/\/www.radiopiu.net\/wordpress\/wp-content\/uploads\/2023\/09\/23-agordo-bc-1536x754.jpg 1536w, https:\/\/www.radiopiu.net\/wordpress\/wp-content\/uploads\/2023\/09\/23-agordo-bc.jpg 1872w\" sizes=\"auto, (max-width: 182px) 100vw, 182px\" \/><\/a>AGORDO <\/strong>Dopo &#8220;Sport in piazza&#8221;, sabato 9 settembre alle 18.30 la decima edizione dell&#8217;evento circense organizzato da Circus Endemicus. Anche per questa occasione, presenteranno le proprie creazioni al limite tra sogno, impossibile e realt\u00e0 artisti provenienti da tutto il mondo. Il cabaret si terr\u00e0 in una delle piazze pi\u00f9 belle delle Dolomiti, il Broi di Agordo. Apporto libero a fine spettacolo (il contributo consigliato \u00e8 di 5 euro a spettatore). Il Cabaret \u00e8 una manifestazione no-profit e autogestita per promuovere l\u2019arte libera in contesti pubblici. Per maggiori informazioni vedi su instagram il profilo\u00a0@circusendemicus<\/p>\n<p>&nbsp;<\/p>\n<blockquote>\n<h3>DOMENICA 10 SETTEMBRE LA FORZA DELLA VITA A PASSO CAMPOLONGO<\/h3>\n<\/blockquote>\n<p>Appuntamento a Passo Campolongo domenica 10 settembre per la giornata dal titolo &#8220;La Forza Della Vita&#8221;. Ritrovo alle 10:30 davanti all&#8217;Hotel Laguscei, passeggiata fino all&#8217;altipiano di Cherz, pratica di pilates e mindfullness e pranzo al sacco. L&#8217;intero ricavato sar\u00e0 devoluto per aiutare i bambini dell&#8217;orfanotrofio &#8220;God Our Father&#8221; a Timboni in Kenya. Quota di partecipazione 25 euro<\/p>\n<p>&nbsp;<\/p>\n<h2><span style=\"color: #ff0000;\">PROSSIMAMENTE&#8230;\u00a0<\/span><\/h2>\n<blockquote>\n<h3>ESPERIENZA CULINARIA AL RIFUGIO AVERAU<\/h3>\n<\/blockquote>\n<p><strong>CORTINA<\/strong> Marted\u00ec 12 settembre, evento straordinario al Rifugio Averau. Gli chef di casa, Matteo e Stefano, della trattoria alla Cima di Valdobbiadene uniscono genio e bravura per un&#8217;esperienza unica &#8220;dalla laguna alle dolomiti&#8221;. Un percorso enogastronomico dal mare ai fiumi, dalle colline ai boschi del veneziano, trevigiano e bellunese fino alle cime di Cortina. Sar\u00e0 predisposto su prenotazione un servizio di trasporto in jeep dal rifugio Cinque Torri, raggiungibile in macchina dalla strada del passo Falzarego Per info e prenotazioni: 0436 4660<br \/>\nDALLA LAGUNA ALLE DOLOMITI, 12 SETTEMBRE AL RIFUGIO AVERAU<\/p>\n<p>&nbsp;<\/p>\n<blockquote>\n<h3>LA SAGRA DI FREGONA A CANALE D&#8217;AGORDO<\/h3>\n<\/blockquote>\n<p><strong>CANALE D&#8217;AGORDO <\/strong>16 e 17 settembre sono le date da segnare sul calendario. A Canale D&#8217;Agordo torna la Sagra di Fregona, due giorni di festa nella frazione canalina. Sabato apertura tendone alle 17, cucina alle 18 e alla sera musica con Tirock Band. Domenica alle 10:30 la santa messa, alle 11 apertura tendone e alle 12 la cucina con piatti tipici. Nel pomeriggio balli e giochi, musica fino a sera con Mirko e I Rosegot e alle 19:30 la processione per le vie del paese.<\/p>\n<p>&nbsp;<\/p>\n<hr \/>\n<p>&nbsp;<\/p>\n<h2><strong><a class=\"dt-pswp-item\" href=\"https:\/\/www.radiopiu.net\/wordpress\/wp-content\/uploads\/2020\/12\/DON-GIORGIO-LISE.jpg\" data-dt-img-description=\"\" data-large_image_width=\"1600\" data-large_image_height=\"901\"><img loading=\"lazy\" decoding=\"async\" class=\" wp-image-177420 alignleft\" src=\"https:\/\/www.radiopiu.net\/wordpress\/wp-content\/uploads\/2020\/12\/DON-GIORGIO-LISE-300x169.jpg\" alt=\"\" width=\"186\" height=\"105\" srcset=\"https:\/\/www.radiopiu.net\/wordpress\/wp-content\/uploads\/2020\/12\/DON-GIORGIO-LISE-300x169.jpg 300w, https:\/\/www.radiopiu.net\/wordpress\/wp-content\/uploads\/2020\/12\/DON-GIORGIO-LISE-1024x577.jpg 1024w, https:\/\/www.radiopiu.net\/wordpress\/wp-content\/uploads\/2020\/12\/DON-GIORGIO-LISE-768x432.jpg 768w, https:\/\/www.radiopiu.net\/wordpress\/wp-content\/uploads\/2020\/12\/DON-GIORGIO-LISE-1536x865.jpg 1536w, https:\/\/www.radiopiu.net\/wordpress\/wp-content\/uploads\/2020\/12\/DON-GIORGIO-LISE.jpg 1600w\" sizes=\"auto, (max-width: 186px) 100vw, 186px\" \/><\/a><\/strong><span style=\"color: #3366ff;\">DUE MINUTI PER TE<\/span><\/h2>\n<p><strong>APPUNTAMENTO DELLA DOMENICA CON IL MENSIERO DI MONSIGNOR GIORGIO LISE<\/strong><\/p>\n<audio class=\"wp-audio-shortcode\" id=\"audio-350940-4\" preload=\"none\" style=\"width: 100%;\" controls=\"controls\"><source type=\"audio\/mpeg\" src=\"https:\/\/www.radiopiu.net\/wordpress\/wp-content\/uploads\/2023\/09\/DON-GIORGIO.mp3?_=4\" \/><a href=\"https:\/\/www.radiopiu.net\/wordpress\/wp-content\/uploads\/2023\/09\/DON-GIORGIO.mp3\">https:\/\/www.radiopiu.net\/wordpress\/wp-content\/uploads\/2023\/09\/DON-GIORGIO.mp3<\/a><\/audio>\n<p>&nbsp;<\/p>\n<hr \/>\n<p>&nbsp;<\/p>\n<div class=\"message spoilers-container\" dir=\"auto\">\n<div class=\"column\">\n<div class=\"message spoilers-container\" dir=\"auto\">\n<div class=\"column\">\n<p><img loading=\"lazy\" decoding=\"async\" class=\"aligncenter wp-image-61954 size-full\" src=\"https:\/\/www.radiopiu.net\/wordpress\/wp-content\/uploads\/2018\/09\/viabilita.jpeg\" sizes=\"auto, (max-width: 800px) 100vw, 800px\" srcset=\"https:\/\/www.radiopiu.net\/wordpress\/wp-content\/uploads\/2018\/09\/viabilita.jpeg 800w, https:\/\/www.radiopiu.net\/wordpress\/wp-content\/uploads\/2018\/09\/viabilita-300x38.jpeg 300w, https:\/\/www.radiopiu.net\/wordpress\/wp-content\/uploads\/2018\/09\/viabilita-768x96.jpeg 768w\" alt=\"\" width=\"800\" height=\"100\" \/><\/p>\n<\/div>\n<\/div>\n<div class=\"message spoilers-container\" dir=\"auto\">\n<div class=\"column\">\n<p>&nbsp;<\/p>\n<\/div>\n<\/div>\n<\/div>\n<\/div>\n<blockquote class=\"wp-embedded-content\" data-secret=\"6JHA0bXd8F\"><p><a href=\"https:\/\/www.radiopiu.net\/wordpress\/viabilita\/\">viabilita<\/a><\/p><\/blockquote>\n<p><iframe loading=\"lazy\" class=\"wp-embedded-content\" sandbox=\"allow-scripts\" security=\"restricted\" style=\"position: absolute; clip: rect(1px, 1px, 1px, 1px);\" title=\"&#8220;viabilita&#8221; &#8212; Radio Pi\u00f9\" src=\"https:\/\/www.radiopiu.net\/wordpress\/viabilita\/embed\/#?secret=ThTF3IOjji#?secret=6JHA0bXd8F\" data-secret=\"6JHA0bXd8F\" width=\"600\" height=\"338\" frameborder=\"0\" marginwidth=\"0\" marginheight=\"0\" scrolling=\"no\"><\/iframe><\/p>\n<div class=\"message spoilers-container\" dir=\"auto\">\n<div class=\"column\">\n<div class=\"message spoilers-container\" dir=\"auto\">\n<div class=\"column\">\n<div>\n<div dir=\"ltr\">\n<div class=\"gmail_quote\">\n<div dir=\"ltr\">\n<div><\/div>\n<div><\/div>\n<div><\/div>\n<\/div>\n<\/div>\n<\/div>\n<\/div>\n<hr \/>\n<p>&nbsp;<\/p>\n<p><a class=\"dt-pswp-item\" href=\"https:\/\/www.radiopiu.net\/wordpress\/wp-content\/uploads\/2018\/09\/WhatsApp-Image-2018-09-20-at-16.04.06.jpeg\" data-dt-img-description=\"\" data-large_image_width=\"800\" data-large_image_height=\"100\"><img loading=\"lazy\" decoding=\"async\" class=\"wp-image-61378 size-full aligncenter\" src=\"https:\/\/www.radiopiu.net\/wordpress\/wp-content\/uploads\/2018\/09\/WhatsApp-Image-2018-09-20-at-16.04.06.jpeg\" alt=\"\" width=\"800\" height=\"100\" srcset=\"https:\/\/www.radiopiu.net\/wordpress\/wp-content\/uploads\/2018\/09\/WhatsApp-Image-2018-09-20-at-16.04.06.jpeg 800w, https:\/\/www.radiopiu.net\/wordpress\/wp-content\/uploads\/2018\/09\/WhatsApp-Image-2018-09-20-at-16.04.06-300x38.jpeg 300w, https:\/\/www.radiopiu.net\/wordpress\/wp-content\/uploads\/2018\/09\/WhatsApp-Image-2018-09-20-at-16.04.06-768x96.jpeg 768w\" sizes=\"auto, (max-width: 800px) 100vw, 800px\" \/><\/a><\/p>\n<\/div>\n<\/div>\n<p>&nbsp;<\/p>\n<\/div>\n<\/div>\n<p><center><b>OGGI<\/b><\/center><b>Tempo atteso: <\/b>Al mattino cielo poco nuvoloso per qualche velatura. Su Prealpi possibile qualche nube bassa in rapido dissolvimento. In giornata sereno o poco nuvoloso su Dolomiti, su Prealpi poco nuvoloso per qualche cumulo. Dalla sera formazione di nubi basse su Prealpi.<br \/>\n<b>Precipitazioni: <\/b>Assenti.<br \/>\n<b>Temperature: <\/b>Temperature in ulteriore aumento e su valori ben superiori alla media in quota e su Dolomiti<\/p>\n<hr \/>\n<p><center><b>DOMANI<\/b><\/center><b>Tempo atteso: <\/b>Su Dolomiti cielo sereno o al pi\u00f9 poco nuvoloso con qualche nube bassa al mattino specie sui settori meridionali. Tra Prealpi e pedemontana fino al mattino estese nubi medio-basse con cielo nuvoloso, schiarite via via pi\u00f9 ampie nel pomeriggio fino a poco nuvoloso.<br \/>\n<b>Precipitazioni: <\/b>Assenti (0%)<br \/>\n<b>Temperature: <\/b>Temperature minime stazionarie, massime stazionarie o in lieve calo specie sui settori Prealpini<\/p>\n<hr \/>\n<p><center><b>MERCOLEDI<\/b><\/center>Cielo in prevalenza sereno con ottima visibilit\u00e0. Tra notte e primo mattino, seppur meno probabile rispetto ai giorni precedenti, non esclusa qualche nube bassa in rapido dissolvimento. Temperature stazionarie o in lieve aumento le massime a fondovalle e su Prealpi. Valori ben oltre la media in quota.<\/p>\n<hr \/>\n<p><center><b>GIOVEDI<\/b><\/center>Tempo stabile con cielo sereno ed ottima visibilit\u00e0. Tra notte e primo mattino non esclusa la formazione di qualche nube bassa in rapido dissolvimento. Temperature senza notevoli variazioni o in lieve aumento le massime, su valori superiori alla media<\/p>\n<p>&nbsp;<\/p>\n<div class=\"message spoilers-container\" dir=\"auto\">\n<hr \/>\n<p>&nbsp;<\/p>\n<p><img loading=\"lazy\" decoding=\"async\" class=\"wp-image-60761 size-full aligncenter\" src=\"https:\/\/www.radiopiu.net\/wordpress\/wp-content\/uploads\/2018\/09\/sport.jpg\" alt=\"\" width=\"800\" height=\"100\" srcset=\"https:\/\/www.radiopiu.net\/wordpress\/wp-content\/uploads\/2018\/09\/sport.jpg 800w, https:\/\/www.radiopiu.net\/wordpress\/wp-content\/uploads\/2018\/09\/sport-300x38.jpg 300w, https:\/\/www.radiopiu.net\/wordpress\/wp-content\/uploads\/2018\/09\/sport-768x96.jpg 768w\" sizes=\"auto, (max-width: 800px) 100vw, 800px\" \/><\/p>\n<p>&nbsp;<\/p>\n<\/div>\n\n\t\t\t<style type='text\/css'>\n\t\t\t\t#gallery-4 {\n\t\t\t\t\tmargin: auto;\n\t\t\t\t}\n\t\t\t\t#gallery-4 .gallery-item {\n\t\t\t\t\tfloat: left;\n\t\t\t\t\tmargin-top: 10px;\n\t\t\t\t\ttext-align: center;\n\t\t\t\t\twidth: 50%;\n\t\t\t\t}\n\t\t\t\t#gallery-4 img {\n\t\t\t\t\tborder: 2px solid #cfcfcf;\n\t\t\t\t}\n\t\t\t\t#gallery-4 .gallery-caption {\n\t\t\t\t\tmargin-left: 0;\n\t\t\t\t}\n\t\t\t\t\/* see gallery_shortcode() in wp-includes\/media.php *\/\n\t\t\t<\/style>\n\t\t<div id='gallery-4' class='dt-gallery-container gallery galleryid-350940 gallery-columns-2 gallery-size-thumbnail'><dl class='gallery-item'>\n\t\t\t\t<dt class='gallery-icon portrait'>\n\t\t\t\t\t<a class=\"rollover rollover-zoom dt-pswp-item\" title=\"Locandina Trofeo 16 Comuni dell&#039;Agordino\" data-dt-img-description=\"\" data-large_image_width=\"828\" data-large_image_height=\"1151\"href='https:\/\/www.radiopiu.net\/wordpress\/wp-content\/uploads\/2023\/08\/Locandina-Trofeo-16-Comuni-dellAgordino.jpg'><img loading=\"lazy\" decoding=\"async\" width=\"150\" height=\"150\" src=\"https:\/\/www.radiopiu.net\/wordpress\/wp-content\/uploads\/2023\/08\/Locandina-Trofeo-16-Comuni-dellAgordino-150x150.jpg\" class=\"attachment-thumbnail size-thumbnail\" alt=\"\" aria-describedby=\"gallery-4-349182\" \/><\/a>\n\t\t\t\t<\/dt>\n\t\t\t\t\t<dd class='wp-caption-text gallery-caption' id='gallery-4-349182'>\n\t\t\t\t\tTROFEO 16 COMUNI\n\t\t\t\t\t<\/dd><\/dl><dl class='gallery-item'>\n\t\t\t\t<dt class='gallery-icon portrait'>\n\t\t\t\t\t<a class=\"rollover rollover-zoom dt-pswp-item\" title=\"397b3e08-c14a-4e52-9d10-587f809e4503\" data-dt-img-description=\"\" data-large_image_width=\"724\" data-large_image_height=\"1024\"href='https:\/\/www.radiopiu.net\/wordpress\/wp-content\/uploads\/2023\/09\/397b3e08-c14a-4e52-9d10-587f809e4503.jpg'><img loading=\"lazy\" decoding=\"async\" width=\"150\" height=\"150\" src=\"https:\/\/www.radiopiu.net\/wordpress\/wp-content\/uploads\/2023\/09\/397b3e08-c14a-4e52-9d10-587f809e4503-150x150.jpg\" class=\"attachment-thumbnail size-thumbnail\" alt=\"\" aria-describedby=\"gallery-4-350887\" \/><\/a>\n\t\t\t\t<\/dt>\n\t\t\t\t\t<dd class='wp-caption-text gallery-caption' id='gallery-4-350887'>\n\t\t\t\t\tL&#8217;AMICHEVOLE DELL&#8217;ALLEGHE CON IL GARDENA\n\t\t\t\t\t<\/dd><\/dl><br style=\"clear: both\" \/>\n\t\t\t<\/div>\n\n<p>&nbsp;<\/p>\n<p><span style=\"color: #0000ff;\"><strong>CORSA CAMPESTRE<\/strong><\/span><\/p>\n<blockquote>\n<h3>DANIELE DEL COLO&#8217; E BENEDETTA POLENTES SI AGGIUDICANO LA VA PIAN MA RIVA 2023<\/h3>\n<\/blockquote>\n<p><strong>VOLTAGO<\/strong> In uno splendido pomeriggio di sole con la temperatura perfetta per una gara di corsa campestre, \u00e8 andata in scena a Voltago la terza edizione della Va Pian Ma Riva, Memorial Alan Scussel. La quarta ed ultima tappa del circuito CorriPoi Alpenplus \u00e8 stata un successo con 390 concorrenti al via, 100 in pi\u00f9 della scorsa edizione. Aiutati dal bel tempo, i ragazzi della Polisportiva Voltago hanno organizzato al meglio il pomeriggio di sport al campo sportivo Renzo Da Campo. Ad aggiudicarsi la gara di 7 km \u00e8 stato Daniele De Col\u00f2 che ha chiuso con il tempo di 27&#8217;04&#8221; staccando con pi\u00f9 di 30&#8243; Eros Botter. Al terzo posto Emanuele Busin. Nella femminile la vittoria per Benedetta Polentes in 34&#8217;18&#8221;. Secondo posto per Patrizia Zanette e terza Martina Scola. In gara anche i giovani su un circuito di 1,5 km. Con la quarta tappa si \u00e8 chiuso anche il circuito CorriPoi Alpenplus. Dopo le quattro gare in programma (Rivamonte, Frassen\u00e8, Forcella Aurine e Voltago) Daniele De Col\u00f2 ha vinto con 260 punti, secondo Valentino Costa 205, terzo Alessandro Follador 181. Nella femminile vince Patrizia Zanette con 240 punti, seconda Martina Scola 220, terza Caterina Dall&#8217;Acqua 160. Al termine delle premiazioni spazio alla 16 Comuni che andr\u00e0 in scena domenica prossima, con il passaggio del trofeo dal comune di Voltago a quello di Canale D&#8217;Agordo dove si svolger\u00e0 la gara dedicata ai comuni agordini.<\/p>\n<p><strong>PER CONSULTARE LE CLASSIFICHE <a href=\"https:\/\/sportdolomiti.it\/classifiche-va-pian-ma-riva-23\">CLICCA QUI<\/a><\/strong><\/p>\n<p><strong>LA CLASSIFICA FINALE DEL CIRCUITO CORRIPOI ALPENPLUS <a href=\"https:\/\/sportdolomiti.it\/circuito-corri-poi\">CLICCA QUI<\/a><\/strong><\/p>\n\n\t\t\t<style type='text\/css'>\n\t\t\t\t#gallery-5 {\n\t\t\t\t\tmargin: auto;\n\t\t\t\t}\n\t\t\t\t#gallery-5 .gallery-item {\n\t\t\t\t\tfloat: left;\n\t\t\t\t\tmargin-top: 10px;\n\t\t\t\t\ttext-align: center;\n\t\t\t\t\twidth: 25%;\n\t\t\t\t}\n\t\t\t\t#gallery-5 img {\n\t\t\t\t\tborder: 2px solid #cfcfcf;\n\t\t\t\t}\n\t\t\t\t#gallery-5 .gallery-caption {\n\t\t\t\t\tmargin-left: 0;\n\t\t\t\t}\n\t\t\t\t\/* see gallery_shortcode() in wp-includes\/media.php *\/\n\t\t\t<\/style>\n\t\t<div id='gallery-5' class='dt-gallery-container gallery galleryid-350940 gallery-columns-4 gallery-size-medium'><dl class='gallery-item'>\n\t\t\t\t<dt class='gallery-icon landscape'>\n\t\t\t\t\t<a class=\"rollover rollover-zoom dt-pswp-item\" title=\"c7f490ef-45b4-429c-8155-aed8b17c53df\" data-dt-img-description=\"\" data-large_image_width=\"1024\" data-large_image_height=\"821\"href='https:\/\/www.radiopiu.net\/wordpress\/wp-content\/uploads\/2023\/09\/c7f490ef-45b4-429c-8155-aed8b17c53df.jpg'><img loading=\"lazy\" decoding=\"async\" width=\"300\" height=\"241\" src=\"https:\/\/www.radiopiu.net\/wordpress\/wp-content\/uploads\/2023\/09\/c7f490ef-45b4-429c-8155-aed8b17c53df-300x241.jpg\" class=\"attachment-medium size-medium\" alt=\"\" srcset=\"https:\/\/www.radiopiu.net\/wordpress\/wp-content\/uploads\/2023\/09\/c7f490ef-45b4-429c-8155-aed8b17c53df-300x241.jpg 300w, https:\/\/www.radiopiu.net\/wordpress\/wp-content\/uploads\/2023\/09\/c7f490ef-45b4-429c-8155-aed8b17c53df-768x616.jpg 768w, https:\/\/www.radiopiu.net\/wordpress\/wp-content\/uploads\/2023\/09\/c7f490ef-45b4-429c-8155-aed8b17c53df.jpg 1024w\" sizes=\"auto, (max-width: 300px) 100vw, 300px\" \/><\/a>\n\t\t\t\t<\/dt><\/dl><dl class='gallery-item'>\n\t\t\t\t<dt class='gallery-icon landscape'>\n\t\t\t\t\t<a class=\"rollover rollover-zoom dt-pswp-item\" title=\"23b26267-456a-4ef6-a6cf-0f142ffbdd74\" data-dt-img-description=\"\" data-large_image_width=\"1024\" data-large_image_height=\"768\"href='https:\/\/www.radiopiu.net\/wordpress\/wp-content\/uploads\/2023\/09\/23b26267-456a-4ef6-a6cf-0f142ffbdd74.jpg'><img loading=\"lazy\" decoding=\"async\" width=\"300\" height=\"225\" src=\"https:\/\/www.radiopiu.net\/wordpress\/wp-content\/uploads\/2023\/09\/23b26267-456a-4ef6-a6cf-0f142ffbdd74-300x225.jpg\" class=\"attachment-medium size-medium\" alt=\"\" srcset=\"https:\/\/www.radiopiu.net\/wordpress\/wp-content\/uploads\/2023\/09\/23b26267-456a-4ef6-a6cf-0f142ffbdd74-300x225.jpg 300w, https:\/\/www.radiopiu.net\/wordpress\/wp-content\/uploads\/2023\/09\/23b26267-456a-4ef6-a6cf-0f142ffbdd74-768x576.jpg 768w, https:\/\/www.radiopiu.net\/wordpress\/wp-content\/uploads\/2023\/09\/23b26267-456a-4ef6-a6cf-0f142ffbdd74.jpg 1024w\" sizes=\"auto, (max-width: 300px) 100vw, 300px\" \/><\/a>\n\t\t\t\t<\/dt><\/dl><dl class='gallery-item'>\n\t\t\t\t<dt class='gallery-icon landscape'>\n\t\t\t\t\t<a class=\"rollover rollover-zoom dt-pswp-item\" title=\"9424572a-95ae-463b-9069-25d2328f53f6\" data-dt-img-description=\"\" data-large_image_width=\"1024\" data-large_image_height=\"768\"href='https:\/\/www.radiopiu.net\/wordpress\/wp-content\/uploads\/2023\/09\/9424572a-95ae-463b-9069-25d2328f53f6.jpg'><img loading=\"lazy\" decoding=\"async\" width=\"300\" height=\"225\" src=\"https:\/\/www.radiopiu.net\/wordpress\/wp-content\/uploads\/2023\/09\/9424572a-95ae-463b-9069-25d2328f53f6-300x225.jpg\" class=\"attachment-medium size-medium\" alt=\"\" srcset=\"https:\/\/www.radiopiu.net\/wordpress\/wp-content\/uploads\/2023\/09\/9424572a-95ae-463b-9069-25d2328f53f6-300x225.jpg 300w, https:\/\/www.radiopiu.net\/wordpress\/wp-content\/uploads\/2023\/09\/9424572a-95ae-463b-9069-25d2328f53f6-768x576.jpg 768w, https:\/\/www.radiopiu.net\/wordpress\/wp-content\/uploads\/2023\/09\/9424572a-95ae-463b-9069-25d2328f53f6.jpg 1024w\" sizes=\"auto, (max-width: 300px) 100vw, 300px\" \/><\/a>\n\t\t\t\t<\/dt><\/dl><dl class='gallery-item'>\n\t\t\t\t<dt class='gallery-icon landscape'>\n\t\t\t\t\t<a class=\"rollover rollover-zoom dt-pswp-item\" title=\"e829c495-5024-4f81-b827-5a9943fbaf80\" data-dt-img-description=\"\" data-large_image_width=\"1024\" data-large_image_height=\"768\"href='https:\/\/www.radiopiu.net\/wordpress\/wp-content\/uploads\/2023\/09\/e829c495-5024-4f81-b827-5a9943fbaf80.jpg'><img loading=\"lazy\" decoding=\"async\" width=\"300\" height=\"225\" src=\"https:\/\/www.radiopiu.net\/wordpress\/wp-content\/uploads\/2023\/09\/e829c495-5024-4f81-b827-5a9943fbaf80-300x225.jpg\" class=\"attachment-medium size-medium\" alt=\"\" srcset=\"https:\/\/www.radiopiu.net\/wordpress\/wp-content\/uploads\/2023\/09\/e829c495-5024-4f81-b827-5a9943fbaf80-300x225.jpg 300w, https:\/\/www.radiopiu.net\/wordpress\/wp-content\/uploads\/2023\/09\/e829c495-5024-4f81-b827-5a9943fbaf80-768x576.jpg 768w, https:\/\/www.radiopiu.net\/wordpress\/wp-content\/uploads\/2023\/09\/e829c495-5024-4f81-b827-5a9943fbaf80.jpg 1024w\" sizes=\"auto, (max-width: 300px) 100vw, 300px\" \/><\/a>\n\t\t\t\t<\/dt><\/dl><br style=\"clear: both\" \/><dl class='gallery-item'>\n\t\t\t\t<dt class='gallery-icon landscape'>\n\t\t\t\t\t<a class=\"rollover rollover-zoom dt-pswp-item\" title=\"c18b4b30-1dcb-4fa1-a18c-ba190f85b54a\" data-dt-img-description=\"\" data-large_image_width=\"1024\" data-large_image_height=\"768\"href='https:\/\/www.radiopiu.net\/wordpress\/wp-content\/uploads\/2023\/09\/c18b4b30-1dcb-4fa1-a18c-ba190f85b54a.jpg'><img loading=\"lazy\" decoding=\"async\" width=\"300\" height=\"225\" src=\"https:\/\/www.radiopiu.net\/wordpress\/wp-content\/uploads\/2023\/09\/c18b4b30-1dcb-4fa1-a18c-ba190f85b54a-300x225.jpg\" class=\"attachment-medium size-medium\" alt=\"\" srcset=\"https:\/\/www.radiopiu.net\/wordpress\/wp-content\/uploads\/2023\/09\/c18b4b30-1dcb-4fa1-a18c-ba190f85b54a-300x225.jpg 300w, https:\/\/www.radiopiu.net\/wordpress\/wp-content\/uploads\/2023\/09\/c18b4b30-1dcb-4fa1-a18c-ba190f85b54a-768x576.jpg 768w, https:\/\/www.radiopiu.net\/wordpress\/wp-content\/uploads\/2023\/09\/c18b4b30-1dcb-4fa1-a18c-ba190f85b54a.jpg 1024w\" sizes=\"auto, (max-width: 300px) 100vw, 300px\" \/><\/a>\n\t\t\t\t<\/dt><\/dl><dl class='gallery-item'>\n\t\t\t\t<dt class='gallery-icon landscape'>\n\t\t\t\t\t<a class=\"rollover rollover-zoom dt-pswp-item\" title=\"2ecb3241-3513-428e-a6e1-f3745b100305\" data-dt-img-description=\"\" data-large_image_width=\"1024\" data-large_image_height=\"768\"href='https:\/\/www.radiopiu.net\/wordpress\/wp-content\/uploads\/2023\/09\/2ecb3241-3513-428e-a6e1-f3745b100305.jpg'><img loading=\"lazy\" decoding=\"async\" width=\"300\" height=\"225\" src=\"https:\/\/www.radiopiu.net\/wordpress\/wp-content\/uploads\/2023\/09\/2ecb3241-3513-428e-a6e1-f3745b100305-300x225.jpg\" class=\"attachment-medium size-medium\" alt=\"\" srcset=\"https:\/\/www.radiopiu.net\/wordpress\/wp-content\/uploads\/2023\/09\/2ecb3241-3513-428e-a6e1-f3745b100305-300x225.jpg 300w, https:\/\/www.radiopiu.net\/wordpress\/wp-content\/uploads\/2023\/09\/2ecb3241-3513-428e-a6e1-f3745b100305-768x576.jpg 768w, https:\/\/www.radiopiu.net\/wordpress\/wp-content\/uploads\/2023\/09\/2ecb3241-3513-428e-a6e1-f3745b100305.jpg 1024w\" sizes=\"auto, (max-width: 300px) 100vw, 300px\" \/><\/a>\n\t\t\t\t<\/dt><\/dl><dl class='gallery-item'>\n\t\t\t\t<dt class='gallery-icon landscape'>\n\t\t\t\t\t<a class=\"rollover rollover-zoom dt-pswp-item\" title=\"1552e4d0-6f90-4cad-a12f-f48300b5e875\" data-dt-img-description=\"\" data-large_image_width=\"1024\" data-large_image_height=\"683\"href='https:\/\/www.radiopiu.net\/wordpress\/wp-content\/uploads\/2023\/09\/1552e4d0-6f90-4cad-a12f-f48300b5e875.jpg'><img loading=\"lazy\" decoding=\"async\" width=\"300\" height=\"200\" src=\"https:\/\/www.radiopiu.net\/wordpress\/wp-content\/uploads\/2023\/09\/1552e4d0-6f90-4cad-a12f-f48300b5e875-300x200.jpg\" class=\"attachment-medium size-medium\" alt=\"\" aria-describedby=\"gallery-5-350996\" srcset=\"https:\/\/www.radiopiu.net\/wordpress\/wp-content\/uploads\/2023\/09\/1552e4d0-6f90-4cad-a12f-f48300b5e875-300x200.jpg 300w, https:\/\/www.radiopiu.net\/wordpress\/wp-content\/uploads\/2023\/09\/1552e4d0-6f90-4cad-a12f-f48300b5e875-768x512.jpg 768w, https:\/\/www.radiopiu.net\/wordpress\/wp-content\/uploads\/2023\/09\/1552e4d0-6f90-4cad-a12f-f48300b5e875.jpg 1024w\" sizes=\"auto, (max-width: 300px) 100vw, 300px\" \/><\/a>\n\t\t\t\t<\/dt>\n\t\t\t\t\t<dd class='wp-caption-text gallery-caption' id='gallery-5-350996'>\n\t\t\t\t\tFOTO: MARIO DE MARCO\n\t\t\t\t\t<\/dd><\/dl><dl class='gallery-item'>\n\t\t\t\t<dt class='gallery-icon landscape'>\n\t\t\t\t\t<a class=\"rollover rollover-zoom dt-pswp-item\" title=\"beb6a9cc-8d4f-4729-be7e-28a4ad646a9f\" data-dt-img-description=\"\" data-large_image_width=\"1024\" data-large_image_height=\"683\"href='https:\/\/www.radiopiu.net\/wordpress\/wp-content\/uploads\/2023\/09\/beb6a9cc-8d4f-4729-be7e-28a4ad646a9f.jpg'><img loading=\"lazy\" decoding=\"async\" width=\"300\" height=\"200\" src=\"https:\/\/www.radiopiu.net\/wordpress\/wp-content\/uploads\/2023\/09\/beb6a9cc-8d4f-4729-be7e-28a4ad646a9f-300x200.jpg\" class=\"attachment-medium size-medium\" alt=\"\" aria-describedby=\"gallery-5-350997\" srcset=\"https:\/\/www.radiopiu.net\/wordpress\/wp-content\/uploads\/2023\/09\/beb6a9cc-8d4f-4729-be7e-28a4ad646a9f-300x200.jpg 300w, https:\/\/www.radiopiu.net\/wordpress\/wp-content\/uploads\/2023\/09\/beb6a9cc-8d4f-4729-be7e-28a4ad646a9f-768x512.jpg 768w, https:\/\/www.radiopiu.net\/wordpress\/wp-content\/uploads\/2023\/09\/beb6a9cc-8d4f-4729-be7e-28a4ad646a9f.jpg 1024w\" sizes=\"auto, (max-width: 300px) 100vw, 300px\" \/><\/a>\n\t\t\t\t<\/dt>\n\t\t\t\t\t<dd class='wp-caption-text gallery-caption' id='gallery-5-350997'>\n\t\t\t\t\tFOTO: MARIO DE MARCO\n\t\t\t\t\t<\/dd><\/dl><br style=\"clear: both\" \/>\n\t\t\t<\/div>\n\n<p>&nbsp;<\/p>\n<p><span style=\"color: #ff0000;\"><strong>LE PREMIAZIONI CON LA DIRETTA DI RADIO PIU&#8217;<\/strong><\/span><\/p>\n<p><iframe loading=\"lazy\" title=\"Va Pian Ma Riva 2023\" width=\"1200\" height=\"675\" src=\"https:\/\/www.youtube.com\/embed\/0BjWMGKj2AU?feature=oembed\" frameborder=\"0\" allow=\"accelerometer; autoplay; clipboard-write; encrypted-media; gyroscope; picture-in-picture; web-share\" allowfullscreen><\/iframe><\/p>\n<p>&nbsp;<\/p>\n<p><span style=\"color: #0000ff;\"><strong>PALLAVOLO<\/strong><\/span><\/p>\n<blockquote>\n<h3>SCHIRO E IL BELLUNO VOLLEY<\/h3>\n<\/blockquote>\n<p><strong><a class=\"dt-pswp-item\" href=\"https:\/\/www.radiopiu.net\/wordpress\/wp-content\/uploads\/2023\/09\/Schiro_alla_Spes_Arena.jpg\" data-dt-img-description=\"\" data-large_image_width=\"1335\" data-large_image_height=\"890\"><img loading=\"lazy\" decoding=\"async\" class=\" wp-image-350978 alignleft\" src=\"https:\/\/www.radiopiu.net\/wordpress\/wp-content\/uploads\/2023\/09\/Schiro_alla_Spes_Arena-300x200.jpg\" alt=\"\" width=\"162\" height=\"108\" srcset=\"https:\/\/www.radiopiu.net\/wordpress\/wp-content\/uploads\/2023\/09\/Schiro_alla_Spes_Arena-300x200.jpg 300w, https:\/\/www.radiopiu.net\/wordpress\/wp-content\/uploads\/2023\/09\/Schiro_alla_Spes_Arena-1024x683.jpg 1024w, https:\/\/www.radiopiu.net\/wordpress\/wp-content\/uploads\/2023\/09\/Schiro_alla_Spes_Arena-768x512.jpg 768w, https:\/\/www.radiopiu.net\/wordpress\/wp-content\/uploads\/2023\/09\/Schiro_alla_Spes_Arena.jpg 1335w\" sizes=\"auto, (max-width: 162px) 100vw, 162px\" \/><\/a>BELLUNO <\/strong>Ha altezza (203 centimetri), qualit\u00e0 tecniche (e umane), oltre a un desiderio di migliorare e di mettersi in gioco difficilmente quantificabile. Se \u00e8 vero che il Belluno Volley cercava un profilo di questo tipo, allora non ci sono dubbi: lo ha trovato in Andrea Schiro. La societ\u00e0 ne era convinta quando lo ha scelto, e annunciato per primo, lo scorso mese di maggio. Ma ne ha avuto una dirompente conferma adesso che lo schiacciatore passato per Padova e Motta di Livenza ha messo piede sul parquet della Spes Arena. Schiro e i rinoceronti vogliono andare lontano, anche se il percorso \u00e8 appena partito: \u00abFin da subito &#8211; afferma l\u2019atleta di Thiene, che fra otto giorni spegner\u00e0 22 candeline &#8211; abbiamo iniziato a spingere, pur seguendo una certa gradualit\u00e0. Ogni giorno incrementiamo i ritmi. Ci\u00f2 che stiamo facendo durante il periodo preparazione servir\u00e0 moltissimo pi\u00f9 avanti\u00bb. Andrea \u00e8 uno dei tanti volti nuovi, in casa bellunese: \u00abSiamo un gruppo gi\u00e0 affiatato &#8211; prosegue -. Qui c\u2019\u00e8 il giusto mix tra giovani e atleti con maggior esperienza: ci si prende in giro al di fuori del contesto pallavolistico, mentre ci alleniamo a testa bassa e con seriet\u00e0 quando \u00e8 il momento di fare sul serio. S\u00ec, \u00e8 davvero uno splendido collettivo. Cos\u00ec come l\u2019ambiente: tranquillo, l\u2019ideale per lavorare con profitto\u00bb.<span class=\"gmail-Apple-converted-space\">\u00a0<\/span><\/p>\n<p>&nbsp;<\/p>\n<p><span style=\"color: #0000ff;\"><strong>CORSA IN MONTAGNA<\/strong><\/span><\/p>\n<blockquote>\n<h3>ALEX OBERBACHER SI AGGIUDICA LA TRANSPELMO 2023<\/h3>\n<\/blockquote>\n<p><strong>VAL DI ZOLDO<\/strong> Finalmente Alex Oberbacher alla Transpelmo. Dopo aver conquistato due secondi posti (2022 e 2017) e due terzi posti (2019 e 2018), il gardenese, azzurro dello sci alpinismo, \u00e8 riuscito a salire sul primo gradino del podio di Transpelmo, la skyrun del Monte Pelmo (Val di Zoldo, Dolomiti Bellunesi) andata in scena domenica 3 settembre, atto finale del circuito Golden Trail National Series by Salomon. Alex Oberbacher ha vinto la gara sulla salita verso Forcella Val d\u2019Arcia, quando ha forzato il ritmo liberandosi del trentino Marco Filosi con il quale fino a quel momento, sui tratti pi\u00f9 corribili, aveva fatto corsa parallela. Al femminile, \u00e8 targata Slovenia l\u2019edizione 2023 di Transpelmo: vittoria per Dominika Zupancic Valant, recente protagonista ai Mondiali di corsa in montagna di Innsbruck, con il tempo di 2h22\u201913\u201d.<\/p>\n<p><strong>PER LE CLASSIFICHE <a href=\"https:\/\/sportdolomiti.it\/ds_event\/transpelmo_23\">CLICCA QUI<\/a><\/strong><\/p>\n\n\t\t\t<style type='text\/css'>\n\t\t\t\t#gallery-6 {\n\t\t\t\t\tmargin: auto;\n\t\t\t\t}\n\t\t\t\t#gallery-6 .gallery-item {\n\t\t\t\t\tfloat: left;\n\t\t\t\t\tmargin-top: 10px;\n\t\t\t\t\ttext-align: center;\n\t\t\t\t\twidth: 33%;\n\t\t\t\t}\n\t\t\t\t#gallery-6 img {\n\t\t\t\t\tborder: 2px solid #cfcfcf;\n\t\t\t\t}\n\t\t\t\t#gallery-6 .gallery-caption {\n\t\t\t\t\tmargin-left: 0;\n\t\t\t\t}\n\t\t\t\t\/* see gallery_shortcode() in wp-includes\/media.php *\/\n\t\t\t<\/style>\n\t\t<div id='gallery-6' class='dt-gallery-container gallery galleryid-350940 gallery-columns-3 gallery-size-medium'><dl class='gallery-item'>\n\t\t\t\t<dt class='gallery-icon landscape'>\n\t\t\t\t\t<a class=\"rollover rollover-zoom dt-pswp-item\" title=\"g2sHep-A\" data-dt-img-description=\"\" data-large_image_width=\"2048\" data-large_image_height=\"1365\"href='https:\/\/www.radiopiu.net\/wordpress\/wp-content\/uploads\/2023\/09\/g2sHep-A.jpg'><img loading=\"lazy\" decoding=\"async\" width=\"300\" height=\"200\" src=\"https:\/\/www.radiopiu.net\/wordpress\/wp-content\/uploads\/2023\/09\/g2sHep-A-300x200.jpg\" class=\"attachment-medium size-medium\" alt=\"\" srcset=\"https:\/\/www.radiopiu.net\/wordpress\/wp-content\/uploads\/2023\/09\/g2sHep-A-300x200.jpg 300w, https:\/\/www.radiopiu.net\/wordpress\/wp-content\/uploads\/2023\/09\/g2sHep-A-1024x683.jpg 1024w, https:\/\/www.radiopiu.net\/wordpress\/wp-content\/uploads\/2023\/09\/g2sHep-A-768x512.jpg 768w, https:\/\/www.radiopiu.net\/wordpress\/wp-content\/uploads\/2023\/09\/g2sHep-A-1536x1024.jpg 1536w, https:\/\/www.radiopiu.net\/wordpress\/wp-content\/uploads\/2023\/09\/g2sHep-A.jpg 2048w\" sizes=\"auto, (max-width: 300px) 100vw, 300px\" \/><\/a>\n\t\t\t\t<\/dt><\/dl><dl class='gallery-item'>\n\t\t\t\t<dt class='gallery-icon landscape'>\n\t\t\t\t\t<a class=\"rollover rollover-zoom dt-pswp-item\" title=\"t0SQ5Rgg\" data-dt-img-description=\"\" data-large_image_width=\"2560\" data-large_image_height=\"1707\"href='https:\/\/www.radiopiu.net\/wordpress\/wp-content\/uploads\/2023\/09\/t0SQ5Rgg-scaled.jpg'><img loading=\"lazy\" decoding=\"async\" width=\"300\" height=\"200\" src=\"https:\/\/www.radiopiu.net\/wordpress\/wp-content\/uploads\/2023\/09\/t0SQ5Rgg-300x200.jpg\" class=\"attachment-medium size-medium\" alt=\"\" srcset=\"https:\/\/www.radiopiu.net\/wordpress\/wp-content\/uploads\/2023\/09\/t0SQ5Rgg-300x200.jpg 300w, https:\/\/www.radiopiu.net\/wordpress\/wp-content\/uploads\/2023\/09\/t0SQ5Rgg-1024x683.jpg 1024w, https:\/\/www.radiopiu.net\/wordpress\/wp-content\/uploads\/2023\/09\/t0SQ5Rgg-768x512.jpg 768w, https:\/\/www.radiopiu.net\/wordpress\/wp-content\/uploads\/2023\/09\/t0SQ5Rgg-1536x1024.jpg 1536w, https:\/\/www.radiopiu.net\/wordpress\/wp-content\/uploads\/2023\/09\/t0SQ5Rgg-2048x1365.jpg 2048w\" sizes=\"auto, (max-width: 300px) 100vw, 300px\" \/><\/a>\n\t\t\t\t<\/dt><\/dl><dl class='gallery-item'>\n\t\t\t\t<dt class='gallery-icon landscape'>\n\t\t\t\t\t<a class=\"rollover rollover-zoom dt-pswp-item\" title=\"aWVzkfoA\" data-dt-img-description=\"\" data-large_image_width=\"2048\" data-large_image_height=\"1365\"href='https:\/\/www.radiopiu.net\/wordpress\/wp-content\/uploads\/2023\/09\/aWVzkfoA.jpg'><img loading=\"lazy\" decoding=\"async\" width=\"300\" height=\"200\" src=\"https:\/\/www.radiopiu.net\/wordpress\/wp-content\/uploads\/2023\/09\/aWVzkfoA-300x200.jpg\" class=\"attachment-medium size-medium\" alt=\"\" srcset=\"https:\/\/www.radiopiu.net\/wordpress\/wp-content\/uploads\/2023\/09\/aWVzkfoA-300x200.jpg 300w, https:\/\/www.radiopiu.net\/wordpress\/wp-content\/uploads\/2023\/09\/aWVzkfoA-1024x683.jpg 1024w, https:\/\/www.radiopiu.net\/wordpress\/wp-content\/uploads\/2023\/09\/aWVzkfoA-768x512.jpg 768w, https:\/\/www.radiopiu.net\/wordpress\/wp-content\/uploads\/2023\/09\/aWVzkfoA-1536x1024.jpg 1536w, https:\/\/www.radiopiu.net\/wordpress\/wp-content\/uploads\/2023\/09\/aWVzkfoA.jpg 2048w\" sizes=\"auto, (max-width: 300px) 100vw, 300px\" \/><\/a>\n\t\t\t\t<\/dt><\/dl><br style=\"clear: both\" \/>\n\t\t\t<\/div>\n\n<p>&nbsp;<\/p>\n","protected":false},"excerpt":{"rendered":"<p>RISVEGLIO SETTEMBRINO TRA IL LAGO DI ALLEGHE E IL CIVETTA OGGI, 6.30 di Mara Mezzacasa 40esimo di RADIOPIU\u2026. LA VOCE DELL\u2019EMOZIONE ISCRIVITI AL NOSTRO CANALE\u00a0\u00a0YOUTUBE PER SEGUIRE IN DIRETTA I PRINCIPALI PROGRAMMI DI RADIO PIU\u2019 E LE FUTURE DIRETTE IN ESTERNA. PER ISCRIVERTI\u00a0CLICCA QUI\u00a0E PREMI\u00a0 \u201cIscriviti\u201d &nbsp; &nbsp; &nbsp; &nbsp; OGGI LUNEDI 4 SETTEMBRE LA&hellip;<\/p>\n","protected":false},"author":4,"featured_media":351015,"comment_status":"closed","ping_status":"closed","sticky":false,"template":"","format":"standard","meta":{"_monsterinsights_skip_tracking":false,"_monsterinsights_sitenote_active":false,"_monsterinsights_sitenote_note":"","_monsterinsights_sitenote_category":0,"footnotes":""},"categories":[51,86,49],"tags":[],"class_list":["post-350940","post","type-post","status-publish","format-standard","has-post-thumbnail","hentry","category-evidenza-top","category-gr","category-news-18","category-51","category-86","category-49","description-off"],"img_url":"https:\/\/www.radiopiu.net\/wordpress\/wp-content\/uploads\/2023\/09\/Watermark_20230903_131631_636.jpg","_links":{"self":[{"href":"https:\/\/www.radiopiu.net\/wordpress\/wp-json\/wp\/v2\/posts\/350940","targetHints":{"allow":["GET"]}}],"collection":[{"href":"https:\/\/www.radiopiu.net\/wordpress\/wp-json\/wp\/v2\/posts"}],"about":[{"href":"https:\/\/www.radiopiu.net\/wordpress\/wp-json\/wp\/v2\/types\/post"}],"author":[{"embeddable":true,"href":"https:\/\/www.radiopiu.net\/wordpress\/wp-json\/wp\/v2\/users\/4"}],"replies":[{"embeddable":true,"href":"https:\/\/www.radiopiu.net\/wordpress\/wp-json\/wp\/v2\/comments?post=350940"}],"version-history":[{"count":0,"href":"https:\/\/www.radiopiu.net\/wordpress\/wp-json\/wp\/v2\/posts\/350940\/revisions"}],"wp:featuredmedia":[{"embeddable":true,"href":"https:\/\/www.radiopiu.net\/wordpress\/wp-json\/wp\/v2\/media\/351015"}],"wp:attachment":[{"href":"https:\/\/www.radiopiu.net\/wordpress\/wp-json\/wp\/v2\/media?parent=350940"}],"wp:term":[{"taxonomy":"category","embeddable":true,"href":"https:\/\/www.radiopiu.net\/wordpress\/wp-json\/wp\/v2\/categories?post=350940"},{"taxonomy":"post_tag","embeddable":true,"href":"https:\/\/www.radiopiu.net\/wordpress\/wp-json\/wp\/v2\/tags?post=350940"}],"curies":[{"name":"wp","href":"https:\/\/api.w.org\/{rel}","templated":true}]}}