{"id":350943,"date":"2023-09-02T08:53:50","date_gmt":"2023-09-02T06:53:50","guid":{"rendered":"https:\/\/www.radiopiu.net\/wordpress\/?p=350943"},"modified":"2023-09-02T08:53:50","modified_gmt":"2023-09-02T06:53:50","slug":"ulss-1-dolomiti-conferiti-i-primi-17-incarichi-dirigenziali-per-sanitari","status":"publish","type":"post","link":"https:\/\/www.radiopiu.net\/wordpress\/ulss-1-dolomiti-conferiti-i-primi-17-incarichi-dirigenziali-per-sanitari\/","title":{"rendered":"ULSS 1 DOLOMITI: CONFERITI I PRIMI 17 INCARICHI DIRIGENZIALI PER SANITARI"},"content":{"rendered":"<p><strong><a class=\"dt-pswp-item\" href=\"https:\/\/www.radiopiu.net\/wordpress\/wp-content\/uploads\/2023\/09\/WhatsApp-Image-2023-09-02-at-07.55.57.jpeg\" data-dt-img-description=\"\" data-large_image_width=\"1024\" data-large_image_height=\"768\"><img loading=\"lazy\" decoding=\"async\" class=\" wp-image-350944 alignleft\" src=\"https:\/\/www.radiopiu.net\/wordpress\/wp-content\/uploads\/2023\/09\/WhatsApp-Image-2023-09-02-at-07.55.57-300x225.jpeg\" alt=\"\" width=\"216\" height=\"162\" srcset=\"https:\/\/www.radiopiu.net\/wordpress\/wp-content\/uploads\/2023\/09\/WhatsApp-Image-2023-09-02-at-07.55.57-300x225.jpeg 300w, https:\/\/www.radiopiu.net\/wordpress\/wp-content\/uploads\/2023\/09\/WhatsApp-Image-2023-09-02-at-07.55.57-768x576.jpeg 768w, https:\/\/www.radiopiu.net\/wordpress\/wp-content\/uploads\/2023\/09\/WhatsApp-Image-2023-09-02-at-07.55.57.jpeg 1024w\" sizes=\"auto, (max-width: 216px) 100vw, 216px\" \/><\/a>BELLUNO <\/strong>Sono stati conferiti, con deliberazione del Direttore Generale, i primi 17 incarichi dirigenziali di direzione di struttura semplice e di altissima professionalit\u00e0. Nello scorso mese di luglio, infatti, l\u2019Ulss Dolomiti ha siglato un accordo con le organizzazioni sindacali dei dirigenti dell\u2019area sanitaria per l\u2019individuazione, graduazione ed affidamento delle funzioni dirigenziali e del correlato valore economico. L\u2019Azienda ha, quindi, prima avviato le procedure per il conferimento dei primi 37 incarichi vacanti di direzione di unit\u00e0 operativa semplice dipartimentale, unit\u00e0 operativa semplice (gi\u00e0 previsti in atto aziendale) e di altissima professionalit\u00e0 e alta professionalit\u00e0. Ieri si \u00e8 concluso l\u2019iter degli avvisi con un\u2019unica candidatura e sono stati assegnati i primi 17 incarichi. Nello specifico, sono stati incaricati i dottori: Giorgio Guazzelli \u2013 U.O.S. Chirurgia Mininvasiva (Ostetricia e Ginecologia Feltre); Marco Tollardo \u2013 U.O.S. Epatologia di Feltre (Gastroenterologia Feltre); Elsa Galeotti \u2013 U.O.S. Terapia Intensiva di Feltre (Anestesia e Rianimazione Feltre), Valentina Sitta \u2013 U.O.S. Coordinamento Gruppo Operatorio (Anestesia e Rianimazione Feltre); Sergio Alessio \u2013 U.O.S. OBI Agordo (Pronto Soccorso Agordo); Edda Enzo \u2013 U.O.S. Medicina del sonno (Pneumologia Feltre); Elisabetta Dal Pont \u2013 U.O.S. Endoscopia digestiva in rete (Gastroenterologia Belluno); Stefania Peterle \u2013 U.O.S. Servizio Salute e Ambiente (Servizio di Igiene e Sanit\u00e0 pubblica); Piergiorgio Della Lucia \u2013 U.O.S. Laboratori in Rete (Laboratorio Analisi Belluno); Alessandra D\u2019Urso \u2013 U.O.S. Biologia Molecolare Oncologica (Anatomia e Istologia Patologica Feltre); Enrico Alberioli \u2013 U.O.S. Diagnostica RM (Radiologia Feltre); Luca Mario \u2013 U.O.S. UCIC Belluno (Cardiologia UCIC Belluno); Matteo Vincenzi \u2013 U.O.S. Radiologia Interventistica (Radiologia Belluno). Per quanto riguarda gli incarichi di altissima professionalit\u00e0, sono stati incaricati i seguenti dirigenti medici: Enrico Francione \u2013 Prevenzione e Controllo delle Antropozoonosi in ambiente montano (Servizio veterinario di Sanit\u00e0 Animale-area A); Carlo Ammendolea \u2013 Diagnostica non invasiva e imaging cardiovascolare (Cardiologia UCIC Belluno); Lucia Parissenti \u2013 Cardiologia di Agordo (Medicina Generale Agordo); Carla Manuppelli \u2013 Attivit\u00e0 di epatologia (Medicina Generale Belluno). Gli incarichi conferiti avranno una durata di cinque anni, a partire dal 1 settembre 2023, con possibilit\u00e0 di rinnovo. Nelle prossime settimane si concluderanno le procedure per gli ulteriori 20 incarichi. Il Commissario Dal Ben, nel complimentarsi con i professionisti per l\u2019incarico, ha rimarcato come questo riconoscimento delle professionalit\u00e0 sia anche uno stimolo per lavorare con rinnovato impegno allo sviluppo dei servizi, avendo sempre una particolare cura della relazione col paziente. \u201cL\u2019accordo raggiunto con le OO.SS., dopo una lunga trattativa, ha permesso di arrivare al conferimento di questi primi 17 incarichi, a cui ne seguiranno altri nelle prossime settimane. E\u2019 un modo per valorizzare il personale, riconoscere il lavoro svolto e uno stimolo per fare ancora meglio. Il primo obiettivo che ho dato loro \u00e8 quello di portare nuovi professionisti nelle unit\u00e0 operative, tramite i contatti personali, scientifici e il tutoraggio dei giovani in reparto\u201d commenta il Commissario. L\u2019accordo del mese di luglio, intercorso con le sigle sindacali, disciplinava anche le modalit\u00e0 di destinazione e di utilizzo delle risorse residue del fondo per la retribuzione degli incarichi. Con gli stipendi del mese di agosto i professionisti della dirigenza sanitaria hanno percepito i nuovi valori della retribuzione di posizione con i relativi arretrati (2020, 2021, 2022 e sette mesi del 2023), per un totale di circa 7 mln di euro.<\/p>\n<p>&nbsp;<\/p>\n<p>&nbsp;<\/p>\n<p>&nbsp;<\/p>\n<p>********<\/p>\n","protected":false},"excerpt":{"rendered":"<p>BELLUNO Sono stati conferiti, con deliberazione del Direttore Generale, i primi 17 incarichi dirigenziali di direzione di struttura semplice e di altissima professionalit\u00e0. Nello scorso mese di luglio, infatti, l\u2019Ulss Dolomiti ha siglato un accordo con le organizzazioni sindacali dei dirigenti dell\u2019area sanitaria per l\u2019individuazione, graduazione ed affidamento delle funzioni dirigenziali e del correlato valore&hellip;<\/p>\n","protected":false},"author":4,"featured_media":350944,"comment_status":"closed","ping_status":"closed","sticky":false,"template":"","format":"standard","meta":{"_monsterinsights_skip_tracking":false,"_monsterinsights_sitenote_active":false,"_monsterinsights_sitenote_note":"","_monsterinsights_sitenote_category":0,"footnotes":""},"categories":[49],"tags":[],"class_list":["post-350943","post","type-post","status-publish","format-standard","has-post-thumbnail","hentry","category-news-18","category-49","description-off"],"img_url":"https:\/\/www.radiopiu.net\/wordpress\/wp-content\/uploads\/2023\/09\/WhatsApp-Image-2023-09-02-at-07.55.57.jpeg","_links":{"self":[{"href":"https:\/\/www.radiopiu.net\/wordpress\/wp-json\/wp\/v2\/posts\/350943","targetHints":{"allow":["GET"]}}],"collection":[{"href":"https:\/\/www.radiopiu.net\/wordpress\/wp-json\/wp\/v2\/posts"}],"about":[{"href":"https:\/\/www.radiopiu.net\/wordpress\/wp-json\/wp\/v2\/types\/post"}],"author":[{"embeddable":true,"href":"https:\/\/www.radiopiu.net\/wordpress\/wp-json\/wp\/v2\/users\/4"}],"replies":[{"embeddable":true,"href":"https:\/\/www.radiopiu.net\/wordpress\/wp-json\/wp\/v2\/comments?post=350943"}],"version-history":[{"count":0,"href":"https:\/\/www.radiopiu.net\/wordpress\/wp-json\/wp\/v2\/posts\/350943\/revisions"}],"wp:featuredmedia":[{"embeddable":true,"href":"https:\/\/www.radiopiu.net\/wordpress\/wp-json\/wp\/v2\/media\/350944"}],"wp:attachment":[{"href":"https:\/\/www.radiopiu.net\/wordpress\/wp-json\/wp\/v2\/media?parent=350943"}],"wp:term":[{"taxonomy":"category","embeddable":true,"href":"https:\/\/www.radiopiu.net\/wordpress\/wp-json\/wp\/v2\/categories?post=350943"},{"taxonomy":"post_tag","embeddable":true,"href":"https:\/\/www.radiopiu.net\/wordpress\/wp-json\/wp\/v2\/tags?post=350943"}],"curies":[{"name":"wp","href":"https:\/\/api.w.org\/{rel}","templated":true}]}}