{"id":350948,"date":"2023-09-02T09:23:26","date_gmt":"2023-09-02T07:23:26","guid":{"rendered":"https:\/\/www.radiopiu.net\/wordpress\/?p=350948"},"modified":"2023-09-02T09:23:26","modified_gmt":"2023-09-02T07:23:26","slug":"due-interventi-nella-notte-per-il-soccorso-alpino","status":"publish","type":"post","link":"https:\/\/www.radiopiu.net\/wordpress\/due-interventi-nella-notte-per-il-soccorso-alpino\/","title":{"rendered":"DUE INTERVENTI NELLA NOTTE PER IL SOCCORSO ALPINO"},"content":{"rendered":"<p dir=\"auto\"><a class=\"dt-pswp-item\" href=\"https:\/\/www.radiopiu.net\/wordpress\/wp-content\/uploads\/2023\/09\/Watermark_20230902_082346_440.jpg\" data-dt-img-description=\"\" data-large_image_width=\"1773\" data-large_image_height=\"2364\"><img loading=\"lazy\" decoding=\"async\" class=\" wp-image-350957 alignleft\" src=\"https:\/\/www.radiopiu.net\/wordpress\/wp-content\/uploads\/2023\/09\/Watermark_20230902_082346_440-225x300.jpg\" alt=\"\" width=\"146\" height=\"195\" srcset=\"https:\/\/www.radiopiu.net\/wordpress\/wp-content\/uploads\/2023\/09\/Watermark_20230902_082346_440-225x300.jpg 225w, https:\/\/www.radiopiu.net\/wordpress\/wp-content\/uploads\/2023\/09\/Watermark_20230902_082346_440-768x1024.jpg 768w, https:\/\/www.radiopiu.net\/wordpress\/wp-content\/uploads\/2023\/09\/Watermark_20230902_082346_440-1152x1536.jpg 1152w, https:\/\/www.radiopiu.net\/wordpress\/wp-content\/uploads\/2023\/09\/Watermark_20230902_082346_440-1536x2048.jpg 1536w, https:\/\/www.radiopiu.net\/wordpress\/wp-content\/uploads\/2023\/09\/Watermark_20230902_082346_440.jpg 1773w\" sizes=\"auto, (max-width: 146px) 100vw, 146px\" \/><\/a>Sono due gli interventi che hanno tenuto a lungo impegnate nella notte le squadre del Soccorso alpino di Auronzo e della Guardia di finanza, sulle Tre Cime di Lavaredo, e del Soccorso alpino di San Vito di Cadore sul Sorapis.<\/p>\n<p dir=\"auto\"><strong>CORTINA <\/strong>Ieri passate le 19 la Centrale del 118 ha ricevuto la chiamata di due alpinisti della Repubblica Ceca di 27 e 29 anni che, completata la scalata dello Spigolo Dibona, erano usciti fuori traccia e non riuscivano pi\u00f9 a orientarsi sulla via normale per il rientro dalla Cima Grande di Lavaredo, pur avendo provato a dare loro indicazioni telefoniche. L&#8217;elicottero del Suem di Pieve di Cadore \u00e8 quindi volato sulle Tre Cime per cercare di recuperarli, ma fin dall&#8217;inizio \u00e8 stato chiaro che sarebbe stato molto difficile si aprisse un varco tra le nuvole in quota e la nebbia in basso. L&#8217;eliambulanza ha infatti effettuato alcuni tentativi senza purtroppo riuscire ed \u00e8 dovuta rientrare alla base. Sono quindi partiti 4 soccorritori della Stazione di Auronzo e 4 della Guardia di finanza che, risaliti lungo la normale fin sopra la Piramide, li hanno visti, raggiunti e riaccompagnati al Rifugio Lavaredo dove hanno passato la notte. L&#8217;intervento si \u00e8 concluso alle 2.<\/p>\n<p dir=\"auto\"><strong>SAN VITO DI CADORE <\/strong>Attorno alle 20 \u00e8 stato invece attivato il Soccorso alpino di San Vito di Cadore per due escursionisti 36enni di Chioggia (VE), che erano usciti fuori traccia sul Sentiero Minazio. I due erano partiti dal Passo Tre Croci per il giro del Sorapis. Saliti al Vandelli, avevano completato la Ferrata Vandelli, superato il Bivacco Comici e stavano percorrendo il saliscendi di non facile orientamento del Minazio, diretti al Bivacco Slataper per dormire e poi ripartire questa mattina e completare il giro con la Ferrata Berti. A Circa 2.300 metri di quota sono per\u00f2 usciti dell&#8217;itinerario e hanno chiesto aiuto, non riuscendo pi\u00f9 a muoversi. Una squadra \u00e8 salita da Forcella Grande e, facendo affidamento sulle coordinate abbastanza precise della loro posizione, li hanno individuati verso le 22.40. Stavano bene, erano solo stanchi e hanno camminato in autonomia al seguito dei soccorritori che li hanno riportati sul sentiero. Scesi ai mezzi, i due uomini sono poi stati accompagnati alla loro macchina al Tre Croci. L&#8217;intervento si \u00e8 concluso alle 2.40.<\/p>\n<p dir=\"auto\">*******<\/p>\n","protected":false},"excerpt":{"rendered":"<p>Sono due gli interventi che hanno tenuto a lungo impegnate nella notte le squadre del Soccorso alpino di Auronzo e della Guardia di finanza, sulle Tre Cime di Lavaredo, e del Soccorso alpino di San Vito di Cadore sul Sorapis. CORTINA Ieri passate le 19 la Centrale del 118 ha ricevuto la chiamata di due&hellip;<\/p>\n","protected":false},"author":4,"featured_media":350957,"comment_status":"closed","ping_status":"closed","sticky":false,"template":"","format":"standard","meta":{"_monsterinsights_skip_tracking":false,"_monsterinsights_sitenote_active":false,"_monsterinsights_sitenote_note":"","_monsterinsights_sitenote_category":0,"footnotes":""},"categories":[51,49],"tags":[],"class_list":["post-350948","post","type-post","status-publish","format-standard","has-post-thumbnail","hentry","category-evidenza-top","category-news-18","category-51","category-49","description-off"],"img_url":"https:\/\/www.radiopiu.net\/wordpress\/wp-content\/uploads\/2023\/09\/Watermark_20230902_082346_440.jpg","_links":{"self":[{"href":"https:\/\/www.radiopiu.net\/wordpress\/wp-json\/wp\/v2\/posts\/350948","targetHints":{"allow":["GET"]}}],"collection":[{"href":"https:\/\/www.radiopiu.net\/wordpress\/wp-json\/wp\/v2\/posts"}],"about":[{"href":"https:\/\/www.radiopiu.net\/wordpress\/wp-json\/wp\/v2\/types\/post"}],"author":[{"embeddable":true,"href":"https:\/\/www.radiopiu.net\/wordpress\/wp-json\/wp\/v2\/users\/4"}],"replies":[{"embeddable":true,"href":"https:\/\/www.radiopiu.net\/wordpress\/wp-json\/wp\/v2\/comments?post=350948"}],"version-history":[{"count":0,"href":"https:\/\/www.radiopiu.net\/wordpress\/wp-json\/wp\/v2\/posts\/350948\/revisions"}],"wp:featuredmedia":[{"embeddable":true,"href":"https:\/\/www.radiopiu.net\/wordpress\/wp-json\/wp\/v2\/media\/350957"}],"wp:attachment":[{"href":"https:\/\/www.radiopiu.net\/wordpress\/wp-json\/wp\/v2\/media?parent=350948"}],"wp:term":[{"taxonomy":"category","embeddable":true,"href":"https:\/\/www.radiopiu.net\/wordpress\/wp-json\/wp\/v2\/categories?post=350948"},{"taxonomy":"post_tag","embeddable":true,"href":"https:\/\/www.radiopiu.net\/wordpress\/wp-json\/wp\/v2\/tags?post=350948"}],"curies":[{"name":"wp","href":"https:\/\/api.w.org\/{rel}","templated":true}]}}