{"id":350950,"date":"2023-09-02T09:15:45","date_gmt":"2023-09-02T07:15:45","guid":{"rendered":"https:\/\/www.radiopiu.net\/wordpress\/?p=350950"},"modified":"2023-09-02T09:15:45","modified_gmt":"2023-09-02T07:15:45","slug":"sempre-meno-giovani-e-ancora-troppo-lontani-dal-lavoro","status":"publish","type":"post","link":"https:\/\/www.radiopiu.net\/wordpress\/sempre-meno-giovani-e-ancora-troppo-lontani-dal-lavoro\/","title":{"rendered":"SEMPRE MENO GIOVANI E ANCORA TROPPO LONTANI DAL LAVORO"},"content":{"rendered":"<p><a class=\"dt-pswp-item\" href=\"https:\/\/www.radiopiu.net\/wordpress\/wp-content\/uploads\/2023\/09\/Schermata-2023-09-02-alle-09.13.20.png\" data-dt-img-description=\"\" data-large_image_width=\"1250\" data-large_image_height=\"696\"><img loading=\"lazy\" decoding=\"async\" class=\"size-medium wp-image-350953 alignleft\" src=\"https:\/\/www.radiopiu.net\/wordpress\/wp-content\/uploads\/2023\/09\/Schermata-2023-09-02-alle-09.13.20-300x167.png\" alt=\"\" width=\"300\" height=\"167\" srcset=\"https:\/\/www.radiopiu.net\/wordpress\/wp-content\/uploads\/2023\/09\/Schermata-2023-09-02-alle-09.13.20-300x167.png 300w, https:\/\/www.radiopiu.net\/wordpress\/wp-content\/uploads\/2023\/09\/Schermata-2023-09-02-alle-09.13.20-1024x570.png 1024w, https:\/\/www.radiopiu.net\/wordpress\/wp-content\/uploads\/2023\/09\/Schermata-2023-09-02-alle-09.13.20-768x428.png 768w, https:\/\/www.radiopiu.net\/wordpress\/wp-content\/uploads\/2023\/09\/Schermata-2023-09-02-alle-09.13.20.png 1250w\" sizes=\"auto, (max-width: 300px) 100vw, 300px\" \/><\/a>Negli ultimi dieci anni in Veneto il numero dei giovani in et\u00e0 lavorativa (15-34 anni) \u00e8 sceso di quasi 28.500 unit\u00e0. Questa contrazione della popolazione nella fascia pi\u00f9 produttiva della vita lavorativa (pari al -2,8 per cento) ha, rispetto alle regioni del Sud (-15,1 per cento), una dimensione molto contenuta. Tuttavia, nei prossimi anni l\u2019onda lunga della denatalit\u00e0 investir\u00e0 anche la nostra regione con effetti sul mercato del lavoro molto negativi. Gi\u00e0 oggi, infatti, molti imprenditori faticano ad assumere personale, non solo per lo storico problema di trovare candidati disponibili e professionalmente preparati, ma anche perch\u00e9 la platea degli under 34 pronta ad entrare nel mercato del lavoro si sta progressivamente riducendo. Figuriamoci nei prossimi decenni. Insomma, la crisi demografica sta facendo sentire i suoi effetti e nel giro di breve tempo la rarefazione delle maestranze pi\u00f9 giovani \u00e8 destinata ad accentuarsi ulteriormente.<\/p>\n<p><strong>Entro 2027 dovremo \u201crimpiazzare\u201d quasi 250 mila addetti<\/strong><br \/>\nTra il 2023 e il 2027, ad esempio, il mercato del lavoro veneto richieder\u00e0 poco meno di 250 mila addetti in sostituzione delle persone destinate ad andare in pensione. Con sempre meno giovani destinati a entrare nel mercato del lavoro, \u201crimpiazzare\u201d una buona parte di chi scivoler\u00e0 verso la quiescenza diventer\u00e0 un grosso problema per tanti imprenditori. Non solo. Ancorch\u00e9 nel Veneto abbia dimensioni molto contenute, il tasso di disoccupazione giovanile \u00e8 comunque al 13,4 per cento. Insomma, i giovani calano di numero e rimangono ancora troppo lontani dal mercato del lavoro. Il quadro, nel Veneto, si presenta meno sconfortante di altre aree del Paese, ma comunque destinato a peggiorare e rischiamo di pagare caro se, come sistema Paese, non torneremo ad aumentare il numero delle nascite e a investire maggiormente nella scuola, nell\u2019universit\u00e0 e, soprattutto, nella formazione professionale.<\/p>\n<p><strong><a class=\"dt-pswp-item\" href=\"https:\/\/www.radiopiu.net\/wordpress\/wp-content\/uploads\/2023\/09\/Schermata-2023-09-02-alle-09.13.44.png\" data-dt-img-description=\"\" data-large_image_width=\"1056\" data-large_image_height=\"1574\"><img loading=\"lazy\" decoding=\"async\" class=\"size-medium wp-image-350952 alignleft\" src=\"https:\/\/www.radiopiu.net\/wordpress\/wp-content\/uploads\/2023\/09\/Schermata-2023-09-02-alle-09.13.44-201x300.png\" alt=\"\" width=\"201\" height=\"300\" srcset=\"https:\/\/www.radiopiu.net\/wordpress\/wp-content\/uploads\/2023\/09\/Schermata-2023-09-02-alle-09.13.44-201x300.png 201w, https:\/\/www.radiopiu.net\/wordpress\/wp-content\/uploads\/2023\/09\/Schermata-2023-09-02-alle-09.13.44-687x1024.png 687w, https:\/\/www.radiopiu.net\/wordpress\/wp-content\/uploads\/2023\/09\/Schermata-2023-09-02-alle-09.13.44-768x1145.png 768w, https:\/\/www.radiopiu.net\/wordpress\/wp-content\/uploads\/2023\/09\/Schermata-2023-09-02-alle-09.13.44-1031x1536.png 1031w, https:\/\/www.radiopiu.net\/wordpress\/wp-content\/uploads\/2023\/09\/Schermata-2023-09-02-alle-09.13.44.png 1056w\" sizes=\"auto, (max-width: 201px) 100vw, 201px\" \/><\/a>Serve un patto sociale con gli immigrati che vogliono stabilirsi in Italia<\/strong><br \/>\nAlla luce della denatalit\u00e0 in corso nel nostro Paese, appare evidente che per almeno i prossimi 15-20 anni dovremo ricorrere stabilmente anche all\u2019impiego degli extracomunitari. In che modo? Per legge, a nostro avviso, dovremmo stabilire che il permesso di soggiorno, a eccezione di chi ha i requisiti per ottenere la protezione internazionale e di chi entra con gi\u00e0 in mano un contratto di lavoro, andrebbe accordato a chi si rende disponibile a sottoscrivere un patto sociale con il nostro Paese. Il contenuto dell\u2019accordo? Se un cittadino straniero si impegna a frequentare uno o pi\u00f9 corsi ed entro un paio di anni impara la nostra lingua e un mestiere, al conseguimento di questi obbiettivi lo Stato italiano lo regolarizza e gli \u201ctrova\u201d un\u2019occupazione. Sia chiaro: \u00e8 un\u2019operazione complessa e non facile da gestire, anche perch\u00e9 il tema dell\u2019immigrazione e del suo rapporto con il mondo del lavoro \u00e8 molto articolato. Non solo; tutto ci\u00f2 richiede una Pubblica Amministrazione in grado di funzionare bene e con performance decisamente superiori a quelle dimostrate fino a ora. Il buon esito di un\u2019iniziativa di questo tipo, ad esempio, non pu\u00f2 prescindere da una ritrovata efficienza dei Centri per l\u2019impiego, altrimenti la possibilit\u00e0 che l\u2019iniziativa naufraghi \u00e8 pressoch\u00e9 certa. Grazie al coinvolgimento anche delle Camere di Commercio, dovremo accelerare il processo di avvicinamento e di conoscenza tra la scuola e il mondo del lavoro, senza dimenticare che non potremo rinunciare a un forte incremento degli investimenti sugli ITS e sulla qualit\u00e0 della formazione professionale; materia, quest\u2019ultima, di competenza delle Amministrazioni regionali.<\/p>\n<p><strong>Gli under 34 sono diminuiti soprattutto a Rovigo e Belluno<\/strong><br \/>\nLe province venete pi\u00f9 colpite dalla denatalit\u00e0 sono state Rovigo e Belluno. Se il capoluogo polesano in questo ultimo decennio ha subito una contrazione del 15,3 per cento (-7.214 giovani), quello dolomitico ha registrato un -5 per cento (-1.976). Pi\u00f9 contenute, invece, le flessioni di Padova con -2,9 per cento (-5.481), Vicenza con -2,4 per cento (-4.487), Verona con -2 per cento (-3.942), Treviso con -1,7 per cento (-3.083) e Venezia con -1,4 per cento (-2.263).<\/p>\n<p><a class=\"dt-pswp-item\" href=\"https:\/\/www.radiopiu.net\/wordpress\/wp-content\/uploads\/2023\/09\/Schermata-2023-09-02-alle-09.13.56.png\" data-dt-img-description=\"\" data-large_image_width=\"1106\" data-large_image_height=\"744\"><img loading=\"lazy\" decoding=\"async\" class=\"size-medium wp-image-350951 alignleft\" src=\"https:\/\/www.radiopiu.net\/wordpress\/wp-content\/uploads\/2023\/09\/Schermata-2023-09-02-alle-09.13.56-300x202.png\" alt=\"\" width=\"300\" height=\"202\" srcset=\"https:\/\/www.radiopiu.net\/wordpress\/wp-content\/uploads\/2023\/09\/Schermata-2023-09-02-alle-09.13.56-300x202.png 300w, https:\/\/www.radiopiu.net\/wordpress\/wp-content\/uploads\/2023\/09\/Schermata-2023-09-02-alle-09.13.56-1024x689.png 1024w, https:\/\/www.radiopiu.net\/wordpress\/wp-content\/uploads\/2023\/09\/Schermata-2023-09-02-alle-09.13.56-768x517.png 768w, https:\/\/www.radiopiu.net\/wordpress\/wp-content\/uploads\/2023\/09\/Schermata-2023-09-02-alle-09.13.56.png 1106w\" sizes=\"auto, (max-width: 300px) 100vw, 300px\" \/><\/a><\/p>\n","protected":false},"excerpt":{"rendered":"<p>Negli ultimi dieci anni in Veneto il numero dei giovani in et\u00e0 lavorativa (15-34 anni) \u00e8 sceso di quasi 28.500 unit\u00e0. Questa contrazione della popolazione nella fascia pi\u00f9 produttiva della vita lavorativa (pari al -2,8 per cento) ha, rispetto alle regioni del Sud (-15,1 per cento), una dimensione molto contenuta. Tuttavia, nei prossimi anni l\u2019onda&hellip;<\/p>\n","protected":false},"author":2,"featured_media":237753,"comment_status":"closed","ping_status":"closed","sticky":false,"template":"","format":"standard","meta":{"_monsterinsights_skip_tracking":false,"_monsterinsights_sitenote_active":false,"_monsterinsights_sitenote_note":"","_monsterinsights_sitenote_category":0,"footnotes":""},"categories":[49],"tags":[],"class_list":["post-350950","post","type-post","status-publish","format-standard","has-post-thumbnail","hentry","category-news-18","category-49","description-off"],"img_url":"https:\/\/www.radiopiu.net\/wordpress\/wp-content\/uploads\/2021\/10\/consulenza-formazione-sicurezza-sul-lavoro-4.jpg","_links":{"self":[{"href":"https:\/\/www.radiopiu.net\/wordpress\/wp-json\/wp\/v2\/posts\/350950","targetHints":{"allow":["GET"]}}],"collection":[{"href":"https:\/\/www.radiopiu.net\/wordpress\/wp-json\/wp\/v2\/posts"}],"about":[{"href":"https:\/\/www.radiopiu.net\/wordpress\/wp-json\/wp\/v2\/types\/post"}],"author":[{"embeddable":true,"href":"https:\/\/www.radiopiu.net\/wordpress\/wp-json\/wp\/v2\/users\/2"}],"replies":[{"embeddable":true,"href":"https:\/\/www.radiopiu.net\/wordpress\/wp-json\/wp\/v2\/comments?post=350950"}],"version-history":[{"count":0,"href":"https:\/\/www.radiopiu.net\/wordpress\/wp-json\/wp\/v2\/posts\/350950\/revisions"}],"wp:featuredmedia":[{"embeddable":true,"href":"https:\/\/www.radiopiu.net\/wordpress\/wp-json\/wp\/v2\/media\/237753"}],"wp:attachment":[{"href":"https:\/\/www.radiopiu.net\/wordpress\/wp-json\/wp\/v2\/media?parent=350950"}],"wp:term":[{"taxonomy":"category","embeddable":true,"href":"https:\/\/www.radiopiu.net\/wordpress\/wp-json\/wp\/v2\/categories?post=350950"},{"taxonomy":"post_tag","embeddable":true,"href":"https:\/\/www.radiopiu.net\/wordpress\/wp-json\/wp\/v2\/tags?post=350950"}],"curies":[{"name":"wp","href":"https:\/\/api.w.org\/{rel}","templated":true}]}}