{"id":351006,"date":"2023-09-03T13:19:01","date_gmt":"2023-09-03T11:19:01","guid":{"rendered":"https:\/\/www.radiopiu.net\/wordpress\/?p=351006"},"modified":"2023-09-03T14:50:51","modified_gmt":"2023-09-03T12:50:51","slug":"precipita-dal-monte-sperone-e-perde-la-vita","status":"publish","type":"post","link":"https:\/\/www.radiopiu.net\/wordpress\/precipita-dal-monte-sperone-e-perde-la-vita\/","title":{"rendered":"PRECIPITA DAL MONTE SPERONE E PERDE LA VITA"},"content":{"rendered":"<p><strong>SOSPIROLO <\/strong>Si sono concluse poco prima di mezzogiorno le operazioni di recupero del corpo senza vita di un escursionista, precipitato ieri dalla cresta del Monte Sperone. Questa notte attorno all&#8217;una e trenta \u00e8 stato attivato il Soccorso alpino di Belluno, a seguito della chiamata del figlio di M.R., 69 anni, di San Fior (TV),\u00a0 non rientrato ieri da una camminata in zona Croce di Susin, Monte Sperone, la cui auto era stata rinvenuta ancora parcheggiata in localit\u00e0 Staul del Doro. L&#8217;ultimo messaggio, in cui diceva che tutto andava bene, era arrivato ieri verso le 12.20, di seguito il cellulare era risultato libero senza risposta, per poi non suonare pi\u00f9. Una squadra di soccorritori &#8211; sul posto presenti i Vigili del fuoco &#8211; \u00e8 salita nella notte fino al Col del Dof, posto a met\u00e0 tra Croce di Susin e Monte Sperone, e, non notando tracce recenti di passaggio in direzione Croce di Susin, ha proseguito fino alla cima del Col del Dof, per poi scendere il versante opposto e prendere la normale al Monte Sperone per andare a controllare il libro di vetta. Lungo il percorso i soccorritori hanno controllato i canali verso la Valle del Mis, finch\u00e9 sul filo di cresta non hanno trovato una racchetta abbandonata sul sentiero. Confrontatisi con il figlio e appurato che l&#8217;uomo le avesse con s\u00e9, la squadra si \u00e8 calata per una sessantina di metri, trovando segni di scivolamento e rami rotti. Risaliti sul sentiero, mentre un volontario restava nel punto sulla verticale, altri due tornavano indietro per poi arrivare alla base della parete dello Sperone e da l\u00ec percorrere le rampe erbose di traverso verso l&#8217;alto. Cos\u00ec, avanzati di 200 metri, i soccorritori hanno individuato il corpo senza vita dell&#8217;uomo, ruzzolato dal sentiero per circa 130 metri, appoggiato addosso a un cespuglio di alberi. Data la presenza della fitta vegetazione, poich\u00e9 le eliambulanza erano impegnate in altre missioni, non appena la nebbia lo ha permesso, l&#8217;elicottero dell&#8217;Air service center, convenzionato con il Soccorso alpino Dolomiti Bellunesi, ha sbarcato un tecnico provvisto di motosega, per liberare un varco tra gli alberi e facilitare il recupero, e trasportato sul sentiero soprastante una seconda squadra e due Vigili del fuoco, per attrezzare la calata del soccorritore e di supporto alle operazioni. Pulita la zona del recupero, la salma \u00e8 stata imbarellata e spostata utilizzando un gancio baricentrico di 50 metri, per essere lasciata a Sospirolo e affidata al carro funebre e ai Carabinieri. I soccorritori sul sentiero sono stati imbarcati e portati a valle, mentre i tre ancora in parete sono scesi autonomamente.<\/p>\n\n\t\t\t<style type='text\/css'>\n\t\t\t\t#gallery-1 {\n\t\t\t\t\tmargin: auto;\n\t\t\t\t}\n\t\t\t\t#gallery-1 .gallery-item {\n\t\t\t\t\tfloat: left;\n\t\t\t\t\tmargin-top: 10px;\n\t\t\t\t\ttext-align: center;\n\t\t\t\t\twidth: 25%;\n\t\t\t\t}\n\t\t\t\t#gallery-1 img {\n\t\t\t\t\tborder: 2px solid #cfcfcf;\n\t\t\t\t}\n\t\t\t\t#gallery-1 .gallery-caption {\n\t\t\t\t\tmargin-left: 0;\n\t\t\t\t}\n\t\t\t\t\/* see gallery_shortcode() in wp-includes\/media.php *\/\n\t\t\t<\/style>\n\t\t<div id='gallery-1' class='dt-gallery-container gallery galleryid-351006 gallery-columns-4 gallery-size-medium'><dl class='gallery-item'>\n\t\t\t\t<dt class='gallery-icon portrait'>\n\t\t\t\t\t<a class=\"rollover rollover-zoom dt-pswp-item\" title=\"Watermark_20230903_131719_855\" data-dt-img-description=\"\" data-large_image_width=\"1773\" data-large_image_height=\"2364\"href='https:\/\/www.radiopiu.net\/wordpress\/wp-content\/uploads\/2023\/09\/Watermark_20230903_131719_855.jpg'><img loading=\"lazy\" decoding=\"async\" width=\"225\" height=\"300\" src=\"https:\/\/www.radiopiu.net\/wordpress\/wp-content\/uploads\/2023\/09\/Watermark_20230903_131719_855-225x300.jpg\" class=\"attachment-medium size-medium\" alt=\"\" srcset=\"https:\/\/www.radiopiu.net\/wordpress\/wp-content\/uploads\/2023\/09\/Watermark_20230903_131719_855-225x300.jpg 225w, https:\/\/www.radiopiu.net\/wordpress\/wp-content\/uploads\/2023\/09\/Watermark_20230903_131719_855-768x1024.jpg 768w, https:\/\/www.radiopiu.net\/wordpress\/wp-content\/uploads\/2023\/09\/Watermark_20230903_131719_855-1152x1536.jpg 1152w, https:\/\/www.radiopiu.net\/wordpress\/wp-content\/uploads\/2023\/09\/Watermark_20230903_131719_855-1536x2048.jpg 1536w, https:\/\/www.radiopiu.net\/wordpress\/wp-content\/uploads\/2023\/09\/Watermark_20230903_131719_855.jpg 1773w\" sizes=\"auto, (max-width: 225px) 100vw, 225px\" \/><\/a>\n\t\t\t\t<\/dt><\/dl><dl class='gallery-item'>\n\t\t\t\t<dt class='gallery-icon landscape'>\n\t\t\t\t\t<a class=\"rollover rollover-zoom dt-pswp-item\" title=\"Watermark_20230903_131645_554\" data-dt-img-description=\"\" data-large_image_width=\"2364\" data-large_image_height=\"1773\"href='https:\/\/www.radiopiu.net\/wordpress\/wp-content\/uploads\/2023\/09\/Watermark_20230903_131645_554.jpg'><img loading=\"lazy\" decoding=\"async\" width=\"300\" height=\"225\" src=\"https:\/\/www.radiopiu.net\/wordpress\/wp-content\/uploads\/2023\/09\/Watermark_20230903_131645_554-300x225.jpg\" class=\"attachment-medium size-medium\" alt=\"\" srcset=\"https:\/\/www.radiopiu.net\/wordpress\/wp-content\/uploads\/2023\/09\/Watermark_20230903_131645_554-300x225.jpg 300w, https:\/\/www.radiopiu.net\/wordpress\/wp-content\/uploads\/2023\/09\/Watermark_20230903_131645_554-1024x768.jpg 1024w, https:\/\/www.radiopiu.net\/wordpress\/wp-content\/uploads\/2023\/09\/Watermark_20230903_131645_554-768x576.jpg 768w, https:\/\/www.radiopiu.net\/wordpress\/wp-content\/uploads\/2023\/09\/Watermark_20230903_131645_554-1536x1152.jpg 1536w, https:\/\/www.radiopiu.net\/wordpress\/wp-content\/uploads\/2023\/09\/Watermark_20230903_131645_554-2048x1536.jpg 2048w\" sizes=\"auto, (max-width: 300px) 100vw, 300px\" \/><\/a>\n\t\t\t\t<\/dt><\/dl><dl class='gallery-item'>\n\t\t\t\t<dt class='gallery-icon portrait'>\n\t\t\t\t\t<a class=\"rollover rollover-zoom dt-pswp-item\" title=\"Watermark_20230903_131742_980\" data-dt-img-description=\"\" data-large_image_width=\"1773\" data-large_image_height=\"2364\"href='https:\/\/www.radiopiu.net\/wordpress\/wp-content\/uploads\/2023\/09\/Watermark_20230903_131742_980.jpg'><img loading=\"lazy\" decoding=\"async\" width=\"225\" height=\"300\" src=\"https:\/\/www.radiopiu.net\/wordpress\/wp-content\/uploads\/2023\/09\/Watermark_20230903_131742_980-225x300.jpg\" class=\"attachment-medium size-medium\" alt=\"\" srcset=\"https:\/\/www.radiopiu.net\/wordpress\/wp-content\/uploads\/2023\/09\/Watermark_20230903_131742_980-225x300.jpg 225w, https:\/\/www.radiopiu.net\/wordpress\/wp-content\/uploads\/2023\/09\/Watermark_20230903_131742_980-768x1024.jpg 768w, https:\/\/www.radiopiu.net\/wordpress\/wp-content\/uploads\/2023\/09\/Watermark_20230903_131742_980-1152x1536.jpg 1152w, https:\/\/www.radiopiu.net\/wordpress\/wp-content\/uploads\/2023\/09\/Watermark_20230903_131742_980-1536x2048.jpg 1536w, https:\/\/www.radiopiu.net\/wordpress\/wp-content\/uploads\/2023\/09\/Watermark_20230903_131742_980.jpg 1773w\" sizes=\"auto, (max-width: 225px) 100vw, 225px\" \/><\/a>\n\t\t\t\t<\/dt><\/dl><dl class='gallery-item'>\n\t\t\t\t<dt class='gallery-icon portrait'>\n\t\t\t\t\t<a class=\"rollover rollover-zoom dt-pswp-item\" title=\"Watermark_20230903_131631_636\" data-dt-img-description=\"\" data-large_image_width=\"1773\" data-large_image_height=\"2364\"href='https:\/\/www.radiopiu.net\/wordpress\/wp-content\/uploads\/2023\/09\/Watermark_20230903_131631_636.jpg'><img loading=\"lazy\" decoding=\"async\" width=\"225\" height=\"300\" src=\"https:\/\/www.radiopiu.net\/wordpress\/wp-content\/uploads\/2023\/09\/Watermark_20230903_131631_636-225x300.jpg\" class=\"attachment-medium size-medium\" alt=\"\" srcset=\"https:\/\/www.radiopiu.net\/wordpress\/wp-content\/uploads\/2023\/09\/Watermark_20230903_131631_636-225x300.jpg 225w, https:\/\/www.radiopiu.net\/wordpress\/wp-content\/uploads\/2023\/09\/Watermark_20230903_131631_636-768x1024.jpg 768w, https:\/\/www.radiopiu.net\/wordpress\/wp-content\/uploads\/2023\/09\/Watermark_20230903_131631_636-1152x1536.jpg 1152w, https:\/\/www.radiopiu.net\/wordpress\/wp-content\/uploads\/2023\/09\/Watermark_20230903_131631_636-1536x2048.jpg 1536w, https:\/\/www.radiopiu.net\/wordpress\/wp-content\/uploads\/2023\/09\/Watermark_20230903_131631_636.jpg 1773w\" sizes=\"auto, (max-width: 225px) 100vw, 225px\" \/><\/a>\n\t\t\t\t<\/dt><\/dl><br style=\"clear: both\" \/>\n\t\t\t<\/div>\n\n<p>&nbsp;<\/p>\n<p>&nbsp;<\/p>\n<p>******<\/p>\n","protected":false},"excerpt":{"rendered":"<p>SOSPIROLO Si sono concluse poco prima di mezzogiorno le operazioni di recupero del corpo senza vita di un escursionista, precipitato ieri dalla cresta del Monte Sperone. Questa notte attorno all&#8217;una e trenta \u00e8 stato attivato il Soccorso alpino di Belluno, a seguito della chiamata del figlio di M.R., 69 anni, di San Fior (TV),\u00a0 non&hellip;<\/p>\n","protected":false},"author":4,"featured_media":142190,"comment_status":"closed","ping_status":"closed","sticky":false,"template":"","format":"standard","meta":{"_monsterinsights_skip_tracking":false,"_monsterinsights_sitenote_active":false,"_monsterinsights_sitenote_note":"","_monsterinsights_sitenote_category":0,"footnotes":""},"categories":[51,49],"tags":[],"class_list":["post-351006","post","type-post","status-publish","format-standard","has-post-thumbnail","hentry","category-evidenza-top","category-news-18","category-51","category-49","description-off"],"img_url":"https:\/\/www.radiopiu.net\/wordpress\/wp-content\/uploads\/2020\/06\/ELICOTTERO-SUEM.jpg","_links":{"self":[{"href":"https:\/\/www.radiopiu.net\/wordpress\/wp-json\/wp\/v2\/posts\/351006","targetHints":{"allow":["GET"]}}],"collection":[{"href":"https:\/\/www.radiopiu.net\/wordpress\/wp-json\/wp\/v2\/posts"}],"about":[{"href":"https:\/\/www.radiopiu.net\/wordpress\/wp-json\/wp\/v2\/types\/post"}],"author":[{"embeddable":true,"href":"https:\/\/www.radiopiu.net\/wordpress\/wp-json\/wp\/v2\/users\/4"}],"replies":[{"embeddable":true,"href":"https:\/\/www.radiopiu.net\/wordpress\/wp-json\/wp\/v2\/comments?post=351006"}],"version-history":[{"count":0,"href":"https:\/\/www.radiopiu.net\/wordpress\/wp-json\/wp\/v2\/posts\/351006\/revisions"}],"wp:featuredmedia":[{"embeddable":true,"href":"https:\/\/www.radiopiu.net\/wordpress\/wp-json\/wp\/v2\/media\/142190"}],"wp:attachment":[{"href":"https:\/\/www.radiopiu.net\/wordpress\/wp-json\/wp\/v2\/media?parent=351006"}],"wp:term":[{"taxonomy":"category","embeddable":true,"href":"https:\/\/www.radiopiu.net\/wordpress\/wp-json\/wp\/v2\/categories?post=351006"},{"taxonomy":"post_tag","embeddable":true,"href":"https:\/\/www.radiopiu.net\/wordpress\/wp-json\/wp\/v2\/tags?post=351006"}],"curies":[{"name":"wp","href":"https:\/\/api.w.org\/{rel}","templated":true}]}}