{"id":351043,"date":"2023-09-03T17:54:02","date_gmt":"2023-09-03T15:54:02","guid":{"rendered":"https:\/\/www.radiopiu.net\/wordpress\/?p=351043"},"modified":"2023-09-03T17:54:02","modified_gmt":"2023-09-03T15:54:02","slug":"malore-per-un-ciclista-sul-sentiero-del-rifugio-croset","status":"publish","type":"post","link":"https:\/\/www.radiopiu.net\/wordpress\/malore-per-un-ciclista-sul-sentiero-del-rifugio-croset\/","title":{"rendered":"MALORE PER UN CICLISTA SUL SENTIERO DEL RIFUGIO CROSET"},"content":{"rendered":"<p><strong>LAMON<\/strong> Attorno alle 14.30 \u00e8 scattato l&#8217;allarme per un ciclista che si era sentito poco bene, mentre con amici stava percorrendo il sentiero dal Rifugio Croset verso Lamon. Un compagno \u00e8 quindi sceso in localit\u00e0 Bellotti per dare\u00a0 l&#8217;allarme e un medico che si trovava sul posto \u00e8 risalito con lui e ha assistito il 60enne di Borgo Valsugana (TN) colto da malore, riaccompagnandolo in discesa fino a localit\u00e0 Bellotti, dove \u00e8 sopraggiunto Falco 2. Preso in carico dall&#8217;equipe medica, l&#8217;uomo \u00e8 stato issato a bordo con un verricello di 30 metri e trasportato all&#8217;ospedale di Feltre per le verifiche del caso.<\/p>\n<p>&nbsp;<\/p>\n<p>&nbsp;<\/p>\n<p>*******<\/p>\n","protected":false},"excerpt":{"rendered":"<p>LAMON Attorno alle 14.30 \u00e8 scattato l&#8217;allarme per un ciclista che si era sentito poco bene, mentre con amici stava percorrendo il sentiero dal Rifugio Croset verso Lamon. Un compagno \u00e8 quindi sceso in localit\u00e0 Bellotti per dare\u00a0 l&#8217;allarme e un medico che si trovava sul posto \u00e8 risalito con lui e ha assistito il&hellip;<\/p>\n","protected":false},"author":4,"featured_media":59164,"comment_status":"closed","ping_status":"closed","sticky":false,"template":"","format":"standard","meta":{"_monsterinsights_skip_tracking":false,"_monsterinsights_sitenote_active":false,"_monsterinsights_sitenote_note":"","_monsterinsights_sitenote_category":0,"footnotes":""},"categories":[49],"tags":[],"class_list":["post-351043","post","type-post","status-publish","format-standard","has-post-thumbnail","hentry","category-news-18","category-49","description-off"],"img_url":"https:\/\/www.radiopiu.net\/wordpress\/wp-content\/uploads\/2018\/08\/soccorsoalpino.jpg","_links":{"self":[{"href":"https:\/\/www.radiopiu.net\/wordpress\/wp-json\/wp\/v2\/posts\/351043","targetHints":{"allow":["GET"]}}],"collection":[{"href":"https:\/\/www.radiopiu.net\/wordpress\/wp-json\/wp\/v2\/posts"}],"about":[{"href":"https:\/\/www.radiopiu.net\/wordpress\/wp-json\/wp\/v2\/types\/post"}],"author":[{"embeddable":true,"href":"https:\/\/www.radiopiu.net\/wordpress\/wp-json\/wp\/v2\/users\/4"}],"replies":[{"embeddable":true,"href":"https:\/\/www.radiopiu.net\/wordpress\/wp-json\/wp\/v2\/comments?post=351043"}],"version-history":[{"count":0,"href":"https:\/\/www.radiopiu.net\/wordpress\/wp-json\/wp\/v2\/posts\/351043\/revisions"}],"wp:featuredmedia":[{"embeddable":true,"href":"https:\/\/www.radiopiu.net\/wordpress\/wp-json\/wp\/v2\/media\/59164"}],"wp:attachment":[{"href":"https:\/\/www.radiopiu.net\/wordpress\/wp-json\/wp\/v2\/media?parent=351043"}],"wp:term":[{"taxonomy":"category","embeddable":true,"href":"https:\/\/www.radiopiu.net\/wordpress\/wp-json\/wp\/v2\/categories?post=351043"},{"taxonomy":"post_tag","embeddable":true,"href":"https:\/\/www.radiopiu.net\/wordpress\/wp-json\/wp\/v2\/tags?post=351043"}],"curies":[{"name":"wp","href":"https:\/\/api.w.org\/{rel}","templated":true}]}}