{"id":351054,"date":"2023-09-05T05:26:11","date_gmt":"2023-09-05T03:26:11","guid":{"rendered":"https:\/\/www.radiopiu.net\/wordpress\/?p=351054"},"modified":"2023-09-05T10:30:04","modified_gmt":"2023-09-05T08:30:04","slug":"giornale-radiopiu-05-settembre-2023-direttore-mirko-mezzacasada-40-anni-25-giugno-1983-25-giugno-2023","status":"publish","type":"post","link":"https:\/\/www.radiopiu.net\/wordpress\/giornale-radiopiu-05-settembre-2023-direttore-mirko-mezzacasada-40-anni-25-giugno-1983-25-giugno-2023\/","title":{"rendered":"GIORNALE RADIOPIU 05 SETTEMBRE 2023 DIRETTORE MIRKO MEZZACASA\u2026DA 40 ANNI 25 GIUGNO 1983-25 GIUGNO 2023"},"content":{"rendered":"<h2 style=\"text-align: left;\"><span style=\"color: #ff0000;\"><span style=\"vertical-align: inherit;\"><a class=\"dt-pswp-item\" href=\"https:\/\/www.radiopiu.net\/wordpress\/wp-content\/uploads\/2023\/04\/e0aad41d-951e-47b9-9fae-1a879a9bcb7e-1.jpg\" data-dt-img-description=\"\" data-large_image_width=\"1200\" data-large_image_height=\"1200\"><img loading=\"lazy\" decoding=\"async\" class=\"wp-image-333205 alignleft\" src=\"https:\/\/www.radiopiu.net\/wordpress\/wp-content\/uploads\/2023\/04\/e0aad41d-951e-47b9-9fae-1a879a9bcb7e-1-300x300.jpg\" alt=\"\" width=\"110\" height=\"110\" srcset=\"https:\/\/www.radiopiu.net\/wordpress\/wp-content\/uploads\/2023\/04\/e0aad41d-951e-47b9-9fae-1a879a9bcb7e-1-300x300.jpg 300w, https:\/\/www.radiopiu.net\/wordpress\/wp-content\/uploads\/2023\/04\/e0aad41d-951e-47b9-9fae-1a879a9bcb7e-1-1024x1024.jpg 1024w, https:\/\/www.radiopiu.net\/wordpress\/wp-content\/uploads\/2023\/04\/e0aad41d-951e-47b9-9fae-1a879a9bcb7e-1-150x150.jpg 150w, https:\/\/www.radiopiu.net\/wordpress\/wp-content\/uploads\/2023\/04\/e0aad41d-951e-47b9-9fae-1a879a9bcb7e-1-768x768.jpg 768w, https:\/\/www.radiopiu.net\/wordpress\/wp-content\/uploads\/2023\/04\/e0aad41d-951e-47b9-9fae-1a879a9bcb7e-1.jpg 1200w\" sizes=\"auto, (max-width: 110px) 100vw, 110px\" \/><\/a><\/span><\/span><\/h2>\n<h1 class=\"entry-title\">40esimo di RADIOPIU\u2026. LA VOCE DELL\u2019EMOZIONE<\/h1>\n<h2><span style=\"color: #ff0000;\">ISCRIVITI AL NOSTRO CANALE\u00a0\u00a0YOUTUBE PER SEGUIRE IN DIRETTA I PRINCIPALI PROGRAMMI DI RADIO PIU\u2019 E LE FUTURE DIRETTE IN ESTERNA. PER ISCRIVERTI\u00a0<a style=\"color: #ff0000;\" href=\"https:\/\/youtube.com\/@radiopiu1527\">CLICCA QUI\u00a0<\/a>E PREMI\u00a0 \u201cIscriviti\u201d<\/span><\/h2>\n<p>&nbsp;<\/p>\n<p><a class=\"dt-pswp-item\" href=\"https:\/\/www.radiopiu.net\/wordpress\/wp-content\/uploads\/2023\/08\/sersa-ok-1.jpg\" data-dt-img-description=\"\" data-large_image_width=\"300\" data-large_image_height=\"300\"><img loading=\"lazy\" decoding=\"async\" class=\"size-full wp-image-349822 aligncenter\" src=\"https:\/\/www.radiopiu.net\/wordpress\/wp-content\/uploads\/2023\/08\/sersa-ok-1.jpg\" alt=\"\" width=\"300\" height=\"300\" srcset=\"https:\/\/www.radiopiu.net\/wordpress\/wp-content\/uploads\/2023\/08\/sersa-ok-1.jpg 300w, https:\/\/www.radiopiu.net\/wordpress\/wp-content\/uploads\/2023\/08\/sersa-ok-1-150x150.jpg 150w\" sizes=\"auto, (max-width: 300px) 100vw, 300px\" \/><\/a><\/p>\n<p>&nbsp;<\/p>\n<p><strong>IL TROFEO DEI 16 COMUNI E&#8217; ARRIVATO A CANALE D&#8217;AGORDO! DOMENICA IL RITORNO DELLA COMPETIZIONE CHE UNISCE UNA VALLATA.\u00a0 <\/strong><strong>DURANTE LA\u00a0 &#8220;VA PIAN MA RIVA&#8221; DI VOLTAGO IL PASSAGGIO DI CONSEGNE E DEL TROFEO, DA GABRIELE RIVA (VOLTAGO) E GIUSEPPE SCHENA (SINDACO DI VOLTAGO)\u00a0 A MASSIMO MURER (SINDACO DI CANALE D&#8217;AGORDO) E MANUELA XAIZ (DEUS EX MACHINA DELL&#8217;ORGANIZZAZIONE).\u00a0 DOMENICA DALLE 9 DIRETTA SUI CANALI FACEBOOK, TELEGRAM, SITO DI RADIO PIU&#8217; E FREQUENZE FM, DIRETTA RADIO<\/strong><\/p>\n\n\t\t\t<style type='text\/css'>\n\t\t\t\t#gallery-1 {\n\t\t\t\t\tmargin: auto;\n\t\t\t\t}\n\t\t\t\t#gallery-1 .gallery-item {\n\t\t\t\t\tfloat: left;\n\t\t\t\t\tmargin-top: 10px;\n\t\t\t\t\ttext-align: center;\n\t\t\t\t\twidth: 50%;\n\t\t\t\t}\n\t\t\t\t#gallery-1 img {\n\t\t\t\t\tborder: 2px solid #cfcfcf;\n\t\t\t\t}\n\t\t\t\t#gallery-1 .gallery-caption {\n\t\t\t\t\tmargin-left: 0;\n\t\t\t\t}\n\t\t\t\t\/* see gallery_shortcode() in wp-includes\/media.php *\/\n\t\t\t<\/style>\n\t\t<div id='gallery-1' class='dt-gallery-container gallery galleryid-351054 gallery-columns-2 gallery-size-thumbnail'><dl class='gallery-item'>\n\t\t\t\t<dt class='gallery-icon landscape'>\n\t\t\t\t\t<a class=\"rollover rollover-zoom dt-pswp-item\" title=\"23002663-c67f-4819-9f1e-90bdc35174e2\" data-dt-img-description=\"\" data-large_image_width=\"1364\" data-large_image_height=\"1364\"href='https:\/\/www.radiopiu.net\/wordpress\/wp-content\/uploads\/2023\/09\/23002663-c67f-4819-9f1e-90bdc35174e2.jpg'><img loading=\"lazy\" decoding=\"async\" width=\"150\" height=\"150\" src=\"https:\/\/www.radiopiu.net\/wordpress\/wp-content\/uploads\/2023\/09\/23002663-c67f-4819-9f1e-90bdc35174e2-150x150.jpg\" class=\"attachment-thumbnail size-thumbnail\" alt=\"\" srcset=\"https:\/\/www.radiopiu.net\/wordpress\/wp-content\/uploads\/2023\/09\/23002663-c67f-4819-9f1e-90bdc35174e2-150x150.jpg 150w, https:\/\/www.radiopiu.net\/wordpress\/wp-content\/uploads\/2023\/09\/23002663-c67f-4819-9f1e-90bdc35174e2-300x300.jpg 300w, https:\/\/www.radiopiu.net\/wordpress\/wp-content\/uploads\/2023\/09\/23002663-c67f-4819-9f1e-90bdc35174e2-1024x1024.jpg 1024w, https:\/\/www.radiopiu.net\/wordpress\/wp-content\/uploads\/2023\/09\/23002663-c67f-4819-9f1e-90bdc35174e2-768x768.jpg 768w, https:\/\/www.radiopiu.net\/wordpress\/wp-content\/uploads\/2023\/09\/23002663-c67f-4819-9f1e-90bdc35174e2.jpg 1364w\" sizes=\"auto, (max-width: 150px) 100vw, 150px\" \/><\/a>\n\t\t\t\t<\/dt><\/dl><dl class='gallery-item'>\n\t\t\t\t<dt class='gallery-icon landscape'>\n\t\t\t\t\t<a class=\"rollover rollover-zoom dt-pswp-item\" title=\"c42dcb8e-f893-45d3-9ed0-73812bb1b6bf\" data-dt-img-description=\"\" data-large_image_width=\"836\" data-large_image_height=\"761\"href='https:\/\/www.radiopiu.net\/wordpress\/wp-content\/uploads\/2023\/09\/c42dcb8e-f893-45d3-9ed0-73812bb1b6bf.jpg'><img loading=\"lazy\" decoding=\"async\" width=\"150\" height=\"150\" src=\"https:\/\/www.radiopiu.net\/wordpress\/wp-content\/uploads\/2023\/09\/c42dcb8e-f893-45d3-9ed0-73812bb1b6bf-150x150.jpg\" class=\"attachment-thumbnail size-thumbnail\" alt=\"\" \/><\/a>\n\t\t\t\t<\/dt><\/dl><br style=\"clear: both\" \/>\n\t\t\t<\/div>\n\n<p>&nbsp;<\/p>\n<hr \/>\n<p>&nbsp;<\/p>\n<blockquote>\n<h3>INTERDIZIONE TOTALE AL TRAFFICO A DIGONERA, 203 AGORDINA A SINGHIOZZO E CHIUSURA A FASCE ORARIE DELLA SP 35 DI LASTE, RIAPRE PASSO TRE CROCI<\/h3>\n<\/blockquote>\n<p><strong>SP 563 SALESEI <\/strong>Fino\u00a0al 18 settembre\u00a0in localit\u00e0 Digonera di Rocca Pietore interdizione al traffico dalle 8 alle 18. Negli altri orari senso unico alternato regolato da semaforo.<\/p>\n<p><strong>SR 203 AGORDINA<\/strong>\u00a0localit\u00e0 La Pissa comune di Sedico,\u00a0dal 11 al 15 settembre\u00a0interruzioni temporanee al transito dalle 8 alle 9:35, dalle 9:50 alle 11:10, Dalle 11:25 alle 12:20 e dalle 14:25 alle 15:55<\/p>\n<p><strong>SP 35 DI LASTE\u00a0<\/strong>In comune di Rocca Pietore, <span style=\"color: #ff0000;\">dal 12 al 22 settembre<\/span>, esclusi sabati e domeniche, interdizione totale alla circolazione a fasce orarie. Dalle 8 alle 10, dalle 10:15 alle 12:15, dalle 13:15 alle 15 e dalle 15:15 alle 17.<\/p>\n<p><strong>CORTINA<\/strong> La strada del passo Tre Croci sar\u00e0 riaperta oggi, in giornata, il transito dei veicoli sar\u00e0 regolato da semafori e movieri poich\u00e9 sono in corso i lavori sui pendii sovrastanti dopo la frana dei giorni scorsi.<\/p>\n<p><strong>PONTE NELLE ALPI<\/strong>\u00a0 modifiche alla viabilit\u00e0 a Lastreghe e Cadola in alcune fasce orarie. In questi giorni sono partiti dei lavori di posa dell&#8217;acquedotto.\u00a0 Chiusa la strada comunale denominata &#8220;delle Fosse&#8221; in frazione Lastreghe fino al 28 settembre, dalle 8 alle 17 con esclusione del sabato e domenica<\/p>\n<p>&nbsp;<\/p>\n<hr \/>\n<p>&nbsp;<\/p>\n<blockquote>\n<h3>ACQUA NON POTABILE A COLLE SANTA LUCIA<\/h3>\n<\/blockquote>\n<p>Gestione Servizi Pubblici informa che a COLLE SANTA LUCIA in localit\u00e0 RUCAVA&#8217;,\u00a0COLCUC, FEDARE,POSALZ, CANAZEI, TIE\u2019, BELVEDERE e ROVEI l&#8217;acqua erogata dall&#8217;acquedotto non \u00e8 potabile e non pu\u00f2 essere usata per scopi alimentari. Verr\u00e0 effettuato servizio sostitutivo con cisterna in centro a Rucav\u00e0 per gli abitanti della frazione. GSP ha, comunque, gi\u00e0 adottato le necessarie misure per la disinfezione dell&#8217;acqua presente nei serbatoi e nella rete idrica con l&#8217;aggiunta di cloro.<\/p>\n<p>&nbsp;<\/p>\n<blockquote>\n<h3>LAVORI PROGRAMMATI BIM GSP<\/h3>\n<\/blockquote>\n<p><strong>COLLE SANTA LUCIA<\/strong> Gestione Servizi Pubblici informa che, per lavori alla rete idrica comunale, oggi dalle 8:00 a FINE LAVORI, verr\u00e0 sospesa l\u2019erogazione dell\u2019acqua a COLLE S.LUCIA nelle LOCALITA&#8217; PIAN, FOSSAL e CODALONGA. Il personale addetto operer\u00e0 per limitare il pi\u00f9 possibile i disagi alla popolazione.<\/p>\n<p>&nbsp;<\/p>\n<p>&nbsp;<\/p>\n<hr \/>\n<p>&nbsp;<\/p>\n<blockquote>\n<h3>UNA VALLATA PIEGATA DAL DOLORE, VICINA ALLA FAMIGLIA DI &#8220;MAMO&#8221;<\/h3>\n<p>&nbsp;<\/p>\n<blockquote><p><em><strong><a class=\"dt-pswp-item\" href=\"https:\/\/www.radiopiu.net\/wordpress\/wp-content\/uploads\/2023\/09\/07e96629-dc18-41f4-a244-a93ba354d383.jpg\" data-dt-img-description=\"\" data-large_image_width=\"834\" data-large_image_height=\"1024\"><img loading=\"lazy\" decoding=\"async\" class=\" wp-image-351158 alignleft\" src=\"https:\/\/www.radiopiu.net\/wordpress\/wp-content\/uploads\/2023\/09\/07e96629-dc18-41f4-a244-a93ba354d383-244x300.jpg\" alt=\"\" width=\"143\" height=\"176\" srcset=\"https:\/\/www.radiopiu.net\/wordpress\/wp-content\/uploads\/2023\/09\/07e96629-dc18-41f4-a244-a93ba354d383-244x300.jpg 244w, https:\/\/www.radiopiu.net\/wordpress\/wp-content\/uploads\/2023\/09\/07e96629-dc18-41f4-a244-a93ba354d383-768x943.jpg 768w, https:\/\/www.radiopiu.net\/wordpress\/wp-content\/uploads\/2023\/09\/07e96629-dc18-41f4-a244-a93ba354d383.jpg 834w\" sizes=\"auto, (max-width: 143px) 100vw, 143px\" \/><\/a>MASSIMO CREPAZ <\/strong>Un grande lavoratore, esperto e ricercato. Marito, padre di famiglia e nonno esemplare. Vicino alla gente del suo paese e della vallata Fodom, volontario della protezione civile e grande appassionato del calcio locale. Ha allenato la squadra principale del campionato agordino, ma oltre al Fodom maschile anche quello femminile, recentemente aveva portato la sua squadra al torneo di Taibon organizzato dal locale Gruppo Sportivo. <span style=\"color: #000000;\">Un terribile destino, anche Renzo il pap\u00e0 di Massimo, dipendente Anas, poco meno di 50anni fa, \u00e8 rimasto vittima di un incidente sul lavoro a Digonera, erano gli anni Settanta.<\/span><\/em><\/p>\n<p><em><span style=\"color: #000000;\">&#8220;Mamo&#8221;,<\/span> lascia la moglie<\/em><em> Pierina Foppa, due figlie Marzia e Simona, il nipotino Romeo,\u00a0 la mamma Genoveffa\u00a0 il fratello Martino e la sorella Lorena. A loro giunga il commosso messaggio di cordoglio della redazione.<br \/>\n<\/em><\/p>\n<p>&nbsp;<\/p><\/blockquote>\n<p style=\"text-align: left;\"><em>&#8220;Siamo tutti sconvolti &#8211; ci racconta Paolo con emozione-\u00a0 Massimo era un grande uomo. Idraulico per anni prima di impegnarsi sugli impianti di risalita tra Portavescovo e Padon, serio sul lavoro, colonna portante della sua famiglia, di una simpatia incredibile. Il pensiero va a tutta la sua famiglia, alla mamma Genoveffa, al fratello Martino a Lorena. Qui in paese siamo tutti frastornati, \u00e8 una grande perdita, uomo ben voluto, quello della risata contagiosa, il &#8220;Mamo&#8221;&#8230;era molto per noi e non ricordo di averlo mai visto alzare la voce con nessuno, lui era cos\u00ec, benvoluto. Lui era sempre pronto a dare una mano a tutti, grande appassionato del calcio. Disgrazia tremenda che ci ha tolto una persona unica&#8221;.\u00a0\u00a0<\/em><\/p>\n<p><strong><span style=\"color: #000000;\">LIVINALLONGO: Proclamato il lutto cittadino.\u00a0<\/span><\/strong><\/p>\n<p><strong>IL SINDACO, LEANDRO GRONES<\/strong><\/p>\n<audio class=\"wp-audio-shortcode\" id=\"audio-351054-1\" preload=\"none\" style=\"width: 100%;\" controls=\"controls\"><source type=\"audio\/mpeg\" src=\"https:\/\/www.radiopiu.net\/wordpress\/wp-content\/uploads\/2023\/09\/leandro.mp3?_=1\" \/><a href=\"https:\/\/www.radiopiu.net\/wordpress\/wp-content\/uploads\/2023\/09\/leandro.mp3\">https:\/\/www.radiopiu.net\/wordpress\/wp-content\/uploads\/2023\/09\/leandro.mp3<\/a><\/audio>\n<p>&nbsp;<\/p>\n<p><span class=\"\"><span class=\"xt0psk2\"><a class=\"x1i10hfl xjbqb8w x6umtig x1b1mbwd xaqea5y xav7gou x9f619 x1ypdohk xt0psk2 xe8uvvx xdj266r x11i5rnm xat24cr x1mh8g0r xexx8yu x4uap5 x18d9i69 xkhd6sd x16tdsg8 x1hl2dhg xggy1nq x1a2a7pz x1heor9g xt0b8zv\" tabindex=\"0\" role=\"link\" href=\"https:\/\/www.facebook.com\/groups\/61488111720\/user\/100010592046056\/?__cft__[0]=AZXXiClGDnUqhXo4ScICtnXo25TBdh3N75CmoBZv5hGtG-MWN6JsKT6X3vVV6HXkvfw2IfKFXCpZsI1IjE56tCJQbhJjYbntrTdGOHnX9RiRYhMlQghwcz7rr-KNtVPCOJ7Bw3EM6aKlPfe1bdQI2cHLTtjcZ-34SYAr4OQ5W8AaDq0SJC6CFaHpWBdImXy6qn0&amp;__tn__=R]-R\" aria-hidden=\"false\"><span class=\"x3nfvp2\"><span class=\"x193iq5w xeuugli x13faqbe x1vvkbs x1xmvt09 x1lliihq x1s928wv xhkezso x1gmr53x x1cpjm7i x1fgarty x1943h6x x4zkp8e x676frb x1nxh6w3 x1sibtaa x1s688f xzsf02u\" dir=\"auto\"><img loading=\"lazy\" decoding=\"async\" class=\"alignleft\" src=\"https:\/\/www.radiopiu.net\/wordpress\/wp-content\/uploads\/2023\/09\/Senza-nome-1.png\" width=\"154\" height=\"151\" \/>Paolo Degasper<\/span><\/span><\/a> <\/span><\/span>Ciao mamo Grande uomo in tutto quello che hai fatto. Grande perdita. Condoglianze a tutta la famiglia.<\/p>\n<p><span class=\"\"><span class=\"xt0psk2\"><a class=\"x1i10hfl xjbqb8w x6umtig x1b1mbwd xaqea5y xav7gou x9f619 x1ypdohk xt0psk2 xe8uvvx xdj266r x11i5rnm xat24cr x1mh8g0r xexx8yu x4uap5 x18d9i69 xkhd6sd x16tdsg8 x1hl2dhg xggy1nq x1a2a7pz x1heor9g xt0b8zv\" tabindex=\"0\" role=\"link\" href=\"https:\/\/www.facebook.com\/groups\/61488111720\/user\/1318955252\/?__cft__[0]=AZXXiClGDnUqhXo4ScICtnXo25TBdh3N75CmoBZv5hGtG-MWN6JsKT6X3vVV6HXkvfw2IfKFXCpZsI1IjE56tCJQbhJjYbntrTdGOHnX9RiRYhMlQghwcz7rr-KNtVPCOJ7Bw3EM6aKlPfe1bdQI2cHLTtjcZ-34SYAr4OQ5W8AaDq0SJC6CFaHpWBdImXy6qn0&amp;__tn__=R]-R\" aria-hidden=\"false\"><span class=\"x3nfvp2\"><span class=\"x193iq5w xeuugli x13faqbe x1vvkbs x1xmvt09 x1lliihq x1s928wv xhkezso x1gmr53x x1cpjm7i x1fgarty x1943h6x x4zkp8e x676frb x1nxh6w3 x1sibtaa x1s688f xzsf02u\" dir=\"auto\">Raffaella Vallazza<\/span><\/span><\/a> <\/span><\/span>Ciao Mamo daideli du\u0107 i tuoi cari ades da las\u00f9<\/p>\n<p><span class=\"\"><span class=\"xt0psk2\"><a class=\"x1i10hfl xjbqb8w x6umtig x1b1mbwd xaqea5y xav7gou x9f619 x1ypdohk xt0psk2 xe8uvvx xdj266r x11i5rnm xat24cr x1mh8g0r xexx8yu x4uap5 x18d9i69 xkhd6sd x16tdsg8 x1hl2dhg xggy1nq x1a2a7pz x1heor9g xt0b8zv\" tabindex=\"0\" role=\"link\" href=\"https:\/\/www.facebook.com\/groups\/61488111720\/user\/100006334322145\/?__cft__[0]=AZXXiClGDnUqhXo4ScICtnXo25TBdh3N75CmoBZv5hGtG-MWN6JsKT6X3vVV6HXkvfw2IfKFXCpZsI1IjE56tCJQbhJjYbntrTdGOHnX9RiRYhMlQghwcz7rr-KNtVPCOJ7Bw3EM6aKlPfe1bdQI2cHLTtjcZ-34SYAr4OQ5W8AaDq0SJC6CFaHpWBdImXy6qn0&amp;__tn__=R]-R\" aria-hidden=\"false\"><span class=\"x3nfvp2\"><span class=\"x193iq5w xeuugli x13faqbe x1vvkbs x1xmvt09 x1lliihq x1s928wv xhkezso x1gmr53x x1cpjm7i x1fgarty x1943h6x x4zkp8e x676frb x1nxh6w3 x1sibtaa x1s688f xzsf02u\" dir=\"auto\">Bruno Delmonego<\/span><\/span><\/a> <\/span><\/span>Sentide condolianze a duta la fameia ciao Mamo te resteras tres en tei biei ricordi de canche jonva a scola auna ale medie<\/p>\n<p><span class=\"\"><span class=\"xt0psk2\"><a class=\"x1i10hfl xjbqb8w x6umtig x1b1mbwd xaqea5y xav7gou x9f619 x1ypdohk xt0psk2 xe8uvvx xdj266r x11i5rnm xat24cr x1mh8g0r xexx8yu x4uap5 x18d9i69 xkhd6sd x16tdsg8 x1hl2dhg xggy1nq x1a2a7pz x1heor9g xt0b8zv\" tabindex=\"0\" role=\"link\" href=\"https:\/\/www.facebook.com\/groups\/61488111720\/user\/100052558935286\/?__cft__[0]=AZXXiClGDnUqhXo4ScICtnXo25TBdh3N75CmoBZv5hGtG-MWN6JsKT6X3vVV6HXkvfw2IfKFXCpZsI1IjE56tCJQbhJjYbntrTdGOHnX9RiRYhMlQghwcz7rr-KNtVPCOJ7Bw3EM6aKlPfe1bdQI2cHLTtjcZ-34SYAr4OQ5W8AaDq0SJC6CFaHpWBdImXy6qn0&amp;__tn__=R]-R\" aria-hidden=\"false\"><span class=\"x3nfvp2\"><span class=\"x193iq5w xeuugli x13faqbe x1vvkbs x1xmvt09 x1lliihq x1s928wv xhkezso x1gmr53x x1cpjm7i x1fgarty x1943h6x x4zkp8e x676frb x1nxh6w3 x1sibtaa x1s688f xzsf02u\" dir=\"auto\">Paola Crepaz<\/span><\/span><\/a> <\/span><\/span>Notizia travolgente che El Signour ciale soura sua Fameia.<\/p>\n<p>&nbsp;<\/p>\n<p><strong>&#8220;Mamo&#8221; con le &#8220;sue&#8221; ragazze del calcio Fodom\u00a0<\/strong><\/p>\n\n\t\t\t<style type='text\/css'>\n\t\t\t\t#gallery-2 {\n\t\t\t\t\tmargin: auto;\n\t\t\t\t}\n\t\t\t\t#gallery-2 .gallery-item {\n\t\t\t\t\tfloat: left;\n\t\t\t\t\tmargin-top: 10px;\n\t\t\t\t\ttext-align: center;\n\t\t\t\t\twidth: 50%;\n\t\t\t\t}\n\t\t\t\t#gallery-2 img {\n\t\t\t\t\tborder: 2px solid #cfcfcf;\n\t\t\t\t}\n\t\t\t\t#gallery-2 .gallery-caption {\n\t\t\t\t\tmargin-left: 0;\n\t\t\t\t}\n\t\t\t\t\/* see gallery_shortcode() in wp-includes\/media.php *\/\n\t\t\t<\/style>\n\t\t<div id='gallery-2' class='dt-gallery-container gallery galleryid-351054 gallery-columns-2 gallery-size-medium'><dl class='gallery-item'>\n\t\t\t\t<dt class='gallery-icon landscape'>\n\t\t\t\t\t<a class=\"rollover rollover-zoom dt-pswp-item\" title=\"105d71e5-41b5-4998-8ff0-be09b6aa0592\" data-dt-img-description=\"\" data-large_image_width=\"639\" data-large_image_height=\"394\"href='https:\/\/www.radiopiu.net\/wordpress\/wp-content\/uploads\/2023\/09\/105d71e5-41b5-4998-8ff0-be09b6aa0592.jpg'><img loading=\"lazy\" decoding=\"async\" width=\"300\" height=\"185\" src=\"https:\/\/www.radiopiu.net\/wordpress\/wp-content\/uploads\/2023\/09\/105d71e5-41b5-4998-8ff0-be09b6aa0592-300x185.jpg\" class=\"attachment-medium size-medium\" alt=\"\" srcset=\"https:\/\/www.radiopiu.net\/wordpress\/wp-content\/uploads\/2023\/09\/105d71e5-41b5-4998-8ff0-be09b6aa0592-300x185.jpg 300w, https:\/\/www.radiopiu.net\/wordpress\/wp-content\/uploads\/2023\/09\/105d71e5-41b5-4998-8ff0-be09b6aa0592.jpg 639w\" sizes=\"auto, (max-width: 300px) 100vw, 300px\" \/><\/a>\n\t\t\t\t<\/dt><\/dl><dl class='gallery-item'>\n\t\t\t\t<dt class='gallery-icon landscape'>\n\t\t\t\t\t<a class=\"rollover rollover-zoom dt-pswp-item\" title=\"52d476af-9181-466d-ade4-7e753b157346\" data-dt-img-description=\"\" data-large_image_width=\"744\" data-large_image_height=\"511\"href='https:\/\/www.radiopiu.net\/wordpress\/wp-content\/uploads\/2023\/09\/52d476af-9181-466d-ade4-7e753b157346.jpg'><img loading=\"lazy\" decoding=\"async\" width=\"300\" height=\"206\" src=\"https:\/\/www.radiopiu.net\/wordpress\/wp-content\/uploads\/2023\/09\/52d476af-9181-466d-ade4-7e753b157346-300x206.jpg\" class=\"attachment-medium size-medium\" alt=\"\" srcset=\"https:\/\/www.radiopiu.net\/wordpress\/wp-content\/uploads\/2023\/09\/52d476af-9181-466d-ade4-7e753b157346-300x206.jpg 300w, https:\/\/www.radiopiu.net\/wordpress\/wp-content\/uploads\/2023\/09\/52d476af-9181-466d-ade4-7e753b157346.jpg 744w\" sizes=\"auto, (max-width: 300px) 100vw, 300px\" \/><\/a>\n\t\t\t\t<\/dt><\/dl><br style=\"clear: both\" \/>\n\t\t\t<\/div>\n\n<p>&nbsp;<\/p>\n<p><strong>LA CRONACA<\/strong><\/p>\n<p><strong><a class=\"dt-pswp-item\" href=\"https:\/\/www.radiopiu.net\/wordpress\/wp-content\/uploads\/2023\/07\/SOTTOGUDA-MARMOLADA-PADON-5.jpg\" data-dt-img-description=\"\" data-large_image_width=\"2048\" data-large_image_height=\"1152\"><img loading=\"lazy\" decoding=\"async\" class=\" wp-image-344413 alignleft\" src=\"https:\/\/www.radiopiu.net\/wordpress\/wp-content\/uploads\/2023\/07\/SOTTOGUDA-MARMOLADA-PADON-5-300x169.jpg\" alt=\"\" width=\"144\" height=\"81\" srcset=\"https:\/\/www.radiopiu.net\/wordpress\/wp-content\/uploads\/2023\/07\/SOTTOGUDA-MARMOLADA-PADON-5-300x169.jpg 300w, https:\/\/www.radiopiu.net\/wordpress\/wp-content\/uploads\/2023\/07\/SOTTOGUDA-MARMOLADA-PADON-5-1024x576.jpg 1024w, https:\/\/www.radiopiu.net\/wordpress\/wp-content\/uploads\/2023\/07\/SOTTOGUDA-MARMOLADA-PADON-5-768x432.jpg 768w, https:\/\/www.radiopiu.net\/wordpress\/wp-content\/uploads\/2023\/07\/SOTTOGUDA-MARMOLADA-PADON-5-1536x864.jpg 1536w, https:\/\/www.radiopiu.net\/wordpress\/wp-content\/uploads\/2023\/07\/SOTTOGUDA-MARMOLADA-PADON-5.jpg 2048w\" sizes=\"auto, (max-width: 144px) 100vw, 144px\" \/><\/a>LIVINALLONGO<\/strong>\u00a0 Ieri mattina attorno alle 10.30 la Centrale del 118 \u00e8 stata attivata per un incidente durante la manutenzione dell&#8217;impianto di risalita Padon 1, lavori consueti di fine stagione, terminata ieri. Sul posto in localit\u00e0 &#8220;mont auta de Ornela&#8221;, sono state inviate le squadre del Soccorso alpino di Val Pettorina e Livinallongo assieme all&#8217;elicottero Pelikan. Purtroppo una volta sul posto, al personale medico non \u00e8 restato che constatare il decesso di Massimo\u00a0 Crepaz &#8220;Mamo&#8221;, 57 anni, di Livinallongo del Col di Lana, che stava lavorando sul 13\u00b0 palo della seggiovia.<\/p>\n<p>A lanciare l&#8217;allarme un collega di lavoro che ha assistito al dramma.\u00a0 Sul posto sono intervenuti i medici del 118 che hanno solo potuto constatare il decesso e i carabinieri di Arabba e dello SPISAL per gli accertamenti del caso, coordinati dalla Procura di Belluno che ha disposto il sequestro del carrello su cui l&#8217;uomo stava lavorando. La salma \u00e8 stata trasferita all&#8217;ospedale di Belluno a disposizione della magistratura.<\/p>\n<p>&nbsp;<\/p>\n<p>&nbsp;<\/p>\n<hr \/>\n<p>&nbsp;<\/p>\n<p>&nbsp;<\/p><\/blockquote>\n<p><em><a class=\"dt-pswp-item\" href=\"https:\/\/www.radiopiu.net\/wordpress\/wp-content\/uploads\/2023\/09\/2a96f41e-3e1a-4ba1-b892-2df54e8d152c.jpg\" data-dt-img-description=\"\" data-large_image_width=\"855\" data-large_image_height=\"1474\"><img loading=\"lazy\" decoding=\"async\" class=\"wp-image-351167 alignleft\" src=\"https:\/\/www.radiopiu.net\/wordpress\/wp-content\/uploads\/2023\/09\/2a96f41e-3e1a-4ba1-b892-2df54e8d152c-174x300.jpg\" alt=\"\" width=\"140\" height=\"241\" srcset=\"https:\/\/www.radiopiu.net\/wordpress\/wp-content\/uploads\/2023\/09\/2a96f41e-3e1a-4ba1-b892-2df54e8d152c-174x300.jpg 174w, https:\/\/www.radiopiu.net\/wordpress\/wp-content\/uploads\/2023\/09\/2a96f41e-3e1a-4ba1-b892-2df54e8d152c-594x1024.jpg 594w, https:\/\/www.radiopiu.net\/wordpress\/wp-content\/uploads\/2023\/09\/2a96f41e-3e1a-4ba1-b892-2df54e8d152c-768x1324.jpg 768w, https:\/\/www.radiopiu.net\/wordpress\/wp-content\/uploads\/2023\/09\/2a96f41e-3e1a-4ba1-b892-2df54e8d152c.jpg 855w\" sizes=\"auto, (max-width: 140px) 100vw, 140px\" \/><\/a><\/em><\/p>\n<p><strong>\u00a0<\/strong><\/p>\n<p><strong>\u00a0<\/strong><\/p>\n<p>&nbsp;<\/p>\n<p><strong>DI GIANNI SANTOMASO &#8211; IL RICORDO<\/strong><\/p>\n<audio class=\"wp-audio-shortcode\" id=\"audio-351054-2\" preload=\"none\" style=\"width: 100%;\" controls=\"controls\"><source type=\"audio\/mpeg\" src=\"https:\/\/www.radiopiu.net\/wordpress\/wp-content\/uploads\/2023\/09\/GIANNI-MASSIMO-CREPAZ-IL-RICORDO.mp3?_=2\" \/><a href=\"https:\/\/www.radiopiu.net\/wordpress\/wp-content\/uploads\/2023\/09\/GIANNI-MASSIMO-CREPAZ-IL-RICORDO.mp3\">https:\/\/www.radiopiu.net\/wordpress\/wp-content\/uploads\/2023\/09\/GIANNI-MASSIMO-CREPAZ-IL-RICORDO.mp3<\/a><\/audio>\n<p>&nbsp;<\/p>\n<hr \/>\n<p>&nbsp;<\/p>\n<blockquote>\n<h3>DAL TG DI ANTENNA 3, CANALE 10 DIGITALE TERRESTRE<\/h3>\n<\/blockquote>\n<p><span style=\"color: #ff0000;\">DI TIZIANA BOLOGNANI\u00a0<\/span><\/p>\n<p><iframe loading=\"lazy\" title=\"IMPIGLIATO TRA FUNE E CARRUCOLA, OPERAIO 57 ENNE MUORE SULL&#039;IMPIANTO PADON 1 | 04\/09\/2023\" width=\"1200\" height=\"675\" src=\"https:\/\/www.youtube.com\/embed\/fJR36FMk-t4?feature=oembed\" frameborder=\"0\" allow=\"accelerometer; autoplay; clipboard-write; encrypted-media; gyroscope; picture-in-picture; web-share\" allowfullscreen><\/iframe><\/p>\n<p>&nbsp;<\/p>\n<hr \/>\n<p>&nbsp;<\/p>\n<blockquote>\n<h3><b>MORTE SUL LAVORO AD ARABBA. UIL BELLUNO: \u201cLA FORMAZIONE DEVE ESSERE A 360 GRADI\u201d<\/b><\/h3>\n<\/blockquote>\n<p><strong><a class=\"dt-pswp-item\" href=\"https:\/\/www.radiopiu.net\/wordpress\/wp-content\/uploads\/2023\/06\/uil-belluno.png\" data-dt-img-description=\"\" data-large_image_width=\"310\" data-large_image_height=\"317\"><img loading=\"lazy\" decoding=\"async\" class=\" wp-image-342349 alignleft\" src=\"https:\/\/www.radiopiu.net\/wordpress\/wp-content\/uploads\/2023\/06\/uil-belluno-293x300.png\" alt=\"\" width=\"136\" height=\"139\" srcset=\"https:\/\/www.radiopiu.net\/wordpress\/wp-content\/uploads\/2023\/06\/uil-belluno-293x300.png 293w, https:\/\/www.radiopiu.net\/wordpress\/wp-content\/uploads\/2023\/06\/uil-belluno.png 310w\" sizes=\"auto, (max-width: 136px) 100vw, 136px\" \/><\/a>BELLUNO<\/strong> \u201cIn Veneto, nei primi sette mesi di quest\u2019anno, abbiamo registrato oltre 50 morti bianche. Gli infortuni sul lavoro continuano a mietere vittime: stamattina \u00e8 morto un uomo di 57 anni mentre stava facendo manutenzione agli impianti a fune presso il rifugio Padon, Arabba, nel bellunese. Mentre sono in corso le indagini per scoprire le cause del tragico incidente, come Uil del Territorio di Belluno riteniamo doveroso intervenire ribadendo l\u2019importanza della salute e della sicurezza dei nostri lavoratori e delle nostre lavoratrici. Lo stiamo dicendo e ripetendo pi\u00f9 volte come un mantra: non si pu\u00f2 morire per lavoro. Dobbiamo alzare l\u2019asticella per prevenire e rallentare considerevolmente questi incidenti: investire di pi\u00f9 sui controlli e sulla formazione. I controlli devono essere costanti, devono premiare chi rispetta i protocolli di sicurezza e devono sanzionare pesantemente chi trasgredisce. La formazione dev\u2019essere a 360 gradi, deve essere specifica e non generica, finalizzata ad apprendere maggiori informazioni sull\u2019ambiente di lavoro in cui si svolger\u00e0 la propria mansione e sui rischi dovuti alle attrezzature che vengono impiegate. La parola d\u2019ordine in Veneto e, in questo caso nel territorio di Belluno, deve essere la sicurezza. Ricordo, infine, che sulle nostre Dolomiti sono numerose le maestranze impiegate per i lavori, soprattutto nelle infrastrutture, in vista delle prossime Olimpiadi: non dobbiamo abbassare la guardia se vogliamo che questo evento venga ricordato come una grande festa\u201d. Sonia Bridda, coordinatrice di Uil Belluno, interviene con queste parole sul fatale incidente sul lavoro di oggi e coglie l\u2019occasione per rivolgere le condoglianze alla famiglia della vittima.<\/p>\n<p>&nbsp;<\/p>\n<blockquote>\n<h3>MARTELLA (PD): ENNESIMA TRAGEDIA CHE FERISCE IL PAESE<\/h3>\n<\/blockquote>\n<p><strong><a class=\"dt-pswp-item\" href=\"https:\/\/www.radiopiu.net\/wordpress\/wp-content\/uploads\/2018\/11\/PD.png\" data-dt-img-description=\"\" data-large_image_width=\"226\" data-large_image_height=\"182\"><img loading=\"lazy\" decoding=\"async\" class=\" wp-image-67744 alignleft\" src=\"https:\/\/www.radiopiu.net\/wordpress\/wp-content\/uploads\/2018\/11\/PD.png\" alt=\"\" width=\"125\" height=\"101\" \/><\/a>VENEZIA <\/strong>\u00abLa morte dell&#8217;addetto alla funivia \u00e8 l&#8217;ennesima tragedia sul lavoro che ferisce il nostro Paese e la nostra regione. Come PD avevamo chiesto nelle scorse settimane che a livello regionale si attivasse un Osservatorio sulla sicurezza con il coinvolgimento di Istituzioni e parti sociali per contrastare un fenomeno che in Veneto ha raggiunto livelli inaccettabili. Abbiamo anche presentato un documento di 10 proposte per una nuova cultura della sicurezza sul lavoro. Dobbiamo purtroppo sottolineare due dati: il Veneto si conferma in testa alla classifica per incidenti e morti sul posto di lavoro, fino al 31 luglio i dati certificati indicavano 51 caduti nella nostra regione; in secondo luogo la carenza di personale, degli Spisal e dei Tribunali, contribuisce a rendere meno sicuri i luoghi di lavoro dove si fanno mediamente, meno controlli che in altre regioni. Non si pu\u00f2 assistere passivamente a questo bollettino di guerra. \u00c8 sempre pi\u00f9 urgente che si apra un confronto sulla sicurezza per evitare tragedie e vittime e per promuovere una cultura della sicurezza sul lavoro. Per farlo c\u2019\u00e8 bisogno di un patto forte tra associazioni di categoria e parti sociali e di un sostegno altrettanto convinto delle istituzioni\u00bb. Lo afferma il segretario regionale del Partito democratico, Andrea Martella.<\/p>\n<p>&nbsp;<\/p>\n<blockquote>\n<h3>PAGLINI (CISL): NECESSARIE PROCEDURE DI SICUREZZA PIU&#8217; SEVERE E REGOLE E PENE PIU&#8217; RIGIDE<\/h3>\n<\/blockquote>\n<p><strong>BELLUNO<\/strong> <span style=\"color: #000000; font-family: Helvetica;\">\u201cUna conta infinita di morti caratterizzata da negligenze e superficialit\u00e0. Servono procedure di sicurezza pi\u00f9 severe per la manutenzione degli impianti e per tutti i cantieri, cos\u00ec come regole e pene pi\u00f9 rigide per punire i responsabili delle morti e degli infortuni\u201d. Queste le parole addolorate del segretario generale della Cisl Belluno Treviso Massimiliano Paglini alla notizia dell\u2019infortunio mortale in cui ha perso la vita un 57enne di Livinallongo del Col di Lana mentre era impegnato nella manutenzione dell\u2019impianto di risalita del Padon, nel comprensorio della Marmolada.<\/span><\/p>\n<p>&nbsp;<\/p>\n<p>&nbsp;<\/p>\n<hr \/>\n<p>&nbsp;<\/p>\n<blockquote>\n<h3>COLTO DA MALORE MUORE SOTTO AL RIFUGIO LARESEI<\/h3>\n<\/blockquote>\n<p><strong>FALCADE<\/strong> Alle 13.10 circa di ieri \u00e8 scattato l&#8217;allarme per un escursionista colto da malore all&#8217;altezza di Forcella Pradazzo, mentre con la moglie e una coppia di amici stava scendendo dal Rifugio Laresei. Il primo a mettere in atto le manovre di rianimazione di G.B., 79 anni, di Castelguglielmo (RO), un medico casualmente sul posto. Purtroppo inutili i tentativi, al personale medico di Falco 2 sbarcato nelle vicinanze non \u00e8 restato che constatare il decesso dell&#8217;uomo. Sul posto una squadra del Soccorso alpino della Val Biois, che ha trasportato la salma fino a Passo Valles, dove attendevano i Carabinieri, per affidarla al carro funebre. I soccorritori hanno accompagnato a valle anche la moglie e gli amici.<\/p>\n<p>&nbsp;<\/p>\n<p>&nbsp;<\/p>\n<hr \/>\n<p>&nbsp;<\/p>\n<blockquote>\n<h3><a class=\"dt-pswp-item\" href=\"https:\/\/www.radiopiu.net\/wordpress\/wp-content\/uploads\/2023\/09\/th.jpg\" data-dt-img-description=\"\" data-large_image_width=\"240\" data-large_image_height=\"180\"><img loading=\"lazy\" decoding=\"async\" class=\"wp-image-351106 alignleft\" src=\"https:\/\/www.radiopiu.net\/wordpress\/wp-content\/uploads\/2023\/09\/th.jpg\" alt=\"\" width=\"156\" height=\"117\" \/><\/a>RECUPERATA CORDATA NELLA NOTTE<\/h3>\n<\/blockquote>\n<p><strong>AURONZO <\/strong>Domenica sera verso le 21.30 il Soccorso alpino di Auronzo \u00e8 stato allertato e messo in contatto con due alpinisti tedeschi, che non riuscivano a trovare la soste per le doppie di rientro sulla via normale della Cima Grande di Lavaredo. Ai due scalatori di 39 e 37 anni, che avevano salito la via Hasse &#8211; Brandler, sono state date inizialmente indicazioni telefoniche, ma, dato che non riuscivano a orientarsi, in loro aiuto \u00e8 partita una squadra del Soccorso alpino di Auronzo e della Guardia di finanza. Risaliti dalla normale, i soccorritori hanno incrociato i due, stanchi e smarriti, sopra la Piramide, all&#8217;uscita della prima rampa e sono ridiscesi assieme a loro. L&#8217;intervento si \u00e8 concluso alle 4.<\/p>\n<p>&nbsp;<\/p>\n<p>&nbsp;<\/p>\n<hr \/>\n<p>&nbsp;<\/p>\n<blockquote>\n<h3>SOCCORSO ALPINO AL LAVORO A CORTINA E MISURINA<\/h3>\n<\/blockquote>\n<p><strong><a class=\"dt-pswp-item\" href=\"https:\/\/www.radiopiu.net\/wordpress\/wp-content\/uploads\/2023\/09\/Watermark_20230904_165910_811.jpg\" data-dt-img-description=\"\" data-large_image_width=\"1773\" data-large_image_height=\"2364\"><img loading=\"lazy\" decoding=\"async\" class=\" wp-image-351147 alignleft\" src=\"https:\/\/www.radiopiu.net\/wordpress\/wp-content\/uploads\/2023\/09\/Watermark_20230904_165910_811-225x300.jpg\" alt=\"\" width=\"127\" height=\"169\" srcset=\"https:\/\/www.radiopiu.net\/wordpress\/wp-content\/uploads\/2023\/09\/Watermark_20230904_165910_811-225x300.jpg 225w, https:\/\/www.radiopiu.net\/wordpress\/wp-content\/uploads\/2023\/09\/Watermark_20230904_165910_811-768x1024.jpg 768w, https:\/\/www.radiopiu.net\/wordpress\/wp-content\/uploads\/2023\/09\/Watermark_20230904_165910_811-1152x1536.jpg 1152w, https:\/\/www.radiopiu.net\/wordpress\/wp-content\/uploads\/2023\/09\/Watermark_20230904_165910_811-1536x2048.jpg 1536w, https:\/\/www.radiopiu.net\/wordpress\/wp-content\/uploads\/2023\/09\/Watermark_20230904_165910_811.jpg 1773w\" sizes=\"auto, (max-width: 127px) 100vw, 127px\" \/><\/a>CORTINA <\/strong>Ieri mattina passate le 9 l&#8217;elicottero del Suem di Pieve di Cadore \u00e8 volato sulle Tre Cime di Lavaredo per un incidente alpinistico. Mentre scalava la Via Zinnfiziert alla Cima Ovest, sul quarto tiro un rocciatore tedesco di 23 anni \u00e8 stato colpito alla mano da un sasso, riportando la rottura di un dito<\/p>\n<p><strong>MISURINA <\/strong>Successivamente Falco \u00e8 stato inviato all&#8217;altezza degli impianti di risalita del Col di Varda a Misurina, poich\u00e9, mentre scendeva dalla seggiovia, una 75enne francese era caduta sbattendo la testa. Medicata per una ferita alla nuca, la turista \u00e8 stata accompagnata all&#8217;ospedale di Pieve di Cadore.<\/p>\n<p>&nbsp;<\/p>\n<p>&nbsp;<\/p>\n<p>&nbsp;<\/p>\n<hr \/>\n<p>&nbsp;<\/p>\n<blockquote>\n<h3>CHITARRA IN PIENA FACCIA, CHIAMA LA POLIZIA E LO DENUNCIA<\/h3>\n<\/blockquote>\n<p><strong><a class=\"dt-pswp-item\" href=\"https:\/\/www.radiopiu.net\/wordpress\/wp-content\/uploads\/2023\/09\/th-2.jpg\" data-dt-img-description=\"\" data-large_image_width=\"240\" data-large_image_height=\"180\"><img loading=\"lazy\" decoding=\"async\" class=\"wp-image-351218 alignleft\" src=\"https:\/\/www.radiopiu.net\/wordpress\/wp-content\/uploads\/2023\/09\/th-2.jpg\" alt=\"\" width=\"140\" height=\"105\" \/><\/a>BELLUNO<\/strong> Una donna straniera con accento sudamericano \u00e8 stata aggredita e picchiata con la chitarra, ha riportato una ferita allo zigomo. L&#8217;episodio in un appartamento di piazza San Lucano, a Borgo Pr\u00e0. La donna \u00e8 stata trasportata al Pronto soccorso dell&#8217;ospedale San Martino, dove sar\u00e0 sentita dagli investigatori per ricostruire quanto accaduto. L&#8217;indagato \u00e8\u00a0 un 48ennem originario di Santa Giustina. Nelle ultime settimane sono stati diversi gli interventi delle forze di polizia in quell&#8217;abitazione. L&#8217;uomo \u00e8 stato solo identificato e denunciato a piede libero.<\/p>\n<p>&nbsp;<\/p>\n<div id=\"articleContent\" class=\"mercuryWrapper\">\n<div class=\"mercuryScroller\">\n<div class=\"mercuryElement\">\n<div class=\"mercuryBox\">\n<div id=\"articlePlain\"><\/div>\n<\/div>\n<\/div>\n<\/div>\n<\/div>\n<div id=\"articlePrev\"><\/div>\n<div>\n<hr \/>\n<\/div>\n<blockquote>\n<h3>\u00a0IL RITORNO A CASA DELL&#8217;ACCOLTELLATO<\/h3>\n<\/blockquote>\n<div><strong>BELLUNO<\/strong>\u00a0 \u00a0R.D.E.\u00a0 il 23 agosto era stato accoltellato dalla fidanzata, dopo un periodo al San Martino \u00e8\u00a0 tornato a casa. Inizialmente aveva dato la colpa a uno sconosciuto incontrato tra il parcheggio del palasport e via Matteo Cesa. \u00a0Le indagini della Squadra mobile della polizia avevano portato dritto alla fidanzata, che al momento \u00e8 indagata per l&#8217;ipotesi di reato di lesioni aggravate. Ma il pubblico ministero Alberto Primavera ha disposto una visita medico-legale, per capire se possa essere o meno contestato il tentato omicidio.<\/div>\n<div><\/div>\n<div><\/div>\n<div>\n<hr \/>\n<\/div>\n<blockquote>\n<h3><\/h3>\n<h3>UN ALTRO TUFFO TRAUMATIZZANTE<\/h3>\n<\/blockquote>\n<div><strong>ARSIE<\/strong>&#8216; Dopo il fatto di domenica, un 17enne a Sappada si \u00e8 tuffato nel lago rimediando un potente trauma cranico, ieri un altro episodio: un diciannovenne\u00a0 si \u00e8 buttato a bomba al lago del Corlo e si \u00e8 procurato una frattura alla gamba piuttosto brutta.<\/div>\n<div>\n<div class=\"articlePlainText\"><\/div>\n<div><\/div>\n<div><\/div>\n<div>\n<hr \/>\n<\/div>\n<div><\/div>\n<blockquote>\n<h3>Badante infedele in tribunale rubate anche due fedi nuziali<\/h3>\n<\/blockquote>\n<div>\n<blockquote><p><em>La Procura della Repubblica di Belluno ha concluso le indagini su una coppia accusata di furto aggravato, ricettazione e indebito utilizzo di strumenti di pagamento diversi dai contanti. I fatti risalgono a dicembre dell&#8217;anno scorso, e ora i due indagati, difesi dall&#8217;avvocato Giorgio Gasperin, si preparano ad affrontare un processo penale, con l&#8217;incognita delle costituzioni di parte civile per il risarcimento danni.<\/em><\/p><\/blockquote>\n<p><span style=\"color: #ff0000;\">OGGI SUL CORRIERE DELLE ALPI, DI GIGI SOSSO\u00a0<\/span><\/p>\n<p><strong><img loading=\"lazy\" decoding=\"async\" class=\"alignleft\" src=\"https:\/\/www.radiopiu.net\/wordpress\/wp-content\/uploads\/2023\/09\/th-3.jpg\" width=\"243\" height=\"127\" \/>BELLUNO<\/strong> Nel cuore di questa vicenda si trova l&#8217;italiana L.A., che lavorava come badante nell&#8217;abitazione di un&#8217;anziana donna di 91 anni. Sfruttando la sua posizione di fiducia, la donna si sarebbe impossessata della carta bancomat della sua datrice di lavoro e anche di quella prepagata della figlia, che gestiva entrambe le carte. Con piena libert\u00e0 di movimento nella casa, il 5 dicembre scorso, L.A. avrebbe fatto sparire gioielli preziosi tra cui una collanina con ciondolo a forma di balena e una fede con un piccolo diamante in oro, un bracciale in acciaio, orecchini in argento e una collana di pietre preziose. Non solo, ma anche una fede in oro appartenente al marito della figlia della signora anziana sarebbe scomparsa. La scoperta del furto dei gioielli e dei movimenti non autorizzati sul conto corrente dell&#8217;anziana non poteva passare inosservata. Un semplice estratto conto ha rivelato le operazioni non autorizzate, mentre i gioielli rubati sono stati prontamente recuperati, comprese le preziose fedi nuziali. Ora, mentre la coppia si prepara ad affrontare il processo per le accuse a loro carico, le due donne coinvolte dovranno costituirsi parte civile per cercare di recuperare i soldi sottratti. L&#8217;avvocato Giorgio Gasperin sta valutando la strategia difensiva da adottare in base agli atti del caso. La vicenda, oltre a mettere in luce la brutta faccia della disonest\u00e0, sottolinea l&#8217;importanza di prestare attenzione alle persone di fiducia che si assumono incarichi delicati come la cura di anziani.<\/p>\n<\/div>\n<div><\/div>\n<\/div>\n<p>&nbsp;<\/p>\n<hr \/>\n<p>&nbsp;<\/p>\n<blockquote>\n<h3>Safilo: Stefano Zanon di Femca Veneto esorta all&#8217;unit\u00e0 per il bene dei lavoratori<\/h3>\n<\/blockquote>\n<p><strong><img loading=\"lazy\" decoding=\"async\" class=\"alignleft\" src=\"https:\/\/www.radiopiu.net\/wordpress\/wp-content\/uploads\/2023\/01\/SAFILO.png\" width=\"198\" height=\"127\" \/>LONGARONE<\/strong> Stefano Zanon, segretario generale della Femca del Veneto, ha dichiarato che \u00e8 fondamentale superare le divisioni sindacali che hanno caratterizzato gli ultimi sviluppi della complessa vertenza Safilo, nell&#8217;interesse dei lavoratori coinvolti. L&#8217;ipotesi di accordo tra Femca Cisl, Uiltec Uil, societ\u00e0 subentranti e la Regione Veneto per la cessione dello stabilimento Safilo di Longarone a Th\u00e8lios e Innovatek \u00e8 stata approvata con una larga maggioranza dei lavoratori. Zanon ha sottolineato l&#8217;importanza di consultare i lavoratori prima di siglare l&#8217;accordo, affermando che in una vertenza cos\u00ec delicata, \u00e8 essenziale fornire un quadro completo delle opzioni possibili e dare ai lavoratori il diritto di scegliere. Ha enfatizzato il valore della partecipazione dei lavoratori come un passo democratico importante. Riguardo ai risultati del voto, Zanon ha affermato che non \u00e8 interessato alle diverse interpretazioni dei numeri, ma ha riportato che su 357 presenti, 318 hanno votato, con l&#8217;83% dei votanti favorevoli all&#8217;accordo. Tuttavia, ha sottolineato che non c&#8217;\u00e8 motivo di festeggiare, poich\u00e9 la situazione derivava dalla decisione dell&#8217;azienda di abbandonare il territorio. Zanon ha <a class=\"dt-pswp-item\" href=\"https:\/\/www.radiopiu.net\/wordpress\/wp-content\/uploads\/2023\/09\/th-1.jpg\" data-dt-img-description=\"\" data-large_image_width=\"270\" data-large_image_height=\"180\"><img loading=\"lazy\" decoding=\"async\" class=\"size-full wp-image-351109 alignright\" src=\"https:\/\/www.radiopiu.net\/wordpress\/wp-content\/uploads\/2023\/09\/th-1.jpg\" alt=\"\" width=\"270\" height=\"180\" \/><\/a>riconosciuto che Innovatek presenta criticit\u00e0 nel realizzare il suo piano industriale, ma ha spiegato che Th\u00e8lios era interessata solo a un ramo d&#8217;azienda specifico. Pertanto, l&#8217;accordo \u00e8 stato strutturato per garantire tutele durante i primi due anni di transizione, con monitoraggio da parte della Regione. Il leader della Femca regionale ha concluso esprimendo la speranza che le divisioni sindacali possano essere superate per lavorare insieme al fine di salvaguardare i lavoratori e le lavoratrici. La firma dell&#8217;accordo-quadro \u00e8 prevista per il prossimo incontro in Regione.<\/p>\n<div class=\"flex-1 overflow-hidden\">\n<div class=\"react-scroll-to-bottom--css-uqiyw-79elbk h-full dark:bg-gray-800\">\n<div class=\"react-scroll-to-bottom--css-uqiyw-1n7m0yu\">\n<div class=\"flex flex-col text-sm dark:bg-gray-800\">\n<div class=\"group w-full text-token-text-primary border-b border-black\/10 dark:border-gray-900\/50 bg-gray-50 dark:bg-[#444654]\" data-testid=\"conversation-turn-3\">\n<div class=\"p-4 justify-center text-base md:gap-6 md:py-6 m-auto\">\n<div class=\"flex flex-1 gap-4 text-base mx-auto md:gap-6 md:max-w-2xl lg:max-w-[38rem] xl:max-w-3xl }\">\n<div class=\"relative flex w-[calc(100%-50px)] flex-col gap-1 md:gap-3 lg:w-[calc(100%-115px)]\">\n<div class=\"flex justify-between lg:block\">\n<div class=\"text-gray-400 flex self-end lg:self-center justify-center mt-2 gap-2 md:gap-3 lg:gap-1 lg:absolute lg:top-0 lg:translate-x-full lg:right-0 lg:mt-0 lg:pl-2 visible\"><\/div>\n<\/div>\n<\/div>\n<\/div>\n<\/div>\n<\/div>\n<\/div>\n<\/div>\n<\/div>\n<\/div>\n<div class=\"relative flex h-full flex-1 items-stretch md:flex-col\">\n<blockquote>\n<div class=\"flex w-full items-center\"><em>\u201cSoprattutto non siamo indifferenti alle preoccupazioni di quanti si sentono meno garantiti. Proprio per questo ci siamo adoperati per costruire un accordo-quadro che contenga tutte le tutele necessarie per traghettare intanto i primi due anni di transizione, durante i quali avremo modo di vigilare sul rispetto degli accordi presi, anche grazie all\u2019impegno di monitoraggio che noi abbiamo chiesto alla Regione e la stessa ci ha assicurato&#8221;.\u00a0<\/em><\/div>\n<\/blockquote>\n<\/div>\n<div><\/div>\n<div><\/div>\n<div>\n<hr \/>\n<\/div>\n<div><\/div>\n<blockquote>\n<h3><a class=\"dt-pswp-item\" href=\"https:\/\/www.radiopiu.net\/wordpress\/wp-content\/uploads\/2020\/04\/DONAZZAN-e1604585643454.jpg\" data-dt-img-description=\"\" data-large_image_width=\"2048\" data-large_image_height=\"2048\"><img loading=\"lazy\" decoding=\"async\" class=\"wp-image-128499 alignleft\" src=\"https:\/\/www.radiopiu.net\/wordpress\/wp-content\/uploads\/2020\/04\/DONAZZAN-e1604585643454-300x300.jpg\" alt=\"\" width=\"147\" height=\"147\" srcset=\"https:\/\/www.radiopiu.net\/wordpress\/wp-content\/uploads\/2020\/04\/DONAZZAN-e1604585643454-300x300.jpg 300w, https:\/\/www.radiopiu.net\/wordpress\/wp-content\/uploads\/2020\/04\/DONAZZAN-e1604585643454-1024x1024.jpg 1024w, https:\/\/www.radiopiu.net\/wordpress\/wp-content\/uploads\/2020\/04\/DONAZZAN-e1604585643454-150x150.jpg 150w, https:\/\/www.radiopiu.net\/wordpress\/wp-content\/uploads\/2020\/04\/DONAZZAN-e1604585643454-768x768.jpg 768w, https:\/\/www.radiopiu.net\/wordpress\/wp-content\/uploads\/2020\/04\/DONAZZAN-e1604585643454-1536x1536.jpg 1536w, https:\/\/www.radiopiu.net\/wordpress\/wp-content\/uploads\/2020\/04\/DONAZZAN-e1604585643454.jpg 2048w\" sizes=\"auto, (max-width: 147px) 100vw, 147px\" \/><\/a>OGGI IL TAVOLO REGIONALE PER PARLARE DI SAFILO<\/h3>\n<\/blockquote>\n<p><strong>VENEZIA<\/strong> Come annunciato oggi, a partire dalle ore 9.00 nella sede di Veneto Lavoro a Mestre (via Ca\u2019 Marcello 67\/b), convocato e gestito dall\u2019Assessore regionale al lavoro Elena Donazzan assistita dall\u2019Unit\u00e0 di crisi aziendali, si riunir\u00e0 il tavolo relativo allo stabilimento di Longarone dell\u2019azienda Safilo. E\u2019 prevista la partecipazione delle organizzazioni sindacali di categoria regionali e provinciali, le RSU e i rappresentanti di Safilo assistiti da Confindustria Belluno Dolomiti. L\u2019incontro ha l\u2019obiettivo di riprodurre in sede regionale i contenuti dell\u2019accordo raggiunto nel corso delle consultazioni con i lavoratori e di integrarli con le azioni previste da parte di Regione del Veneto che fornir\u00e0 supporto e monitoraggio a quanto concordato nella bozza di accordo.<\/p>\n<p>&nbsp;<\/p>\n<p>&nbsp;<\/p>\n<hr \/>\n<p>&nbsp;<\/p>\n<blockquote>\n<h3>SOPRALLUOGO AL TRE CROCI, PROVINCIA E DITTA STUDIANO GLI ULTIMI DETTAGLI PRIMA DELL\u2019INTERVENTO<\/h3>\n<\/blockquote>\n<p><strong>BELLUNO <\/strong>Sopralluogo sul Passo Tre Croci, dove esattamente una settimana fa si \u00e8 verificata un\u2019importante colata detritica. I tecnici della Provincia di Belluno e la ditta incaricata degli interventi di somma urgenza hanno controllato il versante e stanno studiando gli ultimi dettagli progettuali necessari a disporre il cantiere. Come da progetto messo in campo dalla Provincia, dovr\u00e0 essere realizzato un vallo a monte della strada, della lunghezza di circa 120 metri. Contemporaneamente verr\u00e0 sistemata anche una scogliera con lo scopo di convogliare e allontanare le acque meteoriche ed evitare ulteriori fenomeni di erosione. Con il sopralluogo tecnico di oggi si sono aggiunti ulteriori elementi utili all\u2019intervento. Mancano ancora le quantificazioni economiche, mentre a breve verranno coinvolte anche le Regole, dato che l\u2019esecuzione dei lavori presuppone il taglio di alcuni alberi che si trovano su propriet\u00e0 regoliera.<\/p>\n<p>&nbsp;<\/p>\n<p>&nbsp;<\/p>\n<hr \/>\n<p>&nbsp;<\/p>\n<blockquote>\n<h3>22 NUOVI DISTRETTI PER 39 COMUNI<\/h3>\n<\/blockquote>\n<p><strong><a class=\"dt-pswp-item\" href=\"https:\/\/www.radiopiu.net\/wordpress\/wp-content\/uploads\/2020\/04\/ROBERTO-MARCATO.jpg\" data-dt-img-description=\"\" data-large_image_width=\"960\" data-large_image_height=\"960\"><img loading=\"lazy\" decoding=\"async\" class=\" wp-image-128165 alignleft\" src=\"https:\/\/www.radiopiu.net\/wordpress\/wp-content\/uploads\/2020\/04\/ROBERTO-MARCATO-300x300.jpg\" alt=\"\" width=\"140\" height=\"140\" srcset=\"https:\/\/www.radiopiu.net\/wordpress\/wp-content\/uploads\/2020\/04\/ROBERTO-MARCATO-300x300.jpg 300w, https:\/\/www.radiopiu.net\/wordpress\/wp-content\/uploads\/2020\/04\/ROBERTO-MARCATO-150x150.jpg 150w, https:\/\/www.radiopiu.net\/wordpress\/wp-content\/uploads\/2020\/04\/ROBERTO-MARCATO-768x768.jpg 768w, https:\/\/www.radiopiu.net\/wordpress\/wp-content\/uploads\/2020\/04\/ROBERTO-MARCATO.jpg 960w\" sizes=\"auto, (max-width: 140px) 100vw, 140px\" \/><\/a>VENEZIA <\/strong>\u201cIl modello dei distretti del commercio si sta dimostrando sempre pi\u00f9 vincente rispetto all\u2019obiettivo di rivitalizzare i centri urbani del Veneto. Lo dimostra anche quest\u2019anno il numero di richieste ricevute, ma soprattutto la qualit\u00e0 dei progetti presentati. Abbiamo continuato a lavorare molto in questi anni con i Comuni, attraverso l\u2019ANCI, e con le associazioni di categoria per arrivare a far s\u00ec che i distretti diventassero strumenti efficaci e davvero i risultati ci danno ragione. I distretti del commercio oggi in Veneto sono strumenti gi\u00e0 collaudati e apprezzati dagli imprenditori, che, grazie alla stretta collaborazione con le amministrazioni comunali, stanno diventando vero e proprio volano per il rilancio commerciale del nostro tessuto urbano e delle attivit\u00e0 che lo rendono vivo\u201d. Lo afferma Roberto Marcato, assessore regionale allo sviluppo economico, che annuncia l\u2019approvazione da parte della giunta della delibera che iscrive nell\u2019apposito elenco regionale 22 nuovi distretti del commercio (13 distretti urbani e 9 territoriali) con il coinvolgimento di 39 Comuni. In provincia di Belluno un comune interessato con il Distretto urbano del Commercio del Comune di Alpago<strong>.<\/strong><\/p>\n<p>&nbsp;<\/p>\n<p>&nbsp;<\/p>\n<hr \/>\n<p>&nbsp;<\/p>\n<blockquote>\n<h3><strong>Riqualificazione della Casa del Sole a Ponte nelle Alpi: un passo avanti per migliorare i servizi locali<\/strong><\/h3>\n<\/blockquote>\n<p><strong><a class=\"dt-pswp-item\" href=\"https:\/\/www.radiopiu.net\/wordpress\/wp-content\/uploads\/2023\/09\/Casa_di_riposo.jpg\" data-dt-img-description=\"\" data-large_image_width=\"879\" data-large_image_height=\"575\"><img loading=\"lazy\" decoding=\"async\" class=\"size-medium wp-image-351111 alignleft\" src=\"https:\/\/www.radiopiu.net\/wordpress\/wp-content\/uploads\/2023\/09\/Casa_di_riposo-300x196.jpg\" alt=\"\" width=\"300\" height=\"196\" srcset=\"https:\/\/www.radiopiu.net\/wordpress\/wp-content\/uploads\/2023\/09\/Casa_di_riposo-300x196.jpg 300w, https:\/\/www.radiopiu.net\/wordpress\/wp-content\/uploads\/2023\/09\/Casa_di_riposo-768x502.jpg 768w, https:\/\/www.radiopiu.net\/wordpress\/wp-content\/uploads\/2023\/09\/Casa_di_riposo.jpg 879w\" sizes=\"auto, (max-width: 300px) 100vw, 300px\" \/><\/a>PONTE NELLE ALPI<\/strong> Il progetto di riqualificazione della Casa del Sole, situata nel cuore di Ponte nelle Alpi, sta prendendo forma, portando una nuova speranza per i servizi e la sanit\u00e0 locale. L&#8217;amministrazione comunale ha recentemente annunciato l&#8217;assegnazione del progetto allo studio di architetti &#8220;Made&#8221; di Treviso. La Casa del Sole attualmente ospita l&#8217;associazione &#8220;Belluno Donna&#8221; e l&#8217;Aism, ma il piano di riqualificazione prevede ulteriori miglioramenti. Al primo piano dell&#8217;edificio centrale verranno realizzati appartamenti dedicati alle persone con disabilit\u00e0, mentre al secondo piano saranno creati spazi condivisi per soggetti fragili, promuovendo il concetto di cohousing. L&#8217;importo complessivo dei due interventi \u00e8 di 570.000 euro, e una parte significativa di questi finanziamenti proviene da programmi statali come il Sisus e il Pnrr. Il sindaco Paolo Vendramini ha sottolineato l&#8217;importanza di questo progetto, in un momento in cui la crisi sanitaria in provincia di Belluno \u00e8 diventata una preoccupazione crescente. La mancanza di risorse e il taglio dei finanziamenti regionali hanno reso la situazione ancora pi\u00f9 difficile. Il sindaco ha dichiarato: &#8220;Provincia e Comuni sono stati lasciati soli dalla Regione e dal Governo ad affrontare la difficile situazione socio-assistenziale del territorio montano. Mai servizi e risposte potrebbero arrivare solo da un\u2019attenta politica regionale e nazionale&#8221;.<\/p>\n<p>&nbsp;<\/p>\n<p>&nbsp;<\/p>\n<hr \/>\n<p>&nbsp;<\/p>\n<blockquote>\n<h3>ATTRAVERSAMENTO NON RIUSCITO, OPERAZIONI RECUPERO FINO A TARDA NOTTE<\/h3>\n<\/blockquote>\n<p>&nbsp;<\/p>\n<p><strong><a class=\"dt-pswp-item\" href=\"https:\/\/www.radiopiu.net\/wordpress\/wp-content\/uploads\/2023\/09\/0c2bef6f-70f5-4267-937c-2afcba28d273.jpg\" data-dt-img-description=\"\" data-large_image_width=\"1599\" data-large_image_height=\"899\"><img loading=\"lazy\" decoding=\"async\" class=\"size-medium wp-image-351190 alignleft\" src=\"https:\/\/www.radiopiu.net\/wordpress\/wp-content\/uploads\/2023\/09\/0c2bef6f-70f5-4267-937c-2afcba28d273-300x169.jpg\" alt=\"\" width=\"300\" height=\"169\" srcset=\"https:\/\/www.radiopiu.net\/wordpress\/wp-content\/uploads\/2023\/09\/0c2bef6f-70f5-4267-937c-2afcba28d273-300x169.jpg 300w, https:\/\/www.radiopiu.net\/wordpress\/wp-content\/uploads\/2023\/09\/0c2bef6f-70f5-4267-937c-2afcba28d273-1024x576.jpg 1024w, https:\/\/www.radiopiu.net\/wordpress\/wp-content\/uploads\/2023\/09\/0c2bef6f-70f5-4267-937c-2afcba28d273-768x432.jpg 768w, https:\/\/www.radiopiu.net\/wordpress\/wp-content\/uploads\/2023\/09\/0c2bef6f-70f5-4267-937c-2afcba28d273-1536x864.jpg 1536w, https:\/\/www.radiopiu.net\/wordpress\/wp-content\/uploads\/2023\/09\/0c2bef6f-70f5-4267-937c-2afcba28d273.jpg 1599w\" sizes=\"auto, (max-width: 300px) 100vw, 300px\" \/><\/a>TAIBON<\/strong> Tecnici di Terna al lavoro a Listolade per il rifacimento dei tralicci in sinistra orografica del torrente. Oggi l&#8217;inghippo. Il camion di una ditta incaricata di alcuni lavori e che trasportava il materiale per i tralicci,\u00a0 ha provato ad attraversare il torrente Cordevole per arrivare dall&#8217;altra parte della sponda ma probabilmente \u00e8 stata calcolata male la profondit\u00e0 dell&#8217;acqua e il mezzo non \u00e8 riuscito a raggiungere la riva opposta.\u00a0 Ieri in tarda serata il camion \u00e8 stato spostato grazie all&#8217;intervento dei mezzi della Kaio Scavi.<\/p>\n<p><strong>foto e video FRANCESCO\u00a0 E GIANFRANCO TOME&#8217;<\/strong><\/p>\n\n\t\t\t<style type='text\/css'>\n\t\t\t\t#gallery-3 {\n\t\t\t\t\tmargin: auto;\n\t\t\t\t}\n\t\t\t\t#gallery-3 .gallery-item {\n\t\t\t\t\tfloat: left;\n\t\t\t\t\tmargin-top: 10px;\n\t\t\t\t\ttext-align: center;\n\t\t\t\t\twidth: 33%;\n\t\t\t\t}\n\t\t\t\t#gallery-3 img {\n\t\t\t\t\tborder: 2px solid #cfcfcf;\n\t\t\t\t}\n\t\t\t\t#gallery-3 .gallery-caption {\n\t\t\t\t\tmargin-left: 0;\n\t\t\t\t}\n\t\t\t\t\/* see gallery_shortcode() in wp-includes\/media.php *\/\n\t\t\t<\/style>\n\t\t<div id='gallery-3' class='dt-gallery-container gallery galleryid-351054 gallery-columns-3 gallery-size-thumbnail'><dl class='gallery-item'>\n\t\t\t\t<dt class='gallery-icon landscape'>\n\t\t\t\t\t<a class=\"rollover rollover-zoom dt-pswp-item\" title=\"1801615b-2801-4af3-b365-2b31d97281e2\" data-dt-img-description=\"\" data-large_image_width=\"2000\" data-large_image_height=\"1500\"href='https:\/\/www.radiopiu.net\/wordpress\/wp-content\/uploads\/2023\/09\/1801615b-2801-4af3-b365-2b31d97281e2.jpg'><img loading=\"lazy\" decoding=\"async\" width=\"150\" height=\"150\" src=\"https:\/\/www.radiopiu.net\/wordpress\/wp-content\/uploads\/2023\/09\/1801615b-2801-4af3-b365-2b31d97281e2-150x150.jpg\" class=\"attachment-thumbnail size-thumbnail\" alt=\"\" \/><\/a>\n\t\t\t\t<\/dt><\/dl><dl class='gallery-item'>\n\t\t\t\t<dt class='gallery-icon landscape'>\n\t\t\t\t\t<a class=\"rollover rollover-zoom dt-pswp-item\" title=\"698dfc12-bc9e-4df5-a911-f1e1254f07e1\" data-dt-img-description=\"\" data-large_image_width=\"1500\" data-large_image_height=\"1500\"href='https:\/\/www.radiopiu.net\/wordpress\/wp-content\/uploads\/2023\/09\/698dfc12-bc9e-4df5-a911-f1e1254f07e1.jpg'><img loading=\"lazy\" decoding=\"async\" width=\"150\" height=\"150\" src=\"https:\/\/www.radiopiu.net\/wordpress\/wp-content\/uploads\/2023\/09\/698dfc12-bc9e-4df5-a911-f1e1254f07e1-150x150.jpg\" class=\"attachment-thumbnail size-thumbnail\" alt=\"\" srcset=\"https:\/\/www.radiopiu.net\/wordpress\/wp-content\/uploads\/2023\/09\/698dfc12-bc9e-4df5-a911-f1e1254f07e1-150x150.jpg 150w, https:\/\/www.radiopiu.net\/wordpress\/wp-content\/uploads\/2023\/09\/698dfc12-bc9e-4df5-a911-f1e1254f07e1-300x300.jpg 300w, https:\/\/www.radiopiu.net\/wordpress\/wp-content\/uploads\/2023\/09\/698dfc12-bc9e-4df5-a911-f1e1254f07e1-1024x1024.jpg 1024w, https:\/\/www.radiopiu.net\/wordpress\/wp-content\/uploads\/2023\/09\/698dfc12-bc9e-4df5-a911-f1e1254f07e1-768x768.jpg 768w, https:\/\/www.radiopiu.net\/wordpress\/wp-content\/uploads\/2023\/09\/698dfc12-bc9e-4df5-a911-f1e1254f07e1.jpg 1500w\" sizes=\"auto, (max-width: 150px) 100vw, 150px\" \/><\/a>\n\t\t\t\t<\/dt><\/dl><dl class='gallery-item'>\n\t\t\t\t<dt class='gallery-icon landscape'>\n\t\t\t\t\t<a class=\"rollover rollover-zoom dt-pswp-item\" title=\"d4f6478b-6bf1-4367-b2b7-1618add0199c\" data-dt-img-description=\"\" data-large_image_width=\"2048\" data-large_image_height=\"2048\"href='https:\/\/www.radiopiu.net\/wordpress\/wp-content\/uploads\/2023\/09\/d4f6478b-6bf1-4367-b2b7-1618add0199c.jpg'><img loading=\"lazy\" decoding=\"async\" width=\"150\" height=\"150\" src=\"https:\/\/www.radiopiu.net\/wordpress\/wp-content\/uploads\/2023\/09\/d4f6478b-6bf1-4367-b2b7-1618add0199c-150x150.jpg\" class=\"attachment-thumbnail size-thumbnail\" alt=\"\" srcset=\"https:\/\/www.radiopiu.net\/wordpress\/wp-content\/uploads\/2023\/09\/d4f6478b-6bf1-4367-b2b7-1618add0199c-150x150.jpg 150w, https:\/\/www.radiopiu.net\/wordpress\/wp-content\/uploads\/2023\/09\/d4f6478b-6bf1-4367-b2b7-1618add0199c-300x300.jpg 300w, https:\/\/www.radiopiu.net\/wordpress\/wp-content\/uploads\/2023\/09\/d4f6478b-6bf1-4367-b2b7-1618add0199c-1024x1024.jpg 1024w, https:\/\/www.radiopiu.net\/wordpress\/wp-content\/uploads\/2023\/09\/d4f6478b-6bf1-4367-b2b7-1618add0199c-768x768.jpg 768w, https:\/\/www.radiopiu.net\/wordpress\/wp-content\/uploads\/2023\/09\/d4f6478b-6bf1-4367-b2b7-1618add0199c-1536x1536.jpg 1536w, https:\/\/www.radiopiu.net\/wordpress\/wp-content\/uploads\/2023\/09\/d4f6478b-6bf1-4367-b2b7-1618add0199c.jpg 2048w\" sizes=\"auto, (max-width: 150px) 100vw, 150px\" \/><\/a>\n\t\t\t\t<\/dt><\/dl><br style=\"clear: both\" \/>\n\t\t\t<\/div>\n\n<div style=\"width: 848px;\" class=\"wp-video\"><video class=\"wp-video-shortcode\" id=\"video-351054-1\" width=\"848\" height=\"480\" preload=\"metadata\" controls=\"controls\"><source type=\"video\/mp4\" src=\"https:\/\/www.radiopiu.net\/wordpress\/wp-content\/uploads\/2023\/09\/WhatsApp-Video-2023-09-04-at-19.24.51.mp4?_=1\" \/><a href=\"https:\/\/www.radiopiu.net\/wordpress\/wp-content\/uploads\/2023\/09\/WhatsApp-Video-2023-09-04-at-19.24.51.mp4\">https:\/\/www.radiopiu.net\/wordpress\/wp-content\/uploads\/2023\/09\/WhatsApp-Video-2023-09-04-at-19.24.51.mp4<\/a><\/video><\/div>\n<div style=\"width: 848px;\" class=\"wp-video\"><video class=\"wp-video-shortcode\" id=\"video-351054-2\" width=\"848\" height=\"480\" preload=\"metadata\" controls=\"controls\"><source type=\"video\/mp4\" src=\"https:\/\/www.radiopiu.net\/wordpress\/wp-content\/uploads\/2023\/09\/WhatsApp-Video-2023-09-04-at-22.12.21.mp4?_=2\" \/><a href=\"https:\/\/www.radiopiu.net\/wordpress\/wp-content\/uploads\/2023\/09\/WhatsApp-Video-2023-09-04-at-22.12.21.mp4\">https:\/\/www.radiopiu.net\/wordpress\/wp-content\/uploads\/2023\/09\/WhatsApp-Video-2023-09-04-at-22.12.21.mp4<\/a><\/video><\/div>\n<p>&nbsp;<\/p>\n<p>&nbsp;<\/p>\n<hr \/>\n<p>&nbsp;<\/p>\n<blockquote>\n<h3>MADE IN VALBELLUNA TORNA A BELLUNO. PRODOTTI TIPICI, DIMOSTRAZIONI E INCONTRI<\/h3>\n<\/blockquote>\n<p><strong><a class=\"dt-pswp-item\" href=\"https:\/\/www.radiopiu.net\/wordpress\/wp-content\/uploads\/2023\/09\/0135612f-3eb9-4dca-b528-1bc664df5665.jpg\" data-dt-img-description=\"\" data-large_image_width=\"1024\" data-large_image_height=\"768\"><img loading=\"lazy\" decoding=\"async\" class=\" wp-image-351157 alignleft\" src=\"https:\/\/www.radiopiu.net\/wordpress\/wp-content\/uploads\/2023\/09\/0135612f-3eb9-4dca-b528-1bc664df5665-300x225.jpg\" alt=\"\" width=\"183\" height=\"137\" srcset=\"https:\/\/www.radiopiu.net\/wordpress\/wp-content\/uploads\/2023\/09\/0135612f-3eb9-4dca-b528-1bc664df5665-300x225.jpg 300w, https:\/\/www.radiopiu.net\/wordpress\/wp-content\/uploads\/2023\/09\/0135612f-3eb9-4dca-b528-1bc664df5665-768x576.jpg 768w, https:\/\/www.radiopiu.net\/wordpress\/wp-content\/uploads\/2023\/09\/0135612f-3eb9-4dca-b528-1bc664df5665.jpg 1024w\" sizes=\"auto, (max-width: 183px) 100vw, 183px\" \/><\/a>BELLUNO<\/strong> La mostra mercato, ma anche tante occasioni di promozione del territorio bellunese: Made in Valbelluna Dolomiti torna nel capoluogo per weekend tra prodotti tipici, dimostrazioni e incontri<\/p>\n<p><strong>di Daniele Dalvit<\/strong><\/p>\n<audio class=\"wp-audio-shortcode\" id=\"audio-351054-3\" preload=\"none\" style=\"width: 100%;\" controls=\"controls\"><source type=\"audio\/mpeg\" src=\"https:\/\/www.radiopiu.net\/wordpress\/wp-content\/uploads\/2023\/09\/Radio-Piu-Servizio-Made-in-Valbelluna-2023.mp3?_=3\" \/><a href=\"https:\/\/www.radiopiu.net\/wordpress\/wp-content\/uploads\/2023\/09\/Radio-Piu-Servizio-Made-in-Valbelluna-2023.mp3\">https:\/\/www.radiopiu.net\/wordpress\/wp-content\/uploads\/2023\/09\/Radio-Piu-Servizio-Made-in-Valbelluna-2023.mp3<\/a><\/audio>\n<p>&nbsp;<\/p>\n<hr \/>\n<p>&nbsp;<\/p>\n<blockquote>\n<h3>UNA STORIA PER IMMAGINI<\/h3>\n<\/blockquote>\n<p><strong>VALLE DI CADORE <\/strong>E\u2019 stata allestita nella sala Polifunzionale di Valle di Cadore, a cura della Polisportiva Feltrese, la mostra fotografica dal Titolo \u201cl&#8217;utilizzo del\u00a0Piave\u00a0a scopo idroelettrico 1902 \u2013 1962\u201d\u00a0 Si tratta di un appuntamento culturale che rappresenta un&#8217;ideale continuazione di quello dedicato alla &#8220;Ferrovia delle Dolomiti&#8221;\u00a0 con l&#8217;indimenticabile trenino bianco e azzurro. La rassegna vuole proporre \u201cuna storia per immagini\u201d,\u00a0\u00a0circa 120 pannelli fotografici che raccontano la realizzazione degli impianti lungo l\u2019asta del\u00a0Piave, partendo dalla diga del Comelico per arrivare alle Centrali di Pontesei, al Pnte del Colomber alla diga del Vajont e alla Centrale del Colomber. La mostra sar\u00e0 visitabile tutti i giorni dalle ore 10.00 alle\u00a0 12.00 e dalle 15.00 alle 18.00 fino a domenica 10 settembre 2023.<\/p>\n<p>&nbsp;<\/p>\n<p>&nbsp;<\/p>\n<hr \/>\n<p>&nbsp;<\/p>\n<h2><span style=\"color: #ff6600;\">IERI ALLA RADIO\u00a0<\/span><\/h2>\n<p>&nbsp;<\/p>\n<blockquote>\n<h2>FESTA DELL&#8217;ORZO A SAN TOMASO UN SUCCESSO<\/h2>\n<\/blockquote>\n<p>&nbsp;<\/p>\n<blockquote><p><strong>L&#8217;INTERVISTA AL SINDACO MORENO DE VAL\u00a0<\/strong><\/p><\/blockquote>\n<audio class=\"wp-audio-shortcode\" id=\"audio-351054-4\" preload=\"none\" style=\"width: 100%;\" controls=\"controls\"><source type=\"audio\/mpeg\" src=\"https:\/\/www.radiopiu.net\/wordpress\/wp-content\/uploads\/2023\/09\/MORENO-DE-VAL.mp3?_=4\" \/><a href=\"https:\/\/www.radiopiu.net\/wordpress\/wp-content\/uploads\/2023\/09\/MORENO-DE-VAL.mp3\">https:\/\/www.radiopiu.net\/wordpress\/wp-content\/uploads\/2023\/09\/MORENO-DE-VAL.mp3<\/a><\/audio>\n<p>&nbsp;<\/p>\n<div style=\"width: 848px;\" class=\"wp-video\"><video class=\"wp-video-shortcode\" id=\"video-351054-3\" width=\"848\" height=\"480\" preload=\"metadata\" controls=\"controls\"><source type=\"video\/mp4\" src=\"https:\/\/www.radiopiu.net\/wordpress\/wp-content\/uploads\/2023\/09\/WhatsApp-Video-2023-09-04-at-00.37.40.mp4?_=3\" \/><a href=\"https:\/\/www.radiopiu.net\/wordpress\/wp-content\/uploads\/2023\/09\/WhatsApp-Video-2023-09-04-at-00.37.40.mp4\">https:\/\/www.radiopiu.net\/wordpress\/wp-content\/uploads\/2023\/09\/WhatsApp-Video-2023-09-04-at-00.37.40.mp4<\/a><\/video><\/div>\n<p>&nbsp;<\/p>\n<p>&nbsp;<\/p>\n<p>&nbsp;<\/p>\n<hr \/>\n<h2><span style=\"color: #008000;\">\u00a0<\/span><\/h2>\n<h2><span style=\"color: #008000;\">PERITI MINERARI DALL\u2019AGORDINO AL MONDO<\/span><\/h2>\n<p><strong>REDAZIONE<\/strong> Continua la serie di racconti con i periti minerari agordini. Questa settimana \u00e8 il turno della storia di Paola Baldissera e Ivan Groppa. I racconti dei periti minerari agordini che hanno lavorato nel mondo, ogni luned\u00ec alle 10:30 e alle 19 su Radio Pi\u00f9.<\/p>\n<p><iframe loading=\"lazy\" title=\"PAOLA BALDISSERA\" width=\"1200\" height=\"675\" src=\"https:\/\/www.youtube.com\/embed\/gESNFX5KIrc?feature=oembed\" frameborder=\"0\" allow=\"accelerometer; autoplay; clipboard-write; encrypted-media; gyroscope; picture-in-picture; web-share\" allowfullscreen><\/iframe><\/p>\n<p>&nbsp;<\/p>\n<p><iframe loading=\"lazy\" title=\"IVAN GROPPA\" width=\"1200\" height=\"675\" src=\"https:\/\/www.youtube.com\/embed\/Ug1yKcELlFU?feature=oembed\" frameborder=\"0\" allow=\"accelerometer; autoplay; clipboard-write; encrypted-media; gyroscope; picture-in-picture; web-share\" allowfullscreen><\/iframe><\/p>\n<p>&nbsp;<\/p>\n<p><strong>LA RACCOLTA COMPLETA<\/strong><\/p>\n<blockquote class=\"wp-embedded-content\" data-secret=\"YogcxA7ydh\"><p><a href=\"https:\/\/www.radiopiu.net\/wordpress\/periti-minerari-dallagordino-al-mondo\/\">Periti minerari dall&#8217;agordino al mondo<\/a><\/p><\/blockquote>\n<p><iframe loading=\"lazy\" class=\"wp-embedded-content\" sandbox=\"allow-scripts\" security=\"restricted\" style=\"position: absolute; clip: rect(1px, 1px, 1px, 1px);\" title=\"&#8220;Periti minerari dall&#8217;agordino al mondo&#8221; &#8212; Radio Pi\u00f9\" src=\"https:\/\/www.radiopiu.net\/wordpress\/periti-minerari-dallagordino-al-mondo\/embed\/#?secret=vESRodHT3j#?secret=YogcxA7ydh\" data-secret=\"YogcxA7ydh\" width=\"600\" height=\"338\" frameborder=\"0\" marginwidth=\"0\" marginheight=\"0\" scrolling=\"no\"><\/iframe><\/p>\n<p>&nbsp;<\/p>\n<p>&nbsp;<\/p>\n<hr \/>\n<p>&nbsp;<\/p>\n<h2><span style=\"color: #ff0000;\">GLI APPUNTAMENTI DELLA SETTIMANA\u00a0<\/span><\/h2>\n<blockquote>\n<h3>LA RACCOLTA DI POESIE DI ANTONIETTA CREPAZ<\/h3>\n<\/blockquote>\n<p><strong>SELVA DI CADORE<\/strong> Gioved\u00ec alle 17:30 al Museo Vittorino Cazzetta di Selva di Cadore verr\u00e0 presentata la raccolta di poesie di Antonietta Crepaz dal titolo &#8220;Refolo D&#8217;Aria&#8221;<\/p>\n<p>&nbsp;<\/p>\n<blockquote>\n<h3>LA CULTURA DELL&#8217;INFORMAZIONE IN SALA DON TAMIS<\/h3>\n<\/blockquote>\n<p><strong>AGORDO<\/strong> Venerd\u00ec alle 18 in Sala Don Tamis una serata in occasione della giornata mondiale dei tumori ginecologici dal titolo &#8220;La cultura dell&#8217;informazione&#8221;. Interverranno Laura Favretti, primario di Ginecologia di Feltre, e Maurizio Nicodemo, primario di Oncologia di Feltre. In chiusura, la testimonianza di Serena Zatta Mua, in qualit\u00e0 di paziente con esperienza, per sottolineare quella che \u00e8 la spina dorsale di ACTO, l&#8217;alleanza tra medici e pazienti.<\/p>\n<p>&nbsp;<\/p>\n<p>&nbsp;<\/p>\n<blockquote>\n<h3>9 SETTEMBRE, AD AGORDO SPORT IN PIAZZA<\/h3>\n<\/blockquote>\n<p>&nbsp;<\/p>\n<p><strong><a class=\"dt-pswp-item\" href=\"https:\/\/www.radiopiu.net\/wordpress\/wp-content\/uploads\/2023\/08\/Senza-nome-70.png\" data-dt-img-description=\"\" data-large_image_width=\"563\" data-large_image_height=\"163\"><img loading=\"lazy\" decoding=\"async\" class=\"size-medium wp-image-350002 alignleft\" src=\"https:\/\/www.radiopiu.net\/wordpress\/wp-content\/uploads\/2023\/08\/Senza-nome-70-300x87.png\" alt=\"\" width=\"300\" height=\"87\" srcset=\"https:\/\/www.radiopiu.net\/wordpress\/wp-content\/uploads\/2023\/08\/Senza-nome-70-300x87.png 300w, https:\/\/www.radiopiu.net\/wordpress\/wp-content\/uploads\/2023\/08\/Senza-nome-70-350x100.png 350w, https:\/\/www.radiopiu.net\/wordpress\/wp-content\/uploads\/2023\/08\/Senza-nome-70.png 563w\" sizes=\"auto, (max-width: 300px) 100vw, 300px\" \/><\/a>AGORDO <\/strong>Sabato 9 settembre 2023 le organizzazioni sportive e di volontariato dell\u2019Agordino organizzeranno ad Agordo la XVI\u00b0 edizione della manifestazione \u201cSport in piazza nell\u2019Agordino\u201d . Durante tutta la giornata , dalle 9.30 alle 12.30 e dalle 14.00 alle 18.00 proporranno a bambini e ragazzi\u00a0 le loro attivit\u00e0 sul grande prato del Broi di Agordo e nelle strade e spazi limitrofi, chiusi al traffico in collaborazione con l\u2019Amministrazione comunale e la polizia locale di Agordo. I giovani partecipanti potranno raccogliere in una apposita scheda i timbri di \u201cavvenuta attivit\u00e0\u201d rilasciati da ciascuno stand: a chi raccoglier\u00e0 un congruo numero di timbri, \u00a0al termine\u00a0 del percorso sar\u00e0 regalata la maglietta ricordo della manifestazione.<\/p>\n<p>Sotto l\u2019egida del Comitato provinciale AICS di Belluno , hanno gi\u00e0 dato la loro adesione 14 associazioni sportive, oltre ad alcune\u00a0 associazioni di volontariato: bambini e ragazzi potranno sperimentare in prima persona dalla pesca sportiva alla danza, dallo sci alla pallavolo, dall\u2019atletica al pattinaggio on line, dall\u2019Hockey alla ginnastica ritmica, e ancora judo, karate, scherma antica, nuoto e \u00a0tennis . Le associazioni di volontariato coinvolgeranno i giovani in giochi che avranno a tema l\u2019attivit\u00e0 e gli scopi della loro associazione. Obiettivo della manifestazione \u00e8\u00a0 far vivere concretamente ai ragazzini esperienze\u00a0 sportive o di volontariato , per stimolarli ad impegnarsi nella pratica attiva durante la loro vita. La manifestazione gode del patrocinio del CONI regionale Veneto,\u00a0 del Comune di Agordo e dell\u2019Unione Montana Agordina. Fondamentale l\u2019aiuto di tante piccole realt\u00e0 commerciali locali, cui va il ringraziamento degli organizzatori.<\/p>\n<p>&nbsp;<\/p>\n<blockquote>\n<h3>DOMENICA 10 SETTEMBRE LA FORZA DELLA VITA A PASSO CAMPOLONGO<\/h3>\n<\/blockquote>\n<p>Appuntamento a Passo Campolongo domenica 10 settembre per la giornata dal titolo &#8220;La Forza Della Vita&#8221;. Ritrovo alle 10:30 davanti all&#8217;Hotel Laguscei, passeggiata fino all&#8217;altipiano di Cherz, pratica di pilates e mindfullness e pranzo al sacco. L&#8217;intero ricavato sar\u00e0 devoluto per aiutare i bambini dell&#8217;orfanotrofio &#8220;God Our Father&#8221; a Timboni in Kenya. Quota di partecipazione 25 euro<\/p>\n<p>&nbsp;<\/p>\n<h2><span style=\"color: #ff0000;\">PROSSIMAMENTE&#8230;\u00a0<\/span><\/h2>\n<blockquote>\n<h3>ESPERIENZA CULINARIA AL RIFUGIO AVERAU<\/h3>\n<\/blockquote>\n<p><strong>CORTINA<\/strong> Marted\u00ec 12 settembre, evento straordinario al Rifugio Averau. Gli chef di casa, Matteo e Stefano, della trattoria alla Cima di Valdobbiadene uniscono genio e bravura per un&#8217;esperienza unica &#8220;dalla laguna alle dolomiti&#8221;. Un percorso enogastronomico dal mare ai fiumi, dalle colline ai boschi del veneziano, trevigiano e bellunese fino alle cime di Cortina. Sar\u00e0 predisposto su prenotazione un servizio di trasporto in jeep dal rifugio Cinque Torri, raggiungibile in macchina dalla strada del passo Falzarego Per info e prenotazioni: 0436 4660<br \/>\nDALLA LAGUNA ALLE DOLOMITI, 12 SETTEMBRE AL RIFUGIO AVERAU<\/p>\n<p>&nbsp;<\/p>\n<blockquote>\n<h3>I COLLEZIONISTI SI INCONTRANO AD ANDRAZ<\/h3>\n<\/blockquote>\n<p><strong>LIVINALLONGO<\/strong> Sabato 16 settembre dalle 15 alle 18 i collezionisti sul tema della Grande Guerra si riuniranno ad Andraz per visionare e scambiarsi i materiali raccolti<\/p>\n<p>&nbsp;<\/p>\n<blockquote>\n<h3>LA SAGRA DI FREGONA A CANALE D&#8217;AGORDO<\/h3>\n<\/blockquote>\n<p><strong>CANALE D&#8217;AGORDO <\/strong>16 e 17 settembre sono le date da segnare sul calendario. A Canale D&#8217;Agordo torna la Sagra di Fregona, due giorni di festa nella frazione canalina. Sabato apertura tendone alle 17, cucina alle 18 e alla sera musica con Tirock Band. Domenica alle 10:30 la santa messa, alle 11 apertura tendone e alle 12 la cucina con piatti tipici. Nel pomeriggio balli e giochi, musica fino a sera con Mirko e I Rosegot e alle 19:30 la processione per le vie del paese.<\/p>\n<p>&nbsp;<\/p>\n<blockquote>\n<h3><a class=\"dt-pswp-item\" href=\"https:\/\/www.radiopiu.net\/wordpress\/wp-content\/uploads\/2023\/09\/361257451_978118426965486_2972736837517949404_n.jpg\" data-dt-img-description=\"\" data-large_image_width=\"526\" data-large_image_height=\"274\"><img loading=\"lazy\" decoding=\"async\" class=\"size-medium wp-image-351229 alignleft\" src=\"https:\/\/www.radiopiu.net\/wordpress\/wp-content\/uploads\/2023\/09\/361257451_978118426965486_2972736837517949404_n-300x156.jpg\" alt=\"\" width=\"300\" height=\"156\" srcset=\"https:\/\/www.radiopiu.net\/wordpress\/wp-content\/uploads\/2023\/09\/361257451_978118426965486_2972736837517949404_n-300x156.jpg 300w, https:\/\/www.radiopiu.net\/wordpress\/wp-content\/uploads\/2023\/09\/361257451_978118426965486_2972736837517949404_n.jpg 526w\" sizes=\"auto, (max-width: 300px) 100vw, 300px\" \/><\/a>LA DESMONTEGADA DI SELVA DI CADORE<\/h3>\n<\/blockquote>\n<p>A Selva di Cadore in localit\u00e0 I Piegn di Santa Fosca, Festa della Desmontegada, undicesima edizione sabato 9 e domenica 10 settembre Sabato dalle 10 apertura tendone e pranzo con men\u00f9 a tema \u201cEvolution\u201d. Dalle 13 voli turistici in elicottero, alle 15 conferenza sotto al tendone con Michele Nenz sulle prospettive delle malghe bellunesi. A seguire dolce merenda e aperitivo happy hour. Alle 18:30 apertura stand gastronomico e la sera musica con Guglielmo e le Bronze Squerte Domenica apertura tendone alle 10, alle 11:30 la sfilata dei capi di bestiame di ritorno dalle malghe. Dalle 12 apertura stand gastronomico e musica con Conturines Echo e alle 14:30 l\u2019esibizione della Banda Musicale di San Martino in Badia. In entrambe le giornate il mercatino dei prodotti tipici. Festa della Desmontegada, sabato 9 e domenica 10 settembre a Selva di Cadore<\/p>\n<p><strong>LO SPOT ALLA RADIO<\/strong><\/p>\n<audio class=\"wp-audio-shortcode\" id=\"audio-351054-5\" preload=\"none\" style=\"width: 100%;\" controls=\"controls\"><source type=\"audio\/mpeg\" src=\"https:\/\/www.radiopiu.net\/wordpress\/wp-content\/uploads\/2023\/09\/desmontegada-selva-c.mp3?_=5\" \/><a href=\"https:\/\/www.radiopiu.net\/wordpress\/wp-content\/uploads\/2023\/09\/desmontegada-selva-c.mp3\">https:\/\/www.radiopiu.net\/wordpress\/wp-content\/uploads\/2023\/09\/desmontegada-selva-c.mp3<\/a><\/audio>\n<p>&nbsp;<\/p>\n<hr \/>\n<p>&nbsp;<\/p>\n<h2><span style=\"color: #33cccc;\">I RACCONTI DI PAOLO SOPPELSA<\/span><\/h2>\n<p><strong>FINE AGOSTO<\/strong><\/p>\n<p><strong>AUDIO<\/strong><\/p>\n<audio class=\"wp-audio-shortcode\" id=\"audio-351054-6\" preload=\"none\" style=\"width: 100%;\" controls=\"controls\"><source type=\"audio\/mpeg\" src=\"https:\/\/www.radiopiu.net\/wordpress\/wp-content\/uploads\/2023\/09\/PAOLO-SOPPELSA-FINE-AGOSTO.mp3?_=6\" \/><a href=\"https:\/\/www.radiopiu.net\/wordpress\/wp-content\/uploads\/2023\/09\/PAOLO-SOPPELSA-FINE-AGOSTO.mp3\">https:\/\/www.radiopiu.net\/wordpress\/wp-content\/uploads\/2023\/09\/PAOLO-SOPPELSA-FINE-AGOSTO.mp3<\/a><\/audio>\n<p>&nbsp;<\/p>\n<p><a class=\"dt-pswp-item\" href=\"https:\/\/www.radiopiu.net\/wordpress\/wp-content\/uploads\/2023\/09\/bdcf0ec6-4d55-42a1-b2a0-a140faf71e09.jpg\" data-dt-img-description=\"\" data-large_image_width=\"1600\" data-large_image_height=\"1200\"><img loading=\"lazy\" decoding=\"async\" class=\" wp-image-351004 alignleft\" src=\"https:\/\/www.radiopiu.net\/wordpress\/wp-content\/uploads\/2023\/09\/bdcf0ec6-4d55-42a1-b2a0-a140faf71e09-300x225.jpg\" alt=\"\" width=\"167\" height=\"125\" srcset=\"https:\/\/www.radiopiu.net\/wordpress\/wp-content\/uploads\/2023\/09\/bdcf0ec6-4d55-42a1-b2a0-a140faf71e09-300x225.jpg 300w, https:\/\/www.radiopiu.net\/wordpress\/wp-content\/uploads\/2023\/09\/bdcf0ec6-4d55-42a1-b2a0-a140faf71e09-1024x768.jpg 1024w, https:\/\/www.radiopiu.net\/wordpress\/wp-content\/uploads\/2023\/09\/bdcf0ec6-4d55-42a1-b2a0-a140faf71e09-768x576.jpg 768w, https:\/\/www.radiopiu.net\/wordpress\/wp-content\/uploads\/2023\/09\/bdcf0ec6-4d55-42a1-b2a0-a140faf71e09-1536x1152.jpg 1536w, https:\/\/www.radiopiu.net\/wordpress\/wp-content\/uploads\/2023\/09\/bdcf0ec6-4d55-42a1-b2a0-a140faf71e09.jpg 1600w\" sizes=\"auto, (max-width: 167px) 100vw, 167px\" \/><\/a>Era un&#8217;ultima domenica di agosto con le nuvole che al pomeriggio coprivano le cime. Dolci malinconie viaggiavano nell&#8217;aria, portate da un vento che sapeva di autunno precoce. Tutto era cambiato, ed era bastata una notte appena. Il sabato precedente era stata giornata calda e concitata, un tempo di traffico intenso e vociare di gente al mercato di Cencenighe; sembrava ancora piena estate, ma in realt\u00e0 era un tempo effimero, un ultimo sussulto di un agosto ormai stanco. Poi durante la notte le nuvole erano arrivate in valle a coprire il quarto di luna crescente e l&#8217;alba si era presentata uggiosa e pesante. Dopo pranzo un giro lass\u00f9 ai 1276 metri della frazione che guarda la parete nord del Civetta. C&#8217;erano auto parcheggiate in ogni dove e cantare d&#8217;acqua di ruscello diventato torrente nel luogo dove dimoravano i miei avi pi\u00f9 ignoti, quelli che per ragioni di et\u00e0 e distanza non hanno incrociato la mia vita. Per me, loro sono nomi, donne e uomini che hanno vissuto la dura vita di montagna; alcuni sono i protagonisti di qualche storia che si perde nel tempo, altri sono visi immortalati sulle foto collocate su qualche severa lapide ormai consunta. Camminavo vivendo quel tempo incerto e lattiginoso e ascoltando di tanto in tanto il vociare della gente. Nel frattempo le montagne si erano nascoste dietro ad una coltre grigia di nuvole di quasi autunno e anche il cielo sembrava rassegnato al medesimo destino; di l\u00ec a poco non avrebbe pi\u00f9 potuto mostrare il suo azzurro a quegli sguardi che, in quei momenti, stavano consumando il proprio personale addio ai monti. C&#8217;era fermento nell&#8217;aria, ma era un insieme malinconico di gesti stanchi e di occhi che cercavano per un&#8217;ultima volta le cime nascoste. Una giovane coppia osservava il cielo che si faceva di minuto in minuto sempre pi\u00f9 severo, e nel frattempo le finestre della loro casa si chiudevano una dopo l&#8217;altra. Lui scrutava i dintorni di quella dimora rinnovata in riva al ruscello che si era fatto torrente, cercando forse di imprimersi ancora una volta nella propria memoria i dettagli e i suoni di quel luogo appartato. Lei, pi\u00f9 pragmatica, sbarrava le imposte ed il suo sguardo appariva mesto, intristito dal dover lasciare quella casa e quella montagna. Nell&#8217;aria c&#8217;era sentore di tutto finito negli attimi in cui le nuvole erano calate sulle cime. Nuovi silenzi e una pioviggine leggera, lacrime dal cielo e malinconia negli sguardi delle persone che lasciavano la valle. Al tempo di quella pioggia sottile anche gli ultimi, quelli che avevano voluto vivere fino in fondo quel loro tempo di montagna, erano pronti a partire. Camminavo lentamente nei viottoli di quella frazione che ammira il Civetta, sentivo il chiudersi triste degli scuri delle seconde case, vedevo mariti riempire i bauli delle auto mentre le mogli raccattavano valigie e bambini. Erano giri di chiave e saluti e tuoni che crepitavano fra le cime del Sasso Bianco e del Piz Zorlet e poi auto che puntavano verso sud cariche di bagagli e ricordi. Tornavano a riempirsi le citt\u00e0 e a svuotarsi le valli, iniziava a sfumare l&#8217;estate e a bussare l&#8217;autunno; e alle venti, nell&#8217;ombra ormai marcata della sera, la campana avrebbe suonato l&#8217;Ave Maria per chi sarebbe rimasto a vivere la propria vita lass\u00f9, dov&#8217;era iniziato quel tempo tranquillo d&#8217;agosto morente.<\/p>\n<p>&nbsp;<\/p>\n<hr \/>\n<p>&nbsp;<\/p>\n<blockquote>\n<h2>IL LUNEDI ALLE NOVE&#8230; OGGI COME IERI di e con SILVIA BALDO<\/h2>\n<\/blockquote>\n<p><img decoding=\"async\" class=\"aligncenter\" src=\"https:\/\/www.radiopiu.net\/wordpress\/wp-content\/uploads\/2023\/09\/309000774_10222572118595513_7956305457803922499_n.jpg\" \/><\/p>\n<p><strong>PRIMA PUNTATA, 4 SETTEMBRE 2023<\/strong><\/p>\n<audio class=\"wp-audio-shortcode\" id=\"audio-351054-7\" preload=\"none\" style=\"width: 100%;\" controls=\"controls\"><source type=\"audio\/mpeg\" src=\"https:\/\/www.radiopiu.net\/wordpress\/wp-content\/uploads\/2023\/09\/SIBI.mp3?_=7\" \/><a href=\"https:\/\/www.radiopiu.net\/wordpress\/wp-content\/uploads\/2023\/09\/SIBI.mp3\">https:\/\/www.radiopiu.net\/wordpress\/wp-content\/uploads\/2023\/09\/SIBI.mp3<\/a><\/audio>\n<p>&nbsp;<\/p>\n<p>&nbsp;<\/p>\n<p>&nbsp;<\/p>\n<hr \/>\n<p>&nbsp;<\/p>\n<div class=\"message spoilers-container\" dir=\"auto\">\n<div class=\"column\">\n<div class=\"message spoilers-container\" dir=\"auto\">\n<div class=\"column\">\n<p><img loading=\"lazy\" decoding=\"async\" class=\"aligncenter wp-image-61954 size-full\" src=\"https:\/\/www.radiopiu.net\/wordpress\/wp-content\/uploads\/2018\/09\/viabilita.jpeg\" sizes=\"auto, (max-width: 800px) 100vw, 800px\" srcset=\"https:\/\/www.radiopiu.net\/wordpress\/wp-content\/uploads\/2018\/09\/viabilita.jpeg 800w, https:\/\/www.radiopiu.net\/wordpress\/wp-content\/uploads\/2018\/09\/viabilita-300x38.jpeg 300w, https:\/\/www.radiopiu.net\/wordpress\/wp-content\/uploads\/2018\/09\/viabilita-768x96.jpeg 768w\" alt=\"\" width=\"800\" height=\"100\" \/><\/p>\n<\/div>\n<\/div>\n<div class=\"message spoilers-container\" dir=\"auto\">\n<div class=\"column\">\n<p>&nbsp;<\/p>\n<\/div>\n<\/div>\n<\/div>\n<\/div>\n<blockquote class=\"wp-embedded-content\" data-secret=\"JPvD8hFhzo\"><p><a href=\"https:\/\/www.radiopiu.net\/wordpress\/viabilita\/\">viabilita<\/a><\/p><\/blockquote>\n<p><iframe loading=\"lazy\" class=\"wp-embedded-content\" sandbox=\"allow-scripts\" security=\"restricted\" style=\"position: absolute; clip: rect(1px, 1px, 1px, 1px);\" title=\"&#8220;viabilita&#8221; &#8212; Radio Pi\u00f9\" src=\"https:\/\/www.radiopiu.net\/wordpress\/viabilita\/embed\/#?secret=puy0O2itGl#?secret=JPvD8hFhzo\" data-secret=\"JPvD8hFhzo\" width=\"600\" height=\"338\" frameborder=\"0\" marginwidth=\"0\" marginheight=\"0\" scrolling=\"no\"><\/iframe><\/p>\n<div class=\"message spoilers-container\" dir=\"auto\">\n<div class=\"column\">\n<div class=\"message spoilers-container\" dir=\"auto\">\n<div class=\"column\">\n<div>\n<div dir=\"ltr\">\n<div class=\"gmail_quote\">\n<div dir=\"ltr\">\n<div><\/div>\n<div><\/div>\n<div><\/div>\n<\/div>\n<\/div>\n<\/div>\n<\/div>\n<hr \/>\n<p>&nbsp;<\/p>\n<p><a class=\"dt-pswp-item\" href=\"https:\/\/www.radiopiu.net\/wordpress\/wp-content\/uploads\/2018\/09\/WhatsApp-Image-2018-09-20-at-16.04.06.jpeg\" data-dt-img-description=\"\" data-large_image_width=\"800\" data-large_image_height=\"100\"><img loading=\"lazy\" decoding=\"async\" class=\"wp-image-61378 size-full aligncenter\" src=\"https:\/\/www.radiopiu.net\/wordpress\/wp-content\/uploads\/2018\/09\/WhatsApp-Image-2018-09-20-at-16.04.06.jpeg\" alt=\"\" width=\"800\" height=\"100\" srcset=\"https:\/\/www.radiopiu.net\/wordpress\/wp-content\/uploads\/2018\/09\/WhatsApp-Image-2018-09-20-at-16.04.06.jpeg 800w, https:\/\/www.radiopiu.net\/wordpress\/wp-content\/uploads\/2018\/09\/WhatsApp-Image-2018-09-20-at-16.04.06-300x38.jpeg 300w, https:\/\/www.radiopiu.net\/wordpress\/wp-content\/uploads\/2018\/09\/WhatsApp-Image-2018-09-20-at-16.04.06-768x96.jpeg 768w\" sizes=\"auto, (max-width: 800px) 100vw, 800px\" \/><\/a><\/p>\n<\/div>\n<\/div>\n<p>&nbsp;<\/p>\n<\/div>\n<\/div>\n<p><center><\/center><b>OGGI: <\/b>Tempo ben soleggiato sulle Dolomiti con cielo generalmente sereno salvo modesti cumuli durante le ore pi\u00f9 calde. Sulla fascia prealpina e parte della pedemontana nubi basse notturne e mattutine, in granduale diradamento nel corso della mattinata fino a cielo quasi del tutto sereno al pomeriggio. L&#8217;avvezione di aria molto mite si far\u00e0 sentire in alta quota, mentre infiltrazioni di aria pi\u00f9 fresca interesser\u00e0 gli strati pi\u00f9 bassi fino sui 1000-1500 m. <b>Precipitazioni: <\/b>Assenti <b>Temperature: <\/b>Minime in calo, specie nelle valli; massime in aumento in alta quota, stazionarie tra gli 800 e 1500 m e in leggera flessione negli strati atmosferi pi\u00f9 bassi.<\/p>\n<p>&nbsp;<\/p>\n<hr \/>\n<p><center><\/center><b>DOMANI : <\/b>Stupenda giornata settembrina con sole e cielo terso. Aria limpida ed ottima visibilit\u00e0 in montagna, mentre si potr\u00e0 osservare qualche lieve foschia mattutina in alcuni fondovalle prealpini, prima che la visibilit\u00e0 migliori. Forte escursione giornaliera nelle valli con notti un po&#8217; fresche e giornate calde; in quota anomala mitezza, anche di notte.<br \/>\n<b>Precipitazioni: <\/b>Assenti\u00a0 <b>Temperature: <\/b>In generale aumento, salvo calo delle minime in alcune valli, dove l&#8217;inversione termica notturna aumenter\u00e0.<\/p>\n<p>&nbsp;<\/p>\n<hr \/>\n<p><center><\/center><strong>GIOVEDI<\/strong> Stupenda giornata settembrina con sole e cielo terso. Aria limpida ed ottima visibilit\u00e0 in montagna, mentre lievi foschie notturne e mattutine saranno presenti in alcuni fondovalle prealpini. Temperature senza notevoli variazioni o in lieve aumento per quanto riguarda le minime, su valori sempre ben superiori alla media del periodo.t.<\/p>\n<hr \/>\n<p><center><\/center><strong>VENERDI<\/strong> Stupenda giornata settembrina con sole e cielo terso. Aria limpida ed ottima visibilit\u00e0 in montagna, eventuali lievi foschie notturne e mattutine in alcuni fondovalle prealpini. Temperature senza variazioni di rilievo rispetto a gioved\u00ec, con caldo diurno nelle valli e persistenza della mitezza in alta quota.<\/p>\n<p>&nbsp;<\/p>\n<div class=\"message spoilers-container\" dir=\"auto\">\n<hr \/>\n<p>&nbsp;<\/p>\n<p><img loading=\"lazy\" decoding=\"async\" class=\"wp-image-60761 size-full aligncenter\" src=\"https:\/\/www.radiopiu.net\/wordpress\/wp-content\/uploads\/2018\/09\/sport.jpg\" alt=\"\" width=\"800\" height=\"100\" srcset=\"https:\/\/www.radiopiu.net\/wordpress\/wp-content\/uploads\/2018\/09\/sport.jpg 800w, https:\/\/www.radiopiu.net\/wordpress\/wp-content\/uploads\/2018\/09\/sport-300x38.jpg 300w, https:\/\/www.radiopiu.net\/wordpress\/wp-content\/uploads\/2018\/09\/sport-768x96.jpg 768w\" sizes=\"auto, (max-width: 800px) 100vw, 800px\" \/><\/p>\n<p>&nbsp;<\/p>\n<\/div>\n\n\t\t\t<style type='text\/css'>\n\t\t\t\t#gallery-4 {\n\t\t\t\t\tmargin: auto;\n\t\t\t\t}\n\t\t\t\t#gallery-4 .gallery-item {\n\t\t\t\t\tfloat: left;\n\t\t\t\t\tmargin-top: 10px;\n\t\t\t\t\ttext-align: center;\n\t\t\t\t\twidth: 50%;\n\t\t\t\t}\n\t\t\t\t#gallery-4 img {\n\t\t\t\t\tborder: 2px solid #cfcfcf;\n\t\t\t\t}\n\t\t\t\t#gallery-4 .gallery-caption {\n\t\t\t\t\tmargin-left: 0;\n\t\t\t\t}\n\t\t\t\t\/* see gallery_shortcode() in wp-includes\/media.php *\/\n\t\t\t<\/style>\n\t\t<div id='gallery-4' class='dt-gallery-container gallery galleryid-351054 gallery-columns-2 gallery-size-thumbnail'><dl class='gallery-item'>\n\t\t\t\t<dt class='gallery-icon portrait'>\n\t\t\t\t\t<a class=\"rollover rollover-zoom dt-pswp-item\" title=\"Locandina Trofeo 16 Comuni dell&#039;Agordino\" data-dt-img-description=\"\" data-large_image_width=\"828\" data-large_image_height=\"1151\"href='https:\/\/www.radiopiu.net\/wordpress\/wp-content\/uploads\/2023\/08\/Locandina-Trofeo-16-Comuni-dellAgordino.jpg'><img loading=\"lazy\" decoding=\"async\" width=\"150\" height=\"150\" src=\"https:\/\/www.radiopiu.net\/wordpress\/wp-content\/uploads\/2023\/08\/Locandina-Trofeo-16-Comuni-dellAgordino-150x150.jpg\" class=\"attachment-thumbnail size-thumbnail\" alt=\"\" aria-describedby=\"gallery-4-349182\" \/><\/a>\n\t\t\t\t<\/dt>\n\t\t\t\t\t<dd class='wp-caption-text gallery-caption' id='gallery-4-349182'>\n\t\t\t\t\tTROFEO 16 COMUNI\n\t\t\t\t\t<\/dd><\/dl><dl class='gallery-item'>\n\t\t\t\t<dt class='gallery-icon portrait'>\n\t\t\t\t\t<a class=\"rollover rollover-zoom dt-pswp-item\" title=\"397b3e08-c14a-4e52-9d10-587f809e4503\" data-dt-img-description=\"\" data-large_image_width=\"724\" data-large_image_height=\"1024\"href='https:\/\/www.radiopiu.net\/wordpress\/wp-content\/uploads\/2023\/09\/397b3e08-c14a-4e52-9d10-587f809e4503.jpg'><img loading=\"lazy\" decoding=\"async\" width=\"150\" height=\"150\" src=\"https:\/\/www.radiopiu.net\/wordpress\/wp-content\/uploads\/2023\/09\/397b3e08-c14a-4e52-9d10-587f809e4503-150x150.jpg\" class=\"attachment-thumbnail size-thumbnail\" alt=\"\" aria-describedby=\"gallery-4-350887\" \/><\/a>\n\t\t\t\t<\/dt>\n\t\t\t\t\t<dd class='wp-caption-text gallery-caption' id='gallery-4-350887'>\n\t\t\t\t\tL&#8217;AMICHEVOLE DELL&#8217;ALLEGHE CON IL GARDENA\n\t\t\t\t\t<\/dd><\/dl><br style=\"clear: both\" \/>\n\t\t\t<\/div>\n\n<p>&nbsp;<\/p>\n<p><span style=\"color: #0000ff;\"><strong>HOCKEY SU GHIACCIO<\/strong><\/span><\/p>\n<blockquote>\n<h3>INIZIATA LA CAMPAGNA ABBONAMENTI DELL&#8217;ALLEGHE HOCKEY<\/h3>\n<\/blockquote>\n<p><strong><a class=\"dt-pswp-item\" href=\"https:\/\/www.radiopiu.net\/wordpress\/wp-content\/uploads\/2023\/09\/6fab571a-ebf6-4a98-84f3-c696865acb93.jpg\" data-dt-img-description=\"\" data-large_image_width=\"1024\" data-large_image_height=\"679\"><img loading=\"lazy\" decoding=\"async\" class=\" wp-image-351125 alignleft\" src=\"https:\/\/www.radiopiu.net\/wordpress\/wp-content\/uploads\/2023\/09\/6fab571a-ebf6-4a98-84f3-c696865acb93-300x199.jpg\" alt=\"\" width=\"176\" height=\"117\" srcset=\"https:\/\/www.radiopiu.net\/wordpress\/wp-content\/uploads\/2023\/09\/6fab571a-ebf6-4a98-84f3-c696865acb93-300x199.jpg 300w, https:\/\/www.radiopiu.net\/wordpress\/wp-content\/uploads\/2023\/09\/6fab571a-ebf6-4a98-84f3-c696865acb93-768x509.jpg 768w, https:\/\/www.radiopiu.net\/wordpress\/wp-content\/uploads\/2023\/09\/6fab571a-ebf6-4a98-84f3-c696865acb93.jpg 1024w\" sizes=\"auto, (max-width: 176px) 100vw, 176px\" \/><\/a>ALLEGHE<\/strong> Sta per iniziare la stagione, e per celebrare\u00a0 il 90\u00b0 anniversario l&#8217;Alleghe Hockey si presenta con una squadra di alto livello, competitiva e ben strutturata.\u00a0 Al via la campagna abbonamenti per la stagione 2023\/2024. Questi i contatti. Mail: segreteria@alleghehockey.com oppure 388 1866668 dal luned\u00ec al gioved\u00ec 8:00-13:00 e venerd\u00ec 14:00-19:00. Il prezzo \u00e8 bloccato a 90 euro per 10 partite di Regular Season + 1 partita degli ottavi di Coppa Italia con diritto allo sconto del 20% sui biglietti degli incontri di Master\/Qualification Round.<\/p>\n<p>&nbsp;<\/p>\n<div style=\"width: 848px;\" class=\"wp-video\"><video class=\"wp-video-shortcode\" id=\"video-351054-4\" width=\"848\" height=\"480\" preload=\"metadata\" controls=\"controls\"><source type=\"video\/mp4\" src=\"https:\/\/www.radiopiu.net\/wordpress\/wp-content\/uploads\/2023\/09\/WhatsApp-Video-2023-09-04-at-15.48.01.mp4?_=4\" \/><a href=\"https:\/\/www.radiopiu.net\/wordpress\/wp-content\/uploads\/2023\/09\/WhatsApp-Video-2023-09-04-at-15.48.01.mp4\">https:\/\/www.radiopiu.net\/wordpress\/wp-content\/uploads\/2023\/09\/WhatsApp-Video-2023-09-04-at-15.48.01.mp4<\/a><\/video><\/div>\n<p>&nbsp;<\/p>\n<a href=\"https:\/\/www.radiopiu.net\/wordpress\/wp-content\/uploads\/2023\/09\/NEVERGIVEUP.pdf\" class=\"pdfemb-viewer\" style=\"\" data-width=\"max\" data-height=\"max\" data-toolbar=\"top\" data-toolbar-fixed=\"on\">#NEVERGIVEUP<\/a>\n<p>&nbsp;<\/p>\n<p>&nbsp;<\/p>\n","protected":false},"excerpt":{"rendered":"<p>40esimo di RADIOPIU\u2026. LA VOCE DELL\u2019EMOZIONE ISCRIVITI AL NOSTRO CANALE\u00a0\u00a0YOUTUBE PER SEGUIRE IN DIRETTA I PRINCIPALI PROGRAMMI DI RADIO PIU\u2019 E LE FUTURE DIRETTE IN ESTERNA. PER ISCRIVERTI\u00a0CLICCA QUI\u00a0E PREMI\u00a0 \u201cIscriviti\u201d &nbsp; &nbsp; IL TROFEO DEI 16 COMUNI E&#8217; ARRIVATO A CANALE D&#8217;AGORDO! DOMENICA IL RITORNO DELLA COMPETIZIONE CHE UNISCE UNA VALLATA.\u00a0 DURANTE LA\u00a0 &#8220;VA&hellip;<\/p>\n","protected":false},"author":4,"featured_media":351226,"comment_status":"closed","ping_status":"closed","sticky":false,"template":"","format":"standard","meta":{"_monsterinsights_skip_tracking":false,"_monsterinsights_sitenote_active":false,"_monsterinsights_sitenote_note":"","_monsterinsights_sitenote_category":0,"footnotes":""},"categories":[51,86,49],"tags":[],"class_list":["post-351054","post","type-post","status-publish","format-standard","has-post-thumbnail","hentry","category-evidenza-top","category-gr","category-news-18","category-51","category-86","category-49","description-off"],"img_url":"https:\/\/www.radiopiu.net\/wordpress\/wp-content\/uploads\/2023\/09\/th-4.jpg","_links":{"self":[{"href":"https:\/\/www.radiopiu.net\/wordpress\/wp-json\/wp\/v2\/posts\/351054","targetHints":{"allow":["GET"]}}],"collection":[{"href":"https:\/\/www.radiopiu.net\/wordpress\/wp-json\/wp\/v2\/posts"}],"about":[{"href":"https:\/\/www.radiopiu.net\/wordpress\/wp-json\/wp\/v2\/types\/post"}],"author":[{"embeddable":true,"href":"https:\/\/www.radiopiu.net\/wordpress\/wp-json\/wp\/v2\/users\/4"}],"replies":[{"embeddable":true,"href":"https:\/\/www.radiopiu.net\/wordpress\/wp-json\/wp\/v2\/comments?post=351054"}],"version-history":[{"count":0,"href":"https:\/\/www.radiopiu.net\/wordpress\/wp-json\/wp\/v2\/posts\/351054\/revisions"}],"wp:featuredmedia":[{"embeddable":true,"href":"https:\/\/www.radiopiu.net\/wordpress\/wp-json\/wp\/v2\/media\/351226"}],"wp:attachment":[{"href":"https:\/\/www.radiopiu.net\/wordpress\/wp-json\/wp\/v2\/media?parent=351054"}],"wp:term":[{"taxonomy":"category","embeddable":true,"href":"https:\/\/www.radiopiu.net\/wordpress\/wp-json\/wp\/v2\/categories?post=351054"},{"taxonomy":"post_tag","embeddable":true,"href":"https:\/\/www.radiopiu.net\/wordpress\/wp-json\/wp\/v2\/tags?post=351054"}],"curies":[{"name":"wp","href":"https:\/\/api.w.org\/{rel}","templated":true}]}}