{"id":351108,"date":"2023-09-04T11:43:01","date_gmt":"2023-09-04T09:43:01","guid":{"rendered":"https:\/\/www.radiopiu.net\/wordpress\/?p=351108"},"modified":"2023-09-04T11:43:01","modified_gmt":"2023-09-04T09:43:01","slug":"safilo-stefano-zanon-di-femca-veneto-esorta-allunita-per-il-bene-dei-lavoratori","status":"publish","type":"post","link":"https:\/\/www.radiopiu.net\/wordpress\/safilo-stefano-zanon-di-femca-veneto-esorta-allunita-per-il-bene-dei-lavoratori\/","title":{"rendered":"Safilo: Stefano Zanon di Femca Veneto esorta all&#8217;unit\u00e0 per il bene dei lavoratori"},"content":{"rendered":"<p><strong><img loading=\"lazy\" decoding=\"async\" class=\"alignleft\" src=\"https:\/\/www.radiopiu.net\/wordpress\/wp-content\/uploads\/2023\/01\/SAFILO.png\" width=\"198\" height=\"127\" \/>LONGARONE<\/strong> Stefano Zanon, segretario generale della Femca del Veneto, ha dichiarato che \u00e8 fondamentale superare le divisioni sindacali che hanno caratterizzato gli ultimi sviluppi della complessa vertenza Safilo, nell&#8217;interesse dei lavoratori coinvolti. L&#8217;ipotesi di accordo tra Femca Cisl, Uiltec Uil, societ\u00e0 subentranti e la Regione Veneto per la cessione dello stabilimento Safilo di Longarone a Th\u00e8lios e Innovatek \u00e8 stata approvata con una larga maggioranza dei lavoratori. Zanon ha sottolineato l&#8217;importanza di consultare i lavoratori prima di siglare l&#8217;accordo, affermando che in una vertenza cos\u00ec delicata, \u00e8 essenziale fornire un quadro completo delle opzioni possibili e dare ai lavoratori il diritto di scegliere. Ha enfatizzato il valore della partecipazione dei lavoratori come un passo democratico importante. Riguardo ai risultati del voto, Zanon ha affermato che non \u00e8 interessato alle diverse interpretazioni dei numeri, ma ha riportato che su 357 presenti, 318 hanno votato, con l&#8217;83% dei votanti favorevoli all&#8217;accordo. Tuttavia, ha sottolineato che non c&#8217;\u00e8 motivo di festeggiare, poich\u00e9 la situazione derivava dalla decisione dell&#8217;azienda di abbandonare il territorio. Zanon ha <a class=\"dt-pswp-item\" href=\"https:\/\/www.radiopiu.net\/wordpress\/wp-content\/uploads\/2023\/09\/th-1.jpg\" data-dt-img-description=\"\" data-large_image_width=\"270\" data-large_image_height=\"180\"><img loading=\"lazy\" decoding=\"async\" class=\"size-full wp-image-351109 alignright\" src=\"https:\/\/www.radiopiu.net\/wordpress\/wp-content\/uploads\/2023\/09\/th-1.jpg\" alt=\"\" width=\"270\" height=\"180\" \/><\/a>riconosciuto che Innovatek presenta criticit\u00e0 nel realizzare il suo piano industriale, ma ha spiegato che Th\u00e8lios era interessata solo a un ramo d&#8217;azienda specifico. Pertanto, l&#8217;accordo \u00e8 stato strutturato per garantire tutele durante i primi due anni di transizione, con monitoraggio da parte della Regione. Il leader della Femca regionale ha concluso esprimendo la speranza che le divisioni sindacali possano essere superate per lavorare insieme al fine di salvaguardare i lavoratori e le lavoratrici. La firma dell&#8217;accordo-quadro \u00e8 prevista per il prossimo incontro in Regione.<\/p>\n<div class=\"flex-1 overflow-hidden\">\n<div class=\"react-scroll-to-bottom--css-uqiyw-79elbk h-full dark:bg-gray-800\">\n<div class=\"react-scroll-to-bottom--css-uqiyw-1n7m0yu\">\n<div class=\"flex flex-col text-sm dark:bg-gray-800\">\n<div class=\"group w-full text-token-text-primary border-b border-black\/10 dark:border-gray-900\/50 bg-gray-50 dark:bg-[#444654]\" data-testid=\"conversation-turn-3\">\n<div class=\"p-4 justify-center text-base md:gap-6 md:py-6 m-auto\">\n<div class=\"flex flex-1 gap-4 text-base mx-auto md:gap-6 md:max-w-2xl lg:max-w-[38rem] xl:max-w-3xl }\">\n<div class=\"relative flex w-[calc(100%-50px)] flex-col gap-1 md:gap-3 lg:w-[calc(100%-115px)]\">\n<div class=\"flex justify-between lg:block\">\n<div class=\"text-gray-400 flex self-end lg:self-center justify-center mt-2 gap-2 md:gap-3 lg:gap-1 lg:absolute lg:top-0 lg:translate-x-full lg:right-0 lg:mt-0 lg:pl-2 visible\"><\/div>\n<\/div>\n<\/div>\n<\/div>\n<\/div>\n<\/div>\n<\/div>\n<\/div>\n<\/div>\n<\/div>\n<div class=\"absolute bottom-0 left-0 w-full border-t md:border-t-0 dark:border-white\/20 md:border-transparent md:dark:border-transparent md:bg-vert-light-gradient bg-white dark:bg-gray-800 md:!bg-transparent dark:md:bg-vert-dark-gradient pt-2 md:pl-2 md:w-[calc(100%-.5rem)]\">\n<form class=\"stretch mx-2 flex flex-row gap-3 last:mb-2 md:mx-4 md:last:mb-6 lg:mx-auto lg:max-w-2xl xl:max-w-3xl\">\n<div class=\"relative flex h-full flex-1 items-stretch md:flex-col\">\n<blockquote>\n<div class=\"flex w-full items-center\"><em>\u201cSoprattutto non siamo indifferenti alle preoccupazioni di quanti si sentono meno garantiti. Proprio per questo ci siamo adoperati per costruire un accordo-quadro che contenga tutte le tutele necessarie per traghettare intanto i primi due anni di transizione, durante i quali avremo modo di vigilare sul rispetto degli accordi presi, anche grazie all\u2019impegno di monitoraggio che noi abbiamo chiesto alla Regione e la stessa ci ha assicurato&#8221;.\u00a0<\/em><\/div>\n<\/blockquote>\n<\/div>\n<div><\/div>\n<div><\/div>\n<div><\/div>\n<div><\/div>\n<div>\n<hr \/>\n<\/div>\n<div class=\"relative flex h-full flex-1 items-stretch md:flex-col\">\n<div><\/div>\n<div><\/div>\n<\/div>\n<\/form>\n<\/div>\n","protected":false},"excerpt":{"rendered":"<p>LONGARONE Stefano Zanon, segretario generale della Femca del Veneto, ha dichiarato che \u00e8 fondamentale superare le divisioni sindacali che hanno caratterizzato gli ultimi sviluppi della complessa vertenza Safilo, nell&#8217;interesse dei lavoratori coinvolti. L&#8217;ipotesi di accordo tra Femca Cisl, Uiltec Uil, societ\u00e0 subentranti e la Regione Veneto per la cessione dello stabilimento Safilo di Longarone a&hellip;<\/p>\n","protected":false},"author":4,"featured_media":318963,"comment_status":"closed","ping_status":"closed","sticky":false,"template":"","format":"standard","meta":{"_monsterinsights_skip_tracking":false,"_monsterinsights_sitenote_active":false,"_monsterinsights_sitenote_note":"","_monsterinsights_sitenote_category":0,"footnotes":""},"categories":[49],"tags":[],"class_list":["post-351108","post","type-post","status-publish","format-standard","has-post-thumbnail","hentry","category-news-18","category-49","description-off"],"img_url":"https:\/\/www.radiopiu.net\/wordpress\/wp-content\/uploads\/2023\/01\/SAFILO.png","_links":{"self":[{"href":"https:\/\/www.radiopiu.net\/wordpress\/wp-json\/wp\/v2\/posts\/351108","targetHints":{"allow":["GET"]}}],"collection":[{"href":"https:\/\/www.radiopiu.net\/wordpress\/wp-json\/wp\/v2\/posts"}],"about":[{"href":"https:\/\/www.radiopiu.net\/wordpress\/wp-json\/wp\/v2\/types\/post"}],"author":[{"embeddable":true,"href":"https:\/\/www.radiopiu.net\/wordpress\/wp-json\/wp\/v2\/users\/4"}],"replies":[{"embeddable":true,"href":"https:\/\/www.radiopiu.net\/wordpress\/wp-json\/wp\/v2\/comments?post=351108"}],"version-history":[{"count":0,"href":"https:\/\/www.radiopiu.net\/wordpress\/wp-json\/wp\/v2\/posts\/351108\/revisions"}],"wp:featuredmedia":[{"embeddable":true,"href":"https:\/\/www.radiopiu.net\/wordpress\/wp-json\/wp\/v2\/media\/318963"}],"wp:attachment":[{"href":"https:\/\/www.radiopiu.net\/wordpress\/wp-json\/wp\/v2\/media?parent=351108"}],"wp:term":[{"taxonomy":"category","embeddable":true,"href":"https:\/\/www.radiopiu.net\/wordpress\/wp-json\/wp\/v2\/categories?post=351108"},{"taxonomy":"post_tag","embeddable":true,"href":"https:\/\/www.radiopiu.net\/wordpress\/wp-json\/wp\/v2\/tags?post=351108"}],"curies":[{"name":"wp","href":"https:\/\/api.w.org\/{rel}","templated":true}]}}