{"id":351198,"date":"2023-09-06T05:31:23","date_gmt":"2023-09-06T03:31:23","guid":{"rendered":"https:\/\/www.radiopiu.net\/wordpress\/?p=351198"},"modified":"2023-09-06T05:46:53","modified_gmt":"2023-09-06T03:46:53","slug":"giornale-radiopiu-06-settembre-2023-direttore-mirko-mezzacasada-40-anni-25-giugno-1983-25-giugno-2023","status":"publish","type":"post","link":"https:\/\/www.radiopiu.net\/wordpress\/giornale-radiopiu-06-settembre-2023-direttore-mirko-mezzacasada-40-anni-25-giugno-1983-25-giugno-2023\/","title":{"rendered":"GIORNALE RADIOPIU 06 SETTEMBRE 2023 DIRETTORE MIRKO MEZZACASA\u2026DA 40 ANNI 25 GIUGNO 1983-25 GIUGNO 2023"},"content":{"rendered":"<h2 style=\"text-align: left;\"><span style=\"color: #ff0000;\"><span style=\"vertical-align: inherit;\"><a class=\"dt-pswp-item\" href=\"https:\/\/www.radiopiu.net\/wordpress\/wp-content\/uploads\/2023\/04\/e0aad41d-951e-47b9-9fae-1a879a9bcb7e-1.jpg\" data-dt-img-description=\"\" data-large_image_width=\"1200\" data-large_image_height=\"1200\"><img loading=\"lazy\" decoding=\"async\" class=\"wp-image-333205 alignleft\" src=\"https:\/\/www.radiopiu.net\/wordpress\/wp-content\/uploads\/2023\/04\/e0aad41d-951e-47b9-9fae-1a879a9bcb7e-1-300x300.jpg\" alt=\"\" width=\"110\" height=\"110\" srcset=\"https:\/\/www.radiopiu.net\/wordpress\/wp-content\/uploads\/2023\/04\/e0aad41d-951e-47b9-9fae-1a879a9bcb7e-1-300x300.jpg 300w, https:\/\/www.radiopiu.net\/wordpress\/wp-content\/uploads\/2023\/04\/e0aad41d-951e-47b9-9fae-1a879a9bcb7e-1-1024x1024.jpg 1024w, https:\/\/www.radiopiu.net\/wordpress\/wp-content\/uploads\/2023\/04\/e0aad41d-951e-47b9-9fae-1a879a9bcb7e-1-150x150.jpg 150w, https:\/\/www.radiopiu.net\/wordpress\/wp-content\/uploads\/2023\/04\/e0aad41d-951e-47b9-9fae-1a879a9bcb7e-1-768x768.jpg 768w, https:\/\/www.radiopiu.net\/wordpress\/wp-content\/uploads\/2023\/04\/e0aad41d-951e-47b9-9fae-1a879a9bcb7e-1.jpg 1200w\" sizes=\"auto, (max-width: 110px) 100vw, 110px\" \/><\/a><\/span><\/span><\/h2>\n<h1 class=\"entry-title\">40esimo di RADIOPIU\u2026. LA VOCE DELL\u2019EMOZIONE<\/h1>\n<h2><span style=\"color: #ff0000;\">ISCRIVITI AL NOSTRO CANALE\u00a0\u00a0YOUTUBE PER SEGUIRE IN DIRETTA I PRINCIPALI PROGRAMMI DI RADIO PIU\u2019 E LE FUTURE DIRETTE IN ESTERNA. PER ISCRIVERTI\u00a0<a style=\"color: #ff0000;\" href=\"https:\/\/youtube.com\/@radiopiu1527\">CLICCA QUI\u00a0<\/a>E PREMI\u00a0 \u201cIscriviti\u201d<\/span><\/h2>\n<p>&nbsp;<\/p>\n<p><a class=\"dt-pswp-item\" href=\"https:\/\/www.radiopiu.net\/wordpress\/wp-content\/uploads\/2023\/08\/sersa-ok-1.jpg\" data-dt-img-description=\"\" data-large_image_width=\"300\" data-large_image_height=\"300\"><img loading=\"lazy\" decoding=\"async\" class=\"size-full wp-image-349822 aligncenter\" src=\"https:\/\/www.radiopiu.net\/wordpress\/wp-content\/uploads\/2023\/08\/sersa-ok-1.jpg\" alt=\"\" width=\"300\" height=\"300\" srcset=\"https:\/\/www.radiopiu.net\/wordpress\/wp-content\/uploads\/2023\/08\/sersa-ok-1.jpg 300w, https:\/\/www.radiopiu.net\/wordpress\/wp-content\/uploads\/2023\/08\/sersa-ok-1-150x150.jpg 150w\" sizes=\"auto, (max-width: 300px) 100vw, 300px\" \/><\/a><\/p>\n<p>&nbsp;<\/p>\n<p><strong>LA FOTO DEL GIORNO, TAIBON DALL&#8217;AGNER&#8230; grazie a Carlo Zanon\u00a0<\/strong><\/p>\n\n\t\t\t<style type='text\/css'>\n\t\t\t\t#gallery-1 {\n\t\t\t\t\tmargin: auto;\n\t\t\t\t}\n\t\t\t\t#gallery-1 .gallery-item {\n\t\t\t\t\tfloat: left;\n\t\t\t\t\tmargin-top: 10px;\n\t\t\t\t\ttext-align: center;\n\t\t\t\t\twidth: 100%;\n\t\t\t\t}\n\t\t\t\t#gallery-1 img {\n\t\t\t\t\tborder: 2px solid #cfcfcf;\n\t\t\t\t}\n\t\t\t\t#gallery-1 .gallery-caption {\n\t\t\t\t\tmargin-left: 0;\n\t\t\t\t}\n\t\t\t\t\/* see gallery_shortcode() in wp-includes\/media.php *\/\n\t\t\t<\/style>\n\t\t<div id='gallery-1' class='dt-gallery-container gallery galleryid-351198 gallery-columns-1 gallery-size-medium'><dl class='gallery-item'>\n\t\t\t\t<dt class='gallery-icon landscape'>\n\t\t\t\t\t<a class=\"rollover rollover-zoom dt-pswp-item\" title=\"24abeb19-a9ae-4254-abc8-b99174383984\" data-dt-img-description=\"\" data-large_image_width=\"1600\" data-large_image_height=\"720\"href='https:\/\/www.radiopiu.net\/wordpress\/wp-content\/uploads\/2023\/09\/24abeb19-a9ae-4254-abc8-b99174383984-1.jpg'><img loading=\"lazy\" decoding=\"async\" width=\"300\" height=\"135\" src=\"https:\/\/www.radiopiu.net\/wordpress\/wp-content\/uploads\/2023\/09\/24abeb19-a9ae-4254-abc8-b99174383984-1-300x135.jpg\" class=\"attachment-medium size-medium\" alt=\"\" srcset=\"https:\/\/www.radiopiu.net\/wordpress\/wp-content\/uploads\/2023\/09\/24abeb19-a9ae-4254-abc8-b99174383984-1-300x135.jpg 300w, https:\/\/www.radiopiu.net\/wordpress\/wp-content\/uploads\/2023\/09\/24abeb19-a9ae-4254-abc8-b99174383984-1-1024x461.jpg 1024w, https:\/\/www.radiopiu.net\/wordpress\/wp-content\/uploads\/2023\/09\/24abeb19-a9ae-4254-abc8-b99174383984-1-768x346.jpg 768w, https:\/\/www.radiopiu.net\/wordpress\/wp-content\/uploads\/2023\/09\/24abeb19-a9ae-4254-abc8-b99174383984-1-1536x691.jpg 1536w, https:\/\/www.radiopiu.net\/wordpress\/wp-content\/uploads\/2023\/09\/24abeb19-a9ae-4254-abc8-b99174383984-1.jpg 1600w\" sizes=\"auto, (max-width: 300px) 100vw, 300px\" \/><\/a>\n\t\t\t\t<\/dt><\/dl><br style=\"clear: both\" \/>\n\t\t\t<\/div>\n\n<p>&nbsp;<\/p>\n<hr \/>\n<p>&nbsp;<\/p>\n<blockquote>\n<h3>ACQUA NON POTABILE A COLLE SANTA LUCIA<\/h3>\n<\/blockquote>\n<p>Gestione Servizi Pubblici informa che a COLLE SANTA LUCIA in localit\u00e0 RUCAVA&#8217;,\u00a0COLCUC, FEDARE,POSALZ, CANAZEI, TIE\u2019, BELVEDERE e ROVEI l&#8217;acqua erogata dall&#8217;acquedotto non \u00e8 potabile e non pu\u00f2 essere usata per scopi alimentari. Verr\u00e0 effettuato servizio sostitutivo con cisterna in centro a Rucav\u00e0 per gli abitanti della frazione. GSP ha, comunque, gi\u00e0 adottato le necessarie misure per la disinfezione dell&#8217;acqua presente nei serbatoi e nella rete idrica con l&#8217;aggiunta di cloro.<\/p>\n<p>&nbsp;<\/p>\n<p>&nbsp;<\/p>\n<hr \/>\n<p>&nbsp;<\/p>\n<blockquote>\n<h3>DOMANI ALLE 14.30 L&#8217;ULTIMO SALUTO A &#8220;MAMO&#8221;<\/h3>\n<\/blockquote>\n<p><strong>LIVINALLONGO <\/strong>Ogni giorno alle 20 nella chiesa di Pieve di Livinallongo saranno celebrati i Santi Rosari per Massimo Crepaz. Lo annunciano con immenso dolore la moglie Pierina, le amate figlie Simona con Alois e il piccolo Romeo, Marzia con Andrea, La mamma Genoveffa, la sorella Lorena e il fratello Martino con famiglie, cognate, cognati nipoti e parenti tutti. Graie di cuore a coloro che hanno prestato soccorso e a tutti coloro che stanno vicini alla famiglia in questo momento di grande dolore<\/p>\n<div class=\"articlePlainText\">La comunit\u00e0\u00a0 potr\u00e0 salutare il suo concittadino domani, alle 14.30, nella chiesa di Pieve, dove sar\u00e0 celebrato il funerale. Alle 14 sar\u00e0 recitato un rosario. La salma oggi torner\u00e0 nella casa di Massimo Crepaz, a Brenta, dove in serata sar\u00e0 celebrato un rosario per i familiari. La comunit\u00e0 potr\u00e0 ritrovarsi invece ancora in chiesa, sempre alle 20.<\/div>\n<div class=\"articlePlainText\">\u00abPregate per Massimo, per i suoi familiari in questo momento di lutto\u00bb, ha detto il parroco ieri sera, di fronte a una folla silenziosa<\/div>\n\n\t\t\t<style type='text\/css'>\n\t\t\t\t#gallery-2 {\n\t\t\t\t\tmargin: auto;\n\t\t\t\t}\n\t\t\t\t#gallery-2 .gallery-item {\n\t\t\t\t\tfloat: left;\n\t\t\t\t\tmargin-top: 10px;\n\t\t\t\t\ttext-align: center;\n\t\t\t\t\twidth: 100%;\n\t\t\t\t}\n\t\t\t\t#gallery-2 img {\n\t\t\t\t\tborder: 2px solid #cfcfcf;\n\t\t\t\t}\n\t\t\t\t#gallery-2 .gallery-caption {\n\t\t\t\t\tmargin-left: 0;\n\t\t\t\t}\n\t\t\t\t\/* see gallery_shortcode() in wp-includes\/media.php *\/\n\t\t\t<\/style>\n\t\t<div id='gallery-2' class='dt-gallery-container gallery galleryid-351198 gallery-columns-1 gallery-size-medium'><dl class='gallery-item'>\n\t\t\t\t<dt class='gallery-icon portrait'>\n\t\t\t\t\t<a class=\"rollover rollover-zoom dt-pswp-item\" title=\"db0aa78d-8374-4548-b1f6-5c83aa581d51\" data-dt-img-description=\"\" data-large_image_width=\"1450\" data-large_image_height=\"2048\"href='https:\/\/www.radiopiu.net\/wordpress\/wp-content\/uploads\/2023\/09\/db0aa78d-8374-4548-b1f6-5c83aa581d51.jpg'><img loading=\"lazy\" decoding=\"async\" width=\"212\" height=\"300\" src=\"https:\/\/www.radiopiu.net\/wordpress\/wp-content\/uploads\/2023\/09\/db0aa78d-8374-4548-b1f6-5c83aa581d51-212x300.jpg\" class=\"attachment-medium size-medium\" alt=\"\" srcset=\"https:\/\/www.radiopiu.net\/wordpress\/wp-content\/uploads\/2023\/09\/db0aa78d-8374-4548-b1f6-5c83aa581d51-212x300.jpg 212w, https:\/\/www.radiopiu.net\/wordpress\/wp-content\/uploads\/2023\/09\/db0aa78d-8374-4548-b1f6-5c83aa581d51-725x1024.jpg 725w, https:\/\/www.radiopiu.net\/wordpress\/wp-content\/uploads\/2023\/09\/db0aa78d-8374-4548-b1f6-5c83aa581d51-768x1085.jpg 768w, https:\/\/www.radiopiu.net\/wordpress\/wp-content\/uploads\/2023\/09\/db0aa78d-8374-4548-b1f6-5c83aa581d51-1088x1536.jpg 1088w, https:\/\/www.radiopiu.net\/wordpress\/wp-content\/uploads\/2023\/09\/db0aa78d-8374-4548-b1f6-5c83aa581d51.jpg 1450w\" sizes=\"auto, (max-width: 212px) 100vw, 212px\" \/><\/a>\n\t\t\t\t<\/dt><\/dl><br style=\"clear: both\" \/>\n\t\t\t<\/div>\n\n<p>&nbsp;<\/p>\n<p>&nbsp;<\/p>\n<div class=\"articlePlainText\">\n<hr \/>\n<\/div>\n<div><\/div>\n<div>\n<div class=\"articlePlainText\">\n<div>\n<div class=\"\" dir=\"auto\">\n<div id=\":rad:\" class=\"x1iorvi4 x1pi30zi x1l90r2v x1swvt13\" data-ad-comet-preview=\"message\" data-ad-preview=\"message\">\n<div class=\"x78zum5 xdt5ytf xz62fqu x16ldp7u\">\n<div class=\"xu06os2 x1ok221b\">\n<div class=\"xdj266r x11i5rnm xat24cr x1mh8g0r x1vvkbs x126k92a\">\n<div dir=\"auto\"><\/div>\n<\/div>\n<\/div>\n<\/div>\n<\/div>\n<\/div>\n<\/div>\n<\/div>\n<div>\n<div>\n<div class=\"x1cy8zhl x78zum5 x1q0g3np xod5an3 x1pi30zi x1swvt13 xz9dl7a\">\n<div class=\"x1iyjqo2\">\n<div class=\"x78zum5 xdt5ytf xz62fqu x16ldp7u\">\n<div class=\"xu06os2 x1ok221b\">\n<h3 id=\":rkn:\" class=\"x1heor9g x1qlqyl8 x1pd3egz x1a2a7pz x1gslohp x1yc453h\"><span class=\"xt0psk2\"><a class=\"x1i10hfl xjbqb8w x6umtig x1b1mbwd xaqea5y xav7gou x9f619 x1ypdohk xt0psk2 xe8uvvx xdj266r x11i5rnm xat24cr x1mh8g0r xexx8yu x4uap5 x18d9i69 xkhd6sd x16tdsg8 x1hl2dhg xggy1nq x1a2a7pz xt0b8zv xzsf02u x1s688f\" tabindex=\"0\" role=\"link\" href=\"https:\/\/www.facebook.com\/profile.php?id=100009842882054&amp;__cft__[0]=AZWDQrofHTEH3O1pxZEswNXIJX2OJLPYaSEcOSqbjU6SgaGo_YkzR7XzN0kLl19ivz6LqpF1qlkwBVei2vKRpMvCMSg4TYUtSEZuJLin1F3d5BjboaeVfB-x8rrbTSpnguLRMxyVHLaqEHE_ElHd07o2eCOvuGsa6lncMTYx5YpHoA&amp;__tn__=-UC%2CP-R\"><strong>Maurizio Moroni<\/strong><\/a><\/span><\/h3>\n<\/div>\n<div class=\"xu06os2 x1ok221b\"><strong>ONCE WERE WARRIORS Pasqua 2000 con Massimo Crepaz, Gianni Cesari, Roberto De Angeli<\/strong><\/div>\n<\/div>\n<\/div>\n<\/div>\n<\/div>\n<p><a class=\"dt-pswp-item\" href=\"https:\/\/www.radiopiu.net\/wordpress\/wp-content\/uploads\/2023\/09\/93280427_1186336275037791_8862077760122650624_n.jpg\" data-dt-img-description=\"\" data-large_image_width=\"599\" data-large_image_height=\"395\"><img loading=\"lazy\" decoding=\"async\" class=\"size-medium wp-image-351378 aligncenter\" src=\"https:\/\/www.radiopiu.net\/wordpress\/wp-content\/uploads\/2023\/09\/93280427_1186336275037791_8862077760122650624_n-300x198.jpg\" alt=\"\" width=\"300\" height=\"198\" srcset=\"https:\/\/www.radiopiu.net\/wordpress\/wp-content\/uploads\/2023\/09\/93280427_1186336275037791_8862077760122650624_n-300x198.jpg 300w, https:\/\/www.radiopiu.net\/wordpress\/wp-content\/uploads\/2023\/09\/93280427_1186336275037791_8862077760122650624_n.jpg 599w\" sizes=\"auto, (max-width: 300px) 100vw, 300px\" \/><\/a><\/p>\n<\/div>\n<\/div>\n<div><\/div>\n<div><\/div>\n<div>\n<hr \/>\n<\/div>\n<div class=\"articlePlainText\">\n<div>\n<div class=\"x1cy8zhl x78zum5 x1q0g3np xod5an3 x1pi30zi x1swvt13 xz9dl7a\">\n<div class=\"x1iyjqo2\">\n<div class=\"x78zum5 xdt5ytf xz62fqu x16ldp7u\">\n<div class=\"xu06os2 x1ok221b\">\n<h3 class=\"x1heor9g x1qlqyl8 x1pd3egz x1a2a7pz x1gslohp x1yc453h\"><span class=\"xt0psk2\"><a class=\"x1i10hfl xjbqb8w x6umtig x1b1mbwd xaqea5y xav7gou x9f619 x1ypdohk xt0psk2 xe8uvvx xdj266r x11i5rnm xat24cr x1mh8g0r xexx8yu x4uap5 x18d9i69 xkhd6sd x16tdsg8 x1hl2dhg xggy1nq x1a2a7pz xt0b8zv xzsf02u x1s688f\" tabindex=\"0\" role=\"link\" href=\"https:\/\/www.facebook.com\/eugubini.nelmondo?__cft__[0]=AZWVBJX25VZCiFoSW7c73VuRMXbdRzk2KoE5pY1Wk0QxyMejK7BpMOep-rjyR3V7fzcxOe0535CUx2pEbOWdwjlucQjFtEqQQ2Fx0EB54x4UwMyO7qOPLyVdJPD6rTFK4IYqwN1pIq4nEeO5Cd0_O62-_S4ILhA6nZsrqhZYvj3hyVvP4qFpFrFph6OxOjrlZuw&amp;__tn__=-UC%2CP-R\"><strong>Eugubini Nel Mondo<\/strong><\/a><\/span><span class=\"xzsf02u xo1l8bm\"><span class=\"xzpqnlu xjm9jq1 x6ikm8r x10wlt62 x10l6tqk x1i1rx1s\">\u00a0<\/span> <\/span><\/h3>\n<\/div>\n<\/div>\n<\/div>\n<\/div>\n<\/div>\n<div>\n<div class=\"\" dir=\"auto\">\n<div id=\":rad:\" class=\"x1iorvi4 x1pi30zi x1l90r2v x1swvt13\" data-ad-comet-preview=\"message\" data-ad-preview=\"message\">\n<div class=\"x78zum5 xdt5ytf xz62fqu x16ldp7u\">\n<div class=\"xu06os2 x1ok221b\">\n<div class=\"xdj266r x11i5rnm xat24cr x1mh8g0r x1vvkbs x126k92a\">\n<div dir=\"auto\"><a class=\"dt-pswp-item\" href=\"https:\/\/www.radiopiu.net\/wordpress\/wp-content\/uploads\/2023\/09\/374830327_617892717195381_5273338351810435043_n.jpg\" data-dt-img-description=\"\" data-large_image_width=\"642\" data-large_image_height=\"538\"><img loading=\"lazy\" decoding=\"async\" class=\"size-medium wp-image-351376 alignleft\" src=\"https:\/\/www.radiopiu.net\/wordpress\/wp-content\/uploads\/2023\/09\/374830327_617892717195381_5273338351810435043_n-300x251.jpg\" alt=\"\" width=\"300\" height=\"251\" srcset=\"https:\/\/www.radiopiu.net\/wordpress\/wp-content\/uploads\/2023\/09\/374830327_617892717195381_5273338351810435043_n-300x251.jpg 300w, https:\/\/www.radiopiu.net\/wordpress\/wp-content\/uploads\/2023\/09\/374830327_617892717195381_5273338351810435043_n.jpg 642w\" sizes=\"auto, (max-width: 300px) 100vw, 300px\" \/><\/a>La comunit\u00e0 della Citt\u00e0 di Livinalongo del Col di Lana, gemellata con Gubbio, \u00e8 stata colpita da una grave tragedia sul lavoro. Massimo Crepaz \u201cMamo\u201d, 57 anni, \u00e8 morto mentre stava lavorando sul 13\u00b0 palo della seggiovia Padon, per cause in corso di accertamento.<\/div>\n<div dir=\"auto\">Il capogruppo Alpini Col di Lana, Valerio Nagler, lo ricorda come persona molto attiva ed infaticabile: \u201c\u2026 il giorno della festa sul Col di Lana andava su presto, aspettava gli altri ed era pronto ad offrire loro un sorso di grappa come defaticante dopo la salita\u2026\u201d ed \u00e8 soprattutto in questo gradevole ruolo che lo ricordano i tanti Eugubini che negli anni sono saliti in vetta al Col di Lana.<\/div>\n<div dir=\"auto\">\u201cMassimo ha avviato per anni la squadra di calcio, era molto attivo nel gruppo Alpini Col di Lana. Sempre disponibile per attivit\u00e0 in favore della collettivit\u00e0. E\u2019 un dramma terribile che colpisce profondamente l\u2019intera comunit\u00e0 \u2013 ha commentato il sindaco Leandro Grones &#8211; \u00e8 inaccettabile e assurdo recarsi sul luogo di lavoro al mattino, salutando i propri cari e non fare pi\u00f9 ritorno. Un tema, quello della sicurezza sul lavoro, che deve essere posto al centro di una profonda riflessione, proprio perch\u00e9 riguarda tutti noi, perch\u00e9 costituisce un valore irrinunciabile che \u00e8 quello della vita. Alla moglie Pierina, alle figlie Simona e Marzia, alla mamma e alla famiglia tutta manifesto l\u2019affetto il cordoglio dell\u2019intera comunit\u00e0.\u201d<\/div>\n<div dir=\"auto\"><strong>L\u2019Associazione Eugubini nel Mondo, si unisce nel ricordo e nel porgere ai familiari e alla comunit\u00e0 fodoma le proprie sentite condoglianze.\u00a0<\/strong><\/div>\n<div dir=\"auto\"><\/div>\n<div dir=\"auto\"><\/div>\n<div dir=\"auto\"><\/div>\n<\/div>\n<\/div>\n<\/div>\n<\/div>\n<\/div>\n<\/div>\n<\/div>\n<div>\n<p>&nbsp;<\/p>\n<p>&nbsp;<\/p>\n<\/div>\n<hr \/>\n<p>&nbsp;<\/p>\n<blockquote>\n<h3>A CORTINA, AURONZO E ROCCA PIETORE GLI INTERVENTI DEL SOCCORSO ALPINO<\/h3>\n<\/blockquote>\n<p><strong>CORTINA <\/strong>Ieri attorno a mezzogiorno l&#8217;elicottero del Suem di Pieve di Cadore \u00e8 volato sulla Via Eotvos &#8211; Dimai alla Tofana di Rozes, per un alpinista francese di 52 anni che aveva riportato un probabile trauma alla caviglia. Secondo di cordata, l&#8217;uomo \u00e8 stato recuperato assieme al compagno con un verricello di 20 metri a met\u00e0 via, all&#8217;altezza dell&#8217;anfiteatro, e trasportato al Codivilla. L&#8217;altro scalatore \u00e8 stato lasciato al Rifugio Dibona.<\/p>\n<p><strong>AURONZO <\/strong>Di seguito l&#8217;elisoccorso \u00e8 stato inviato al Ciadin di Stalata, ad Auronzo, dove, dopo aver percorso la Ferrata Roghel, un&#8217;escursionista era stata colta da una crisi di panico e non era pi\u00f9 in grado di proseguire verso la Cengia Gabriella. Issata a bordo con un verricello di 15 metri, la 34enne tedesca \u00e8 stata accompagnata al Rifugio Carducci. Atterrata in piazzola al Rifugio Vandelli, l&#8217;eliambulanza ha poi recuperato un 63enne americano con un sospetto trauma alla caviglia, per poi dirigersi all&#8217;ospedale di Cortina.<\/p>\n<p><strong>ROCCA PIETORE <\/strong>L&#8217;elicottero \u00e8 infine decollato in direzione della Stazione intermedia degli impianti della Marmolada, al Rifugio Serauta, per un 62enne tedesco con una probabile frattura a tibia e perone. Imbarellato e imbarcato, l&#8217;uomo \u00e8 stato portato a Belluno.<\/p>\n<p>&nbsp;<\/p>\n<div class=\"page-title-head hgroup\">\n<blockquote>\n<h3 class=\"entry-title\">LO SPETTACOLARE VOLO DEL FALCO IN MARMOLADA \u2013 FOTO-VIDEO<\/h3>\n<\/blockquote>\n<\/div>\n<div class=\"page-title-breadcrumbs\">\n<div style=\"width: 640px;\" class=\"wp-video\"><video class=\"wp-video-shortcode\" id=\"video-351198-1\" width=\"640\" height=\"368\" preload=\"metadata\" controls=\"controls\"><source type=\"video\/mp4\" src=\"https:\/\/www.radiopiu.net\/wordpress\/wp-content\/uploads\/2023\/09\/WhatsApp-Video-2023-09-05-at-21.17.21.mp4?_=1\" \/><a href=\"https:\/\/www.radiopiu.net\/wordpress\/wp-content\/uploads\/2023\/09\/WhatsApp-Video-2023-09-05-at-21.17.21.mp4\">https:\/\/www.radiopiu.net\/wordpress\/wp-content\/uploads\/2023\/09\/WhatsApp-Video-2023-09-05-at-21.17.21.mp4<\/a><\/video><\/div>\n\n\t\t\t<style type='text\/css'>\n\t\t\t\t#gallery-3 {\n\t\t\t\t\tmargin: auto;\n\t\t\t\t}\n\t\t\t\t#gallery-3 .gallery-item {\n\t\t\t\t\tfloat: left;\n\t\t\t\t\tmargin-top: 10px;\n\t\t\t\t\ttext-align: center;\n\t\t\t\t\twidth: 33%;\n\t\t\t\t}\n\t\t\t\t#gallery-3 img {\n\t\t\t\t\tborder: 2px solid #cfcfcf;\n\t\t\t\t}\n\t\t\t\t#gallery-3 .gallery-caption {\n\t\t\t\t\tmargin-left: 0;\n\t\t\t\t}\n\t\t\t\t\/* see gallery_shortcode() in wp-includes\/media.php *\/\n\t\t\t<\/style>\n\t\t<div id='gallery-3' class='dt-gallery-container gallery galleryid-351198 gallery-columns-3 gallery-size-thumbnail'><dl class='gallery-item'>\n\t\t\t\t<dt class='gallery-icon landscape'>\n\t\t\t\t\t<a class=\"rollover rollover-zoom dt-pswp-item\" title=\"MARMOLADA SALT\" data-dt-img-description=\"\" data-large_image_width=\"1600\" data-large_image_height=\"900\"href='https:\/\/www.radiopiu.net\/wordpress\/wp-content\/uploads\/2023\/09\/8d7bebc7-d359-4203-b6a9-dc9cd1b82105.jpg'><img loading=\"lazy\" decoding=\"async\" width=\"150\" height=\"150\" src=\"https:\/\/www.radiopiu.net\/wordpress\/wp-content\/uploads\/2023\/09\/8d7bebc7-d359-4203-b6a9-dc9cd1b82105-150x150.jpg\" class=\"attachment-thumbnail size-thumbnail\" alt=\"\" \/><\/a>\n\t\t\t\t<\/dt><\/dl><dl class='gallery-item'>\n\t\t\t\t<dt class='gallery-icon landscape'>\n\t\t\t\t\t<a class=\"rollover rollover-zoom dt-pswp-item\" title=\"MARMOLADA SALT\" data-dt-img-description=\"\" data-large_image_width=\"1600\" data-large_image_height=\"908\"href='https:\/\/www.radiopiu.net\/wordpress\/wp-content\/uploads\/2023\/09\/ec193544-f661-4e64-9d3d-692680c1ccaa.jpg'><img loading=\"lazy\" decoding=\"async\" width=\"150\" height=\"150\" src=\"https:\/\/www.radiopiu.net\/wordpress\/wp-content\/uploads\/2023\/09\/ec193544-f661-4e64-9d3d-692680c1ccaa-150x150.jpg\" class=\"attachment-thumbnail size-thumbnail\" alt=\"\" \/><\/a>\n\t\t\t\t<\/dt><\/dl><dl class='gallery-item'>\n\t\t\t\t<dt class='gallery-icon landscape'>\n\t\t\t\t\t<a class=\"rollover rollover-zoom dt-pswp-item\" title=\"MARMOLADA SALT\" data-dt-img-description=\"\" data-large_image_width=\"1600\" data-large_image_height=\"903\"href='https:\/\/www.radiopiu.net\/wordpress\/wp-content\/uploads\/2023\/09\/9b692541-7238-4298-8769-adc3fed89972.jpg'><img loading=\"lazy\" decoding=\"async\" width=\"150\" height=\"150\" src=\"https:\/\/www.radiopiu.net\/wordpress\/wp-content\/uploads\/2023\/09\/9b692541-7238-4298-8769-adc3fed89972-150x150.jpg\" class=\"attachment-thumbnail size-thumbnail\" alt=\"\" \/><\/a>\n\t\t\t\t<\/dt><\/dl><br style=\"clear: both\" \/><dl class='gallery-item'>\n\t\t\t\t<dt class='gallery-icon landscape'>\n\t\t\t\t\t<a class=\"rollover rollover-zoom dt-pswp-item\" title=\"MARMOLADA SALT\" data-dt-img-description=\"\" data-large_image_width=\"1200\" data-large_image_height=\"540\"href='https:\/\/www.radiopiu.net\/wordpress\/wp-content\/uploads\/2023\/09\/f36b80fd-c36c-4191-9999-1f81877b48f3.jpg'><img loading=\"lazy\" decoding=\"async\" width=\"150\" height=\"150\" src=\"https:\/\/www.radiopiu.net\/wordpress\/wp-content\/uploads\/2023\/09\/f36b80fd-c36c-4191-9999-1f81877b48f3-150x150.jpg\" class=\"attachment-thumbnail size-thumbnail\" alt=\"\" \/><\/a>\n\t\t\t\t<\/dt><\/dl><dl class='gallery-item'>\n\t\t\t\t<dt class='gallery-icon landscape'>\n\t\t\t\t\t<a class=\"rollover rollover-zoom dt-pswp-item\" title=\"MARMOLADA SALT\" data-dt-img-description=\"\" data-large_image_width=\"1600\" data-large_image_height=\"737\"href='https:\/\/www.radiopiu.net\/wordpress\/wp-content\/uploads\/2023\/09\/d5be61e0-9483-4f9b-9be6-1f06a280cfc7.jpg'><img loading=\"lazy\" decoding=\"async\" width=\"150\" height=\"150\" src=\"https:\/\/www.radiopiu.net\/wordpress\/wp-content\/uploads\/2023\/09\/d5be61e0-9483-4f9b-9be6-1f06a280cfc7-150x150.jpg\" class=\"attachment-thumbnail size-thumbnail\" alt=\"\" \/><\/a>\n\t\t\t\t<\/dt><\/dl><dl class='gallery-item'>\n\t\t\t\t<dt class='gallery-icon landscape'>\n\t\t\t\t\t<a class=\"rollover rollover-zoom dt-pswp-item\" title=\"MARMOLADA SALT\" data-dt-img-description=\"\" data-large_image_width=\"1600\" data-large_image_height=\"737\"href='https:\/\/www.radiopiu.net\/wordpress\/wp-content\/uploads\/2023\/09\/447b5398-6730-4e17-aafb-a19aec8341de.jpg'><img loading=\"lazy\" decoding=\"async\" width=\"150\" height=\"150\" src=\"https:\/\/www.radiopiu.net\/wordpress\/wp-content\/uploads\/2023\/09\/447b5398-6730-4e17-aafb-a19aec8341de-150x150.jpg\" class=\"attachment-thumbnail size-thumbnail\" alt=\"\" \/><\/a>\n\t\t\t\t<\/dt><\/dl><br style=\"clear: both\" \/>\n\t\t\t<\/div>\n\n<\/div>\n<p>&nbsp;<\/p>\n<hr \/>\n<p>&nbsp;<\/p>\n<blockquote>\n<h3><a class=\"dt-pswp-item\" href=\"https:\/\/www.radiopiu.net\/wordpress\/wp-content\/uploads\/2023\/09\/Senza-nome-6.png\" data-dt-img-description=\"\" data-large_image_width=\"651\" data-large_image_height=\"261\"><img loading=\"lazy\" decoding=\"async\" class=\" wp-image-351374 alignleft\" src=\"https:\/\/www.radiopiu.net\/wordpress\/wp-content\/uploads\/2023\/09\/Senza-nome-6-300x120.png\" alt=\"\" width=\"245\" height=\"98\" srcset=\"https:\/\/www.radiopiu.net\/wordpress\/wp-content\/uploads\/2023\/09\/Senza-nome-6-300x120.png 300w, https:\/\/www.radiopiu.net\/wordpress\/wp-content\/uploads\/2023\/09\/Senza-nome-6.png 651w\" sizes=\"auto, (max-width: 245px) 100vw, 245px\" \/><\/a>ANNEGA NEL LAGO DI BUSCHE, INUTILE LA CORSA DEI SOCCORRITORI<\/h3>\n<\/blockquote>\n<p><strong>BUSCHE<\/strong>\u00a0 Una donna sulla sessantina residente nel Comune di Cesiomaggiore \u00e8 annegata, trascinata dalla forza delle acque nelle griglie di aspirazione della diga. La caduta in acqua della vittima ha avuto per testimone una donna che a sua volta ha chiesto aiuto a un&#8217;altra persona che ha attivato la macchina dei soccorsi. Sul posto sono accorsi i vigili del fuoco di Feltre, l&#8217;ambulanza del 118 invitata dall&#8217;ospedale Santa Maria del Prato e una prima pattuglia dei carabinieri.<\/p>\n<p>&nbsp;<\/p>\n<p>&nbsp;<\/p>\n<hr \/>\n<blockquote>\n<h3><\/h3>\n<h3>INVESTIMENTO A FELTRE<\/h3>\n<\/blockquote>\n<p><strong>FELTRE<\/strong> Un&#8217;anziana residente in citt\u00e0 \u00e8 stata investita in via Battisti mentre stava\u00a0 attraversando la strada. Il conducente della Opel che procedeva in direzione del centro citt\u00e0 non \u00e8 riuscito ad evitarla. \u00c8 stata trasportata al pronto soccorso di Feltre.<\/p>\n<p>&nbsp;<\/p>\n<hr \/>\n<p>&nbsp;<\/p>\n<blockquote>\n<h3>SIGLATO L&#8217;ACCORDO SAFILO DI LONGARONE<\/h3>\n<\/blockquote>\n<p><strong><a class=\"dt-pswp-item\" href=\"https:\/\/www.radiopiu.net\/wordpress\/wp-content\/uploads\/2023\/09\/Tavolo-Safilo_completo.jpg\" data-dt-img-description=\"\" data-large_image_width=\"1280\" data-large_image_height=\"960\"><img loading=\"lazy\" decoding=\"async\" class=\" wp-image-351300 alignleft\" src=\"https:\/\/www.radiopiu.net\/wordpress\/wp-content\/uploads\/2023\/09\/Tavolo-Safilo_completo-300x225.jpg\" alt=\"\" width=\"175\" height=\"131\" srcset=\"https:\/\/www.radiopiu.net\/wordpress\/wp-content\/uploads\/2023\/09\/Tavolo-Safilo_completo-300x225.jpg 300w, https:\/\/www.radiopiu.net\/wordpress\/wp-content\/uploads\/2023\/09\/Tavolo-Safilo_completo-1024x768.jpg 1024w, https:\/\/www.radiopiu.net\/wordpress\/wp-content\/uploads\/2023\/09\/Tavolo-Safilo_completo-768x576.jpg 768w, https:\/\/www.radiopiu.net\/wordpress\/wp-content\/uploads\/2023\/09\/Tavolo-Safilo_completo.jpg 1280w\" sizes=\"auto, (max-width: 175px) 100vw, 175px\" \/><\/a>VENEZIA <\/strong>\u00c8 stato siglato ieri mattina, al termine dell\u2019incontro in sede regionale convocato e gestito dall\u2019Assessore regionale al lavoro Elena Donazzan assistita dall\u2019Unit\u00e0 di crisi aziendali, il verbale di accordo tra le parti sindacali relativo alla cessione dello stabilimento di Longarone dell\u2019azienda Safilo e contenente i relativi impegni da parte della Regione del Veneto. Hanno partecipato all\u2019incontro le organizzazioni sindacali di categoria regionali e provinciali di FEMCA CISL, UILTEC UIL e FILCTEM CGIL insieme alle RSU e ai rappresentanti dell\u2019azienda Safilo, assistiti da Confindustria Belluno Dolomiti. La Regione e le Parti, con la sola eccezione della FILCTEM CGIL, hanno sottoscritto l\u2019accordo. \u201cQuesta \u00e8 una giornata importante \u2013 commenta l\u2019Assessore Elena Donazzan al termine dell\u2019incontro -. \u00c8 un accordo di grande rilevanza, considerando da dove siamo partiti a gennaio con la comunicazione da parte di Safilo della chiusura dello stabilimento di Longarone e con la prospettiva di lasciare a casa 460 lavoratori. Invece da quel momento, anche grazie al grande lavoro fatto da parte del sindacato, con la disponibilit\u00e0 dell\u2019azienda e con il supporto dell\u2019Unit\u00e0 di crisi regionale, abbiamo accompagnato la transizione verso i due obiettivi che noi, come Regione, ci poniamo sempre: la continuit\u00e0 produttiva e la salvaguardia occupazionale\u201d.\u00a0 I prossimi impegni della Regione riguardano, anche attraverso il supporto dell\u2019Unit\u00e0 di Crisi regionale, l\u2019accompagnamento all\u2019attuale fase di transizione e l\u2019attivit\u00e0 di monitoraggio prevista nell\u2019accordo. Nei prossimi giorni saranno programmate le convocazioni delle aziende subentranti.<\/p>\n<p>&nbsp;<\/p>\n<h3><span style=\"color: #ff0000;\">IL COMMENTO DEL PRESIDENTE DEL VENETO LUCA ZAIA<\/span><\/h3>\n<p><strong><a class=\"dt-pswp-item\" href=\"https:\/\/www.radiopiu.net\/wordpress\/wp-content\/uploads\/2022\/07\/zaia.jpg\" data-dt-img-description=\"\" data-large_image_width=\"404\" data-large_image_height=\"283\"><img loading=\"lazy\" decoding=\"async\" class=\" wp-image-289377 alignleft\" src=\"https:\/\/www.radiopiu.net\/wordpress\/wp-content\/uploads\/2022\/07\/zaia-300x210.jpg\" alt=\"\" width=\"149\" height=\"104\" srcset=\"https:\/\/www.radiopiu.net\/wordpress\/wp-content\/uploads\/2022\/07\/zaia-300x210.jpg 300w, https:\/\/www.radiopiu.net\/wordpress\/wp-content\/uploads\/2022\/07\/zaia.jpg 404w\" sizes=\"auto, (max-width: 149px) 100vw, 149px\" \/><\/a>VENEZIA <\/strong>\u201cC\u2019\u00e8 un po\u2019 di nostalgia nel pensare che Safilo lascer\u00e0 Longarone ma questo non scalfisce la soddisfazione per la sigla di un accordo che non era per nulla scontato e che permetter\u00e0 di mantenere in loco la produzione. Un accordo che garantisce di salvare gli oltre 460 posti di lavoro che erano a rischio e di mantenere una produzione di eccellenza che fa del bellunese e di Longarone uno dei poli mondiali dell\u2019occhiale. La Regione si \u00e8 impegnata al massimo, accompagnando questo percorso e rendendo pi\u00f9 semplici i vari passaggi delicati. Tutto questo si \u00e8 tradotto in una operazione di cessione con due acquirenti grazie ai quali tutti i lavoratori saranno occupati con garanzie\u201d. \u00c8 questo il commento del Presidente della Regione Luca Zaia alla notizia della conclusione dell\u2019accordo per la cessione di Safilo che \u00e8 stato perfezionato ieri in sede regionale.<\/p>\n<p>&nbsp;<\/p>\n<hr \/>\n<p>&nbsp;<\/p>\n<blockquote>\n<h3>COMUNE DI RIVAMONTE SENZA OPERAI E SALTA IL SERVIZIO SCUOLABUS<\/h3>\n<\/blockquote>\n<p><strong><a class=\"dt-pswp-item\" href=\"https:\/\/www.radiopiu.net\/wordpress\/wp-content\/uploads\/2021\/09\/DJI_0036-scaled.jpg\" data-dt-img-description=\"\" data-large_image_width=\"2560\" data-large_image_height=\"1920\"><img loading=\"lazy\" decoding=\"async\" class=\" wp-image-232647 alignleft\" src=\"https:\/\/www.radiopiu.net\/wordpress\/wp-content\/uploads\/2021\/09\/DJI_0036-300x225.jpg\" alt=\"\" width=\"156\" height=\"117\" srcset=\"https:\/\/www.radiopiu.net\/wordpress\/wp-content\/uploads\/2021\/09\/DJI_0036-300x225.jpg 300w, https:\/\/www.radiopiu.net\/wordpress\/wp-content\/uploads\/2021\/09\/DJI_0036-1024x768.jpg 1024w, https:\/\/www.radiopiu.net\/wordpress\/wp-content\/uploads\/2021\/09\/DJI_0036-768x576.jpg 768w, https:\/\/www.radiopiu.net\/wordpress\/wp-content\/uploads\/2021\/09\/DJI_0036-1536x1152.jpg 1536w, https:\/\/www.radiopiu.net\/wordpress\/wp-content\/uploads\/2021\/09\/DJI_0036-2048x1536.jpg 2048w\" sizes=\"auto, (max-width: 156px) 100vw, 156px\" \/><\/a>RIVAMONTE<\/strong><\/p>\n<p>di Gianni Santomaso<\/p>\n<audio class=\"wp-audio-shortcode\" id=\"audio-351198-1\" preload=\"none\" style=\"width: 100%;\" controls=\"controls\"><source type=\"audio\/mpeg\" src=\"https:\/\/www.radiopiu.net\/wordpress\/wp-content\/uploads\/2023\/09\/GIANNI-COMUNE-DI-RIVAMONTE-SENZA-OPERAI-E-SALTA-IL-SERVIZIO-SCUOLABUS.mp3?_=1\" \/><a href=\"https:\/\/www.radiopiu.net\/wordpress\/wp-content\/uploads\/2023\/09\/GIANNI-COMUNE-DI-RIVAMONTE-SENZA-OPERAI-E-SALTA-IL-SERVIZIO-SCUOLABUS.mp3\">https:\/\/www.radiopiu.net\/wordpress\/wp-content\/uploads\/2023\/09\/GIANNI-COMUNE-DI-RIVAMONTE-SENZA-OPERAI-E-SALTA-IL-SERVIZIO-SCUOLABUS.mp3<\/a><\/audio>\n<p>&nbsp;<\/p>\n<hr \/>\n<p>&nbsp;<\/p>\n<blockquote>\n<h3>CAMBIO COMANDANTE ALLA LEGIONE VENETO DEI CARABINIERI<\/h3>\n<\/blockquote>\n<p><strong><a class=\"dt-pswp-item\" href=\"https:\/\/www.radiopiu.net\/wordpress\/wp-content\/uploads\/2023\/09\/1477-2023-5-09-2023-Cessione-Comando-Carabinieri-Legione-Veneto-7189.jpeg\" data-dt-img-description=\"\" data-large_image_width=\"1600\" data-large_image_height=\"1067\"><img loading=\"lazy\" decoding=\"async\" class=\" wp-image-351277 alignleft\" src=\"https:\/\/www.radiopiu.net\/wordpress\/wp-content\/uploads\/2023\/09\/1477-2023-5-09-2023-Cessione-Comando-Carabinieri-Legione-Veneto-7189-300x200.jpeg\" alt=\"\" width=\"171\" height=\"114\" srcset=\"https:\/\/www.radiopiu.net\/wordpress\/wp-content\/uploads\/2023\/09\/1477-2023-5-09-2023-Cessione-Comando-Carabinieri-Legione-Veneto-7189-300x200.jpeg 300w, https:\/\/www.radiopiu.net\/wordpress\/wp-content\/uploads\/2023\/09\/1477-2023-5-09-2023-Cessione-Comando-Carabinieri-Legione-Veneto-7189-1024x683.jpeg 1024w, https:\/\/www.radiopiu.net\/wordpress\/wp-content\/uploads\/2023\/09\/1477-2023-5-09-2023-Cessione-Comando-Carabinieri-Legione-Veneto-7189-768x512.jpeg 768w, https:\/\/www.radiopiu.net\/wordpress\/wp-content\/uploads\/2023\/09\/1477-2023-5-09-2023-Cessione-Comando-Carabinieri-Legione-Veneto-7189-1536x1024.jpeg 1536w, https:\/\/www.radiopiu.net\/wordpress\/wp-content\/uploads\/2023\/09\/1477-2023-5-09-2023-Cessione-Comando-Carabinieri-Legione-Veneto-7189.jpeg 1600w\" sizes=\"auto, (max-width: 171px) 100vw, 171px\" \/><\/a>VENEZIA <\/strong>Il Presidente della Regione del Veneto, Luca Zaia, ha presenziato ieri a Padova alla cerimonia per il passaggio del comando della Legione Carabinieri Veneto, tra l\u2019uscente generale di divisione Giuseppe Spina e il subentrante generale di brigata Giuseppe de Liso. \u201cIn questa occasione in cui saluta la nostra regione per assumere un prestigioso incarico in Sicilia \u2013 sottolinea il Presidente Zaia \u2013 esprimo a nome di tutti i Veneti un ringraziamento e un sentimento di riconoscenza al generale Spina per l\u2019attenzione e l\u2019impegno che in questi due anni ha dimostrato a favore della nostra collettivit\u00e0. Con lui al comando della Legione Veneto, i nostri cittadini hanno continuato a trovare nell\u2019Arma un efficace azione di contrasto alla criminalit\u00e0 e una costante attenzione alle loro esigenze di sicurezza e di legalit\u00e0. Ora che assumer\u00e0 un nuovo comando che ne arricchir\u00e0 la gi\u00e0 importante carriera, auguro a lui e ai suoi uomini ancora tante soddisfazioni professionali\u201d.<\/p>\n<p>&nbsp;<\/p>\n<p>&nbsp;<\/p>\n<hr \/>\n<p>&nbsp;<\/p>\n<blockquote>\n<h3>IL SINDACO DI BELLUNO INCONTRA IL PROSSIMO COMANDATE DEL SETTIMO REGGIMENTO ALPINI<\/h3>\n<\/blockquote>\n<p><strong><a class=\"dt-pswp-item\" href=\"https:\/\/www.radiopiu.net\/wordpress\/wp-content\/uploads\/2023\/09\/Incontro-Settimo-Reggimento-Alpini_1.jpeg\" data-dt-img-description=\"\" data-large_image_width=\"1600\" data-large_image_height=\"1200\"><img loading=\"lazy\" decoding=\"async\" class=\" wp-image-351275 alignleft\" src=\"https:\/\/www.radiopiu.net\/wordpress\/wp-content\/uploads\/2023\/09\/Incontro-Settimo-Reggimento-Alpini_1-300x225.jpeg\" alt=\"\" width=\"187\" height=\"140\" srcset=\"https:\/\/www.radiopiu.net\/wordpress\/wp-content\/uploads\/2023\/09\/Incontro-Settimo-Reggimento-Alpini_1-300x225.jpeg 300w, https:\/\/www.radiopiu.net\/wordpress\/wp-content\/uploads\/2023\/09\/Incontro-Settimo-Reggimento-Alpini_1-1024x768.jpeg 1024w, https:\/\/www.radiopiu.net\/wordpress\/wp-content\/uploads\/2023\/09\/Incontro-Settimo-Reggimento-Alpini_1-768x576.jpeg 768w, https:\/\/www.radiopiu.net\/wordpress\/wp-content\/uploads\/2023\/09\/Incontro-Settimo-Reggimento-Alpini_1-1536x1152.jpeg 1536w, https:\/\/www.radiopiu.net\/wordpress\/wp-content\/uploads\/2023\/09\/Incontro-Settimo-Reggimento-Alpini_1.jpeg 1600w\" sizes=\"auto, (max-width: 187px) 100vw, 187px\" \/><\/a>BELLUNO <\/strong>Incontro a Palazzo Rosso ctra il sindaco Oscar De Pellegrin e il prossimo comandante del Settimo Reggimento Alpini, colonnello Andrea Francesco Schifeo arrivato accompagnato dal comandante uscente, colonnello Andrea Carli. \u201cIl Settimo Reggimento Alpini \u00e8 da sempre un punto di riferimento nella tutela dei nostri valori e della nostra tradizione alpina \u2013 commenta il sindaco -, una memoria storica del nostro territorio e un esempio per i giovani. Oggi il mio grazie va al colonnello Carli, per aver guidato il Settimo Reggimento con impegno, dedizione e reale attaccamento alla comunit\u00e0 e al territorio\u201d. Il passaggio del testimone \u00e8 stato anche l\u2019occasione per augurare buon lavoro al nuovo comandante, il colonnello Schifeo gi\u00e0 insignito della croce d\u2019oro per anzianit\u00e0 di servizio, della Medaglia al merito di Lungo Comando<\/p>\n<p>&nbsp;<\/p>\n<p>&nbsp;<\/p>\n<hr \/>\n<p>&nbsp;<\/p>\n<blockquote>\n<h3>LE OPERAZIONI CONGIUNTE SULLE DOLOMITI<\/h3>\n<\/blockquote>\n<p><strong>REDAZIONE<\/strong> Da alcuni giorni\u00a0 nei cieli della provincia, luned\u00ec e ieri in particolare nell&#8217;Agordino, sono gli elicotteri militari a doppia elica con base ad Aviano (base americana). Si tratterebbe di esercitazioni, operazioni congiunte con l&#8217;esercito olandese.<br \/>\nNelle foto di Erik Lena il passaggio sopra Taibon tra Pale di San Lucano e Agner.<\/p>\n\n\t\t\t<style type='text\/css'>\n\t\t\t\t#gallery-4 {\n\t\t\t\t\tmargin: auto;\n\t\t\t\t}\n\t\t\t\t#gallery-4 .gallery-item {\n\t\t\t\t\tfloat: left;\n\t\t\t\t\tmargin-top: 10px;\n\t\t\t\t\ttext-align: center;\n\t\t\t\t\twidth: 33%;\n\t\t\t\t}\n\t\t\t\t#gallery-4 img {\n\t\t\t\t\tborder: 2px solid #cfcfcf;\n\t\t\t\t}\n\t\t\t\t#gallery-4 .gallery-caption {\n\t\t\t\t\tmargin-left: 0;\n\t\t\t\t}\n\t\t\t\t\/* see gallery_shortcode() in wp-includes\/media.php *\/\n\t\t\t<\/style>\n\t\t<div id='gallery-4' class='dt-gallery-container gallery galleryid-351198 gallery-columns-3 gallery-size-thumbnail'><dl class='gallery-item'>\n\t\t\t\t<dt class='gallery-icon portrait'>\n\t\t\t\t\t<a class=\"rollover rollover-zoom dt-pswp-item\" title=\"174b28e9-90dc-4a94-aef1-65511a681dbc\" data-dt-img-description=\"\" data-large_image_width=\"1095\" data-large_image_height=\"2048\"href='https:\/\/www.radiopiu.net\/wordpress\/wp-content\/uploads\/2023\/09\/174b28e9-90dc-4a94-aef1-65511a681dbc.jpg'><img loading=\"lazy\" decoding=\"async\" width=\"150\" height=\"150\" src=\"https:\/\/www.radiopiu.net\/wordpress\/wp-content\/uploads\/2023\/09\/174b28e9-90dc-4a94-aef1-65511a681dbc-150x150.jpg\" class=\"attachment-thumbnail size-thumbnail\" alt=\"\" \/><\/a>\n\t\t\t\t<\/dt><\/dl><dl class='gallery-item'>\n\t\t\t\t<dt class='gallery-icon landscape'>\n\t\t\t\t\t<a class=\"rollover rollover-zoom dt-pswp-item\" title=\"1d4eeafc-b22b-4771-9ace-b04459540831\" data-dt-img-description=\"\" data-large_image_width=\"1280\" data-large_image_height=\"853\"href='https:\/\/www.radiopiu.net\/wordpress\/wp-content\/uploads\/2023\/09\/1d4eeafc-b22b-4771-9ace-b04459540831.jpg'><img loading=\"lazy\" decoding=\"async\" width=\"150\" height=\"150\" src=\"https:\/\/www.radiopiu.net\/wordpress\/wp-content\/uploads\/2023\/09\/1d4eeafc-b22b-4771-9ace-b04459540831-150x150.jpg\" class=\"attachment-thumbnail size-thumbnail\" alt=\"\" \/><\/a>\n\t\t\t\t<\/dt><\/dl><dl class='gallery-item'>\n\t\t\t\t<dt class='gallery-icon landscape'>\n\t\t\t\t\t<a class=\"rollover rollover-zoom dt-pswp-item\" title=\"4f47a909-2fc6-41a1-b468-10fd6522ad6f\" data-dt-img-description=\"\" data-large_image_width=\"1280\" data-large_image_height=\"853\"href='https:\/\/www.radiopiu.net\/wordpress\/wp-content\/uploads\/2023\/09\/4f47a909-2fc6-41a1-b468-10fd6522ad6f.jpg'><img loading=\"lazy\" decoding=\"async\" width=\"150\" height=\"150\" src=\"https:\/\/www.radiopiu.net\/wordpress\/wp-content\/uploads\/2023\/09\/4f47a909-2fc6-41a1-b468-10fd6522ad6f-150x150.jpg\" class=\"attachment-thumbnail size-thumbnail\" alt=\"\" \/><\/a>\n\t\t\t\t<\/dt><\/dl><br style=\"clear: both\" \/><dl class='gallery-item'>\n\t\t\t\t<dt class='gallery-icon landscape'>\n\t\t\t\t\t<a class=\"rollover rollover-zoom dt-pswp-item\" title=\"071b745b-00b9-4316-82f1-74f00c37efda\" data-dt-img-description=\"\" data-large_image_width=\"1280\" data-large_image_height=\"853\"href='https:\/\/www.radiopiu.net\/wordpress\/wp-content\/uploads\/2023\/09\/071b745b-00b9-4316-82f1-74f00c37efda.jpg'><img loading=\"lazy\" decoding=\"async\" width=\"150\" height=\"150\" src=\"https:\/\/www.radiopiu.net\/wordpress\/wp-content\/uploads\/2023\/09\/071b745b-00b9-4316-82f1-74f00c37efda-150x150.jpg\" class=\"attachment-thumbnail size-thumbnail\" alt=\"\" \/><\/a>\n\t\t\t\t<\/dt><\/dl><dl class='gallery-item'>\n\t\t\t\t<dt class='gallery-icon landscape'>\n\t\t\t\t\t<a class=\"rollover rollover-zoom dt-pswp-item\" title=\"83ebf255-3054-4382-bf88-3bb1fd125531\" data-dt-img-description=\"\" data-large_image_width=\"1280\" data-large_image_height=\"853\"href='https:\/\/www.radiopiu.net\/wordpress\/wp-content\/uploads\/2023\/09\/83ebf255-3054-4382-bf88-3bb1fd125531.jpg'><img loading=\"lazy\" decoding=\"async\" width=\"150\" height=\"150\" src=\"https:\/\/www.radiopiu.net\/wordpress\/wp-content\/uploads\/2023\/09\/83ebf255-3054-4382-bf88-3bb1fd125531-150x150.jpg\" class=\"attachment-thumbnail size-thumbnail\" alt=\"\" \/><\/a>\n\t\t\t\t<\/dt><\/dl>\n\t\t\t\t<br style='clear: both' \/>\n\t\t\t<\/div>\n\n<p>&nbsp;<\/p>\n<hr \/>\n<p>&nbsp;<\/p>\n<blockquote>\n<h3>DOMANI AL CERLETTI DI CONEGLIANO L\u2019OTTAVA GIORNATA RSU E DELEGATI DELLA CISL SCUOLA<\/h3>\n<\/blockquote>\n<p><strong><a class=\"dt-pswp-item\" href=\"https:\/\/www.radiopiu.net\/wordpress\/wp-content\/uploads\/2020\/11\/Schermata-2020-11-11-alle-12.25.13.png\" data-dt-img-description=\"\" data-large_image_width=\"594\" data-large_image_height=\"310\"><img loading=\"lazy\" decoding=\"async\" class=\" wp-image-172025 alignleft\" src=\"https:\/\/www.radiopiu.net\/wordpress\/wp-content\/uploads\/2020\/11\/Schermata-2020-11-11-alle-12.25.13-300x157.png\" alt=\"\" width=\"178\" height=\"93\" srcset=\"https:\/\/www.radiopiu.net\/wordpress\/wp-content\/uploads\/2020\/11\/Schermata-2020-11-11-alle-12.25.13-300x157.png 300w, https:\/\/www.radiopiu.net\/wordpress\/wp-content\/uploads\/2020\/11\/Schermata-2020-11-11-alle-12.25.13.png 594w\" sizes=\"auto, (max-width: 178px) 100vw, 178px\" \/><\/a>BELLUNO-TREVISO <\/strong>\u201cLa forza della partecipazione\u201d \u00e8 lo slogan scelto per l\u2019ottava edizione della Giornata Nazionale RSU e delegati Cisl Scuola, tradizionale appuntamento che segna, con l&#8217;organizzazione di incontri in tutto il territorio nazionale, la ripresa delle attivit\u00e0 sindacali a livello di istituto nel nuovo anno scolastico. La Giornata 2023 per le province di Treviso e Belluno si svolger\u00e0 domani a partire dalle 9 al Cerletti di Conegliano e vedr\u00e0 gli interventi di Lorella Benvegn\u00f9 e Sandra Biolo, segretarie generali della Cisl Scuola Belluno Treviso e del Veneto, di Massimiliano Paglini, segretario generale della Cisl Belluno Treviso, della coordinatrice RSU territoriale Maria Giovanna Gaetano e di una sessantina fra delegati e delegate sui 125 eletti nelle due province (75 nella Marca e 50 nel Bellunese).<\/p>\n<p>&nbsp;<\/p>\n<p>&nbsp;<\/p>\n<hr \/>\n<p>&nbsp;<\/p>\n<blockquote>\n<h3 class=\"entry-title\">\u201cRECHARGE NATURE\u201d E LA VACANZA ESTREMA NELLE DOLOMITI<\/h3>\n<p><strong>DI GIANNI SANTOMASO<\/strong><\/p>\n<audio class=\"wp-audio-shortcode\" id=\"audio-351198-2\" preload=\"none\" style=\"width: 100%;\" controls=\"controls\"><source type=\"audio\/mpeg\" src=\"https:\/\/www.radiopiu.net\/wordpress\/wp-content\/uploads\/2023\/09\/GIANNI-RECHARGE-NATURE.mp3?_=2\" \/><a href=\"https:\/\/www.radiopiu.net\/wordpress\/wp-content\/uploads\/2023\/09\/GIANNI-RECHARGE-NATURE.mp3\">https:\/\/www.radiopiu.net\/wordpress\/wp-content\/uploads\/2023\/09\/GIANNI-RECHARGE-NATURE.mp3<\/a><\/audio>\n<p>&nbsp;<\/p><\/blockquote>\n<p class=\"photoswipe-wrapper\"><strong class=\"photoswipe-wrapper\"><a class=\"dt-pswp-item pspw-wrap-ready\" href=\"https:\/\/www.radiopiu.net\/wordpress\/wp-content\/uploads\/2023\/09\/Senza-nome-4.png\" data-dt-img-description=\"\" data-large_image_width=\"265\" data-large_image_height=\"133\"><img loading=\"lazy\" decoding=\"async\" class=\"size-full wp-image-351297 alignleft\" src=\"https:\/\/www.radiopiu.net\/wordpress\/wp-content\/uploads\/2023\/09\/Senza-nome-4.png\" alt=\"\" width=\"265\" height=\"133\" \/><\/a>ROCCA PIETORE<\/strong>\u00a0L\u2019obiettivo della provocatoria campagna: stimolare una riflessione sulla necessit\u00e0 di un turismo pi\u00f9 sostenibile e consapevole. L\u2019idea di una campagna alla ricerca del \u201cpeggiore turista al mondo\u201d nasce\u00a0 per \u00a0mostrare, attraverso una vera e propria esperienza sul campo, quanto ogni piccolo gesto possa influenzare l\u2019ambiente.\u00a0 Il messaggio chiave: ognuno di noi pu\u00f2 fare la differenza.\u00a0 \u201cRecharge Nature\u201d verr\u00e0 raccontato all\u2019interno della trasmissione<br \/>\ndi RAI 3 \u201cMacondo\u201d. In questi giorni una troupe della RAI seguir\u00e0 la vacanza \u201cestrema\u201d di Giulia raccontando il territorio delle Dolomiti Bellunesi che la ospita.\u00a0 Verranno calcolate le emissioni di CO2 connesse a tutte le attivit\u00e0 della concorrente, tenendo conto di tutti gli accorgimenti adottati per ridurre i consumi e le emissioni in\u00a0 \u00a0uno stile di vita pi\u00f9 semplice e vicino alla natura.\u00a0 Recharge Nature si svolger\u00e0, dal 5 al 9 settembre\u00a0 tra Rocca <a class=\"dt-pswp-item\" href=\"https:\/\/www.radiopiu.net\/wordpress\/wp-content\/uploads\/2023\/09\/b35b3b45-7bb0-4781-a11b-d9a4a3a9a3c2-1.jpg\" data-dt-img-description=\"\" data-large_image_width=\"555\" data-large_image_height=\"588\"><img loading=\"lazy\" decoding=\"async\" class=\" wp-image-351358 alignright\" src=\"https:\/\/www.radiopiu.net\/wordpress\/wp-content\/uploads\/2023\/09\/b35b3b45-7bb0-4781-a11b-d9a4a3a9a3c2-1-283x300.jpg\" alt=\"\" width=\"216\" height=\"229\" srcset=\"https:\/\/www.radiopiu.net\/wordpress\/wp-content\/uploads\/2023\/09\/b35b3b45-7bb0-4781-a11b-d9a4a3a9a3c2-1-283x300.jpg 283w, https:\/\/www.radiopiu.net\/wordpress\/wp-content\/uploads\/2023\/09\/b35b3b45-7bb0-4781-a11b-d9a4a3a9a3c2-1.jpg 555w\" sizes=\"auto, (max-width: 216px) 100vw, 216px\" \/><\/a>Pietore ed Alleghe, alle pendici del monte Sasso Bianco. Questo villaggio ha un solo abitante.\u00a0\u00a0<strong>LA PROTAGONISTA<\/strong>\u00a0Scelta tra oltre 900 candidature, Giulia Bronzato (36 anni, Garda) \u00e8 un avvocato che segue la parte di tributi e area finanziaria per il comune di Negrar della Valpolicella. \u00c9 una persona<br \/>\nsolare, comunicativa ed estroversa.\u00a0Il \u201cpeggiore turista al mondo\u201d per fargli vivere una vacanza estrema durante la quale si render\u00e0 conto del peso delle risorse utilizzate durante il viaggio e far\u00e0 ammenda dei propri errori scoprendo un nuovo modo di essere sostenibili.<\/p>\n<blockquote>\n<h3>GLI AMMINISTRATORI DEL TERRITORIO<\/h3>\n<\/blockquote>\n<p>IL SINDACO DI ROCCA PIETORE ANDREA DE BERNARDIN\u00a0\u00a0<em>\u201cQuesta \u00e8 un\u2019avventura non facile, abbiamo avviato un progettone, come lo abbiamo sempre definito, perch\u00e9 un piccolo comune che fa da capofila con altri sei comuni per una scelta comune di progettualit\u00e0 che non \u00e8 per nulla scontata\u201d.\u00a0<\/em>IL SINDACO DI ALLEGHE DANILO DE TONI\u00a0<em>\u201cFar\u00e0 capire che i comportamenti di ciascuno di noi devono essere volti a non deturpare l\u2019ambiente ed il suo equilibrio\u201d<\/em>\u00a0MORENO DE VAL SINDACO DI SAN TOMASO\u00a0<em>\u201cDati ISTAT alla mano, notiamo un incremento esponenziale degli arrivi e delle presenze negli ultimi 6 anni. Ormai si parla da tempo di andare oltre il turismo invernale, promuovendo il turismo \u201clento\u201d. Non un turismo di massa, fatto ormai di proposte \u201cdi plastica\u201d, ma di emozioni e rispetto del nostro territorio.\u201d\u00a0<\/em><\/p>\n<p>&nbsp;<\/p>\n<p><strong>TG1, RAI<\/strong><\/p>\n<div style=\"width: 400px;\" class=\"wp-video\"><video class=\"wp-video-shortcode\" id=\"video-351198-2\" width=\"400\" height=\"848\" preload=\"metadata\" controls=\"controls\"><source type=\"video\/mp4\" src=\"https:\/\/www.radiopiu.net\/wordpress\/wp-content\/uploads\/2023\/09\/WhatsApp-Video-2023-09-05-at-15.22.34.mp4?_=2\" \/><a href=\"https:\/\/www.radiopiu.net\/wordpress\/wp-content\/uploads\/2023\/09\/WhatsApp-Video-2023-09-05-at-15.22.34.mp4\">https:\/\/www.radiopiu.net\/wordpress\/wp-content\/uploads\/2023\/09\/WhatsApp-Video-2023-09-05-at-15.22.34.mp4<\/a><\/video><\/div>\n<hr \/>\n<p>&nbsp;<\/p>\n<blockquote>\n<h3>DIMENSIONAMENTO SCOLASTICO SOTTO LA LENTE<\/h3>\n<\/blockquote>\n<p><strong><a class=\"dt-pswp-item\" href=\"https:\/\/www.radiopiu.net\/wordpress\/wp-content\/uploads\/2021\/09\/scuola-matite.jpeg\" data-dt-img-description=\"\" data-large_image_width=\"626\" data-large_image_height=\"417\"><img loading=\"lazy\" decoding=\"async\" class=\" wp-image-232884 alignleft\" src=\"https:\/\/www.radiopiu.net\/wordpress\/wp-content\/uploads\/2021\/09\/scuola-matite-300x200.jpeg\" alt=\"\" width=\"179\" height=\"119\" srcset=\"https:\/\/www.radiopiu.net\/wordpress\/wp-content\/uploads\/2021\/09\/scuola-matite-300x200.jpeg 300w, https:\/\/www.radiopiu.net\/wordpress\/wp-content\/uploads\/2021\/09\/scuola-matite.jpeg 626w\" sizes=\"auto, (max-width: 179px) 100vw, 179px\" \/><\/a>BELLUNO <\/strong>Nei prossimi giorni sar\u00e0 costituito un gruppo di lavoro di sindaci che avr\u00e0 il compito di definire un progetto sostenibile in merito al dimensionamento scolastico degli istituti comprensivi e delle scuole superiori. Questo \u00e8 quanto emerso dall\u2019assemblea dei sindaci tenutasi ieri pomeriggio a Palazzo Piloni, convocata in via informale dalla Provincia per discutere del tema, alla luce delle nuove linee guida della Regione Veneto sulla programmazione della rete scolastica e dell\u2019offerta formativa. La programmazione a partire dall\u2019anno scolastico 2024-2025 dovr\u00e0 tener conto della revisione della rete scolastica regionale, tenuto conto del trend demografico negativo e dei contingenti di presidi e direttori dei servizi generali e amministrativi (Dsga) attribuiti al Veneto. Tradotto, il numero di dirigenti scolastici e Dsga \u00e8 attualmente di 560, in calo a 550 entro l\u2019anno scolastico 2026-2027. La situazione bellunese \u00e8 al momento di 22 istituti comprensivi e 11 istituti superiori, la met\u00e0 dei quali in reggenza con un dirigente scolastico titolare in altra sede. E i numeri del trend demografico parlano di 1.330 ragazzi in meno in tre anni (dal 2020-21 al 2023-24) per gli istituti comprensivi, e di quasi 300 in meno per gli istituti superiori. I dati erano stati condivisi qualche giorno fa in un incontro con i presidi e ieri sono stati illustrati ai sindaci.<\/p>\n<p>&nbsp;<\/p>\n<hr \/>\n<h3 class=\"style-scope ytd-watch-metadata\"><\/h3>\n<h3 class=\"style-scope ytd-watch-metadata\">NEVEGAL, IL PIANO DI LAYACHI E C.: \u00abPER UN COLLE VIVIBILE E INCLUSIVO\u00bb<\/h3>\n<p><strong>di TIZIANA BOLOGNANI\u00a0<\/strong><\/p>\n<p>dal TG di Antenna 3, il TG BELLUNESE in onda ogni giorno alle 19.30 sul canale 10 del digitale terrestre e ogni sera alle 19 le anticipazioni alla radio Pi\u00f9 con Tiziana Bolognani.<\/p>\n<p><iframe loading=\"lazy\" title=\"NEVEGAL, IL PIANO DI LAYACHI E C.: \u00abPER UN COLLE VIVIBILE E INCLUSIVO\u00bb | 05\/09\/2023\" width=\"1200\" height=\"675\" src=\"https:\/\/www.youtube.com\/embed\/KNlzPn6aM8w?start=2&#038;feature=oembed\" frameborder=\"0\" allow=\"accelerometer; autoplay; clipboard-write; encrypted-media; gyroscope; picture-in-picture; web-share\" allowfullscreen><\/iframe><\/p>\n<p>&nbsp;<\/p>\n<hr \/>\n<p>&nbsp;<\/p>\n<blockquote>\n<h3>100 ANNI PER L&#8217;ORDINE DEGLI ARCHITETTI<\/h3>\n<\/blockquote>\n<p><strong><a class=\"dt-pswp-item\" href=\"https:\/\/www.radiopiu.net\/wordpress\/wp-content\/uploads\/2023\/09\/ORDINE-ARCHITETTI.png\" data-dt-img-description=\"\" data-large_image_width=\"660\" data-large_image_height=\"436\"><img loading=\"lazy\" decoding=\"async\" class=\" wp-image-351338 alignleft\" src=\"https:\/\/www.radiopiu.net\/wordpress\/wp-content\/uploads\/2023\/09\/ORDINE-ARCHITETTI-300x198.png\" alt=\"\" width=\"158\" height=\"104\" srcset=\"https:\/\/www.radiopiu.net\/wordpress\/wp-content\/uploads\/2023\/09\/ORDINE-ARCHITETTI-300x198.png 300w, https:\/\/www.radiopiu.net\/wordpress\/wp-content\/uploads\/2023\/09\/ORDINE-ARCHITETTI.png 660w\" sizes=\"auto, (max-width: 158px) 100vw, 158px\" \/><\/a>BELLUNO <\/strong>Il Teatro Olimpico di Vicenza, uno dei templi dell\u2019architettura italiana e universalmente riconosciuto dall\u2019Unesco, si appresta ad accogliere gli Ordini degli Architetti del Veneto riuniti nella FOAV. Anche l\u2019Ordine degli Architetti PPC di Belluno, in occasione dell\u2019assemblea annuale della federazione, sar\u00e0 presente per celebrare il traguardo dei 100 anni della legge che ha portato alla loro costituzione, venerd\u00ec 8 settembre, a partire dalle 17.30.<\/p>\n<p>&nbsp;<\/p>\n<p>&nbsp;<\/p>\n<hr \/>\n<p>&nbsp;<\/p>\n<div class=\"moz-text-html\" lang=\"x-unicode\">\n<div dir=\"ltr\">\n<div>\n<blockquote>\n<h3><b>Contributo statale di 15mila euro: \u201cpromossa\u201d la Scuola dell\u2019infanzia \u201cDon Zalivani\u201d<\/b><\/h3>\n<\/blockquote>\n<p><span class=\"gmail-Apple-converted-space\">\u00a0<\/span><\/p>\n<p><a class=\"dt-pswp-item\" href=\"https:\/\/www.radiopiu.net\/wordpress\/wp-content\/uploads\/2023\/09\/Asilo_Polpet.jpg\" data-dt-img-description=\"\" data-large_image_width=\"914\" data-large_image_height=\"609\"><img loading=\"lazy\" decoding=\"async\" class=\" wp-image-351263 alignleft\" src=\"https:\/\/www.radiopiu.net\/wordpress\/wp-content\/uploads\/2023\/09\/Asilo_Polpet-300x200.jpg\" alt=\"\" width=\"263\" height=\"175\" srcset=\"https:\/\/www.radiopiu.net\/wordpress\/wp-content\/uploads\/2023\/09\/Asilo_Polpet-300x200.jpg 300w, https:\/\/www.radiopiu.net\/wordpress\/wp-content\/uploads\/2023\/09\/Asilo_Polpet-768x512.jpg 768w, https:\/\/www.radiopiu.net\/wordpress\/wp-content\/uploads\/2023\/09\/Asilo_Polpet.jpg 914w\" sizes=\"auto, (max-width: 263px) 100vw, 263px\" \/><\/a><strong>PONTE NELLE ALPI<\/strong>\u00a0 La Scuola dell\u2019infanzia paritaria \u201cDon Zalivani\u201d \u00e8 stata &#8220;promossa&#8221; con un contributo statale di 15mila euro. Dopo aver celebrato i 70 anni d\u2019attivit\u00e0, la struttura guarda al futuro con ulteriore fiducia e si apre a nuovi traguardi. Anche perch\u00e9 non \u00e8 frequentata solo da bimbi del territorio pontalpino, ma provenienti pure da Belluno, Alpago e Longarone.<span class=\"gmail-Apple-converted-space\">\u00a0<\/span><\/p>\n<p>Anche per la nuova annata 2023\/2024, gli orari sono flessibili, secondo le esigenze delle famiglie. Proficua, inoltre, la collaborazione con l\u2019amministrazione comunale che sostiene la paritaria \u201cDon Zalivani\u201d attraverso un contributo annuale. In pi\u00f9, \u00e8 arrivata la buona notizia del finanziamento statale, utile al funzionamento della struttura e ad alimentare le attivit\u00e0 didattiche.<span class=\"gmail-Apple-converted-space\">\u00a0<\/span><\/p>\n<\/div>\n<\/div>\n<\/div>\n<p>&nbsp;<\/p>\n<hr \/>\n<p>&nbsp;<\/p>\n<blockquote>\n<h3>DILLO A RADIO PIU&#8217;&#8230;AGLI AMANTI DEL PORTACENERE A CIELO APERTO<\/h3>\n<\/blockquote>\n<p>Riceviamo e pubblichiamo.<\/p>\n<p>&#8220;Purtroppo con grande amarezza vi sono sempre dei maleducati che lasciano in giro il mozzicone di sigaretta appena assaporata. \u00c8 interessante notare che a 3 metri da dove si siedono e fumano c&#8217;\u00e8 un raccogli mozziconi funzionante e dalla parte opposta invece c&#8217;\u00e8 un cestino. Non si preoccupano nemmeno del decoro del paese e del lavoro che il solito omino nel tempo libero si occupa di tener pulito e in ordine la fermata delle corriere (\u00e8 anche l&#8217;ingresso del paese di Canale d&#8217;Agordo dove non solo pendolari e studenti la usano ma anche i turisti). Prima del 21 agosto per tre settimane era in condizioni pietose, poi l&#8217;omino (volontario e non dipendente Valpe o del Comune di Canale) l&#8217;ha nuovamente ripulita; poi dopo 2 settimane conta ancora una trentina di nuovi mozziconi lasciati li. Ps tra gli incivili c&#8217;\u00e8 sempre un ragazzo Canalino di 20anni che oltre ad usufruire della fermata per trascorrervi i tempi di attesa, lascia proprio li i mozziconi. Un bel esempio di educazione ben spesa. \u00c8 difficile avere un po&#8217; di amor proprio per il proprio paese?&#8221;<\/p>\n<p>Lettera firmata.<\/p>\n\n\t\t\t<style type='text\/css'>\n\t\t\t\t#gallery-5 {\n\t\t\t\t\tmargin: auto;\n\t\t\t\t}\n\t\t\t\t#gallery-5 .gallery-item {\n\t\t\t\t\tfloat: left;\n\t\t\t\t\tmargin-top: 10px;\n\t\t\t\t\ttext-align: center;\n\t\t\t\t\twidth: 50%;\n\t\t\t\t}\n\t\t\t\t#gallery-5 img {\n\t\t\t\t\tborder: 2px solid #cfcfcf;\n\t\t\t\t}\n\t\t\t\t#gallery-5 .gallery-caption {\n\t\t\t\t\tmargin-left: 0;\n\t\t\t\t}\n\t\t\t\t\/* see gallery_shortcode() in wp-includes\/media.php *\/\n\t\t\t<\/style>\n\t\t<div id='gallery-5' class='dt-gallery-container gallery galleryid-351198 gallery-columns-2 gallery-size-medium'><dl class='gallery-item'>\n\t\t\t\t<dt class='gallery-icon landscape'>\n\t\t\t\t\t<a class=\"rollover rollover-zoom dt-pswp-item\" title=\"52f7eef8-d6fa-44af-ad27-065c3aa83be8\" data-dt-img-description=\"\" data-large_image_width=\"1080\" data-large_image_height=\"1048\"href='https:\/\/www.radiopiu.net\/wordpress\/wp-content\/uploads\/2023\/09\/52f7eef8-d6fa-44af-ad27-065c3aa83be8-1.jpg'><img loading=\"lazy\" decoding=\"async\" width=\"300\" height=\"291\" src=\"https:\/\/www.radiopiu.net\/wordpress\/wp-content\/uploads\/2023\/09\/52f7eef8-d6fa-44af-ad27-065c3aa83be8-1-300x291.jpg\" class=\"attachment-medium size-medium\" alt=\"\" srcset=\"https:\/\/www.radiopiu.net\/wordpress\/wp-content\/uploads\/2023\/09\/52f7eef8-d6fa-44af-ad27-065c3aa83be8-1-300x291.jpg 300w, https:\/\/www.radiopiu.net\/wordpress\/wp-content\/uploads\/2023\/09\/52f7eef8-d6fa-44af-ad27-065c3aa83be8-1-1024x994.jpg 1024w, https:\/\/www.radiopiu.net\/wordpress\/wp-content\/uploads\/2023\/09\/52f7eef8-d6fa-44af-ad27-065c3aa83be8-1-768x745.jpg 768w, https:\/\/www.radiopiu.net\/wordpress\/wp-content\/uploads\/2023\/09\/52f7eef8-d6fa-44af-ad27-065c3aa83be8-1.jpg 1080w\" sizes=\"auto, (max-width: 300px) 100vw, 300px\" \/><\/a>\n\t\t\t\t<\/dt><\/dl><dl class='gallery-item'>\n\t\t\t\t<dt class='gallery-icon portrait'>\n\t\t\t\t\t<a class=\"rollover rollover-zoom dt-pswp-item\" title=\"75af620b-03e3-4ea0-bf57-7a7dffacb1e5\" data-dt-img-description=\"\" data-large_image_width=\"899\" data-large_image_height=\"1599\"href='https:\/\/www.radiopiu.net\/wordpress\/wp-content\/uploads\/2023\/09\/75af620b-03e3-4ea0-bf57-7a7dffacb1e5.jpg'><img loading=\"lazy\" decoding=\"async\" width=\"169\" height=\"300\" src=\"https:\/\/www.radiopiu.net\/wordpress\/wp-content\/uploads\/2023\/09\/75af620b-03e3-4ea0-bf57-7a7dffacb1e5-169x300.jpg\" class=\"attachment-medium size-medium\" alt=\"\" srcset=\"https:\/\/www.radiopiu.net\/wordpress\/wp-content\/uploads\/2023\/09\/75af620b-03e3-4ea0-bf57-7a7dffacb1e5-169x300.jpg 169w, https:\/\/www.radiopiu.net\/wordpress\/wp-content\/uploads\/2023\/09\/75af620b-03e3-4ea0-bf57-7a7dffacb1e5-576x1024.jpg 576w, https:\/\/www.radiopiu.net\/wordpress\/wp-content\/uploads\/2023\/09\/75af620b-03e3-4ea0-bf57-7a7dffacb1e5-768x1366.jpg 768w, https:\/\/www.radiopiu.net\/wordpress\/wp-content\/uploads\/2023\/09\/75af620b-03e3-4ea0-bf57-7a7dffacb1e5-864x1536.jpg 864w, https:\/\/www.radiopiu.net\/wordpress\/wp-content\/uploads\/2023\/09\/75af620b-03e3-4ea0-bf57-7a7dffacb1e5.jpg 899w\" sizes=\"auto, (max-width: 169px) 100vw, 169px\" \/><\/a>\n\t\t\t\t<\/dt><\/dl><br style=\"clear: both\" \/>\n\t\t\t<\/div>\n\n<p>&nbsp;<\/p>\n<hr \/>\n<p>&nbsp;<\/p>\n<blockquote>\n<h3>NEL CADORE AUMENTA LA RACCOLTA DIFFERENZIATA GRAZIE AL METODO VALPE<\/h3>\n<\/blockquote>\n<p><strong><a class=\"dt-pswp-item\" href=\"https:\/\/www.radiopiu.net\/wordpress\/wp-content\/uploads\/2021\/10\/VALPE.png\" data-dt-img-description=\"\" data-large_image_width=\"800\" data-large_image_height=\"400\"><img loading=\"lazy\" decoding=\"async\" class=\" wp-image-236977 alignleft\" src=\"https:\/\/www.radiopiu.net\/wordpress\/wp-content\/uploads\/2021\/10\/VALPE-300x150.png\" alt=\"\" width=\"194\" height=\"97\" srcset=\"https:\/\/www.radiopiu.net\/wordpress\/wp-content\/uploads\/2021\/10\/VALPE-300x150.png 300w, https:\/\/www.radiopiu.net\/wordpress\/wp-content\/uploads\/2021\/10\/VALPE-768x384.png 768w, https:\/\/www.radiopiu.net\/wordpress\/wp-content\/uploads\/2021\/10\/VALPE.png 800w\" sizes=\"auto, (max-width: 194px) 100vw, 194px\" \/><\/a>SEDICO <\/strong>A pochi mesi dall\u2019avvio del nuovo sistema di gestione dei rifiuti, introdotto da Valpe Ambiente, nei Comuni cadorini di Borca, Cibiana, Valle e Vodo gi\u00e0 si contano i primi importanti risultati. In questi Comuni la raccolta differenziata \u00e8 aumentata in media di quasi 5 punti percentuali nei soli primi 6 mesi del 2023, con un miglioramento anche nella qualit\u00e0 dei rifiuti raccolti. Confrontando il periodo gennaio-giugno 2022 &#8211; quando ancora i rifiuti venivano raccolti con il vecchio sistema &#8211; con lo stesso periodo di quest\u2019anno, caratterizzato dall\u2019introduzione della nuova gestione, il Comune con l\u2019aumento pi\u00f9 rilevante risulta Valle di Cadore, che passa dal 77,31% del 2022 all\u201984,22% con un aumento di quasi 7 punti percentuali. Incrementi elevati si registrano anche a Cibiana di Cadore, passato dal 78,49% all\u201983,06%, con un aumento pari a 4,57 punti percentuali. La raccolta differenziata \u00e8 cresciuta anche a Borca di Cadore che passa da 77,30% del 2022 all\u201980,60% del 2023. Il Comune con la differenziata pi\u00f9 elevata risulta invece Vodo di Cadore che ha raggiunto l\u201985,74%, rispetto ai primi 6 mesi del 2022, quando la raccolta si attestava all\u201981,77%.<\/p>\n<p>&nbsp;<\/p>\n<p>&nbsp;<\/p>\n<hr \/>\n<p>&nbsp;<\/p>\n<blockquote>\n<h3>FONTANA DI FARRA, IL GRUPPO ALPINI FRAZIONALE NE CURERA&#8217; IL RECUPERO<\/h3>\n<\/blockquote>\n<p><strong>FELTRE <\/strong>Sar\u00e0 il Gruppo Alpini di Farra a farsi carico della ricostruzione dell&#8217;antica fontana della frazione di Farra, posta in via Molino. La decisione della giunta comunale \u00e8 arrivata dopo che nelle scorse settimane il Gruppo, anche su interessamento di alcuni residenti della zona, si era fatto avanti proponendo all&#8217;Amministrazione Comunale di occuparsi in toto del recupero. A tale riguardo, come previsto dalla legge, \u00e8 stata predisposta una convenzione nella quale si stabilisce l&#8217;iter dell&#8217;intervento e le tempistiche dello stesso, che dovranno completarsi indicativamente entro il mese di giugno del prossimo anno. Il nuovo manufatto sar\u00e0 realizzato cercando di ricreare anche con materiali di recupero, per quanto possibile, quello presente a fine dell\u2019Ottocento, poi sostituito negli anni \u201860 del secolo scorso da una piccola fontana in cemento prefabbricata.<\/p>\n\n\t\t\t<style type='text\/css'>\n\t\t\t\t#gallery-6 {\n\t\t\t\t\tmargin: auto;\n\t\t\t\t}\n\t\t\t\t#gallery-6 .gallery-item {\n\t\t\t\t\tfloat: left;\n\t\t\t\t\tmargin-top: 10px;\n\t\t\t\t\ttext-align: center;\n\t\t\t\t\twidth: 33%;\n\t\t\t\t}\n\t\t\t\t#gallery-6 img {\n\t\t\t\t\tborder: 2px solid #cfcfcf;\n\t\t\t\t}\n\t\t\t\t#gallery-6 .gallery-caption {\n\t\t\t\t\tmargin-left: 0;\n\t\t\t\t}\n\t\t\t\t\/* see gallery_shortcode() in wp-includes\/media.php *\/\n\t\t\t<\/style>\n\t\t<div id='gallery-6' class='dt-gallery-container gallery galleryid-351198 gallery-columns-3 gallery-size-thumbnail'><dl class='gallery-item'>\n\t\t\t\t<dt class='gallery-icon landscape'>\n\t\t\t\t\t<a class=\"rollover rollover-zoom dt-pswp-item\" title=\"La fontana in una foto di inizio secolo\" data-dt-img-description=\"\" data-large_image_width=\"1243\" data-large_image_height=\"823\"href='https:\/\/www.radiopiu.net\/wordpress\/wp-content\/uploads\/2023\/09\/La-fontana-in-una-foto-di-inizio-secolo.jpg'><img loading=\"lazy\" decoding=\"async\" width=\"150\" height=\"150\" src=\"https:\/\/www.radiopiu.net\/wordpress\/wp-content\/uploads\/2023\/09\/La-fontana-in-una-foto-di-inizio-secolo-150x150.jpg\" class=\"attachment-thumbnail size-thumbnail\" alt=\"\" \/><\/a>\n\t\t\t\t<\/dt><\/dl><dl class='gallery-item'>\n\t\t\t\t<dt class='gallery-icon landscape'>\n\t\t\t\t\t<a class=\"rollover rollover-zoom dt-pswp-item\" title=\"La fontana adesso (2)\" data-dt-img-description=\"\" data-large_image_width=\"1920\" data-large_image_height=\"1080\"href='https:\/\/www.radiopiu.net\/wordpress\/wp-content\/uploads\/2023\/09\/La-fontana-adesso-2.jpg'><img loading=\"lazy\" decoding=\"async\" width=\"150\" height=\"150\" src=\"https:\/\/www.radiopiu.net\/wordpress\/wp-content\/uploads\/2023\/09\/La-fontana-adesso-2-150x150.jpg\" class=\"attachment-thumbnail size-thumbnail\" alt=\"\" \/><\/a>\n\t\t\t\t<\/dt><\/dl><dl class='gallery-item'>\n\t\t\t\t<dt class='gallery-icon landscape'>\n\t\t\t\t\t<a class=\"rollover rollover-zoom dt-pswp-item\" title=\"La fontana adesso (1)\" data-dt-img-description=\"\" data-large_image_width=\"1920\" data-large_image_height=\"1080\"href='https:\/\/www.radiopiu.net\/wordpress\/wp-content\/uploads\/2023\/09\/La-fontana-adesso-1.jpg'><img loading=\"lazy\" decoding=\"async\" width=\"150\" height=\"150\" src=\"https:\/\/www.radiopiu.net\/wordpress\/wp-content\/uploads\/2023\/09\/La-fontana-adesso-1-150x150.jpg\" class=\"attachment-thumbnail size-thumbnail\" alt=\"\" \/><\/a>\n\t\t\t\t<\/dt><\/dl><br style=\"clear: both\" \/>\n\t\t\t<\/div>\n\n<p>&nbsp;<\/p>\n<hr \/>\n<p>&nbsp;<\/p>\n<blockquote>\n<h3>BELLA NAPOLI A BELLUNO: 50 ANNI DI PIZZA MA NON SOLO<\/h3>\n<\/blockquote>\n<p><strong><a class=\"dt-pswp-item\" href=\"https:\/\/www.radiopiu.net\/wordpress\/wp-content\/uploads\/2023\/09\/BELLA-NAPOLI.jpg\" data-dt-img-description=\"\" data-large_image_width=\"2480\" data-large_image_height=\"1965\"><img loading=\"lazy\" decoding=\"async\" class=\" wp-image-351305 alignleft\" src=\"https:\/\/www.radiopiu.net\/wordpress\/wp-content\/uploads\/2023\/09\/BELLA-NAPOLI-300x238.jpg\" alt=\"\" width=\"158\" height=\"125\" srcset=\"https:\/\/www.radiopiu.net\/wordpress\/wp-content\/uploads\/2023\/09\/BELLA-NAPOLI-300x238.jpg 300w, https:\/\/www.radiopiu.net\/wordpress\/wp-content\/uploads\/2023\/09\/BELLA-NAPOLI-1024x811.jpg 1024w, https:\/\/www.radiopiu.net\/wordpress\/wp-content\/uploads\/2023\/09\/BELLA-NAPOLI-768x609.jpg 768w, https:\/\/www.radiopiu.net\/wordpress\/wp-content\/uploads\/2023\/09\/BELLA-NAPOLI-1536x1217.jpg 1536w, https:\/\/www.radiopiu.net\/wordpress\/wp-content\/uploads\/2023\/09\/BELLA-NAPOLI-2048x1623.jpg 2048w\" sizes=\"auto, (max-width: 158px) 100vw, 158px\" \/><\/a>BELLUNO<\/strong> Compie 50 anni di attivit\u00e0 la Pizzeria \u201cBella Napoli\u201d che la famiglia Villani ha aperto a Belluno, in via Feltre, nell\u2019autunno del 1973. Una storia d\u2019impresa, quella condotta da Giuseppe e Angela e dai figli Umberto e Anna Maria, che prosegue all\u2019insegna del rinnovamento alla ricerca delle soluzioni migliori per soddisfare la propria clientela ma anche quanti a Belluno soggiornano per lavoro o per turismo. Una tradizione che fa davvero rima con innovazione. Tanto dal punto di vista degli investimenti dei locali, sale, cucine, forni pizza ed attrezzature, quanto dal punto di vista della ricerca e dello sviluppo dei piatti proposti e delle materie prime utilizzate in pizzeria ed in cucina. Un servizio che si \u00e8 sempre evoluto e punta sempre all\u2019eccellenza.<\/p>\n<p>&nbsp;<\/p>\n<p>&nbsp;<\/p>\n<hr \/>\n<p>&nbsp;<\/p>\n<blockquote>\n<h3>DOMENICA A CANALE D&#8217;AGORDO DIVIETI E DEVIAZIONI<\/h3>\n<\/blockquote>\n<p><strong><a class=\"dt-pswp-item\" href=\"https:\/\/www.radiopiu.net\/wordpress\/wp-content\/uploads\/2020\/06\/CANALE-DAGORDO-2.jpg\" data-dt-img-description=\"\" data-large_image_width=\"960\" data-large_image_height=\"720\"><img loading=\"lazy\" decoding=\"async\" class=\" wp-image-142139 alignleft\" src=\"https:\/\/www.radiopiu.net\/wordpress\/wp-content\/uploads\/2020\/06\/CANALE-DAGORDO-2-300x225.jpg\" alt=\"\" width=\"224\" height=\"168\" srcset=\"https:\/\/www.radiopiu.net\/wordpress\/wp-content\/uploads\/2020\/06\/CANALE-DAGORDO-2-300x225.jpg 300w, https:\/\/www.radiopiu.net\/wordpress\/wp-content\/uploads\/2020\/06\/CANALE-DAGORDO-2-768x576.jpg 768w, https:\/\/www.radiopiu.net\/wordpress\/wp-content\/uploads\/2020\/06\/CANALE-DAGORDO-2.jpg 960w\" sizes=\"auto, (max-width: 224px) 100vw, 224px\" \/><\/a>CANALE D&#8217;AGORDO<\/strong> D<span dir=\"ltr\" role=\"presentation\">omenica 10<\/span> <span dir=\"ltr\" role=\"presentation\">settembre 2023, dalle\u00a0 9 alle 12,30 circa<\/span><span dir=\"ltr\" role=\"presentation\">, <\/span><span dir=\"ltr\" role=\"presentation\">\u00a0chiusura al traffico veicolare, con la sola esclusione dei mezzi di soccorso, di tutta <\/span><span dir=\"ltr\" role=\"presentation\">la viabilit\u00e0 comunale afferente al Capoluogo con particolare riferimento alle seguenti<\/span><br role=\"presentation\" \/><span dir=\"ltr\" role=\"presentation\">vie e Piazze: Piazza Papa Luciani, Piazza Salvatore Serafini, Piazzetta Tancon, Via <\/span><span dir=\"ltr\" role=\"presentation\">Tancon, Via Soia, Via Lotta, Via Roma, Via Prade, Via Sommavilla, Via XX Agosto <\/span><span dir=\"ltr\" role=\"presentation\">1944,<\/span> <span dir=\"ltr\" role=\"presentation\">Via<\/span> <span dir=\"ltr\" role=\"presentation\">e<\/span> <span dir=\"ltr\" role=\"presentation\">Vicolo<\/span> <span dir=\"ltr\" role=\"presentation\">Rividella<\/span> <span dir=\"ltr\" role=\"presentation\">e<\/span> <span dir=\"ltr\" role=\"presentation\">Via<\/span> <span dir=\"ltr\" role=\"presentation\">Cavallera.<\/span> \u00a0<span dir=\"ltr\" role=\"presentation\">Saranno possibili brevi riaperture di massimo 10 minuti in funzione dell\u2019andamento <\/span><span dir=\"ltr\" role=\"presentation\">delle<\/span> <span dir=\"ltr\" role=\"presentation\">varie<\/span> <span dir=\"ltr\" role=\"presentation\">gare.<\/span>\u00a0<br role=\"presentation\" \/><span dir=\"ltr\" role=\"presentation\">Istituzione, dalle 14 di sabato\u00a0 alle\u00a0 18 di domenica\u00a0 del <\/span><span dir=\"ltr\" role=\"presentation\">divieto di sosta in piazza Papa Luciani e<\/span>\u00a0<span dir=\"ltr\" role=\"presentation\">in<\/span> <span dir=\"ltr\" role=\"presentation\">piazza<\/span> <span dir=\"ltr\" role=\"presentation\">Salvatore<\/span> <span dir=\"ltr\" role=\"presentation\">Serafini<\/span><span dir=\"ltr\" role=\"presentation\">.<\/span><br role=\"presentation\" \/><span dir=\"ltr\" role=\"presentation\">Rimangono fruibili le aree di sosta presso le localit\u00e0 Savaion, ai Forn, Campo tennis, <\/span><span dir=\"ltr\" role=\"presentation\">Cimitero, scuola media e in altre localit\u00e0 del paese;<\/span><\/p>\n<p>&nbsp;<\/p>\n<p>&nbsp;<\/p>\n<hr \/>\n<p>&nbsp;<\/p>\n<blockquote>\n<h3>UN FINE SETTIMANA DA NON PERDERE A SELVA DI CADORE: LA MOSTRA EVOLUTION E LA DESMONTEGADA<\/h3>\n<\/blockquote>\n<p><strong>SELVA DI CADORE <\/strong>Sar\u00e0 un weekend pieno di eventi attende i visitatori, tra una mostra sui dinosauri e la festa della Desmontegada per il ritorno delle mandrie dall&#8217;alpeggio. La mostra &#8220;Evolution. Storie di cambiamento&#8221; al Museo Vittorino Cazzetta presenta dinosauri e animali preistorici ricostruiti in modo scientifico e a grandezza naturale. La festa della Desmontegada inizia sabato alle 10:00 con musica, gastronomia, voli in elicottero, prove di tiro biathlon e mercatini dell&#8217;artigianato. Domenica inizia alle 10:00 con mercatini, una sfilata di bestiame e altre attivit\u00e0, con l&#8217;opportunit\u00e0 di partecipare con abbigliamento tradizionale. La festa \u00e8 gemellata con altre manifestazioni locali.<\/p>\n<p>Info mostra: <a href=\"mailto:museoselvadicadore@gmail.com\">museoselvadicadore@gmail.com<\/a>, tel. 0437 521068<\/p>\n<p>Info Desmontegada: Pro Loco Val Fiorentina, tel. 0437 720243, <a href=\"mailto:info@valfiorentina.it\">info@valfiorentina.it<\/a>, <a href=\"http:\/\/www.valfiorentina.it\">www.valfiorentina.it<\/a><\/p>\n\n\t\t\t<style type='text\/css'>\n\t\t\t\t#gallery-7 {\n\t\t\t\t\tmargin: auto;\n\t\t\t\t}\n\t\t\t\t#gallery-7 .gallery-item {\n\t\t\t\t\tfloat: left;\n\t\t\t\t\tmargin-top: 10px;\n\t\t\t\t\ttext-align: center;\n\t\t\t\t\twidth: 33%;\n\t\t\t\t}\n\t\t\t\t#gallery-7 img {\n\t\t\t\t\tborder: 2px solid #cfcfcf;\n\t\t\t\t}\n\t\t\t\t#gallery-7 .gallery-caption {\n\t\t\t\t\tmargin-left: 0;\n\t\t\t\t}\n\t\t\t\t\/* see gallery_shortcode() in wp-includes\/media.php *\/\n\t\t\t<\/style>\n\t\t<div id='gallery-7' class='dt-gallery-container gallery galleryid-351198 gallery-columns-3 gallery-size-medium'><dl class='gallery-item'>\n\t\t\t\t<dt class='gallery-icon landscape'>\n\t\t\t\t\t<a class=\"rollover rollover-zoom dt-pswp-item\" title=\"Desmontegada 2022 prato\" data-dt-img-description=\"\" data-large_image_width=\"1120\" data-large_image_height=\"840\"href='https:\/\/www.radiopiu.net\/wordpress\/wp-content\/uploads\/2023\/09\/Desmontegada-2022-prato.jpg'><img loading=\"lazy\" decoding=\"async\" width=\"300\" height=\"225\" src=\"https:\/\/www.radiopiu.net\/wordpress\/wp-content\/uploads\/2023\/09\/Desmontegada-2022-prato-300x225.jpg\" class=\"attachment-medium size-medium\" alt=\"\" srcset=\"https:\/\/www.radiopiu.net\/wordpress\/wp-content\/uploads\/2023\/09\/Desmontegada-2022-prato-300x225.jpg 300w, https:\/\/www.radiopiu.net\/wordpress\/wp-content\/uploads\/2023\/09\/Desmontegada-2022-prato-1024x768.jpg 1024w, https:\/\/www.radiopiu.net\/wordpress\/wp-content\/uploads\/2023\/09\/Desmontegada-2022-prato-768x576.jpg 768w, https:\/\/www.radiopiu.net\/wordpress\/wp-content\/uploads\/2023\/09\/Desmontegada-2022-prato.jpg 1120w\" sizes=\"auto, (max-width: 300px) 100vw, 300px\" \/><\/a>\n\t\t\t\t<\/dt><\/dl><dl class='gallery-item'>\n\t\t\t\t<dt class='gallery-icon landscape'>\n\t\t\t\t\t<a class=\"rollover rollover-zoom dt-pswp-item\" title=\"Desmontegada 2022\" data-dt-img-description=\"\" data-large_image_width=\"1280\" data-large_image_height=\"960\"href='https:\/\/www.radiopiu.net\/wordpress\/wp-content\/uploads\/2023\/09\/Desmontegada-2022.jpg'><img loading=\"lazy\" decoding=\"async\" width=\"300\" height=\"225\" src=\"https:\/\/www.radiopiu.net\/wordpress\/wp-content\/uploads\/2023\/09\/Desmontegada-2022-300x225.jpg\" class=\"attachment-medium size-medium\" alt=\"\" srcset=\"https:\/\/www.radiopiu.net\/wordpress\/wp-content\/uploads\/2023\/09\/Desmontegada-2022-300x225.jpg 300w, https:\/\/www.radiopiu.net\/wordpress\/wp-content\/uploads\/2023\/09\/Desmontegada-2022-1024x768.jpg 1024w, https:\/\/www.radiopiu.net\/wordpress\/wp-content\/uploads\/2023\/09\/Desmontegada-2022-768x576.jpg 768w, https:\/\/www.radiopiu.net\/wordpress\/wp-content\/uploads\/2023\/09\/Desmontegada-2022.jpg 1280w\" sizes=\"auto, (max-width: 300px) 100vw, 300px\" \/><\/a>\n\t\t\t\t<\/dt><\/dl><dl class='gallery-item'>\n\t\t\t\t<dt class='gallery-icon landscape'>\n\t\t\t\t\t<a class=\"rollover rollover-zoom dt-pswp-item\" title=\"Desmontegada 2022 sfilata\" data-dt-img-description=\"\" data-large_image_width=\"1280\" data-large_image_height=\"960\"href='https:\/\/www.radiopiu.net\/wordpress\/wp-content\/uploads\/2023\/09\/Desmontegada-2022-sfilata.jpg'><img loading=\"lazy\" decoding=\"async\" width=\"300\" height=\"225\" src=\"https:\/\/www.radiopiu.net\/wordpress\/wp-content\/uploads\/2023\/09\/Desmontegada-2022-sfilata-300x225.jpg\" class=\"attachment-medium size-medium\" alt=\"\" srcset=\"https:\/\/www.radiopiu.net\/wordpress\/wp-content\/uploads\/2023\/09\/Desmontegada-2022-sfilata-300x225.jpg 300w, https:\/\/www.radiopiu.net\/wordpress\/wp-content\/uploads\/2023\/09\/Desmontegada-2022-sfilata-1024x768.jpg 1024w, https:\/\/www.radiopiu.net\/wordpress\/wp-content\/uploads\/2023\/09\/Desmontegada-2022-sfilata-768x576.jpg 768w, https:\/\/www.radiopiu.net\/wordpress\/wp-content\/uploads\/2023\/09\/Desmontegada-2022-sfilata.jpg 1280w\" sizes=\"auto, (max-width: 300px) 100vw, 300px\" \/><\/a>\n\t\t\t\t<\/dt><\/dl><br style=\"clear: both\" \/>\n\t\t\t<\/div>\n\n<p>&nbsp;<\/p>\n<hr \/>\n<p>&nbsp;<\/p>\n<blockquote>\n<h3>IL CONCORSO SUI CAMBIAMENTI CLIMATICI<\/h3>\n<\/blockquote>\n<p><strong><a class=\"dt-pswp-item\" href=\"https:\/\/www.radiopiu.net\/wordpress\/wp-content\/uploads\/2022\/10\/9c79968d-3c96-4193-8706-3567ede13d05.jpg\" data-dt-img-description=\"\" data-large_image_width=\"1600\" data-large_image_height=\"1200\"><img loading=\"lazy\" decoding=\"async\" class=\" wp-image-300244 alignleft\" src=\"https:\/\/www.radiopiu.net\/wordpress\/wp-content\/uploads\/2022\/10\/9c79968d-3c96-4193-8706-3567ede13d05-300x225.jpg\" alt=\"\" width=\"179\" height=\"134\" srcset=\"https:\/\/www.radiopiu.net\/wordpress\/wp-content\/uploads\/2022\/10\/9c79968d-3c96-4193-8706-3567ede13d05-300x225.jpg 300w, https:\/\/www.radiopiu.net\/wordpress\/wp-content\/uploads\/2022\/10\/9c79968d-3c96-4193-8706-3567ede13d05-1024x768.jpg 1024w, https:\/\/www.radiopiu.net\/wordpress\/wp-content\/uploads\/2022\/10\/9c79968d-3c96-4193-8706-3567ede13d05-768x576.jpg 768w, https:\/\/www.radiopiu.net\/wordpress\/wp-content\/uploads\/2022\/10\/9c79968d-3c96-4193-8706-3567ede13d05-1536x1152.jpg 1536w, https:\/\/www.radiopiu.net\/wordpress\/wp-content\/uploads\/2022\/10\/9c79968d-3c96-4193-8706-3567ede13d05.jpg 1600w\" sizes=\"auto, (max-width: 179px) 100vw, 179px\" \/><\/a>PADOVA<\/strong> ARPAV e la Regione del Veneto stanno cercando idee innovative per una campagna informativa sulla prevenzione del rischio idrogeologico e sismico. L&#8217;obiettivo \u00e8 sensibilizzare la popolazione sui pericoli legati a frane e alluvioni, considerando l&#8217;incremento della frequenza di questi eventi a causa dei cambiamenti climatici. L&#8217;Agenda 2030 dell&#8217;ONU promuove l&#8217;uso sostenibile degli ecosistemi terrestri e la gestione responsabile delle risorse naturali, aspetti fondamentali anche per la sicurezza e l&#8217;incolumit\u00e0 delle persone. La Regione ha gi\u00e0 adottato diverse misure preventive, ma cerca nuove idee per una comunicazione efficace. Un concorso di idee offre premi per un totale di 15.000 euro e l&#8217;opportunit\u00e0 di contribuire alla sicurezza e alla tutela dell&#8217;ambiente.<\/p>\n<p>&nbsp;<\/p>\n<p>&nbsp;<\/p>\n<hr \/>\n<p>&nbsp;<\/p>\n<h2><span style=\"color: #ff6600;\">IERI ALLA RADIO\u00a0<\/span><\/h2>\n<h2><span style=\"color: #3366ff;\">120-80, SANITA\u2019. ALLA RADIO IL DOTTOR BRUNO BORIN, GINECOLOGO \u2013 DAL POLIAMBULATORIO AGORDINO<\/span><\/h2>\n<div class=\"mkd-team-title-holder normal_social\">\n<h5 class=\"mkd-team-name \"><a href=\"https:\/\/www.poliagordo.it\/medici\/dott-bruno-borin\/\" target=\"_blank\" rel=\"noopener\">Dott. Bruno Borin<\/a> GINECOLOGO<\/h5>\n<\/div>\n<div class=\"mkd-team-text\">\n<div class=\"mkd-team-text-inner\">\n<div class=\"mkd-team-description \">\n<p><a class=\"dt-pswp-item\" href=\"https:\/\/www.radiopiu.net\/wordpress\/wp-content\/uploads\/2023\/09\/Senza-nome-2.png\" data-dt-img-description=\"\" data-large_image_width=\"398\" data-large_image_height=\"247\"><img loading=\"lazy\" decoding=\"async\" class=\" wp-image-351252 alignleft\" src=\"https:\/\/www.radiopiu.net\/wordpress\/wp-content\/uploads\/2023\/09\/Senza-nome-2-300x186.png\" alt=\"\" width=\"248\" height=\"154\" srcset=\"https:\/\/www.radiopiu.net\/wordpress\/wp-content\/uploads\/2023\/09\/Senza-nome-2-300x186.png 300w, https:\/\/www.radiopiu.net\/wordpress\/wp-content\/uploads\/2023\/09\/Senza-nome-2.png 398w\" sizes=\"auto, (max-width: 248px) 100vw, 248px\" \/><\/a>Consegue la Laurea in Medicina e Chirurgia all\u2019Universit\u00e0 di Padova nel 1978. Specialista in Ostetricia e Ginecologia (Universit\u00e0 di Verona). Specialista in Patologia della Riproduzione Umana (Universit\u00e0 degli Studi di Catania). Pluriennale esperienza ospedaliera acquisita come Dirigente Medico presso l\u2019Unit\u00e0 Operativa Autonoma di Ostetricia e Ginecologia di Belluno. Attualmente impegnato in ambito lavorativo come libero professionista. I suoi campi di interesse, oltre alle attivit\u00e0 di routine inerenti la professione di Ostetrico Ginecologo, sono l\u2019ecografia ostetrica e ginecologica, la diagnosi prenatale, l\u2019endocrinologia ginecologica, la diagnosi e terapia della sterilit\u00e0 di coppia.<\/p>\n<p><strong>audio &#8211;\u00a0 L&#8217;INTERVISTA DI MIRKO MEZZACASA<\/strong><\/p>\n<audio class=\"wp-audio-shortcode\" id=\"audio-351198-3\" preload=\"none\" style=\"width: 100%;\" controls=\"controls\"><source type=\"audio\/mpeg\" src=\"https:\/\/www.radiopiu.net\/wordpress\/wp-content\/uploads\/2023\/09\/BORIN-GINECOLOGIA.mp3?_=3\" \/><a href=\"https:\/\/www.radiopiu.net\/wordpress\/wp-content\/uploads\/2023\/09\/BORIN-GINECOLOGIA.mp3\">https:\/\/www.radiopiu.net\/wordpress\/wp-content\/uploads\/2023\/09\/BORIN-GINECOLOGIA.mp3<\/a><\/audio>\n<p>&nbsp;<\/p>\n<h2><span style=\"color: #339966;\">&#8220;DINTORN E FORA VIA&#8221;\u00a0 IL PROGRAMMA\u00a0 A CURA DEL MUSLA<\/span><\/h2>\n<p><strong><a class=\"dt-pswp-item\" href=\"https:\/\/www.radiopiu.net\/wordpress\/wp-content\/uploads\/2023\/09\/Senza-nome-3.png\" data-dt-img-description=\"\" data-large_image_width=\"778\" data-large_image_height=\"229\"><img loading=\"lazy\" decoding=\"async\" class=\" wp-image-351255 alignleft\" src=\"https:\/\/www.radiopiu.net\/wordpress\/wp-content\/uploads\/2023\/09\/Senza-nome-3-300x88.png\" alt=\"\" width=\"259\" height=\"76\" srcset=\"https:\/\/www.radiopiu.net\/wordpress\/wp-content\/uploads\/2023\/09\/Senza-nome-3-300x88.png 300w, https:\/\/www.radiopiu.net\/wordpress\/wp-content\/uploads\/2023\/09\/Senza-nome-3-768x226.png 768w, https:\/\/www.radiopiu.net\/wordpress\/wp-content\/uploads\/2023\/09\/Senza-nome-3.png 778w\" sizes=\"auto, (max-width: 259px) 100vw, 259px\" \/><\/a>PUNTATA DEL 05 SETTEMBRE <\/strong>\u00a0<strong>JACQUELINE CAZZETTA\u00a0<\/strong><\/p>\n<p>Liete da la Jacqueline per ladin da Selva. Per le nuove da dalonz descoron de la mission solara de l&#8217;India, del prim di de scola en Russia e Ucraina e del golpe en Gabon. Per le nuove da vesin descoron dei laori al stadio del giaz, a le scole mejane en Alie e de la Transpelmo 2023.<\/p>\n<audio class=\"wp-audio-shortcode\" id=\"audio-351198-4\" preload=\"none\" style=\"width: 100%;\" controls=\"controls\"><source type=\"audio\/mpeg\" src=\"https:\/\/www.radiopiu.net\/wordpress\/wp-content\/uploads\/2023\/09\/MUSLA.mp3?_=4\" \/><a href=\"https:\/\/www.radiopiu.net\/wordpress\/wp-content\/uploads\/2023\/09\/MUSLA.mp3\">https:\/\/www.radiopiu.net\/wordpress\/wp-content\/uploads\/2023\/09\/MUSLA.mp3<\/a><\/audio>\n<p>&nbsp;<\/p>\n<h2><span style=\"color: #800080;\">DALLA LAGUNA ALLE DOLOMITI, L&#8217;EVENTO AL RIFUGIO AVERAU<\/span><\/h2>\n<p><strong><a class=\"dt-pswp-item\" href=\"https:\/\/www.radiopiu.net\/wordpress\/wp-content\/uploads\/2023\/09\/99292399_1967338273402840_6160269363564773376_n.jpg\" data-dt-img-description=\"\" data-large_image_width=\"1600\" data-large_image_height=\"1067\"><img loading=\"lazy\" decoding=\"async\" class=\" wp-image-351309 alignleft\" src=\"https:\/\/www.radiopiu.net\/wordpress\/wp-content\/uploads\/2023\/09\/99292399_1967338273402840_6160269363564773376_n-300x200.jpg\" alt=\"\" width=\"170\" height=\"113\" srcset=\"https:\/\/www.radiopiu.net\/wordpress\/wp-content\/uploads\/2023\/09\/99292399_1967338273402840_6160269363564773376_n-300x200.jpg 300w, https:\/\/www.radiopiu.net\/wordpress\/wp-content\/uploads\/2023\/09\/99292399_1967338273402840_6160269363564773376_n-1024x683.jpg 1024w, https:\/\/www.radiopiu.net\/wordpress\/wp-content\/uploads\/2023\/09\/99292399_1967338273402840_6160269363564773376_n-768x512.jpg 768w, https:\/\/www.radiopiu.net\/wordpress\/wp-content\/uploads\/2023\/09\/99292399_1967338273402840_6160269363564773376_n-1536x1024.jpg 1536w, https:\/\/www.radiopiu.net\/wordpress\/wp-content\/uploads\/2023\/09\/99292399_1967338273402840_6160269363564773376_n.jpg 1600w\" sizes=\"auto, (max-width: 170px) 100vw, 170px\" \/><\/a>COLLE SANTA LUCIA<\/strong> Marted\u00ec 12 settembre, evento straordinario al Rifugio Averau. Gli chef di casa, Matteo e Stefano, della trattoria alla Cima di Valdobbiadene uniscono genio e bravura per un&#8217;esperienza unica &#8220;dalla laguna alle dolomiti&#8221;. Un percorso enogastronomico dal mare ai fiumi, dalle colline ai boschi del veneziano, trevigiano e bellunese fino alle cime di Cortina. Sar\u00e0 predisposto su prenotazione un servizio di trasporto in jeep dal rifugio Cinque Torri, raggiungibile in macchina dalla strada del passo Falzarego Per info e prenotazioni: 0436 4660<br \/>\nDALLA LAGUNA ALLE DOLOMITI, 12 SETTEMBRE AL RIFUGIO AVERAU<\/p>\n<p><strong>L&#8217;INTERVISTA A MATTEO SIORPAES<\/strong><\/p>\n<audio class=\"wp-audio-shortcode\" id=\"audio-351198-5\" preload=\"none\" style=\"width: 100%;\" controls=\"controls\"><source type=\"audio\/mpeg\" src=\"https:\/\/www.radiopiu.net\/wordpress\/wp-content\/uploads\/2023\/09\/MATTEO.mp3?_=5\" \/><a href=\"https:\/\/www.radiopiu.net\/wordpress\/wp-content\/uploads\/2023\/09\/MATTEO.mp3\">https:\/\/www.radiopiu.net\/wordpress\/wp-content\/uploads\/2023\/09\/MATTEO.mp3<\/a><\/audio>\n<p>&nbsp;<\/p>\n<p>&nbsp;<\/p>\n<hr \/>\n<p>&nbsp;<\/p>\n<div class=\"page-title-head hgroup\">\n<blockquote>\n<h2 class=\"entry-title\">SPECIALE VIABILITA\u2019\u2026 LE ULTIME NOVITA\u2019<\/h2>\n<\/blockquote>\n<\/div>\n<div class=\"page-title-breadcrumbs\">\n<p><strong><img loading=\"lazy\" decoding=\"async\" class=\"alignleft\" src=\"https:\/\/www.radiopiu.net\/wordpress\/wp-content\/uploads\/2018\/08\/VIABILIA.jpeg\" width=\"188\" height=\"113\" \/>SAN PIETRO DI CADORE<\/strong> Veneto Strade istituir\u00e0 un senso unico alternato regolato da impianto semaforico sulla strada regionale 355 di Val Degano in localit\u00e0 Rio Rinaldo, Comune di San Pietro di Cadore. La limitazione sar\u00e0 attiva dalle 7.30 alle 18 da oggi al 22 settembre, esclusi sabati, domeniche e festivi infrasettimanali.<\/p>\n<div class=\"amico-banner amico-banner--single\">\n<div class=\"g g-3\">\n<div class=\"g-single a-151\"><strong>VIGO DI CADORE<\/strong> revocata l\u2019ordinanza\u00a0 sulla\u00a0 provinciale 33 di Sauris in comune di Vigo di Cadore da forcella Lavardet al confine con la provincia di Udine, circolazione ripristinata.<\/div>\n<div><strong>CORTINA<\/strong> Ripristino della circolazione sulla 48 delle Dolomiti dalla zona di accesso a baita Son Zuogo fino a Rudavoi in Comune di Cortina d\u2019Ampezzo,\u00a0 istituzione di un divieto di sosta.<\/div>\n<\/div>\n<div><\/div>\n<div>\n<blockquote>\n<h3>INTERDIZIONE TOTALE AL TRAFFICO A DIGONERA, 203 AGORDINA A SINGHIOZZO E CHIUSURA A FASCE ORARIE DELLA SP 35 DI LASTE<\/h3>\n<\/blockquote>\n<p><strong>SP 563 SALESEI <\/strong>Fino\u00a0al 18 settembre\u00a0in localit\u00e0 Digonera di Rocca Pietore interdizione al traffico dalle 8 alle 18. Negli altri orari senso unico alternato regolato da semaforo.<\/p>\n<p><strong>SR 203 AGORDINA<\/strong>\u00a0localit\u00e0 La Pissa comune di Sedico,\u00a0dal 11 al 15 settembre\u00a0interruzioni temporanee al transito dalle 8 alle 9:35, dalle 9:50 alle 11:10, Dalle 11:25 alle 12:20 e dalle 14:25 alle 15:55<\/p>\n<p><strong>SP 35 DI LASTE\u00a0<\/strong>In comune di Rocca Pietore, <span style=\"color: #ff0000;\">dal 12 al 22 settembre<\/span>, esclusi sabati e domeniche, interdizione totale alla circolazione a fasce orarie. Dalle 8 alle 10, dalle 10:15 alle 12:15, dalle 13:15 alle 15 e dalle 15:15 alle 17.<\/p>\n<p>&nbsp;<\/p>\n<\/div>\n<\/div>\n<\/div>\n<p>&nbsp;<\/p>\n<\/div>\n<\/div>\n<\/div>\n<hr \/>\n<p>&nbsp;<\/p>\n<h2><span style=\"color: #ff0000;\">GLI APPUNTAMENTI DELLA SETTIMANA\u00a0<\/span><\/h2>\n<blockquote>\n<h3>LA RACCOLTA DI POESIE DI ANTONIETTA CREPAZ<\/h3>\n<\/blockquote>\n<p><strong>SELVA DI CADORE<\/strong> Domani alle 17:30 al Museo Vittorino Cazzetta di Selva di Cadore verr\u00e0 presentata la raccolta di poesie di Antonietta Crepaz dal titolo &#8220;Refolo D&#8217;Aria&#8221;<\/p>\n<p>&nbsp;<\/p>\n<blockquote>\n<h3>LA CULTURA DELL&#8217;INFORMAZIONE IN SALA DON TAMIS<\/h3>\n<\/blockquote>\n<p><strong>AGORDO<\/strong> Venerd\u00ec alle 18 in Sala Don Tamis una serata in occasione della giornata mondiale dei tumori ginecologici dal titolo &#8220;La cultura dell&#8217;informazione&#8221;. Interverranno Laura Favretti, primario di Ginecologia di Feltre, e Maurizio Nicodemo, primario di Oncologia di Feltre. In chiusura, la testimonianza di Serena Zatta Mua, in qualit\u00e0 di paziente con esperienza, per sottolineare quella che \u00e8 la spina dorsale di ACTO, l&#8217;alleanza tra medici e pazienti.<\/p>\n<p>&nbsp;<\/p>\n<p>&nbsp;<\/p>\n<blockquote>\n<h3>9 SETTEMBRE, AD AGORDO SPORT IN PIAZZA<\/h3>\n<\/blockquote>\n<p>&nbsp;<\/p>\n<p><strong><a class=\"dt-pswp-item\" href=\"https:\/\/www.radiopiu.net\/wordpress\/wp-content\/uploads\/2023\/08\/Senza-nome-70.png\" data-dt-img-description=\"\" data-large_image_width=\"563\" data-large_image_height=\"163\"><img loading=\"lazy\" decoding=\"async\" class=\"size-medium wp-image-350002 alignleft\" src=\"https:\/\/www.radiopiu.net\/wordpress\/wp-content\/uploads\/2023\/08\/Senza-nome-70-300x87.png\" alt=\"\" width=\"300\" height=\"87\" srcset=\"https:\/\/www.radiopiu.net\/wordpress\/wp-content\/uploads\/2023\/08\/Senza-nome-70-300x87.png 300w, https:\/\/www.radiopiu.net\/wordpress\/wp-content\/uploads\/2023\/08\/Senza-nome-70-350x100.png 350w, https:\/\/www.radiopiu.net\/wordpress\/wp-content\/uploads\/2023\/08\/Senza-nome-70.png 563w\" sizes=\"auto, (max-width: 300px) 100vw, 300px\" \/><\/a>AGORDO <\/strong>Sabato 9 settembre 2023 le organizzazioni sportive e di volontariato dell\u2019Agordino organizzeranno ad Agordo la XVI\u00b0 edizione della manifestazione \u201cSport in piazza nell\u2019Agordino\u201d . Durante tutta la giornata , dalle 9.30 alle 12.30 e dalle 14.00 alle 18.00 proporranno a bambini e ragazzi\u00a0 le loro attivit\u00e0 sul grande prato del Broi di Agordo e nelle strade e spazi limitrofi, chiusi al traffico in collaborazione con l\u2019Amministrazione comunale e la polizia locale di Agordo. I giovani partecipanti potranno raccogliere in una apposita scheda i timbri di \u201cavvenuta attivit\u00e0\u201d rilasciati da ciascuno stand: a chi raccoglier\u00e0 un congruo numero di timbri, \u00a0al termine\u00a0 del percorso sar\u00e0 regalata la maglietta ricordo della manifestazione.<\/p>\n<p>Sotto l\u2019egida del Comitato provinciale AICS di Belluno , hanno gi\u00e0 dato la loro adesione 14 associazioni sportive, oltre ad alcune\u00a0 associazioni di volontariato: bambini e ragazzi potranno sperimentare in prima persona dalla pesca sportiva alla danza, dallo sci alla pallavolo, dall\u2019atletica al pattinaggio on line, dall\u2019Hockey alla ginnastica ritmica, e ancora judo, karate, scherma antica, nuoto e \u00a0tennis . Le associazioni di volontariato coinvolgeranno i giovani in giochi che avranno a tema l\u2019attivit\u00e0 e gli scopi della loro associazione. Obiettivo della manifestazione \u00e8\u00a0 far vivere concretamente ai ragazzini esperienze\u00a0 sportive o di volontariato , per stimolarli ad impegnarsi nella pratica attiva durante la loro vita. La manifestazione gode del patrocinio del CONI regionale Veneto,\u00a0 del Comune di Agordo e dell\u2019Unione Montana Agordina. Fondamentale l\u2019aiuto di tante piccole realt\u00e0 commerciali locali, cui va il ringraziamento degli organizzatori.<\/p>\n<p>&nbsp;<\/p>\n<blockquote>\n<h3>E DOPO SPORT IN PIAZZA IL CABARET<\/h3>\n<\/blockquote>\n<p><strong><a class=\"dt-pswp-item\" href=\"https:\/\/www.radiopiu.net\/wordpress\/wp-content\/uploads\/2023\/09\/23-agordo-bc.jpg\" data-dt-img-description=\"\" data-large_image_width=\"1872\" data-large_image_height=\"919\"><img loading=\"lazy\" decoding=\"async\" class=\" wp-image-350863 alignleft\" src=\"https:\/\/www.radiopiu.net\/wordpress\/wp-content\/uploads\/2023\/09\/23-agordo-bc-300x147.jpg\" alt=\"\" width=\"182\" height=\"89\" srcset=\"https:\/\/www.radiopiu.net\/wordpress\/wp-content\/uploads\/2023\/09\/23-agordo-bc-300x147.jpg 300w, https:\/\/www.radiopiu.net\/wordpress\/wp-content\/uploads\/2023\/09\/23-agordo-bc-1024x503.jpg 1024w, https:\/\/www.radiopiu.net\/wordpress\/wp-content\/uploads\/2023\/09\/23-agordo-bc-768x377.jpg 768w, https:\/\/www.radiopiu.net\/wordpress\/wp-content\/uploads\/2023\/09\/23-agordo-bc-1536x754.jpg 1536w, https:\/\/www.radiopiu.net\/wordpress\/wp-content\/uploads\/2023\/09\/23-agordo-bc.jpg 1872w\" sizes=\"auto, (max-width: 182px) 100vw, 182px\" \/><\/a>AGORDO <\/strong>Dopo &#8220;Sport in piazza&#8221;, sabato 9 settembre alle 18.30 la decima edizione dell&#8217;evento circense organizzato da Circus Endemicus. Anche per questa occasione, presenteranno le proprie creazioni al limite tra sogno, impossibile e realt\u00e0 artisti provenienti da tutto il mondo. Il cabaret si terr\u00e0 in una delle piazze pi\u00f9 belle delle Dolomiti, il Broi di Agordo. Apporto libero a fine spettacolo (il contributo consigliato \u00e8 di 5 euro a spettatore). Il Cabaret \u00e8 una manifestazione no-profit e autogestita per promuovere l\u2019arte libera in contesti pubblici. Per maggiori informazioni vedi su instagram il profilo\u00a0@circusendemicus<\/p>\n<p>&nbsp;<\/p>\n<blockquote>\n<h3>DOMENICA 10 SETTEMBRE LA FORZA DELLA VITA A PASSO CAMPOLONGO<\/h3>\n<\/blockquote>\n<p>Appuntamento a Passo Campolongo domenica 10 settembre per la giornata dal titolo &#8220;La Forza Della Vita&#8221;. Ritrovo alle 10:30 davanti all&#8217;Hotel Laguscei, passeggiata fino all&#8217;altipiano di Cherz, pratica di pilates e mindfullness e pranzo al sacco. L&#8217;intero ricavato sar\u00e0 devoluto per aiutare i bambini dell&#8217;orfanotrofio &#8220;God Our Father&#8221; a Timboni in Kenya. Quota di partecipazione 25 euro<\/p>\n<p>&nbsp;<\/p>\n<blockquote>\n<h3>MADE IN VALBELLUNA DOLOMITI<\/h3>\n<\/blockquote>\n<p><strong>BELLUNO <\/strong>Turismo e prodotti della terra, \u00e8 la festa delle Pro Loco provinciali a Belluno, in Piazza dei Martiri. Sabato dalle 18.00 &#8220;<strong>cicchettiamo<\/strong>&#8221; con i prodotti del territorio in collaborazione con l&#8217;Associazione Cuochi Bellunesi. Domenica dalle 9.00 alle 19.00 Mostra mercato di sapori e bellezze della Valbelluna, cicchetti a pranzo e\u00a0varie attivit\u00e0: la filiera dell&#8217;orzo, la mostra scambio di semi antichi, l&#8217;intrattenimento con il gruppo Folk &#8220;Dei Bati Orz&#8221;.<\/p>\n<p>&nbsp;<\/p>\n<h2><span style=\"color: #ff0000;\">PROSSIMAMENTE&#8230;\u00a0<\/span><\/h2>\n<blockquote>\n<h3>ESPERIENZA CULINARIA AL RIFUGIO AVERAU<\/h3>\n<\/blockquote>\n<p><b>COLLE SANTA LUCIA <\/b>Marted\u00ec 12 settembre, evento straordinario al Rifugio Averau. Gli chef di casa, Matteo e Stefano, della trattoria alla Cima di Valdobbiadene uniscono genio e bravura per un&#8217;esperienza unica &#8220;dalla laguna alle dolomiti&#8221;. Un percorso enogastronomico dal mare ai fiumi, dalle colline ai boschi del veneziano, trevigiano e bellunese fino alle cime di Cortina. Sar\u00e0 predisposto su prenotazione un servizio di trasporto in jeep dal rifugio Cinque Torri, raggiungibile in macchina dalla strada del passo Falzarego Per info e prenotazioni: 0436 4660<br \/>\nDALLA LAGUNA ALLE DOLOMITI, 12 SETTEMBRE AL RIFUGIO AVERAU<\/p>\n<p>&nbsp;<\/p>\n<blockquote>\n<h3>I COLLEZIONISTI SI INCONTRANO AD ANDRAZ<\/h3>\n<\/blockquote>\n<p><strong>LIVINALLONGO<\/strong> Sabato 16 settembre dalle 15 alle 18 i collezionisti sul tema della Grande Guerra si riuniranno ad Andraz per visionare e scambiarsi i materiali raccolti<\/p>\n<p>&nbsp;<\/p>\n<blockquote>\n<h3>LA SAGRA DI FREGONA A CANALE D&#8217;AGORDO<\/h3>\n<\/blockquote>\n<p><strong>CANALE D&#8217;AGORDO <\/strong>16 e 17 settembre sono le date da segnare sul calendario. A Canale D&#8217;Agordo torna la Sagra di Fregona, due giorni di festa nella frazione canalina. Sabato apertura tendone alle 17, cucina alle 18 e alla sera musica con Tirock Band. Domenica alle 10:30 la santa messa, alle 11 apertura tendone e alle 12 la cucina con piatti tipici. Nel pomeriggio balli e giochi, musica fino a sera con Mirko e I Rosegot e alle 19:30 la processione per le vie del paese.<\/p>\n<p>&nbsp;<\/p>\n<p>&nbsp;<\/p>\n<hr \/>\n<p>&nbsp;<\/p>\n<blockquote>\n<h2>IL LUNEDI ALLE NOVE&#8230; OGGI COME IERI di e con SILVIA BALDO<\/h2>\n<\/blockquote>\n<p><img decoding=\"async\" class=\"aligncenter\" src=\"https:\/\/www.radiopiu.net\/wordpress\/wp-content\/uploads\/2023\/09\/309000774_10222572118595513_7956305457803922499_n.jpg\" \/><\/p>\n<p><strong>PRIMA PUNTATA, 4 SETTEMBRE 2023<\/strong><\/p>\n<audio class=\"wp-audio-shortcode\" id=\"audio-351198-6\" preload=\"none\" style=\"width: 100%;\" controls=\"controls\"><source type=\"audio\/mpeg\" src=\"https:\/\/www.radiopiu.net\/wordpress\/wp-content\/uploads\/2023\/09\/SIBI.mp3?_=6\" \/><a href=\"https:\/\/www.radiopiu.net\/wordpress\/wp-content\/uploads\/2023\/09\/SIBI.mp3\">https:\/\/www.radiopiu.net\/wordpress\/wp-content\/uploads\/2023\/09\/SIBI.mp3<\/a><\/audio>\n<p>&nbsp;<\/p>\n<p>&nbsp;<\/p>\n<p>&nbsp;<\/p>\n<hr \/>\n<p>&nbsp;<\/p>\n<div class=\"message spoilers-container\" dir=\"auto\">\n<div class=\"column\">\n<div class=\"message spoilers-container\" dir=\"auto\">\n<div class=\"column\">\n<p><img loading=\"lazy\" decoding=\"async\" class=\"aligncenter wp-image-61954 size-full\" src=\"https:\/\/www.radiopiu.net\/wordpress\/wp-content\/uploads\/2018\/09\/viabilita.jpeg\" sizes=\"auto, (max-width: 800px) 100vw, 800px\" srcset=\"https:\/\/www.radiopiu.net\/wordpress\/wp-content\/uploads\/2018\/09\/viabilita.jpeg 800w, https:\/\/www.radiopiu.net\/wordpress\/wp-content\/uploads\/2018\/09\/viabilita-300x38.jpeg 300w, https:\/\/www.radiopiu.net\/wordpress\/wp-content\/uploads\/2018\/09\/viabilita-768x96.jpeg 768w\" alt=\"\" width=\"800\" height=\"100\" \/><\/p>\n<\/div>\n<\/div>\n<div class=\"message spoilers-container\" dir=\"auto\">\n<div class=\"column\">\n<p>&nbsp;<\/p>\n<\/div>\n<\/div>\n<\/div>\n<\/div>\n<blockquote class=\"wp-embedded-content\" data-secret=\"p6vWSJiXAR\"><p><a href=\"https:\/\/www.radiopiu.net\/wordpress\/viabilita\/\">viabilita<\/a><\/p><\/blockquote>\n<p><iframe loading=\"lazy\" class=\"wp-embedded-content\" sandbox=\"allow-scripts\" security=\"restricted\" style=\"position: absolute; clip: rect(1px, 1px, 1px, 1px);\" title=\"&#8220;viabilita&#8221; &#8212; Radio Pi\u00f9\" src=\"https:\/\/www.radiopiu.net\/wordpress\/viabilita\/embed\/#?secret=5UbGEuoVdj#?secret=p6vWSJiXAR\" data-secret=\"p6vWSJiXAR\" width=\"600\" height=\"338\" frameborder=\"0\" marginwidth=\"0\" marginheight=\"0\" scrolling=\"no\"><\/iframe><\/p>\n<div class=\"message spoilers-container\" dir=\"auto\">\n<div class=\"column\">\n<div class=\"message spoilers-container\" dir=\"auto\">\n<div class=\"column\">\n<div>\n<div dir=\"ltr\">\n<div class=\"gmail_quote\">\n<div dir=\"ltr\">\n<div><\/div>\n<div><\/div>\n<div><\/div>\n<\/div>\n<\/div>\n<\/div>\n<\/div>\n<hr \/>\n<p>&nbsp;<\/p>\n<p><a class=\"dt-pswp-item\" href=\"https:\/\/www.radiopiu.net\/wordpress\/wp-content\/uploads\/2018\/09\/WhatsApp-Image-2018-09-20-at-16.04.06.jpeg\" data-dt-img-description=\"\" data-large_image_width=\"800\" data-large_image_height=\"100\"><img loading=\"lazy\" decoding=\"async\" class=\"wp-image-61378 size-full aligncenter\" src=\"https:\/\/www.radiopiu.net\/wordpress\/wp-content\/uploads\/2018\/09\/WhatsApp-Image-2018-09-20-at-16.04.06.jpeg\" alt=\"\" width=\"800\" height=\"100\" srcset=\"https:\/\/www.radiopiu.net\/wordpress\/wp-content\/uploads\/2018\/09\/WhatsApp-Image-2018-09-20-at-16.04.06.jpeg 800w, https:\/\/www.radiopiu.net\/wordpress\/wp-content\/uploads\/2018\/09\/WhatsApp-Image-2018-09-20-at-16.04.06-300x38.jpeg 300w, https:\/\/www.radiopiu.net\/wordpress\/wp-content\/uploads\/2018\/09\/WhatsApp-Image-2018-09-20-at-16.04.06-768x96.jpeg 768w\" sizes=\"auto, (max-width: 800px) 100vw, 800px\" \/><\/a><\/p>\n<\/div>\n<\/div>\n<p>&nbsp;<\/p>\n<\/div>\n<\/div>\n<p><center><\/center><center><b>OGGI<\/b><\/center><b>Tempo atteso: <\/b>Stupenda giornata settembrina con sole e cielo terso. Aria limpida ed ottima visibilit\u00e0 in montagna, mentre si potr\u00e0 osservare qualche lieve foschia notturna e mattutina in alcuni fondovalle prealpini, prima che la visibilit\u00e0 migliori.<br \/>\n<b>Precipitazioni: <\/b>Assenti (0%).<br \/>\n<b>Temperature: <\/b>In generale aumento, salvo calo delle minime nelle valli per assenza di nubi basse e irraggiamento notturno.<\/p>\n<hr \/>\n<p><center><b>DOMANI<\/b><\/center><b>Tempo atteso: <\/b>Stupenda giornata settembrina con sole e cielo terso. Aria limpida ed ottima visibilit\u00e0 in montagna, mentre lievi foschie notturne e mattutine saranno presenti in alcuni fondovalle prealpini. Forte escursione termica giornaliera nelle valli.<br \/>\n<b>Precipitazioni: <\/b>Assenti (0%).<br \/>\n<b>Temperature: <\/b>In generale lieve aumento nelle valli e in generale leggera flessione in alta quota.<\/p>\n<hr \/>\n<p><center><b>VENERDI<\/b><\/center>Stupenda giornata settembrina con sole e cielo terso. Aria limpida ed ottima visibilit\u00e0 in montagna, eventuali lievi foschie notturne e mattutine in alcuni fondovalle prealpini. Temperature senza variazioni di rilievo rispetto a gioved\u00ec, salvo locali aumenti delle massime nelle valli, con caldo diurno nelle valli e persistenza della mitezza in alta quota.<\/p>\n<hr \/>\n<p><center><b>SABATO<\/b><\/center>Stupenda giornata settembrina con sole e cielo terso. Aria limpida ed ottima visibilit\u00e0 in montagna, eventuali lievi foschie notturne e mattutine in alcuni fondovalle prealpini. Temperature pressoch\u00e9 stazionarie, salvo lievi e locali variazioni rispetto a venerd\u00ec.<\/p>\n<p>&nbsp;<\/p>\n<div class=\"message spoilers-container\" dir=\"auto\">\n<hr \/>\n<p>&nbsp;<\/p>\n<p><img loading=\"lazy\" decoding=\"async\" class=\"wp-image-60761 size-full aligncenter\" src=\"https:\/\/www.radiopiu.net\/wordpress\/wp-content\/uploads\/2018\/09\/sport.jpg\" alt=\"\" width=\"800\" height=\"100\" srcset=\"https:\/\/www.radiopiu.net\/wordpress\/wp-content\/uploads\/2018\/09\/sport.jpg 800w, https:\/\/www.radiopiu.net\/wordpress\/wp-content\/uploads\/2018\/09\/sport-300x38.jpg 300w, https:\/\/www.radiopiu.net\/wordpress\/wp-content\/uploads\/2018\/09\/sport-768x96.jpg 768w\" sizes=\"auto, (max-width: 800px) 100vw, 800px\" \/><\/p>\n<p>&nbsp;<\/p>\n<\/div>\n\n\t\t\t<style type='text\/css'>\n\t\t\t\t#gallery-8 {\n\t\t\t\t\tmargin: auto;\n\t\t\t\t}\n\t\t\t\t#gallery-8 .gallery-item {\n\t\t\t\t\tfloat: left;\n\t\t\t\t\tmargin-top: 10px;\n\t\t\t\t\ttext-align: center;\n\t\t\t\t\twidth: 50%;\n\t\t\t\t}\n\t\t\t\t#gallery-8 img {\n\t\t\t\t\tborder: 2px solid #cfcfcf;\n\t\t\t\t}\n\t\t\t\t#gallery-8 .gallery-caption {\n\t\t\t\t\tmargin-left: 0;\n\t\t\t\t}\n\t\t\t\t\/* see gallery_shortcode() in wp-includes\/media.php *\/\n\t\t\t<\/style>\n\t\t<div id='gallery-8' class='dt-gallery-container gallery galleryid-351198 gallery-columns-2 gallery-size-thumbnail'><dl class='gallery-item'>\n\t\t\t\t<dt class='gallery-icon portrait'>\n\t\t\t\t\t<a class=\"rollover rollover-zoom dt-pswp-item\" title=\"Locandina Trofeo 16 Comuni dell&#039;Agordino\" data-dt-img-description=\"\" data-large_image_width=\"828\" data-large_image_height=\"1151\"href='https:\/\/www.radiopiu.net\/wordpress\/wp-content\/uploads\/2023\/08\/Locandina-Trofeo-16-Comuni-dellAgordino.jpg'><img loading=\"lazy\" decoding=\"async\" width=\"150\" height=\"150\" src=\"https:\/\/www.radiopiu.net\/wordpress\/wp-content\/uploads\/2023\/08\/Locandina-Trofeo-16-Comuni-dellAgordino-150x150.jpg\" class=\"attachment-thumbnail size-thumbnail\" alt=\"\" aria-describedby=\"gallery-8-349182\" \/><\/a>\n\t\t\t\t<\/dt>\n\t\t\t\t\t<dd class='wp-caption-text gallery-caption' id='gallery-8-349182'>\n\t\t\t\t\tTROFEO 16 COMUNI\n\t\t\t\t\t<\/dd><\/dl><dl class='gallery-item'>\n\t\t\t\t<dt class='gallery-icon portrait'>\n\t\t\t\t\t<a class=\"rollover rollover-zoom dt-pswp-item\" title=\"397b3e08-c14a-4e52-9d10-587f809e4503\" data-dt-img-description=\"\" data-large_image_width=\"724\" data-large_image_height=\"1024\"href='https:\/\/www.radiopiu.net\/wordpress\/wp-content\/uploads\/2023\/09\/397b3e08-c14a-4e52-9d10-587f809e4503.jpg'><img loading=\"lazy\" decoding=\"async\" width=\"150\" height=\"150\" src=\"https:\/\/www.radiopiu.net\/wordpress\/wp-content\/uploads\/2023\/09\/397b3e08-c14a-4e52-9d10-587f809e4503-150x150.jpg\" class=\"attachment-thumbnail size-thumbnail\" alt=\"\" aria-describedby=\"gallery-8-350887\" \/><\/a>\n\t\t\t\t<\/dt>\n\t\t\t\t\t<dd class='wp-caption-text gallery-caption' id='gallery-8-350887'>\n\t\t\t\t\tL&#8217;AMICHEVOLE DELL&#8217;ALLEGHE CON IL GARDENA\n\t\t\t\t\t<\/dd><\/dl><br style=\"clear: both\" \/>\n\t\t\t<\/div>\n\n<p><strong>IL TROFEO DEI 16 COMUNI E&#8217; ARRIVATO A CANALE D&#8217;AGORDO! DOMENICA IL RITORNO DELLA COMPETIZIONE CHE UNISCE UNA VALLATA.\u00a0 <\/strong><strong>DURANTE LA\u00a0 &#8220;VA PIAN MA RIVA&#8221; DI VOLTAGO IL PASSAGGIO DI CONSEGNE E DEL TROFEO, DA GABRIELE RIVA (VOLTAGO) E GIUSEPPE SCHENA (SINDACO DI VOLTAGO)\u00a0 A MASSIMO MURER (SINDACO DI CANALE D&#8217;AGORDO) E MANUELA XAIZ (DEUS EX MACHINA DELL&#8217;ORGANIZZAZIONE).\u00a0 DOMENICA DALLE 9 DIRETTA SUI CANALI FACEBOOK, TELEGRAM, SITO DI RADIO PIU&#8217; E FREQUENZE FM, DIRETTA RADIO<\/strong><\/p>\n\n\t\t\t<style type='text\/css'>\n\t\t\t\t#gallery-9 {\n\t\t\t\t\tmargin: auto;\n\t\t\t\t}\n\t\t\t\t#gallery-9 .gallery-item {\n\t\t\t\t\tfloat: left;\n\t\t\t\t\tmargin-top: 10px;\n\t\t\t\t\ttext-align: center;\n\t\t\t\t\twidth: 50%;\n\t\t\t\t}\n\t\t\t\t#gallery-9 img {\n\t\t\t\t\tborder: 2px solid #cfcfcf;\n\t\t\t\t}\n\t\t\t\t#gallery-9 .gallery-caption {\n\t\t\t\t\tmargin-left: 0;\n\t\t\t\t}\n\t\t\t\t\/* see gallery_shortcode() in wp-includes\/media.php *\/\n\t\t\t<\/style>\n\t\t<div id='gallery-9' class='dt-gallery-container gallery galleryid-351198 gallery-columns-2 gallery-size-thumbnail'><dl class='gallery-item'>\n\t\t\t\t<dt class='gallery-icon landscape'>\n\t\t\t\t\t<a class=\"rollover rollover-zoom dt-pswp-item\" title=\"23002663-c67f-4819-9f1e-90bdc35174e2\" data-dt-img-description=\"\" data-large_image_width=\"1364\" data-large_image_height=\"1364\"href='https:\/\/www.radiopiu.net\/wordpress\/wp-content\/uploads\/2023\/09\/23002663-c67f-4819-9f1e-90bdc35174e2.jpg'><img loading=\"lazy\" decoding=\"async\" width=\"150\" height=\"150\" src=\"https:\/\/www.radiopiu.net\/wordpress\/wp-content\/uploads\/2023\/09\/23002663-c67f-4819-9f1e-90bdc35174e2-150x150.jpg\" class=\"attachment-thumbnail size-thumbnail\" alt=\"\" srcset=\"https:\/\/www.radiopiu.net\/wordpress\/wp-content\/uploads\/2023\/09\/23002663-c67f-4819-9f1e-90bdc35174e2-150x150.jpg 150w, https:\/\/www.radiopiu.net\/wordpress\/wp-content\/uploads\/2023\/09\/23002663-c67f-4819-9f1e-90bdc35174e2-300x300.jpg 300w, https:\/\/www.radiopiu.net\/wordpress\/wp-content\/uploads\/2023\/09\/23002663-c67f-4819-9f1e-90bdc35174e2-1024x1024.jpg 1024w, https:\/\/www.radiopiu.net\/wordpress\/wp-content\/uploads\/2023\/09\/23002663-c67f-4819-9f1e-90bdc35174e2-768x768.jpg 768w, https:\/\/www.radiopiu.net\/wordpress\/wp-content\/uploads\/2023\/09\/23002663-c67f-4819-9f1e-90bdc35174e2.jpg 1364w\" sizes=\"auto, (max-width: 150px) 100vw, 150px\" \/><\/a>\n\t\t\t\t<\/dt><\/dl><dl class='gallery-item'>\n\t\t\t\t<dt class='gallery-icon landscape'>\n\t\t\t\t\t<a class=\"rollover rollover-zoom dt-pswp-item\" title=\"c42dcb8e-f893-45d3-9ed0-73812bb1b6bf\" data-dt-img-description=\"\" data-large_image_width=\"836\" data-large_image_height=\"761\"href='https:\/\/www.radiopiu.net\/wordpress\/wp-content\/uploads\/2023\/09\/c42dcb8e-f893-45d3-9ed0-73812bb1b6bf.jpg'><img loading=\"lazy\" decoding=\"async\" width=\"150\" height=\"150\" src=\"https:\/\/www.radiopiu.net\/wordpress\/wp-content\/uploads\/2023\/09\/c42dcb8e-f893-45d3-9ed0-73812bb1b6bf-150x150.jpg\" class=\"attachment-thumbnail size-thumbnail\" alt=\"\" \/><\/a>\n\t\t\t\t<\/dt><\/dl><br style=\"clear: both\" \/>\n\t\t\t<\/div>\n\n<p>&nbsp;<\/p>\n<p>&nbsp;<\/p>\n<p>&nbsp;<\/p>\n","protected":false},"excerpt":{"rendered":"<p>40esimo di RADIOPIU\u2026. LA VOCE DELL\u2019EMOZIONE ISCRIVITI AL NOSTRO CANALE\u00a0\u00a0YOUTUBE PER SEGUIRE IN DIRETTA I PRINCIPALI PROGRAMMI DI RADIO PIU\u2019 E LE FUTURE DIRETTE IN ESTERNA. PER ISCRIVERTI\u00a0CLICCA QUI\u00a0E PREMI\u00a0 \u201cIscriviti\u201d &nbsp; &nbsp; LA FOTO DEL GIORNO, TAIBON DALL&#8217;AGNER&#8230; grazie a Carlo Zanon\u00a0 &nbsp; &nbsp; ACQUA NON POTABILE A COLLE SANTA LUCIA Gestione Servizi Pubblici&hellip;<\/p>\n","protected":false},"author":4,"featured_media":351376,"comment_status":"closed","ping_status":"closed","sticky":false,"template":"","format":"standard","meta":{"_monsterinsights_skip_tracking":false,"_monsterinsights_sitenote_active":false,"_monsterinsights_sitenote_note":"","_monsterinsights_sitenote_category":0,"footnotes":""},"categories":[51,86,49],"tags":[],"class_list":["post-351198","post","type-post","status-publish","format-standard","has-post-thumbnail","hentry","category-evidenza-top","category-gr","category-news-18","category-51","category-86","category-49","description-off"],"img_url":"https:\/\/www.radiopiu.net\/wordpress\/wp-content\/uploads\/2023\/09\/374830327_617892717195381_5273338351810435043_n.jpg","_links":{"self":[{"href":"https:\/\/www.radiopiu.net\/wordpress\/wp-json\/wp\/v2\/posts\/351198","targetHints":{"allow":["GET"]}}],"collection":[{"href":"https:\/\/www.radiopiu.net\/wordpress\/wp-json\/wp\/v2\/posts"}],"about":[{"href":"https:\/\/www.radiopiu.net\/wordpress\/wp-json\/wp\/v2\/types\/post"}],"author":[{"embeddable":true,"href":"https:\/\/www.radiopiu.net\/wordpress\/wp-json\/wp\/v2\/users\/4"}],"replies":[{"embeddable":true,"href":"https:\/\/www.radiopiu.net\/wordpress\/wp-json\/wp\/v2\/comments?post=351198"}],"version-history":[{"count":0,"href":"https:\/\/www.radiopiu.net\/wordpress\/wp-json\/wp\/v2\/posts\/351198\/revisions"}],"wp:featuredmedia":[{"embeddable":true,"href":"https:\/\/www.radiopiu.net\/wordpress\/wp-json\/wp\/v2\/media\/351376"}],"wp:attachment":[{"href":"https:\/\/www.radiopiu.net\/wordpress\/wp-json\/wp\/v2\/media?parent=351198"}],"wp:term":[{"taxonomy":"category","embeddable":true,"href":"https:\/\/www.radiopiu.net\/wordpress\/wp-json\/wp\/v2\/categories?post=351198"},{"taxonomy":"post_tag","embeddable":true,"href":"https:\/\/www.radiopiu.net\/wordpress\/wp-json\/wp\/v2\/tags?post=351198"}],"curies":[{"name":"wp","href":"https:\/\/api.w.org\/{rel}","templated":true}]}}