{"id":351219,"date":"2023-09-05T05:21:19","date_gmt":"2023-09-05T03:21:19","guid":{"rendered":"https:\/\/www.radiopiu.net\/wordpress\/?p=351219"},"modified":"2023-09-05T05:30:38","modified_gmt":"2023-09-05T03:30:38","slug":"chitarra-in-piena-faccia-chiama-la-polizia-e-lo-denuncia","status":"publish","type":"post","link":"https:\/\/www.radiopiu.net\/wordpress\/chitarra-in-piena-faccia-chiama-la-polizia-e-lo-denuncia\/","title":{"rendered":"CHITARRA IN PIENA FACCIA, CHIAMA LA POLIZIA E LO DENUNCIA"},"content":{"rendered":"<blockquote>\n<h3><\/h3>\n<\/blockquote>\n<p><strong><a class=\"dt-pswp-item\" href=\"https:\/\/www.radiopiu.net\/wordpress\/wp-content\/uploads\/2023\/09\/th-2.jpg\" data-dt-img-description=\"\" data-large_image_width=\"240\" data-large_image_height=\"180\"><img loading=\"lazy\" decoding=\"async\" class=\"wp-image-351218 alignleft\" src=\"https:\/\/www.radiopiu.net\/wordpress\/wp-content\/uploads\/2023\/09\/th-2.jpg\" alt=\"\" width=\"140\" height=\"105\" \/><\/a>BELLUNO<\/strong> Una donna straniera con accento sudamericano \u00e8 stata aggredita e picchiata con la chitarra, ha riportato una ferita allo zigomo. L&#8217;episodio in un appartamento di piazza San Lucano, a Borgo Pr\u00e0. La donna \u00e8 stata trasportata al Pronto soccorso dell&#8217;ospedale San Martino, dove sar\u00e0 sentita dagli investigatori per ricostruire quanto accaduto. L&#8217;indagato \u00e8\u00a0 un 48ennem originario di Santa Giustina. Nelle ultime settimane sono stati diversi gli interventi delle forze di polizia in quell&#8217;abitazione. L&#8217;uomo \u00e8 stato solo identificato e denunciato a piede libero.<\/p>\n<p>&nbsp;<\/p>\n<p>&nbsp;<\/p>\n<hr \/>\n<div id=\"articleContent\" class=\"mercuryWrapper\">\n<div class=\"mercuryScroller\">\n<div class=\"mercuryElement\">\n<div class=\"mercuryBox\">\n<div id=\"articlePlain\"><\/div>\n<\/div>\n<\/div>\n<\/div>\n<\/div>\n<div id=\"articlePrev\"><\/div>\n","protected":false},"excerpt":{"rendered":"<p>BELLUNO Una donna straniera con accento sudamericano \u00e8 stata aggredita e picchiata con la chitarra, ha riportato una ferita allo zigomo. L&#8217;episodio in un appartamento di piazza San Lucano, a Borgo Pr\u00e0. La donna \u00e8 stata trasportata al Pronto soccorso dell&#8217;ospedale San Martino, dove sar\u00e0 sentita dagli investigatori per ricostruire quanto accaduto. L&#8217;indagato \u00e8\u00a0 un&hellip;<\/p>\n","protected":false},"author":4,"featured_media":351218,"comment_status":"closed","ping_status":"closed","sticky":false,"template":"","format":"standard","meta":{"_monsterinsights_skip_tracking":false,"_monsterinsights_sitenote_active":false,"_monsterinsights_sitenote_note":"","_monsterinsights_sitenote_category":0,"footnotes":""},"categories":[51,49],"tags":[],"class_list":["post-351219","post","type-post","status-publish","format-standard","has-post-thumbnail","hentry","category-evidenza-top","category-news-18","category-51","category-49","description-off"],"img_url":"https:\/\/www.radiopiu.net\/wordpress\/wp-content\/uploads\/2023\/09\/th-2.jpg","_links":{"self":[{"href":"https:\/\/www.radiopiu.net\/wordpress\/wp-json\/wp\/v2\/posts\/351219","targetHints":{"allow":["GET"]}}],"collection":[{"href":"https:\/\/www.radiopiu.net\/wordpress\/wp-json\/wp\/v2\/posts"}],"about":[{"href":"https:\/\/www.radiopiu.net\/wordpress\/wp-json\/wp\/v2\/types\/post"}],"author":[{"embeddable":true,"href":"https:\/\/www.radiopiu.net\/wordpress\/wp-json\/wp\/v2\/users\/4"}],"replies":[{"embeddable":true,"href":"https:\/\/www.radiopiu.net\/wordpress\/wp-json\/wp\/v2\/comments?post=351219"}],"version-history":[{"count":0,"href":"https:\/\/www.radiopiu.net\/wordpress\/wp-json\/wp\/v2\/posts\/351219\/revisions"}],"wp:featuredmedia":[{"embeddable":true,"href":"https:\/\/www.radiopiu.net\/wordpress\/wp-json\/wp\/v2\/media\/351218"}],"wp:attachment":[{"href":"https:\/\/www.radiopiu.net\/wordpress\/wp-json\/wp\/v2\/media?parent=351219"}],"wp:term":[{"taxonomy":"category","embeddable":true,"href":"https:\/\/www.radiopiu.net\/wordpress\/wp-json\/wp\/v2\/categories?post=351219"},{"taxonomy":"post_tag","embeddable":true,"href":"https:\/\/www.radiopiu.net\/wordpress\/wp-json\/wp\/v2\/tags?post=351219"}],"curies":[{"name":"wp","href":"https:\/\/api.w.org\/{rel}","templated":true}]}}