{"id":351246,"date":"2023-09-05T07:55:47","date_gmt":"2023-09-05T05:55:47","guid":{"rendered":"https:\/\/www.radiopiu.net\/wordpress\/?p=351246"},"modified":"2023-09-05T07:59:14","modified_gmt":"2023-09-05T05:59:14","slug":"la-rassegna-stampa-dal-1983-lappuntamento-delle-otto-alla-radio-di-mirko-mezzacasa","status":"publish","type":"post","link":"https:\/\/www.radiopiu.net\/wordpress\/la-rassegna-stampa-dal-1983-lappuntamento-delle-otto-alla-radio-di-mirko-mezzacasa\/","title":{"rendered":"LA RASSEGNA STAMPA, DAL 1983 L&#8217;APPUNTAMENTO DELLE OTTO ALLA RADIO, DI MIRKO MEZZACASA"},"content":{"rendered":"<p><iframe loading=\"lazy\" title=\"RASSEGNA STAMPA LOCALE\" width=\"1200\" height=\"675\" src=\"https:\/\/www.youtube.com\/embed\/vfJ1Db4mtpo?feature=oembed\" frameborder=\"0\" allow=\"accelerometer; autoplay; clipboard-write; encrypted-media; gyroscope; picture-in-picture; web-share\" allowfullscreen><\/iframe><\/p>\n<p>&nbsp;<\/p>\n<p>CORTINA La strada del passo Tre Croci sar\u00e0 riaperta oggi, in giornata, il transito dei veicoli sar\u00e0 regolato da semafori e movieri poich\u00e9 sono in corso i lavori sui pendii sovrastanti dopo la frana dei giorni scorsi.<br \/>\nUNA VALLATA PIEGATA DAL DOLORE, VICINA ALLA FAMIGLIA DI &#8220;MAMO&#8221; MASSIMO CREPAZ Un grande lavoratore, esperto e ricercato. Marito, padre di famiglia e nonno esemplare. Vicino alla gente del suo paese e della vallata Fodom, volontario della protezione civile e grande appassionato del calcio locale. &#8220;Mamo&#8221;, lascia la moglie Pierina Foppa, due figlie Marzia e Simona, il nipotino Romeo,\u00a0 la mamma Genoveffa\u00a0 il fratello Martino e la sorella Lorena. A loro giunga il commosso messaggio di cordoglio della redazione.<br \/>\nMORTE SUL LAVORO AD ARABBA. UIL BELLUNO: \u201cLA FORMAZIONE DEVE ESSERE A 360 GRADI\u201d<br \/>\nMARTELLA (PD): ENNESIMA TRAGEDIA CHE FERISCE IL PAESE<br \/>\nPAGLINI (CISL): NECESSARIE PROCEDURE DI SICUREZZA PIU&#8217; SEVERE E REGOLE E PENE PIU&#8217; RIGIDE<br \/>\nFALCADE Alle 13.10 circa di ieri \u00e8 scattato l&#8217;allarme per un escursionista colto da malore all&#8217;altezza di Forcella Pradazzo, mentre con la moglie e una coppia di amici stava scendendo dal Rifugio Laresei. Il primo a mettere in atto le manovre di rianimazione di G.B., 79 anni, di Castelguglielmo (RO), un medico casualmente sul posto. Purtroppo inutili i tentativi, al personale medico di Falco 2 sbarcato nelle vicinanze non \u00e8 restato che constatare il decesso<br \/>\nBELLUNO Una donna straniera con accento sudamericano \u00e8 stata aggredita e picchiata con la chitarra, ha riportato una ferita allo zigomo. L&#8217;episodio in un appartamento di piazza San Lucano, a Borgo Pr\u00e0. La donna \u00e8 stata trasportata al Pronto soccorso dell&#8217;ospedale San Martino<br \/>\nBELLUNO\u00a0 \u00a0R.D.E.\u00a0 il 23 agosto era stato accoltellato dalla fidanzata, dopo un periodo al San Martino \u00e8\u00a0 tornato a casa. Inizialmente aveva dato la colpa a uno sconosciuto incontrato tra il parcheggio del palasport e via Matteo Cesa. \u00a0Le indagini della Squadra mobile della polizia avevano portato dritto alla fidanzata, che al momento \u00e8 indagata per l&#8217;ipotesi di reato di lesioni aggravate.<br \/>\nBELLUNO Badante infedele in tribunale rubate anche due fedi nuziali La Procura della Repubblica di Belluno ha concluso le indagini su una coppia accusata di furto aggravato, ricettazione e indebito utilizzo di strumenti di pagamento diversi dai contanti. I fatti risalgono a dicembre dell&#8217;anno scorso, e ora i due indagati, difesi dall&#8217;avvocato Giorgio Gasperin, si preparano ad affrontare un processo penale, con l&#8217;incognita delle costituzioni di parte civile per il risarcimento danni.<br \/>\nSafilo: Stefano Zanon di Femca Veneto esorta all&#8217;unit\u00e0 per il bene dei lavoratori<br \/>\nOGGI IL TAVOLO REGIONALE PER PARLARE DI SAFILO<br \/>\nPONTE NELLE ALPI Riqualificazione della Casa del Sole a Ponte nelle Alpi: un passo avanti per migliorare i servizi locali<br \/>\nTAIBON Tecnici di Terna al lavoro a Listolade per il rifacimento dei tralicci in sinistra orografica del torrente. Oggi l&#8217;inghippo. Il camion di una ditta incaricata di alcuni lavori e che trasportava il materiale per i tralicci,\u00a0 ha provato ad attraversare il torrente Cordevole per arrivare dall&#8217;altra parte della sponda ma probabilmente \u00e8 stata calcolata male la profondit\u00e0 dell&#8217;acqua e il mezzo non \u00e8 riuscito a raggiungere la riva opposta.\u00a0 Ieri in tarda serata il camion \u00e8 stato riportato a riva.<br \/>\n9 SETTEMBRE, AD AGORDO SPORT IN PIAZZA<br \/>\nDOMENICA 10 SETTEMBRE LA FORZA DELLA VITA A PASSO CAMPOLONGO<br \/>\nsabato e domenica LA SAGRA DI FREGONA A CANALE D&#8217;AGORDO<br \/>\nsabato e domenica LA DESMONTEGADA DI SELVA DI CADORE<br \/>\nHOCKEY SU GHIACCIO INIZIATA LA CAMPAGNA ABBONAMENTI DELL&#8217;ALLEGHE HOCKEY<\/p>\n<p>&nbsp;<\/p>\n<p>&nbsp;<\/p>\n<p>&nbsp;<\/p>\n<p>&nbsp;<\/p>\n","protected":false},"excerpt":{"rendered":"<p>&nbsp; CORTINA La strada del passo Tre Croci sar\u00e0 riaperta oggi, in giornata, il transito dei veicoli sar\u00e0 regolato da semafori e movieri poich\u00e9 sono in corso i lavori sui pendii sovrastanti dopo la frana dei giorni scorsi. UNA VALLATA PIEGATA DAL DOLORE, VICINA ALLA FAMIGLIA DI &#8220;MAMO&#8221; MASSIMO CREPAZ Un grande lavoratore, esperto e&hellip;<\/p>\n","protected":false},"author":4,"featured_media":351225,"comment_status":"closed","ping_status":"closed","sticky":false,"template":"","format":"standard","meta":{"_monsterinsights_skip_tracking":false,"_monsterinsights_sitenote_active":false,"_monsterinsights_sitenote_note":"","_monsterinsights_sitenote_category":0,"footnotes":""},"categories":[104,49],"tags":[],"class_list":["post-351246","post","type-post","status-publish","format-standard","has-post-thumbnail","hentry","category-evidenza_3","category-news-18","category-104","category-49","description-off"],"img_url":"https:\/\/www.radiopiu.net\/wordpress\/wp-content\/uploads\/2023\/09\/COPER.png","_links":{"self":[{"href":"https:\/\/www.radiopiu.net\/wordpress\/wp-json\/wp\/v2\/posts\/351246","targetHints":{"allow":["GET"]}}],"collection":[{"href":"https:\/\/www.radiopiu.net\/wordpress\/wp-json\/wp\/v2\/posts"}],"about":[{"href":"https:\/\/www.radiopiu.net\/wordpress\/wp-json\/wp\/v2\/types\/post"}],"author":[{"embeddable":true,"href":"https:\/\/www.radiopiu.net\/wordpress\/wp-json\/wp\/v2\/users\/4"}],"replies":[{"embeddable":true,"href":"https:\/\/www.radiopiu.net\/wordpress\/wp-json\/wp\/v2\/comments?post=351246"}],"version-history":[{"count":0,"href":"https:\/\/www.radiopiu.net\/wordpress\/wp-json\/wp\/v2\/posts\/351246\/revisions"}],"wp:featuredmedia":[{"embeddable":true,"href":"https:\/\/www.radiopiu.net\/wordpress\/wp-json\/wp\/v2\/media\/351225"}],"wp:attachment":[{"href":"https:\/\/www.radiopiu.net\/wordpress\/wp-json\/wp\/v2\/media?parent=351246"}],"wp:term":[{"taxonomy":"category","embeddable":true,"href":"https:\/\/www.radiopiu.net\/wordpress\/wp-json\/wp\/v2\/categories?post=351246"},{"taxonomy":"post_tag","embeddable":true,"href":"https:\/\/www.radiopiu.net\/wordpress\/wp-json\/wp\/v2\/tags?post=351246"}],"curies":[{"name":"wp","href":"https:\/\/api.w.org\/{rel}","templated":true}]}}