{"id":351266,"date":"2023-09-05T11:47:32","date_gmt":"2023-09-05T09:47:32","guid":{"rendered":"https:\/\/www.radiopiu.net\/wordpress\/?p=351266"},"modified":"2023-09-05T11:47:32","modified_gmt":"2023-09-05T09:47:32","slug":"speciale-viabilita-le-ultime-novita","status":"publish","type":"post","link":"https:\/\/www.radiopiu.net\/wordpress\/speciale-viabilita-le-ultime-novita\/","title":{"rendered":"SPECIALE VIABILITA&#8217;&#8230; LE ULTIME NOVITA&#8217;"},"content":{"rendered":"<p><strong><img loading=\"lazy\" decoding=\"async\" class=\"alignleft\" src=\"https:\/\/www.radiopiu.net\/wordpress\/wp-content\/uploads\/2018\/08\/VIABILIA.jpeg\" width=\"188\" height=\"113\" \/>SAN PIETRO DI CADORE<\/strong> Veneto Strade istituir\u00e0 un senso unico alternato regolato da impianto semaforico sulla strada regionale 355 di Val Degano in localit\u00e0 Rio Rinaldo, Comune di San Pietro di Cadore. La limitazione sar\u00e0 attiva dalle 7.30 alle 18 dal 6 settembre al 22 settembre, esclusi sabati, domeniche e festivi infrasettimanali.<\/p>\n<div class=\"amico-banner amico-banner--single\">\n<div class=\"g g-3\">\n<div class=\"g-single a-151\"><strong>VIGO DI CADORE<\/strong> Da oggi revocata l\u2019ordinanza\u00a0 sulla\u00a0 provinciale 33 di Sauris in comune di Vigo di Cadore da forcella Lavardet al confine con la provincia di Udine, circolazione ripristinata.<\/div>\n<div><\/div>\n<div><strong>CORTINA<\/strong> Ripristino della circolazione sulla 48 delle Dolomiti dalla zona di accesso a baita Son Zuogo fino a Rudavoi in Comune di Cortina d\u2019Ampezzo,\u00a0 istituzione di un divieto di sosta.<\/div>\n<\/div>\n<div><\/div>\n<div>\n<p>&nbsp;<\/p>\n<blockquote>\n<h3>INTERDIZIONE TOTALE AL TRAFFICO A DIGONERA, 203 AGORDINA A SINGHIOZZO E CHIUSURA A FASCE ORARIE DELLA SP 35 DI LASTE<\/h3>\n<\/blockquote>\n<p><strong>SP 563 SALESEI <\/strong>Fino\u00a0al 18 settembre\u00a0in localit\u00e0 Digonera di Rocca Pietore interdizione al traffico dalle 8 alle 18. Negli altri orari senso unico alternato regolato da semaforo.<\/p>\n<p><strong>SR 203 AGORDINA<\/strong>\u00a0localit\u00e0 La Pissa comune di Sedico,\u00a0dal 11 al 15 settembre\u00a0interruzioni temporanee al transito dalle 8 alle 9:35, dalle 9:50 alle 11:10, Dalle 11:25 alle 12:20 e dalle 14:25 alle 15:55<\/p>\n<p><strong>SP 35 DI LASTE\u00a0<\/strong>In comune di Rocca Pietore, <span style=\"color: #ff0000;\">dal 12 al 22 settembre<\/span>, esclusi sabati e domeniche, interdizione totale alla circolazione a fasce orarie. Dalle 8 alle 10, dalle 10:15 alle 12:15, dalle 13:15 alle 15 e dalle 15:15 alle 17.<\/p>\n<p>&nbsp;<\/p>\n<hr \/>\n<p>&nbsp;<\/p>\n<\/div>\n<\/div>\n","protected":false},"excerpt":{"rendered":"<p>SAN PIETRO DI CADORE Veneto Strade istituir\u00e0 un senso unico alternato regolato da impianto semaforico sulla strada regionale 355 di Val Degano in localit\u00e0 Rio Rinaldo, Comune di San Pietro di Cadore. La limitazione sar\u00e0 attiva dalle 7.30 alle 18 dal 6 settembre al 22 settembre, esclusi sabati, domeniche e festivi infrasettimanali. VIGO DI CADORE&hellip;<\/p>\n","protected":false},"author":4,"featured_media":57053,"comment_status":"closed","ping_status":"closed","sticky":false,"template":"","format":"standard","meta":{"_monsterinsights_skip_tracking":false,"_monsterinsights_sitenote_active":false,"_monsterinsights_sitenote_note":"","_monsterinsights_sitenote_category":0,"footnotes":""},"categories":[51,49],"tags":[],"class_list":["post-351266","post","type-post","status-publish","format-standard","has-post-thumbnail","hentry","category-evidenza-top","category-news-18","category-51","category-49","description-off"],"img_url":"https:\/\/www.radiopiu.net\/wordpress\/wp-content\/uploads\/2018\/08\/VIABILIA.jpeg","_links":{"self":[{"href":"https:\/\/www.radiopiu.net\/wordpress\/wp-json\/wp\/v2\/posts\/351266","targetHints":{"allow":["GET"]}}],"collection":[{"href":"https:\/\/www.radiopiu.net\/wordpress\/wp-json\/wp\/v2\/posts"}],"about":[{"href":"https:\/\/www.radiopiu.net\/wordpress\/wp-json\/wp\/v2\/types\/post"}],"author":[{"embeddable":true,"href":"https:\/\/www.radiopiu.net\/wordpress\/wp-json\/wp\/v2\/users\/4"}],"replies":[{"embeddable":true,"href":"https:\/\/www.radiopiu.net\/wordpress\/wp-json\/wp\/v2\/comments?post=351266"}],"version-history":[{"count":0,"href":"https:\/\/www.radiopiu.net\/wordpress\/wp-json\/wp\/v2\/posts\/351266\/revisions"}],"wp:featuredmedia":[{"embeddable":true,"href":"https:\/\/www.radiopiu.net\/wordpress\/wp-json\/wp\/v2\/media\/57053"}],"wp:attachment":[{"href":"https:\/\/www.radiopiu.net\/wordpress\/wp-json\/wp\/v2\/media?parent=351266"}],"wp:term":[{"taxonomy":"category","embeddable":true,"href":"https:\/\/www.radiopiu.net\/wordpress\/wp-json\/wp\/v2\/categories?post=351266"},{"taxonomy":"post_tag","embeddable":true,"href":"https:\/\/www.radiopiu.net\/wordpress\/wp-json\/wp\/v2\/tags?post=351266"}],"curies":[{"name":"wp","href":"https:\/\/api.w.org\/{rel}","templated":true}]}}