{"id":351269,"date":"2023-09-05T14:00:16","date_gmt":"2023-09-05T12:00:16","guid":{"rendered":"https:\/\/www.radiopiu.net\/wordpress\/?p=351269"},"modified":"2023-09-06T05:34:20","modified_gmt":"2023-09-06T03:34:20","slug":"un-fine-settimana-da-non-perdere-a-selva-di-cadore-la-mostra-evolution-e-la-desmontegada","status":"publish","type":"post","link":"https:\/\/www.radiopiu.net\/wordpress\/un-fine-settimana-da-non-perdere-a-selva-di-cadore-la-mostra-evolution-e-la-desmontegada\/","title":{"rendered":"UN FINE SETTIMANA DA NON PERDERE A SELVA DI CADORE: LA MOSTRA EVOLUTION E LA DESMONTEGADA"},"content":{"rendered":"<p><strong>SELVA DI CADORE <\/strong>A Selva di Cadore ci attende un weekend ricco ed entusiasmante, con due imperdibili appuntamenti: quello con la mostra \u201cEvolution. Storie di cambiamento\u201d al Museo Vittorino Cazzetta e lungo il percorso esterno a Santa Fosca e quello con l\u2019attesa e festosa Desmontegada, la festa per il ritorno delle mandrie dall\u2019alpeggio.<\/p>\n<p><strong><u>La mostra<\/u><\/strong>. L\u2019esposizione, che riporta sulle Dolomiti i dinosauri e altri animali preistorici, ricostruiti con rigore scientifico e a grandezza naturale, ponendosi in continuit\u00e0 con la proposta dell\u2019estate 2022, \u201cDinosauri in carne e ossa. Val Fiorentina \u2013 Dolomiti \u2018Le origini\u2019\u201d, prosegue con successo (sar\u00e0 visitabile fino al 22 ottobre), facendo luce su nuovo avvincente capitolo della storia della vita sulla Terra e nello scenario della Val Fiorentina: \u00e8 infatti dedicata all\u2019evoluzione di vertebrati e non solo ed ospita esemplari di anfibi, rettili e uccelli. Nella frazione di Santa Fosca, inoltre, \u00e8 visitabile il percorso esterno dedicato ai dinosauri, con numerose novit\u00e0 come un enorme Diplodocus impennato (di circa 10 metri di altezza), un allosauroide predatore e un coccodrillo gigante Sarcosuchus.<\/p>\n<p><strong><u>La Desmontegada<\/u><\/strong>. Sabato 9 settembre il programma della festa inizier\u00e0 alle 10.00 con l\u2019apertura del tendone in localit\u00e0 I Piegn de Santa Fosca e prender\u00e0 il via un ricco programma che comprende musica con i Die Durstigen (alle 12.00) e Guglielmo e le Bronze squerte (alle 21.00), approfondimenti, e anche uno stand gastronomico dove poter scegliere tra tanti piatti tradizionali, compreso il men\u00f9 Evolution, a tema con la mostra. Nel pomeriggio per i pi\u00f9 piccoli ci sar\u00e0 una dolce merenda, mentre per gli adulti \u00e8 previsto l\u2019aperitivo happy hour. Durante il pomeriggio sar\u00e0 inoltre possibile prendere parte a voli turistici in elicottero, partecipare a prove di tiro biathlon (dalle 14.00) e curiosare tra i banchi dei mercatini dell\u2019artigianato. Domenica 10 settembre si riprender\u00e0 alle 10.00 con l\u2019apertura del tendone e i mercatini dell\u2019artigianato e dei prodotti tipici e il momento clou sar\u00e0 alle 11.30, con la tradizionale sfilata dei capi di bestiame di ritorno dalle malghe e dai pascoli di Selva. La giornata proseguir\u00e0 con l\u2019apertura dello stand gastronomico e l\u2019esibizione dei Conturines Echo alle 12.00, e alle 14.30 con la Banda musicale di San Martino in Badia. Nel pomeriggio non mancheranno infine i giri a cavallo per i bambini (dalle 13.30 alle 16.30) e le prove di mungitura (sia sabato che domenica). Per chi ha voglia di immergersi a pieno nel clima della manifestazione, il dress code consigliato \u00e8 l\u2019abito tradizionale. La Desmontegada di Selva di Cadore \u00e8 gemellata con la Sagra dell\u2019orzo e della birra artigianale di San Tomaso Agordino, Se Desmonteghea di Falcade, Rassegna della Bruna e della pezzata rossa di Livinallongo, El d\u00ec del trator di Canale d\u2019Agordo e Fiera del bestiam di Agordo.<\/p>\n<p>Info mostra: <a href=\"mailto:museoselvadicadore@gmail.com\">museoselvadicadore@gmail.com<\/a>, tel. 0437 521068<\/p>\n<p>Info Desmontegada: Pro Loco Val Fiorentina, tel. 0437 720243, <a href=\"mailto:info@valfiorentina.it\">info@valfiorentina.it<\/a>, <a href=\"http:\/\/www.valfiorentina.it\">www.valfiorentina.it<\/a><\/p>\n\n\t\t\t<style type='text\/css'>\n\t\t\t\t#gallery-1 {\n\t\t\t\t\tmargin: auto;\n\t\t\t\t}\n\t\t\t\t#gallery-1 .gallery-item {\n\t\t\t\t\tfloat: left;\n\t\t\t\t\tmargin-top: 10px;\n\t\t\t\t\ttext-align: center;\n\t\t\t\t\twidth: 33%;\n\t\t\t\t}\n\t\t\t\t#gallery-1 img {\n\t\t\t\t\tborder: 2px solid #cfcfcf;\n\t\t\t\t}\n\t\t\t\t#gallery-1 .gallery-caption {\n\t\t\t\t\tmargin-left: 0;\n\t\t\t\t}\n\t\t\t\t\/* see gallery_shortcode() in wp-includes\/media.php *\/\n\t\t\t<\/style>\n\t\t<div id='gallery-1' class='dt-gallery-container gallery galleryid-351269 gallery-columns-3 gallery-size-medium'><dl class='gallery-item'>\n\t\t\t\t<dt class='gallery-icon landscape'>\n\t\t\t\t\t<a class=\"rollover rollover-zoom dt-pswp-item\" title=\"Desmontegada 2022 prato\" data-dt-img-description=\"\" data-large_image_width=\"1120\" data-large_image_height=\"840\"href='https:\/\/www.radiopiu.net\/wordpress\/wp-content\/uploads\/2023\/09\/Desmontegada-2022-prato.jpg'><img loading=\"lazy\" decoding=\"async\" width=\"300\" height=\"225\" src=\"https:\/\/www.radiopiu.net\/wordpress\/wp-content\/uploads\/2023\/09\/Desmontegada-2022-prato-300x225.jpg\" class=\"attachment-medium size-medium\" alt=\"\" srcset=\"https:\/\/www.radiopiu.net\/wordpress\/wp-content\/uploads\/2023\/09\/Desmontegada-2022-prato-300x225.jpg 300w, https:\/\/www.radiopiu.net\/wordpress\/wp-content\/uploads\/2023\/09\/Desmontegada-2022-prato-1024x768.jpg 1024w, https:\/\/www.radiopiu.net\/wordpress\/wp-content\/uploads\/2023\/09\/Desmontegada-2022-prato-768x576.jpg 768w, https:\/\/www.radiopiu.net\/wordpress\/wp-content\/uploads\/2023\/09\/Desmontegada-2022-prato.jpg 1120w\" sizes=\"auto, (max-width: 300px) 100vw, 300px\" \/><\/a>\n\t\t\t\t<\/dt><\/dl><dl class='gallery-item'>\n\t\t\t\t<dt class='gallery-icon landscape'>\n\t\t\t\t\t<a class=\"rollover rollover-zoom dt-pswp-item\" title=\"Desmontegada 2022\" data-dt-img-description=\"\" data-large_image_width=\"1280\" data-large_image_height=\"960\"href='https:\/\/www.radiopiu.net\/wordpress\/wp-content\/uploads\/2023\/09\/Desmontegada-2022.jpg'><img loading=\"lazy\" decoding=\"async\" width=\"300\" height=\"225\" src=\"https:\/\/www.radiopiu.net\/wordpress\/wp-content\/uploads\/2023\/09\/Desmontegada-2022-300x225.jpg\" class=\"attachment-medium size-medium\" alt=\"\" srcset=\"https:\/\/www.radiopiu.net\/wordpress\/wp-content\/uploads\/2023\/09\/Desmontegada-2022-300x225.jpg 300w, https:\/\/www.radiopiu.net\/wordpress\/wp-content\/uploads\/2023\/09\/Desmontegada-2022-1024x768.jpg 1024w, https:\/\/www.radiopiu.net\/wordpress\/wp-content\/uploads\/2023\/09\/Desmontegada-2022-768x576.jpg 768w, https:\/\/www.radiopiu.net\/wordpress\/wp-content\/uploads\/2023\/09\/Desmontegada-2022.jpg 1280w\" sizes=\"auto, (max-width: 300px) 100vw, 300px\" \/><\/a>\n\t\t\t\t<\/dt><\/dl><dl class='gallery-item'>\n\t\t\t\t<dt class='gallery-icon landscape'>\n\t\t\t\t\t<a class=\"rollover rollover-zoom dt-pswp-item\" title=\"Desmontegada 2022 sfilata\" data-dt-img-description=\"\" data-large_image_width=\"1280\" data-large_image_height=\"960\"href='https:\/\/www.radiopiu.net\/wordpress\/wp-content\/uploads\/2023\/09\/Desmontegada-2022-sfilata.jpg'><img loading=\"lazy\" decoding=\"async\" width=\"300\" height=\"225\" src=\"https:\/\/www.radiopiu.net\/wordpress\/wp-content\/uploads\/2023\/09\/Desmontegada-2022-sfilata-300x225.jpg\" class=\"attachment-medium size-medium\" alt=\"\" srcset=\"https:\/\/www.radiopiu.net\/wordpress\/wp-content\/uploads\/2023\/09\/Desmontegada-2022-sfilata-300x225.jpg 300w, https:\/\/www.radiopiu.net\/wordpress\/wp-content\/uploads\/2023\/09\/Desmontegada-2022-sfilata-1024x768.jpg 1024w, https:\/\/www.radiopiu.net\/wordpress\/wp-content\/uploads\/2023\/09\/Desmontegada-2022-sfilata-768x576.jpg 768w, https:\/\/www.radiopiu.net\/wordpress\/wp-content\/uploads\/2023\/09\/Desmontegada-2022-sfilata.jpg 1280w\" sizes=\"auto, (max-width: 300px) 100vw, 300px\" \/><\/a>\n\t\t\t\t<\/dt><\/dl><br style=\"clear: both\" \/>\n\t\t\t<\/div>\n\n<p>&nbsp;<\/p>\n<p>&nbsp;<\/p>\n<p>**********<\/p>\n","protected":false},"excerpt":{"rendered":"<p>SELVA DI CADORE A Selva di Cadore ci attende un weekend ricco ed entusiasmante, con due imperdibili appuntamenti: quello con la mostra \u201cEvolution. Storie di cambiamento\u201d al Museo Vittorino Cazzetta e lungo il percorso esterno a Santa Fosca e quello con l\u2019attesa e festosa Desmontegada, la festa per il ritorno delle mandrie dall\u2019alpeggio. La mostra.&hellip;<\/p>\n","protected":false},"author":4,"featured_media":351283,"comment_status":"closed","ping_status":"closed","sticky":false,"template":"","format":"standard","meta":{"_monsterinsights_skip_tracking":false,"_monsterinsights_sitenote_active":false,"_monsterinsights_sitenote_note":"","_monsterinsights_sitenote_category":0,"footnotes":""},"categories":[51,49],"tags":[],"class_list":["post-351269","post","type-post","status-publish","format-standard","has-post-thumbnail","hentry","category-evidenza-top","category-news-18","category-51","category-49","description-off"],"img_url":"https:\/\/www.radiopiu.net\/wordpress\/wp-content\/uploads\/2023\/09\/Desmontegada-2022-sfilata.jpg","_links":{"self":[{"href":"https:\/\/www.radiopiu.net\/wordpress\/wp-json\/wp\/v2\/posts\/351269","targetHints":{"allow":["GET"]}}],"collection":[{"href":"https:\/\/www.radiopiu.net\/wordpress\/wp-json\/wp\/v2\/posts"}],"about":[{"href":"https:\/\/www.radiopiu.net\/wordpress\/wp-json\/wp\/v2\/types\/post"}],"author":[{"embeddable":true,"href":"https:\/\/www.radiopiu.net\/wordpress\/wp-json\/wp\/v2\/users\/4"}],"replies":[{"embeddable":true,"href":"https:\/\/www.radiopiu.net\/wordpress\/wp-json\/wp\/v2\/comments?post=351269"}],"version-history":[{"count":0,"href":"https:\/\/www.radiopiu.net\/wordpress\/wp-json\/wp\/v2\/posts\/351269\/revisions"}],"wp:featuredmedia":[{"embeddable":true,"href":"https:\/\/www.radiopiu.net\/wordpress\/wp-json\/wp\/v2\/media\/351283"}],"wp:attachment":[{"href":"https:\/\/www.radiopiu.net\/wordpress\/wp-json\/wp\/v2\/media?parent=351269"}],"wp:term":[{"taxonomy":"category","embeddable":true,"href":"https:\/\/www.radiopiu.net\/wordpress\/wp-json\/wp\/v2\/categories?post=351269"},{"taxonomy":"post_tag","embeddable":true,"href":"https:\/\/www.radiopiu.net\/wordpress\/wp-json\/wp\/v2\/tags?post=351269"}],"curies":[{"name":"wp","href":"https:\/\/api.w.org\/{rel}","templated":true}]}}