{"id":351296,"date":"2023-09-05T14:41:58","date_gmt":"2023-09-05T12:41:58","guid":{"rendered":"https:\/\/www.radiopiu.net\/wordpress\/?p=351296"},"modified":"2023-09-06T05:43:53","modified_gmt":"2023-09-06T03:43:53","slug":"recharge-nature-e-la-vacanza-estrema-nelle-dolomiti","status":"publish","type":"post","link":"https:\/\/www.radiopiu.net\/wordpress\/recharge-nature-e-la-vacanza-estrema-nelle-dolomiti\/","title":{"rendered":"\u201cRECHARGE NATURE\u201d e la vacanza estrema nelle Dolomiti"},"content":{"rendered":"<blockquote><p><em> Abbiamo ricercato il peggior turista al mondo: la ricompensiamo con una vacanza estrema nelle Dolomiti del Veneto.<\/em><\/p><\/blockquote>\n<p style=\"text-align: left;\"><strong><a class=\"dt-pswp-item\" href=\"https:\/\/www.radiopiu.net\/wordpress\/wp-content\/uploads\/2023\/09\/Senza-nome-4.png\" data-dt-img-description=\"\" data-large_image_width=\"265\" data-large_image_height=\"133\"><img loading=\"lazy\" decoding=\"async\" class=\"size-full wp-image-351297 alignleft\" src=\"https:\/\/www.radiopiu.net\/wordpress\/wp-content\/uploads\/2023\/09\/Senza-nome-4.png\" alt=\"\" width=\"265\" height=\"133\" \/><\/a>ROCCA PIETORE<\/strong> L&#8217;obiettivo della provocatoria campagna: stimolare una riflessione sulla necessit\u00e0 di un turismo pi\u00f9 sostenibile e consapevole. L&#8217;idea di una campagna alla ricerca del &#8220;peggiore turista al mondo&#8221; nasce\u00a0 per \u00a0mostrare, attraverso una vera e propria esperienza sul campo, quanto ogni piccolo gesto possa influenzare l&#8217;ambiente.\u00a0 Il messaggio chiave: ognuno di noi pu\u00f2 fare la differenza.\u00a0 \u201cRecharge Nature\u201d verr\u00e0 raccontato all\u2019interno della trasmissione<br \/>\ndi RAI 3 \u201cMacondo\u201d. In questi giorni una troupe della RAI seguir\u00e0 la vacanza \u201cestrema\u201d di Giulia raccontando il territorio delle Dolomiti Bellunesi che la ospita.\u00a0 Verranno calcolate le emissioni di CO2 connesse a tutte le attivit\u00e0 della concorrente, tenendo conto di tutti gli accorgimenti adottati per ridurre i consumi e le emissioni in\u00a0 \u00a0uno stile di vita pi\u00f9 semplice e vicino alla natura.\u00a0 Recharge Nature si svolger\u00e0, dal 5 al 9 settembre\u00a0 tra Rocca <a class=\"dt-pswp-item\" href=\"https:\/\/www.radiopiu.net\/wordpress\/wp-content\/uploads\/2023\/09\/b35b3b45-7bb0-4781-a11b-d9a4a3a9a3c2-1.jpg\" data-dt-img-description=\"\" data-large_image_width=\"555\" data-large_image_height=\"588\"><img loading=\"lazy\" decoding=\"async\" class=\"size-medium wp-image-351358 alignright\" src=\"https:\/\/www.radiopiu.net\/wordpress\/wp-content\/uploads\/2023\/09\/b35b3b45-7bb0-4781-a11b-d9a4a3a9a3c2-1-283x300.jpg\" alt=\"\" width=\"283\" height=\"300\" srcset=\"https:\/\/www.radiopiu.net\/wordpress\/wp-content\/uploads\/2023\/09\/b35b3b45-7bb0-4781-a11b-d9a4a3a9a3c2-1-283x300.jpg 283w, https:\/\/www.radiopiu.net\/wordpress\/wp-content\/uploads\/2023\/09\/b35b3b45-7bb0-4781-a11b-d9a4a3a9a3c2-1.jpg 555w\" sizes=\"auto, (max-width: 283px) 100vw, 283px\" \/><\/a>Pietore ed Alleghe, alle pendici del monte Sasso Bianco. Questo villaggio ha un solo abitante.\u00a0 <strong>LA PROTAGONISTA<\/strong> Scelta tra oltre 900 candidature, Giulia Bronzato (36 anni, Garda) \u00e8 un avvocato che segue la parte di tributi e area finanziaria per il comune di Negrar della Valpolicella. \u00c9 una persona<br \/>\nsolare, comunicativa ed estroversa.\u00a0Il \u201cpeggiore turista al mondo\u201d per fargli vivere una vacanza estrema durante la quale si render\u00e0 conto del peso delle risorse utilizzate durante il viaggio e far\u00e0 ammenda dei propri errori scoprendo un nuovo modo di essere sostenibili.<\/p>\n<blockquote>\n<h3>GLI AMMINISTRATORI DEL TERRITORIO<\/h3>\n<\/blockquote>\n<p>IL SINDACO DI ROCCA PIETORE ANDREA DE BERNARDIN\u00a0 <em>\u201cQuesta \u00e8 un\u2019avventura non facile, abbiamo avviato un progettone, come lo abbiamo sempre definito, perch\u00e9 un piccolo comune che fa da capofila con altri sei comuni per una scelta comune di progettualit\u00e0 che non \u00e8 per nulla scontata&#8221;.\u00a0<\/em>IL SINDACO DI ALLEGHE DANILO DE TONI <em>&#8220;Far\u00e0 capire che i comportamenti di ciascuno di noi devono essere volti a non deturpare l&#8217;ambiente ed il suo equilibrio&#8221;<\/em> MORENO DE VAL SINDACO DI SAN TOMASO <em>&#8220;Dati ISTAT alla mano, notiamo un incremento esponenziale degli arrivi e delle presenze negli ultimi 6 anni. Ormai si parla da tempo di andare oltre il turismo invernale, promuovendo il turismo \u201clento&#8221;. Non un turismo di massa, fatto ormai di proposte \u201cdi plastica\u201d, ma di emozioni e rispetto del nostro territorio.\u201d<\/em><\/p>\n<p><strong>TG1, RAI<\/strong><\/p>\n<div style=\"width: 400px;\" class=\"wp-video\"><video class=\"wp-video-shortcode\" id=\"video-351296-1\" width=\"400\" height=\"848\" preload=\"metadata\" controls=\"controls\"><source type=\"video\/mp4\" src=\"https:\/\/www.radiopiu.net\/wordpress\/wp-content\/uploads\/2023\/09\/WhatsApp-Video-2023-09-05-at-15.22.34.mp4?_=1\" \/><a href=\"https:\/\/www.radiopiu.net\/wordpress\/wp-content\/uploads\/2023\/09\/WhatsApp-Video-2023-09-05-at-15.22.34.mp4\">https:\/\/www.radiopiu.net\/wordpress\/wp-content\/uploads\/2023\/09\/WhatsApp-Video-2023-09-05-at-15.22.34.mp4<\/a><\/video><\/div>\n<hr \/>\n<p>&nbsp;<\/p>\n","protected":false},"excerpt":{"rendered":"<p>Abbiamo ricercato il peggior turista al mondo: la ricompensiamo con una vacanza estrema nelle Dolomiti del Veneto. ROCCA PIETORE L&#8217;obiettivo della provocatoria campagna: stimolare una riflessione sulla necessit\u00e0 di un turismo pi\u00f9 sostenibile e consapevole. L&#8217;idea di una campagna alla ricerca del &#8220;peggiore turista al mondo&#8221; nasce\u00a0 per \u00a0mostrare, attraverso una vera e propria esperienza&hellip;<\/p>\n","protected":false},"author":4,"featured_media":351297,"comment_status":"closed","ping_status":"closed","sticky":false,"template":"","format":"standard","meta":{"_monsterinsights_skip_tracking":false,"_monsterinsights_sitenote_active":false,"_monsterinsights_sitenote_note":"","_monsterinsights_sitenote_category":0,"footnotes":""},"categories":[51,49],"tags":[],"class_list":["post-351296","post","type-post","status-publish","format-standard","has-post-thumbnail","hentry","category-evidenza-top","category-news-18","category-51","category-49","description-off"],"img_url":"https:\/\/www.radiopiu.net\/wordpress\/wp-content\/uploads\/2023\/09\/Senza-nome-4.png","_links":{"self":[{"href":"https:\/\/www.radiopiu.net\/wordpress\/wp-json\/wp\/v2\/posts\/351296","targetHints":{"allow":["GET"]}}],"collection":[{"href":"https:\/\/www.radiopiu.net\/wordpress\/wp-json\/wp\/v2\/posts"}],"about":[{"href":"https:\/\/www.radiopiu.net\/wordpress\/wp-json\/wp\/v2\/types\/post"}],"author":[{"embeddable":true,"href":"https:\/\/www.radiopiu.net\/wordpress\/wp-json\/wp\/v2\/users\/4"}],"replies":[{"embeddable":true,"href":"https:\/\/www.radiopiu.net\/wordpress\/wp-json\/wp\/v2\/comments?post=351296"}],"version-history":[{"count":0,"href":"https:\/\/www.radiopiu.net\/wordpress\/wp-json\/wp\/v2\/posts\/351296\/revisions"}],"wp:featuredmedia":[{"embeddable":true,"href":"https:\/\/www.radiopiu.net\/wordpress\/wp-json\/wp\/v2\/media\/351297"}],"wp:attachment":[{"href":"https:\/\/www.radiopiu.net\/wordpress\/wp-json\/wp\/v2\/media?parent=351296"}],"wp:term":[{"taxonomy":"category","embeddable":true,"href":"https:\/\/www.radiopiu.net\/wordpress\/wp-json\/wp\/v2\/categories?post=351296"},{"taxonomy":"post_tag","embeddable":true,"href":"https:\/\/www.radiopiu.net\/wordpress\/wp-json\/wp\/v2\/tags?post=351296"}],"curies":[{"name":"wp","href":"https:\/\/api.w.org\/{rel}","templated":true}]}}