{"id":351299,"date":"2023-09-05T15:12:50","date_gmt":"2023-09-05T13:12:50","guid":{"rendered":"https:\/\/www.radiopiu.net\/wordpress\/?p=351299"},"modified":"2023-09-05T15:41:20","modified_gmt":"2023-09-05T13:41:20","slug":"siglato-accordo-safilo-di-longarone","status":"publish","type":"post","link":"https:\/\/www.radiopiu.net\/wordpress\/siglato-accordo-safilo-di-longarone\/","title":{"rendered":"SIGLATO L&#8217;ACCORDO SAFILO DI LONGARONE"},"content":{"rendered":"<p><strong><a class=\"dt-pswp-item\" href=\"https:\/\/www.radiopiu.net\/wordpress\/wp-content\/uploads\/2023\/09\/Tavolo-Safilo_completo.jpg\" data-dt-img-description=\"\" data-large_image_width=\"1280\" data-large_image_height=\"960\"><img loading=\"lazy\" decoding=\"async\" class=\" wp-image-351300 alignleft\" src=\"https:\/\/www.radiopiu.net\/wordpress\/wp-content\/uploads\/2023\/09\/Tavolo-Safilo_completo-300x225.jpg\" alt=\"\" width=\"175\" height=\"131\" srcset=\"https:\/\/www.radiopiu.net\/wordpress\/wp-content\/uploads\/2023\/09\/Tavolo-Safilo_completo-300x225.jpg 300w, https:\/\/www.radiopiu.net\/wordpress\/wp-content\/uploads\/2023\/09\/Tavolo-Safilo_completo-1024x768.jpg 1024w, https:\/\/www.radiopiu.net\/wordpress\/wp-content\/uploads\/2023\/09\/Tavolo-Safilo_completo-768x576.jpg 768w, https:\/\/www.radiopiu.net\/wordpress\/wp-content\/uploads\/2023\/09\/Tavolo-Safilo_completo.jpg 1280w\" sizes=\"auto, (max-width: 175px) 100vw, 175px\" \/><\/a>VENEZIA <\/strong>\u00c8 stato siglato questa mattina, al termine dell\u2019incontro in sede regionale convocato e gestito dall\u2019Assessore regionale al lavoro Elena Donazzan assistita dall\u2019Unit\u00e0 di crisi aziendali, il verbale di accordo tra le parti sindacali relativo alla cessione dello stabilimento di Longarone dell\u2019azienda Safilo e contenente i relativi impegni da parte della Regione del Veneto. Hanno partecipato all\u2019incontro le organizzazioni sindacali di categoria regionali e provinciali di FEMCA CISL, UILTEC UIL e FILCTEM CGIL insieme alle RSU e ai rappresentanti dell\u2019azienda Safilo, assistiti da Confindustria Belluno Dolomiti. La Regione e le Parti, con la sola eccezione della FILCTEM CGIL, hanno sottoscritto l\u2019accordo. \u201cQuesta \u00e8 una giornata importante \u2013 commenta l\u2019Assessore Elena Donazzan al termine dell\u2019incontro -. \u00c8 un accordo di grande rilevanza, considerando da dove siamo partiti a gennaio con la comunicazione da parte di Safilo della chiusura dello stabilimento di Longarone e con la prospettiva di lasciare a casa 460 lavoratori. Invece da quel momento, anche grazie al grande lavoro fatto da parte del sindacato, con la disponibilit\u00e0 dell\u2019azienda e con il supporto dell\u2019Unit\u00e0 di crisi regionale, abbiamo accompagnato la transizione verso i due obiettivi che noi, come Regione, ci poniamo sempre: la continuit\u00e0 produttiva e la salvaguardia occupazionale\u201d. \u201cContinuit\u00e0 produttiva significa non disperdere investimenti e competenze in un settore strategico qual \u00e8 quello dell\u2019occhialeria \u2013 precisa Donazzan -. Strategico a livello nazionale, regionale e per Longarone stessa\u201d. \u201cGli obiettivi sono stati entrambi colti con l\u2019accordo di oggi che chiude una fase negoziale e ne apre un\u2019altra pi\u00f9 operativa e di dettaglio che porter\u00e0 le aziende Th\u00e8lios e Innovatek ad insediarsi negli stabilimenti di Longarone. Tutta l\u2019occupazione \u2013 sottolinea ancora l\u2019Assessore al lavoro del Veneto &#8211; sar\u00e0 salvaguardata. Esprimo soddisfazione per la condotta responsabile dimostrata da tutte le Parti sindacali, anche da chi ha espresso una posizione differente, dalle RSU e dai lavoratori\u201d. I prossimi impegni della Regione riguardano, anche attraverso il supporto dell\u2019Unit\u00e0 di Crisi regionale, l\u2019accompagnamento all\u2019attuale fase di transizione e l\u2019attivit\u00e0 di monitoraggio prevista nell\u2019accordo. Nei prossimi giorni saranno programmate le convocazioni delle aziende subentranti.<\/p>\n<p>&nbsp;<\/p>\n<h3><span style=\"color: #ff0000;\">IL COMMENTO DEL PRESIDENTE DEL VENETO LUCA ZAIA<\/span><\/h3>\n<p><strong><a class=\"dt-pswp-item\" href=\"https:\/\/www.radiopiu.net\/wordpress\/wp-content\/uploads\/2022\/07\/zaia.jpg\" data-dt-img-description=\"\" data-large_image_width=\"404\" data-large_image_height=\"283\"><img loading=\"lazy\" decoding=\"async\" class=\" wp-image-289377 alignleft\" src=\"https:\/\/www.radiopiu.net\/wordpress\/wp-content\/uploads\/2022\/07\/zaia-300x210.jpg\" alt=\"\" width=\"149\" height=\"104\" srcset=\"https:\/\/www.radiopiu.net\/wordpress\/wp-content\/uploads\/2022\/07\/zaia-300x210.jpg 300w, https:\/\/www.radiopiu.net\/wordpress\/wp-content\/uploads\/2022\/07\/zaia.jpg 404w\" sizes=\"auto, (max-width: 149px) 100vw, 149px\" \/><\/a>VENEZIA <\/strong>\u201cC\u2019\u00e8 un po\u2019 di nostalgia nel pensare che Safilo lascer\u00e0 Longarone ma questo non scalfisce la soddisfazione per la sigla di un accordo che non era per nulla scontato e che permetter\u00e0 di mantenere in loco la produzione. Un accordo che garantisce di salvare gli oltre 460 posti di lavoro che erano a rischio e di mantenere una produzione di eccellenza che fa del bellunese e di Longarone uno dei poli mondiali dell\u2019occhiale. La Regione si \u00e8 impegnata al massimo, accompagnando questo percorso e rendendo pi\u00f9 semplici i vari passaggi delicati. Tutto questo si \u00e8 tradotto in una operazione di cessione con due acquirenti grazie ai quali tutti i lavoratori saranno occupati con garanzie\u201d. \u00c8 questo il commento del Presidente della Regione Luca Zaia alla notizia della conclusione dell\u2019accordo per la cessione di Safilo che \u00e8 stato perfezionato oggi in sede regionale.<\/p>\n<p>&nbsp;<\/p>\n<p>&nbsp;<\/p>\n<p>*******<\/p>\n","protected":false},"excerpt":{"rendered":"<p>VENEZIA \u00c8 stato siglato questa mattina, al termine dell\u2019incontro in sede regionale convocato e gestito dall\u2019Assessore regionale al lavoro Elena Donazzan assistita dall\u2019Unit\u00e0 di crisi aziendali, il verbale di accordo tra le parti sindacali relativo alla cessione dello stabilimento di Longarone dell\u2019azienda Safilo e contenente i relativi impegni da parte della Regione del Veneto. Hanno&hellip;<\/p>\n","protected":false},"author":4,"featured_media":351300,"comment_status":"closed","ping_status":"closed","sticky":false,"template":"","format":"standard","meta":{"_monsterinsights_skip_tracking":false,"_monsterinsights_sitenote_active":false,"_monsterinsights_sitenote_note":"","_monsterinsights_sitenote_category":0,"footnotes":""},"categories":[51,49],"tags":[],"class_list":["post-351299","post","type-post","status-publish","format-standard","has-post-thumbnail","hentry","category-evidenza-top","category-news-18","category-51","category-49","description-off"],"img_url":"https:\/\/www.radiopiu.net\/wordpress\/wp-content\/uploads\/2023\/09\/Tavolo-Safilo_completo.jpg","_links":{"self":[{"href":"https:\/\/www.radiopiu.net\/wordpress\/wp-json\/wp\/v2\/posts\/351299","targetHints":{"allow":["GET"]}}],"collection":[{"href":"https:\/\/www.radiopiu.net\/wordpress\/wp-json\/wp\/v2\/posts"}],"about":[{"href":"https:\/\/www.radiopiu.net\/wordpress\/wp-json\/wp\/v2\/types\/post"}],"author":[{"embeddable":true,"href":"https:\/\/www.radiopiu.net\/wordpress\/wp-json\/wp\/v2\/users\/4"}],"replies":[{"embeddable":true,"href":"https:\/\/www.radiopiu.net\/wordpress\/wp-json\/wp\/v2\/comments?post=351299"}],"version-history":[{"count":0,"href":"https:\/\/www.radiopiu.net\/wordpress\/wp-json\/wp\/v2\/posts\/351299\/revisions"}],"wp:featuredmedia":[{"embeddable":true,"href":"https:\/\/www.radiopiu.net\/wordpress\/wp-json\/wp\/v2\/media\/351300"}],"wp:attachment":[{"href":"https:\/\/www.radiopiu.net\/wordpress\/wp-json\/wp\/v2\/media?parent=351299"}],"wp:term":[{"taxonomy":"category","embeddable":true,"href":"https:\/\/www.radiopiu.net\/wordpress\/wp-json\/wp\/v2\/categories?post=351299"},{"taxonomy":"post_tag","embeddable":true,"href":"https:\/\/www.radiopiu.net\/wordpress\/wp-json\/wp\/v2\/tags?post=351299"}],"curies":[{"name":"wp","href":"https:\/\/api.w.org\/{rel}","templated":true}]}}