{"id":351320,"date":"2025-09-04T05:20:53","date_gmt":"2025-09-04T03:20:53","guid":{"rendered":"https:\/\/www.radiopiu.net\/wordpress\/?p=351320"},"modified":"2025-09-04T05:26:41","modified_gmt":"2025-09-04T03:26:41","slug":"i-santi-rosari-per-massimo-crepaz","status":"publish","type":"post","link":"https:\/\/www.radiopiu.net\/wordpress\/i-santi-rosari-per-massimo-crepaz\/","title":{"rendered":"DUE ANNI SENZA DI TE, &#8220;MAMO&#8221;"},"content":{"rendered":"<p>&nbsp;<\/p>\n<p><strong>LIVINALLONGO<\/strong><\/p>\n<p data-start=\"117\" data-end=\"393\">Sono gi\u00e0 trascorsi due anni da quel 4 settembre impossibile da dimenticare. Due anni in cui il vuoto lasciato da Massimo Crepaz \u201cMamo\u201d si \u00e8 fatto sentire ogni giorno, in ogni gesto quotidiano, in ogni porta aperta in casa dove il silenzio pesa pi\u00f9 delle parole. La sua presenza alle manifestazioni, il suo impegno costante nell\u2019aiutare tutti, la sua disponibilit\u00e0 senza limiti: ricordi vivi che rendono ancora pi\u00f9 difficile accettare la sua assenza. \u201cPerch\u00e9 proprio a te?\u201d \u2013 si chiedono in tanti, consapevoli che una risposta non ci sar\u00e0 mai. \u201cMamo\u201d manca, manca sempre, manca ogni giorno. Per tenerne vivo il ricordo, la Santa Messa di anniversario sar\u00e0 celebrata <strong data-start=\"804\" data-end=\"878\">domenica 12 ottobre, alle ore 9, nella chiesa di Pieve di Livinallongo<\/strong>. Un momento di raccoglimento, memoria e affetto per una persona che ha lasciato un segno profondo nella sua comunit\u00e0 e nel cuore di chi lo ha conosciuto.<\/p>\n\n\t\t\t<style type='text\/css'>\n\t\t\t\t#gallery-1 {\n\t\t\t\t\tmargin: auto;\n\t\t\t\t}\n\t\t\t\t#gallery-1 .gallery-item {\n\t\t\t\t\tfloat: left;\n\t\t\t\t\tmargin-top: 10px;\n\t\t\t\t\ttext-align: center;\n\t\t\t\t\twidth: 100%;\n\t\t\t\t}\n\t\t\t\t#gallery-1 img {\n\t\t\t\t\tborder: 2px solid #cfcfcf;\n\t\t\t\t}\n\t\t\t\t#gallery-1 .gallery-caption {\n\t\t\t\t\tmargin-left: 0;\n\t\t\t\t}\n\t\t\t\t\/* see gallery_shortcode() in wp-includes\/media.php *\/\n\t\t\t<\/style>\n\t\t<div id='gallery-1' class='dt-gallery-container gallery galleryid-351320 gallery-columns-1 gallery-size-medium'><dl class='gallery-item'>\n\t\t\t\t<dt class='gallery-icon portrait'>\n\t\t\t\t\t<a class=\"rollover rollover-zoom dt-pswp-item\" title=\"db0aa78d-8374-4548-b1f6-5c83aa581d51\" data-dt-img-description=\"\" data-large_image_width=\"1450\" data-large_image_height=\"2048\"href='https:\/\/www.radiopiu.net\/wordpress\/wp-content\/uploads\/2023\/09\/db0aa78d-8374-4548-b1f6-5c83aa581d51.jpg'><img loading=\"lazy\" decoding=\"async\" width=\"212\" height=\"300\" src=\"https:\/\/www.radiopiu.net\/wordpress\/wp-content\/uploads\/2023\/09\/db0aa78d-8374-4548-b1f6-5c83aa581d51-212x300.jpg\" class=\"attachment-medium size-medium\" alt=\"\" srcset=\"https:\/\/www.radiopiu.net\/wordpress\/wp-content\/uploads\/2023\/09\/db0aa78d-8374-4548-b1f6-5c83aa581d51-212x300.jpg 212w, https:\/\/www.radiopiu.net\/wordpress\/wp-content\/uploads\/2023\/09\/db0aa78d-8374-4548-b1f6-5c83aa581d51-725x1024.jpg 725w, https:\/\/www.radiopiu.net\/wordpress\/wp-content\/uploads\/2023\/09\/db0aa78d-8374-4548-b1f6-5c83aa581d51-768x1085.jpg 768w, https:\/\/www.radiopiu.net\/wordpress\/wp-content\/uploads\/2023\/09\/db0aa78d-8374-4548-b1f6-5c83aa581d51-1088x1536.jpg 1088w, https:\/\/www.radiopiu.net\/wordpress\/wp-content\/uploads\/2023\/09\/db0aa78d-8374-4548-b1f6-5c83aa581d51.jpg 1450w\" sizes=\"auto, (max-width: 212px) 100vw, 212px\" \/><\/a>\n\t\t\t\t<\/dt><\/dl><br style=\"clear: both\" \/>\n\t\t\t<\/div>\n\n<div>\n<div class=\"x1cy8zhl x78zum5 x1q0g3np xod5an3 x1pi30zi x1swvt13 xz9dl7a\">\n<div class=\"x1iyjqo2\">\n<div class=\"x78zum5 xdt5ytf xz62fqu x16ldp7u\">\n<div class=\"xu06os2 x1ok221b\">\n<h1><\/h1>\n<h1><\/h1>\n<h1>ricordi<\/h1>\n<h3><\/h3>\n<h3 class=\"x1heor9g x1qlqyl8 x1pd3egz x1a2a7pz x1gslohp x1yc453h\"><span class=\"xt0psk2\"><a class=\"x1i10hfl xjbqb8w x6umtig x1b1mbwd xaqea5y xav7gou x9f619 x1ypdohk xt0psk2 xe8uvvx xdj266r x11i5rnm xat24cr x1mh8g0r xexx8yu x4uap5 x18d9i69 xkhd6sd x16tdsg8 x1hl2dhg xggy1nq x1a2a7pz xt0b8zv xzsf02u x1s688f\" tabindex=\"0\" role=\"link\" href=\"https:\/\/www.facebook.com\/eugubini.nelmondo?__cft__[0]=AZWVBJX25VZCiFoSW7c73VuRMXbdRzk2KoE5pY1Wk0QxyMejK7BpMOep-rjyR3V7fzcxOe0535CUx2pEbOWdwjlucQjFtEqQQ2Fx0EB54x4UwMyO7qOPLyVdJPD6rTFK4IYqwN1pIq4nEeO5Cd0_O62-_S4ILhA6nZsrqhZYvj3hyVvP4qFpFrFph6OxOjrlZuw&amp;__tn__=-UC%2CP-R\"><strong>Eugubini Nel Mondo<\/strong><\/a><\/span><span class=\"xzsf02u xo1l8bm\"><span class=\"xzpqnlu xjm9jq1 x6ikm8r x10wlt62 x10l6tqk x1i1rx1s\">\u00a0<\/span> <\/span><\/h3>\n<\/div>\n<\/div>\n<\/div>\n<\/div>\n<\/div>\n<div>\n<div class=\"\" dir=\"auto\">\n<div id=\":rad:\" class=\"x1iorvi4 x1pi30zi x1l90r2v x1swvt13\" data-ad-comet-preview=\"message\" data-ad-preview=\"message\">\n<div class=\"x78zum5 xdt5ytf xz62fqu x16ldp7u\">\n<div class=\"xu06os2 x1ok221b\">\n<div class=\"xdj266r x11i5rnm xat24cr x1mh8g0r x1vvkbs x126k92a\">\n<div dir=\"auto\"><a class=\"dt-pswp-item\" href=\"https:\/\/www.radiopiu.net\/wordpress\/wp-content\/uploads\/2023\/09\/374830327_617892717195381_5273338351810435043_n.jpg\" data-dt-img-description=\"\" data-large_image_width=\"642\" data-large_image_height=\"538\"><img loading=\"lazy\" decoding=\"async\" class=\"size-medium wp-image-351376 alignleft\" src=\"https:\/\/www.radiopiu.net\/wordpress\/wp-content\/uploads\/2023\/09\/374830327_617892717195381_5273338351810435043_n-300x251.jpg\" alt=\"\" width=\"300\" height=\"251\" srcset=\"https:\/\/www.radiopiu.net\/wordpress\/wp-content\/uploads\/2023\/09\/374830327_617892717195381_5273338351810435043_n-300x251.jpg 300w, https:\/\/www.radiopiu.net\/wordpress\/wp-content\/uploads\/2023\/09\/374830327_617892717195381_5273338351810435043_n.jpg 642w\" sizes=\"auto, (max-width: 300px) 100vw, 300px\" \/><\/a>La comunit\u00e0 della Citt\u00e0 di Livinalongo del Col di Lana, gemellata con Gubbio, \u00e8 stata colpita da una grave tragedia sul lavoro. Massimo Crepaz \u201cMamo\u201d, 57 anni, \u00e8 morto mentre stava lavorando sul 13\u00b0 palo della seggiovia Padon, per cause in corso di accertamento.<\/div>\n<div dir=\"auto\">Il capogruppo Alpini Col di Lana, Valerio Nagler, lo ricorda come persona molto attiva ed infaticabile: \u201c\u2026 il giorno della festa sul Col di Lana andava su presto, aspettava gli altri ed era pronto ad offrire loro un sorso di grappa come defaticante dopo la salita\u2026\u201d ed \u00e8 soprattutto in questo gradevole ruolo che lo ricordano i tanti Eugubini che negli anni sono saliti in vetta al Col di Lana.<\/div>\n<div dir=\"auto\">\u201cMassimo ha avviato per anni la squadra di calcio, era molto attivo nel gruppo Alpini Col di Lana. Sempre disponibile per attivit\u00e0 in favore della collettivit\u00e0. E\u2019 un dramma terribile che colpisce profondamente l\u2019intera comunit\u00e0 \u2013 ha commentato il sindaco Leandro Grones &#8211; \u00e8 inaccettabile e assurdo recarsi sul luogo di lavoro al mattino, salutando i propri cari e non fare pi\u00f9 ritorno. Un tema, quello della sicurezza sul lavoro, che deve essere posto al centro di una profonda riflessione, proprio perch\u00e9 riguarda tutti noi, perch\u00e9 costituisce un valore irrinunciabile che \u00e8 quello della vita. Alla moglie Pierina, alle figlie Simona e Marzia, alla mamma e alla famiglia tutta manifesto l\u2019affetto il cordoglio dell\u2019intera comunit\u00e0.\u201d<\/div>\n<div dir=\"auto\"><strong>L\u2019Associzione Eugubini nel Mondo, si unisce nel ricordo e nel porgere ai familiari e alla comunit\u00e0 fodoma le proprie sentite condoglianze.\u00a0<\/strong><\/div>\n<\/div>\n<\/div>\n<\/div>\n<\/div>\n<\/div>\n<\/div>\n<p>&nbsp;<\/p>\n<div>\n<div class=\"x1cy8zhl x78zum5 x1q0g3np xod5an3 x1pi30zi x1swvt13 xz9dl7a\">\n<div class=\"x1iyjqo2\">\n<div class=\"x78zum5 xdt5ytf xz62fqu x16ldp7u\">\n<div class=\"xu06os2 x1ok221b\">\n<h3 id=\":rkn:\" class=\"x1heor9g x1qlqyl8 x1pd3egz x1a2a7pz x1gslohp x1yc453h\"><span class=\"xt0psk2\"><a class=\"x1i10hfl xjbqb8w x6umtig x1b1mbwd xaqea5y xav7gou x9f619 x1ypdohk xt0psk2 xe8uvvx xdj266r x11i5rnm xat24cr x1mh8g0r xexx8yu x4uap5 x18d9i69 xkhd6sd x16tdsg8 x1hl2dhg xggy1nq x1a2a7pz xt0b8zv xzsf02u x1s688f\" tabindex=\"0\" role=\"link\" href=\"https:\/\/www.facebook.com\/profile.php?id=100009842882054&amp;__cft__[0]=AZWDQrofHTEH3O1pxZEswNXIJX2OJLPYaSEcOSqbjU6SgaGo_YkzR7XzN0kLl19ivz6LqpF1qlkwBVei2vKRpMvCMSg4TYUtSEZuJLin1F3d5BjboaeVfB-x8rrbTSpnguLRMxyVHLaqEHE_ElHd07o2eCOvuGsa6lncMTYx5YpHoA&amp;__tn__=-UC%2CP-R\"><strong>Maurizio Moroni<\/strong><\/a><\/span><\/h3>\n<\/div>\n<div class=\"xu06os2 x1ok221b\"><strong>ONCE WERE WARRIORS Pasqua 2000 con Massimo Crepaz, Gianni Cesari, Roberto De Angeli<\/strong><\/div>\n<\/div>\n<\/div>\n<\/div>\n<\/div>\n<p><a class=\"dt-pswp-item\" href=\"https:\/\/www.radiopiu.net\/wordpress\/wp-content\/uploads\/2023\/09\/93280427_1186336275037791_8862077760122650624_n.jpg\" data-dt-img-description=\"\" data-large_image_width=\"599\" data-large_image_height=\"395\"><img loading=\"lazy\" decoding=\"async\" class=\"size-medium wp-image-351378 aligncenter\" src=\"https:\/\/www.radiopiu.net\/wordpress\/wp-content\/uploads\/2023\/09\/93280427_1186336275037791_8862077760122650624_n-300x198.jpg\" alt=\"\" width=\"300\" height=\"198\" srcset=\"https:\/\/www.radiopiu.net\/wordpress\/wp-content\/uploads\/2023\/09\/93280427_1186336275037791_8862077760122650624_n-300x198.jpg 300w, https:\/\/www.radiopiu.net\/wordpress\/wp-content\/uploads\/2023\/09\/93280427_1186336275037791_8862077760122650624_n.jpg 599w\" sizes=\"auto, (max-width: 300px) 100vw, 300px\" \/><\/a><\/p>\n<p>&nbsp;<\/p>\n<p>********<\/p>\n","protected":false},"excerpt":{"rendered":"<p>&nbsp; LIVINALLONGO Sono gi\u00e0 trascorsi due anni da quel 4 settembre impossibile da dimenticare. Due anni in cui il vuoto lasciato da Massimo Crepaz \u201cMamo\u201d si \u00e8 fatto sentire ogni giorno, in ogni gesto quotidiano, in ogni porta aperta in casa dove il silenzio pesa pi\u00f9 delle parole. La sua presenza alle manifestazioni, il suo&hellip;<\/p>\n","protected":false},"author":4,"featured_media":351183,"comment_status":"closed","ping_status":"closed","sticky":false,"template":"","format":"standard","meta":{"_monsterinsights_skip_tracking":false,"_monsterinsights_sitenote_active":false,"_monsterinsights_sitenote_note":"","_monsterinsights_sitenote_category":0,"footnotes":""},"categories":[51,49],"tags":[],"class_list":["post-351320","post","type-post","status-publish","format-standard","has-post-thumbnail","hentry","category-evidenza-top","category-news-18","category-51","category-49","description-off"],"img_url":"https:\/\/www.radiopiu.net\/wordpress\/wp-content\/uploads\/2023\/09\/Senza-nome-1.png","_links":{"self":[{"href":"https:\/\/www.radiopiu.net\/wordpress\/wp-json\/wp\/v2\/posts\/351320","targetHints":{"allow":["GET"]}}],"collection":[{"href":"https:\/\/www.radiopiu.net\/wordpress\/wp-json\/wp\/v2\/posts"}],"about":[{"href":"https:\/\/www.radiopiu.net\/wordpress\/wp-json\/wp\/v2\/types\/post"}],"author":[{"embeddable":true,"href":"https:\/\/www.radiopiu.net\/wordpress\/wp-json\/wp\/v2\/users\/4"}],"replies":[{"embeddable":true,"href":"https:\/\/www.radiopiu.net\/wordpress\/wp-json\/wp\/v2\/comments?post=351320"}],"version-history":[{"count":3,"href":"https:\/\/www.radiopiu.net\/wordpress\/wp-json\/wp\/v2\/posts\/351320\/revisions"}],"predecessor-version":[{"id":467960,"href":"https:\/\/www.radiopiu.net\/wordpress\/wp-json\/wp\/v2\/posts\/351320\/revisions\/467960"}],"wp:featuredmedia":[{"embeddable":true,"href":"https:\/\/www.radiopiu.net\/wordpress\/wp-json\/wp\/v2\/media\/351183"}],"wp:attachment":[{"href":"https:\/\/www.radiopiu.net\/wordpress\/wp-json\/wp\/v2\/media?parent=351320"}],"wp:term":[{"taxonomy":"category","embeddable":true,"href":"https:\/\/www.radiopiu.net\/wordpress\/wp-json\/wp\/v2\/categories?post=351320"},{"taxonomy":"post_tag","embeddable":true,"href":"https:\/\/www.radiopiu.net\/wordpress\/wp-json\/wp\/v2\/tags?post=351320"}],"curies":[{"name":"wp","href":"https:\/\/api.w.org\/{rel}","templated":true}]}}