{"id":351331,"date":"2023-09-05T18:48:35","date_gmt":"2023-09-05T16:48:35","guid":{"rendered":"https:\/\/www.radiopiu.net\/wordpress\/?p=351331"},"modified":"2023-09-06T05:33:51","modified_gmt":"2023-09-06T03:33:51","slug":"a-cortina-auronzo-e-rocca-pietore","status":"publish","type":"post","link":"https:\/\/www.radiopiu.net\/wordpress\/a-cortina-auronzo-e-rocca-pietore\/","title":{"rendered":"A CORTINA, AURONZO E ROCCA PIETORE GLI INTERVENTI DEL SOCCORSO ALPINO"},"content":{"rendered":"<p><strong>CORTINA <\/strong>Attorno a mezzogiorno l&#8217;elicottero del Suem di Pieve di Cadore \u00e8 volato sulla Via Eotvos &#8211; Dimai alla Tofana di Rozes, per un alpinista francese di 52 anni che aveva riportato un probabile trauma alla caviglia. Secondo di cordata, l&#8217;uomo \u00e8 stato recuperato assieme al compagno con un verricello di 20 metri a met\u00e0 via, all&#8217;altezza dell&#8217;anfiteatro, e trasportato al Codivilla. L&#8217;altro scalatore \u00e8 stato lasciato al Rifugio Dibona.<\/p>\n<p><strong>AURONZO <\/strong>Di seguito l&#8217;elisoccorso \u00e8 stato inviato al Ciadin di Stalata, ad Auronzo, dove, dopo aver percorso la Ferrata Roghel, un&#8217;escursionista era stata colta da una crisi di panico e non era pi\u00f9 in grado di proseguire verso la Cengia Gabriella. Issata a bordo con un verricello di 15 metri, la 34enne tedesca \u00e8 stata accompagnata al Rifugio Carducci. Atterrata in piazzola al Rifugio Vandelli, l&#8217;eliambulanza ha poi recuperato un 63enne americano con un sospetto trauma alla caviglia, per poi dirigersi all&#8217;ospedale di Cortina.<\/p>\n<p><strong>ROCCA PIETORE <\/strong>L&#8217;elicottero \u00e8 infine decollato in direzione della Stazione intermedia degli impianti della Marmolada, al Rifugio Serauta, per un 62enne tedesco con una probabile frattura a tibia e perone. Imbarellato e imbarcato, l&#8217;uomo \u00e8 stato portato a Belluno.<\/p>\n<p>&nbsp;<\/p>\n<p>&nbsp;<\/p>\n<p>******<\/p>\n","protected":false},"excerpt":{"rendered":"<p>CORTINA Attorno a mezzogiorno l&#8217;elicottero del Suem di Pieve di Cadore \u00e8 volato sulla Via Eotvos &#8211; Dimai alla Tofana di Rozes, per un alpinista francese di 52 anni che aveva riportato un probabile trauma alla caviglia. Secondo di cordata, l&#8217;uomo \u00e8 stato recuperato assieme al compagno con un verricello di 20 metri a met\u00e0&hellip;<\/p>\n","protected":false},"author":4,"featured_media":298850,"comment_status":"closed","ping_status":"closed","sticky":false,"template":"","format":"standard","meta":{"_monsterinsights_skip_tracking":false,"_monsterinsights_sitenote_active":false,"_monsterinsights_sitenote_note":"","_monsterinsights_sitenote_category":0,"footnotes":""},"categories":[51,49],"tags":[],"class_list":["post-351331","post","type-post","status-publish","format-standard","has-post-thumbnail","hentry","category-evidenza-top","category-news-18","category-51","category-49","description-off"],"img_url":"https:\/\/www.radiopiu.net\/wordpress\/wp-content\/uploads\/2022\/09\/309142707_771246390814523_5693451179006834112_n.jpg","_links":{"self":[{"href":"https:\/\/www.radiopiu.net\/wordpress\/wp-json\/wp\/v2\/posts\/351331","targetHints":{"allow":["GET"]}}],"collection":[{"href":"https:\/\/www.radiopiu.net\/wordpress\/wp-json\/wp\/v2\/posts"}],"about":[{"href":"https:\/\/www.radiopiu.net\/wordpress\/wp-json\/wp\/v2\/types\/post"}],"author":[{"embeddable":true,"href":"https:\/\/www.radiopiu.net\/wordpress\/wp-json\/wp\/v2\/users\/4"}],"replies":[{"embeddable":true,"href":"https:\/\/www.radiopiu.net\/wordpress\/wp-json\/wp\/v2\/comments?post=351331"}],"version-history":[{"count":0,"href":"https:\/\/www.radiopiu.net\/wordpress\/wp-json\/wp\/v2\/posts\/351331\/revisions"}],"wp:featuredmedia":[{"embeddable":true,"href":"https:\/\/www.radiopiu.net\/wordpress\/wp-json\/wp\/v2\/media\/298850"}],"wp:attachment":[{"href":"https:\/\/www.radiopiu.net\/wordpress\/wp-json\/wp\/v2\/media?parent=351331"}],"wp:term":[{"taxonomy":"category","embeddable":true,"href":"https:\/\/www.radiopiu.net\/wordpress\/wp-json\/wp\/v2\/categories?post=351331"},{"taxonomy":"post_tag","embeddable":true,"href":"https:\/\/www.radiopiu.net\/wordpress\/wp-json\/wp\/v2\/tags?post=351331"}],"curies":[{"name":"wp","href":"https:\/\/api.w.org\/{rel}","templated":true}]}}