{"id":351396,"date":"2023-09-06T07:55:40","date_gmt":"2023-09-06T05:55:40","guid":{"rendered":"https:\/\/www.radiopiu.net\/wordpress\/?p=351396"},"modified":"2023-09-06T09:01:32","modified_gmt":"2023-09-06T07:01:32","slug":"dal-1983-loriginale-la-rassegna-stampa-locale-di-mirko-mezzacasa-3","status":"publish","type":"post","link":"https:\/\/www.radiopiu.net\/wordpress\/dal-1983-loriginale-la-rassegna-stampa-locale-di-mirko-mezzacasa-3\/","title":{"rendered":"DAL 1983&#8230; L&#8217;ORIGINALE. LA RASSEGNA STAMPA LOCALE DI MIRKO MEZZACASA"},"content":{"rendered":"<p>&nbsp;<\/p>\n<p><iframe loading=\"lazy\" title=\"RASSEGNA STAMPA LOCALE\" width=\"1200\" height=\"675\" src=\"https:\/\/www.youtube.com\/embed\/_-VzDzCWTJE?feature=oembed\" frameborder=\"0\" allow=\"accelerometer; autoplay; clipboard-write; encrypted-media; gyroscope; picture-in-picture; web-share\" allowfullscreen><\/iframe><\/p>\n<p>&nbsp;<\/p>\n<p>a COLLE SANTA LUCIA in localit\u00e0 RUCAVA&#8217;,\u00a0COLCUC, FEDARE,POSALZ, CANAZEI, TIE\u2019, BELVEDERE e ROVEI l&#8217;acqua erogata dall&#8217;acquedotto non \u00e8 potabile e non pu\u00f2 essere usata per scopi alimentari.<\/p>\n<p>LIVINALLONGO La comunit\u00e0\u00a0 potr\u00e0 salutare il suo concittadino domani, alle 14.30, nella chiesa di Pieve, dove sar\u00e0 celebrato il funerale. Alle 14 sar\u00e0 recitato un rosario.<br \/>\nBUSCHE\u00a0 Una donna sulla sessantina residente nel Comune di Cesiomaggiore \u00e8 annegata, trascinata dalla forza delle acque nelle griglie di aspirazione della diga.<br \/>\nFELTRE Un&#8217;anziana residente in citt\u00e0 \u00e8 stata investita in via Battisti mentre stava\u00a0 attraversando la strada. Il conducente della Opel che procedeva in direzione del centro citt\u00e0 non \u00e8 riuscito ad evitarla.<br \/>\nCORTINA un alpinista francese di 52 anni ha riportato un probabile trauma alla caviglia.<br \/>\nROCCA PIETORE In Marmolada un 62enne tedesco soccorso per la frattura a tibia e perone.<br \/>\nAURONZO Crisi di pani sulla Ferrata Roghel, escursionista 34enne tedesca soccorsa e accompagnata al Rifugio Carducci. Soccorso anche un 63enne americano per un trauma alla caviglia.<br \/>\nVENEZIA \u00c8 stato siglato ieri mattina, al termine dell\u2019incontro in sede regionale convocato e gestito dall\u2019Assessore regionale al lavoro Elena Donazzan assistita dall\u2019Unit\u00e0 di crisi aziendali, il verbale di accordo tra le parti sindacali relativo alla cessione dello stabilimento di Longarone dell\u2019azienda Safilo e contenente i relativi impegni da parte della Regione del Veneto.<br \/>\nCOMUNE DI RIVAMONTE SENZA OPERAI E SALTA IL SERVIZIO SCUOLABUS<br \/>\nIL SINDACO DI BELLUNO HA INCONTRATO IL PROSSIMO COMANDATE DEL SETTIMO REGGIMENTO ALPINI<br \/>\nDOMANI AL CERLETTI DI CONEGLIANO L\u2019OTTAVA GIORNATA RSU E DELEGATI DELLA CISL SCUOLA<br \/>\n\u201cRECHARGE NATURE\u201d E LA VACANZA ESTREMA NELLE DOLOMITI<br \/>\nLA PROTAGONISTA\u00a0Scelta tra oltre 900 candidature, Giulia Bronzato (36 anni, Garda) \u00e8 un avvocato che segue la parte di tributi e area finanziaria per il comune di Negrar della Valpolicella.<br \/>\nNEVEGAL, IL PIANO DI LAYACHI E C.: \u00abPER UN COLLE VIVIBILE E INCLUSIVO\u00bb<br \/>\nUN FINE SETTIMANA DA NON PERDERE A SELVA DI CADORE: LA MOSTRA EVOLUTION E LA DESMONTEGADA<br \/>\nCOLLE SANTA LUCIA Marted\u00ec 12 settembre, evento straordinario al Rifugio Averau. Gli chef di casa, Matteo e Stefano, della trattoria alla Cima di Valdobbiadene uniscono genio e bravura per un&#8217;esperienza unica &#8220;dalla laguna alle dolomiti&#8221;.<br \/>\n9 SETTEMBRE, AD AGORDO SPORT IN PIAZZA LO SPECIALE ALLE 10.30 E 1900 ALLA RADIO<br \/>\nDOMENICA 10 SETTEMBRE LA FORZA DELLA VITA A PASSO CAMPOLONGO<br \/>\nLIVINALLONGO Sabato 16 settembre dalle 15 alle 18 i collezionisti sul tema della Grande Guerra si riuniranno ad Andraz per visionare e scambiarsi i materiali raccolti<br \/>\nIL TROFEO DEI 16 COMUNI E&#8217; ARRIVATO A CANALE D&#8217;AGORDO! DOMENICA IL RITORNO DELLA COMPETIZIONE CHE UNISCE UNA VALLATA.\u00a0 DURANTE LA\u00a0 &#8220;VA PIAN MA RIVA&#8221; DI VOLTAGO IL PASSAGGIO DI CONSEGNE E DEL TROFEO, DA GABRIELE RIVA (VOLTAGO) E GIUSEPPE SCHENA (SINDACO DI VOLTAGO)\u00a0 A MASSIMO MURER (SINDACO DI CANALE D&#8217;AGORDO) E MANUELA XAIZ (DEUS EX MACHINA DELL&#8217;ORGANIZZAZIONE).\u00a0 DOMENICA DALLE 9 DIRETTA SUI CANALI FACEBOOK, TELEGRAM, SITO DI RADIO PIU&#8217; E FREQUENZE FM, DIRETTA RADIO<\/p>\n","protected":false},"excerpt":{"rendered":"<p>&nbsp; &nbsp; a COLLE SANTA LUCIA in localit\u00e0 RUCAVA&#8217;,\u00a0COLCUC, FEDARE,POSALZ, CANAZEI, TIE\u2019, BELVEDERE e ROVEI l&#8217;acqua erogata dall&#8217;acquedotto non \u00e8 potabile e non pu\u00f2 essere usata per scopi alimentari. LIVINALLONGO La comunit\u00e0\u00a0 potr\u00e0 salutare il suo concittadino domani, alle 14.30, nella chiesa di Pieve, dove sar\u00e0 celebrato il funerale. Alle 14 sar\u00e0 recitato un rosario.&hellip;<\/p>\n","protected":false},"author":4,"featured_media":351397,"comment_status":"closed","ping_status":"closed","sticky":false,"template":"","format":"standard","meta":{"_monsterinsights_skip_tracking":false,"_monsterinsights_sitenote_active":false,"_monsterinsights_sitenote_note":"","_monsterinsights_sitenote_category":0,"footnotes":""},"categories":[104,49,142],"tags":[],"class_list":["post-351396","post","type-post","status-publish","format-standard","has-post-thumbnail","hentry","category-evidenza_3","category-news-18","category-rassegna-stampa","category-104","category-49","category-142","description-off"],"img_url":"https:\/\/www.radiopiu.net\/wordpress\/wp-content\/uploads\/2023\/09\/Senza-nome-7.png","_links":{"self":[{"href":"https:\/\/www.radiopiu.net\/wordpress\/wp-json\/wp\/v2\/posts\/351396","targetHints":{"allow":["GET"]}}],"collection":[{"href":"https:\/\/www.radiopiu.net\/wordpress\/wp-json\/wp\/v2\/posts"}],"about":[{"href":"https:\/\/www.radiopiu.net\/wordpress\/wp-json\/wp\/v2\/types\/post"}],"author":[{"embeddable":true,"href":"https:\/\/www.radiopiu.net\/wordpress\/wp-json\/wp\/v2\/users\/4"}],"replies":[{"embeddable":true,"href":"https:\/\/www.radiopiu.net\/wordpress\/wp-json\/wp\/v2\/comments?post=351396"}],"version-history":[{"count":0,"href":"https:\/\/www.radiopiu.net\/wordpress\/wp-json\/wp\/v2\/posts\/351396\/revisions"}],"wp:featuredmedia":[{"embeddable":true,"href":"https:\/\/www.radiopiu.net\/wordpress\/wp-json\/wp\/v2\/media\/351397"}],"wp:attachment":[{"href":"https:\/\/www.radiopiu.net\/wordpress\/wp-json\/wp\/v2\/media?parent=351396"}],"wp:term":[{"taxonomy":"category","embeddable":true,"href":"https:\/\/www.radiopiu.net\/wordpress\/wp-json\/wp\/v2\/categories?post=351396"},{"taxonomy":"post_tag","embeddable":true,"href":"https:\/\/www.radiopiu.net\/wordpress\/wp-json\/wp\/v2\/tags?post=351396"}],"curies":[{"name":"wp","href":"https:\/\/api.w.org\/{rel}","templated":true}]}}