{"id":351428,"date":"2023-09-07T04:21:24","date_gmt":"2023-09-07T02:21:24","guid":{"rendered":"https:\/\/www.radiopiu.net\/wordpress\/?p=351428"},"modified":"2023-09-07T04:26:47","modified_gmt":"2023-09-07T02:26:47","slug":"precipita-dopo-il-lancio-basejumper-perde-la-vita-sulle-tofane","status":"publish","type":"post","link":"https:\/\/www.radiopiu.net\/wordpress\/precipita-dopo-il-lancio-basejumper-perde-la-vita-sulle-tofane\/","title":{"rendered":"PRECIPITA DOPO IL LANCIO, BASEJUMPER PERDE LA VITA SOTTO GLI OCCHI DI DUE AMICI"},"content":{"rendered":"<blockquote>\n<h3><\/h3>\n<\/blockquote>\n<blockquote>\n<h3><a class=\"dt-pswp-item\" href=\"https:\/\/www.radiopiu.net\/wordpress\/wp-content\/uploads\/2023\/09\/AAAA.png\" data-dt-img-description=\"\" data-large_image_width=\"526\" data-large_image_height=\"365\"><img loading=\"lazy\" decoding=\"async\" class=\"size-medium wp-image-351540 alignleft\" src=\"https:\/\/www.radiopiu.net\/wordpress\/wp-content\/uploads\/2023\/09\/AAAA-300x208.png\" alt=\"\" width=\"300\" height=\"208\" srcset=\"https:\/\/www.radiopiu.net\/wordpress\/wp-content\/uploads\/2023\/09\/AAAA-300x208.png 300w, https:\/\/www.radiopiu.net\/wordpress\/wp-content\/uploads\/2023\/09\/AAAA.png 526w\" sizes=\"auto, (max-width: 300px) 100vw, 300px\" \/><\/a>PRECIPITA DOPO IL LANCIO, BASEJUMPER PERDE LA VITA SULLE TOFANE<\/h3>\n<p><em>Basejumper muore in Tofana. Lo specialista australiano Jay Driscoll si \u00e8 schiantato ieri mattina nel Canalino del prete e ha perso la vita sotto gli occhi di due amici.<\/em><\/p><\/blockquote>\n<p><strong>CORTINA<\/strong>\u00a0 Un basejumper \u00e8 precipitato dall&#8217;arrivo del secondo troncone della Freccia del Cielo in Tofana, <strong><a class=\"dt-pswp-item\" href=\"https:\/\/www.radiopiu.net\/wordpress\/wp-content\/uploads\/2023\/09\/Watermark_20230906_162936_220.jpg\" data-dt-img-description=\"\" data-large_image_width=\"1773\" data-large_image_height=\"2364\"><img loading=\"lazy\" decoding=\"async\" class=\"wp-image-351454 alignright\" src=\"https:\/\/www.radiopiu.net\/wordpress\/wp-content\/uploads\/2023\/09\/Watermark_20230906_162936_220-225x300.jpg\" alt=\"\" width=\"128\" height=\"171\" srcset=\"https:\/\/www.radiopiu.net\/wordpress\/wp-content\/uploads\/2023\/09\/Watermark_20230906_162936_220-225x300.jpg 225w, https:\/\/www.radiopiu.net\/wordpress\/wp-content\/uploads\/2023\/09\/Watermark_20230906_162936_220-768x1024.jpg 768w, https:\/\/www.radiopiu.net\/wordpress\/wp-content\/uploads\/2023\/09\/Watermark_20230906_162936_220-1152x1536.jpg 1152w, https:\/\/www.radiopiu.net\/wordpress\/wp-content\/uploads\/2023\/09\/Watermark_20230906_162936_220-1536x2048.jpg 1536w, https:\/\/www.radiopiu.net\/wordpress\/wp-content\/uploads\/2023\/09\/Watermark_20230906_162936_220.jpg 1773w\" sizes=\"auto, (max-width: 128px) 100vw, 128px\" \/><\/a><\/strong>quota 2.470 metri, a lanciare l&#8217;allarme un uomo australiano. L&#8217;uomo un australiano di 38 anni \u00e8 finito nel Canalino del prete con il paracadute, 200 metri pi\u00f9 in basso rispetto a dove in realt\u00e0 si era lanciato e da dove avrebbero dovuto seguirlo altri due connazionali bloccatisi dopo il suo incidente. Poich\u00e9 il corpo si trovava sotto i cavi dell&#8217;elettricit\u00e0, a sinistra del Torrione Zesta, l&#8217;elicottero \u00e8 volato a imbarcare due soccorritori della Guardia di finanza e li ha lasciati il pi\u00f9 vicino possibile per poi partire per un&#8217;altra missione. Altri due tecnici del Soccorso alpino di Cortina, in supporto alle operazioni e ai rilievi, sono stati portati in quota dall&#8217;elicottero dell&#8217;Air service center, convenzionato con il Soccorso alpino Dolomiti Bellunesi.<\/p>\n<blockquote><p><em>Jay Francis Driscoll, che su suo profilo Instagram si definiva \u00abpilota di tuta alare, appassionato di base jump, cercatore di avventure e lecca-francobolli certificato\u00bb, recava come motto \u00abentra o muori provandoci\u00bb e contava qualcosa come 37 mila 300 followers. Aveva pubblicato una storia proprio dalla Freccia del Cielo, prima di lanciarsi nel vuoto come aveva fatto chiss\u00e0 quante altre volte.\u00a0<\/em><\/p><\/blockquote>\n<p>&nbsp;<\/p>\n<p>&nbsp;<\/p>\n<hr \/>\n<p>&nbsp;<\/p>\n","protected":false},"excerpt":{"rendered":"<p>PRECIPITA DOPO IL LANCIO, BASEJUMPER PERDE LA VITA SULLE TOFANE Basejumper muore in Tofana. Lo specialista australiano Jay Driscoll si \u00e8 schiantato ieri mattina nel Canalino del prete e ha perso la vita sotto gli occhi di due amici. CORTINA\u00a0 Un basejumper \u00e8 precipitato dall&#8217;arrivo del secondo troncone della Freccia del Cielo in Tofana, quota&hellip;<\/p>\n","protected":false},"author":4,"featured_media":351429,"comment_status":"closed","ping_status":"closed","sticky":false,"template":"","format":"standard","meta":{"_monsterinsights_skip_tracking":false,"_monsterinsights_sitenote_active":false,"_monsterinsights_sitenote_note":"","_monsterinsights_sitenote_category":0,"footnotes":""},"categories":[51,49],"tags":[],"class_list":["post-351428","post","type-post","status-publish","format-standard","has-post-thumbnail","hentry","category-evidenza-top","category-news-18","category-51","category-49","description-off"],"img_url":"https:\/\/www.radiopiu.net\/wordpress\/wp-content\/uploads\/2023\/09\/Senza-nome-8.png","_links":{"self":[{"href":"https:\/\/www.radiopiu.net\/wordpress\/wp-json\/wp\/v2\/posts\/351428","targetHints":{"allow":["GET"]}}],"collection":[{"href":"https:\/\/www.radiopiu.net\/wordpress\/wp-json\/wp\/v2\/posts"}],"about":[{"href":"https:\/\/www.radiopiu.net\/wordpress\/wp-json\/wp\/v2\/types\/post"}],"author":[{"embeddable":true,"href":"https:\/\/www.radiopiu.net\/wordpress\/wp-json\/wp\/v2\/users\/4"}],"replies":[{"embeddable":true,"href":"https:\/\/www.radiopiu.net\/wordpress\/wp-json\/wp\/v2\/comments?post=351428"}],"version-history":[{"count":0,"href":"https:\/\/www.radiopiu.net\/wordpress\/wp-json\/wp\/v2\/posts\/351428\/revisions"}],"wp:featuredmedia":[{"embeddable":true,"href":"https:\/\/www.radiopiu.net\/wordpress\/wp-json\/wp\/v2\/media\/351429"}],"wp:attachment":[{"href":"https:\/\/www.radiopiu.net\/wordpress\/wp-json\/wp\/v2\/media?parent=351428"}],"wp:term":[{"taxonomy":"category","embeddable":true,"href":"https:\/\/www.radiopiu.net\/wordpress\/wp-json\/wp\/v2\/categories?post=351428"},{"taxonomy":"post_tag","embeddable":true,"href":"https:\/\/www.radiopiu.net\/wordpress\/wp-json\/wp\/v2\/tags?post=351428"}],"curies":[{"name":"wp","href":"https:\/\/api.w.org\/{rel}","templated":true}]}}