{"id":351451,"date":"2023-09-06T15:22:54","date_gmt":"2023-09-06T13:22:54","guid":{"rendered":"https:\/\/www.radiopiu.net\/wordpress\/?p=351451"},"modified":"2023-09-07T04:33:01","modified_gmt":"2023-09-07T02:33:01","slug":"a-difendere-la-porta-dellalleghe-hockey-ci-sara-anche-tommaso-zanardi","status":"publish","type":"post","link":"https:\/\/www.radiopiu.net\/wordpress\/a-difendere-la-porta-dellalleghe-hockey-ci-sara-anche-tommaso-zanardi\/","title":{"rendered":"A DIFENDERE LA PORTA DELL&#8217;ALLEGHE HOCKEY CI SARA&#8217; ANCHE TOMMASO ZANARDI"},"content":{"rendered":"<p><strong><a class=\"dt-pswp-item\" href=\"https:\/\/www.radiopiu.net\/wordpress\/wp-content\/uploads\/2023\/09\/b5b8a32a-d9ff-4c3b-963d-fe9f4efb1c62.jpg\" data-dt-img-description=\"\" data-large_image_width=\"1024\" data-large_image_height=\"682\"><img loading=\"lazy\" decoding=\"async\" class=\" wp-image-351420 alignleft\" src=\"https:\/\/www.radiopiu.net\/wordpress\/wp-content\/uploads\/2023\/09\/b5b8a32a-d9ff-4c3b-963d-fe9f4efb1c62-300x200.jpg\" alt=\"\" width=\"168\" height=\"112\" srcset=\"https:\/\/www.radiopiu.net\/wordpress\/wp-content\/uploads\/2023\/09\/b5b8a32a-d9ff-4c3b-963d-fe9f4efb1c62-300x200.jpg 300w, https:\/\/www.radiopiu.net\/wordpress\/wp-content\/uploads\/2023\/09\/b5b8a32a-d9ff-4c3b-963d-fe9f4efb1c62-768x512.jpg 768w, https:\/\/www.radiopiu.net\/wordpress\/wp-content\/uploads\/2023\/09\/b5b8a32a-d9ff-4c3b-963d-fe9f4efb1c62.jpg 1024w\" sizes=\"auto, (max-width: 168px) 100vw, 168px\" \/><\/a>di Roberto Miana, portavoce dell&#8217;Alleghe Hockey<\/strong><\/p>\n<p>L\u2019Alleghe Hockey ha il piacere di annunciare che, anche per questa stagione, potr\u00e0 contare sulla disponibilit\u00e0 del goalie TOMMASO ZANARDI. Classe 2000 di Agordo, portiere prodotto del vivaio biancorosso, ha fatto il suo esordio in prima squadra nella stagione 2017\/2018, disputando 55 gare. Ha sempre indossato la maglia dell\u2019Alleghe ad eccezione della stagione 2019\/2020, quando ha difeso la gabbia del Como. In questi anni si \u00e8 dimostrato goalie affidabile, grazie all\u2019esperienza maturata. Con la conferma anche di Zanardi il roster portieri delle Civette pu\u00f2 considerarsi completo; assieme a Gianni Scola e Mathias De Nardin va a comporre un trio di estremi difensori di assoluto valore. Le parole di Tommy: \u201cAnche quest\u2019anno mi sono reso disponibile per l\u2019Alleghe, ci sar\u00f2 nonostante per alcuni periodi dovr\u00f2 seguire le lezioni universitarie a Milano, dove studio scienze ambientali alla statale. A livello hockeistico la stagione passata \u00e8 stata certamente molto dura, per\u00f2 siamo riusciti a finirla nonostante mille problemi. Abbiamo iniziato da alcuni giorni gli allenamenti sul ghiaccio e ho gi\u00e0 potuto apprezzare il buon lavoro fatto dalla Societ\u00e0 per allestire questa nuova squadra. Sono molto contento del gruppo, perch\u00e9 a mio avviso \u00e8 molto promettente\u201d<\/p>\n<p>(foto: Annalisa Dal Mas)<\/p>\n<p>&nbsp;<\/p>\n<p>&nbsp;<\/p>\n<p>*******<\/p>\n","protected":false},"excerpt":{"rendered":"<p>di Roberto Miana, portavoce dell&#8217;Alleghe Hockey L\u2019Alleghe Hockey ha il piacere di annunciare che, anche per questa stagione, potr\u00e0 contare sulla disponibilit\u00e0 del goalie TOMMASO ZANARDI. Classe 2000 di Agordo, portiere prodotto del vivaio biancorosso, ha fatto il suo esordio in prima squadra nella stagione 2017\/2018, disputando 55 gare. Ha sempre indossato la maglia dell\u2019Alleghe&hellip;<\/p>\n","protected":false},"author":4,"featured_media":351420,"comment_status":"closed","ping_status":"closed","sticky":false,"template":"","format":"standard","meta":{"_monsterinsights_skip_tracking":false,"_monsterinsights_sitenote_active":false,"_monsterinsights_sitenote_note":"","_monsterinsights_sitenote_category":0,"footnotes":""},"categories":[104,49],"tags":[],"class_list":["post-351451","post","type-post","status-publish","format-standard","has-post-thumbnail","hentry","category-evidenza_3","category-news-18","category-104","category-49","description-off"],"img_url":"https:\/\/www.radiopiu.net\/wordpress\/wp-content\/uploads\/2023\/09\/b5b8a32a-d9ff-4c3b-963d-fe9f4efb1c62.jpg","_links":{"self":[{"href":"https:\/\/www.radiopiu.net\/wordpress\/wp-json\/wp\/v2\/posts\/351451","targetHints":{"allow":["GET"]}}],"collection":[{"href":"https:\/\/www.radiopiu.net\/wordpress\/wp-json\/wp\/v2\/posts"}],"about":[{"href":"https:\/\/www.radiopiu.net\/wordpress\/wp-json\/wp\/v2\/types\/post"}],"author":[{"embeddable":true,"href":"https:\/\/www.radiopiu.net\/wordpress\/wp-json\/wp\/v2\/users\/4"}],"replies":[{"embeddable":true,"href":"https:\/\/www.radiopiu.net\/wordpress\/wp-json\/wp\/v2\/comments?post=351451"}],"version-history":[{"count":0,"href":"https:\/\/www.radiopiu.net\/wordpress\/wp-json\/wp\/v2\/posts\/351451\/revisions"}],"wp:featuredmedia":[{"embeddable":true,"href":"https:\/\/www.radiopiu.net\/wordpress\/wp-json\/wp\/v2\/media\/351420"}],"wp:attachment":[{"href":"https:\/\/www.radiopiu.net\/wordpress\/wp-json\/wp\/v2\/media?parent=351451"}],"wp:term":[{"taxonomy":"category","embeddable":true,"href":"https:\/\/www.radiopiu.net\/wordpress\/wp-json\/wp\/v2\/categories?post=351451"},{"taxonomy":"post_tag","embeddable":true,"href":"https:\/\/www.radiopiu.net\/wordpress\/wp-json\/wp\/v2\/tags?post=351451"}],"curies":[{"name":"wp","href":"https:\/\/api.w.org\/{rel}","templated":true}]}}