{"id":351460,"date":"2023-09-06T15:39:18","date_gmt":"2023-09-06T13:39:18","guid":{"rendered":"https:\/\/www.radiopiu.net\/wordpress\/?p=351460"},"modified":"2023-09-06T18:12:43","modified_gmt":"2023-09-06T16:12:43","slug":"voci-ribelli-senza-filtri-e-i-libri-di-liana","status":"publish","type":"post","link":"https:\/\/www.radiopiu.net\/wordpress\/voci-ribelli-senza-filtri-e-i-libri-di-liana\/","title":{"rendered":"VOCI RIBELLI SENZA FILTRI E I LIBRI DI LIANA"},"content":{"rendered":"<p><strong><img loading=\"lazy\" decoding=\"async\" class=\"alignleft\" src=\"https:\/\/www.radiopiu.net\/wordpress\/wp-content\/uploads\/2023\/09\/34f4cfc6-e863-46e9-9695-8df44be63421-300x300.jpg\" width=\"167\" height=\"167\" \/>REDAZIONE<\/strong> La stagione tardo estiva&#8230; quasi autunnale porta le prima novit\u00e0 alla Radio. Con Marina e Luisa sono ripresi i programmi della sera, giovedi 7 il primo appuntamento con<strong> &#8220;intanto me la canto&#8221;<\/strong>. A breve il ritorno dei mercoledi di sera e la musica country con Alex mentre Moreno, Siro e Jessica gi\u00e0 lavorano sul prossimo Walking aroun the music, tutt&#8217;un&#8217;altra domenica.<\/p>\n<p><strong>LA PROSSIMA SETTIMANA<\/strong><\/p>\n<p>martedi e giovedi\u00a0 il ritorno del Country alla radio con Alex Nascinben alle 9 del mattino, replica il mercoledi e venerdi alle 20.30<\/p>\n<p>prende il via su RADIO PIU Liber, la nuova rubrica di Radio Pi\u00f9 perch\u00e9 \u00e8 veramente<br \/>\n&#8220;libero&#8221; chi si perde in un &#8220;libro&#8221;.<strong> Da mercoled\u00ec 13 settembre alle 9.00<\/strong> sulle frequenze di Radio Pi\u00f9, Liber per farci rapire dai libri con Liana.<\/p>\n<p><strong>LIANA CAVALLET<\/strong><\/p>\n<audio class=\"wp-audio-shortcode\" id=\"audio-351460-1\" preload=\"none\" style=\"width: 100%;\" controls=\"controls\"><source type=\"audio\/mpeg\" src=\"https:\/\/www.radiopiu.net\/wordpress\/wp-content\/uploads\/2023\/09\/INTRODUZIONE.mp3?_=1\" \/><a href=\"https:\/\/www.radiopiu.net\/wordpress\/wp-content\/uploads\/2023\/09\/INTRODUZIONE.mp3\">https:\/\/www.radiopiu.net\/wordpress\/wp-content\/uploads\/2023\/09\/INTRODUZIONE.mp3<\/a><\/audio>\n<p>e sempre da mercoledi 13 settembre&#8230; VOCI RIBELLI PER RAGAZZI AUDACI, alle 10.30 e 1900 con Alessia, Francesca, Lorenzo&#8230; In collaborazione con l&#8217;associazione DAFNE<\/p>\n<p><strong>LORENZO<\/strong><\/p>\n<audio class=\"wp-audio-shortcode\" id=\"audio-351460-2\" preload=\"none\" style=\"width: 100%;\" controls=\"controls\"><source type=\"audio\/wav\" src=\"https:\/\/www.radiopiu.net\/wordpress\/wp-content\/uploads\/2023\/09\/presentazione-lorenzo.wav?_=2\" \/><a href=\"https:\/\/www.radiopiu.net\/wordpress\/wp-content\/uploads\/2023\/09\/presentazione-lorenzo.wav\">https:\/\/www.radiopiu.net\/wordpress\/wp-content\/uploads\/2023\/09\/presentazione-lorenzo.wav<\/a><\/audio>\n<p><strong>ALESSIA<\/strong><\/p>\n<audio class=\"wp-audio-shortcode\" id=\"audio-351460-3\" preload=\"none\" style=\"width: 100%;\" controls=\"controls\"><source type=\"audio\/wav\" src=\"https:\/\/www.radiopiu.net\/wordpress\/wp-content\/uploads\/2023\/09\/alessia-voci-ribelli.wav?_=3\" \/><a href=\"https:\/\/www.radiopiu.net\/wordpress\/wp-content\/uploads\/2023\/09\/alessia-voci-ribelli.wav\">https:\/\/www.radiopiu.net\/wordpress\/wp-content\/uploads\/2023\/09\/alessia-voci-ribelli.wav<\/a><\/audio>\n<p><strong>FRANCESCA\u00a0<\/strong><\/p>\n<audio class=\"wp-audio-shortcode\" id=\"audio-351460-4\" preload=\"none\" style=\"width: 100%;\" controls=\"controls\"><source type=\"audio\/wav\" src=\"https:\/\/www.radiopiu.net\/wordpress\/wp-content\/uploads\/2023\/09\/questo-podcast-nasce.wav?_=4\" \/><a href=\"https:\/\/www.radiopiu.net\/wordpress\/wp-content\/uploads\/2023\/09\/questo-podcast-nasce.wav\">https:\/\/www.radiopiu.net\/wordpress\/wp-content\/uploads\/2023\/09\/questo-podcast-nasce.wav<\/a><\/audio>\n<p>&nbsp;<\/p>\n<p>Da questa settimana sono riprese le rubriche: Cisl la voce per i lavoratori (il mercoledi alle 10.15 e alle 18.10); spi cgil con Maria Rita Gentilin (ogni 15 giorni il giovedi alle 10.30 e 19), Solidariet\u00e0 Vento Fondo Pensione con il dottor Paolo Stefan (primo venerdi del mese alle 10.30 e 19)<\/p>\n<p><strong>DA MARTEDI ALLE 10.30\u00a0 IL RITORNO DELLA PROF. MARIA ROSA SALMAZO &#8220;SE NON LA SMETTI TI MANDO DAL PRESIDE&#8221;, DOMENICA REPLICA ALLE 8<\/strong><\/p>\n<p>&nbsp;<\/p>\n<p>&nbsp;<\/p>\n<p>&nbsp;<\/p>\n<p>&nbsp;<\/p>\n<hr \/>\n<p>&nbsp;<\/p>\n","protected":false},"excerpt":{"rendered":"<p>REDAZIONE La stagione tardo estiva&#8230; quasi autunnale porta le prima novit\u00e0 alla Radio. Con Marina e Luisa sono ripresi i programmi della sera, giovedi 7 il primo appuntamento con &#8220;intanto me la canto&#8221;. A breve il ritorno dei mercoledi di sera e la musica country con Alex mentre Moreno, Siro e Jessica gi\u00e0 lavorano sul&hellip;<\/p>\n","protected":false},"author":4,"featured_media":351472,"comment_status":"closed","ping_status":"closed","sticky":false,"template":"","format":"standard","meta":{"_monsterinsights_skip_tracking":false,"_monsterinsights_sitenote_active":false,"_monsterinsights_sitenote_note":"","_monsterinsights_sitenote_category":0,"footnotes":""},"categories":[49],"tags":[],"class_list":["post-351460","post","type-post","status-publish","format-standard","has-post-thumbnail","hentry","category-news-18","category-49","description-off"],"img_url":"https:\/\/www.radiopiu.net\/wordpress\/wp-content\/uploads\/2023\/09\/34f4cfc6-e863-46e9-9695-8df44be63421.jpg","_links":{"self":[{"href":"https:\/\/www.radiopiu.net\/wordpress\/wp-json\/wp\/v2\/posts\/351460","targetHints":{"allow":["GET"]}}],"collection":[{"href":"https:\/\/www.radiopiu.net\/wordpress\/wp-json\/wp\/v2\/posts"}],"about":[{"href":"https:\/\/www.radiopiu.net\/wordpress\/wp-json\/wp\/v2\/types\/post"}],"author":[{"embeddable":true,"href":"https:\/\/www.radiopiu.net\/wordpress\/wp-json\/wp\/v2\/users\/4"}],"replies":[{"embeddable":true,"href":"https:\/\/www.radiopiu.net\/wordpress\/wp-json\/wp\/v2\/comments?post=351460"}],"version-history":[{"count":0,"href":"https:\/\/www.radiopiu.net\/wordpress\/wp-json\/wp\/v2\/posts\/351460\/revisions"}],"wp:featuredmedia":[{"embeddable":true,"href":"https:\/\/www.radiopiu.net\/wordpress\/wp-json\/wp\/v2\/media\/351472"}],"wp:attachment":[{"href":"https:\/\/www.radiopiu.net\/wordpress\/wp-json\/wp\/v2\/media?parent=351460"}],"wp:term":[{"taxonomy":"category","embeddable":true,"href":"https:\/\/www.radiopiu.net\/wordpress\/wp-json\/wp\/v2\/categories?post=351460"},{"taxonomy":"post_tag","embeddable":true,"href":"https:\/\/www.radiopiu.net\/wordpress\/wp-json\/wp\/v2\/tags?post=351460"}],"curies":[{"name":"wp","href":"https:\/\/api.w.org\/{rel}","templated":true}]}}