{"id":351490,"date":"2023-09-06T20:00:33","date_gmt":"2023-09-06T18:00:33","guid":{"rendered":"https:\/\/www.radiopiu.net\/wordpress\/?p=351490"},"modified":"2023-09-06T16:33:16","modified_gmt":"2023-09-06T14:33:16","slug":"una-vita-sui-monti-di-john-francis-della-pietra","status":"publish","type":"post","link":"https:\/\/www.radiopiu.net\/wordpress\/una-vita-sui-monti-di-john-francis-della-pietra\/","title":{"rendered":"UNA VITA SUI MONTI, DI JOHN FRANCIS DELLA PIETRA"},"content":{"rendered":"<p><a class=\"dt-pswp-item\" href=\"https:\/\/www.radiopiu.net\/wordpress\/wp-content\/uploads\/2023\/09\/RIFUGIO-FALIER.jpg\" data-dt-img-description=\"\" data-large_image_width=\"1024\" data-large_image_height=\"768\"><img loading=\"lazy\" decoding=\"async\" class=\" wp-image-351495 alignleft\" src=\"https:\/\/www.radiopiu.net\/wordpress\/wp-content\/uploads\/2023\/09\/RIFUGIO-FALIER-300x225.jpg\" alt=\"\" width=\"180\" height=\"135\" srcset=\"https:\/\/www.radiopiu.net\/wordpress\/wp-content\/uploads\/2023\/09\/RIFUGIO-FALIER-300x225.jpg 300w, https:\/\/www.radiopiu.net\/wordpress\/wp-content\/uploads\/2023\/09\/RIFUGIO-FALIER-768x576.jpg 768w, https:\/\/www.radiopiu.net\/wordpress\/wp-content\/uploads\/2023\/09\/RIFUGIO-FALIER.jpg 1024w\" sizes=\"auto, (max-width: 180px) 100vw, 180px\" \/><\/a>L\u00e0, sulle pareti pi\u00f9 lisce e strapiombanti dove la grigia roccia \u00e8 spesso pi\u00f9 sicura, generazioni d&#8217;alpinisti hanno fatto con le loro vie d&#8217;ascensione la storia della sud della Marmolada. Ai suoi piedi resiste da tempo immemore un rifugio sicuro: il Falier all&#8217;Ombretta, base per queste memorabili imprese. Una famiglia lo gestisce da sette decenni anche nelle difficolt\u00e0 pionieristiche dei primi anni. Infatti la sua apertura stagionale era un vero evento socio solidale necessario al suo annuale proseguo. Un paese intero, canale e non solo, si caricava sulle spalle nell&#8217;ultima decade di giugno i viveri per il fabbisogno dell&#8217; ambiente e li portava fino lass\u00f9. Una teoria di portatori d ogni specie che all&#8217;arrivo lass\u00f9 riceveva il grato abbraccio della famiglia Del Bon. Ripercorrendo ora questo sentiero le emozioni si rinnovano fra le maestose pareti della Marmolada e l&#8217;ospitalit\u00e0 dei gestori del rifugio.<\/p>\n<p>(FOTO: Marco Bogo &#8211; www.rifugiofalier.altervista.org)<\/p>\n<p><strong>UNA VITA SUI MONTI<\/strong><\/p>\n<p>di John Francis Della Pietra<\/p>\n<p><em><strong>AUDIO<\/strong><\/em><\/p>\n<audio class=\"wp-audio-shortcode\" id=\"audio-351490-1\" preload=\"none\" style=\"width: 100%;\" controls=\"controls\"><source type=\"audio\/mpeg\" src=\"https:\/\/www.radiopiu.net\/wordpress\/wp-content\/uploads\/2023\/09\/JOHN-FRANCIS-UNA-VITA-SUI-MONTI.mp3?_=1\" \/><a href=\"https:\/\/www.radiopiu.net\/wordpress\/wp-content\/uploads\/2023\/09\/JOHN-FRANCIS-UNA-VITA-SUI-MONTI.mp3\">https:\/\/www.radiopiu.net\/wordpress\/wp-content\/uploads\/2023\/09\/JOHN-FRANCIS-UNA-VITA-SUI-MONTI.mp3<\/a><\/audio>\n<p>&nbsp;<\/p>\n\n\t\t\t<style type='text\/css'>\n\t\t\t\t#gallery-1 {\n\t\t\t\t\tmargin: auto;\n\t\t\t\t}\n\t\t\t\t#gallery-1 .gallery-item {\n\t\t\t\t\tfloat: left;\n\t\t\t\t\tmargin-top: 10px;\n\t\t\t\t\ttext-align: center;\n\t\t\t\t\twidth: 50%;\n\t\t\t\t}\n\t\t\t\t#gallery-1 img {\n\t\t\t\t\tborder: 2px solid #cfcfcf;\n\t\t\t\t}\n\t\t\t\t#gallery-1 .gallery-caption {\n\t\t\t\t\tmargin-left: 0;\n\t\t\t\t}\n\t\t\t\t\/* see gallery_shortcode() in wp-includes\/media.php *\/\n\t\t\t<\/style>\n\t\t<div id='gallery-1' class='dt-gallery-container gallery galleryid-351490 gallery-columns-2 gallery-size-medium'><dl class='gallery-item'>\n\t\t\t\t<dt class='gallery-icon portrait'>\n\t\t\t\t\t<a class=\"rollover rollover-zoom dt-pswp-item\" title=\"6bd23eb9-3f95-46bc-9d9e-edde2cd5f8b7\" data-dt-img-description=\"\" data-large_image_width=\"900\" data-large_image_height=\"2000\"href='https:\/\/www.radiopiu.net\/wordpress\/wp-content\/uploads\/2023\/09\/6bd23eb9-3f95-46bc-9d9e-edde2cd5f8b7.jpg'><img loading=\"lazy\" decoding=\"async\" width=\"135\" height=\"300\" src=\"https:\/\/www.radiopiu.net\/wordpress\/wp-content\/uploads\/2023\/09\/6bd23eb9-3f95-46bc-9d9e-edde2cd5f8b7-135x300.jpg\" class=\"attachment-medium size-medium\" alt=\"\" srcset=\"https:\/\/www.radiopiu.net\/wordpress\/wp-content\/uploads\/2023\/09\/6bd23eb9-3f95-46bc-9d9e-edde2cd5f8b7-135x300.jpg 135w, https:\/\/www.radiopiu.net\/wordpress\/wp-content\/uploads\/2023\/09\/6bd23eb9-3f95-46bc-9d9e-edde2cd5f8b7-461x1024.jpg 461w, https:\/\/www.radiopiu.net\/wordpress\/wp-content\/uploads\/2023\/09\/6bd23eb9-3f95-46bc-9d9e-edde2cd5f8b7-768x1707.jpg 768w, https:\/\/www.radiopiu.net\/wordpress\/wp-content\/uploads\/2023\/09\/6bd23eb9-3f95-46bc-9d9e-edde2cd5f8b7-691x1536.jpg 691w, https:\/\/www.radiopiu.net\/wordpress\/wp-content\/uploads\/2023\/09\/6bd23eb9-3f95-46bc-9d9e-edde2cd5f8b7.jpg 900w\" sizes=\"auto, (max-width: 135px) 100vw, 135px\" \/><\/a>\n\t\t\t\t<\/dt><\/dl><dl class='gallery-item'>\n\t\t\t\t<dt class='gallery-icon portrait'>\n\t\t\t\t\t<a class=\"rollover rollover-zoom dt-pswp-item\" title=\"3aa7c027-fc47-4b08-b60a-b8e8693a43cc\" data-dt-img-description=\"\" data-large_image_width=\"900\" data-large_image_height=\"2000\"href='https:\/\/www.radiopiu.net\/wordpress\/wp-content\/uploads\/2023\/09\/3aa7c027-fc47-4b08-b60a-b8e8693a43cc.jpg'><img loading=\"lazy\" decoding=\"async\" width=\"135\" height=\"300\" src=\"https:\/\/www.radiopiu.net\/wordpress\/wp-content\/uploads\/2023\/09\/3aa7c027-fc47-4b08-b60a-b8e8693a43cc-135x300.jpg\" class=\"attachment-medium size-medium\" alt=\"\" srcset=\"https:\/\/www.radiopiu.net\/wordpress\/wp-content\/uploads\/2023\/09\/3aa7c027-fc47-4b08-b60a-b8e8693a43cc-135x300.jpg 135w, https:\/\/www.radiopiu.net\/wordpress\/wp-content\/uploads\/2023\/09\/3aa7c027-fc47-4b08-b60a-b8e8693a43cc-461x1024.jpg 461w, https:\/\/www.radiopiu.net\/wordpress\/wp-content\/uploads\/2023\/09\/3aa7c027-fc47-4b08-b60a-b8e8693a43cc-768x1707.jpg 768w, https:\/\/www.radiopiu.net\/wordpress\/wp-content\/uploads\/2023\/09\/3aa7c027-fc47-4b08-b60a-b8e8693a43cc-691x1536.jpg 691w, https:\/\/www.radiopiu.net\/wordpress\/wp-content\/uploads\/2023\/09\/3aa7c027-fc47-4b08-b60a-b8e8693a43cc.jpg 900w\" sizes=\"auto, (max-width: 135px) 100vw, 135px\" \/><\/a>\n\t\t\t\t<\/dt><\/dl><br style=\"clear: both\" \/>\n\t\t\t<\/div>\n\n<p>&nbsp;<\/p>\n<p>&nbsp;<\/p>\n<p>********<\/p>\n","protected":false},"excerpt":{"rendered":"<p>L\u00e0, sulle pareti pi\u00f9 lisce e strapiombanti dove la grigia roccia \u00e8 spesso pi\u00f9 sicura, generazioni d&#8217;alpinisti hanno fatto con le loro vie d&#8217;ascensione la storia della sud della Marmolada. Ai suoi piedi resiste da tempo immemore un rifugio sicuro: il Falier all&#8217;Ombretta, base per queste memorabili imprese. Una famiglia lo gestisce da sette decenni&hellip;<\/p>\n","protected":false},"author":4,"featured_media":351495,"comment_status":"closed","ping_status":"closed","sticky":false,"template":"","format":"standard","meta":{"_monsterinsights_skip_tracking":false,"_monsterinsights_sitenote_active":false,"_monsterinsights_sitenote_note":"","_monsterinsights_sitenote_category":0,"footnotes":""},"categories":[49],"tags":[],"class_list":["post-351490","post","type-post","status-publish","format-standard","has-post-thumbnail","hentry","category-news-18","category-49","description-off"],"img_url":"https:\/\/www.radiopiu.net\/wordpress\/wp-content\/uploads\/2023\/09\/RIFUGIO-FALIER.jpg","_links":{"self":[{"href":"https:\/\/www.radiopiu.net\/wordpress\/wp-json\/wp\/v2\/posts\/351490","targetHints":{"allow":["GET"]}}],"collection":[{"href":"https:\/\/www.radiopiu.net\/wordpress\/wp-json\/wp\/v2\/posts"}],"about":[{"href":"https:\/\/www.radiopiu.net\/wordpress\/wp-json\/wp\/v2\/types\/post"}],"author":[{"embeddable":true,"href":"https:\/\/www.radiopiu.net\/wordpress\/wp-json\/wp\/v2\/users\/4"}],"replies":[{"embeddable":true,"href":"https:\/\/www.radiopiu.net\/wordpress\/wp-json\/wp\/v2\/comments?post=351490"}],"version-history":[{"count":0,"href":"https:\/\/www.radiopiu.net\/wordpress\/wp-json\/wp\/v2\/posts\/351490\/revisions"}],"wp:featuredmedia":[{"embeddable":true,"href":"https:\/\/www.radiopiu.net\/wordpress\/wp-json\/wp\/v2\/media\/351495"}],"wp:attachment":[{"href":"https:\/\/www.radiopiu.net\/wordpress\/wp-json\/wp\/v2\/media?parent=351490"}],"wp:term":[{"taxonomy":"category","embeddable":true,"href":"https:\/\/www.radiopiu.net\/wordpress\/wp-json\/wp\/v2\/categories?post=351490"},{"taxonomy":"post_tag","embeddable":true,"href":"https:\/\/www.radiopiu.net\/wordpress\/wp-json\/wp\/v2\/tags?post=351490"}],"curies":[{"name":"wp","href":"https:\/\/api.w.org\/{rel}","templated":true}]}}