{"id":351517,"date":"2023-09-07T04:16:50","date_gmt":"2023-09-07T02:16:50","guid":{"rendered":"https:\/\/www.radiopiu.net\/wordpress\/?p=351517"},"modified":"2023-09-07T04:32:09","modified_gmt":"2023-09-07T02:32:09","slug":"dichiarazione-dellassessore-al-lavoro-elena-donazzan-in-merito-a-sentenza-corte-dappello-su-amministrazione-straordinaria-di-acc-di-borgo-valbelluna","status":"publish","type":"post","link":"https:\/\/www.radiopiu.net\/wordpress\/dichiarazione-dellassessore-al-lavoro-elena-donazzan-in-merito-a-sentenza-corte-dappello-su-amministrazione-straordinaria-di-acc-di-borgo-valbelluna\/","title":{"rendered":"BORGO VALBELLUNA | CRAC EX ACC: RAMELLA E C. CONDANNATI IN APPELLO PER \u2018MALA GESTIO\u2019"},"content":{"rendered":"<p>&nbsp;<\/p>\n<blockquote>\n<h3 class=\"_title post-title entry-title\"><\/h3>\n<\/blockquote>\n<p><span style=\"color: #ff0000;\"><strong>ANTENNA 3:<\/strong> <\/span>DAL TG DI IERI SERA, TIZIANA BOLOGNANI. OGNI SERA ALLE 19 LE ANTICIPAZIONI ALLA RADIO<\/p>\n<p><iframe loading=\"lazy\" title=\"CRAC EX ACC: RAMELLA E C. CONDANNATI IN APPELLO PER &#039;MALA GESTIO&#039;  | 06\/09\/2023\" width=\"1200\" height=\"675\" src=\"https:\/\/www.youtube.com\/embed\/-kzhI5Pju4o?start=2&#038;feature=oembed\" frameborder=\"0\" allow=\"accelerometer; autoplay; clipboard-write; encrypted-media; gyroscope; picture-in-picture; web-share\" allowfullscreen><\/iframe><\/p>\n<p>&nbsp;<\/p>\n<p>&nbsp;<\/p>\n<p>&nbsp;<\/p>\n<h3>DICHIARAZIONE DELL\u2019ASSESSORE AL LAVORO ELENA DONAZZAN IN MERITO A SENTENZA CORTE D\u2019APPELLO SU AMMINISTRAZIONE STRAORDINARIA DI ACC DI BORGO VALBELLUNA<\/h3>\n<p><strong><a class=\"dt-pswp-item\" href=\"https:\/\/www.radiopiu.net\/wordpress\/wp-content\/uploads\/2021\/03\/ELENA-DONAZZAN.png\" data-dt-img-description=\"\" data-large_image_width=\"1266\" data-large_image_height=\"1146\"><img loading=\"lazy\" decoding=\"async\" class=\" wp-image-195881 alignleft\" src=\"https:\/\/www.radiopiu.net\/wordpress\/wp-content\/uploads\/2021\/03\/ELENA-DONAZZAN-300x272.png\" alt=\"\" width=\"176\" height=\"160\" srcset=\"https:\/\/www.radiopiu.net\/wordpress\/wp-content\/uploads\/2021\/03\/ELENA-DONAZZAN-300x272.png 300w, https:\/\/www.radiopiu.net\/wordpress\/wp-content\/uploads\/2021\/03\/ELENA-DONAZZAN-1024x927.png 1024w, https:\/\/www.radiopiu.net\/wordpress\/wp-content\/uploads\/2021\/03\/ELENA-DONAZZAN-768x695.png 768w, https:\/\/www.radiopiu.net\/wordpress\/wp-content\/uploads\/2021\/03\/ELENA-DONAZZAN.png 1266w\" sizes=\"auto, (max-width: 176px) 100vw, 176px\" \/><\/a>VENEZIA <\/strong>In merito alla notizia che la Corte d&#8217;Appello di Milano ha accolto l&#8217;appello proposto dalla procedura di amministrazione straordinaria di Acc Compressors, di Borgo Valbelluna (Belluno), riformando integralmente la sentenza del Tribunale di Milano che, nel febbraio 2021, aveva rigettato le domande risarcitorie formulate contro gli ex amministratori e sindaci della societ\u00e0, l\u2019Assessore regionale al lavoro Elena Donazzan dichiara quanto segue: \u201cLa Regione del Veneto \u00e8 sempre stata accanto al Commissario Castro in questa vicenda. Abbiamo scelto di farlo non solo perch\u00e9 le sue argomentazioni in merito al depauperamento di una delle realt\u00e0 produttive di maggiore pregio d\u2019Italia e del Veneto, ma perch\u00e9, avendo seguito l\u2019intera vicenda ACC in tutte le sue complesse fasi, avevamo manifestato una forte preoccupazione per quanto stava accadendo alla realt\u00e0 produttiva di Mel. Molte cose non erano comprensibili. Le scelte sembravano tese a ridurre la produzione e a rallentare i processi. Tutto questo ha spinto la Regione del Veneto a prendere formalmente posizione attraverso un ordine del giorno del Consiglio Regionale di indirizzo per schierarsi a difesa del Commissario, sostenendolo anche nelle fasi giudiziali, per avere ragione delle argomentazioni e delle cause che erano al di l\u00e0 delle ragioni di mercato e che avevano compromesso gravemente la nostra ACC. Non abbiamo mai smesso di avere fiducia nella magistratura anche dopo il giudizio in primo grado, perch\u00e9 ci appariva veramente stridente rispetto alla conoscenza approfondita della vicenda ACC, sia dentro la fabbrica sia delle dinamiche di scelte che avevano penalizzato gravemente la realt\u00e0 produttiva di Mel. A partire da quel momento hanno portato l\u2019indebolimento a tal punto che oggi quello stabilimento non produce pi\u00f9 compressori. E proprio in considerazione di tutto ci\u00f2, se si dovesse provare che tale indebolimento fosse stato cagionato dalla <em>mala gestio<\/em>, ben si comprende come si determinerebbe uno scenario di grande rimpianto per non avere potuto salvare ACC, dando spazio a quella politica che non ha creduto nella creazione di una filiera del compressore italiano, scegliendo di non proseguire nella difesa di un settore rilevante come \u00e8 quello dell\u2019elettrodomestico. Settori sul quale sono stata chiamata a occuparmi anche in questo periodo\u201d.<\/p>\n<p>&nbsp;<\/p>\n<p>&nbsp;<\/p>\n<p>*******<\/p>\n","protected":false},"excerpt":{"rendered":"<p>&nbsp; ANTENNA 3: DAL TG DI IERI SERA, TIZIANA BOLOGNANI. OGNI SERA ALLE 19 LE ANTICIPAZIONI ALLA RADIO &nbsp; &nbsp; &nbsp; DICHIARAZIONE DELL\u2019ASSESSORE AL LAVORO ELENA DONAZZAN IN MERITO A SENTENZA CORTE D\u2019APPELLO SU AMMINISTRAZIONE STRAORDINARIA DI ACC DI BORGO VALBELLUNA VENEZIA In merito alla notizia che la Corte d&#8217;Appello di Milano ha accolto l&#8217;appello&hellip;<\/p>\n","protected":false},"author":4,"featured_media":219343,"comment_status":"closed","ping_status":"closed","sticky":false,"template":"","format":"standard","meta":{"_monsterinsights_skip_tracking":false,"_monsterinsights_sitenote_active":false,"_monsterinsights_sitenote_note":"","_monsterinsights_sitenote_category":0,"footnotes":""},"categories":[104,49],"tags":[],"class_list":["post-351517","post","type-post","status-publish","format-standard","has-post-thumbnail","hentry","category-evidenza_3","category-news-18","category-104","category-49","description-off"],"img_url":"https:\/\/www.radiopiu.net\/wordpress\/wp-content\/uploads\/2021\/07\/808d5912-a714-45f8-b1f6-ecfe9e03d925.jpg","_links":{"self":[{"href":"https:\/\/www.radiopiu.net\/wordpress\/wp-json\/wp\/v2\/posts\/351517","targetHints":{"allow":["GET"]}}],"collection":[{"href":"https:\/\/www.radiopiu.net\/wordpress\/wp-json\/wp\/v2\/posts"}],"about":[{"href":"https:\/\/www.radiopiu.net\/wordpress\/wp-json\/wp\/v2\/types\/post"}],"author":[{"embeddable":true,"href":"https:\/\/www.radiopiu.net\/wordpress\/wp-json\/wp\/v2\/users\/4"}],"replies":[{"embeddable":true,"href":"https:\/\/www.radiopiu.net\/wordpress\/wp-json\/wp\/v2\/comments?post=351517"}],"version-history":[{"count":0,"href":"https:\/\/www.radiopiu.net\/wordpress\/wp-json\/wp\/v2\/posts\/351517\/revisions"}],"wp:featuredmedia":[{"embeddable":true,"href":"https:\/\/www.radiopiu.net\/wordpress\/wp-json\/wp\/v2\/media\/219343"}],"wp:attachment":[{"href":"https:\/\/www.radiopiu.net\/wordpress\/wp-json\/wp\/v2\/media?parent=351517"}],"wp:term":[{"taxonomy":"category","embeddable":true,"href":"https:\/\/www.radiopiu.net\/wordpress\/wp-json\/wp\/v2\/categories?post=351517"},{"taxonomy":"post_tag","embeddable":true,"href":"https:\/\/www.radiopiu.net\/wordpress\/wp-json\/wp\/v2\/tags?post=351517"}],"curies":[{"name":"wp","href":"https:\/\/api.w.org\/{rel}","templated":true}]}}