{"id":351560,"date":"2023-09-07T10:53:41","date_gmt":"2023-09-07T08:53:41","guid":{"rendered":"https:\/\/www.radiopiu.net\/wordpress\/?p=351560"},"modified":"2023-09-08T05:29:59","modified_gmt":"2023-09-08T03:29:59","slug":"riconoscimento-alla-famiglia-scardanzan-del-tabia-luogo-storico-del-commercio","status":"publish","type":"post","link":"https:\/\/www.radiopiu.net\/wordpress\/riconoscimento-alla-famiglia-scardanzan-del-tabia-luogo-storico-del-commercio\/","title":{"rendered":"RICONOSCIMENTO ALLA FAMIGLIA SCARDANZAN DEL TABIA&#8217; &#8220;LUOGO STORICO DEL COMMERCIO&#8221;"},"content":{"rendered":"<p><strong><img loading=\"lazy\" decoding=\"async\" class=\"alignleft\" src=\"https:\/\/www.radiopiu.net\/wordpress\/wp-content\/uploads\/2020\/05\/RISTORANTE-TABIA-FEDER.png\" width=\"228\" height=\"204\" \/>BELLUNO<\/strong>\u00a0 <em><span dir=\"ltr\" role=\"presentation\">\u00abCon soddisfazione \u2013 afferma Paolo Doglioni, presidente di Confcommercio Belluno \u2013 accogliamo la notizia di <\/span><span dir=\"ltr\" role=\"presentation\">ulteriori storiche attivit\u00e0 commerciali bellunesi che hanno ricevuto dalla Regione Veneto il riconoscimento di Luogo <\/span><span dir=\"ltr\" role=\"presentation\">Storico del Commercio. Un attestato che, verificati alcuni requisiti sulla storicit\u00e0 delle attivit\u00e0 e dei locali ove queste si <\/span><span dir=\"ltr\" role=\"presentation\">svolgono, viene conferito a realt\u00e0 che caratterizzano da decenni la vita dei paesi, dei centri storici, delle comunit\u00e0\u00bb. <\/span><\/em><span dir=\"ltr\" role=\"presentation\">La Regione Veneto, ha accolto le istanze presentate da Amalia Pescosta titolare del ristorante Tabi\u00e0 di Feder a Canale d&#8217;Agordo;\u00a0 Alimentari Scarton <\/span><span dir=\"ltr\" role=\"presentation\">di Visome: <\/span><span dir=\"ltr\" role=\"presentation\">\u00a0Famiglia Triches di Limana proprietaria dei locali sede del supermercato CRAI Lavanda e della <\/span><span dir=\"ltr\" role=\"presentation\">tabaccheria condotta da Tania Nora ed infine Christian Cascella per la Macelleria Dal Dario con sede a Dozza di <\/span><span dir=\"ltr\" role=\"presentation\">Val di Zoldo.<\/span><br role=\"presentation\" \/><span dir=\"ltr\" role=\"presentation\">L\u2019iscrizione <\/span><span dir=\"ltr\" role=\"presentation\">all\u2019elenco regionale dei Luoghi Storici del Commercio \u00e8 dedicato \u00abad attivit\u00e0 commerciali che conservano e <\/span><span dir=\"ltr\" role=\"presentation\">tramandano esperienze, conoscenze e prassi e che, nel contempo, risultano essere luoghi di aggregazione. <\/span><em><span dir=\"ltr\" role=\"presentation\">\u00abEd \u00e8 proprio su queste basi \u2013 continua Doglioni \u2013 che Confcommercio Belluno ribadisce il\u00a0 <\/span><span dir=\"ltr\" role=\"presentation\">non voler arrendersi alle dinamiche della globalizzazione, una risposta allo spopolamento\u00bb.<\/span><\/em><\/p>\n<p>&nbsp;<\/p>\n<p>&nbsp;<\/p>\n<p>___<\/p>\n","protected":false},"excerpt":{"rendered":"<p>BELLUNO\u00a0 \u00abCon soddisfazione \u2013 afferma Paolo Doglioni, presidente di Confcommercio Belluno \u2013 accogliamo la notizia di ulteriori storiche attivit\u00e0 commerciali bellunesi che hanno ricevuto dalla Regione Veneto il riconoscimento di Luogo Storico del Commercio. Un attestato che, verificati alcuni requisiti sulla storicit\u00e0 delle attivit\u00e0 e dei locali ove queste si svolgono, viene conferito a realt\u00e0&hellip;<\/p>\n","protected":false},"author":4,"featured_media":140501,"comment_status":"closed","ping_status":"closed","sticky":false,"template":"","format":"standard","meta":{"_monsterinsights_skip_tracking":false,"_monsterinsights_sitenote_active":false,"_monsterinsights_sitenote_note":"","_monsterinsights_sitenote_category":0,"footnotes":""},"categories":[51,49],"tags":[],"class_list":["post-351560","post","type-post","status-publish","format-standard","has-post-thumbnail","hentry","category-evidenza-top","category-news-18","category-51","category-49","description-off"],"img_url":"https:\/\/www.radiopiu.net\/wordpress\/wp-content\/uploads\/2020\/05\/RISTORANTE-TABIA-FEDER.png","_links":{"self":[{"href":"https:\/\/www.radiopiu.net\/wordpress\/wp-json\/wp\/v2\/posts\/351560","targetHints":{"allow":["GET"]}}],"collection":[{"href":"https:\/\/www.radiopiu.net\/wordpress\/wp-json\/wp\/v2\/posts"}],"about":[{"href":"https:\/\/www.radiopiu.net\/wordpress\/wp-json\/wp\/v2\/types\/post"}],"author":[{"embeddable":true,"href":"https:\/\/www.radiopiu.net\/wordpress\/wp-json\/wp\/v2\/users\/4"}],"replies":[{"embeddable":true,"href":"https:\/\/www.radiopiu.net\/wordpress\/wp-json\/wp\/v2\/comments?post=351560"}],"version-history":[{"count":0,"href":"https:\/\/www.radiopiu.net\/wordpress\/wp-json\/wp\/v2\/posts\/351560\/revisions"}],"wp:featuredmedia":[{"embeddable":true,"href":"https:\/\/www.radiopiu.net\/wordpress\/wp-json\/wp\/v2\/media\/140501"}],"wp:attachment":[{"href":"https:\/\/www.radiopiu.net\/wordpress\/wp-json\/wp\/v2\/media?parent=351560"}],"wp:term":[{"taxonomy":"category","embeddable":true,"href":"https:\/\/www.radiopiu.net\/wordpress\/wp-json\/wp\/v2\/categories?post=351560"},{"taxonomy":"post_tag","embeddable":true,"href":"https:\/\/www.radiopiu.net\/wordpress\/wp-json\/wp\/v2\/tags?post=351560"}],"curies":[{"name":"wp","href":"https:\/\/api.w.org\/{rel}","templated":true}]}}