{"id":351652,"date":"2023-09-08T05:20:52","date_gmt":"2023-09-08T03:20:52","guid":{"rendered":"https:\/\/www.radiopiu.net\/wordpress\/?p=351652"},"modified":"2023-09-08T07:50:17","modified_gmt":"2023-09-08T05:50:17","slug":"351652-2","status":"publish","type":"post","link":"https:\/\/www.radiopiu.net\/wordpress\/351652-2\/","title":{"rendered":"L&#8217;OMAGGIO A MASSIMO CREPAZ, IL DOLORE PROFONDO DI UNA COMUNITA&#8217;"},"content":{"rendered":"<div class=\"flex-1 overflow-hidden\">\n<div class=\"react-scroll-to-bottom--css-vklgs-79elbk h-full dark:bg-gray-800\">\n<div class=\"react-scroll-to-bottom--css-vklgs-1n7m0yu\">\n<div class=\"flex flex-col text-sm dark:bg-gray-800\">\n<div class=\"group w-full text-token-text-primary border-b border-black\/10 dark:border-gray-900\/50 bg-gray-50 dark:bg-[#444654]\" data-testid=\"conversation-turn-3\">\n<div class=\"p-4 justify-center text-base md:gap-6 md:py-6 m-auto\">\n<div class=\"flex flex-1 gap-4 text-base mx-auto md:gap-6 md:max-w-2xl lg:max-w-[38rem] xl:max-w-3xl }\">\n<div class=\"relative flex w-[calc(100%-50px)] flex-col gap-1 md:gap-3 lg:w-[calc(100%-115px)]\">\n<div class=\"flex flex-grow flex-col gap-3 max-w-full\">\n<div class=\"min-h-[20px] flex flex-col items-start gap-3 overflow-x-auto whitespace-pre-wrap break-words\">\n<div class=\"markdown prose w-full break-words dark:prose-invert light\">\n<p><img loading=\"lazy\" decoding=\"async\" class=\"aligncenter\" src=\"https:\/\/www.radiopiu.net\/wordpress\/wp-content\/uploads\/2023\/09\/335214ce-e58a-4a36-9710-c6df4a4e5eb2.jpg\" width=\"359\" height=\"269\" \/><\/p>\n<p>&nbsp;<\/p>\n<p><span style=\"color: #ff0000;\">Pierina Foppa con le figlie Simona e Marzia ringrazia di cuore tutti coloro che in questi giorni interminabili sono stati vicini alla famiglia,\u00a0 con un abbraccio con la loro vicinanza&#8230; anche se lontani. Un grazie di cuore a quelli che hanno partecipato al funerale<\/span><\/p>\n<p>&nbsp;<\/p>\n<p><strong>LIVINALLONGO<\/strong> Donatori di sangue, giovani del Fodom calcio e molte autorit\u00e0 civili e militari. La bara di Mamo era adornata con un cappello da alpino e circondata da fiori bianchi e rossi, simbolo dell&#8217;affetto e del rispetto che la comunit\u00e0 nutriva per lui. Il parroco ha evocato la giornata del luned\u00ec pomeriggio, quando la notizia della tragica morte di Mamo \u00e8 giunta alla sua famiglia, descrivendo il dolore, l&#8217;incredulit\u00e0 e la rabbia che tutti hanno provato. Ha sottolineato che la morte \u00e8 ingiusta e bugiarda, ma ha anche respinto l&#8217;idea che Dio abbia voluto la morte di Massimo. Nonostante il profondo dolore, la cerimonia \u00e8 stata permeata da un senso di speranza, un ricordo di Mamo come un uomo stimato e generoso, sempre disponibile ad aiutare gli altri in famiglia, sul posto di lavoro, nel calcio e nel volontariato. Gli alpini hanno reso omaggio a Mamo ponendosi in posizione d&#8217;attenzione, e durante la cerimonia si \u00e8 verificato un incidente di salute tra loro, prontamente soccorso dai volontari del Soccorso alpino e dagli operatori sanitari. Prima di accompagnare Mamo al cimitero, sua moglie, il sindaco, una calciatrice locale e altri hanno condiviso toccanti messaggi e ricordi. La cerimonia si \u00e8 conclusa con la canzone &#8220;Signore delle Cime&#8221; cantata dai presenti.<\/p>\n<\/div>\n<\/div>\n<\/div>\n<p>___<\/p>\n<\/div>\n<\/div>\n<\/div>\n<\/div>\n<\/div>\n<\/div>\n<\/div>\n<\/div>\n","protected":false},"excerpt":{"rendered":"<p>&nbsp; Pierina Foppa con le figlie Simona e Marzia ringrazia di cuore tutti coloro che in questi giorni interminabili sono stati vicini alla famiglia,\u00a0 con un abbraccio con la loro vicinanza&#8230; anche se lontani. Un grazie di cuore a quelli che hanno partecipato al funerale &nbsp; LIVINALLONGO Donatori di sangue, giovani del Fodom calcio e&hellip;<\/p>\n","protected":false},"author":4,"featured_media":351653,"comment_status":"closed","ping_status":"closed","sticky":false,"template":"","format":"standard","meta":{"_monsterinsights_skip_tracking":false,"_monsterinsights_sitenote_active":false,"_monsterinsights_sitenote_note":"","_monsterinsights_sitenote_category":0,"footnotes":""},"categories":[51,49],"tags":[],"class_list":["post-351652","post","type-post","status-publish","format-standard","has-post-thumbnail","hentry","category-evidenza-top","category-news-18","category-51","category-49","description-off"],"img_url":"https:\/\/www.radiopiu.net\/wordpress\/wp-content\/uploads\/2023\/09\/335214ce-e58a-4a36-9710-c6df4a4e5eb2.jpg","_links":{"self":[{"href":"https:\/\/www.radiopiu.net\/wordpress\/wp-json\/wp\/v2\/posts\/351652","targetHints":{"allow":["GET"]}}],"collection":[{"href":"https:\/\/www.radiopiu.net\/wordpress\/wp-json\/wp\/v2\/posts"}],"about":[{"href":"https:\/\/www.radiopiu.net\/wordpress\/wp-json\/wp\/v2\/types\/post"}],"author":[{"embeddable":true,"href":"https:\/\/www.radiopiu.net\/wordpress\/wp-json\/wp\/v2\/users\/4"}],"replies":[{"embeddable":true,"href":"https:\/\/www.radiopiu.net\/wordpress\/wp-json\/wp\/v2\/comments?post=351652"}],"version-history":[{"count":0,"href":"https:\/\/www.radiopiu.net\/wordpress\/wp-json\/wp\/v2\/posts\/351652\/revisions"}],"wp:featuredmedia":[{"embeddable":true,"href":"https:\/\/www.radiopiu.net\/wordpress\/wp-json\/wp\/v2\/media\/351653"}],"wp:attachment":[{"href":"https:\/\/www.radiopiu.net\/wordpress\/wp-json\/wp\/v2\/media?parent=351652"}],"wp:term":[{"taxonomy":"category","embeddable":true,"href":"https:\/\/www.radiopiu.net\/wordpress\/wp-json\/wp\/v2\/categories?post=351652"},{"taxonomy":"post_tag","embeddable":true,"href":"https:\/\/www.radiopiu.net\/wordpress\/wp-json\/wp\/v2\/tags?post=351652"}],"curies":[{"name":"wp","href":"https:\/\/api.w.org\/{rel}","templated":true}]}}