{"id":351832,"date":"2023-09-10T14:00:55","date_gmt":"2023-09-10T12:00:55","guid":{"rendered":"https:\/\/www.radiopiu.net\/wordpress\/?p=351832"},"modified":"2023-09-10T10:14:24","modified_gmt":"2023-09-10T08:14:24","slug":"davide-testori-torna-sul-ghiaccio-con-la-maglia-delle-civette","status":"publish","type":"post","link":"https:\/\/www.radiopiu.net\/wordpress\/davide-testori-torna-sul-ghiaccio-con-la-maglia-delle-civette\/","title":{"rendered":"DAVIDE TESTORI TORNA SUL GHIACCIO CON LA MAGLIA DELLE CIVETTE"},"content":{"rendered":"<p><strong><a class=\"dt-pswp-item\" href=\"https:\/\/www.radiopiu.net\/wordpress\/wp-content\/uploads\/2023\/09\/d4f70959-2185-43ae-af9c-6589bdafc0ff.jpg\" data-dt-img-description=\"\" data-large_image_width=\"1024\" data-large_image_height=\"707\"><img loading=\"lazy\" decoding=\"async\" class=\" wp-image-351833 alignleft\" src=\"https:\/\/www.radiopiu.net\/wordpress\/wp-content\/uploads\/2023\/09\/d4f70959-2185-43ae-af9c-6589bdafc0ff-300x207.jpg\" alt=\"\" width=\"199\" height=\"137\" srcset=\"https:\/\/www.radiopiu.net\/wordpress\/wp-content\/uploads\/2023\/09\/d4f70959-2185-43ae-af9c-6589bdafc0ff-300x207.jpg 300w, https:\/\/www.radiopiu.net\/wordpress\/wp-content\/uploads\/2023\/09\/d4f70959-2185-43ae-af9c-6589bdafc0ff-768x530.jpg 768w, https:\/\/www.radiopiu.net\/wordpress\/wp-content\/uploads\/2023\/09\/d4f70959-2185-43ae-af9c-6589bdafc0ff.jpg 1024w\" sizes=\"auto, (max-width: 199px) 100vw, 199px\" \/><\/a>di Roberto Miana<\/strong><\/p>\n<p>La campagna rafforzamento dell\u2019Alleghe hockey non si ferma. La Societ\u00e0 alleghese annuncia con grande piacere il ritorno sul ghiaccio di DAVIDE TESTORI. Attaccante classe 1994 di Caviola (Falcade), ha esordito in serie A con la maglia delle Civette nella stagione 2010\/2011, collezionando 114 presenze nella massima serie. In prima squadra biancorossa ha totalizzato 294 partite impreziosite da 73 reti e 82 assist. Davide, \u201cDabo\u201d per gli amici, torna ad indossare la maglia biancorossa dopo la pausa della passata stagione. Giocatore utile nell\u2019economia della squadra e uomo spogliatoio importante anche fuori dal ghiaccio, sar\u00e0 un\u2019altra preziosa pedina nello scacchiere di coach Scapinello. Questo quanto ci ha raccontato un carico Dabo: \u201cL\u2019anno scorso ho appeso temporaneamente i pattini al chiodo: un po&#8217; perch\u00e9 avevo qualche noia fisica (fortunatamente risolta), un po&#8217; perch\u00e9 sono stato molto impegnato con il lavoro e non per ultimo perch\u00e9 sapevo che sarei presto diventato pap\u00e0. La voglia e la passione di tornare ad indossare i pattini, per\u00f2, non mi sono mai mancate. Chiaramente, avendo un bimbo piccolo, non era facile riuscire a conciliare i vari impegni, ma dopo aver visto gli sforzi della Societ\u00e0 per allestire una squadra competitiva ho cercato di organizzarmi, anche e soprattutto grazie al supporto della mia ragazza ho trovato il modo di incastrare i vari impegni famigliari e lavorativi per tornare sul ghiaccio e fare parte di questo gruppo, che sembra abbia tutte le carte in regola per fare un ottimo campionato con grandi ambizioni. Da parte mia sento di aver ancora molto da dare, sia come giocatore che dal punto di vista caratteriale. Sul ghiaccio nasco ala ed \u00e8 questa la posizione in cui mi trovo pi\u00f9 a mio agio, ma nell&#8217;arco della mia carriera hockeistica ho giocato molto spesso come centro e nell&#8217;ultima mia stagione, all\u2019occorrenza, ho fatto anche il difensore. Sulla carta vedo una squadra molto competitiva e mi aspetto che ci vorr\u00e0 qualche tempo per amalgamare i molti giocatori nuovi, ma appena armonizzato il gruppo credo che potremo toglierci delle soddisfazioni. La stagione sicuramente sar\u00e0 impegnativa, perch\u00e9 ci sono tante partite e spesso si giocher\u00e0 due volte alla settimana contro squadre attrezzate, che daranno sicuramente vita a partite belle e combattute. A fine stagione mi aspetto di essere il pi\u00f9 in alto possibile in classifica, anche perch\u00e9 sognare non costa nulla. Per quanto mi riguarda ho dato la piena disponibilit\u00e0 alla Societ\u00e0 e quindi, a meno di situazioni particolari, sar\u00f2 sempre disponibile per allenamenti e partite. Dopo un anno fermo dovr\u00f2 allenarmi duramente per tornare in forma e farmi trovare pronto per l\u2019inizio del campionato\u201d<\/p>\n<p>(foto: Matteo Floridia)<\/p>\n<p>&nbsp;<\/p>\n<p>&nbsp;<\/p>\n<p>******<\/p>\n","protected":false},"excerpt":{"rendered":"<p>di Roberto Miana La campagna rafforzamento dell\u2019Alleghe hockey non si ferma. La Societ\u00e0 alleghese annuncia con grande piacere il ritorno sul ghiaccio di DAVIDE TESTORI. Attaccante classe 1994 di Caviola (Falcade), ha esordito in serie A con la maglia delle Civette nella stagione 2010\/2011, collezionando 114 presenze nella massima serie. In prima squadra biancorossa ha&hellip;<\/p>\n","protected":false},"author":4,"featured_media":351833,"comment_status":"closed","ping_status":"closed","sticky":false,"template":"","format":"standard","meta":{"_monsterinsights_skip_tracking":false,"_monsterinsights_sitenote_active":false,"_monsterinsights_sitenote_note":"","_monsterinsights_sitenote_category":0,"footnotes":""},"categories":[49],"tags":[],"class_list":["post-351832","post","type-post","status-publish","format-standard","has-post-thumbnail","hentry","category-news-18","category-49","description-off"],"img_url":"https:\/\/www.radiopiu.net\/wordpress\/wp-content\/uploads\/2023\/09\/d4f70959-2185-43ae-af9c-6589bdafc0ff.jpg","_links":{"self":[{"href":"https:\/\/www.radiopiu.net\/wordpress\/wp-json\/wp\/v2\/posts\/351832","targetHints":{"allow":["GET"]}}],"collection":[{"href":"https:\/\/www.radiopiu.net\/wordpress\/wp-json\/wp\/v2\/posts"}],"about":[{"href":"https:\/\/www.radiopiu.net\/wordpress\/wp-json\/wp\/v2\/types\/post"}],"author":[{"embeddable":true,"href":"https:\/\/www.radiopiu.net\/wordpress\/wp-json\/wp\/v2\/users\/4"}],"replies":[{"embeddable":true,"href":"https:\/\/www.radiopiu.net\/wordpress\/wp-json\/wp\/v2\/comments?post=351832"}],"version-history":[{"count":0,"href":"https:\/\/www.radiopiu.net\/wordpress\/wp-json\/wp\/v2\/posts\/351832\/revisions"}],"wp:featuredmedia":[{"embeddable":true,"href":"https:\/\/www.radiopiu.net\/wordpress\/wp-json\/wp\/v2\/media\/351833"}],"wp:attachment":[{"href":"https:\/\/www.radiopiu.net\/wordpress\/wp-json\/wp\/v2\/media?parent=351832"}],"wp:term":[{"taxonomy":"category","embeddable":true,"href":"https:\/\/www.radiopiu.net\/wordpress\/wp-json\/wp\/v2\/categories?post=351832"},{"taxonomy":"post_tag","embeddable":true,"href":"https:\/\/www.radiopiu.net\/wordpress\/wp-json\/wp\/v2\/tags?post=351832"}],"curies":[{"name":"wp","href":"https:\/\/api.w.org\/{rel}","templated":true}]}}