{"id":351853,"date":"2023-09-10T13:23:10","date_gmt":"2023-09-10T11:23:10","guid":{"rendered":"https:\/\/www.radiopiu.net\/wordpress\/?p=351853"},"modified":"2023-09-11T05:33:56","modified_gmt":"2023-09-11T03:33:56","slug":"la-coppa-del-mondo-di-skiroll-val-di-fiemme","status":"publish","type":"post","link":"https:\/\/www.radiopiu.net\/wordpress\/la-coppa-del-mondo-di-skiroll-val-di-fiemme\/","title":{"rendered":"LA COPPA DEL MONDO DI SKIROLL IN VAL DI FIEMME: PRIMO EMANUELE BUSIN, TERZA VANESSA CAGNATI"},"content":{"rendered":"<p><strong><a class=\"dt-pswp-item\" href=\"https:\/\/www.radiopiu.net\/wordpress\/wp-content\/uploads\/2023\/09\/375753366_1520375035365950_7746174167077808902_n.jpg\" data-dt-img-description=\"\" data-large_image_width=\"2048\" data-large_image_height=\"1536\"><img loading=\"lazy\" decoding=\"async\" class=\" wp-image-351854 alignleft\" src=\"https:\/\/www.radiopiu.net\/wordpress\/wp-content\/uploads\/2023\/09\/375753366_1520375035365950_7746174167077808902_n-300x225.jpg\" alt=\"\" width=\"168\" height=\"126\" srcset=\"https:\/\/www.radiopiu.net\/wordpress\/wp-content\/uploads\/2023\/09\/375753366_1520375035365950_7746174167077808902_n-300x225.jpg 300w, https:\/\/www.radiopiu.net\/wordpress\/wp-content\/uploads\/2023\/09\/375753366_1520375035365950_7746174167077808902_n-1024x768.jpg 1024w, https:\/\/www.radiopiu.net\/wordpress\/wp-content\/uploads\/2023\/09\/375753366_1520375035365950_7746174167077808902_n-768x576.jpg 768w, https:\/\/www.radiopiu.net\/wordpress\/wp-content\/uploads\/2023\/09\/375753366_1520375035365950_7746174167077808902_n-1536x1152.jpg 1536w, https:\/\/www.radiopiu.net\/wordpress\/wp-content\/uploads\/2023\/09\/375753366_1520375035365950_7746174167077808902_n.jpg 2048w\" sizes=\"auto, (max-width: 168px) 100vw, 168px\" \/><\/a>REDAZIONE<\/strong> Si \u00e8 svolta in Val di Fiemme la Coppa del Mondo di SkiRoll sul tracciato che partiva da Ziano per arrivare in cima al Cermis. Una gara che ha visto due agordini fare un&#8217;ottima prova. In ambito femminile Vanessa Cagnati ha chiuso al terzo posto dopo una lunga lotta per conquistare il secondo posto, prima delle italiane in gara. Nella 14 km in tecnica classica, sezione Popular, la vittoria \u00e8 andata a Emanuele Busin che con una grandissima prova \u00e8 riusucito a conquistare il primo gradino del podio. Il compagno di squadra di Busin, Tommaso Dellagiacoma, si \u00e8 aggiudicato la Coppa del Mondo.<\/p>\n<p>&nbsp;<\/p>\n<p>&nbsp;<\/p>\n<p>******<\/p>\n","protected":false},"excerpt":{"rendered":"<p>REDAZIONE Si \u00e8 svolta in Val di Fiemme la Coppa del Mondo di SkiRoll sul tracciato che partiva da Ziano per arrivare in cima al Cermis. Una gara che ha visto due agordini fare un&#8217;ottima prova. In ambito femminile Vanessa Cagnati ha chiuso al terzo posto dopo una lunga lotta per conquistare il secondo posto,&hellip;<\/p>\n","protected":false},"author":4,"featured_media":351854,"comment_status":"closed","ping_status":"closed","sticky":false,"template":"","format":"standard","meta":{"_monsterinsights_skip_tracking":false,"_monsterinsights_sitenote_active":false,"_monsterinsights_sitenote_note":"","_monsterinsights_sitenote_category":0,"footnotes":""},"categories":[104,49],"tags":[],"class_list":["post-351853","post","type-post","status-publish","format-standard","has-post-thumbnail","hentry","category-evidenza_3","category-news-18","category-104","category-49","description-off"],"img_url":"https:\/\/www.radiopiu.net\/wordpress\/wp-content\/uploads\/2023\/09\/375753366_1520375035365950_7746174167077808902_n.jpg","_links":{"self":[{"href":"https:\/\/www.radiopiu.net\/wordpress\/wp-json\/wp\/v2\/posts\/351853","targetHints":{"allow":["GET"]}}],"collection":[{"href":"https:\/\/www.radiopiu.net\/wordpress\/wp-json\/wp\/v2\/posts"}],"about":[{"href":"https:\/\/www.radiopiu.net\/wordpress\/wp-json\/wp\/v2\/types\/post"}],"author":[{"embeddable":true,"href":"https:\/\/www.radiopiu.net\/wordpress\/wp-json\/wp\/v2\/users\/4"}],"replies":[{"embeddable":true,"href":"https:\/\/www.radiopiu.net\/wordpress\/wp-json\/wp\/v2\/comments?post=351853"}],"version-history":[{"count":0,"href":"https:\/\/www.radiopiu.net\/wordpress\/wp-json\/wp\/v2\/posts\/351853\/revisions"}],"wp:featuredmedia":[{"embeddable":true,"href":"https:\/\/www.radiopiu.net\/wordpress\/wp-json\/wp\/v2\/media\/351854"}],"wp:attachment":[{"href":"https:\/\/www.radiopiu.net\/wordpress\/wp-json\/wp\/v2\/media?parent=351853"}],"wp:term":[{"taxonomy":"category","embeddable":true,"href":"https:\/\/www.radiopiu.net\/wordpress\/wp-json\/wp\/v2\/categories?post=351853"},{"taxonomy":"post_tag","embeddable":true,"href":"https:\/\/www.radiopiu.net\/wordpress\/wp-json\/wp\/v2\/tags?post=351853"}],"curies":[{"name":"wp","href":"https:\/\/api.w.org\/{rel}","templated":true}]}}