{"id":351866,"date":"2023-09-10T15:44:03","date_gmt":"2023-09-10T13:44:03","guid":{"rendered":"https:\/\/www.radiopiu.net\/wordpress\/?p=351866"},"modified":"2023-09-11T05:33:43","modified_gmt":"2023-09-11T03:33:43","slug":"sui-domini-collettivi-ossia-i-cosiddetti-usi-civici-le-regole-altri-nona-parte","status":"publish","type":"post","link":"https:\/\/www.radiopiu.net\/wordpress\/sui-domini-collettivi-ossia-i-cosiddetti-usi-civici-le-regole-altri-nona-parte\/","title":{"rendered":"SUI DOMINI COLLETTIVI OSSIA I COSIDDETTI USI CIVICI, LE REGOLE &#038; ALTRI \u2013 NONA  PARTE"},"content":{"rendered":"<p><strong>di Tiziano De Col<\/strong><\/p>\n<p>Facendo seguito alle prime otto parti di questa succinta e didascalica trattazione sui Dom\u00ecni Collettivi, Agordini in special modo, consigliamo la lettura delle prime otto parti da qui raggiungibili<\/p>\n<p><a href=\"https:\/\/www.radiopiu.net\/wordpress\/sui-demani-collettivi-ossia-i-cosiddetti-usi-civici-le-regole-altri-prima-parte\/\"><b>PRIMA PARTE<\/b><\/a><strong>\u00a0\u00a0<\/strong><a href=\"https:\/\/www.radiopiu.net\/wordpress\/sui-domini-collettivi-ossia-i-cosiddetti-usi-civici-le-regole-e-altri-seconda-parte\/\"><b>SECONDA PARTE<\/b><\/a><strong>\u00a0\u00a0<\/strong><a href=\"https:\/\/www.radiopiu.net\/wordpress\/sui-domini-collettivi-ossia-i-cosiddetti-usi-civici-le-regole-altri-terza-parte\/\"><b>TERZA PARTE<\/b><\/a><strong>\u00a0\u00a0<\/strong><a href=\"https:\/\/www.radiopiu.net\/wordpress\/sui-domini-collettivi-ossia-i-cosiddetti-usi-civici-le-regole-altri-quarta-parte\/\"><b>QUARTA PARTE<\/b><\/a><strong>\u00a0\u00a0<\/strong><a href=\"https:\/\/www.radiopiu.net\/wordpress\/sui-domini-collettivi-ossia-i-cosiddetti-usi-civici-le-regole-altri-quinta-parte\/\"><b>QUINTA PARTE<\/b><\/a>\u00a0\u00a0<a href=\"https:\/\/www.radiopiu.net\/wordpress\/usi-civici-ovvero-domini-collettivi-sesta-parte-di-tiziano-de-col\/\"><b>SESTA PARTE<\/b><\/a> <a href=\"https:\/\/www.radiopiu.net\/wordpress\/sui-domini-collettivi-ossia-i-cosiddetti-usi-civici-le-regole-altri-settima-parte\/\"><b>SETTIMA PARTE<\/b><\/a><strong>\u00a0<a href=\"https:\/\/www.radiopiu.net\/wordpress\/sui-domini-collettivi-ossia-i-cosiddetti-usi-civici-le-regole-altri-ottava-parte\/\">OTTAVA PARTE<\/a><\/strong><\/p>\n<p>Le procedure di accertamento dei cosiddetti Usi Civici, definiti Domini Collettivi dalla Legge 168\/2017, alle quali sono obbligati ad ottemperare i Comuni in base alla Legge Regione Veneto 31\/1994, sono lunghe, complesse e complicate e per questo devono essere condotte da dei \u201cPeriti esterni con specifica competenza in materia\u201d. Questi Periti, la cui scelta \u00e8 proposta dai Comuni e alla cui nomina per\u00f2 \u00e8 titolata la Regione Veneto, predispongono un \u201cPiano di Accertamento\u201d contenente anche le proposte per il Riordino. Gli elaborati di tale \u201cPiano\u201d sono approvati dal Consiglio Comunale del Comune competente e poi pubblicati a disposizione della popolazione che pu\u00f2 formulare osservazioni in merito. Le osservazioni eventualmente pervenute, vengono esaminate dal Consiglio Comunale del Comune competente che poi invia il tutto, \u201cPiano di Accertamento\u201d e Osservazioni pervenute, alla Regione Veneto per le valutazioni di merito e l\u2019approvazione Regionale che culminer\u00e0 con una apposita Delibera di Giunta Regionale. Una volta divenuta effettiva la Delibera di Giunta Regionale, \u201c<em>i Comuni i comuni ovvero le amministrazioni separate dei beni di uso civico, a seguito dell\u2019accertamento di cui all\u2019articolo 4, provvedono ad annotare entro novanta giorni nel registro immobiliare mediante apposizione nel foglio intestato al comune, ovvero per i beni frazionali e per quelli di cui al comma 3 dell&#8217;articolo 2 nel foglio intestato alla amministrazione separata dei beni di uso civico, o nel foglio relativo ai singoli beni, la dizione &#8220;Bene inalienabile, indivisibile, inusucapibile e vincolato all&#8217;esercizio dei diritti collettivi ai sensi della legge 16 giugno 1927, n. 1766 e della <\/em><a href=\"https:\/\/www.consiglioveneto.it\/web\/crv\/dettaglio-legge?catStruttura=LR&amp;anno=1994&amp;numero=31&amp;tab=vigente\"><em>legge regionale 22 luglio 1994, n. 31<\/em><\/a><em> &#8220;. Il vincolo \u00e8 riconosciuto di interesse generale<\/em>.\u201d Tale obbligo \u00e8 passato dalla Regione ai Comuni dal 2019 per effetto della Legge Regionale 28 giugno 2019 n. 24. Tutti questi passaggi sono atti a garantire la massima pubblicit\u00e0 dell\u2019 Accertamento e Riordino, ma le situazioni possono essere talmente complesse che qualcosa pu\u00f2 sfuggire al Perito Accertatore , data la complessit\u00e0 delle ricerche storiche da effettuare, oppure ci possono essere degli errori materiali all\u2019interno del Piano che , una volta resi evidenti da privati interessati, oppure dalla stessa Amministrazione Comunale, oppure da studiosi di storia locale, oppure da Comitati per la ricostituzioni delle Regole, possono esseri assoggettati ad ulteriore verifica da parte del Comune, Perito Accertatore, Regione, in modo da potere, se reputato necessario, procedere alle dovute correzioni. In questo contesto vorremmo, come ricercatori di Storia Locale, portare un esempio, sul quale , a nostro avviso, sia necessario che le Istituzioni Preposte riflettano, ed \u00e8 il caso della Canonica di La Valle Agordina con terreno e fabbricati ausiliari annessi (Casa del Monech poi chiamata Casa del Nonzol o Sacrestano con annessa stalla e fienile) e terreno di pertinenza. L\u2019insieme di terreno e fabbricati sono attualmente intestati catastalmente al Comune di La Valle e sono inseriti nel Piano di Valorizzazione del citato Comune, il che significa che , insieme ad altri immobili, sono reputati \u201cnon necessari\u201d all\u2019attivit\u00e0 istituzionale del Comune e per Legge devono poter essere eventualmente alienati. Nota non di poco conto \u00e8 che, comunque, dalla sua costruzione ai nostri giorni la Canonica \u00e8 l\u2019abitazione del Parroco della Parrocchia di San Michele Arcangelo in quel di La Valle Agordina. Ma andiamo per gradi nella ricerca storica. La Canonica fu costruita dopo che la grande Boa del 1701 distrusse l\u2019antica Chiesa di San Michele Arcangelo (probabilmente risalente al XII\u00b0 secolo) con la Cappella della Vergine di Loreto e le due Canoniche. Questi fabbricati erano situati nel luogo ove oggi sorge il Cimitero del paese. Per il racconto della Boa del Missiaga del 1701 rimandiamo ad un nostro scritto gi\u00e0 qui pubblicato: <a href=\"https:\/\/www.radiopiu.net\/wordpress\/sestadisei\/\">https:\/\/www.radiopiu.net\/wordpress\/sestadisei\/<\/a> mentre per la storia completa della ricostruzione della Chiesa rimandiamo al prezioso testo di Da Roit Corrado, storico lavallese, titolato \u201cLa Fabrica di San Michiel\u201d edito dal Comune di La Valle Agordina nel 2008 in occasione dei 300 anni della Titolazione della Chiesa. La Parrocchia di La Valle era retta, al tempo, da una comparrocchialit\u00e0, insieme ad Agordo e Voltago ed il Parroco di San Michele risiedeva ad Agordo, mentre a La Valle vi era un Mansionario. Sulle dispute tra i Regolieri di La Valle e l\u2019Arcidiacono di Agordo per la volont\u00e0 dei Regolieri di reclamare un \u201cTutore delle Anime\u201d stabile a La Valle , potremo scrivere non solo articoli, ma anche un libro e quindi non toccheremo l\u2019argomento in questa breve trattazione. Diremo per\u00f2 che, la lite tra Regolieri ed Arcidiacono fu talmente accesa e profonda che, gli atti di questa, meritarono di essere raccolti a stampa (a torchio ovviamente) titolata <em>\u201cStampa per i Comparroci d\u2019Agordo\u201d<\/em>sulla quale ritorneremo per ricostruire la storia della Canonica. Quindi, dalla distruzione della antica Chiesa con la morte del Mansionario , Don Ferdinando Taio, nel 1701, fino a che fu assegnato alla Parrocchia di La Valle un nuovo Mansionario, i Regolieri della Regola de La Val o della Valle, dopo aver eretta la nuova Chiesa, combatterono ostinati per avere un Ministro di Fede stabilmente a La Valle e per questo si impegnarono alla costruzione di una nuova abitazione per il Parroco o Mansionario. Mentre si costruiva la nuova Canonica, sul terreno messo a disposizione dalla Regola (di questo poi tratteremo con documentazione) i Regolieri dettero la disponibilit\u00e0 di una abitazione consona al ruolo per il Parroco o Mansionario e che la tradizione paesana chiama come \u201cCanonica V\u00e8cia\u201d . Il fabbricato, al tempo signorile e di tale signorilit\u00e0 conserva i tratti, \u00e8 ancora esistente, sito in frazione Torsas al civico 6.<\/p>\n<a href=\"https:\/\/www.radiopiu.net\/wordpress\/wp-content\/uploads\/2023\/09\/Attestazione-proprieta-Canonica-Not_Paradisi_1774-Archivio-Tiziano-De-Col.pdf\" class=\"pdfemb-viewer\" style=\"\" data-width=\"max\" data-height=\"max\" data-toolbar=\"top\" data-toolbar-fixed=\"on\">Attestazione proprieta\u0300 Canonica Not_Paradisi_1774 Archivio Tiziano De Col<\/a>\n<p>Sulla \u201cStampa per i Comparroci d\u2019Agordo\u201d <em>il di 27 dicembre 1774<\/em>, \u00a0da pag. 71 a pag 76, vi sono riportati una serie di \u201cCapitoli\u201d o \u201cCapitolazioni\u201d per l\u2019assegnazione del Mansionario a La Valle e al Capitolo Ottavo, <em>\u201c Sia tenuto detto Reverendo Mansionario soggiornare e stare sempre di permanenza alla Valle nella Canonica, che verr\u00e0 fabbricata dalla sudetta Regola<\/em> <em>, restando , in tanto ad Esso destinata abitazione decente, e congrua, e fino a tanto che vien fabbricata la nuova Canonica, per l\u2019istantanea, e bisognevole Abitazione sudetta verr\u00e0 pagato l\u2019affitto della Chiesa, e Scuole &amp;c.\u201d <\/em>La costruzione della nuova Canonica doveva gi\u00e0 essere a buon punto o comunque le \u201cCapitolazioni\u201d sono state stese tardivamente, tant\u2019\u00e8 che nel 1774 il Notaio Bonaventura Paradisi attesta la Canonica, stalla e terreni di ragione , ossia di propriet\u00e0, degli Huomini della Regola della Val, con la seguente dicitura \u201c<em>Attesto io sottoscritto Nodaro, sotto mio giuramento, come l\u2019Orto, la Stalla, che sono li Huomi della Regol della Val d\u2019Agordo anco nelli fondi ove furono eretti la Chiesa e Canonica d\u2019essa Valle e questi sono stati ad antiguita come fondi di ragione d\u2019essa Chiesa assegnati par Orto e Fabriche per il Parroco pro tempore d\u2019essa Chiesa<\/em>\u201d. Quindi nel 1774 la Canonica era gi\u00e0 edificata a cura dei Regolieri su fondi nella disponibilit\u00e0 della Regola stessa. Ulteriori passaggi e precisazioni storiche sulla costruzione della Canonica sono riscontrabili nell\u2019opera citata di Da Roit Corrado \u201cLa Fabrica di San Michiel\u201d.<\/p>\n<a href=\"https:\/\/www.radiopiu.net\/wordpress\/wp-content\/uploads\/2023\/09\/Stampa-x-i-comparroci-di-Agort_Capitolato-impegno-x-canonica_1744-Archivio-Tiziano-De-Col.pdf\" class=\"pdfemb-viewer\" style=\"\" data-width=\"max\" data-height=\"max\" data-toolbar=\"top\" data-toolbar-fixed=\"on\">Stampa x i comparroci di Agort_Capitolato impegno x canonica_1744 Archivio Tiziano De Col<\/a>\n<p>Da questi documenti , dei quali sia le Amministrazione Comunali del tempo, sia il Perito Accertatore , non avevano contezza al tempo in cui procedeva all\u2019accertamento ed al riordino dei cosiddetti Usi Civi (ora Dominio Collettivo) si ha la chiara dimostrazione che la Canonica, la Casa del Nonzolo o Monech con annessa stalla , furono edificate dai Regolieri ben prima dell\u2019esistenza del Comune di La Valle, su terreni nella disponibilit\u00e0 dei Regolieri e quindi devono essere ricondotte, a nostro avviso, al Patrimonio Antico della Regola della Valle e quindi nel Dominio Collettivo (un tempo Uso Civico) di La Valle.<\/p>\n<p>Sullo stesso terreno, nel 1888 o anni immediatamente successivi, il Comune realizz\u00f2 due ampliamenti, un ampliamento verso nord-ovest in direzione dell\u2019attuale municipio e uno verso sud-est verso la Chiesa. Nell\u2019 ampliamento verso nord &#8211; ovest trovarono spazio le Scuole ed uffici comunali del Comune e poi a pianterreno trov\u00f2 posto un esercizio commerciale tutt\u2019ora in attivit\u00e0 ed al piano primo l\u2019ambulatorio medico del paese rimasto in quelle stanze fino al 2013 dopodich\u00e8 venne trasferito nel fabbricato ex latteria a pianterreno della Sala Don Alessandro Valmassoni. L\u2019ultimo piano era stato lasciato in disponibilit\u00e0 alla Canonica ed utilizzato come \u201cforesteria\u201d della stessa fino a circa 50 anni fa ed ora \u00e8 in disuso. L\u2019ampliamento a sud-est, sul lato opposto del fabbricato, verso la Chiesa, fu probabilmente all\u2019inizio utilizzato come scuole, mentre poi, il pianterreno fu utilizzato per attivit\u00e0 sociali della Parrocchia, il primo piano a parte dell\u2019abitazione del Parroco. Tutto l\u2019ultimo piano fu utilizzato come abitazione del Sacrestano, in quanto la Casa del Nonzolo era rimasta in uso alla famiglia di un precedente Sacrestano. Anche questi ampliamenti, seppur realizzati dal Comune , a nostro avviso, devono essere considerati come Dominio Collettivo, in quanto edificati su terreno di derivazione Regoliera facente parte del Patrimonio Antico della Regola.<\/p>\n<p>&nbsp;<\/p>\n\n\t\t\t<style type='text\/css'>\n\t\t\t\t#gallery-1 {\n\t\t\t\t\tmargin: auto;\n\t\t\t\t}\n\t\t\t\t#gallery-1 .gallery-item {\n\t\t\t\t\tfloat: left;\n\t\t\t\t\tmargin-top: 10px;\n\t\t\t\t\ttext-align: center;\n\t\t\t\t\twidth: 12%;\n\t\t\t\t}\n\t\t\t\t#gallery-1 img {\n\t\t\t\t\tborder: 2px solid #cfcfcf;\n\t\t\t\t}\n\t\t\t\t#gallery-1 .gallery-caption {\n\t\t\t\t\tmargin-left: 0;\n\t\t\t\t}\n\t\t\t\t\/* see gallery_shortcode() in wp-includes\/media.php *\/\n\t\t\t<\/style>\n\t\t<div id='gallery-1' class='dt-gallery-container gallery galleryid-351866 gallery-columns-8 gallery-size-thumbnail'><dl class='gallery-item'>\n\t\t\t\t<dt class='gallery-icon landscape'>\n\t\t\t\t\t<a class=\"rollover rollover-zoom dt-pswp-item\" title=\"c6dd4385-2dfd-4303-b841-563e03f99721\" data-dt-img-description=\"\" data-large_image_width=\"1600\" data-large_image_height=\"1200\"href='https:\/\/www.radiopiu.net\/wordpress\/wp-content\/uploads\/2023\/09\/c6dd4385-2dfd-4303-b841-563e03f99721.jpg'><img loading=\"lazy\" decoding=\"async\" width=\"150\" height=\"150\" src=\"https:\/\/www.radiopiu.net\/wordpress\/wp-content\/uploads\/2023\/09\/c6dd4385-2dfd-4303-b841-563e03f99721-150x150.jpg\" class=\"attachment-thumbnail size-thumbnail\" alt=\"\" aria-describedby=\"gallery-1-351874\" \/><\/a>\n\t\t\t\t<\/dt>\n\t\t\t\t\t<dd class='wp-caption-text gallery-caption' id='gallery-1-351874'>\n\t\t\t\t\tImmagini riguardanti la &#8220;Canonica vecchia&#8221;\n\t\t\t\t\t<\/dd><\/dl><dl class='gallery-item'>\n\t\t\t\t<dt class='gallery-icon landscape'>\n\t\t\t\t\t<a class=\"rollover rollover-zoom dt-pswp-item\" title=\"0f37af91-31e3-48c7-ae06-d3d2d3766a43\" data-dt-img-description=\"\" data-large_image_width=\"1600\" data-large_image_height=\"1200\"href='https:\/\/www.radiopiu.net\/wordpress\/wp-content\/uploads\/2023\/09\/0f37af91-31e3-48c7-ae06-d3d2d3766a43.jpg'><img loading=\"lazy\" decoding=\"async\" width=\"150\" height=\"150\" src=\"https:\/\/www.radiopiu.net\/wordpress\/wp-content\/uploads\/2023\/09\/0f37af91-31e3-48c7-ae06-d3d2d3766a43-150x150.jpg\" class=\"attachment-thumbnail size-thumbnail\" alt=\"\" \/><\/a>\n\t\t\t\t<\/dt><\/dl><dl class='gallery-item'>\n\t\t\t\t<dt class='gallery-icon landscape'>\n\t\t\t\t\t<a class=\"rollover rollover-zoom dt-pswp-item\" title=\"93c101de-feb4-437a-bff2-89babc525786\" data-dt-img-description=\"\" data-large_image_width=\"1600\" data-large_image_height=\"1200\"href='https:\/\/www.radiopiu.net\/wordpress\/wp-content\/uploads\/2023\/09\/93c101de-feb4-437a-bff2-89babc525786.jpg'><img loading=\"lazy\" decoding=\"async\" width=\"150\" height=\"150\" src=\"https:\/\/www.radiopiu.net\/wordpress\/wp-content\/uploads\/2023\/09\/93c101de-feb4-437a-bff2-89babc525786-150x150.jpg\" class=\"attachment-thumbnail size-thumbnail\" alt=\"\" \/><\/a>\n\t\t\t\t<\/dt><\/dl><dl class='gallery-item'>\n\t\t\t\t<dt class='gallery-icon landscape'>\n\t\t\t\t\t<a class=\"rollover rollover-zoom dt-pswp-item\" title=\"8541215d-7436-403c-ab6c-42f5bc6ac0c3\" data-dt-img-description=\"\" data-large_image_width=\"1600\" data-large_image_height=\"1200\"href='https:\/\/www.radiopiu.net\/wordpress\/wp-content\/uploads\/2023\/09\/8541215d-7436-403c-ab6c-42f5bc6ac0c3.jpg'><img loading=\"lazy\" decoding=\"async\" width=\"150\" height=\"150\" src=\"https:\/\/www.radiopiu.net\/wordpress\/wp-content\/uploads\/2023\/09\/8541215d-7436-403c-ab6c-42f5bc6ac0c3-150x150.jpg\" class=\"attachment-thumbnail size-thumbnail\" alt=\"\" \/><\/a>\n\t\t\t\t<\/dt><\/dl><dl class='gallery-item'>\n\t\t\t\t<dt class='gallery-icon portrait'>\n\t\t\t\t\t<a class=\"rollover rollover-zoom dt-pswp-item\" title=\"577addf3-6b3c-4f93-b290-aa59af0c5f5c\" data-dt-img-description=\"\" data-large_image_width=\"1200\" data-large_image_height=\"1600\"href='https:\/\/www.radiopiu.net\/wordpress\/wp-content\/uploads\/2023\/09\/577addf3-6b3c-4f93-b290-aa59af0c5f5c.jpg'><img loading=\"lazy\" decoding=\"async\" width=\"150\" height=\"150\" src=\"https:\/\/www.radiopiu.net\/wordpress\/wp-content\/uploads\/2023\/09\/577addf3-6b3c-4f93-b290-aa59af0c5f5c-150x150.jpg\" class=\"attachment-thumbnail size-thumbnail\" alt=\"\" \/><\/a>\n\t\t\t\t<\/dt><\/dl><dl class='gallery-item'>\n\t\t\t\t<dt class='gallery-icon landscape'>\n\t\t\t\t\t<a class=\"rollover rollover-zoom dt-pswp-item\" title=\"e2298299-3589-4384-a08d-7b0d2f219346\" data-dt-img-description=\"\" data-large_image_width=\"1600\" data-large_image_height=\"1200\"href='https:\/\/www.radiopiu.net\/wordpress\/wp-content\/uploads\/2023\/09\/e2298299-3589-4384-a08d-7b0d2f219346.jpg'><img loading=\"lazy\" decoding=\"async\" width=\"150\" height=\"150\" src=\"https:\/\/www.radiopiu.net\/wordpress\/wp-content\/uploads\/2023\/09\/e2298299-3589-4384-a08d-7b0d2f219346-150x150.jpg\" class=\"attachment-thumbnail size-thumbnail\" alt=\"\" \/><\/a>\n\t\t\t\t<\/dt><\/dl><dl class='gallery-item'>\n\t\t\t\t<dt class='gallery-icon landscape'>\n\t\t\t\t\t<a class=\"rollover rollover-zoom dt-pswp-item\" title=\"6f221f63-ae41-449d-8708-75e4cdd80d14\" data-dt-img-description=\"\" data-large_image_width=\"1600\" data-large_image_height=\"1200\"href='https:\/\/www.radiopiu.net\/wordpress\/wp-content\/uploads\/2023\/09\/6f221f63-ae41-449d-8708-75e4cdd80d14.jpg'><img loading=\"lazy\" decoding=\"async\" width=\"150\" height=\"150\" src=\"https:\/\/www.radiopiu.net\/wordpress\/wp-content\/uploads\/2023\/09\/6f221f63-ae41-449d-8708-75e4cdd80d14-150x150.jpg\" class=\"attachment-thumbnail size-thumbnail\" alt=\"\" \/><\/a>\n\t\t\t\t<\/dt><\/dl><dl class='gallery-item'>\n\t\t\t\t<dt class='gallery-icon landscape'>\n\t\t\t\t\t<a class=\"rollover rollover-zoom dt-pswp-item\" title=\"7216a7c7-1e73-4144-9d4a-5c818b342390\" data-dt-img-description=\"\" data-large_image_width=\"1600\" data-large_image_height=\"1200\"href='https:\/\/www.radiopiu.net\/wordpress\/wp-content\/uploads\/2023\/09\/7216a7c7-1e73-4144-9d4a-5c818b342390.jpg'><img loading=\"lazy\" decoding=\"async\" width=\"150\" height=\"150\" src=\"https:\/\/www.radiopiu.net\/wordpress\/wp-content\/uploads\/2023\/09\/7216a7c7-1e73-4144-9d4a-5c818b342390-150x150.jpg\" class=\"attachment-thumbnail size-thumbnail\" alt=\"\" \/><\/a>\n\t\t\t\t<\/dt><\/dl><br style=\"clear: both\" \/><dl class='gallery-item'>\n\t\t\t\t<dt class='gallery-icon landscape'>\n\t\t\t\t\t<a class=\"rollover rollover-zoom dt-pswp-item\" title=\"d0a73a04-22fb-423a-a0af-07510268e5d1\" data-dt-img-description=\"\" data-large_image_width=\"1600\" data-large_image_height=\"1200\"href='https:\/\/www.radiopiu.net\/wordpress\/wp-content\/uploads\/2023\/09\/d0a73a04-22fb-423a-a0af-07510268e5d1.jpg'><img loading=\"lazy\" decoding=\"async\" width=\"150\" height=\"150\" src=\"https:\/\/www.radiopiu.net\/wordpress\/wp-content\/uploads\/2023\/09\/d0a73a04-22fb-423a-a0af-07510268e5d1-150x150.jpg\" class=\"attachment-thumbnail size-thumbnail\" alt=\"\" \/><\/a>\n\t\t\t\t<\/dt><\/dl><dl class='gallery-item'>\n\t\t\t\t<dt class='gallery-icon landscape'>\n\t\t\t\t\t<a class=\"rollover rollover-zoom dt-pswp-item\" title=\"cbcfd61d-9ea8-49d6-b8dc-23b0b3fbb340\" data-dt-img-description=\"\" data-large_image_width=\"1600\" data-large_image_height=\"1200\"href='https:\/\/www.radiopiu.net\/wordpress\/wp-content\/uploads\/2023\/09\/cbcfd61d-9ea8-49d6-b8dc-23b0b3fbb340.jpg'><img loading=\"lazy\" decoding=\"async\" width=\"150\" height=\"150\" src=\"https:\/\/www.radiopiu.net\/wordpress\/wp-content\/uploads\/2023\/09\/cbcfd61d-9ea8-49d6-b8dc-23b0b3fbb340-150x150.jpg\" class=\"attachment-thumbnail size-thumbnail\" alt=\"\" \/><\/a>\n\t\t\t\t<\/dt><\/dl><dl class='gallery-item'>\n\t\t\t\t<dt class='gallery-icon landscape'>\n\t\t\t\t\t<a class=\"rollover rollover-zoom dt-pswp-item\" title=\"06c81277-f56a-48fe-93e8-9c313e80e2ed\" data-dt-img-description=\"\" data-large_image_width=\"1600\" data-large_image_height=\"1200\"href='https:\/\/www.radiopiu.net\/wordpress\/wp-content\/uploads\/2023\/09\/06c81277-f56a-48fe-93e8-9c313e80e2ed.jpg'><img loading=\"lazy\" decoding=\"async\" width=\"150\" height=\"150\" src=\"https:\/\/www.radiopiu.net\/wordpress\/wp-content\/uploads\/2023\/09\/06c81277-f56a-48fe-93e8-9c313e80e2ed-150x150.jpg\" class=\"attachment-thumbnail size-thumbnail\" alt=\"\" \/><\/a>\n\t\t\t\t<\/dt><\/dl><dl class='gallery-item'>\n\t\t\t\t<dt class='gallery-icon landscape'>\n\t\t\t\t\t<a class=\"rollover rollover-zoom dt-pswp-item\" title=\"68cbaa69-afd8-4f3b-83a1-28dcebdc1bbb\" data-dt-img-description=\"\" data-large_image_width=\"1600\" data-large_image_height=\"1200\"href='https:\/\/www.radiopiu.net\/wordpress\/wp-content\/uploads\/2023\/09\/68cbaa69-afd8-4f3b-83a1-28dcebdc1bbb.jpg'><img loading=\"lazy\" decoding=\"async\" width=\"150\" height=\"150\" src=\"https:\/\/www.radiopiu.net\/wordpress\/wp-content\/uploads\/2023\/09\/68cbaa69-afd8-4f3b-83a1-28dcebdc1bbb-150x150.jpg\" class=\"attachment-thumbnail size-thumbnail\" alt=\"\" \/><\/a>\n\t\t\t\t<\/dt><\/dl><dl class='gallery-item'>\n\t\t\t\t<dt class='gallery-icon landscape'>\n\t\t\t\t\t<a class=\"rollover rollover-zoom dt-pswp-item\" title=\"4e247475-d147-42d6-a586-9085d7568220\" data-dt-img-description=\"\" data-large_image_width=\"1600\" data-large_image_height=\"1200\"href='https:\/\/www.radiopiu.net\/wordpress\/wp-content\/uploads\/2023\/09\/4e247475-d147-42d6-a586-9085d7568220.jpg'><img loading=\"lazy\" decoding=\"async\" width=\"150\" height=\"150\" src=\"https:\/\/www.radiopiu.net\/wordpress\/wp-content\/uploads\/2023\/09\/4e247475-d147-42d6-a586-9085d7568220-150x150.jpg\" class=\"attachment-thumbnail size-thumbnail\" alt=\"\" \/><\/a>\n\t\t\t\t<\/dt><\/dl><dl class='gallery-item'>\n\t\t\t\t<dt class='gallery-icon landscape'>\n\t\t\t\t\t<a class=\"rollover rollover-zoom dt-pswp-item\" title=\"b4a2a41f-9020-4395-8758-d2d6dbbfd415\" data-dt-img-description=\"\" data-large_image_width=\"1600\" data-large_image_height=\"1200\"href='https:\/\/www.radiopiu.net\/wordpress\/wp-content\/uploads\/2023\/09\/b4a2a41f-9020-4395-8758-d2d6dbbfd415.jpg'><img loading=\"lazy\" decoding=\"async\" width=\"150\" height=\"150\" src=\"https:\/\/www.radiopiu.net\/wordpress\/wp-content\/uploads\/2023\/09\/b4a2a41f-9020-4395-8758-d2d6dbbfd415-150x150.jpg\" class=\"attachment-thumbnail size-thumbnail\" alt=\"\" aria-describedby=\"gallery-1-351888\" \/><\/a>\n\t\t\t\t<\/dt>\n\t\t\t\t\t<dd class='wp-caption-text gallery-caption' id='gallery-1-351888'>\n\t\t\t\t\tImmagini della attuale Canonica (con i due ampliamenti successivi al nucleo centrale originale) insieme alla casa del Nonzolo o Monek con annessa stalla e fienile\n\t\t\t\t\t<\/dd><\/dl><dl class='gallery-item'>\n\t\t\t\t<dt class='gallery-icon landscape'>\n\t\t\t\t\t<a class=\"rollover rollover-zoom dt-pswp-item\" title=\"44e3863d-7fa2-4970-87bd-c443b222d3e2\" data-dt-img-description=\"\" data-large_image_width=\"1600\" data-large_image_height=\"1142\"href='https:\/\/www.radiopiu.net\/wordpress\/wp-content\/uploads\/2023\/09\/44e3863d-7fa2-4970-87bd-c443b222d3e2.jpg'><img loading=\"lazy\" decoding=\"async\" width=\"150\" height=\"150\" src=\"https:\/\/www.radiopiu.net\/wordpress\/wp-content\/uploads\/2023\/09\/44e3863d-7fa2-4970-87bd-c443b222d3e2-150x150.jpg\" class=\"attachment-thumbnail size-thumbnail\" alt=\"\" aria-describedby=\"gallery-1-351889\" \/><\/a>\n\t\t\t\t<\/dt>\n\t\t\t\t\t<dd class='wp-caption-text gallery-caption' id='gallery-1-351889'>\n\t\t\t\t\tProgetto di ampliamento verso la Chiesa da destinarsi, insieme all&#8217;ampliamento sul lato opposto, a Scuole e Municipio.\n\t\t\t\t\t<\/dd><\/dl><dl class='gallery-item'>\n\t\t\t\t<dt class='gallery-icon portrait'>\n\t\t\t\t\t<a class=\"rollover rollover-zoom dt-pswp-item\" title=\"3a446569-36ac-4af2-9b80-dd3368fc48b6\" data-dt-img-description=\"\" data-large_image_width=\"1536\" data-large_image_height=\"2048\"href='https:\/\/www.radiopiu.net\/wordpress\/wp-content\/uploads\/2023\/09\/3a446569-36ac-4af2-9b80-dd3368fc48b6.jpg'><img loading=\"lazy\" decoding=\"async\" width=\"150\" height=\"150\" src=\"https:\/\/www.radiopiu.net\/wordpress\/wp-content\/uploads\/2023\/09\/3a446569-36ac-4af2-9b80-dd3368fc48b6-150x150.jpg\" class=\"attachment-thumbnail size-thumbnail\" alt=\"\" aria-describedby=\"gallery-1-351890\" \/><\/a>\n\t\t\t\t<\/dt>\n\t\t\t\t\t<dd class='wp-caption-text gallery-caption' id='gallery-1-351890'>\n\t\t\t\t\tLibro &#8220;La fabrica di San Michel&#8221; scritto da Corrado Da Roit ed edito dal Comune di La Valle nel 2008 in occasione dei 300 anni dalla consacrazione della Chiesa di San Michele Arcangelo nella allora Regola della Valle.\n\t\t\t\t\t<\/dd><\/dl><br style=\"clear: both\" \/>\n\t\t\t<\/div>\n\n<p>&nbsp;<\/p>\n<p>&nbsp;<\/p>\n<p>*******<\/p>\n","protected":false},"excerpt":{"rendered":"<p>di Tiziano De Col Facendo seguito alle prime otto parti di questa succinta e didascalica trattazione sui Dom\u00ecni Collettivi, Agordini in special modo, consigliamo la lettura delle prime otto parti da qui raggiungibili PRIMA PARTE\u00a0\u00a0SECONDA PARTE\u00a0\u00a0TERZA PARTE\u00a0\u00a0QUARTA PARTE\u00a0\u00a0QUINTA PARTE\u00a0\u00a0SESTA PARTE SETTIMA PARTE\u00a0OTTAVA PARTE Le procedure di accertamento dei cosiddetti Usi Civici, definiti Domini Collettivi dalla&hellip;<\/p>\n","protected":false},"author":4,"featured_media":351884,"comment_status":"closed","ping_status":"closed","sticky":false,"template":"","format":"standard","meta":{"_monsterinsights_skip_tracking":false,"_monsterinsights_sitenote_active":false,"_monsterinsights_sitenote_note":"","_monsterinsights_sitenote_category":0,"footnotes":""},"categories":[51,49],"tags":[],"class_list":["post-351866","post","type-post","status-publish","format-standard","has-post-thumbnail","hentry","category-evidenza-top","category-news-18","category-51","category-49","description-off"],"img_url":"https:\/\/www.radiopiu.net\/wordpress\/wp-content\/uploads\/2023\/09\/cbcfd61d-9ea8-49d6-b8dc-23b0b3fbb340.jpg","_links":{"self":[{"href":"https:\/\/www.radiopiu.net\/wordpress\/wp-json\/wp\/v2\/posts\/351866","targetHints":{"allow":["GET"]}}],"collection":[{"href":"https:\/\/www.radiopiu.net\/wordpress\/wp-json\/wp\/v2\/posts"}],"about":[{"href":"https:\/\/www.radiopiu.net\/wordpress\/wp-json\/wp\/v2\/types\/post"}],"author":[{"embeddable":true,"href":"https:\/\/www.radiopiu.net\/wordpress\/wp-json\/wp\/v2\/users\/4"}],"replies":[{"embeddable":true,"href":"https:\/\/www.radiopiu.net\/wordpress\/wp-json\/wp\/v2\/comments?post=351866"}],"version-history":[{"count":0,"href":"https:\/\/www.radiopiu.net\/wordpress\/wp-json\/wp\/v2\/posts\/351866\/revisions"}],"wp:featuredmedia":[{"embeddable":true,"href":"https:\/\/www.radiopiu.net\/wordpress\/wp-json\/wp\/v2\/media\/351884"}],"wp:attachment":[{"href":"https:\/\/www.radiopiu.net\/wordpress\/wp-json\/wp\/v2\/media?parent=351866"}],"wp:term":[{"taxonomy":"category","embeddable":true,"href":"https:\/\/www.radiopiu.net\/wordpress\/wp-json\/wp\/v2\/categories?post=351866"},{"taxonomy":"post_tag","embeddable":true,"href":"https:\/\/www.radiopiu.net\/wordpress\/wp-json\/wp\/v2\/tags?post=351866"}],"curies":[{"name":"wp","href":"https:\/\/api.w.org\/{rel}","templated":true}]}}