{"id":351900,"date":"2023-09-11T05:27:02","date_gmt":"2023-09-11T03:27:02","guid":{"rendered":"https:\/\/www.radiopiu.net\/wordpress\/?p=351900"},"modified":"2023-09-11T05:37:17","modified_gmt":"2023-09-11T03:37:17","slug":"malore-al-lago-di-lagazuoi-per-un-uomo-di-rivamonte-un-altro-intervento-al-rifugio-dolada","status":"publish","type":"post","link":"https:\/\/www.radiopiu.net\/wordpress\/malore-al-lago-di-lagazuoi-per-un-uomo-di-rivamonte-un-altro-intervento-al-rifugio-dolada\/","title":{"rendered":"MALORE AL LAGO DI LAGAZUOI PER UN UOMO DI RIVAMONTE. UN ALTRO INTERVENTO AL RIFUGIO DOLADA"},"content":{"rendered":"<p><strong><a class=\"dt-pswp-item\" href=\"https:\/\/www.radiopiu.net\/wordpress\/wp-content\/uploads\/2023\/09\/Watermark_20230910_171626_734-scaled.jpg\" data-dt-img-description=\"\" data-large_image_width=\"2560\" data-large_image_height=\"1440\"><img loading=\"lazy\" decoding=\"async\" class=\" wp-image-351915 alignleft\" src=\"https:\/\/www.radiopiu.net\/wordpress\/wp-content\/uploads\/2023\/09\/Watermark_20230910_171626_734-300x169.jpg\" alt=\"\" width=\"224\" height=\"126\" srcset=\"https:\/\/www.radiopiu.net\/wordpress\/wp-content\/uploads\/2023\/09\/Watermark_20230910_171626_734-300x169.jpg 300w, https:\/\/www.radiopiu.net\/wordpress\/wp-content\/uploads\/2023\/09\/Watermark_20230910_171626_734-1024x576.jpg 1024w, https:\/\/www.radiopiu.net\/wordpress\/wp-content\/uploads\/2023\/09\/Watermark_20230910_171626_734-768x432.jpg 768w, https:\/\/www.radiopiu.net\/wordpress\/wp-content\/uploads\/2023\/09\/Watermark_20230910_171626_734-1536x864.jpg 1536w, https:\/\/www.radiopiu.net\/wordpress\/wp-content\/uploads\/2023\/09\/Watermark_20230910_171626_734-2048x1152.jpg 2048w\" sizes=\"auto, (max-width: 224px) 100vw, 224px\" \/><\/a>ALPAGO <\/strong>Scattato l&#8217;allarme verso le 13.45, Falco 2 \u00e8 volato sulla strada che scende dal Rifugio Dolada, dove un74enne di Padova era caduto sull&#8217;asfalto dalla propria bici a pedalata assistita e aveva perso conoscenza. A chiedere aiuto un medico che si trovava con lui. Calati con il verricello, equipe medica e tecnico di elisoccorso hanno prestato le prime cure all&#8217;uomo, che si era nel frattempo ripreso. Imbarellato, l&#8217;infortunato \u00e8 stato spostato, con il supporto di una squadra del Soccorso alpino dell&#8217;Alpago, in un punto pi\u00f9 agevole per il recupero. Verricellato a bordo, l&#8217;uomo \u00e8 stato trasportato all&#8217;ospedale di Belluno.<\/p>\n<p><strong>CORTINA <\/strong>Un&#8217;ora dopo circa, l&#8217;elicottero del Suem di Pieve di Cadore \u00e8 stato inviato sul Lagazuoi, lungo il sentiero n.20 che porta al lago di Lagazuoi, per un escursionista colto da malore. Sbarcati nelle vicinanze, medico e infermiere si sono subito occupati del 58enne di Rivamonte Agordino (BL), apparso in gravi condizioni. L&#8217;uomo \u00e8 stato imbarcato e portato all&#8217;ospedale.<\/p>\n<p>&nbsp;<\/p>\n<p>&nbsp;<\/p>\n<p>******<\/p>\n","protected":false},"excerpt":{"rendered":"<p>ALPAGO Scattato l&#8217;allarme verso le 13.45, Falco 2 \u00e8 volato sulla strada che scende dal Rifugio Dolada, dove un74enne di Padova era caduto sull&#8217;asfalto dalla propria bici a pedalata assistita e aveva perso conoscenza. A chiedere aiuto un medico che si trovava con lui. Calati con il verricello, equipe medica e tecnico di elisoccorso hanno&hellip;<\/p>\n","protected":false},"author":4,"featured_media":351916,"comment_status":"closed","ping_status":"closed","sticky":false,"template":"","format":"standard","meta":{"_monsterinsights_skip_tracking":false,"_monsterinsights_sitenote_active":false,"_monsterinsights_sitenote_note":"","_monsterinsights_sitenote_category":0,"footnotes":""},"categories":[51,49],"tags":[],"class_list":["post-351900","post","type-post","status-publish","format-standard","has-post-thumbnail","hentry","category-evidenza-top","category-news-18","category-51","category-49","description-off"],"img_url":"https:\/\/www.radiopiu.net\/wordpress\/wp-content\/uploads\/2023\/09\/Watermark_20230910_171549_901.jpg","_links":{"self":[{"href":"https:\/\/www.radiopiu.net\/wordpress\/wp-json\/wp\/v2\/posts\/351900","targetHints":{"allow":["GET"]}}],"collection":[{"href":"https:\/\/www.radiopiu.net\/wordpress\/wp-json\/wp\/v2\/posts"}],"about":[{"href":"https:\/\/www.radiopiu.net\/wordpress\/wp-json\/wp\/v2\/types\/post"}],"author":[{"embeddable":true,"href":"https:\/\/www.radiopiu.net\/wordpress\/wp-json\/wp\/v2\/users\/4"}],"replies":[{"embeddable":true,"href":"https:\/\/www.radiopiu.net\/wordpress\/wp-json\/wp\/v2\/comments?post=351900"}],"version-history":[{"count":0,"href":"https:\/\/www.radiopiu.net\/wordpress\/wp-json\/wp\/v2\/posts\/351900\/revisions"}],"wp:featuredmedia":[{"embeddable":true,"href":"https:\/\/www.radiopiu.net\/wordpress\/wp-json\/wp\/v2\/media\/351916"}],"wp:attachment":[{"href":"https:\/\/www.radiopiu.net\/wordpress\/wp-json\/wp\/v2\/media?parent=351900"}],"wp:term":[{"taxonomy":"category","embeddable":true,"href":"https:\/\/www.radiopiu.net\/wordpress\/wp-json\/wp\/v2\/categories?post=351900"},{"taxonomy":"post_tag","embeddable":true,"href":"https:\/\/www.radiopiu.net\/wordpress\/wp-json\/wp\/v2\/tags?post=351900"}],"curies":[{"name":"wp","href":"https:\/\/api.w.org\/{rel}","templated":true}]}}