{"id":351970,"date":"2023-09-11T04:57:54","date_gmt":"2023-09-11T02:57:54","guid":{"rendered":"https:\/\/www.radiopiu.net\/wordpress\/?p=351970"},"modified":"2023-09-11T04:57:54","modified_gmt":"2023-09-11T02:57:54","slug":"50-bellunesi-a-barbiana","status":"publish","type":"post","link":"https:\/\/www.radiopiu.net\/wordpress\/50-bellunesi-a-barbiana\/","title":{"rendered":"50 BELLUNESI A BARBIANA"},"content":{"rendered":"<p><a class=\"dt-pswp-item\" href=\"https:\/\/www.radiopiu.net\/wordpress\/wp-content\/uploads\/2023\/09\/BARBIANA-9settembre23.jpeg\" data-dt-img-description=\"\" data-large_image_width=\"1600\" data-large_image_height=\"720\"><img loading=\"lazy\" decoding=\"async\" class=\"alignleft wp-image-351971 size-full\" src=\"https:\/\/www.radiopiu.net\/wordpress\/wp-content\/uploads\/2023\/09\/BARBIANA-9settembre23.jpeg\" alt=\"\" width=\"1600\" height=\"720\" srcset=\"https:\/\/www.radiopiu.net\/wordpress\/wp-content\/uploads\/2023\/09\/BARBIANA-9settembre23.jpeg 1600w, https:\/\/www.radiopiu.net\/wordpress\/wp-content\/uploads\/2023\/09\/BARBIANA-9settembre23-300x135.jpeg 300w, https:\/\/www.radiopiu.net\/wordpress\/wp-content\/uploads\/2023\/09\/BARBIANA-9settembre23-1024x461.jpeg 1024w, https:\/\/www.radiopiu.net\/wordpress\/wp-content\/uploads\/2023\/09\/BARBIANA-9settembre23-768x346.jpeg 768w, https:\/\/www.radiopiu.net\/wordpress\/wp-content\/uploads\/2023\/09\/BARBIANA-9settembre23-1536x691.jpeg 1536w\" sizes=\"auto, (max-width: 1600px) 100vw, 1600px\" \/><\/a><\/p>\n<blockquote>\n<h3><\/h3>\n<\/blockquote>\n<div><\/div>\n<div><\/div>\n<div><\/div>\n<div><\/div>\n<div><\/div>\n<div><strong>BELLUNO<\/strong> Sabato 9 settembre un gruppo di bellunesi ha percorso il Sentiero della Costituzione per raggiungere la Scuola di Barbiana: insegnanti e dirigenti scolastici, ma anche famiglie, associazioni ed operatori del sociale.<\/div>\n<div dir=\"ltr\">Nel centenario della nascita di don Lorenzo Milani il Comitato\u00a0<i>Belluno comunit\u00e0 che educa,\u00a0<\/i>\u00a0in collaborazione con l&#8217;Ufficio Scolastico provinciale, ha organizzato infatti una Giornata a Barbiana, la Pieve dove \u00e8 nata e diventata grande quella straordinaria esperienza educativa nota appunto come la\u00a0\u00a0<i>Scuola di Barbiana<\/i>. Tra il 1954 e il 1967, don Lorenzo ha raccolto l\u00ec nella sua canonica i ragazzi scartati o quelli che non avevano accesso alla scuola pubblica, per insegnare loro la geografia, le lingue, la Costituzione, le abilit\u00e0 manuali &#8230; tutto ci\u00f2 che serviva loro per essere cittadini autonomi ed attivi, consci dei propri diritti, pronti a compiere i propri doveri.<\/div>\n<div>La cinquantina di partecipanti ha potuto visitare l&#8217;aula studio, la biblioteca, l&#8217;officina e ammirare, appesi alle pareti, alcuni dei pi\u00f9 significativi manufatti della scuola: l&#8217;astrolabio, i grafici della composizione del Parlamento nel corso del XX secolo, la foto della visita alla scuola dell&#8217;Ambasciatore del Congo. Ed hanno potuto ascoltare dalla viva voce dell&#8217;ex-allieva Fiorella e del volontario Palmiro aneddoti, battute, ricordi attraverso i quali ha ripreso corpo, nell&#8217;immaginario dei partecipanti, la vita di don Lorenzo e la vita stessa della scuola. Una scuola di cui si avverte ancora pulsante la passione per i ragazzi e per una educazione capace di generare giustizia nella societ\u00e0.<\/div>\n<div>Le attivit\u00e0 del Comitato non terminano qui. Ad ottobre \u00e8 prevista una mostra accompagnata dagli\u00a0incontri con F. Sessi e V. Righi, a novembre un laboratorio di comunit\u00e0 con il prof. Gino Mazzoli.\u00a0 Tutto questo perch\u00e9, \u00e8 l&#8217;augurio del Comitato, le intuizioni (o profezie se vogliamo chiamarle cos\u00ec) di don Lorenzo suggeriscano ancora ad educatori ed insegnanti una via da percorrere per crescere cittadini attivi e responsabili, anche al giorno d&#8217;oggi.<\/div>\n","protected":false},"excerpt":{"rendered":"<p>BELLUNO Sabato 9 settembre un gruppo di bellunesi ha percorso il Sentiero della Costituzione per raggiungere la Scuola di Barbiana: insegnanti e dirigenti scolastici, ma anche famiglie, associazioni ed operatori del sociale. Nel centenario della nascita di don Lorenzo Milani il Comitato\u00a0Belluno comunit\u00e0 che educa,\u00a0\u00a0in collaborazione con l&#8217;Ufficio Scolastico provinciale, ha organizzato infatti una Giornata&hellip;<\/p>\n","protected":false},"author":4,"featured_media":351971,"comment_status":"closed","ping_status":"closed","sticky":false,"template":"","format":"standard","meta":{"_monsterinsights_skip_tracking":false,"_monsterinsights_sitenote_active":false,"_monsterinsights_sitenote_note":"","_monsterinsights_sitenote_category":0,"footnotes":""},"categories":[104,49],"tags":[],"class_list":["post-351970","post","type-post","status-publish","format-standard","has-post-thumbnail","hentry","category-evidenza_3","category-news-18","category-104","category-49","description-off"],"img_url":"https:\/\/www.radiopiu.net\/wordpress\/wp-content\/uploads\/2023\/09\/BARBIANA-9settembre23.jpeg","_links":{"self":[{"href":"https:\/\/www.radiopiu.net\/wordpress\/wp-json\/wp\/v2\/posts\/351970","targetHints":{"allow":["GET"]}}],"collection":[{"href":"https:\/\/www.radiopiu.net\/wordpress\/wp-json\/wp\/v2\/posts"}],"about":[{"href":"https:\/\/www.radiopiu.net\/wordpress\/wp-json\/wp\/v2\/types\/post"}],"author":[{"embeddable":true,"href":"https:\/\/www.radiopiu.net\/wordpress\/wp-json\/wp\/v2\/users\/4"}],"replies":[{"embeddable":true,"href":"https:\/\/www.radiopiu.net\/wordpress\/wp-json\/wp\/v2\/comments?post=351970"}],"version-history":[{"count":0,"href":"https:\/\/www.radiopiu.net\/wordpress\/wp-json\/wp\/v2\/posts\/351970\/revisions"}],"wp:featuredmedia":[{"embeddable":true,"href":"https:\/\/www.radiopiu.net\/wordpress\/wp-json\/wp\/v2\/media\/351971"}],"wp:attachment":[{"href":"https:\/\/www.radiopiu.net\/wordpress\/wp-json\/wp\/v2\/media?parent=351970"}],"wp:term":[{"taxonomy":"category","embeddable":true,"href":"https:\/\/www.radiopiu.net\/wordpress\/wp-json\/wp\/v2\/categories?post=351970"},{"taxonomy":"post_tag","embeddable":true,"href":"https:\/\/www.radiopiu.net\/wordpress\/wp-json\/wp\/v2\/tags?post=351970"}],"curies":[{"name":"wp","href":"https:\/\/api.w.org\/{rel}","templated":true}]}}