{"id":352009,"date":"2023-09-12T05:37:30","date_gmt":"2023-09-12T03:37:30","guid":{"rendered":"https:\/\/www.radiopiu.net\/wordpress\/?p=352009"},"modified":"2023-09-12T08:14:19","modified_gmt":"2023-09-12T06:14:19","slug":"giornale-radiopiu-12-settembre-2023-direttore-mirko-mezzacasada-40-anni-25-giugno-1983-25-giugno-2023","status":"publish","type":"post","link":"https:\/\/www.radiopiu.net\/wordpress\/giornale-radiopiu-12-settembre-2023-direttore-mirko-mezzacasada-40-anni-25-giugno-1983-25-giugno-2023\/","title":{"rendered":"GIORNALE RADIOPIU 12 SETTEMBRE 2023 DIRETTORE MIRKO MEZZACASA\u2026DA 40 ANNI 25 GIUGNO 1983-25 GIUGNO 2023"},"content":{"rendered":"<h2 style=\"text-align: left;\"><\/h2>\n<h1 class=\"entry-title\">40esimo di RADIOPIU\u2026. LA VOCE DELL\u2019EMOZIONE<\/h1>\n<h2><span style=\"color: #ff0000;\">ISCRIVITI AL NOSTRO CANALE\u00a0\u00a0YOUTUBE PER SEGUIRE IN DIRETTA I PRINCIPALI PROGRAMMI DI RADIO PIU\u2019 E LE FUTURE DIRETTE IN ESTERNA. PER ISCRIVERTI\u00a0<a style=\"color: #ff0000;\" href=\"https:\/\/youtube.com\/@radiopiu1527\">CLICCA QUI\u00a0<\/a>E PREMI\u00a0 \u201cIscriviti\u201d<\/span><\/h2>\n<p>&nbsp;<\/p>\n<p><a class=\"dt-pswp-item\" href=\"https:\/\/www.radiopiu.net\/wordpress\/wp-content\/uploads\/2023\/08\/sersa-ok-1.jpg\" data-dt-img-description=\"\" data-large_image_width=\"300\" data-large_image_height=\"300\"><img loading=\"lazy\" decoding=\"async\" class=\"size-full wp-image-349822 aligncenter\" src=\"https:\/\/www.radiopiu.net\/wordpress\/wp-content\/uploads\/2023\/08\/sersa-ok-1.jpg\" alt=\"\" width=\"300\" height=\"300\" srcset=\"https:\/\/www.radiopiu.net\/wordpress\/wp-content\/uploads\/2023\/08\/sersa-ok-1.jpg 300w, https:\/\/www.radiopiu.net\/wordpress\/wp-content\/uploads\/2023\/08\/sersa-ok-1-150x150.jpg 150w\" sizes=\"auto, (max-width: 300px) 100vw, 300px\" \/><\/a><\/p>\n<p>&nbsp;<\/p>\n<p>&nbsp;<\/p>\n<p><strong>TRANSUMANZA A TAIBON san Cipriano &#8211; RADIOPIU&#8217; foto Giorgio Fontanive\u00a0<\/strong><\/p>\n\n\t\t\t<style type='text\/css'>\n\t\t\t\t#gallery-1 {\n\t\t\t\t\tmargin: auto;\n\t\t\t\t}\n\t\t\t\t#gallery-1 .gallery-item {\n\t\t\t\t\tfloat: left;\n\t\t\t\t\tmargin-top: 10px;\n\t\t\t\t\ttext-align: center;\n\t\t\t\t\twidth: 33%;\n\t\t\t\t}\n\t\t\t\t#gallery-1 img {\n\t\t\t\t\tborder: 2px solid #cfcfcf;\n\t\t\t\t}\n\t\t\t\t#gallery-1 .gallery-caption {\n\t\t\t\t\tmargin-left: 0;\n\t\t\t\t}\n\t\t\t\t\/* see gallery_shortcode() in wp-includes\/media.php *\/\n\t\t\t<\/style>\n\t\t<div id='gallery-1' class='dt-gallery-container gallery galleryid-352009 gallery-columns-3 gallery-size-thumbnail'><dl class='gallery-item'>\n\t\t\t\t<dt class='gallery-icon landscape'>\n\t\t\t\t\t<a class=\"rollover rollover-zoom dt-pswp-item\" title=\"TRANSUMANZA 11 SETTEMBRE (1)\" data-dt-img-description=\"\" data-large_image_width=\"2560\" data-large_image_height=\"1709\"href='https:\/\/www.radiopiu.net\/wordpress\/wp-content\/uploads\/2023\/09\/TRANSUMANZA-11-SETTEMBRE-1-scaled.jpg'><img loading=\"lazy\" decoding=\"async\" width=\"150\" height=\"150\" src=\"https:\/\/www.radiopiu.net\/wordpress\/wp-content\/uploads\/2023\/09\/TRANSUMANZA-11-SETTEMBRE-1-150x150.jpg\" class=\"attachment-thumbnail size-thumbnail\" alt=\"\" \/><\/a>\n\t\t\t\t<\/dt><\/dl><dl class='gallery-item'>\n\t\t\t\t<dt class='gallery-icon landscape'>\n\t\t\t\t\t<a class=\"rollover rollover-zoom dt-pswp-item\" title=\"TRANSUMANZA 11 SETTEMBRE (2)\" data-dt-img-description=\"\" data-large_image_width=\"2560\" data-large_image_height=\"1344\"href='https:\/\/www.radiopiu.net\/wordpress\/wp-content\/uploads\/2023\/09\/TRANSUMANZA-11-SETTEMBRE-2-scaled.jpg'><img loading=\"lazy\" decoding=\"async\" width=\"150\" height=\"150\" src=\"https:\/\/www.radiopiu.net\/wordpress\/wp-content\/uploads\/2023\/09\/TRANSUMANZA-11-SETTEMBRE-2-150x150.jpg\" class=\"attachment-thumbnail size-thumbnail\" alt=\"\" \/><\/a>\n\t\t\t\t<\/dt><\/dl><dl class='gallery-item'>\n\t\t\t\t<dt class='gallery-icon portrait'>\n\t\t\t\t\t<a class=\"rollover rollover-zoom dt-pswp-item\" title=\"TRANSUMANZA 11 SETTEMBRE (4)\" data-dt-img-description=\"\" data-large_image_width=\"1316\" data-large_image_height=\"2560\"href='https:\/\/www.radiopiu.net\/wordpress\/wp-content\/uploads\/2023\/09\/TRANSUMANZA-11-SETTEMBRE-4-scaled.jpg'><img loading=\"lazy\" decoding=\"async\" width=\"150\" height=\"150\" src=\"https:\/\/www.radiopiu.net\/wordpress\/wp-content\/uploads\/2023\/09\/TRANSUMANZA-11-SETTEMBRE-4-150x150.jpg\" class=\"attachment-thumbnail size-thumbnail\" alt=\"\" \/><\/a>\n\t\t\t\t<\/dt><\/dl><br style=\"clear: both\" \/>\n\t\t\t<\/div>\n\n<div class=\"blog_item_bottom\">\n<p class=\"text\"><strong>\u00a0<\/strong><\/p>\n<p class=\"text\"><strong>INTERRUZIONI LUNGO LA REGIONALE 203 AGORDINA TRA MAS DI SEDICO E LA PISSA, PER TUTTA LA SETTIMANA.\u00a0<span style=\"color: #ff0000;\"> TRA ALLEGHE E CENCENIGHE SEMAFORO.<\/span>\u00a0<\/strong><\/p>\n<\/div>\n<p><a class=\"dt-pswp-item\" href=\"https:\/\/www.radiopiu.net\/wordpress\/wp-content\/uploads\/2023\/09\/41a8c839-4732-46d1-b733-7b9483d42419.jpg\" data-dt-img-description=\"\" data-large_image_width=\"576\" data-large_image_height=\"973\"><img loading=\"lazy\" decoding=\"async\" class=\"size-medium wp-image-352117 aligncenter\" src=\"https:\/\/www.radiopiu.net\/wordpress\/wp-content\/uploads\/2023\/09\/41a8c839-4732-46d1-b733-7b9483d42419-178x300.jpg\" alt=\"\" width=\"178\" height=\"300\" srcset=\"https:\/\/www.radiopiu.net\/wordpress\/wp-content\/uploads\/2023\/09\/41a8c839-4732-46d1-b733-7b9483d42419-178x300.jpg 178w, https:\/\/www.radiopiu.net\/wordpress\/wp-content\/uploads\/2023\/09\/41a8c839-4732-46d1-b733-7b9483d42419.jpg 576w\" sizes=\"auto, (max-width: 178px) 100vw, 178px\" \/><\/a><\/p>\n<hr \/>\n<p>&nbsp;<\/p>\n<blockquote>\n<h3>ACQUA INQUINATA A VOLTAGO, SITUAZIONE MIGLIORATA A COLCUC<\/h3>\n<\/blockquote>\n<p>A <strong>VOLTAGO AGORDINO<\/strong> nelle localit\u00e0 BERTOI, FRASSENE\u2019, VILLA e VIA GIOA; a <strong>COLLE SANTA LUCIA<\/strong> in localit\u00e0 RUCAVA l&#8217;acqua erogata dall&#8217;acquedotto non \u00e8 potabile e pu\u00f2 essere usata per scopi alimentari solo previa bollitura.<\/p>\n<p><strong>COLLE SANTA LUCIA<\/strong> in localit\u00e0 COLCUC l&#8217;acqua erogata dall&#8217;acquedotto \u00e8 di nuovo potabile e pu\u00f2 essere usata, quindi, per scopi alimentari.<\/p>\n<p>&nbsp;<\/p>\n<blockquote>\n<h3>CHIUDE L&#8217;ALTA VIA NUMERO 1 SOPRA LA VALLE AGORDINA PER LAVORI DI ESBOSCO<\/h3>\n<\/blockquote>\n<p><img decoding=\"async\" class=\"alignleft\" src=\"https:\/\/www.radiopiu.net\/wordpress\/wp-content\/uploads\/2023\/09\/th-7.jpg\" \/><strong>LA VALLE AGORDINA<\/strong> La Polizia Locale di La Valle Agordina da notizia della chiusura del sentiero Cai 543, denominato Alta Via Numero 1 nel tratto compreso tra Pian di Caleda e Forcella Dagarei, questo per permettere i lavori di esbosco. L&#8217;ordinanza rimane in vigore fino al termine dei lavori, tutti i giorni nelle 24 ore, sabato e domenica compresi.<\/p>\n<p>La \u201cvariante al sentiero CAI n.543\u201d \u00e8 percorribile. Gli escursionisti dovranno percorrere unicamente la variante predisposta dal CAI e segnalata in loco \u00a0in quanto il sentiero originario \u00e8 interessato dal taglio di alberi e esbosco degli stessi con impianti a fune , quindi molto pericoloso da percorrere.<\/p>\n<p>&nbsp;<\/p>\n<hr \/>\n<p>&nbsp;<\/p>\n<blockquote>\n<h3>BLOCCATI SOPRA UN SALTO DI ROCCIA<\/h3>\n<\/blockquote>\n<p><strong>SEDICO<\/strong> Si \u00e8 concluso verso le 23.30 di domenica l&#8217;intervento in aiuto di due ciclisti bloccati sopra un salto di roccia di fronte alla Centrale idroelettrica della Stanga. Dopo un lungo giro, la 41enne e il 26enne di Santa Giustina (BL), avevano deciso di percorrere il Sentiero degli ospizi, sui Monti del Sole, che inizia con una strada sterrata, che passa accanto alla Val Pegolera, ma diventa uno stretto sentiero di montagna con punti anche esposti. La coppia aveva cos\u00ec perso la traccia all&#8217;altezza di un pilone e, scendendo in diagonale, si era bloccata con le bici, una mountain bike e una ebike, 150 metri pi\u00f9 in basso sopra un salto di roccia. Attivato verso le 19, il Soccorso alpino di Belluno \u00e8 partito con una squadra e li ha raggiunti risalendo dal basso una cengia. Una volta da loro, i soccorritori li hanno assicurati e hanno salito a ritroso il percorso seguito dai due fino a ritrovare il sentiero, sollevando le due biciclette. Il gruppo da l\u00ec \u00e8 poi rientrato a piedi ad Agre, La Muda.<\/p>\n<p>&nbsp;<\/p>\n<blockquote>\n<h3>TURISTI E CANE IN DIFFICOLTA&#8217; CI PENSA IL SOCCORSO ALPINO<\/h3>\n<\/blockquote>\n<p>&nbsp;<\/p>\n<p><strong><img loading=\"lazy\" decoding=\"async\" class=\"alignleft\" src=\"https:\/\/www.radiopiu.net\/wordpress\/wp-content\/uploads\/2022\/11\/salt_20221101_142634_222.jpg\" width=\"161\" height=\"121\" \/>REDAZIONE<\/strong> Ieri nel primo pomeriggio\u00a0 la\u00a0 chiamata da Cortina, al Suem 118 <em>&#8220;Aiuto siamo nei guai, noi e il cane&#8221;,<\/em> questo il messaggio recapitato telefonicamente. Il Soccorso Alpino, con l&#8217;aiuto dell&#8217;elicottero Falco1, ha recuperato i due ecursionisti francesi di 32 anni (lui) e 27 (lei) e il quadrupede che abbaiava. La coppia con il cane di piccola taglia era finita fuori traccia, ritrovandosi alla base di una parete,100 metri sotto l&#8217;altro sentiero, il 215, che porta al lago. Recuperati in hovering dal tecnico di elisoccorso, i due escursionisti e il cane sono stati lasciati a Federa Vecchia in Valbona<\/p>\n<p>&nbsp;<\/p>\n<blockquote>\n<h3>GRAVE MALORE IN RIVA AL LAGO<\/h3>\n<\/blockquote>\n<p><strong>ALLEGHE<\/strong> Di altre conseguenze l&#8217;intervento ad Alleghe poco prima delle 14, un turista di Grosseto colto da malore, portato in gravissime condizioni all&#8217;ospedale San Martino di Belluno.\u00a0 Sul posto la Croce Verde di Alleghe e l&#8217;elisoccorso con\u00a0 Falco2, da Agordo \u00e8 salita l&#8217;automedica del pronto soccorso dell&#8217;ospedale Papa Luciani<\/p>\n<div dir=\"auto\"><\/div>\n<div dir=\"auto\">\n<hr \/>\n<\/div>\n<blockquote>\n<h3 dir=\"auto\">NEL POMERIGGIO DUE CENTAURI IN OSPEDALE, MALORE PER UN MINORE<\/h3>\n<\/blockquote>\n<div dir=\"auto\">\n<p><strong><img loading=\"lazy\" decoding=\"async\" class=\"alignleft\" src=\"https:\/\/www.radiopiu.net\/wordpress\/wp-content\/uploads\/2023\/08\/ambulanza-ulss-1.jpg\" width=\"199\" height=\"129\" \/>REDAZIONE<\/strong> Il primo motociclista \u00e8 caduto sulla strada per Andraz di Livinallongo, l&#8217;uomo 60 anni della Repubblica Ceka \u00e8 stato elitrasportato al San Martino di Belluno. Secondo sinistro con il coinvolgimento di un motociclista, alle 16.30 a Passo Fedaia, il tedesco \u00e8 stato portato con l&#8217;ambulanza della Croce Verde di Alleghe al Papa Luciani di Agordo.<br \/>\nMalore per un quindicenne, soccorso a Santo Stefano di Cadore da ambulanza ed elicottero e portato al San Martino in gravi condizioni.<\/p>\n<p>&nbsp;<\/p>\n<p>&nbsp;<\/p>\n<hr \/>\n<p>&nbsp;<\/p>\n<p>&nbsp;<\/p>\n<blockquote>\n<h3><a class=\"dt-pswp-item\" href=\"https:\/\/www.radiopiu.net\/wordpress\/wp-content\/uploads\/2021\/10\/download-3.jpg\" data-dt-img-description=\"\" data-large_image_width=\"259\" data-large_image_height=\"194\"><img loading=\"lazy\" decoding=\"async\" class=\"wp-image-240062 alignleft\" src=\"https:\/\/www.radiopiu.net\/wordpress\/wp-content\/uploads\/2021\/10\/download-3.jpg\" alt=\"\" width=\"117\" height=\"88\" \/><\/a>SI TUFFA A FACCIA IN GIU&#8217;&#8230;SUGLI SCOGLI. QUATTRO ORE SOTTO AI FERRI PER RICOSTRUIRE IL VOLTO<\/h3>\n<\/blockquote>\n<p><strong>REDAZIONE<\/strong> Durante le vacanze al mare un 24enne, imprudentemente, si tuffa nel mare della Croazia da un roccia. Un tuffo finito male, con il volto del giovane contro gli scogli. Inevitabile le fratture di molte ossa del volto. Ci sono volute 4 ore di operazione di chirurgia maxillo facciale all&#8217;ospedale C\u00e0 Foncello di Treviso. Fortunatamente il giovane non ha riportato danni celebrali.<\/p>\n<p>&nbsp;<\/p>\n<\/div>\n<p>&nbsp;<\/p>\n<hr \/>\n<p>&nbsp;<\/p>\n<blockquote>\n<h3>NESSUN FERITO NELL&#8217;INCIDENTE &#8220;CHIMICO&#8221; IN ALPAGO<\/h3>\n<\/blockquote>\n<p><strong>REDAZIONE<\/strong> Una reazione chimica in una vasca di contenimento di acido peracetico presso il depuratore di Alpago ha richiesto l&#8217;intervento degli esperti dell&#8217;Arpav e dei vigili del fuoco di Belluno e Mestre, all&#8217;interno di un impianto gestito da Bim Gsp a Paludi. Fortunatamente, l&#8217;area in questione \u00e8 abbastanza isolata, e l&#8217;incidente non ha causato preoccupazioni tra i residenti o le aziende dell&#8217;area industriale.\u00a0 Non si registrano feriti o intossicati al momento.<\/p>\n<p>Vigili del fuoco:\u00a0 la squadra intervenuta da Belluno con due mezzi, il carro NBCR (Nucleare Biologico Chimico Radiologico) ha messo in sicurezza il sito raffreddando il contenitore ed eliminando l&#8217;evaporazione del liquido. Successivamente sul posto anche il personale del nucleo regionale NBCR dei vigili del fuoco di Venezia, che ha provveduto al travaso dell\u2019acido sugli altri contenitori, mettendo in sicurezza l\u2019impianto. L\u2019anomalia verificatasi \u00e8 al vaglio dei tecnici dei vigili del fuoco e del personale dell\u2019azienda trattamento acqua, i quali provvederanno al ripristino dell\u2019impianto.<\/p>\n<p>&nbsp;<\/p>\n\n\t\t\t<style type='text\/css'>\n\t\t\t\t#gallery-2 {\n\t\t\t\t\tmargin: auto;\n\t\t\t\t}\n\t\t\t\t#gallery-2 .gallery-item {\n\t\t\t\t\tfloat: left;\n\t\t\t\t\tmargin-top: 10px;\n\t\t\t\t\ttext-align: center;\n\t\t\t\t\twidth: 50%;\n\t\t\t\t}\n\t\t\t\t#gallery-2 img {\n\t\t\t\t\tborder: 2px solid #cfcfcf;\n\t\t\t\t}\n\t\t\t\t#gallery-2 .gallery-caption {\n\t\t\t\t\tmargin-left: 0;\n\t\t\t\t}\n\t\t\t\t\/* see gallery_shortcode() in wp-includes\/media.php *\/\n\t\t\t<\/style>\n\t\t<div id='gallery-2' class='dt-gallery-container gallery galleryid-352009 gallery-columns-2 gallery-size-medium'><dl class='gallery-item'>\n\t\t\t\t<dt class='gallery-icon landscape'>\n\t\t\t\t\t<a class=\"rollover rollover-zoom dt-pswp-item\" title=\"6d7d67a2-5bb5-4e65-86a9-f7cfedadcab8\" data-dt-img-description=\"\" data-large_image_width=\"964\" data-large_image_height=\"664\"href='https:\/\/www.radiopiu.net\/wordpress\/wp-content\/uploads\/2023\/09\/6d7d67a2-5bb5-4e65-86a9-f7cfedadcab8.jpg'><img loading=\"lazy\" decoding=\"async\" width=\"300\" height=\"207\" src=\"https:\/\/www.radiopiu.net\/wordpress\/wp-content\/uploads\/2023\/09\/6d7d67a2-5bb5-4e65-86a9-f7cfedadcab8-300x207.jpg\" class=\"attachment-medium size-medium\" alt=\"\" srcset=\"https:\/\/www.radiopiu.net\/wordpress\/wp-content\/uploads\/2023\/09\/6d7d67a2-5bb5-4e65-86a9-f7cfedadcab8-300x207.jpg 300w, https:\/\/www.radiopiu.net\/wordpress\/wp-content\/uploads\/2023\/09\/6d7d67a2-5bb5-4e65-86a9-f7cfedadcab8-768x529.jpg 768w, https:\/\/www.radiopiu.net\/wordpress\/wp-content\/uploads\/2023\/09\/6d7d67a2-5bb5-4e65-86a9-f7cfedadcab8.jpg 964w\" sizes=\"auto, (max-width: 300px) 100vw, 300px\" \/><\/a>\n\t\t\t\t<\/dt><\/dl><dl class='gallery-item'>\n\t\t\t\t<dt class='gallery-icon landscape'>\n\t\t\t\t\t<a class=\"rollover rollover-zoom dt-pswp-item\" title=\"25be8349-45b4-47fb-a76a-3e78107dab21\" data-dt-img-description=\"\" data-large_image_width=\"612\" data-large_image_height=\"444\"href='https:\/\/www.radiopiu.net\/wordpress\/wp-content\/uploads\/2023\/09\/25be8349-45b4-47fb-a76a-3e78107dab21.jpg'><img loading=\"lazy\" decoding=\"async\" width=\"300\" height=\"218\" src=\"https:\/\/www.radiopiu.net\/wordpress\/wp-content\/uploads\/2023\/09\/25be8349-45b4-47fb-a76a-3e78107dab21-300x218.jpg\" class=\"attachment-medium size-medium\" alt=\"\" srcset=\"https:\/\/www.radiopiu.net\/wordpress\/wp-content\/uploads\/2023\/09\/25be8349-45b4-47fb-a76a-3e78107dab21-300x218.jpg 300w, https:\/\/www.radiopiu.net\/wordpress\/wp-content\/uploads\/2023\/09\/25be8349-45b4-47fb-a76a-3e78107dab21.jpg 612w\" sizes=\"auto, (max-width: 300px) 100vw, 300px\" \/><\/a>\n\t\t\t\t<\/dt><\/dl><br style=\"clear: both\" \/><dl class='gallery-item'>\n\t\t\t\t<dt class='gallery-icon landscape'>\n\t\t\t\t\t<a class=\"rollover rollover-zoom dt-pswp-item\" title=\"bb0d32c6-dfae-4501-a0a0-8f7fc5879a1f\" data-dt-img-description=\"\" data-large_image_width=\"964\" data-large_image_height=\"640\"href='https:\/\/www.radiopiu.net\/wordpress\/wp-content\/uploads\/2023\/09\/bb0d32c6-dfae-4501-a0a0-8f7fc5879a1f.jpg'><img loading=\"lazy\" decoding=\"async\" width=\"300\" height=\"199\" src=\"https:\/\/www.radiopiu.net\/wordpress\/wp-content\/uploads\/2023\/09\/bb0d32c6-dfae-4501-a0a0-8f7fc5879a1f-300x199.jpg\" class=\"attachment-medium size-medium\" alt=\"\" srcset=\"https:\/\/www.radiopiu.net\/wordpress\/wp-content\/uploads\/2023\/09\/bb0d32c6-dfae-4501-a0a0-8f7fc5879a1f-300x199.jpg 300w, https:\/\/www.radiopiu.net\/wordpress\/wp-content\/uploads\/2023\/09\/bb0d32c6-dfae-4501-a0a0-8f7fc5879a1f-768x510.jpg 768w, https:\/\/www.radiopiu.net\/wordpress\/wp-content\/uploads\/2023\/09\/bb0d32c6-dfae-4501-a0a0-8f7fc5879a1f.jpg 964w\" sizes=\"auto, (max-width: 300px) 100vw, 300px\" \/><\/a>\n\t\t\t\t<\/dt><\/dl><dl class='gallery-item'>\n\t\t\t\t<dt class='gallery-icon landscape'>\n\t\t\t\t\t<a class=\"rollover rollover-zoom dt-pswp-item\" title=\"8db57f13-6278-4d70-8fe6-f2746a334321\" data-dt-img-description=\"\" data-large_image_width=\"1280\" data-large_image_height=\"826\"href='https:\/\/www.radiopiu.net\/wordpress\/wp-content\/uploads\/2023\/09\/8db57f13-6278-4d70-8fe6-f2746a334321.jpg'><img loading=\"lazy\" decoding=\"async\" width=\"300\" height=\"194\" src=\"https:\/\/www.radiopiu.net\/wordpress\/wp-content\/uploads\/2023\/09\/8db57f13-6278-4d70-8fe6-f2746a334321-300x194.jpg\" class=\"attachment-medium size-medium\" alt=\"\" srcset=\"https:\/\/www.radiopiu.net\/wordpress\/wp-content\/uploads\/2023\/09\/8db57f13-6278-4d70-8fe6-f2746a334321-300x194.jpg 300w, https:\/\/www.radiopiu.net\/wordpress\/wp-content\/uploads\/2023\/09\/8db57f13-6278-4d70-8fe6-f2746a334321-1024x661.jpg 1024w, https:\/\/www.radiopiu.net\/wordpress\/wp-content\/uploads\/2023\/09\/8db57f13-6278-4d70-8fe6-f2746a334321-768x496.jpg 768w, https:\/\/www.radiopiu.net\/wordpress\/wp-content\/uploads\/2023\/09\/8db57f13-6278-4d70-8fe6-f2746a334321.jpg 1280w\" sizes=\"auto, (max-width: 300px) 100vw, 300px\" \/><\/a>\n\t\t\t\t<\/dt><\/dl><br style=\"clear: both\" \/>\n\t\t\t<\/div>\n\n<hr \/>\n<p>&nbsp;<\/p>\n<blockquote>\n<h4><a class=\"dt-pswp-item\" href=\"https:\/\/www.radiopiu.net\/wordpress\/wp-content\/uploads\/2023\/09\/morto.png\" data-dt-img-description=\"\" data-large_image_width=\"59\" data-large_image_height=\"70\"><img loading=\"lazy\" decoding=\"async\" class=\"size-full wp-image-352107 alignleft\" src=\"https:\/\/www.radiopiu.net\/wordpress\/wp-content\/uploads\/2023\/09\/morto.png\" alt=\"\" width=\"59\" height=\"70\" \/><\/a>ADDIO MEZZALA GRANATA<\/h4>\n<\/blockquote>\n<p><strong>FELTRE<\/strong>\u00a0 Si svolgono oggi alle 16 nella chiesa parrocchiale di Travagola i funerali di Lener Cappellaro che a cavallo degli anni 70 e 80 ha vestito per diversi anni la maglia della Feltrese.\u00a0 \u00a0Ha vissuto la sua esistenza a Pedavena,\u00a0 dove ha lavorato fino alla pensione. Si \u00e8 spento a 78 anni.<\/p>\n<p>&nbsp;<\/p>\n<hr \/>\n<p>&nbsp;<\/p>\n<blockquote>\n<h3>CONTROLLI DEI CARABINIERI SUI PASSI: 6 PATENTI RITIRATE<\/h3>\n<\/blockquote>\n<p><strong><a class=\"dt-pswp-item\" href=\"https:\/\/www.radiopiu.net\/wordpress\/wp-content\/uploads\/2023\/09\/30cfdba1-6ae5-4e26-90e6-10dd1c35bcab.jpg\" data-dt-img-description=\"\" data-large_image_width=\"768\" data-large_image_height=\"512\"><img loading=\"lazy\" decoding=\"async\" class=\" wp-image-352047 alignleft\" src=\"https:\/\/www.radiopiu.net\/wordpress\/wp-content\/uploads\/2023\/09\/30cfdba1-6ae5-4e26-90e6-10dd1c35bcab-300x200.jpg\" alt=\"\" width=\"177\" height=\"118\" srcset=\"https:\/\/www.radiopiu.net\/wordpress\/wp-content\/uploads\/2023\/09\/30cfdba1-6ae5-4e26-90e6-10dd1c35bcab-300x200.jpg 300w, https:\/\/www.radiopiu.net\/wordpress\/wp-content\/uploads\/2023\/09\/30cfdba1-6ae5-4e26-90e6-10dd1c35bcab.jpg 768w\" sizes=\"auto, (max-width: 177px) 100vw, 177px\" \/><\/a>BELLUNO <\/strong>Un weekend di controlli da parte dei Carabinieri della Compagnia di Cortina d&#8217;Ampezzo che, coordinando i servizi delle Aliquote Radiomobili e delle Stazioni Carabinieri del territorio, hanno intensificato la vigilanza sui passi dolomitici nel fine settimana. Dal Pordoi al Giau, i militari dell\u2019Arma, dopo aver ricevuto anche alcune segnalazioni delle Autorit\u00e0 locali ma anche di numerosi privati cittadini, hanno concentrato sul Pordoi le proprie unit\u00e0, impegnate nel pattugliamento, posizionando i posti di controllo in alcuni punti per intercettare le autovetture che sfrecciavano sulle strade montane. Come \u00e8 ormai tristemente noto, le curve dei passi dolomitici attirano automobilisti nazionali ed internazionali che talvolta percorrono le strade di montagna ad elevata velocit\u00e0 e con sorpassi azzardati. Proprio con lo scopo di contrastare tale tendenza, i Carabinieri hanno fornito un\u2019immediata risposta che si pone in continuit\u00e0 con tutti i servizi che sono stati svolti nel corso del periodo estivo sui diversi passi montani. Nel solo scorso fine settimana sono state ben 6 le patenti ritirate dai Carabinieri sul passo Pordoi ed elevate contravvenzioni al codice della strada per un totale di oltre 15.000 \u20ac. I servizi di controllo sui passi continueranno anche nelle prossime settimane, con lo scopo di garantire sempre maggior sicurezza a chi vuole frequentare le nostre bellissime montagne senza incorrere in pericoli derivanti da condotte spericolate di chi, imprudentemente, pensa di poter usare le strade di montagna come se fosse una pista da corsa. \u201cNessuna tolleranza \u2013 ammonisce il Colonnello Pigozzo \u2013 chi pensa di correre e non trovare ostacoli sul suo percorso, sappia che trover\u00e0 sempre una pattuglia dei Carabinieri che gli ricorder\u00e0 come ci si comporta in modo civile, oltre che legale\u201d.<\/p>\n<p>&nbsp;<\/p>\n<hr \/>\n<p>&nbsp;<\/p>\n<p>&nbsp;<\/p>\n<p><span style=\"color: #ff0000;\"><strong><a class=\"dt-pswp-item\" href=\"https:\/\/www.radiopiu.net\/wordpress\/wp-content\/uploads\/2023\/09\/sella-ronda.png\" data-dt-img-description=\"\" data-large_image_width=\"559\" data-large_image_height=\"277\"><img loading=\"lazy\" decoding=\"async\" class=\"size-medium wp-image-352102 alignleft\" src=\"https:\/\/www.radiopiu.net\/wordpress\/wp-content\/uploads\/2023\/09\/sella-ronda-300x149.png\" alt=\"\" width=\"300\" height=\"149\" srcset=\"https:\/\/www.radiopiu.net\/wordpress\/wp-content\/uploads\/2023\/09\/sella-ronda-300x149.png 300w, https:\/\/www.radiopiu.net\/wordpress\/wp-content\/uploads\/2023\/09\/sella-ronda.png 559w\" sizes=\"auto, (max-width: 300px) 100vw, 300px\" \/><\/a>INTERRUZIONE VEICOLARE PER MANIFESTAZIONE SELLARONDA BIKE DAY 2023\u201d 16\/9\/2023<\/strong><\/span><\/p>\n<blockquote><p><em>La montagna chiama: mettetevi in sella ed iniziate a pedalare!<\/em><\/p><\/blockquote>\n<div class=\"blog_item_bottom\">\n<p class=\"text\"><strong>Sabato dalle\u00a0 8:30 alle 16:00<\/strong> tutti i passi dolomitici attorno al Sella (Sella, Pordoi, Campolongo, Gardena) saranno riservati ai ciclisti.\u00a0 La giornata ciclistica non competitiva \u00e8 giunta quest\u2019anno alla sua 17a edizione.<strong>\u00a0L\u2019evento permette agli appassionati delle due ruote di compiere il giro dei quattro passi in assenza di automobili e gas di scarico.<\/strong> Dalle ore 8.30 alle 16.00 le strade attorno al Gruppo del Sella rimarranno chiuse al traffico motorizzato.<\/p>\n<\/div>\n<p>&nbsp;<\/p>\n<p>&nbsp;<\/p>\n<hr \/>\n<p>&nbsp;<\/p>\n<blockquote>\n<h3>A BELLUNO SINDACO E ASSESSORI NELLE SCUOLE PER L&#8217;INIZIO DELL&#8217;ANNO SCOLASTICO<\/h3>\n<\/blockquote>\n<p><strong><a class=\"dt-pswp-item\" href=\"https:\/\/www.radiopiu.net\/wordpress\/wp-content\/uploads\/2022\/12\/PALAZZO-ROSSO.png\" data-dt-img-description=\"\" data-large_image_width=\"2076\" data-large_image_height=\"1328\"><img loading=\"lazy\" decoding=\"async\" class=\" wp-image-313801 alignleft\" src=\"https:\/\/www.radiopiu.net\/wordpress\/wp-content\/uploads\/2022\/12\/PALAZZO-ROSSO-300x192.png\" alt=\"\" width=\"153\" height=\"98\" srcset=\"https:\/\/www.radiopiu.net\/wordpress\/wp-content\/uploads\/2022\/12\/PALAZZO-ROSSO-300x192.png 300w, https:\/\/www.radiopiu.net\/wordpress\/wp-content\/uploads\/2022\/12\/PALAZZO-ROSSO-1024x655.png 1024w, https:\/\/www.radiopiu.net\/wordpress\/wp-content\/uploads\/2022\/12\/PALAZZO-ROSSO-768x491.png 768w, https:\/\/www.radiopiu.net\/wordpress\/wp-content\/uploads\/2022\/12\/PALAZZO-ROSSO-1536x983.png 1536w, https:\/\/www.radiopiu.net\/wordpress\/wp-content\/uploads\/2022\/12\/PALAZZO-ROSSO-2048x1310.png 2048w\" sizes=\"auto, (max-width: 153px) 100vw, 153px\" \/><\/a>BELLUNO<\/strong> Primo giorno di scuola anche per gli amministratori di Palazzo Rosso. Cosi\u0300 come lo scorso anno, il sindaco, gli assessori e alcuni consiglieri comunali saranno presenti al suono della prima campanella nelle 12 scuole primarie e 3 secondarie di primo grado della citta\u0300. \u201cE\u0300 uno dei modi che abbiamo per avvicinare i bambini all\u2019Amministrazione\u201d, spiega il sindaco Oscar De Pellegrin, \u201cper fare loro capire che, non solo il Comune, ma le istituzioni in generale non sono qualcosa di \u2018estraneo\u2019, ma fanno parte della vita di tutti noi: e\u0300 il messaggio che ho voluto dare con le visite alle scuole dello scorso anno scolastico, durante le quali ho incontrato bambini e ragazzi, insegnanti e tutto il personale scolastico\u201d.<\/p>\n<p><strong>l&#8217;assessore MONICA OLIVOTTO<\/strong><\/p>\n<audio class=\"wp-audio-shortcode\" id=\"audio-352009-1\" preload=\"none\" style=\"width: 100%;\" controls=\"controls\"><source type=\"audio\/mpeg\" src=\"https:\/\/www.radiopiu.net\/wordpress\/wp-content\/uploads\/2023\/09\/olivotto-scuola.mp3?_=1\" \/><a href=\"https:\/\/www.radiopiu.net\/wordpress\/wp-content\/uploads\/2023\/09\/olivotto-scuola.mp3\">https:\/\/www.radiopiu.net\/wordpress\/wp-content\/uploads\/2023\/09\/olivotto-scuola.mp3<\/a><\/audio>\n<p>&nbsp;<\/p>\n<p>&nbsp;<\/p>\n<hr \/>\n<p>&nbsp;<\/p>\n<div class=\"page-title-head hgroup\">\n<blockquote>\n<h3 class=\"entry-title\">A SETTEMBRE IL COMUNE PENSA AL NATALE<\/h3>\n<\/blockquote>\n<\/div>\n<blockquote><p><img loading=\"lazy\" decoding=\"async\" class=\"alignleft\" src=\"https:\/\/www.radiopiu.net\/wordpress\/wp-content\/uploads\/2023\/09\/th-8.jpg\" width=\"196\" height=\"138\" \/><strong>BELLUNO<\/strong> Il Comune di Belluno guarda gi\u00e0 al prossimo Natale: pubblicato l&#8217;avviso pubblico che propone un contributo da 20mila euro per la realizzazione delle luminarie in centro storico.<\/p><\/blockquote>\n<p>DI DANIELE DAL VIT<\/p>\n<audio class=\"wp-audio-shortcode\" id=\"audio-352009-2\" preload=\"none\" style=\"width: 100%;\" controls=\"controls\"><source type=\"audio\/mpeg\" src=\"https:\/\/www.radiopiu.net\/wordpress\/wp-content\/uploads\/2023\/09\/Radio-Piu-Servizio-Bando-luminarie-Natale-2023.mp3?_=2\" \/><a href=\"https:\/\/www.radiopiu.net\/wordpress\/wp-content\/uploads\/2023\/09\/Radio-Piu-Servizio-Bando-luminarie-Natale-2023.mp3\">https:\/\/www.radiopiu.net\/wordpress\/wp-content\/uploads\/2023\/09\/Radio-Piu-Servizio-Bando-luminarie-Natale-2023.mp3<\/a><\/audio>\n<p>&nbsp;<\/p>\n<p>&nbsp;<\/p>\n<hr \/>\n<p>&nbsp;<\/p>\n<blockquote>\n<h3>ILLUMINAZIONE PUBBLICA, VIA AL QUINTO STRALCIO DI LAVORI<\/h3>\n<\/blockquote>\n<blockquote>\n<blockquote><p><a class=\"dt-pswp-item\" href=\"https:\/\/www.radiopiu.net\/wordpress\/wp-content\/uploads\/2022\/05\/1150b786-2982-4c5e-9937-7be7a83b9de6.jpg\" data-dt-img-description=\"CENCENIGHE\" data-large_image_width=\"1920\" data-large_image_height=\"1080\"><img loading=\"lazy\" decoding=\"async\" class=\"size-medium wp-image-278207 alignleft\" src=\"https:\/\/www.radiopiu.net\/wordpress\/wp-content\/uploads\/2022\/05\/1150b786-2982-4c5e-9937-7be7a83b9de6-300x169.jpg\" alt=\"\" width=\"300\" height=\"169\" srcset=\"https:\/\/www.radiopiu.net\/wordpress\/wp-content\/uploads\/2022\/05\/1150b786-2982-4c5e-9937-7be7a83b9de6-300x169.jpg 300w, https:\/\/www.radiopiu.net\/wordpress\/wp-content\/uploads\/2022\/05\/1150b786-2982-4c5e-9937-7be7a83b9de6-1024x576.jpg 1024w, https:\/\/www.radiopiu.net\/wordpress\/wp-content\/uploads\/2022\/05\/1150b786-2982-4c5e-9937-7be7a83b9de6-768x432.jpg 768w, https:\/\/www.radiopiu.net\/wordpress\/wp-content\/uploads\/2022\/05\/1150b786-2982-4c5e-9937-7be7a83b9de6-1536x864.jpg 1536w, https:\/\/www.radiopiu.net\/wordpress\/wp-content\/uploads\/2022\/05\/1150b786-2982-4c5e-9937-7be7a83b9de6.jpg 1920w\" sizes=\"auto, (max-width: 300px) 100vw, 300px\" \/><\/a><em>Si continua a lavorare anche in prossimit\u00e0 dell&#8217;incrocio che porta allo stabilimento di Luxottica per la realizzazione di un marciapiede.\u00a0<\/em><\/p><\/blockquote>\n<div class=\"flex-1 overflow-hidden\">\n<div class=\"react-scroll-to-bottom--css-vemti-79elbk h-full dark:bg-gray-800\">\n<div class=\"react-scroll-to-bottom--css-vemti-1n7m0yu\">\n<div class=\"flex flex-col text-sm dark:bg-gray-800\">\n<div class=\"group w-full text-token-text-primary border-b border-black\/10 dark:border-gray-900\/50 bg-gray-50 dark:bg-[#444654]\" data-testid=\"conversation-turn-3\">\n<div class=\"p-4 justify-center text-base md:gap-6 md:py-6 m-auto\">\n<div class=\"flex flex-1 gap-4 text-base mx-auto md:gap-6 md:max-w-2xl lg:max-w-[38rem] xl:max-w-3xl }\">\n<div class=\"relative flex w-[calc(100%-50px)] flex-col gap-1 md:gap-3 lg:w-[calc(100%-115px)]\">\n<div class=\"flex flex-grow flex-col gap-3 max-w-full\">\n<div class=\"min-h-[20px] flex flex-col items-start gap-3 overflow-x-auto whitespace-pre-wrap break-words\">\n<div class=\"markdown prose w-full break-words dark:prose-invert light\">\n<p>La giunta del sindaco Mauro Soppelsa ha dato il via libera al quinto stralcio del rifacimento dell&#8217;illuminazione pubblica nel paese.<\/p>\n<\/div>\n<\/div>\n<\/div>\n<\/div>\n<\/div>\n<\/div>\n<\/div>\n<\/div>\n<\/div>\n<\/div>\n<\/div>\n<p>&nbsp;<\/p>\n<p>&nbsp;<\/p>\n<p>&nbsp;<\/p>\n<p><strong>DI GIANNI SANTOMASO<\/strong><\/p>\n<audio class=\"wp-audio-shortcode\" id=\"audio-352009-3\" preload=\"none\" style=\"width: 100%;\" controls=\"controls\"><source type=\"audio\/mpeg\" src=\"https:\/\/www.radiopiu.net\/wordpress\/wp-content\/uploads\/2023\/09\/GIANNI-CENCENIGHE.mp3?_=3\" \/><a href=\"https:\/\/www.radiopiu.net\/wordpress\/wp-content\/uploads\/2023\/09\/GIANNI-CENCENIGHE.mp3\">https:\/\/www.radiopiu.net\/wordpress\/wp-content\/uploads\/2023\/09\/GIANNI-CENCENIGHE.mp3<\/a><\/audio>\n<p>&nbsp;<\/p>\n<p>&nbsp;<\/p>\n<p>&nbsp;<\/p><\/blockquote>\n<div class=\"flex-1 overflow-hidden\">\n<div class=\"react-scroll-to-bottom--css-vemti-79elbk h-full dark:bg-gray-800\">\n<div class=\"react-scroll-to-bottom--css-vemti-1n7m0yu\">\n<div class=\"flex flex-col text-sm dark:bg-gray-800\">\n<div class=\"group w-full text-token-text-primary border-b border-black\/10 dark:border-gray-900\/50 bg-gray-50 dark:bg-[#444654]\" data-testid=\"conversation-turn-3\">\n<div class=\"p-4 justify-center text-base md:gap-6 md:py-6 m-auto\">\n<div class=\"flex flex-1 gap-4 text-base mx-auto md:gap-6 md:max-w-2xl lg:max-w-[38rem] xl:max-w-3xl }\">\n<div class=\"relative flex w-[calc(100%-50px)] flex-col gap-1 md:gap-3 lg:w-[calc(100%-115px)]\">\n<div class=\"flex flex-grow flex-col gap-3 max-w-full\">\n<div class=\"min-h-[20px] flex flex-col items-start gap-3 overflow-x-auto whitespace-pre-wrap break-words\">\n<div class=\"markdown prose w-full break-words dark:prose-invert light\">\n<hr \/>\n<p>&nbsp;<\/p>\n<blockquote>\n<h3>Selva di Cadore: Iniziativa Comunale per Migliorare i Servizi alla Prima Infanzia<\/h3>\n<blockquote><p><em>, \u00abci auguriamo ci sia una numerosa partecipazione al questionario per poi poter elaborare assieme alla nostra consulente i dati raccolti. Speriamo di aprire un bel capitolo in questo ambito importante e di continuare a scriverlo negli anni a venire\u00bb dice l&#8217;assessore Elena Dolcetta<\/em><\/p><\/blockquote>\n<p><strong><a class=\"dt-pswp-item\" href=\"https:\/\/www.radiopiu.net\/wordpress\/wp-content\/uploads\/2022\/03\/254026600_962124181039693_1306450083412456774_n.png\" data-dt-img-description=\"\" data-large_image_width=\"390\" data-large_image_height=\"300\"><img loading=\"lazy\" decoding=\"async\" class=\" wp-image-267555 alignleft\" src=\"https:\/\/www.radiopiu.net\/wordpress\/wp-content\/uploads\/2022\/03\/254026600_962124181039693_1306450083412456774_n-300x231.png\" alt=\"\" width=\"206\" height=\"159\" srcset=\"https:\/\/www.radiopiu.net\/wordpress\/wp-content\/uploads\/2022\/03\/254026600_962124181039693_1306450083412456774_n-300x231.png 300w, https:\/\/www.radiopiu.net\/wordpress\/wp-content\/uploads\/2022\/03\/254026600_962124181039693_1306450083412456774_n.png 390w\" sizes=\"auto, (max-width: 206px) 100vw, 206px\" \/><\/a>SELVA DI CADORE\u00a0<\/strong> L&#8217;amministrazione comunale sta lavorando per migliorare l&#8217;offerta di servizi alla prima infanzia.<\/p>\n<p>&nbsp;<\/p>\n<p>DI GIANNI SANTOMASO<\/p>\n<audio class=\"wp-audio-shortcode\" id=\"audio-352009-4\" preload=\"none\" style=\"width: 100%;\" controls=\"controls\"><source type=\"audio\/mpeg\" src=\"https:\/\/www.radiopiu.net\/wordpress\/wp-content\/uploads\/2023\/09\/GIANNI-SELVA.mp3?_=4\" \/><a href=\"https:\/\/www.radiopiu.net\/wordpress\/wp-content\/uploads\/2023\/09\/GIANNI-SELVA.mp3\">https:\/\/www.radiopiu.net\/wordpress\/wp-content\/uploads\/2023\/09\/GIANNI-SELVA.mp3<\/a><\/audio>\n<p>&nbsp;<\/p>\n<p>&nbsp;<\/p><\/blockquote>\n<p>&nbsp;<\/p>\n<hr \/>\n<p>&nbsp;<\/p>\n<p>&nbsp;<\/p>\n<blockquote>\n<h2><a class=\"dt-pswp-item\" href=\"https:\/\/www.radiopiu.net\/wordpress\/wp-content\/uploads\/2023\/09\/fede.png\" data-dt-img-description=\"\" data-large_image_width=\"450\" data-large_image_height=\"244\"><img loading=\"lazy\" decoding=\"async\" class=\"wp-image-352111 alignleft\" src=\"https:\/\/www.radiopiu.net\/wordpress\/wp-content\/uploads\/2023\/09\/fede-300x163.png\" alt=\"\" width=\"164\" height=\"89\" srcset=\"https:\/\/www.radiopiu.net\/wordpress\/wp-content\/uploads\/2023\/09\/fede-300x163.png 300w, https:\/\/www.radiopiu.net\/wordpress\/wp-content\/uploads\/2023\/09\/fede.png 450w\" sizes=\"auto, (max-width: 164px) 100vw, 164px\" \/><\/a>PER CHI HA SMARRITO LA FEDE<\/h2>\n<\/blockquote>\n<p><strong>SELVA DI CADORE<\/strong> Fede smarrita e ritrovata\u00a0nel ghiaione dopo forcella Val d&#8217;Arcia, direzione Staulanza, con inciso &#8220;mamma e pap\u00e0 &#8211; 10.03.05&#8221;. L&#8217;appello nel gruppo Fb &#8220;Sentieri della Val di Zoldo&#8221; \u00e8 stato rilanciato da centinaia di persone<\/p>\n<p>&nbsp;<\/p>\n<p>&nbsp;<\/p>\n<hr \/>\n<p>&nbsp;<\/p>\n<blockquote>\n<h3>ABBATTUTA LA CASA, TUNNEL DA 53 MILIONI DI INVESTIMENTO<\/h3>\n<\/blockquote>\n<p>&nbsp;<\/p>\n<p><strong>VALLE DI CADORE\u00a0<\/strong> Abbattuta la casa che impediva la costruzione della galleria della variante vicino al municipio, atteso fin dal 2007, non solo si \u00e8 materializzato ma \u00e8 diventato anche uno spettacolo: tanti curiosi, tanta polvere, ma anche getti d&#8217;acqua per abbatterla e nemmeno un sasso sull&#8217;Alemagna. Il cronoprogramma mette in conto 1014 giorni di lavoro. Quindi, siccome rischia di finire troppo a ridosso dei Giochi olimpici, la ditta si \u00e8 organizzata per lavorare 7 giorni su 7 e 24 ore al giorno. Altri 53 milioni di investimento.<\/p>\n<div class=\"articlePlainText\"><\/div>\n<p>&nbsp;<\/p>\n<p><iframe loading=\"lazy\" title=\"WhatsApp Video 2023 09 11 at 10 24 37\" width=\"1200\" height=\"675\" src=\"https:\/\/www.youtube.com\/embed\/ShIuJ85YWXk?feature=oembed\" frameborder=\"0\" allow=\"accelerometer; autoplay; clipboard-write; encrypted-media; gyroscope; picture-in-picture; web-share\" allowfullscreen><\/iframe><\/p>\n<p>&nbsp;<\/p>\n<p>&nbsp;<\/p>\n<\/div>\n<\/div>\n<\/div>\n<\/div>\n<\/div>\n<\/div>\n<\/div>\n<\/div>\n<\/div>\n<\/div>\n<\/div>\n<hr \/>\n<p>&nbsp;<\/p>\n<blockquote>\n<h3>LUNEDI&#8217; PARTE LA PRIMA ACADEMY DI THELIOS<\/h3>\n<\/blockquote>\n<p><strong><a class=\"dt-pswp-item\" href=\"https:\/\/www.radiopiu.net\/wordpress\/wp-content\/uploads\/2020\/04\/OCCHIALI.jpg\" data-dt-img-description=\"\" data-large_image_width=\"1920\" data-large_image_height=\"1280\"><img loading=\"lazy\" decoding=\"async\" class=\" wp-image-134150 alignleft\" src=\"https:\/\/www.radiopiu.net\/wordpress\/wp-content\/uploads\/2020\/04\/OCCHIALI-300x200.jpg\" alt=\"\" width=\"158\" height=\"105\" srcset=\"https:\/\/www.radiopiu.net\/wordpress\/wp-content\/uploads\/2020\/04\/OCCHIALI-300x200.jpg 300w, https:\/\/www.radiopiu.net\/wordpress\/wp-content\/uploads\/2020\/04\/OCCHIALI-1024x683.jpg 1024w, https:\/\/www.radiopiu.net\/wordpress\/wp-content\/uploads\/2020\/04\/OCCHIALI-768x512.jpg 768w, https:\/\/www.radiopiu.net\/wordpress\/wp-content\/uploads\/2020\/04\/OCCHIALI-1536x1024.jpg 1536w, https:\/\/www.radiopiu.net\/wordpress\/wp-content\/uploads\/2020\/04\/OCCHIALI.jpg 1920w\" sizes=\"auto, (max-width: 158px) 100vw, 158px\" \/><\/a>LONGARONE <\/strong>Partir\u00e0 luned\u00ec prossimo presso la sede dell\u2019azienda Th\u00e9lios a Longarone, la prima Academy per formare e assumere nuovo personale, grazie alla collaborazione con l\u2019agenzia per il lavoro ADHR Group, sede di Belluno, che sta curando la ricerca e selezione.\u00a0 Si cercano 10-12 neodiplomati, usciti da istituti tecnici meglio se meccanici e professionali, laureati in ingegneria meccanica, ma anche giovani senza qualifiche particolari che abbiano avuto esperienza in aziende di occhialeria o metalmeccaniche, con una conoscenza base del ciclo produttivo. L\u2019Academy, al via dal 18 settembre fino al 10 ottobre, permetter\u00e0 ai partecipanti di specializzarsi in diverse aree dell\u2019industry tra cui la progettazione, l\u2019industrializzazione e la produzione.<\/p>\n<p>&nbsp;<\/p>\n<hr \/>\n<p>&nbsp;<\/p>\n<div class=\"blog_item_bottom\">\n<p class=\"text\"><strong>SE NON LA SMETTI TI MANDO DAL PRESIDE&#8230;.12\u00b0 ANNO<\/strong><\/p>\n<p class=\"text\">DOMANI PRIMA CAMPANELLA PER 2417 STUDENTI. RADIO PIU&#8217; DA L&#8217;INIZIO AL NUOVO ANNO SCOLASTICO RIPROPONENDO LA TRASMISSIONE SETTIMANALE &#8220;SE NON LA SMETTI TI MANDO DAL PRESIDE&#8221;, CON L PROF. MARIA ROSA SALMAZO. IL MERCOLEDI ALLE 10.30 E ALLE 19.00 LA DOMENICA ALLE OTTO DEL MATTINO.<\/p>\n<\/div>\n<blockquote><p><span style=\"color: #ff0000;\"><strong>\u00a0OGGI ALLE 10.30 E ALLE 1900 IL NUOVO PROGRAMMA ALLA RADIO&#8230; &#8220;VOCI RIBELLI&#8221;, alle 9 (martedi e giovedi) riprende il programma con Alex Nascinmben dedicato alla musica country<\/strong><\/span><\/p><\/blockquote>\n<p>&nbsp;<\/p>\n<p>&nbsp;<\/p>\n<hr \/>\n<p>&nbsp;<\/p>\n<blockquote>\n<h3>POSTE ITALIANE AUMENTA IL PREZZO DELLE SPEDIZIONI. ABM NON CI STA<\/h3>\n<\/blockquote>\n<p><strong><a class=\"dt-pswp-item\" href=\"https:\/\/www.radiopiu.net\/wordpress\/wp-content\/uploads\/2022\/03\/ABM.jpg\" data-dt-img-description=\"\" data-large_image_width=\"400\" data-large_image_height=\"400\"><img loading=\"lazy\" decoding=\"async\" class=\" wp-image-264723 alignleft\" src=\"https:\/\/www.radiopiu.net\/wordpress\/wp-content\/uploads\/2022\/03\/ABM-300x300.jpg\" alt=\"\" width=\"111\" height=\"111\" srcset=\"https:\/\/www.radiopiu.net\/wordpress\/wp-content\/uploads\/2022\/03\/ABM-300x300.jpg 300w, https:\/\/www.radiopiu.net\/wordpress\/wp-content\/uploads\/2022\/03\/ABM-150x150.jpg 150w, https:\/\/www.radiopiu.net\/wordpress\/wp-content\/uploads\/2022\/03\/ABM.jpg 400w\" sizes=\"auto, (max-width: 111px) 100vw, 111px\" \/><\/a>BELLUNO<\/strong> Spedizione amara quella del numero di settembre della rivista \u201cBellunesi nel mondo\u201d. \u00abSenza nessun preavviso &#8211; le parole del presidente dell\u2019Associazione Bellunesi nel Mondo, Oscar De Bona &#8211; Poste italiane ha aumentato, a partire dallo scorso 24 luglio, le tariffe che utilizziamo per spedire la nostra rivista. Un aumento che ritengo ingiustificato, come \u00e8 ingiustificato il disservizio che ormai da anni subiamo. Il Terzo settore, di cui l\u2019Abm fa parte, invece di essere premiato viene sempre pi\u00f9 penalizzato\u00bb. L\u2019Associazione Bellunesi nel Mondo infatti, a spese proprie, stampa pi\u00f9 numeri a cadenza mensile perch\u00e9 ormai sono diversi gli associati che lamentano il mancato recapito della rivista. \u00abCosa dobbiamo fare quindi? Spendere pi\u00f9 soldi per avere pi\u00f9 copie e per rispedire il numero mancante, perch\u00e9 di certo non \u00e8 l\u2019utente finale che deve pagare questo disservizio. Da Poste italiane ci aspetteremmo una maggiore attenzione, sia per la consegna della rivista, ma anche per i costi di spedizione. Siamo un\u2019associazione e non una multinazionale e dalla nostra rivista non abbiamo nessun profitto. Sono davvero preoccupato per questa situazione e non \u00e8 giusto che a pagare siano sempre gli ultimi della filiera, anche perch\u00e9 comunque ormai di soldi non ce ne sono pi\u00f9\u00bb.<\/p>\n<p>&nbsp;<\/p>\n<hr \/>\n<p>&nbsp;<\/p>\n<h3><strong><a class=\"dt-pswp-item\" href=\"https:\/\/www.radiopiu.net\/wordpress\/wp-content\/uploads\/2023\/09\/Poste-Italiane-Seren-del-Grappa-settembre-2023-c.jpeg\" data-dt-img-description=\"\" data-large_image_width=\"1600\" data-large_image_height=\"1200\"><img loading=\"lazy\" decoding=\"async\" class=\" wp-image-352065 alignleft\" src=\"https:\/\/www.radiopiu.net\/wordpress\/wp-content\/uploads\/2023\/09\/Poste-Italiane-Seren-del-Grappa-settembre-2023-c-300x225.jpeg\" alt=\"\" width=\"227\" height=\"170\" srcset=\"https:\/\/www.radiopiu.net\/wordpress\/wp-content\/uploads\/2023\/09\/Poste-Italiane-Seren-del-Grappa-settembre-2023-c-300x225.jpeg 300w, https:\/\/www.radiopiu.net\/wordpress\/wp-content\/uploads\/2023\/09\/Poste-Italiane-Seren-del-Grappa-settembre-2023-c-1024x768.jpeg 1024w, https:\/\/www.radiopiu.net\/wordpress\/wp-content\/uploads\/2023\/09\/Poste-Italiane-Seren-del-Grappa-settembre-2023-c-768x576.jpeg 768w, https:\/\/www.radiopiu.net\/wordpress\/wp-content\/uploads\/2023\/09\/Poste-Italiane-Seren-del-Grappa-settembre-2023-c-1536x1152.jpeg 1536w, https:\/\/www.radiopiu.net\/wordpress\/wp-content\/uploads\/2023\/09\/Poste-Italiane-Seren-del-Grappa-settembre-2023-c.jpeg 1600w\" sizes=\"auto, (max-width: 227px) 100vw, 227px\" \/><\/a>POSTE ITALIANE: RIAPERTO L\u2019UFFICIO POSTALE DI SEREN DEL GRAPPA<\/strong><\/h3>\n<p><strong>SEREN DEL GRAPPA <\/strong>Sono terminati\u00a0 i lavori di ristrutturazione della sede di via Roma. Con i lavori appena conclusi, l\u2019ufficio postale ha cambiato il suo tradizionale aspetto grazie anche alla realizzazione di uno sportello ribassato, utile per richiedere con comodit\u00e0 i servizi. Inoltre, l\u2019intera sala che accoglie i clienti \u00e8 stata tinteggiata, dotata di nuovi arredi e colori ed una corsia per non vedenti.<\/p>\n<p>&nbsp;<\/p>\n<p>&nbsp;<\/p>\n<p>&nbsp;<\/p>\n<hr \/>\n<p>&nbsp;<\/p>\n<blockquote>\n<h3>INTERDIZIONE TOTALE AL TRAFFICO A DIGONERA, 203 AGORDINA A SINGHIOZZO E CHIUSURA A FASCE ORARIE DELLA SP 35 DI LASTE<\/h3>\n<\/blockquote>\n<p><strong>SP 563 SALESEI <\/strong>Fino\u00a0al 18 settembre\u00a0in localit\u00e0 Digonera di Rocca Pietore interdizione al traffico dalle 8 alle 18. Negli altri orari senso unico alternato regolato da semaforo.<\/p>\n<p><strong>SR 203 AGORDINA<\/strong>\u00a0localit\u00e0 La Pissa comune di Sedico,\u00a0dal 11 al 15 settembre\u00a0interruzioni temporanee al transito dalle 8 alle 9:35, dalle 9:50 alle 11:10, Dalle 11:25 alle 12:20 e dalle 14:25 alle 15:55<\/p>\n<p><strong>SP 35 DI LASTE\u00a0<\/strong>In comune di Rocca Pietore, <span style=\"color: #ff0000;\">dal 12 al 22 settembre<\/span>, esclusi sabati e domeniche, interdizione totale alla circolazione a fasce orarie. Dalle 8 alle 10, dalle 10:15 alle 12:15, dalle 13:15 alle 15 e dalle 15:15 alle 17.<\/p>\n<p>&nbsp;<\/p>\n<p>&nbsp;<\/p>\n<hr \/>\n<p>&nbsp;<\/p>\n<blockquote>\n<h3>In 150 al Rifugio Settimo Alpini per ricordare gli amici del CAI caduti in montagna<\/h3>\n<\/blockquote>\n<p><strong><a class=\"dt-pswp-item\" href=\"https:\/\/www.radiopiu.net\/wordpress\/wp-content\/uploads\/2023\/09\/IMG_7834-scaled.jpg\" data-dt-img-description=\"\" data-large_image_width=\"2560\" data-large_image_height=\"1438\"><img loading=\"lazy\" decoding=\"async\" class=\"size-medium wp-image-352070 alignleft\" src=\"https:\/\/www.radiopiu.net\/wordpress\/wp-content\/uploads\/2023\/09\/IMG_7834-300x169.jpg\" alt=\"\" width=\"300\" height=\"169\" srcset=\"https:\/\/www.radiopiu.net\/wordpress\/wp-content\/uploads\/2023\/09\/IMG_7834-300x169.jpg 300w, https:\/\/www.radiopiu.net\/wordpress\/wp-content\/uploads\/2023\/09\/IMG_7834-1024x575.jpg 1024w, https:\/\/www.radiopiu.net\/wordpress\/wp-content\/uploads\/2023\/09\/IMG_7834-768x431.jpg 768w, https:\/\/www.radiopiu.net\/wordpress\/wp-content\/uploads\/2023\/09\/IMG_7834-1536x863.jpg 1536w, https:\/\/www.radiopiu.net\/wordpress\/wp-content\/uploads\/2023\/09\/IMG_7834-2048x1150.jpg 2048w\" sizes=\"auto, (max-width: 300px) 100vw, 300px\" \/><\/a>BELLUNO<\/strong> La splendida cornice della Schiara ha accolto nella limpida giornata di sabato 9 settembre presso il rifugio 7\u00b0Alpini al Pis Pilon 150 persone per ricordare i Soci della Sezione di Belluno e gli Alpini che sono \u201candati avanti\u201d negli ultimi anni e per la ricollocazione al posto originario della statua della Madonna \u201cRegina Alpinorum\u201d (dono di papa Pio XII alla Sezione CAI di Belluno) dopo il restauro conservativo effettuato dalla restauratrice Mariangela Mattia. Il restauro \u00e8 stato voluto e seguito dai componenti del Coro CAI Belluno, che hanno anche provveduto a rinfrescare l\u2019interno della cappella restituendo luce e decoro a questo luogo tanto amato dagli alpinisti ed escursionisti che frequentano la Schiara. Numerosi quest\u2019anno i Soci ricordati da parte di amici e famigliari, in particolare Roberto Cielo che fu Presidente della Sezione dal 2000 al 2006, ma anche Ignazio Spagnolo \u201cFranco\u201d, Sergio Casagrande, Carlo Santomaso, Assunta Moro, Rosellina D\u2019Inc\u00e0, Manlio Millo e Tiziano Bertotti. Ha concluso la cerimonia un breve concerto del Coro della sezione bellunese del CAI, diretto dalla maestra Elisa Isotton.<\/p>\n<p>&nbsp;<\/p>\n<p>&nbsp;<\/p>\n<hr \/>\n<p>&nbsp;<\/p>\n<blockquote>\n<h3>DAL MONDO DEL VOLONTARIATO UNA PUBBLICAZIONE PER LA FAMIGLIA<\/h3>\n<\/blockquote>\n<p><strong>PONTE NELLE ALPI<\/strong>\u00a0 Nei prossimi giorni, gli oltre 3200 nuclei familiari di Ponte nelle Alpi riceveranno il numero unico di \u00abAccanto all\u2019anziano e\u2026\u00bb. curato dall\u2019 Associazione volontaristica che ha iniziato la propria attivit\u00e0 in concomitanza con l\u2019apertura della Casa di riposo di Ponte nelle Alpi, avvenuta nell\u2019estate del 1996. Nel tempo, lo spettro d\u2019azione dell\u2019associazione si \u00e8 arricchito di iniziative e proposte destinate agli ospiti della struttura residenziale (assistenza, animazione, musica, guardaroba e sartoria), ma anche al territorio. Le 12 pagine della pubblicazione, ricche di fotografie, oltre a riportare le attivit\u00e0 dell\u2019Associazione, propongono momenti di riflessione e danno spazio ad altre realt\u00e0 volontaristiche del territorio.<\/p>\n<p>&nbsp;<\/p>\n<p>&nbsp;<\/p>\n<hr \/>\n<p>&nbsp;<\/p>\n<p align=\"CENTER\"><span style=\"font-family: Calibri, serif;\"><span style=\"font-size: x-large;\">\u00a0<\/span><\/span><\/p>\n<h3 align=\"CENTER\">CammiNATURAlmente<\/h3>\n<p align=\"CENTER\"><span style=\"font-family: Calibri, serif;\"><span style=\"font-size: medium;\"><i><b>passi alla scoperta con Anacleto Boranga divulgatore naturalistico ed ambientale <\/b><\/i><\/span><\/span><\/p>\n<p><span style=\"font-size: large;\"><b>LONGARONE\u00a0 <\/b><\/span><span style=\"font-size: medium;\">Un viaggio nello spazio e nel tempo per ricordare il tragico evento, visitando i principali luoghi della memoria.\u00a0<\/span> <span style=\"font-family: Calibri, serif;\"><span style=\"font-size: medium;\"><b>Sabato 16 settembre<\/b><\/span><\/span><span style=\"font-family: Calibri, serif;\"><span style=\"font-size: medium;\">. Itinerario a piedi di ca 2 km con dislivello irrilevante. Durata ca 3 ore e mezza. Ritrovo alle 8 al parcheggio della stazione ferroviaria di Longarone. <\/span><\/span><span style=\"font-family: Calibri, serif;\"><span style=\"font-size: medium;\"><i><b>Iscrizione obbligatoria a <\/b><\/i><\/span><\/span><a href=\"mailto:biblioteca@comune.belluno.it\"><span style=\"color: #0563c1;\"><span style=\"font-family: Calibri, serif;\"><span style=\"font-size: medium;\"><i><u><b>biblioteca@comune.belluno.it<\/b><\/u><\/i><\/span><\/span><\/span><\/a><span style=\"font-family: Calibri, serif;\"><span style=\"font-size: medium;\"><i><b> o al tel 0437 948093 entro le ore 12,30 di venerdi.<\/b><\/i><\/span><\/span><\/p>\n<p>&nbsp;<\/p>\n<p>&nbsp;<\/p>\n<hr \/>\n<p>&nbsp;<\/p>\n<blockquote>\n<h3>CONCERTO A LIMANA<\/h3>\n<\/blockquote>\n<p><strong>LIMANA<\/strong> Sabato alle 20.30 nella sala riunioni del Municipio, concerto di Musica da Camera del trio Stravagante, 2 Flauti e Violoncello con Alberto Barletta &#8211; Elisa Parodi &#8211; Fabio Storino. Eseguiranno brani di J.S. Bach, A. Corelli, F.J. Haydn, L. Bernstein, L. Bacalov, E. Morricone e N. Rota, ingresso libero. Una proposta del Comune, Assessorato alla Cultura e Biblioteca Comunale<\/p>\n<p>&nbsp;<\/p>\n<p>&nbsp;<\/p>\n<hr \/>\n<p>&nbsp;<\/p>\n<h2><span style=\"color: #ff6600;\">IERI ALLA RADIO\u00a0<\/span><\/h2>\n<h2><span style=\"color: #808000;\">PERITI MINERARI DALL\u2019AGORDINO AL MONDO<\/span><\/h2>\n<p><strong>REDAZIONE<\/strong> Continua la serie di racconti con i periti minerari agordini. Questa settimana \u00e8 il turno della storia di Guido Agostini. I racconti dei periti minerari agordini che hanno lavorato nel mondo, ogni luned\u00ec alle 10:30 e alle 19 su Radio Pi\u00f9.<\/p>\n<p><iframe loading=\"lazy\" title=\"GUIDO AGOSTINI\" width=\"1200\" height=\"675\" src=\"https:\/\/www.youtube.com\/embed\/7Dure3_i-Lk?feature=oembed\" frameborder=\"0\" allow=\"accelerometer; autoplay; clipboard-write; encrypted-media; gyroscope; picture-in-picture; web-share\" allowfullscreen><\/iframe><\/p>\n<p>&nbsp;<\/p>\n<p><strong>LA RACCOLTA COMPLETA<\/strong><\/p>\n<blockquote class=\"wp-embedded-content\" data-secret=\"T40C2PLMIm\"><p><a href=\"https:\/\/www.radiopiu.net\/wordpress\/periti-minerari-dallagordino-al-mondo\/\">Periti minerari dall&#8217;agordino al mondo<\/a><\/p><\/blockquote>\n<p><iframe loading=\"lazy\" class=\"wp-embedded-content\" sandbox=\"allow-scripts\" security=\"restricted\" style=\"position: absolute; clip: rect(1px, 1px, 1px, 1px);\" title=\"&#8220;Periti minerari dall&#8217;agordino al mondo&#8221; &#8212; Radio Pi\u00f9\" src=\"https:\/\/www.radiopiu.net\/wordpress\/periti-minerari-dallagordino-al-mondo\/embed\/#?secret=JBhDdKrWtP#?secret=T40C2PLMIm\" data-secret=\"T40C2PLMIm\" width=\"600\" height=\"338\" frameborder=\"0\" marginwidth=\"0\" marginheight=\"0\" scrolling=\"no\"><\/iframe><\/p>\n<p>&nbsp;<\/p>\n<h2><span style=\"color: #ff00ff;\">ALLE NOVE&#8230; OGGI COME IERI di e con SILVIA BALDO<\/span><\/h2>\n<p><img decoding=\"async\" class=\"aligncenter\" src=\"https:\/\/www.radiopiu.net\/wordpress\/wp-content\/uploads\/2023\/09\/309000774_10222572118595513_7956305457803922499_n.jpg\" \/><\/p>\n<p><strong>TERZA PUNTATA, 11 SETTEMBRE 2023<\/strong><\/p>\n<audio class=\"wp-audio-shortcode\" id=\"audio-352009-5\" preload=\"none\" style=\"width: 100%;\" controls=\"controls\"><source type=\"audio\/mpeg\" src=\"https:\/\/www.radiopiu.net\/wordpress\/wp-content\/uploads\/2023\/09\/SIBI-1.mp3?_=5\" \/><a href=\"https:\/\/www.radiopiu.net\/wordpress\/wp-content\/uploads\/2023\/09\/SIBI-1.mp3\">https:\/\/www.radiopiu.net\/wordpress\/wp-content\/uploads\/2023\/09\/SIBI-1.mp3<\/a><\/audio>\n<p>&nbsp;<\/p>\n<p><strong>LA RACCOLTA COMPLETA<\/strong><\/p>\n<blockquote class=\"wp-embedded-content\" data-secret=\"B7oZRetzYp\"><p><a href=\"https:\/\/www.radiopiu.net\/wordpress\/alle-nove-oggi-come-ieri-di-e-con-silvia-baldo\/\">ALLE NOVE&#8230; OGGI COME IERI di e con SILVIA BALDO<\/a><\/p><\/blockquote>\n<p><iframe loading=\"lazy\" class=\"wp-embedded-content\" sandbox=\"allow-scripts\" security=\"restricted\" style=\"position: absolute; clip: rect(1px, 1px, 1px, 1px);\" title=\"&#8220;ALLE NOVE&#8230; OGGI COME IERI di e con SILVIA BALDO&#8221; &#8212; Radio Pi\u00f9\" src=\"https:\/\/www.radiopiu.net\/wordpress\/alle-nove-oggi-come-ieri-di-e-con-silvia-baldo\/embed\/#?secret=aOQGeaRe5U#?secret=B7oZRetzYp\" data-secret=\"B7oZRetzYp\" width=\"600\" height=\"338\" frameborder=\"0\" marginwidth=\"0\" marginheight=\"0\" scrolling=\"no\"><\/iframe><\/p>\n<p>&nbsp;<\/p>\n<h2><span style=\"color: #3366ff;\">&#8220;NCONTONSE&#8221; IN LADINO SU RADIO PI\u00d9<\/span><\/h2>\n<p><strong><a class=\"dt-pswp-item\" href=\"https:\/\/www.radiopiu.net\/wordpress\/wp-content\/uploads\/2023\/05\/linda-podcast.png\" data-dt-img-description=\"\" data-large_image_width=\"2000\" data-large_image_height=\"2000\"><img loading=\"lazy\" decoding=\"async\" class=\" wp-image-334514 alignleft\" src=\"https:\/\/www.radiopiu.net\/wordpress\/wp-content\/uploads\/2023\/05\/linda-podcast-300x300.png\" alt=\"\" width=\"207\" height=\"207\" srcset=\"https:\/\/www.radiopiu.net\/wordpress\/wp-content\/uploads\/2023\/05\/linda-podcast-300x300.png 300w, https:\/\/www.radiopiu.net\/wordpress\/wp-content\/uploads\/2023\/05\/linda-podcast-1024x1024.png 1024w, https:\/\/www.radiopiu.net\/wordpress\/wp-content\/uploads\/2023\/05\/linda-podcast-150x150.png 150w, https:\/\/www.radiopiu.net\/wordpress\/wp-content\/uploads\/2023\/05\/linda-podcast-768x768.png 768w, https:\/\/www.radiopiu.net\/wordpress\/wp-content\/uploads\/2023\/05\/linda-podcast-1536x1536.png 1536w, https:\/\/www.radiopiu.net\/wordpress\/wp-content\/uploads\/2023\/05\/linda-podcast.png 2000w\" sizes=\"auto, (max-width: 207px) 100vw, 207px\" \/><\/a><\/strong><\/p>\n<blockquote><p><em>Tutto questo \u00e8 possibile grazie alla preziosa collaborazione instaurata nel tempo con l&#8217;Istitut Ladin Cesa de Jan che produrr\u00e0 i programmi.<\/em><\/p><\/blockquote>\n<p><strong>REDAZIONE\u00a0 <\/strong>Torna uno dei programmi pi\u00f9 amati della radio locale, <strong>&#8220;ncontonse&#8221;<\/strong>, ovvero incontriamoci. Dopo aver utilizzato per diverse stagioni l&#8217;almanacco ladino, la trasmissione ritorna con una formula ancora pi\u00f9 personale e informale. Le chiacchierate si svolgono completamente in lingua ladina, per valorizzare e preservare questa lingua storica delle nostre valli. Protagonisti delle conversazioni sono le persone che abitano in queste zone e che condividono le loro storie e le loro esperienze di vita con gli ascoltatori. Il programma va in onda quattro volte alla settimana: il luned\u00ec alle 8:30, il marted\u00ec alle 12:25, il mercoled\u00ec alle 18:25 e la domenica alle 9. Un appuntamento imperdibile per chi vuole conoscere meglio la cultura e la vita delle genti ladine, tramandata da generazioni. La trasmissione \u00e8 accolta con grande entusiasmo dagli ascoltatori, che\u00a0 apprezzano il ritorno alla formula originale del programma. La radio locale si conferma ancora una volta un punto di riferimento per la promozione e la valorizzazione della cultura e della lingua ladina<\/p>\n<p>&nbsp;<\/p>\n<p><strong>PUNTATA 17 GIULIA TASSER prima parte<\/strong><\/p>\n<audio class=\"wp-audio-shortcode\" id=\"audio-352009-6\" preload=\"none\" style=\"width: 100%;\" controls=\"controls\"><source type=\"audio\/mpeg\" src=\"https:\/\/www.radiopiu.net\/wordpress\/wp-content\/uploads\/2023\/09\/10.NCONTONSE_Giulia-Tasser_1.pert_-1.mp3?_=6\" \/><a href=\"https:\/\/www.radiopiu.net\/wordpress\/wp-content\/uploads\/2023\/09\/10.NCONTONSE_Giulia-Tasser_1.pert_-1.mp3\">https:\/\/www.radiopiu.net\/wordpress\/wp-content\/uploads\/2023\/09\/10.NCONTONSE_Giulia-Tasser_1.pert_-1.mp3<\/a><\/audio>\n<p>&nbsp;<\/p>\n<p><strong>LA RACCOLTA COMPLETA<\/strong><\/p>\n<blockquote class=\"wp-embedded-content\" data-secret=\"C7M47enLiR\"><p><a href=\"https:\/\/www.radiopiu.net\/wordpress\/lad08aaaa\/\">&#8220;NCONTONSE&#8221; IN LADINO SU RADIO PI\u00d9<\/a><\/p><\/blockquote>\n<p><iframe loading=\"lazy\" class=\"wp-embedded-content\" sandbox=\"allow-scripts\" security=\"restricted\" style=\"position: absolute; clip: rect(1px, 1px, 1px, 1px);\" title=\"&#8220;&#8220;NCONTONSE&#8221; IN LADINO SU RADIO PI\u00d9&#8221; &#8212; Radio Pi\u00f9\" src=\"https:\/\/www.radiopiu.net\/wordpress\/lad08aaaa\/embed\/#?secret=YIklVwAEAB#?secret=C7M47enLiR\" data-secret=\"C7M47enLiR\" width=\"600\" height=\"338\" frameborder=\"0\" marginwidth=\"0\" marginheight=\"0\" scrolling=\"no\"><\/iframe><\/p>\n<p>&nbsp;<\/p>\n<h2><span style=\"color: #008080;\">I RACCONTI DI PAOLO SOPPELSA<\/span><\/h2>\n<p><strong>IL RESPIRO DELLA MIA TERRA<\/strong><\/p>\n<p><strong>AUDIO<\/strong><\/p>\n<audio class=\"wp-audio-shortcode\" id=\"audio-352009-7\" preload=\"none\" style=\"width: 100%;\" controls=\"controls\"><source type=\"audio\/mpeg\" src=\"https:\/\/www.radiopiu.net\/wordpress\/wp-content\/uploads\/2023\/09\/PAOLO-SOPPELSA-IL-RESPIRO-DELLA-MIA-TERRA.mp3?_=7\" \/><a href=\"https:\/\/www.radiopiu.net\/wordpress\/wp-content\/uploads\/2023\/09\/PAOLO-SOPPELSA-IL-RESPIRO-DELLA-MIA-TERRA.mp3\">https:\/\/www.radiopiu.net\/wordpress\/wp-content\/uploads\/2023\/09\/PAOLO-SOPPELSA-IL-RESPIRO-DELLA-MIA-TERRA.mp3<\/a><\/audio>\n<p>&nbsp;<\/p>\n<p><a class=\"dt-pswp-item\" href=\"https:\/\/www.radiopiu.net\/wordpress\/wp-content\/uploads\/2023\/09\/7e1c7cb0-5288-4c72-818e-f5c084f1d461.jpg\" data-dt-img-description=\"\" data-large_image_width=\"1600\" data-large_image_height=\"1200\"><img loading=\"lazy\" decoding=\"async\" class=\" wp-image-351949 alignleft\" src=\"https:\/\/www.radiopiu.net\/wordpress\/wp-content\/uploads\/2023\/09\/7e1c7cb0-5288-4c72-818e-f5c084f1d461-300x225.jpg\" alt=\"\" width=\"199\" height=\"149\" srcset=\"https:\/\/www.radiopiu.net\/wordpress\/wp-content\/uploads\/2023\/09\/7e1c7cb0-5288-4c72-818e-f5c084f1d461-300x225.jpg 300w, https:\/\/www.radiopiu.net\/wordpress\/wp-content\/uploads\/2023\/09\/7e1c7cb0-5288-4c72-818e-f5c084f1d461-1024x768.jpg 1024w, https:\/\/www.radiopiu.net\/wordpress\/wp-content\/uploads\/2023\/09\/7e1c7cb0-5288-4c72-818e-f5c084f1d461-768x576.jpg 768w, https:\/\/www.radiopiu.net\/wordpress\/wp-content\/uploads\/2023\/09\/7e1c7cb0-5288-4c72-818e-f5c084f1d461-1536x1152.jpg 1536w, https:\/\/www.radiopiu.net\/wordpress\/wp-content\/uploads\/2023\/09\/7e1c7cb0-5288-4c72-818e-f5c084f1d461.jpg 1600w\" sizes=\"auto, (max-width: 199px) 100vw, 199px\" \/><\/a>&#8211; Che fai domani? Io ho la partita di calcio, andiamo a giocare a Feltre\u2026<br \/>\n-Io invece vado a San Tomaso\u2026<br \/>\n-Dove vai domani? Io vado a judo, sono cintura bianca\u2026<br \/>\n-Io invece vado a Cencenighe&#8230;<br \/>\nErano questi i classici dialoghi del sabato mattina fra compagni di classe delle elementari. Alle 12.30, negli immensi corridoi delle Scuole Gabelli era tutto un vociare allegro di bambini pronti a vivere un altro fine settimana che si preannunciava indimenticabile. Qualcuno doveva giocare la partita di calcio della vita, qualche bambina doveva affrontare il saggio di danza, altri una gita fuoriporta magari addirittura fuori regione. Io la domenica sarei andato a San Tomaso a trovare i nonni, e se era d&#8217;autunno, invece, sarebbe stato pranzo veloce e poi rotta verso Cencenighe, dove avrei dormito nel mio fantastico letto a castello rosso. A quei tempi non conoscevo nessuno che viveva una vita simile alla mia, perci\u00f2 mi sentivo un po&#8217; unico e piacevolmente diverso. Era bello potermi recare in due paesi da vivere part time, situati ad una distanza che permetteva la frequentazione assidua di un mondo opposto a quello della Piccola Citt\u00e0; era bello anche sentire il costante richiamo delle radici e soprattutto conoscere e parlare il dialetto di quei due paesi agordini. A scuola il dialetto era assolutamente bandito, ma in fondo non c&#8217;era alcuna regola linguistica da rispettare perch\u00e9 nessun compagno conosceva il dialetto bellunese. Nemmeno io lo conoscevo, per\u00f2 avevo la cadenza del dialetto agordino che parlavamo in casa; ero l&#8217;unico in classe con questa caratteristica, e in quell&#8217;aula piena di bambini nati a Belluno o a Feltre, ero il solo nato ad Agordo, e mi piaceva un sacco quel &#8220;nato ad Agordo&#8221; riportato sulla Tessera Sanitaria di colore giallino.<br \/>\n-Sai, io a Natale vado a sciare in Austria, tu che fai?<br \/>\n-Io invece andr\u00f2 qualche giorno a San Tomaso\u2026<br \/>\nCapitava che qualcuno mi chiedesse cosa facessi lass\u00f9 ogni domenica, e immancabilmente rispondevo che &#8220;gioco a hockey con una scopa e una pallina da tennis e sto al caldo sul fornel&#8221;. Ogni volta erano sguardi perplessi e tentativi di spiegare cos&#8217;era il fornel e cosa c&#8217;era di bello ed importante per me lass\u00f9 di fronte e sotto al Pelsa. Tutto ci\u00f2 lo raccontavo nel tema del luned\u00ec, che dalla seconda elementare in poi fu mono-titolo; l&#8217;incipit era &#8220;una domenica a San Tomaso&#8221; oppure &#8220;un fine settimana a Cencenighe&#8221;, lo svolgimento era sempre ricco di nuovi dettagli che scoprivo durante ogni viaggio lungo la Strada Madre. Amavo raccontare della brina che nelle lunghe sere di novembre ricopriva il sagrato della chiesa di Cencenighe, mi piaceva narrare i colori autunnali del Bosc dal Forn, che erano al massimo nei giorni in cui portavamo i fiori nel cimitero ai piedi del Pelsa. Rileggendo oggi quei semplici temi, si percepisce nettamente quella sensazione di sentirsi un po&#8217; emigranti che avevano la fortuna di ritornare ogni settimana nei loro paesi, ed era destino strano questo entrare e uscire da due universi differenti che si intersecavano continuamente. Il sabato lasciavo il mondo talvolta serioso della Piccola Citt\u00e0 per ritrovarmi, trentacinque minuti pi\u00f9 tardi, nella mia valle dove potevo incontrare i miei affetti pi\u00f9 cari e ascoltare quelle voci d&#8217;acqua e campane, il fruscio della neve e il crepitare delle foglie secche d&#8217;autunno.<br \/>\n-Sai, quest&#8217;estate sono stato a Bisceglie, tu dove sei stato in vacanza?<br \/>\n-Io sono stato a San Tomaso, a fare compagnia ai nonni e ad ascoltare il respiro della mia terra\u2026<\/p>\n<p><span style=\"font-family: Calibri, serif;\"><span style=\"font-size: medium;\"><i><b>\u00a0<\/b><\/i><\/span><\/span><\/p>\n<p>&nbsp;<\/p>\n<p>&nbsp;<\/p>\n<hr \/>\n<p>&nbsp;<\/p>\n<h2><span style=\"color: #ff0000;\">GLI APPUNTAMENTI DELLA SETTIMANA\u00a0\u00a0<\/span><\/h2>\n<blockquote>\n<h3>ESPERIENZA CULINARIA AL RIFUGIO AVERAU<\/h3>\n<\/blockquote>\n<h2><span style=\"color: #800080;\">DALLA LAGUNA ALLE DOLOMITI, L&#8217;EVENTO AL RIFUGIO AVERAU<\/span><\/h2>\n<p><strong><a class=\"dt-pswp-item\" href=\"https:\/\/www.radiopiu.net\/wordpress\/wp-content\/uploads\/2023\/09\/99292399_1967338273402840_6160269363564773376_n.jpg\" data-dt-img-description=\"\" data-large_image_width=\"1600\" data-large_image_height=\"1067\"><img loading=\"lazy\" decoding=\"async\" class=\" wp-image-351309 alignleft\" src=\"https:\/\/www.radiopiu.net\/wordpress\/wp-content\/uploads\/2023\/09\/99292399_1967338273402840_6160269363564773376_n-300x200.jpg\" alt=\"\" width=\"170\" height=\"113\" srcset=\"https:\/\/www.radiopiu.net\/wordpress\/wp-content\/uploads\/2023\/09\/99292399_1967338273402840_6160269363564773376_n-300x200.jpg 300w, https:\/\/www.radiopiu.net\/wordpress\/wp-content\/uploads\/2023\/09\/99292399_1967338273402840_6160269363564773376_n-1024x683.jpg 1024w, https:\/\/www.radiopiu.net\/wordpress\/wp-content\/uploads\/2023\/09\/99292399_1967338273402840_6160269363564773376_n-768x512.jpg 768w, https:\/\/www.radiopiu.net\/wordpress\/wp-content\/uploads\/2023\/09\/99292399_1967338273402840_6160269363564773376_n-1536x1024.jpg 1536w, https:\/\/www.radiopiu.net\/wordpress\/wp-content\/uploads\/2023\/09\/99292399_1967338273402840_6160269363564773376_n.jpg 1600w\" sizes=\"auto, (max-width: 170px) 100vw, 170px\" \/><\/a>COLLE SANTA LUCIA<\/strong> Oggi, evento straordinario al Rifugio Averau. Gli chef di casa, Matteo e Stefano, della trattoria alla Cima di Valdobbiadene uniscono genio e bravura per un&#8217;esperienza unica &#8220;dalla laguna alle dolomiti&#8221;. Un percorso enogastronomico dal mare ai fiumi, dalle colline ai boschi del veneziano, trevigiano e bellunese fino alle cime di Cortina. Sar\u00e0 predisposto su prenotazione un servizio di trasporto in jeep dal rifugio Cinque Torri, raggiungibile in macchina dalla strada del passo Falzarego Per info e prenotazioni: 0436 4660<br \/>\nDALLA LAGUNA ALLE DOLOMITI, 12 SETTEMBRE AL RIFUGIO AVERAU<\/p>\n<p><strong>L&#8217;INTERVISTA A MATTEO SIORPAES<\/strong><\/p>\n<audio class=\"wp-audio-shortcode\" id=\"audio-352009-8\" preload=\"none\" style=\"width: 100%;\" controls=\"controls\"><source type=\"audio\/mpeg\" src=\"https:\/\/www.radiopiu.net\/wordpress\/wp-content\/uploads\/2023\/09\/MATTEO.mp3?_=8\" \/><a href=\"https:\/\/www.radiopiu.net\/wordpress\/wp-content\/uploads\/2023\/09\/MATTEO.mp3\">https:\/\/www.radiopiu.net\/wordpress\/wp-content\/uploads\/2023\/09\/MATTEO.mp3<\/a><\/audio>\n<h3><\/h3>\n<blockquote>\n<h3>LA PRESENTAZIONE DEL LIBRO DI BENIAMINO DAL FABBRO<\/h3>\n<\/blockquote>\n<p><strong>BELLUNO<\/strong> Venerdi\u0300 15 settembre, nella sala Eliseo Dal Pont \u201cBianchi\u201d di Belluno, si terra\u0300 la presentazione del libro \u201cLettere a un provinciale\u201d di Beniamino Dal Fabbro, appena pubblicato da Libreria Campede\u0300l editore. A curare la presentazione sara\u0300 Giovanni Grazioli, direttore della Biblioteca civica di Belluno, con le letture scelte tratte dal libro e con la voce di Piero Bolzan. A organizzare l\u2019incontro, Biblioteca civica di Belluno e Libreria Campede\u0300l. L\u2019ingresso e\u0300 libero e aperto alla partecipazione di tutti. Nell\u2019occasione, il libro sara\u0300 in vendita in sala.<\/p>\n<p>&nbsp;<\/p>\n<blockquote>\n<h3>ZUMBRILLENBAR&#8230;APRE LE PORTE AL CAMIONISTA<\/h3>\n<\/blockquote>\n<p>&nbsp;<\/p>\n<p><a class=\"dt-pswp-item\" href=\"https:\/\/www.radiopiu.net\/wordpress\/wp-content\/uploads\/2023\/09\/zumbrillenbar.jpg\" data-dt-img-description=\"\" data-large_image_width=\"1024\" data-large_image_height=\"680\"><img loading=\"lazy\" decoding=\"async\" class=\" wp-image-351940 alignleft\" src=\"https:\/\/www.radiopiu.net\/wordpress\/wp-content\/uploads\/2023\/09\/zumbrillenbar-300x199.jpg\" alt=\"\" width=\"157\" height=\"104\" srcset=\"https:\/\/www.radiopiu.net\/wordpress\/wp-content\/uploads\/2023\/09\/zumbrillenbar-300x199.jpg 300w, https:\/\/www.radiopiu.net\/wordpress\/wp-content\/uploads\/2023\/09\/zumbrillenbar-768x510.jpg 768w, https:\/\/www.radiopiu.net\/wordpress\/wp-content\/uploads\/2023\/09\/zumbrillenbar.jpg 1024w\" sizes=\"auto, (max-width: 157px) 100vw, 157px\" \/><\/a>sei un camionista?&#8230;allora preparati a fare festa con noi! sabato 16 settembre la cena dei camionisti al Zumbrillenbar ad Agordo.<br \/>\nInfo e prenotazioni da Devis al 3474897920<\/p>\n<p>ZUMBRILLENBAR&#8230;APRE LE PORTE AL CAMIONISTA!<\/p>\n<p>&nbsp;<\/p>\n<blockquote>\n<h3>LA FESTA A SAN CIPRIANO<\/h3>\n<\/blockquote>\n<p><strong>TAIBON<\/strong> Sabato 16 settembre a Taibon si festeggia San Cipriano. Alle 18:30 la messa in onore del Santo Patrono e a seguire musica e buffet in piazza.<\/p>\n<p>&nbsp;<\/p>\n<blockquote>\n<h3>I COLLEZIONISTI SI INCONTRANO AD ANDRAZ<\/h3>\n<\/blockquote>\n<p><strong>LIVINALLONGO<\/strong> Sabato 16 settembre dalle 15 alle 18 i collezionisti sul tema della Grande Guerra si riuniranno ad Andraz per visionare e scambiarsi i materiali raccolti<\/p>\n<p>&nbsp;<\/p>\n<blockquote>\n<h3>LA SAGRA DI FREGONA A CANALE D&#8217;AGORDO<\/h3>\n<\/blockquote>\n<p><strong>CANALE D&#8217;AGORDO <\/strong>16 e 17 settembre sono le date da segnare sul calendario. A Canale D&#8217;Agordo torna la Sagra di Fregona, due giorni di festa nella frazione canalina. Sabato apertura tendone alle 17, cucina alle 18 e alla sera musica con Tirock Band. Domenica alle 10:30 la santa messa, alle 11 apertura tendone e alle 12 la cucina con piatti tipici. Nel pomeriggio balli e giochi, musica fino a sera con Mirko e I Rosegot e alle 19:30 la processione per le vie del paese.<\/p>\n<p>&nbsp;<\/p>\n<blockquote>\n<h3>ENSAMBLE IL FISCHIO A LANDRIS<\/h3>\n<\/blockquote>\n<p><strong>SEDICO<\/strong> Domenica 17 settembre a Landris di Sedico alle 17 presso Corte Ferrante di Vialla Miari Bentivoglio il concerto dell&#8217;Ensamble Il Fischio con Paola Brunello voce recitante<\/p>\n<p>&nbsp;<\/p>\n<blockquote>\n<h3>DOMENICA ESCURSIONE CON IL CAI DI BELLUNO<\/h3>\n<\/blockquote>\n<p><strong>BELLUNO<\/strong> La Commissione Escursionismo della Sezione di Belluno del Club Alpino Italiano organizza per domenica 17 settembre 2023 una <span style=\"color: #000000;\">interessante <\/span>escursione <span style=\"color: #000000;\">che sale una vetta di confine di grande importanza storica per gli avvenimenti accaduti nella Prima Guerra Mondiale. <\/span><\/p>\n<p>&nbsp;<\/p>\n<blockquote>\n<h3>UN CONCERTO PER CASA TUA DUE<\/h3>\n<\/blockquote>\n<p><strong>BELLUNO<\/strong> Kyoko Takezawa &amp; Friends \u00e8 il titolo del concerto che chiuder\u00e0 la Settimana Musicale di Belluno 2023. Un quintetto di grande prestigio al Teatro Comunale di Belluno domenica alle 18.<\/p>\n<p>&nbsp;<\/p>\n<blockquote>\n<h3>RIPARTONO I CORSI DI ADA<\/h3>\n<\/blockquote>\n<p><strong>AGORDO<\/strong> A partire dal 25 settembre ripartono i corsi dell&#8217;Associazione Danza Agordina. Le iscrizioni alla sede dei corsi presso la palestra delle scuole elementari di Agordo nei giorni 15-18-19 settembre dalle 17 alle 19. Per informazioni 348 8062103 oppure ada.agordo@libero.it<\/p>\n<p>&nbsp;<\/p>\n<h2><span style=\"color: #ff0000;\">PROSSIMAMENTE&#8230;<\/span><\/h2>\n<blockquote>\n<h3>DON LUIGI CIOTTI A LONGARONE<\/h3>\n<\/blockquote>\n<p><strong>LONGARONE<\/strong> Don Luigi Ciotti sar\u00e0 a breve nuovamente nella nostra provincia! L&#8217;evento, dedicato al sessantesimo anniversario del Vajont si svolger\u00e0 a Longarone nella mattinata del 19 settembre alle 10.30 in un luogo carico di significato ovvero il cimitero delle vittime di Fortogna. Sar\u00e0 presente anche il Vescovo della Diocesi di Belluno -Feltre Renato Marangoni &#8211; evento inserito nel calendario ufficiale del 60\u00b0 anniversario del Vajont.<\/p>\n<p>&nbsp;<\/p>\n<hr \/>\n<p>&nbsp;<\/p>\n<blockquote>\n<h3>VOCI RIBELLI SENZA FILTRI E I LIBRI DI LIANA<\/h3>\n<\/blockquote>\n<p><strong><img loading=\"lazy\" decoding=\"async\" class=\"alignleft\" src=\"https:\/\/www.radiopiu.net\/wordpress\/wp-content\/uploads\/2023\/09\/34f4cfc6-e863-46e9-9695-8df44be63421-300x300.jpg\" width=\"167\" height=\"167\" \/>REDAZIONE<\/strong> La stagione tardo estiva&#8230; quasi autunnale porta le prima novit\u00e0 alla Radio. Con Martina e Luisa sono ripresi i programmi della sera,\u00a0 gioved\u00ec scorso il primo appuntamento con<strong> &#8220;intanto me la canto&#8221;<\/strong>. A breve il ritorno dei mercoledi di sera e la musica country con Alex mentre Moreno, Siro e Jessica gi\u00e0 lavorano sul prossimo Walking aroun the music, tutt&#8217;un&#8217;altra domenica.<\/p>\n<p><strong>LA PROSSIMA SETTIMANA<\/strong><\/p>\n<p>martedi e giovedi\u00a0 il ritorno del Country alla radio con Alex Nascinben alle 9 del mattino, replica il mercoledi e venerdi alle 20.30<\/p>\n<p>prende il via su RADIO PIU Liber, la nuova rubrica di Radio Pi\u00f9 perch\u00e9 \u00e8 veramente<br \/>\n&#8220;libero&#8221; chi si perde in un &#8220;libro&#8221;.<strong> Da mercoled\u00ec 13 settembre alle 9.00<\/strong> sulle frequenze di Radio Pi\u00f9, Liber per farci rapire dai libri con Liana.<\/p>\n<p><strong>LIANA CAVALLET<\/strong><\/p>\n<audio class=\"wp-audio-shortcode\" id=\"audio-352009-9\" preload=\"none\" style=\"width: 100%;\" controls=\"controls\"><source type=\"audio\/mpeg\" src=\"https:\/\/www.radiopiu.net\/wordpress\/wp-content\/uploads\/2023\/09\/INTRODUZIONE.mp3?_=9\" \/><a href=\"https:\/\/www.radiopiu.net\/wordpress\/wp-content\/uploads\/2023\/09\/INTRODUZIONE.mp3\">https:\/\/www.radiopiu.net\/wordpress\/wp-content\/uploads\/2023\/09\/INTRODUZIONE.mp3<\/a><\/audio>\n<p>e sempre da\u00a0 MARTEDI 12 settembre&#8230; VOCI RIBELLI PER RAGAZZI AUDACI, alle 10.30 e 1900 con Alessia, Francesca, Lorenzo&#8230; In collaborazione con l&#8217;associazione DAFNE<\/p>\n<p><strong>LORENZO<\/strong><\/p>\n<audio class=\"wp-audio-shortcode\" id=\"audio-352009-10\" preload=\"none\" style=\"width: 100%;\" controls=\"controls\"><source type=\"audio\/wav\" src=\"https:\/\/www.radiopiu.net\/wordpress\/wp-content\/uploads\/2023\/09\/presentazione-lorenzo.wav?_=10\" \/><a href=\"https:\/\/www.radiopiu.net\/wordpress\/wp-content\/uploads\/2023\/09\/presentazione-lorenzo.wav\">https:\/\/www.radiopiu.net\/wordpress\/wp-content\/uploads\/2023\/09\/presentazione-lorenzo.wav<\/a><\/audio>\n<p><strong>ALESSIA<\/strong><\/p>\n<audio class=\"wp-audio-shortcode\" id=\"audio-352009-11\" preload=\"none\" style=\"width: 100%;\" controls=\"controls\"><source type=\"audio\/wav\" src=\"https:\/\/www.radiopiu.net\/wordpress\/wp-content\/uploads\/2023\/09\/alessia-voci-ribelli.wav?_=11\" \/><a href=\"https:\/\/www.radiopiu.net\/wordpress\/wp-content\/uploads\/2023\/09\/alessia-voci-ribelli.wav\">https:\/\/www.radiopiu.net\/wordpress\/wp-content\/uploads\/2023\/09\/alessia-voci-ribelli.wav<\/a><\/audio>\n<p><strong>FRANCESCA\u00a0<\/strong><\/p>\n<audio class=\"wp-audio-shortcode\" id=\"audio-352009-12\" preload=\"none\" style=\"width: 100%;\" controls=\"controls\"><source type=\"audio\/wav\" src=\"https:\/\/www.radiopiu.net\/wordpress\/wp-content\/uploads\/2023\/09\/questo-podcast-nasce.wav?_=12\" \/><a href=\"https:\/\/www.radiopiu.net\/wordpress\/wp-content\/uploads\/2023\/09\/questo-podcast-nasce.wav\">https:\/\/www.radiopiu.net\/wordpress\/wp-content\/uploads\/2023\/09\/questo-podcast-nasce.wav<\/a><\/audio>\n<p>&nbsp;<\/p>\n<p>Da questa settimana sono riprese le rubriche: Cisl la voce per i lavoratori (il mercoledi alle 10.15 e alle 18.10); spi cgil con Maria Rita Gentilin (ogni 15 giorni il giovedi alle 10.30 e 19), Solidariet\u00e0 Vento Fondo Pensione con il dottor Paolo Stefan (primo venerdi del mese alle 10.30 e 19)<\/p>\n<p><strong>DA MERCOLEDI\u00a0 ALLE 10.30\u00a0 IL RITORNO DELLA PROF. MARIA ROSA SALMAZO &#8220;SE NON LA SMETTI TI MANDO DAL PRESIDE&#8221;, DOMENICA REPLICA ALLE 8<\/strong><\/p>\n<p>&nbsp;<\/p>\n<p>&nbsp;<\/p>\n<hr \/>\n<p>&nbsp;<\/p>\n<blockquote class=\"wp-embedded-content\" data-secret=\"JYIRQkCLF8\"><p><a href=\"https:\/\/www.radiopiu.net\/wordpress\/il-ritrovamento-della-pietra-tombale-di-beata-vaza\/\">IL RITROVAMENTO DELLA PIETRA TOMBALE  DI \u201cBEATA VAZA\u201c<\/a><\/p><\/blockquote>\n<p><iframe loading=\"lazy\" class=\"wp-embedded-content\" sandbox=\"allow-scripts\" security=\"restricted\" style=\"position: absolute; clip: rect(1px, 1px, 1px, 1px);\" title=\"&#8220;IL RITROVAMENTO DELLA PIETRA TOMBALE  DI \u201cBEATA VAZA\u201c&#8221; &#8212; Radio Pi\u00f9\" src=\"https:\/\/www.radiopiu.net\/wordpress\/il-ritrovamento-della-pietra-tombale-di-beata-vaza\/embed\/#?secret=295ztmPeB5#?secret=JYIRQkCLF8\" data-secret=\"JYIRQkCLF8\" width=\"600\" height=\"338\" frameborder=\"0\" marginwidth=\"0\" marginheight=\"0\" scrolling=\"no\"><\/iframe><\/p>\n<p>&nbsp;<\/p>\n<hr \/>\n<p>&nbsp;<\/p>\n<blockquote class=\"wp-embedded-content\" data-secret=\"ktTNLzreGd\"><p><a href=\"https:\/\/www.radiopiu.net\/wordpress\/sui-domini-collettivi-ossia-i-cosiddetti-usi-civici-le-regole-altri-nona-parte\/\">SUI DOMINI COLLETTIVI OSSIA I COSIDDETTI USI CIVICI, LE REGOLE &#038; ALTRI \u2013 NONA  PARTE<\/a><\/p><\/blockquote>\n<p><iframe loading=\"lazy\" class=\"wp-embedded-content\" sandbox=\"allow-scripts\" security=\"restricted\" style=\"position: absolute; clip: rect(1px, 1px, 1px, 1px);\" title=\"&#8220;SUI DOMINI COLLETTIVI OSSIA I COSIDDETTI USI CIVICI, LE REGOLE &#038; ALTRI \u2013 NONA  PARTE&#8221; &#8212; Radio Pi\u00f9\" src=\"https:\/\/www.radiopiu.net\/wordpress\/sui-domini-collettivi-ossia-i-cosiddetti-usi-civici-le-regole-altri-nona-parte\/embed\/#?secret=btjCE4RA9E#?secret=ktTNLzreGd\" data-secret=\"ktTNLzreGd\" width=\"600\" height=\"338\" frameborder=\"0\" marginwidth=\"0\" marginheight=\"0\" scrolling=\"no\"><\/iframe><\/p>\n<p>&nbsp;<\/p>\n<hr \/>\n<p>&nbsp;<\/p>\n<h2><strong><a class=\"dt-pswp-item\" href=\"https:\/\/www.radiopiu.net\/wordpress\/wp-content\/uploads\/2021\/09\/scuola-ricomincia.jpeg\" data-dt-img-description=\"\" data-large_image_width=\"626\" data-large_image_height=\"417\"><img loading=\"lazy\" decoding=\"async\" class=\" wp-image-231886 alignleft\" src=\"https:\/\/www.radiopiu.net\/wordpress\/wp-content\/uploads\/2021\/09\/scuola-ricomincia-300x200.jpeg\" alt=\"\" width=\"198\" height=\"132\" srcset=\"https:\/\/www.radiopiu.net\/wordpress\/wp-content\/uploads\/2021\/09\/scuola-ricomincia-300x200.jpeg 300w, https:\/\/www.radiopiu.net\/wordpress\/wp-content\/uploads\/2021\/09\/scuola-ricomincia.jpeg 626w\" sizes=\"auto, (max-width: 198px) 100vw, 198px\" \/><\/a><\/strong><span style=\"color: #0000ff;\">LA RASSEGNA STAMPA DA L&#8217;AMICO DEL POPOLO<\/span><\/h2>\n<p><strong>DI GIANNI SANTOMASO<\/strong><\/p>\n<p>OSPITE: Liana Cavallet<\/p>\n<audio class=\"wp-audio-shortcode\" id=\"audio-352009-13\" preload=\"none\" style=\"width: 100%;\" controls=\"controls\"><source type=\"audio\/mpeg\" src=\"https:\/\/www.radiopiu.net\/wordpress\/wp-content\/uploads\/2023\/09\/RASSEGNA-GIANNI-2.mp3?_=13\" \/><a href=\"https:\/\/www.radiopiu.net\/wordpress\/wp-content\/uploads\/2023\/09\/RASSEGNA-GIANNI-2.mp3\">https:\/\/www.radiopiu.net\/wordpress\/wp-content\/uploads\/2023\/09\/RASSEGNA-GIANNI-2.mp3<\/a><\/audio>\n<p>&nbsp;<\/p>\n<hr \/>\n<p>&nbsp;<\/p>\n<div class=\"message spoilers-container\" dir=\"auto\">\n<div class=\"column\">\n<div class=\"message spoilers-container\" dir=\"auto\">\n<div class=\"column\">\n<p><img loading=\"lazy\" decoding=\"async\" class=\"aligncenter wp-image-61954 size-full\" src=\"https:\/\/www.radiopiu.net\/wordpress\/wp-content\/uploads\/2018\/09\/viabilita.jpeg\" sizes=\"auto, (max-width: 800px) 100vw, 800px\" srcset=\"https:\/\/www.radiopiu.net\/wordpress\/wp-content\/uploads\/2018\/09\/viabilita.jpeg 800w, https:\/\/www.radiopiu.net\/wordpress\/wp-content\/uploads\/2018\/09\/viabilita-300x38.jpeg 300w, https:\/\/www.radiopiu.net\/wordpress\/wp-content\/uploads\/2018\/09\/viabilita-768x96.jpeg 768w\" alt=\"\" width=\"800\" height=\"100\" \/><\/p>\n<\/div>\n<\/div>\n<div class=\"message spoilers-container\" dir=\"auto\">\n<div class=\"column\">\n<p>&nbsp;<\/p>\n<\/div>\n<\/div>\n<\/div>\n<\/div>\n<blockquote class=\"wp-embedded-content\" data-secret=\"aJ4N6HyWHY\"><p><a href=\"https:\/\/www.radiopiu.net\/wordpress\/viabilita\/\">viabilita<\/a><\/p><\/blockquote>\n<p><iframe loading=\"lazy\" class=\"wp-embedded-content\" sandbox=\"allow-scripts\" security=\"restricted\" style=\"position: absolute; clip: rect(1px, 1px, 1px, 1px);\" title=\"&#8220;viabilita&#8221; &#8212; Radio Pi\u00f9\" src=\"https:\/\/www.radiopiu.net\/wordpress\/viabilita\/embed\/#?secret=S9WlYAPVQ6#?secret=aJ4N6HyWHY\" data-secret=\"aJ4N6HyWHY\" width=\"600\" height=\"338\" frameborder=\"0\" marginwidth=\"0\" marginheight=\"0\" scrolling=\"no\"><\/iframe><\/p>\n<div class=\"message spoilers-container\" dir=\"auto\">\n<div class=\"column\">\n<div class=\"message spoilers-container\" dir=\"auto\">\n<div class=\"column\">\n<div>\n<div dir=\"ltr\">\n<div class=\"gmail_quote\">\n<div dir=\"ltr\">\n<div><\/div>\n<div><\/div>\n<div><\/div>\n<\/div>\n<\/div>\n<\/div>\n<\/div>\n<hr \/>\n<p>&nbsp;<\/p>\n<p><a class=\"dt-pswp-item\" href=\"https:\/\/www.radiopiu.net\/wordpress\/wp-content\/uploads\/2018\/09\/WhatsApp-Image-2018-09-20-at-16.04.06.jpeg\" data-dt-img-description=\"\" data-large_image_width=\"800\" data-large_image_height=\"100\"><img loading=\"lazy\" decoding=\"async\" class=\"wp-image-61378 size-full aligncenter\" src=\"https:\/\/www.radiopiu.net\/wordpress\/wp-content\/uploads\/2018\/09\/WhatsApp-Image-2018-09-20-at-16.04.06.jpeg\" alt=\"\" width=\"800\" height=\"100\" srcset=\"https:\/\/www.radiopiu.net\/wordpress\/wp-content\/uploads\/2018\/09\/WhatsApp-Image-2018-09-20-at-16.04.06.jpeg 800w, https:\/\/www.radiopiu.net\/wordpress\/wp-content\/uploads\/2018\/09\/WhatsApp-Image-2018-09-20-at-16.04.06-300x38.jpeg 300w, https:\/\/www.radiopiu.net\/wordpress\/wp-content\/uploads\/2018\/09\/WhatsApp-Image-2018-09-20-at-16.04.06-768x96.jpeg 768w\" sizes=\"auto, (max-width: 800px) 100vw, 800px\" \/><\/a><\/p>\n<\/div>\n<\/div>\n<p>&nbsp;<\/p>\n<\/div>\n<\/div>\n<p>&nbsp;<\/p>\n<p style=\"text-align: center;\"><b>OGGI<\/b><\/p>\n<p>Tempo ancora perlopi\u00f9 stabile, ma a differenza dei giorni precedenti il sole sar\u00e0 in parte mascherato da nubi alte, piuttosto sottili al mattino, con tendenza a infittirsi al pomeriggio\/sera per sopraggiungere di nubi medio-alte stratiformi e per la formazione di qualche addensamento cumuliforme, con probabilit\u00e0 di fenomeni che rimarr\u00e0 molto bassa, seppure non del tutto esclusa al pomeriggio\/sera.<br \/>\n<strong>Precipitazioni.<\/strong>\u00a0Al mattino assenti (0%); al pomeriggio e soprattutto in serata non si potr\u00e0 escludere del tutto la possibilit\u00e0 di isolati rovesci, specie sulle Dolomiti (10\/30%).<br \/>\n<strong>Temperature.<\/strong> In lieve calo ma sempre ben superiori alla media, eccetto le minime nelle valli, che saranno stazionarie o in lieve aumento.<\/p>\n<p style=\"text-align: center;\"><b>DOMANI<\/b><\/p>\n<p>Tempo variabile\/instabile, con nuvolosit\u00e0 irregolare di tipo cumuliforme che dalle ore centrali e pomeridiane potr\u00e0 dar luogo a rovesci e temporali sparsi, pi\u00f9 probabili sulle Dolomiti e sulla provincia di Belluno.<br \/>\n<strong>Precipitazioni.<\/strong> Dal tardo mattino e nel pomeriggio\/sera aumento della probabilit\u00e0 di rovesci sparsi fino a medio-alta (50-70%) sul bellunese.<br \/>\n<strong>Temperature.<\/strong> Generale calo termico, pi\u00f9 sensibile nelle aree interessate da fenomeni di instabilit\u00e0.<\/p>\n<p style=\"text-align: center;\"><strong>GIOVEDI<\/strong><\/p>\n<p>Fino al primo mattino qualche schiarita con cielo poco o parzialmente nuvoloso; dalle ore centrali riduzione del soleggiamento per moderata attivit\u00e0 cumuliforme che potr\u00e0 produrre qualche rovescio o temporale su tutti i settori tra pomeriggio e sera. Temperature in generale calo.<\/p>\n<p style=\"text-align: center;\"><b>VENERDI<\/b><\/p>\n<p>Nuvolosit\u00e0 variabile a tratti estesa alternata a qualche schiarita. Possibili piovaschi\/rovesci sparsi specie tra le ore centrali e nel pomeriggio, seppur meno probabili rispetto a gioved\u00ec. Temperature senza notevoli variazioni o in lieve aumento le massime.<\/p>\n<p>&nbsp;<\/p>\n<div class=\"message spoilers-container\" dir=\"auto\">\n<hr \/>\n<p>&nbsp;<\/p>\n<p><img loading=\"lazy\" decoding=\"async\" class=\"wp-image-60761 size-full aligncenter\" src=\"https:\/\/www.radiopiu.net\/wordpress\/wp-content\/uploads\/2018\/09\/sport.jpg\" alt=\"\" width=\"800\" height=\"100\" srcset=\"https:\/\/www.radiopiu.net\/wordpress\/wp-content\/uploads\/2018\/09\/sport.jpg 800w, https:\/\/www.radiopiu.net\/wordpress\/wp-content\/uploads\/2018\/09\/sport-300x38.jpg 300w, https:\/\/www.radiopiu.net\/wordpress\/wp-content\/uploads\/2018\/09\/sport-768x96.jpg 768w\" sizes=\"auto, (max-width: 800px) 100vw, 800px\" \/><\/p>\n<p>&nbsp;<\/p>\n<p><span style=\"color: #0000ff;\"><strong>HOCKEY SU GHIACCIO<\/strong><\/span><\/p>\n<blockquote>\n<h3>L\u2019AMORE E LA PASSIONE DI UN TIFOSO BIANCOROSSO LONTANO<\/h3>\n<\/blockquote>\n<p><strong><a class=\"dt-pswp-item\" href=\"https:\/\/www.radiopiu.net\/wordpress\/wp-content\/uploads\/2023\/09\/alleghe-logo-2023.jpg\" data-dt-img-description=\"\" data-large_image_width=\"1024\" data-large_image_height=\"576\"><img loading=\"lazy\" decoding=\"async\" class=\" wp-image-352035 alignleft\" src=\"https:\/\/www.radiopiu.net\/wordpress\/wp-content\/uploads\/2023\/09\/alleghe-logo-2023-300x169.jpg\" alt=\"\" width=\"213\" height=\"120\" srcset=\"https:\/\/www.radiopiu.net\/wordpress\/wp-content\/uploads\/2023\/09\/alleghe-logo-2023-300x169.jpg 300w, https:\/\/www.radiopiu.net\/wordpress\/wp-content\/uploads\/2023\/09\/alleghe-logo-2023-768x432.jpg 768w, https:\/\/www.radiopiu.net\/wordpress\/wp-content\/uploads\/2023\/09\/alleghe-logo-2023.jpg 1024w\" sizes=\"auto, (max-width: 213px) 100vw, 213px\" \/><\/a>di Roberto Miana, portavoce dell&#8217;Alleghe Hockey<\/strong><\/p>\n<p>\u00c8 partita la campagna abbonamenti delle Civette e dopo un mercato a dir poco scoppiettante, ci si aspetta ora che anche i tifosi e gli appassionati facciano la loro parte, rispondendo presente al grande impegno dimostrato dalla dirigenza di via Lungolago nell\u2019allestire una squadra competitiva, magari riempiendo le gradinate del \u201cDe Toni\u201d come un tempo. Un bellissimo segnale lo ha mandato il signor Patrizio, un tifoso per cos\u00ec dire \u201clontano\u201d, che si \u00e8 appassionato ai nostri colori negli anni \u201cruggenti\u201d della serie A, ed ora vuole far comunque sentire la sua vicinanza alle Civette. Questo il messaggio che ci ha scritto: \u201cBuongiorno, vorrei fare l&#8217;abbonamento visto lo sforzo che state facendo nell&#8217;allestire la squadra. Purtroppo non potr\u00f2 essere presente a nessuna partita, perch\u00e9 sono di Cossato, un paese in provincia di Biella, ma questo non importa, ci tengo lo stesso a darvi il mio supporto e contributo\u201d. Parole che sono una bellissima dimostrazione d\u2019affetto e come ha sottolineato il presidente Adriano Levis: \u201cfanno un gran bene allo spirito e al morale di tutti noi, impegnati con grandi sforzi ad onorare al meglio il 90\u00b0 anniversario dell\u2019Alleghe Hockey\u201d<\/p>\n<p><strong>DOMENICA LA PRESENTAZIONE UFFICIALE DELL&#8217;ALLEGHE HOCKEY<\/strong><\/p>\n<a href=\"https:\/\/www.radiopiu.net\/wordpress\/wp-content\/uploads\/2023\/09\/Copia-di-ALLEGHE-locandina-presentazione-2022.pdf\" class=\"pdfemb-viewer\" style=\"\" data-width=\"max\" data-height=\"max\" data-toolbar=\"top\" data-toolbar-fixed=\"on\">Copia di ALLEGHE locandina presentazione 2022<\/a>\n<\/div>\n<p>&nbsp;<\/p>\n<p>&nbsp;<\/p>\n<div class=\"message spoilers-container\" dir=\"auto\">\n<p><strong>16 comuni a Canale d&#8217;Agordo&#8230; orgogliosi delle &#8220;nostre&#8221; donne&#8230;. ad iniziare dalle 4 consigliere comunali di Cencenighe&#8230; mancherebbe solo il sindaco Mauro Soppelsa, ma ci dicono che presto le quattro inzieranno ad allenarlo per vederlo in gara il prossimo anno a La Valle&#8230; possibilmente con i 16 sindaci agordini&#8230;.<\/strong><\/p>\n<\/div>\n<p>&nbsp;<\/p>\n<p><a class=\"dt-pswp-item\" href=\"https:\/\/www.radiopiu.net\/wordpress\/wp-content\/uploads\/2023\/09\/376858188_10231971003444774_1243821535106413572_n.jpg\" data-dt-img-description=\"\" data-large_image_width=\"526\" data-large_image_height=\"701\"><img loading=\"lazy\" decoding=\"async\" class=\"size-medium wp-image-352115 aligncenter\" src=\"https:\/\/www.radiopiu.net\/wordpress\/wp-content\/uploads\/2023\/09\/376858188_10231971003444774_1243821535106413572_n-225x300.jpg\" alt=\"\" width=\"225\" height=\"300\" srcset=\"https:\/\/www.radiopiu.net\/wordpress\/wp-content\/uploads\/2023\/09\/376858188_10231971003444774_1243821535106413572_n-225x300.jpg 225w, https:\/\/www.radiopiu.net\/wordpress\/wp-content\/uploads\/2023\/09\/376858188_10231971003444774_1243821535106413572_n.jpg 526w\" sizes=\"auto, (max-width: 225px) 100vw, 225px\" \/><\/a><\/p>\n<p>&nbsp;<\/p>\n<p>&nbsp;<\/p>\n<p>&nbsp;<\/p>\n<p>&nbsp;<\/p>\n<p>&nbsp;<\/p>\n<p>&nbsp;<\/p>\n<p>&nbsp;<\/p>\n","protected":false},"excerpt":{"rendered":"<p>40esimo di RADIOPIU\u2026. LA VOCE DELL\u2019EMOZIONE ISCRIVITI AL NOSTRO CANALE\u00a0\u00a0YOUTUBE PER SEGUIRE IN DIRETTA I PRINCIPALI PROGRAMMI DI RADIO PIU\u2019 E LE FUTURE DIRETTE IN ESTERNA. PER ISCRIVERTI\u00a0CLICCA QUI\u00a0E PREMI\u00a0 \u201cIscriviti\u201d &nbsp; &nbsp; &nbsp; TRANSUMANZA A TAIBON san Cipriano &#8211; RADIOPIU&#8217; foto Giorgio Fontanive\u00a0 \u00a0 INTERRUZIONI LUNGO LA REGIONALE 203 AGORDINA TRA MAS DI SEDICO&hellip;<\/p>\n","protected":false},"author":4,"featured_media":352077,"comment_status":"closed","ping_status":"closed","sticky":false,"template":"","format":"standard","meta":{"_monsterinsights_skip_tracking":false,"_monsterinsights_sitenote_active":false,"_monsterinsights_sitenote_note":"","_monsterinsights_sitenote_category":0,"footnotes":""},"categories":[51,86,49],"tags":[],"class_list":["post-352009","post","type-post","status-publish","format-standard","has-post-thumbnail","hentry","category-evidenza-top","category-gr","category-news-18","category-51","category-86","category-49","description-off"],"img_url":"https:\/\/www.radiopiu.net\/wordpress\/wp-content\/uploads\/2023\/09\/TRANSUMANZA-11-SETTEMBRE-1-scaled.jpg","_links":{"self":[{"href":"https:\/\/www.radiopiu.net\/wordpress\/wp-json\/wp\/v2\/posts\/352009","targetHints":{"allow":["GET"]}}],"collection":[{"href":"https:\/\/www.radiopiu.net\/wordpress\/wp-json\/wp\/v2\/posts"}],"about":[{"href":"https:\/\/www.radiopiu.net\/wordpress\/wp-json\/wp\/v2\/types\/post"}],"author":[{"embeddable":true,"href":"https:\/\/www.radiopiu.net\/wordpress\/wp-json\/wp\/v2\/users\/4"}],"replies":[{"embeddable":true,"href":"https:\/\/www.radiopiu.net\/wordpress\/wp-json\/wp\/v2\/comments?post=352009"}],"version-history":[{"count":0,"href":"https:\/\/www.radiopiu.net\/wordpress\/wp-json\/wp\/v2\/posts\/352009\/revisions"}],"wp:featuredmedia":[{"embeddable":true,"href":"https:\/\/www.radiopiu.net\/wordpress\/wp-json\/wp\/v2\/media\/352077"}],"wp:attachment":[{"href":"https:\/\/www.radiopiu.net\/wordpress\/wp-json\/wp\/v2\/media?parent=352009"}],"wp:term":[{"taxonomy":"category","embeddable":true,"href":"https:\/\/www.radiopiu.net\/wordpress\/wp-json\/wp\/v2\/categories?post=352009"},{"taxonomy":"post_tag","embeddable":true,"href":"https:\/\/www.radiopiu.net\/wordpress\/wp-json\/wp\/v2\/tags?post=352009"}],"curies":[{"name":"wp","href":"https:\/\/api.w.org\/{rel}","templated":true}]}}