{"id":352030,"date":"2023-09-12T05:26:39","date_gmt":"2023-09-12T03:26:39","guid":{"rendered":"https:\/\/www.radiopiu.net\/wordpress\/?p=352030"},"modified":"2023-09-12T05:49:56","modified_gmt":"2023-09-12T03:49:56","slug":"ncontonse-in-ladino-su-radio-piu-11-settembre-2023","status":"publish","type":"post","link":"https:\/\/www.radiopiu.net\/wordpress\/ncontonse-in-ladino-su-radio-piu-11-settembre-2023\/","title":{"rendered":"&#8220;NCONTONSE&#8221; IN LADINO SU RADIO PI\u00d9 &#8211; 11 settembre 2023"},"content":{"rendered":"<div class=\"flex-1 overflow-hidden\">\n<div class=\"react-scroll-to-bottom--css-cdxng-79elbk h-full dark:bg-gray-800\">\n<div class=\"react-scroll-to-bottom--css-cdxng-1n7m0yu\">\n<div class=\"flex flex-col items-center text-sm dark:bg-gray-800\">\n<div class=\"group w-full text-gray-800 dark:text-gray-100 border-b border-black\/10 dark:border-gray-900\/50 bg-gray-50 dark:bg-[#444654]\">\n<div class=\"flex p-4 gap-4 text-base md:gap-6 md:max-w-2xl lg:max-w-xl xl:max-w-3xl md:py-6 lg:px-0 m-auto\">\n<div class=\"relative flex flex-col w-[calc(100%-50px)] gap-1 md:gap-3 lg:w-[calc(100%-115px)]\">\n<div class=\"flex flex-grow flex-col gap-3\">\n<div class=\"min-h-[20px] flex flex-col items-start gap-4 whitespace-pre-wrap break-words\">\n<div class=\"markdown prose w-full break-words dark:prose-invert light\">\n<p><strong><a class=\"dt-pswp-item\" href=\"https:\/\/www.radiopiu.net\/wordpress\/wp-content\/uploads\/2023\/05\/linda-podcast.png\" data-dt-img-description=\"\" data-large_image_width=\"2000\" data-large_image_height=\"2000\"><img loading=\"lazy\" decoding=\"async\" class=\" wp-image-334514 alignleft\" src=\"https:\/\/www.radiopiu.net\/wordpress\/wp-content\/uploads\/2023\/05\/linda-podcast-300x300.png\" alt=\"\" width=\"207\" height=\"207\" srcset=\"https:\/\/www.radiopiu.net\/wordpress\/wp-content\/uploads\/2023\/05\/linda-podcast-300x300.png 300w, https:\/\/www.radiopiu.net\/wordpress\/wp-content\/uploads\/2023\/05\/linda-podcast-1024x1024.png 1024w, https:\/\/www.radiopiu.net\/wordpress\/wp-content\/uploads\/2023\/05\/linda-podcast-150x150.png 150w, https:\/\/www.radiopiu.net\/wordpress\/wp-content\/uploads\/2023\/05\/linda-podcast-768x768.png 768w, https:\/\/www.radiopiu.net\/wordpress\/wp-content\/uploads\/2023\/05\/linda-podcast-1536x1536.png 1536w, https:\/\/www.radiopiu.net\/wordpress\/wp-content\/uploads\/2023\/05\/linda-podcast.png 2000w\" sizes=\"auto, (max-width: 207px) 100vw, 207px\" \/><\/a><\/strong><\/p>\n<blockquote><p><em>Tutto questo \u00e8 possibile grazie alla preziosa collaborazione instaurata nel tempo con l&#8217;Istitut Ladin Cesa de Jan che produrr\u00e0 i programmi.<\/em><\/p><\/blockquote>\n<p><strong>REDAZIONE\u00a0 <\/strong>Torna uno dei programmi pi\u00f9 amati della radio locale, <strong>&#8220;ncontonse&#8221;<\/strong>, ovvero incontriamoci. Dopo aver utilizzato per diverse stagioni l&#8217;almanacco ladino, la trasmissione ritorna con una formula ancora pi\u00f9 personale e informale. Le chiacchierate si svolgono completamente in lingua ladina, per valorizzare e preservare questa lingua storica delle nostre valli. Protagonisti delle conversazioni sono le persone che abitano in queste zone e che condividono le loro storie e le loro esperienze di vita con gli ascoltatori. Il programma va in onda quattro volte alla settimana: il luned\u00ec alle 8:30, il marted\u00ec alle 12:25, il mercoled\u00ec alle 18:25 e la domenica alle 9. Un appuntamento imperdibile per chi vuole conoscere meglio la cultura e la vita delle genti ladine, tramandata da generazioni. La trasmissione \u00e8 accolta con grande entusiasmo dagli ascoltatori, che\u00a0 apprezzano il ritorno alla formula originale del programma. La radio locale si conferma ancora una volta un punto di riferimento per la promozione e la valorizzazione della cultura e della lingua ladina<\/p>\n<p>&nbsp;<\/p>\n<p><strong>PUNTATA 17 GIULIA TASSER prima parte<\/strong><\/p>\n<audio class=\"wp-audio-shortcode\" id=\"audio-352030-1\" preload=\"none\" style=\"width: 100%;\" controls=\"controls\"><source type=\"audio\/mpeg\" src=\"https:\/\/www.radiopiu.net\/wordpress\/wp-content\/uploads\/2023\/09\/10.NCONTONSE_Giulia-Tasser_1.pert_-1.mp3?_=1\" \/><a href=\"https:\/\/www.radiopiu.net\/wordpress\/wp-content\/uploads\/2023\/09\/10.NCONTONSE_Giulia-Tasser_1.pert_-1.mp3\">https:\/\/www.radiopiu.net\/wordpress\/wp-content\/uploads\/2023\/09\/10.NCONTONSE_Giulia-Tasser_1.pert_-1.mp3<\/a><\/audio>\n<p>&nbsp;<\/p>\n<p><strong>LA RACCOLTA COMPLETA<\/strong><\/p>\n<blockquote class=\"wp-embedded-content\" data-secret=\"dsisK7VuJe\"><p><a href=\"https:\/\/www.radiopiu.net\/wordpress\/lad08aaaa\/\">&#8220;NCONTONSE&#8221; IN LADINO SU RADIO PI\u00d9<\/a><\/p><\/blockquote>\n<p><iframe loading=\"lazy\" class=\"wp-embedded-content\" sandbox=\"allow-scripts\" security=\"restricted\" style=\"position: absolute; clip: rect(1px, 1px, 1px, 1px);\" title=\"&#8220;&#8220;NCONTONSE&#8221; IN LADINO SU RADIO PI\u00d9&#8221; &#8212; Radio Pi\u00f9\" src=\"https:\/\/www.radiopiu.net\/wordpress\/lad08aaaa\/embed\/#?secret=uJtgr5dQxB#?secret=dsisK7VuJe\" data-secret=\"dsisK7VuJe\" width=\"600\" height=\"338\" frameborder=\"0\" marginwidth=\"0\" marginheight=\"0\" scrolling=\"no\"><\/iframe><\/p>\n<p>&nbsp;<\/p>\n<p>&nbsp;<\/p>\n<p>********<\/p>\n<\/div>\n<\/div>\n<\/div>\n<\/div>\n<\/div>\n<\/div>\n<\/div>\n<\/div>\n<\/div>\n<\/div>\n","protected":false},"excerpt":{"rendered":"<p>Tutto questo \u00e8 possibile grazie alla preziosa collaborazione instaurata nel tempo con l&#8217;Istitut Ladin Cesa de Jan che produrr\u00e0 i programmi. REDAZIONE\u00a0 Torna uno dei programmi pi\u00f9 amati della radio locale, &#8220;ncontonse&#8221;, ovvero incontriamoci. Dopo aver utilizzato per diverse stagioni l&#8217;almanacco ladino, la trasmissione ritorna con una formula ancora pi\u00f9 personale e informale. Le chiacchierate&hellip;<\/p>\n","protected":false},"author":4,"featured_media":334514,"comment_status":"closed","ping_status":"closed","sticky":false,"template":"","format":"standard","meta":{"_monsterinsights_skip_tracking":false,"_monsterinsights_sitenote_active":false,"_monsterinsights_sitenote_note":"","_monsterinsights_sitenote_category":0,"footnotes":""},"categories":[104,49],"tags":[],"class_list":["post-352030","post","type-post","status-publish","format-standard","has-post-thumbnail","hentry","category-evidenza_3","category-news-18","category-104","category-49","description-off"],"img_url":"https:\/\/www.radiopiu.net\/wordpress\/wp-content\/uploads\/2023\/05\/linda-podcast.png","_links":{"self":[{"href":"https:\/\/www.radiopiu.net\/wordpress\/wp-json\/wp\/v2\/posts\/352030","targetHints":{"allow":["GET"]}}],"collection":[{"href":"https:\/\/www.radiopiu.net\/wordpress\/wp-json\/wp\/v2\/posts"}],"about":[{"href":"https:\/\/www.radiopiu.net\/wordpress\/wp-json\/wp\/v2\/types\/post"}],"author":[{"embeddable":true,"href":"https:\/\/www.radiopiu.net\/wordpress\/wp-json\/wp\/v2\/users\/4"}],"replies":[{"embeddable":true,"href":"https:\/\/www.radiopiu.net\/wordpress\/wp-json\/wp\/v2\/comments?post=352030"}],"version-history":[{"count":0,"href":"https:\/\/www.radiopiu.net\/wordpress\/wp-json\/wp\/v2\/posts\/352030\/revisions"}],"wp:featuredmedia":[{"embeddable":true,"href":"https:\/\/www.radiopiu.net\/wordpress\/wp-json\/wp\/v2\/media\/334514"}],"wp:attachment":[{"href":"https:\/\/www.radiopiu.net\/wordpress\/wp-json\/wp\/v2\/media?parent=352030"}],"wp:term":[{"taxonomy":"category","embeddable":true,"href":"https:\/\/www.radiopiu.net\/wordpress\/wp-json\/wp\/v2\/categories?post=352030"},{"taxonomy":"post_tag","embeddable":true,"href":"https:\/\/www.radiopiu.net\/wordpress\/wp-json\/wp\/v2\/tags?post=352030"}],"curies":[{"name":"wp","href":"https:\/\/api.w.org\/{rel}","templated":true}]}}