{"id":352121,"date":"2023-09-13T05:27:02","date_gmt":"2023-09-13T03:27:02","guid":{"rendered":"https:\/\/www.radiopiu.net\/wordpress\/?p=352121"},"modified":"2023-09-13T07:11:02","modified_gmt":"2023-09-13T05:11:02","slug":"se-sono-ancora-vivo-lo-devo-alla-catena-dei-soccorsi","status":"publish","type":"post","link":"https:\/\/www.radiopiu.net\/wordpress\/se-sono-ancora-vivo-lo-devo-alla-catena-dei-soccorsi\/","title":{"rendered":"&#8220;SE SONO ANCORA VIVO&#8230;LO DEVO ALLA CATENA DEI SOCCORSI&#8221;."},"content":{"rendered":"<p><strong><img loading=\"lazy\" decoding=\"async\" class=\"alignleft\" src=\"https:\/\/www.radiopiu.net\/wordpress\/wp-content\/uploads\/2019\/05\/ELI-SUEM-SOCC-5-1.jpg\" width=\"224\" height=\"126\" \/>REDAZIONE<\/strong> Non sono nemmeno le sette del mattino quando Raffaele ci contatta in redazione. E&#8217; lui il 58enne soccorso domenica al Lagazuoi e in condizioni gravi portato all&#8217;ospedale\u00a0 San Martino di Belluno. Raffaele \u00e8 quasi commosso quando pensa a coloro che gli hanno salvato la vita. Infatti \u00e8 il suo primo pensiero oggi, dalla terapia intensiva del\u00a0 San Martino.<\/p>\n<p>&#8220;Vorrei ringraziare tutti&#8221;, ci dice e poi ci affida un messaggio che volentieri pubblichiamo con un in bocca al lupo al &#8220;ragazzone&#8221; di Rivamonte, gi\u00e0 voce di Radio Pi\u00f9 tra la fine degli anni Ottanta-Novanta, quindi forza vecchia roccia e presto rivederci in prossimit\u00e0 della chiesa di Sant&#8217;Antonio.<\/p>\n<p><span style=\"color: #ff0000;\"><a class=\"dt-pswp-item\" href=\"https:\/\/www.radiopiu.net\/wordpress\/wp-content\/uploads\/2023\/09\/raff.png\" data-dt-img-description=\"\" data-large_image_width=\"464\" data-large_image_height=\"348\"><img loading=\"lazy\" decoding=\"async\" class=\"wp-image-352148 alignright\" src=\"https:\/\/www.radiopiu.net\/wordpress\/wp-content\/uploads\/2023\/09\/raff-300x225.png\" alt=\"\" width=\"145\" height=\"109\" srcset=\"https:\/\/www.radiopiu.net\/wordpress\/wp-content\/uploads\/2023\/09\/raff-300x225.png 300w, https:\/\/www.radiopiu.net\/wordpress\/wp-content\/uploads\/2023\/09\/raff.png 464w\" sizes=\"auto, (max-width: 145px) 100vw, 145px\" \/><\/a>IL MESSAGGIO DI RAFFAELE\u00a0<\/span><\/p>\n<p>Domenica mi sono trovato protagonista di un fatto di cronaca gi\u00e0 riportato dal sito della &#8220;nostra&#8221; emittente pochi minuti dopo l&#8217;accadimento. Coperte le generalit\u00e0 dalle norme sulla privacy, il &#8220;cinquantottenne di Rivamonte&#8221;, che fu anche parte della staff di Radio Pi\u00f9 una quarantina d&#8217;anni fa, vorrebbe ora rendere merito a tutta la catena dei soccorsi dal 118, al personale Suem, fino all&#8217;equipe cardiologica che anche in un sonnacchioso pomeriggio di domenica si \u00e8 fatta trovare al pieno dell&#8217;efficienza, per ci\u00f2 che ogni giorno fanno: non un semplice lavoro, una vera e propria missione. Un grazie infinito alle sconosciute escursioniste tedesche che si sono prodigate a tenermi in coscienza ed a segnalare la posizione all&#8217;arrivo dell&#8217;elisoccorso. Grazie, infine ma non per ultima, a Marzena senza la cui presenza oggi forse non potrei essere qui a salutarvi.<br \/>\n<strong>Raffaele.<\/strong><\/p>\n<p>&nbsp;<\/p>\n<p>&nbsp;<\/p>\n<hr \/>\n<p><a class=\"dt-pswp-item\" href=\"https:\/\/www.radiopiu.net\/wordpress\/wp-content\/uploads\/2023\/09\/Senza-nome-20.png\" data-dt-img-description=\"\" data-large_image_width=\"152\" data-large_image_height=\"159\"><img loading=\"lazy\" decoding=\"async\" class=\"wp-image-352122 alignleft\" src=\"https:\/\/www.radiopiu.net\/wordpress\/wp-content\/uploads\/2023\/09\/Senza-nome-20.png\" alt=\"\" width=\"110\" height=\"115\" \/><\/a><strong>DAL LIBRO, ODIO LA RADIO<\/strong><\/p>\n<p>E LA FOTO STORICA IN REDAZIONE&#8230; quindi Raffaele, riprenditi e ci rivediamo per il prossimo brindisi ai 40 anni di RADIOPIU&#8230; da Rivamonte: in bocca al lupo.<\/p>\n<p>RAFFAELE di Rivamonte, ha trasmesso per pochi mesi a RADIO PI\u00d9 ma lo ricordo sempre molto volentieri, l\u2019ultima volta l\u2019ho visto proprio in Radio, era in occasione del 15\u00b0 compleanno, quello della festa in giardino. Gli impegni di lavoro non gli hanno permesso di coltivare la passione per la Radio<\/p>\n<p>mirko<\/p>\n<hr \/>\n<p>&nbsp;<\/p>\n<p>&nbsp;<\/p>\n<p>___<\/p>\n","protected":false},"excerpt":{"rendered":"<p>REDAZIONE Non sono nemmeno le sette del mattino quando Raffaele ci contatta in redazione. E&#8217; lui il 58enne soccorso domenica al Lagazuoi e in condizioni gravi portato all&#8217;ospedale\u00a0 San Martino di Belluno. Raffaele \u00e8 quasi commosso quando pensa a coloro che gli hanno salvato la vita. Infatti \u00e8 il suo primo pensiero oggi, dalla terapia&hellip;<\/p>\n","protected":false},"author":4,"featured_media":290403,"comment_status":"closed","ping_status":"closed","sticky":false,"template":"","format":"standard","meta":{"_monsterinsights_skip_tracking":false,"_monsterinsights_sitenote_active":false,"_monsterinsights_sitenote_note":"","_monsterinsights_sitenote_category":0,"footnotes":""},"categories":[51,49],"tags":[],"class_list":["post-352121","post","type-post","status-publish","format-standard","has-post-thumbnail","hentry","category-evidenza-top","category-news-18","category-51","category-49","description-off"],"img_url":"https:\/\/www.radiopiu.net\/wordpress\/wp-content\/uploads\/2022\/08\/salt.jpg","_links":{"self":[{"href":"https:\/\/www.radiopiu.net\/wordpress\/wp-json\/wp\/v2\/posts\/352121","targetHints":{"allow":["GET"]}}],"collection":[{"href":"https:\/\/www.radiopiu.net\/wordpress\/wp-json\/wp\/v2\/posts"}],"about":[{"href":"https:\/\/www.radiopiu.net\/wordpress\/wp-json\/wp\/v2\/types\/post"}],"author":[{"embeddable":true,"href":"https:\/\/www.radiopiu.net\/wordpress\/wp-json\/wp\/v2\/users\/4"}],"replies":[{"embeddable":true,"href":"https:\/\/www.radiopiu.net\/wordpress\/wp-json\/wp\/v2\/comments?post=352121"}],"version-history":[{"count":0,"href":"https:\/\/www.radiopiu.net\/wordpress\/wp-json\/wp\/v2\/posts\/352121\/revisions"}],"wp:featuredmedia":[{"embeddable":true,"href":"https:\/\/www.radiopiu.net\/wordpress\/wp-json\/wp\/v2\/media\/290403"}],"wp:attachment":[{"href":"https:\/\/www.radiopiu.net\/wordpress\/wp-json\/wp\/v2\/media?parent=352121"}],"wp:term":[{"taxonomy":"category","embeddable":true,"href":"https:\/\/www.radiopiu.net\/wordpress\/wp-json\/wp\/v2\/categories?post=352121"},{"taxonomy":"post_tag","embeddable":true,"href":"https:\/\/www.radiopiu.net\/wordpress\/wp-json\/wp\/v2\/tags?post=352121"}],"curies":[{"name":"wp","href":"https:\/\/api.w.org\/{rel}","templated":true}]}}