{"id":352137,"date":"2023-09-13T07:05:29","date_gmt":"2023-09-13T05:05:29","guid":{"rendered":"https:\/\/www.radiopiu.net\/wordpress\/?p=352137"},"modified":"2023-09-13T08:49:39","modified_gmt":"2023-09-13T06:49:39","slug":"giornale-radiopiu-13-settembre-2023-direttore-mirko-mezzacasada-40-anni-25-giugno-1983-25-giugno-2023","status":"publish","type":"post","link":"https:\/\/www.radiopiu.net\/wordpress\/giornale-radiopiu-13-settembre-2023-direttore-mirko-mezzacasada-40-anni-25-giugno-1983-25-giugno-2023\/","title":{"rendered":"GIORNALE RADIOPIU 13 SETTEMBRE 2023 DIRETTORE MIRKO MEZZACASA\u2026DA 40 ANNI 25 GIUGNO 1983-25 GIUGNO 2023"},"content":{"rendered":"<h1 class=\"entry-title\">40esimo di RADIOPIU\u2026. LA VOCE DELL\u2019EMOZIONE<\/h1>\n<h2><span style=\"color: #ff0000;\">ISCRIVITI AL NOSTRO CANALE\u00a0\u00a0YOUTUBE PER SEGUIRE IN DIRETTA I PRINCIPALI PROGRAMMI DI RADIO PIU\u2019 E LE FUTURE DIRETTE IN ESTERNA. PER ISCRIVERTI\u00a0<a style=\"color: #ff0000;\" href=\"https:\/\/youtube.com\/@radiopiu1527\">CLICCA QUI\u00a0<\/a>E PREMI\u00a0 \u201cIscriviti\u201d<\/span><\/h2>\n<p>&nbsp;<\/p>\n<p><a class=\"dt-pswp-item\" href=\"https:\/\/www.radiopiu.net\/wordpress\/wp-content\/uploads\/2023\/08\/sersa-ok-1.jpg\" data-dt-img-description=\"\" data-large_image_width=\"300\" data-large_image_height=\"300\"><img loading=\"lazy\" decoding=\"async\" class=\"size-full wp-image-349822 aligncenter\" src=\"https:\/\/www.radiopiu.net\/wordpress\/wp-content\/uploads\/2023\/08\/sersa-ok-1.jpg\" alt=\"\" width=\"300\" height=\"300\" srcset=\"https:\/\/www.radiopiu.net\/wordpress\/wp-content\/uploads\/2023\/08\/sersa-ok-1.jpg 300w, https:\/\/www.radiopiu.net\/wordpress\/wp-content\/uploads\/2023\/08\/sersa-ok-1-150x150.jpg 150w\" sizes=\"auto, (max-width: 300px) 100vw, 300px\" \/><\/a><\/p>\n<div class=\"blog_item_bottom\">\n<p>&nbsp;<\/p>\n<\/div>\n<p><img loading=\"lazy\" decoding=\"async\" class=\"alignleft\" src=\"https:\/\/www.radiopiu.net\/wordpress\/wp-content\/uploads\/2021\/10\/9d1e264f-0772-472e-94d9-473a8e2a9cd1.jpg\" width=\"304\" height=\"171\" \/><\/p>\n<p><strong>Sempre pi\u00f9 preoccupante la situazione con i pullman Dolomitibus&#8230; La provincia vista da fuori con riferimento ai trasporti: un disastro! E la politica? E le associazioni di categoria? E le associazioni dei consumatori?\u00a0<\/strong><\/p>\n<p>&nbsp;<\/p>\n<p><strong><em><span style=\"color: #ff0000;\">ultim&#8217;ora 6.45<\/span> <\/em><\/strong><\/p>\n<p><strong><em>&#8220;beffa dell&#8217;ultimo minuto(dopo aver speso 700 euro di abbonamento per 2 figli). Corriera che dovrebbe passare alle 6:20 a Canale d&#8217;Agordo,non ancora pervenuta. Voci di corridoio dicono che ci sia un guasto al mezzo. Dimenticavo&#8230;.non solo i dipendenti Luxottica sono &#8220;clienti importanti&#8221;\u00a0<\/em><\/strong><\/p>\n<p>&nbsp;<\/p>\n<p>&nbsp;<\/p>\n<hr \/>\n<p>&nbsp;<\/p>\n<blockquote>\n<h3>&#8220;SE SONO ANCORA VIVO&#8230;LO DEVO ALLA CATENA DEI SOCCORSI&#8221;<\/h3>\n<\/blockquote>\n<p><strong><img loading=\"lazy\" decoding=\"async\" class=\"alignleft\" src=\"https:\/\/www.radiopiu.net\/wordpress\/wp-content\/uploads\/2019\/05\/ELI-SUEM-SOCC-5-1.jpg\" width=\"224\" height=\"126\" \/>REDAZIONE<\/strong> Non sono nemmeno le sette del mattino quando Raffaele ci contatta in redazione. E&#8217; lui il 58enne soccorso domenica al Lagazuoi e in condizioni gravi portato all&#8217;ospedale\u00a0 San Martino di Belluno. Raffaele \u00e8 quasi commosso quando pensa a coloro che gli hanno salvato la vita. Infatti \u00e8 il suo primo pensiero oggi, dalla terapia intensiva del\u00a0 San Martino.<\/p>\n<p>&#8220;Vorrei ringraziare tutti&#8221;, ci dice e poi ci affida un messaggio che volentieri pubblichiamo con un in bocca al lupo al &#8220;ragazzone&#8221; di Rivamonte, gi\u00e0 voce di Radio Pi\u00f9 tra la fine degli anni Ottanta-Novanta, quindi forza vecchia roccia e presto rivederci in prossimit\u00e0 della chiesa di Sant&#8217;Antonio.<\/p>\n<p><span style=\"color: #ff0000;\"><a class=\"dt-pswp-item\" href=\"https:\/\/www.radiopiu.net\/wordpress\/wp-content\/uploads\/2023\/09\/raff.png\" data-dt-img-description=\"\" data-large_image_width=\"464\" data-large_image_height=\"348\"><img loading=\"lazy\" decoding=\"async\" class=\"wp-image-352148 alignright\" src=\"https:\/\/www.radiopiu.net\/wordpress\/wp-content\/uploads\/2023\/09\/raff-300x225.png\" alt=\"\" width=\"145\" height=\"109\" srcset=\"https:\/\/www.radiopiu.net\/wordpress\/wp-content\/uploads\/2023\/09\/raff-300x225.png 300w, https:\/\/www.radiopiu.net\/wordpress\/wp-content\/uploads\/2023\/09\/raff.png 464w\" sizes=\"auto, (max-width: 145px) 100vw, 145px\" \/><\/a>IL MESSAGGIO DI RAFFAELE\u00a0<\/span><\/p>\n<p>Domenica mi sono trovato protagonista di un fatto di cronaca gi\u00e0 riportato dal sito della &#8220;nostra&#8221; emittente pochi minuti dopo l&#8217;accadimento. Coperte le generalit\u00e0 dalle norme sulla privacy, il &#8220;cinquantottenne di Rivamonte&#8221;, che fu anche parte della staff di Radio Pi\u00f9 una quarantina d&#8217;anni fa, vorrebbe ora rendere merito a tutta la catena dei soccorsi dal 118, al personale Suem, fino all&#8217;equipe cardiologica che anche in un sonnacchioso pomeriggio di domenica si \u00e8 fatta trovare al pieno dell&#8217;efficienza, per ci\u00f2 che ogni giorno fanno: non un semplice lavoro, una vera e propria missione. Un grazie infinito alle sconosciute escursioniste tedesche che si sono prodigate a tenermi in coscienza ed a segnalare la posizione all&#8217;arrivo dell&#8217;elisoccorso. Grazie, infine ma non per ultima, a Marzena* senza la cui presenza oggi forse non potrei essere qui a salutarvi.<br \/>\n<strong>Raffaele.<\/strong><\/p>\n<p>&nbsp;<\/p>\n<p><a class=\"dt-pswp-item\" href=\"https:\/\/www.radiopiu.net\/wordpress\/wp-content\/uploads\/2023\/09\/Senza-nome-20.png\" data-dt-img-description=\"\" data-large_image_width=\"152\" data-large_image_height=\"159\"><img loading=\"lazy\" decoding=\"async\" class=\"wp-image-352122 alignleft\" src=\"https:\/\/www.radiopiu.net\/wordpress\/wp-content\/uploads\/2023\/09\/Senza-nome-20.png\" alt=\"\" width=\"110\" height=\"115\" \/><\/a><strong>DAL LIBRO, ODIO LA RADIO<\/strong><\/p>\n<p>E LA FOTO STORICA IN REDAZIONE&#8230; quindi Raffaele, riprenditi e ci rivediamo per il prossimo brindisi ai 40 anni di RADIOPIU&#8230; da Rivamonte: in bocca al lupo.<\/p>\n<p>RAFFAELE di Rivamonte, ha trasmesso per pochi mesi a RADIO PI\u00d9 ma lo ricordo sempre molto volentieri, l\u2019ultima volta l\u2019ho visto proprio in Radio, era in occasione del 15\u00b0 compleanno, quello della festa in giardino. Gli impegni di lavoro non gli hanno permesso di coltivare la passione per la Radio<\/p>\n<p>mirko<\/p>\n<p>&nbsp;<\/p>\n<hr \/>\n<p>&nbsp;<\/p>\n<blockquote>\n<h3>CICLISTI FUORI STRADA, INCIDENTI DAL CADORE ALL&#8217;AGORDINO<\/h3>\n<\/blockquote>\n<div dir=\"auto\">\n<div dir=\"auto\"><strong><a class=\"dt-pswp-item\" href=\"https:\/\/www.radiopiu.net\/wordpress\/wp-content\/uploads\/2023\/09\/Watermark_20230912_164432_991.jpg\" data-dt-img-description=\"\" data-large_image_width=\"1773\" data-large_image_height=\"2364\"><img loading=\"lazy\" decoding=\"async\" class=\" wp-image-352238 alignleft\" src=\"https:\/\/www.radiopiu.net\/wordpress\/wp-content\/uploads\/2023\/09\/Watermark_20230912_164432_991-225x300.jpg\" alt=\"\" width=\"161\" height=\"215\" srcset=\"https:\/\/www.radiopiu.net\/wordpress\/wp-content\/uploads\/2023\/09\/Watermark_20230912_164432_991-225x300.jpg 225w, https:\/\/www.radiopiu.net\/wordpress\/wp-content\/uploads\/2023\/09\/Watermark_20230912_164432_991-768x1024.jpg 768w, https:\/\/www.radiopiu.net\/wordpress\/wp-content\/uploads\/2023\/09\/Watermark_20230912_164432_991-1152x1536.jpg 1152w, https:\/\/www.radiopiu.net\/wordpress\/wp-content\/uploads\/2023\/09\/Watermark_20230912_164432_991-1536x2048.jpg 1536w, https:\/\/www.radiopiu.net\/wordpress\/wp-content\/uploads\/2023\/09\/Watermark_20230912_164432_991.jpg 1773w\" sizes=\"auto, (max-width: 161px) 100vw, 161px\" \/><\/a><\/strong><\/div>\n<div dir=\"auto\"><strong>ALLEGHE<\/strong> Un ciclista di 14 anni \u00e8 stato investito da un furgone nella centralissima piazza Kennedy. E&#8217; stato portato\u00a0 al Papa Luciani di Agordo. Le sue condizioni non sono gravi. Sul posto i\u00a0 i volontari della Croce Verde di Alleghe, elisoccorso e carabinieri di Caprile.<\/div>\n<div dir=\"auto\"><\/div>\n<div dir=\"auto\"><strong>CADORE<\/strong>\u00a0 Incidente in bicicletta lungo la strada che scende dallle Tre Cime di Lavaredo (rifugio Auronzo), un 41enne tedesco\u00a0 ha sbattuto la testa dopo aver perso il controllo della bici,\u00a0 l&#8217;infortunato \u00e8 stato trasferito sull&#8217;eliambulanza atterrata nelle vicinanze e decollata in direzione dell&#8217;ospedale di Belluno.<\/div>\n<div dir=\"auto\"><\/div>\n<div dir=\"auto\"><strong>LIVINALLONGO<\/strong> Falco 2 \u00e8\u00a0 intervenuto sul Monte Padon, a 500 metri dal Rifugio, poich\u00e9, mentre con altre persone percorreva il sentiero in cresta in ebike, un 36enne svizzero\u00a0 di Lucerna era uscito dalla traccia di lato tra scalini rocciosi ruzzolando una ventina di metri, per fermarsi sul pendio erboso , il ciclista \u00e8 stato imbarcato con un verricello di 10 metri e accompagnato a Belluno.<\/div>\n<div dir=\"auto\"><\/div>\n<\/div>\n<div dir=\"auto\"><strong>CADORE<\/strong>\u00a0 una squadra del Soccorso alpino di San Vito di Cadore \u00e8 salita al Rifugio Venezia, dove era arrivato autonomamente un escursionista che si era fatto male dopo essere caduto. Il 56enne di Pisogne (BS), che aveva un sospetto trauma alla gamba, \u00e8 stato trasportato fino all&#8217;ospedale di Pieve di Cadore.<\/div>\n<div dir=\"auto\"><\/div>\n<div dir=\"auto\"><\/div>\n<div dir=\"auto\">\n<hr \/>\n<\/div>\n<div dir=\"auto\"><\/div>\n<blockquote>\n<h3 dir=\"auto\">ARMANDO, &#8220;CON UN CACCIAVITE FACEVA MIRACOLI&#8221;. PIONIERE DEL SUO SETTORE A BELLUNO<\/h3>\n<\/blockquote>\n<div dir=\"auto\"><\/div>\n<div dir=\"auto\">\n<div class=\"articlePlainText\"><a class=\"dt-pswp-item\" href=\"https:\/\/www.radiopiu.net\/wordpress\/wp-content\/uploads\/2023\/09\/Senza-nome-24.png\" data-dt-img-description=\"\" data-large_image_width=\"241\" data-large_image_height=\"292\"><img loading=\"lazy\" decoding=\"async\" class=\"wp-image-352276 alignleft\" src=\"https:\/\/www.radiopiu.net\/wordpress\/wp-content\/uploads\/2023\/09\/Senza-nome-24.png\" alt=\"\" width=\"87\" height=\"105\" \/><\/a><strong>BELLUNO<\/strong> E&#8217; mancato Armando De Bona, carrozziere e fondatore con la moglie Silvana, della societ\u00e0 di calcio dell&#8217;Unione sportiva Piave.\u00a0 Aveva 88 anni e soffriva da qualche tempo di un male incurabile: i funerali oggi pomeriggio, alle 16, nella chiesa arcipretale di Castion. Nel tempo libero le sue grandi passioni erano il sociale e il calcio. La squadra l&#8217;ha ricordato ieri con un accorato messaggio sul profilo Facebook: \u00ab<em>La societ\u00e0 Usd Piave si stringe attorno alla famiglia De Bona per la perdita di Armando, presidente storico e tra i fondatori della nostra societ\u00e0. Un caloroso abbraccio da tutta la societ\u00e0 Piave\u00bb.<\/em><\/div>\n<div class=\"articlePlainText\"><\/div>\n<\/div>\n<div dir=\"auto\"><\/div>\n<div dir=\"auto\"><\/div>\n<div dir=\"auto\">\n<hr \/>\n<\/div>\n<div dir=\"auto\"><\/div>\n<blockquote>\n<h3 dir=\"auto\"><a class=\"dt-pswp-item\" href=\"https:\/\/www.radiopiu.net\/wordpress\/wp-content\/uploads\/2023\/09\/Senza-nome-25.png\" data-dt-img-description=\"\" data-large_image_width=\"239\" data-large_image_height=\"153\"><img loading=\"lazy\" decoding=\"async\" class=\" wp-image-352277 alignleft\" src=\"https:\/\/www.radiopiu.net\/wordpress\/wp-content\/uploads\/2023\/09\/Senza-nome-25.png\" alt=\"\" width=\"159\" height=\"102\" \/><\/a>SCHIANTO A FELTRE<\/h3>\n<\/blockquote>\n<div dir=\"auto\"><strong>FELTRE<\/strong>\u00a0 \u00a0Tamponamento a tre in via Bagnols sur Ceze. Una donna \u00e8 rimasta lievemente ferita, proprio davanti alla caserma dei vigili del fuoco del distaccamento di Feltre. Per cause ancora in corso di accertamento, sono entrate in collisione una Panda e una Punto, con a bordo due donne.\u00a0 \u00a0Danni inevitabili alle due utilitarie Fiat e qualche contraccolpo anche sullla viabilit\u00e0, in una delle vie pi\u00f9 frequentate della citt\u00e0<\/div>\n<div dir=\"auto\"><\/div>\n<div dir=\"auto\"><\/div>\n<div dir=\"auto\">\n<hr \/>\n<\/div>\n<div dir=\"auto\"><\/div>\n<blockquote>\n<h3 dir=\"auto\"><a class=\"dt-pswp-item\" href=\"https:\/\/www.radiopiu.net\/wordpress\/wp-content\/uploads\/2023\/09\/376663762_716571080501121_2779600895989307777_n.jpg\" data-dt-img-description=\"\" data-large_image_width=\"552\" data-large_image_height=\"501\"><img loading=\"lazy\" decoding=\"async\" class=\"wp-image-352282 alignleft\" src=\"https:\/\/www.radiopiu.net\/wordpress\/wp-content\/uploads\/2023\/09\/376663762_716571080501121_2779600895989307777_n-300x272.jpg\" alt=\"\" width=\"108\" height=\"98\" srcset=\"https:\/\/www.radiopiu.net\/wordpress\/wp-content\/uploads\/2023\/09\/376663762_716571080501121_2779600895989307777_n-300x272.jpg 300w, https:\/\/www.radiopiu.net\/wordpress\/wp-content\/uploads\/2023\/09\/376663762_716571080501121_2779600895989307777_n.jpg 552w\" sizes=\"auto, (max-width: 108px) 100vw, 108px\" \/><\/a>\u00a0AUTO DI COREANI SI RIBALTA SUL GIAU<\/h3>\n<\/blockquote>\n<div dir=\"auto\"><strong>COLLE SANTA LUCIA<\/strong>\u00a0 Distrutta l&#8217;auto, illesi quattro coreani a passo Giau. La comitiva alloggia ad Auronzo. Un errore di manovra, durante il parcheggio al rifugio, ha fatto precipitare nella scarpata la Citroen con targa francese presa a noleggio oltre confine. L&#8217;auto si \u00e8 capovolta, fermandosi sulle quattro ruote una decina di metri pi\u00f9 in basso e riportando danni molto importanti.<\/div>\n<div dir=\"auto\"><\/div>\n<div dir=\"auto\"><\/div>\n<div dir=\"auto\">\n<hr \/>\n<\/div>\n<div dir=\"auto\"><\/div>\n<blockquote>\n<h3 dir=\"auto\">LA SCUOLA DI CASTION RESTITUITA ALLA COMUNITA&#8217;. DE PELLEGRIN &#8220;UN GRANDE LAVORO DI SICUREZZA&#8221;<\/h3>\n<\/blockquote>\n<p><img loading=\"lazy\" decoding=\"async\" class=\"alignleft\" src=\"https:\/\/www.radiopiu.net\/wordpress\/wp-content\/uploads\/2023\/09\/3ac076a6-cdda-46e0-99b3-07bd8d39f8c9.jpg\" width=\"239\" height=\"179\" \/><\/p>\n<p><strong>BELLUNO<\/strong><\/p>\n<p><strong>DI DANIELE DALVIT<\/strong><\/p>\n<p>&nbsp;<\/p>\n<p>&nbsp;<\/p>\n<p>&nbsp;<\/p>\n<p>&nbsp;<\/p>\n<p>&nbsp;<\/p>\n<audio class=\"wp-audio-shortcode\" id=\"audio-352137-1\" preload=\"none\" style=\"width: 100%;\" controls=\"controls\"><source type=\"audio\/mpeg\" src=\"https:\/\/www.radiopiu.net\/wordpress\/wp-content\/uploads\/2023\/09\/Radio-Piu-Servizio-Scuola-Valeriano-Castion.mp3?_=1\" \/><a href=\"https:\/\/www.radiopiu.net\/wordpress\/wp-content\/uploads\/2023\/09\/Radio-Piu-Servizio-Scuola-Valeriano-Castion.mp3\">https:\/\/www.radiopiu.net\/wordpress\/wp-content\/uploads\/2023\/09\/Radio-Piu-Servizio-Scuola-Valeriano-Castion.mp3<\/a><\/audio>\n<p>&nbsp;<\/p>\n<p>&nbsp;<\/p>\n<hr \/>\n<p>&nbsp;<\/p>\n<blockquote>\n<h3>GDF BELLUNO: CAMBIO DELLA GUARDIA AL NUCLEO DI POLIZIA ECONOMICO-FINANZIARIA<\/h3>\n<\/blockquote>\n<p><strong><a class=\"dt-pswp-item\" href=\"https:\/\/www.radiopiu.net\/wordpress\/wp-content\/uploads\/2021\/04\/IMG_0211-scaled.jpg\" data-dt-img-description=\"\" data-large_image_width=\"2560\" data-large_image_height=\"1707\"><img loading=\"lazy\" decoding=\"async\" class=\" wp-image-203244 alignleft\" src=\"https:\/\/www.radiopiu.net\/wordpress\/wp-content\/uploads\/2021\/04\/IMG_0211-300x200.jpg\" alt=\"\" width=\"203\" height=\"135\" srcset=\"https:\/\/www.radiopiu.net\/wordpress\/wp-content\/uploads\/2021\/04\/IMG_0211-300x200.jpg 300w, https:\/\/www.radiopiu.net\/wordpress\/wp-content\/uploads\/2021\/04\/IMG_0211-1024x683.jpg 1024w, https:\/\/www.radiopiu.net\/wordpress\/wp-content\/uploads\/2021\/04\/IMG_0211-768x512.jpg 768w, https:\/\/www.radiopiu.net\/wordpress\/wp-content\/uploads\/2021\/04\/IMG_0211-1536x1024.jpg 1536w, https:\/\/www.radiopiu.net\/wordpress\/wp-content\/uploads\/2021\/04\/IMG_0211-2048x1365.jpg 2048w\" sizes=\"auto, (max-width: 203px) 100vw, 203px\" \/><\/a>BELLUNO<\/strong> Cambio della guardia al Nucleo di Polizia Economico-Finanziaria della Guardia di Finanza di Belluno. Nei giorni scorsi, dopo 4 anni di permanenza alla sede bellunese, il Col. Aldo Tomada ha lasciato il comando per essere trasferito ad altro prestigioso incarico in qualita\u0300 di Comandante del Reparto Tecnico Logistico Amministrativo \u201cMarche\u201d di Ancona. Al suo posto, proveniente dal Nucleo di Polizia Economico-Finanziaria di Vicenza, giunge il Magg. Francesco Riggio, 55 anni, di origini calabresi, sposato e padre di 2 figli, laureato in Economia e Commercio e Scienze delle Pubbliche Amministrazioni, che vanta una vasta esperienza professionale maturata prevalentemente in incarichi operativi di rilevante spessore. Avvicendamento anche al comando della Compagnia di Cortina d\u2019Ampezzo. Dopo 4 anni di permanenza alla sede cortinese, il Cap. Massimo Perrone lascia il comando, destinato ad un prestigioso incarico presso il Nucleo di Polizia Economico-Finanziaria di Roma, e passa le \u201cconsegne\u201d al Cap. Luca Lorandi, 31 anni, di origini bresciane, laureato in Scienze della Sicurezza Economico-Finanziaria, proveniente dal Nucleo di Polizia Economico-Finanziaria di Sassari. Il Comandante Provinciale di Belluno, il Col. Dario Guarino, dopo aver espresso agli Ufficiali in partenza vivo apprezzamento per l\u2019intensa e proficua attivita\u0300 di servizio svolta, ha formulato ai neo Comandanti i migliori auguri per i futuri ed importanti impegni professionali a cui sono stati chiamati.<\/p>\n<p>&nbsp;<\/p>\n<p>&nbsp;<\/p>\n<hr \/>\n<p>&nbsp;<\/p>\n<blockquote>\n<h3>IN SERVIZIO 58 AMMINISTRATIVI NEGLI UFFICI GIUDIZIARI DEL VENETO<\/h3>\n<\/blockquote>\n<p><strong>VENEZIA <\/strong>Sono entrate in servizio nei vari Uffici Giudiziari del Veneto 58 nuove unit\u00e0 di personale derivante dal Protocollo d\u2019Intesa siglato a Giugno dal Ministro di Grazia e Giustizia Carlo Nordio e dal Presidente della Regione Veneto Luca Zaia per rendere pi\u00f9 efficiente la macchina della Pubblica Amministrazione e della Giustizia, intervenendo sul tema della carenza di personale. \u201cSulla base di quell\u2019Accordo, per il quale ringrazio il Ministro Nordio per l\u2019attenzione che ha subito posto alle questioni della giustizia in Veneto \u2013 dice il Presidente Zaia \u2013 la Regione ha messo a disposizione della Giustizia una lista di candidati a ruoli amministrativi alla quale il Ministero ha libero accesso per il reclutamento delle figure necessarie. Un Accordo che \u00e8 stato il primo in Italia&#8221;<\/p>\n<p>&nbsp;<\/p>\n<hr \/>\n<p>&nbsp;<\/p>\n<blockquote>\n<h3>INTERFERENZE TRA COLLEGHI DI CONFINE, LUCHETTA STRIGLIA DE PELLEGRINI &#8220;SI INFORMI&#8221;<\/h3>\n<\/blockquote>\n<p><img loading=\"lazy\" decoding=\"async\" class=\"alignleft\" src=\"https:\/\/www.radiopiu.net\/wordpress\/wp-content\/uploads\/2019\/05\/vallada-agordina.jpg\" width=\"264\" height=\"176\" \/><\/p>\n<p><strong>VALLADA<\/strong><\/p>\n<p><strong>DI GIANNI SANTOMASO\u00a0<\/strong><\/p>\n<p>FOTO QUESTEDOLOMITI.COM<\/p>\n<audio class=\"wp-audio-shortcode\" id=\"audio-352137-2\" preload=\"none\" style=\"width: 100%;\" controls=\"controls\"><source type=\"audio\/mpeg\" src=\"https:\/\/www.radiopiu.net\/wordpress\/wp-content\/uploads\/2023\/09\/VALLADA-GIANNI.mp3?_=2\" \/><a href=\"https:\/\/www.radiopiu.net\/wordpress\/wp-content\/uploads\/2023\/09\/VALLADA-GIANNI.mp3\">https:\/\/www.radiopiu.net\/wordpress\/wp-content\/uploads\/2023\/09\/VALLADA-GIANNI.mp3<\/a><\/audio>\n<p>&nbsp;<\/p>\n<hr \/>\n<p>&nbsp;<\/p>\n<blockquote>\n<h3>AL VIA L&#8217;ANNO SCOLASTICO. LA RIFLESSIONE DI MARCO BUSSONE (UNCEM)<\/h3>\n<\/blockquote>\n<p><strong><a class=\"dt-pswp-item\" href=\"https:\/\/www.radiopiu.net\/wordpress\/wp-content\/uploads\/2020\/06\/primo-piano-gli-studenti-che-scrivono-e-leggono-gli-fogli-di-risposta-degli-esami-di-esercitazione-in-aula-della-scuola-con-lo-stress_73622-858.jpg\" data-dt-img-description=\"\" data-large_image_width=\"626\" data-large_image_height=\"417\"><img loading=\"lazy\" decoding=\"async\" class=\" wp-image-143128 alignleft\" src=\"https:\/\/www.radiopiu.net\/wordpress\/wp-content\/uploads\/2020\/06\/primo-piano-gli-studenti-che-scrivono-e-leggono-gli-fogli-di-risposta-degli-esami-di-esercitazione-in-aula-della-scuola-con-lo-stress_73622-858-300x200.jpg\" alt=\"\" width=\"167\" height=\"111\" srcset=\"https:\/\/www.radiopiu.net\/wordpress\/wp-content\/uploads\/2020\/06\/primo-piano-gli-studenti-che-scrivono-e-leggono-gli-fogli-di-risposta-degli-esami-di-esercitazione-in-aula-della-scuola-con-lo-stress_73622-858-300x200.jpg 300w, https:\/\/www.radiopiu.net\/wordpress\/wp-content\/uploads\/2020\/06\/primo-piano-gli-studenti-che-scrivono-e-leggono-gli-fogli-di-risposta-degli-esami-di-esercitazione-in-aula-della-scuola-con-lo-stress_73622-858.jpg 626w\" sizes=\"auto, (max-width: 167px) 100vw, 167px\" \/><\/a>ROMA<\/strong> &#8220;La scuola che inizia in molte regioni italiane oggi e nei prossimi giorni, ci spinge a una seria e attenta riflessione su cosa solo le piccole grandi scuole dei paesi delle aree montane. Con gli auguri a Studenti, Docenti, Dirigenti scolastici, famiglie, Uncem vuole procedere con un lavoro di approfondimento con Ministero dell&#8217;Istruzione e Indire in primo luogo, e poi con gli Uffici scolastici regionali, per trovare i migliori modelli organizzativi, sperimentare nuove formule, lavorare su edilizia scolastica specifica e modelli educativi che non sono uguali a quelli delle aree urbane. Indire ha fatto un perfetto lavoro su questo fronte e e vi \u00e8 molta letteratura che vogliamo approfondire con i Sindaci. Serve un tavolo nazionale sulle scuole di montagna. Si continua a perdere popolazione, in Italia\u00a0si perde dunque popolazione scolastica. Di pi\u00f9 nei paesi delle aree rurali e montane&#8221; queste le parole di Marco Bussone, presidente UNCEM.<\/p>\n<p>&nbsp;<\/p>\n<p><span style=\"color: #ff0000;\"><strong>IL SALUTO DEL PRESIDENTE LUCA ZAIA\u00a0<\/strong><\/span><\/p>\n<div style=\"width: 1200px;\" class=\"wp-video\"><video class=\"wp-video-shortcode\" id=\"video-352137-1\" width=\"1200\" height=\"675\" preload=\"metadata\" controls=\"controls\"><source type=\"video\/mp4\" src=\"https:\/\/www.radiopiu.net\/wordpress\/wp-content\/uploads\/2023\/09\/Avvio-anno-scolastico_il-saluto-del-Presidente-Zaia.mp4?_=1\" \/><a href=\"https:\/\/www.radiopiu.net\/wordpress\/wp-content\/uploads\/2023\/09\/Avvio-anno-scolastico_il-saluto-del-Presidente-Zaia.mp4\">https:\/\/www.radiopiu.net\/wordpress\/wp-content\/uploads\/2023\/09\/Avvio-anno-scolastico_il-saluto-del-Presidente-Zaia.mp4<\/a><\/video><\/div>\n<p>&nbsp;<\/p>\n<div class=\"blog_item_bottom\">\n<p class=\"text\"><strong>SE NON LA SMETTI TI MANDO DAL PRESIDE&#8230;.12\u00b0 ANNO<\/strong><\/p>\n<p class=\"text\">PRIMA CAMPANELLA PER 2417 STUDENTI. RADIO PIU&#8217; DA L&#8217;INIZIO AL NUOVO ANNO SCOLASTICO RIPROPONENDO LA TRASMISSIONE SETTIMANALE &#8220;SE NON LA SMETTI TI MANDO DAL PRESIDE&#8221;, CON L PROF. MARIA ROSA SALMAZO. IL MERCOLEDI ALLE 10.30 E ALLE 19.00 LA DOMENICA ALLE OTTO DEL MATTINO.<\/p>\n<\/div>\n<blockquote><p><span style=\"color: #ff0000;\"><strong>\u00a0<\/strong><\/span><\/p>\n<p><span style=\"color: #ff0000;\"><strong>OGGI ALLE\u00a0 9 IL NUOVO PROGRAMMA ALLA RADIO&#8230; &#8220;LIBER&#8221; CON LIANA CAVALET.<\/strong><\/span><\/p><\/blockquote>\n<h2><strong><a class=\"dt-pswp-item\" href=\"https:\/\/www.radiopiu.net\/wordpress\/wp-content\/uploads\/2021\/09\/scuola-ricomincia.jpeg\" data-dt-img-description=\"\" data-large_image_width=\"626\" data-large_image_height=\"417\"><img loading=\"lazy\" decoding=\"async\" class=\" wp-image-231886 alignleft\" src=\"https:\/\/www.radiopiu.net\/wordpress\/wp-content\/uploads\/2021\/09\/scuola-ricomincia-300x200.jpeg\" alt=\"\" width=\"198\" height=\"132\" srcset=\"https:\/\/www.radiopiu.net\/wordpress\/wp-content\/uploads\/2021\/09\/scuola-ricomincia-300x200.jpeg 300w, https:\/\/www.radiopiu.net\/wordpress\/wp-content\/uploads\/2021\/09\/scuola-ricomincia.jpeg 626w\" sizes=\"auto, (max-width: 198px) 100vw, 198px\" \/><\/a><\/strong><strong>DI GIANNI SANTOMASO<\/strong><\/h2>\n<p>OSPITE: Liana Cavallet<\/p>\n<audio class=\"wp-audio-shortcode\" id=\"audio-352137-3\" preload=\"none\" style=\"width: 100%;\" controls=\"controls\"><source type=\"audio\/mpeg\" src=\"https:\/\/www.radiopiu.net\/wordpress\/wp-content\/uploads\/2023\/09\/RASSEGNA-GIANNI-2.mp3?_=3\" \/><a href=\"https:\/\/www.radiopiu.net\/wordpress\/wp-content\/uploads\/2023\/09\/RASSEGNA-GIANNI-2.mp3\">https:\/\/www.radiopiu.net\/wordpress\/wp-content\/uploads\/2023\/09\/RASSEGNA-GIANNI-2.mp3<\/a><\/audio>\n<p>&nbsp;<\/p>\n<hr \/>\n<p>&nbsp;<\/p>\n<blockquote>\n<h4><a class=\"dt-pswp-item\" href=\"https:\/\/www.radiopiu.net\/wordpress\/wp-content\/uploads\/2023\/06\/Scuola_Don_Zalivani.jpg\" data-dt-img-description=\"\" data-large_image_width=\"1152\" data-large_image_height=\"768\"><img loading=\"lazy\" decoding=\"async\" class=\"wp-image-339897 alignleft\" src=\"https:\/\/www.radiopiu.net\/wordpress\/wp-content\/uploads\/2023\/06\/Scuola_Don_Zalivani-300x200.jpg\" alt=\"\" width=\"197\" height=\"131\" srcset=\"https:\/\/www.radiopiu.net\/wordpress\/wp-content\/uploads\/2023\/06\/Scuola_Don_Zalivani-300x200.jpg 300w, https:\/\/www.radiopiu.net\/wordpress\/wp-content\/uploads\/2023\/06\/Scuola_Don_Zalivani-1024x683.jpg 1024w, https:\/\/www.radiopiu.net\/wordpress\/wp-content\/uploads\/2023\/06\/Scuola_Don_Zalivani-768x512.jpg 768w, https:\/\/www.radiopiu.net\/wordpress\/wp-content\/uploads\/2023\/06\/Scuola_Don_Zalivani.jpg 1152w\" sizes=\"auto, (max-width: 197px) 100vw, 197px\" \/><\/a>DALLA CGIL, BELLUNO LA LETTURA POLITICA DELL&#8217;INIZIO DEL NUOVO ANNO SCOLASTICO<\/h4>\n<\/blockquote>\n<p><strong>BELLUNO\u00a0<\/strong> La Federazione dei lavoratori della conoscenza CGIL Belluno, nell\u2019immediata vigilia della ripresa delle lezioni per tutte le scuole provinciali di ogni ordine e grado, esprime l\u2019augurio affinch\u00e9 il prossimo sia un anno scolastico proficuo e sereno per tutte le componenti del mondo della conoscenza. Un inizio al quale, per\u00f2, l\u2019istituzione scolastica in provincia si presenta con numeri allarmanti, legati da un lato al calo di iscritti e dall\u2019altro alla mancata copertura di cattedre vacanti e di ruoli del personale Ata. <em>&#8220;Con questo quadro, la FLC Belluno\u201d spiega\u00a0 la segretaria Alessia Cerentin \u201cnon pu\u00f2 che osservare con preoccupazione il perdurante attacco di questo governo alle istituzioni pubbliche del nostro Paese, dalla sanit\u00e0 alla scuola, con una costante attenzione economica, viceversa, verso il privato.\u00a0 \u00c8 necessario\u201d prosegue Cerentin \u201crimettere la scuola, l\u2019istruzione, il Paese intero sulla via maestra dettata dalla Costituzione&#8221;\u00a0<\/em><\/p>\n<p>&nbsp;<\/p>\n<hr \/>\n<h3><em>\u00a0<\/em><\/h3>\n<h3><em>Un tempo i trasporti pubblici (Renzo Buzzatti in primis nell&#8217;Agordino) erano l&#8217;orgoglio di questa provincia. Oggi meglio censurare\u00a0 i giudizi sugli attuali dirigenti e amministratori da parte dei clienti che a capochino hanno accolto gli aumenti sperando in un servizio leggermente migliore. Ennesima delusione.<\/em><\/h3>\n<blockquote>\n<h3>TRASPORTI: GESTIONE IMBARAZZANTE, TAGLIATE 50 CORSE, SALVI I BUS PER GLI STUDENTI, SOLO ALLE 20.30 DI IERI SERA LA DISCUSSA AZIENDA BELLUNESE (E LA PROVINCIA) HANNO INFORMATO DEI TRAGITTI NON GARANTITI. COINVOLTE LE LINEE A BELLUNO, PONTE NELLE ALPI, AGORDINO E CADORE.<\/h3>\n<p><strong>\u00a0<\/strong><\/p>\n<p><strong>dalla Dolomitibus, ieri sera: parole, disegnini e colori.\u00a0<\/strong><\/p>\n<p><strong>MERCOLED\u00cc 13 SETTEMBRE &#8211; CORSE NON GARANTITE<\/strong> Alla luce della carenza di autisti, nella giornata di mercoled\u00ec 13 settembre, con l\u2019entrata in vigore dell\u2019orario invernale, non saranno garantite alcune corse delle linee extraurbane e del servizio urbano di Belluno&#x26a0;&#xfe0f; In particolare &#x1f68c;LINEA 33 &#x1f68c;LINEA 35 &#x1f68c;LINEA 38 &#x1f68c;LINEA 7 &#x1f68c;LINEA 9 &#x1f7e0;SERVIZIO URBANO DI BELLUNO &#8211; LINEA ARANCIO Non saranno garantite le seguenti corse &#x1f535;SERVIZIO URBANO DI BELLUNO &#8211; LINEA CELESTE Non saranno garantite le seguenti corse &#x1f7e3;SERVIZIO URBANO DI BELLUNO &#8211; LINEA LILLA Non saranno garantite le seguenti corse &#x1f534;SERVIZIO URBANO DI BELLUNO &#8211; LINEA ROSSA Non saranno garantite le seguenti corse &#x1f7e2;SERVIZIO URBANO DI BELLUNO &#8211; LINEA VERDE Non saranno garantite le seguenti corse Ci scusiamo per il disagio<\/p>\n\n\t\t\t<style type='text\/css'>\n\t\t\t\t#gallery-1 {\n\t\t\t\t\tmargin: auto;\n\t\t\t\t}\n\t\t\t\t#gallery-1 .gallery-item {\n\t\t\t\t\tfloat: left;\n\t\t\t\t\tmargin-top: 10px;\n\t\t\t\t\ttext-align: center;\n\t\t\t\t\twidth: 33%;\n\t\t\t\t}\n\t\t\t\t#gallery-1 img {\n\t\t\t\t\tborder: 2px solid #cfcfcf;\n\t\t\t\t}\n\t\t\t\t#gallery-1 .gallery-caption {\n\t\t\t\t\tmargin-left: 0;\n\t\t\t\t}\n\t\t\t\t\/* see gallery_shortcode() in wp-includes\/media.php *\/\n\t\t\t<\/style>\n\t\t<div id='gallery-1' class='dt-gallery-container gallery galleryid-352137 gallery-columns-3 gallery-size-thumbnail'><dl class='gallery-item'>\n\t\t\t\t<dt class='gallery-icon portrait'>\n\t\t\t\t\t<a class=\"rollover rollover-zoom dt-pswp-item\" title=\"f84cb9f8-d01d-4994-9a89-cb273926ee5d\" data-dt-img-description=\"\" data-large_image_width=\"1126\" data-large_image_height=\"1280\"href='https:\/\/www.radiopiu.net\/wordpress\/wp-content\/uploads\/2023\/09\/f84cb9f8-d01d-4994-9a89-cb273926ee5d.jpg'><img loading=\"lazy\" decoding=\"async\" width=\"150\" height=\"150\" src=\"https:\/\/www.radiopiu.net\/wordpress\/wp-content\/uploads\/2023\/09\/f84cb9f8-d01d-4994-9a89-cb273926ee5d-150x150.jpg\" class=\"attachment-thumbnail size-thumbnail\" alt=\"\" \/><\/a>\n\t\t\t\t<\/dt><\/dl><dl class='gallery-item'>\n\t\t\t\t<dt class='gallery-icon landscape'>\n\t\t\t\t\t<a class=\"rollover rollover-zoom dt-pswp-item\" title=\"281bb1fe-e130-4fca-9b90-99e84e845426\" data-dt-img-description=\"\" data-large_image_width=\"1280\" data-large_image_height=\"767\"href='https:\/\/www.radiopiu.net\/wordpress\/wp-content\/uploads\/2023\/09\/281bb1fe-e130-4fca-9b90-99e84e845426.jpg'><img loading=\"lazy\" decoding=\"async\" width=\"150\" height=\"150\" src=\"https:\/\/www.radiopiu.net\/wordpress\/wp-content\/uploads\/2023\/09\/281bb1fe-e130-4fca-9b90-99e84e845426-150x150.jpg\" class=\"attachment-thumbnail size-thumbnail\" alt=\"\" \/><\/a>\n\t\t\t\t<\/dt><\/dl><dl class='gallery-item'>\n\t\t\t\t<dt class='gallery-icon landscape'>\n\t\t\t\t\t<a class=\"rollover rollover-zoom dt-pswp-item\" title=\"281bb1fe-e130-4fca-9b90-99e84e845426 (1)\" data-dt-img-description=\"\" data-large_image_width=\"1280\" data-large_image_height=\"767\"href='https:\/\/www.radiopiu.net\/wordpress\/wp-content\/uploads\/2023\/09\/281bb1fe-e130-4fca-9b90-99e84e845426-1.jpg'><img loading=\"lazy\" decoding=\"async\" width=\"150\" height=\"150\" src=\"https:\/\/www.radiopiu.net\/wordpress\/wp-content\/uploads\/2023\/09\/281bb1fe-e130-4fca-9b90-99e84e845426-1-150x150.jpg\" class=\"attachment-thumbnail size-thumbnail\" alt=\"\" \/><\/a>\n\t\t\t\t<\/dt><\/dl><br style=\"clear: both\" \/>\n\t\t\t<\/div>\n\n<p>&nbsp;<\/p>\n<p><strong>OGGI<\/strong><\/p><\/blockquote>\n<p><span id=\"page7R_mcid2\" class=\"markedContent\"><span dir=\"ltr\" role=\"presentation\"><a class=\"dt-pswp-item\" href=\"https:\/\/www.radiopiu.net\/wordpress\/wp-content\/uploads\/2018\/11\/PD.png\" data-dt-img-description=\"\" data-large_image_width=\"226\" data-large_image_height=\"182\"><img loading=\"lazy\" decoding=\"async\" class=\"wp-image-67744 alignleft\" src=\"https:\/\/www.radiopiu.net\/wordpress\/wp-content\/uploads\/2018\/11\/PD.png\" alt=\"\" width=\"147\" height=\"118\" \/><\/a>Durante l&#8217;estate<\/span><\/span><span id=\"page7R_mcid3\" class=\"markedContent\">\u00a0<span dir=\"ltr\" role=\"presentation\">Dolomitibus<\/span> <span dir=\"ltr\" role=\"presentation\">ha<\/span> <span dir=\"ltr\" role=\"presentation\">aumentato<\/span> <span dir=\"ltr\" role=\"presentation\">i<\/span> <span dir=\"ltr\" role=\"presentation\">biglietti<\/span> <span dir=\"ltr\" role=\"presentation\">del<\/span> <span dir=\"ltr\" role=\"presentation\">20%, nello stesso tempo<\/span><\/span><span id=\"page7R_mcid5\" class=\"markedContent\">\u00a0<span dir=\"ltr\" role=\"presentation\">la<\/span> <span dir=\"ltr\" role=\"presentation\">Provincia<\/span> <span dir=\"ltr\" role=\"presentation\">aveva<\/span> <span dir=\"ltr\" role=\"presentation\">annunciato<\/span> <span dir=\"ltr\" role=\"presentation\">che<\/span> <span dir=\"ltr\" role=\"presentation\">Investi<\/span> <span dir=\"ltr\" role=\"presentation\">scuola<\/span> <span dir=\"ltr\" role=\"presentation\">sarebbe<\/span> <span dir=\"ltr\" role=\"presentation\">stato<\/span> <span dir=\"ltr\" role=\"presentation\">ridotto, <\/span><\/span><span id=\"page7R_mcid6\" class=\"markedContent\"><span dir=\"ltr\" role=\"presentation\">sostanzialmente dimezzato. Di qui l&#8217;alzata di scudi del Partito Democratico<\/span><\/span><span id=\"page7R_mcid6\" class=\"markedContent\"><span dir=\"ltr\" role=\"presentation\"> che ha portato il<\/span><\/span><span id=\"page7R_mcid7\" class=\"markedContent\"><br role=\"presentation\" \/><span dir=\"ltr\" role=\"presentation\">tema in discussione in tanti consigli comunali, in Provincia ed anche in Regione. <em>&#8220;Il giorno <\/em><\/span><\/span><em><span id=\"page7R_mcid8\" class=\"markedContent\"><span dir=\"ltr\" role=\"presentation\">dopo la bocciatura da parte del centrodestra regionale dell&#8217;emendamento,\u00a0 -che <\/span><\/span><span id=\"page7R_mcid9\" class=\"markedContent\"><span dir=\"ltr\" role=\"presentation\">avrebbe permesso di salvare investi scuola con fondi regionali, dice il Pd &#8211; abbiamo assistito al <\/span><\/span><span id=\"page7R_mcid10\" class=\"markedContent\"><span dir=\"ltr\" role=\"presentation\">siparietto De Carlo-Biasiotto sul tema dei dividendi. In sostanza il presidente della stessa <\/span><\/span><span id=\"page7R_mcid11\" class=\"markedContent\"><span dir=\"ltr\" role=\"presentation\">azienda che un mese prima aveva alzato le tariffe, dichiarava la disponibilit\u00e0 di reinvestire i <\/span><\/span><\/em><span id=\"page7R_mcid12\" class=\"markedContent\"><span dir=\"ltr\" role=\"presentation\"><em>dividendi di Dolomitibus su Investi scuola&#8221;.<\/em> I sindacati sono andati all&#8217;attacco, <\/span><\/span><span id=\"page7R_mcid13\" class=\"markedContent\"><span dir=\"ltr\" role=\"presentation\">chiedendo come mai quei soldi non si potevano usare per politiche sul personale che &#8211;<\/span><\/span><span id=\"page7R_mcid14\" class=\"markedContent\"><br role=\"presentation\" \/><span dir=\"ltr\" role=\"presentation\">come \u00e8 risaputo &#8211; \u00e8 particolarmente in sofferenza. Poi per fortuna<\/span><\/span><span id=\"page7R_mcid15\" class=\"markedContent\"><span dir=\"ltr\" role=\"presentation\">\u00a0Provincia e Consorzio Bim hanno trovato, poche settimane<\/span><\/span><span id=\"page7R_mcid16\" class=\"markedContent\"><br role=\"presentation\" \/><span dir=\"ltr\" role=\"presentation\">fa, i finanziamenti necessari per finanziare il progetto senza ricorrere ai dividendi. In questi <\/span><\/span><span id=\"page7R_mcid17\" class=\"markedContent\"><span dir=\"ltr\" role=\"presentation\">giorni la novit\u00e0 il <\/span>\u00a0<span dir=\"ltr\" role=\"presentation\">fallimento<\/span> <span dir=\"ltr\" role=\"presentation\">del<\/span> <span dir=\"ltr\" role=\"presentation\">progetto<\/span> <span dir=\"ltr\" role=\"presentation\">accademy<\/span> <span dir=\"ltr\" role=\"presentation\">e<\/span> <span dir=\"ltr\" role=\"presentation\">dell&#8217;imbarazzante <\/span><\/span><span id=\"page7R_mcid18\" class=\"markedContent\"><span dir=\"ltr\" role=\"presentation\">situazione in cui versa Dolomitibus che, ad un giorno dall&#8217;inizio della scuola, non \u00e8 in<\/span><\/span><span id=\"page7R_mcid19\" class=\"markedContent\"><br role=\"presentation\" \/><span dir=\"ltr\" role=\"presentation\">grado di garantire ancora le corse per gli studenti. &#8220;<\/span><\/span><span id=\"page7R_mcid21\" class=\"markedContent\"><span dir=\"ltr\" role=\"presentation\">Crediamo che la misura sia colma, serve un cambio di passo alla guida della societ\u00e0. <\/span><\/span><span id=\"page7R_mcid22\" class=\"markedContent\"><span dir=\"ltr\" role=\"presentation\">Del resto tutto il sistema trasporti della provincia, e a maggior ragione Investi Scuola, \u00e8 in <\/span><\/span><span id=\"page7R_mcid23\" class=\"markedContent\"><span dir=\"ltr\" role=\"presentation\">equilibrio precario. Quest&#8217;anno le risorse sono state trovate in extremis ma non si tratta di <\/span><\/span><span id=\"page7R_mcid24\" class=\"markedContent\"><span dir=\"ltr\" role=\"presentation\">un finanziamento strutturale e la prossima estate ci troveremo di nuovo al punto di <\/span><\/span><span id=\"page7R_mcid25\" class=\"markedContent\"><span dir=\"ltr\" role=\"presentation\">partenza&#8221;.<\/span><\/span><\/p>\n<p><strong>DOMANI<\/strong><\/p>\n<p><span id=\"page7R_mcid25\" class=\"markedContent\"><span dir=\"ltr\" role=\"presentation\"> Il PD Belluno Dolomiti\u00a0 organizza per il 28 settembre <\/span><\/span><span id=\"page7R_mcid26\" class=\"markedContent\"><span dir=\"ltr\" role=\"presentation\">un incontro sul tema a cui parteciper\u00e0 l&#8217;assessore ai trasporti<\/span><\/span><span id=\"page7R_mcid27\" class=\"markedContent\"><br role=\"presentation\" \/><span dir=\"ltr\" role=\"presentation\">dell&#8217;Emilia Romagna Andrea Corsini. In Emilia infatti la Regione interviene direttamente sul <\/span><\/span><span id=\"page7R_mcid28\" class=\"markedContent\"><span dir=\"ltr\" role=\"presentation\">trasporto, rendendolo gratuito per tutti gli studenti. Molte citt\u00e0 e Province stanno andando <\/span><\/span><span id=\"page7R_mcid29\" class=\"markedContent\"><span dir=\"ltr\" role=\"presentation\">in questa direzione.\u00a0<\/span><\/span><\/p>\n<p>&nbsp;<\/p>\n<hr \/>\n<p>&nbsp;<\/p>\n<blockquote>\n<h2>A PROPOSITO&#8230; RICORDI IMBARAZZANTI<\/h2>\n<\/blockquote>\n<p><strong><img loading=\"lazy\" decoding=\"async\" class=\"alignleft\" src=\"https:\/\/www.radiopiu.net\/wordpress\/wp-content\/uploads\/2021\/10\/9396bbfc-2818-4225-b55d-9a56c39206f1.jpg\" width=\"213\" height=\"120\" \/>REDAZIONE<\/strong> Viene da sorridere tornando a quell&#8217;episodio subito messo a tacere e che risale alla tarda primavera. Gli studenti dall&#8217;Agordino non potendone pi\u00f9 di fare 30 chilometri all&#8217;andata e altrettanti al ritorno in piedi hanno protestato pacificamente attaccando dei post-it (quelli classici) ai vetri dei pullman. L&#8217;azienda ha minacciato di adire a vie legali se non avessero pagato (i genitori) 480 euro, tanti ne sarebbero serviti per pulire i vetri del pullman&#8230;Fortunatamente non si \u00e8 pi\u00f9 sentito nulla, immaginiamo si sia speso un po&#8217; meno per la pulizia,\u00a0 anche se in molti si sono interessati per aprire un&#8217;impresa di settore: capirai,\u00a0 480 euro per pochi post-it un bell&#8217;affare. Poich\u00e9 abbiamo una buona memoria (e un buon archivio) oggi vi riproponiamo quella vicenda che ben introduce l&#8217;argomento di oggi<\/p>\n<p><strong>IERI<\/strong><\/p>\n<blockquote class=\"wp-embedded-content\" data-secret=\"tBOT0SvTh6\"><p><a href=\"https:\/\/www.radiopiu.net\/wordpress\/lautobus-dei-post-it-la-dolomitibus-chiede-480-euro-per-la-pulizia\/\">L&#8217;AUTOBUS DEI POST IT. LA DOLOMITIBUS CHIEDE 480 EURO PER LA PULIZIA<\/a><\/p><\/blockquote>\n<p><iframe loading=\"lazy\" class=\"wp-embedded-content\" sandbox=\"allow-scripts\" security=\"restricted\" style=\"position: absolute; clip: rect(1px, 1px, 1px, 1px);\" title=\"&#8220;L&#8217;AUTOBUS DEI POST IT. LA DOLOMITIBUS CHIEDE 480 EURO PER LA PULIZIA&#8221; &#8212; Radio Pi\u00f9\" src=\"https:\/\/www.radiopiu.net\/wordpress\/lautobus-dei-post-it-la-dolomitibus-chiede-480-euro-per-la-pulizia\/embed\/#?secret=FhlIDLOavc#?secret=tBOT0SvTh6\" data-secret=\"tBOT0SvTh6\" width=\"600\" height=\"338\" frameborder=\"0\" marginwidth=\"0\" marginheight=\"0\" scrolling=\"no\"><\/iframe><\/p>\n<p>&nbsp;<\/p>\n<hr \/>\n<p>&nbsp;<\/p>\n<p>&nbsp;<\/p>\n<blockquote>\n<h3>I LAVORATORI LUXOTTICA &#8220;ABBANDONATI&#8221; DALLA DOLOMITIBUS<\/h3>\n<\/blockquote>\n<p><strong><img loading=\"lazy\" decoding=\"async\" class=\"alignleft\" src=\"https:\/\/www.radiopiu.net\/wordpress\/wp-content\/uploads\/2022\/06\/luxottica-dallalto.jpg\" width=\"196\" height=\"147\" \/>BELLUNO<\/strong> Non resta che trovare l&#8217;accordo e salire, o scendere, ad Agordo o a Sedico,\u00a0 o a Cencenighe con i mezzi propri, mettendoli in condivisione. Da non crederci.\u00a0 Abbonamenti aumentati, introiti con i lavoratori Luxottica non di poco conto, ma nonostante questo anche il &#8220;cliente&#8221; importante viene lasciato a piedi, in questo caso gi\u00f9 dalle navette che dal 13 settembre saranno navette fantasma, cio\u00e8 non ci saranno.<\/p>\n<p>Luxottica ha infatti informato i dipendenti che Dolomitibus da oggi\u00a0 (quindi informazione con largo anticipo&#8230;) sar\u00e0 sospeso il servizio di navetta fra stabilimento e parcheggi esterni fino a nuova comunicazione. Si invita, ove possibile, a condividere l&#8217;auto con i colleghi. Per i lavoratori a giornata sar\u00e0 possibile salire su bus di linea come da fermate.<\/p>\n<p>&nbsp;<\/p>\n<hr \/>\n<p>&nbsp;<\/p>\n<p><span style=\"color: #ff0000;\">ieri sera dal TG di Antenna3, canale 10 digitale terrestre. Ogni sera alle 19 su RADIOPIU le anticipazioni.<\/span><\/p>\n<blockquote>\n<h3 class=\"_title post-title entry-title\">BELLUNO | PALAZZO ROSSO, LA MAGGIORANZA SI SPACCA, NASCE NUOVO GRUPPO CIVICO<\/h3>\n<p>Grandi manovre in vista a Palazzo Rosso. Nel prossimo consiglio consiglio comunale sar\u00e0 ufficializzata la nascita di un nuovo gruppo che raccoglie i ribelli di Lega e Noi con Oscar.<\/p><\/blockquote>\n<p>di\u00a0<a href=\"https:\/\/antennatre.medianordest.it\/redazione\/Tiziana-Bolognani\/\">Tiziana Bolognani<\/a><\/p>\n<p><iframe loading=\"lazy\" title=\"PALAZZO ROSSO, LA MAGGIORANZA SI SPACCA, NASCE NUOVO GRUPPO CIVICO | 12\/09\/2023\" width=\"1200\" height=\"675\" src=\"https:\/\/www.youtube.com\/embed\/Gnsrd8jrffo?feature=oembed\" frameborder=\"0\" allow=\"accelerometer; autoplay; clipboard-write; encrypted-media; gyroscope; picture-in-picture; web-share\" allowfullscreen><\/iframe><\/p>\n<p>&nbsp;<\/p>\n<hr \/>\n<p>&nbsp;<\/p>\n<blockquote>\n<h3><a class=\"dt-pswp-item\" href=\"https:\/\/www.radiopiu.net\/wordpress\/wp-content\/uploads\/2023\/09\/WhatsApp-Image-2023-09-12-at-19.18.40.jpeg\" data-dt-img-description=\"\" data-large_image_width=\"1500\" data-large_image_height=\"2000\"><img loading=\"lazy\" decoding=\"async\" class=\"size-medium wp-image-352257 alignleft\" src=\"https:\/\/www.radiopiu.net\/wordpress\/wp-content\/uploads\/2023\/09\/WhatsApp-Image-2023-09-12-at-19.18.40-225x300.jpeg\" alt=\"\" width=\"225\" height=\"300\" srcset=\"https:\/\/www.radiopiu.net\/wordpress\/wp-content\/uploads\/2023\/09\/WhatsApp-Image-2023-09-12-at-19.18.40-225x300.jpeg 225w, https:\/\/www.radiopiu.net\/wordpress\/wp-content\/uploads\/2023\/09\/WhatsApp-Image-2023-09-12-at-19.18.40-768x1024.jpeg 768w, https:\/\/www.radiopiu.net\/wordpress\/wp-content\/uploads\/2023\/09\/WhatsApp-Image-2023-09-12-at-19.18.40-1152x1536.jpeg 1152w, https:\/\/www.radiopiu.net\/wordpress\/wp-content\/uploads\/2023\/09\/WhatsApp-Image-2023-09-12-at-19.18.40.jpeg 1500w\" sizes=\"auto, (max-width: 225px) 100vw, 225px\" \/><\/a>500 MILA EURO DEI FONDI DI CONFINE PER LE IDEE DATATE E MAI COMPLETATE<\/h3>\n<\/blockquote>\n<p><strong>GOSALDO<\/strong><\/p>\n<p><strong>DI GIANNI SANTOMASO\u00a0\u00a0<\/strong><\/p>\n<p>&nbsp;<\/p>\n<p>&nbsp;<\/p>\n<p>&nbsp;<\/p>\n<p>&nbsp;<\/p>\n<p>&nbsp;<\/p>\n<p>&nbsp;<\/p>\n<p>&nbsp;<\/p>\n<audio class=\"wp-audio-shortcode\" id=\"audio-352137-4\" preload=\"none\" style=\"width: 100%;\" controls=\"controls\"><source type=\"audio\/mpeg\" src=\"https:\/\/www.radiopiu.net\/wordpress\/wp-content\/uploads\/2023\/09\/fondi-di-confine-a-gosaldo.mp3?_=4\" \/><a href=\"https:\/\/www.radiopiu.net\/wordpress\/wp-content\/uploads\/2023\/09\/fondi-di-confine-a-gosaldo.mp3\">https:\/\/www.radiopiu.net\/wordpress\/wp-content\/uploads\/2023\/09\/fondi-di-confine-a-gosaldo.mp3<\/a><\/audio>\n<p>&nbsp;<\/p>\n<p>&nbsp;<\/p>\n<hr \/>\n<p>&nbsp;<\/p>\n<blockquote>\n<h3>Veneto Acque Incaricata della Bonifica dell&#8217;Ex Faesite: Importante Passo Avanti per la Salvaguardia Ambientale<\/h3>\n<\/blockquote>\n<p><strong><img loading=\"lazy\" decoding=\"async\" class=\"alignleft\" src=\"https:\/\/www.radiopiu.net\/wordpress\/wp-content\/uploads\/2023\/09\/Senza-nome-21.png\" width=\"268\" height=\"84\" \/>VENEZIA<\/strong> La Giunta regionale del Veneto ha approvato la nomina di Veneto Acque come responsabile dell&#8217;esecuzione dei lavori di bonifica presso l&#8217;ex sito Faesite a Longarone. Questo passo \u00e8 stato guidato dall&#8217;assessore all&#8217;Ambiente, Gianpaolo Bottacin, e rappresenta un impegno significativo per la tutela dell&#8217;ambiente e la ripristinazione di un&#8217;area contaminata. L&#8217;intervento, finanziato con 500mila euro, mira a risolvere i problemi derivati dalla contaminazione da rifiuti e idrocarburi, consentendo la riqualificazione di una zona precedentemente inutilizzabile. Questa iniziativa dimostra l&#8217;impegno della regione nel preservare il territorio e sostenere comunit\u00e0 locali in situazioni simili.<\/p>\n<p><strong>L&#8217;ASSESSORE GIANPAOLO BOTTACIN<\/strong><\/p>\n<div style=\"width: 640px;\" class=\"wp-video\"><video class=\"wp-video-shortcode\" id=\"video-352137-2\" width=\"640\" height=\"368\" preload=\"metadata\" controls=\"controls\"><source type=\"video\/mp4\" src=\"https:\/\/www.radiopiu.net\/wordpress\/wp-content\/uploads\/2023\/09\/WhatsApp-Video-2023-09-12-at-12.56.46.mp4?_=2\" \/><a href=\"https:\/\/www.radiopiu.net\/wordpress\/wp-content\/uploads\/2023\/09\/WhatsApp-Video-2023-09-12-at-12.56.46.mp4\">https:\/\/www.radiopiu.net\/wordpress\/wp-content\/uploads\/2023\/09\/WhatsApp-Video-2023-09-12-at-12.56.46.mp4<\/a><\/video><\/div>\n<p>&nbsp;<\/p>\n<p>&nbsp;<\/p>\n<p>&nbsp;<\/p>\n<hr \/>\n<p>&nbsp;<\/p>\n<blockquote>\n<h1><strong><img loading=\"lazy\" decoding=\"async\" class=\"alignleft\" src=\"https:\/\/www.radiopiu.net\/wordpress\/wp-content\/uploads\/2023\/09\/Senza-nome-26.png\" width=\"265\" height=\"151\" \/>APPELLO PER RIPORTARE A SAN LUCANO LA PIETRA TOMBALE DELLA BEATA VAZA\u00a0<\/strong><\/h1>\n<p><span style=\"color: #ff0000;\">LA RICHIESTA DI ALESSANDRO SAVIO.<\/span><\/p><\/blockquote>\n<p><strong>DI GIANNI SANTOMASO<\/strong><\/p>\n<audio class=\"wp-audio-shortcode\" id=\"audio-352137-5\" preload=\"none\" style=\"width: 100%;\" controls=\"controls\"><source type=\"audio\/mpeg\" src=\"https:\/\/www.radiopiu.net\/wordpress\/wp-content\/uploads\/2023\/09\/BEATA-VAZA-GIANNI.mp3?_=5\" \/><a href=\"https:\/\/www.radiopiu.net\/wordpress\/wp-content\/uploads\/2023\/09\/BEATA-VAZA-GIANNI.mp3\">https:\/\/www.radiopiu.net\/wordpress\/wp-content\/uploads\/2023\/09\/BEATA-VAZA-GIANNI.mp3<\/a><\/audio>\n<p>&nbsp;<\/p>\n<blockquote class=\"wp-embedded-content\" data-secret=\"pFB5CmzKTV\"><p><a href=\"https:\/\/www.radiopiu.net\/wordpress\/il-ritrovamento-della-pietra-tombale-di-beata-vaza\/\">IL RITROVAMENTO DELLA PIETRA TOMBALE  DI \u201cBEATA VAZA\u201c<\/a><\/p><\/blockquote>\n<p><iframe loading=\"lazy\" class=\"wp-embedded-content\" sandbox=\"allow-scripts\" security=\"restricted\" style=\"position: absolute; clip: rect(1px, 1px, 1px, 1px);\" title=\"&#8220;IL RITROVAMENTO DELLA PIETRA TOMBALE  DI \u201cBEATA VAZA\u201c&#8221; &#8212; Radio Pi\u00f9\" src=\"https:\/\/www.radiopiu.net\/wordpress\/il-ritrovamento-della-pietra-tombale-di-beata-vaza\/embed\/#?secret=1UdQ9kOg9h#?secret=pFB5CmzKTV\" data-secret=\"pFB5CmzKTV\" width=\"600\" height=\"338\" frameborder=\"0\" marginwidth=\"0\" marginheight=\"0\" scrolling=\"no\"><\/iframe><\/p>\n<p>&nbsp;<\/p>\n<hr \/>\n<p>&nbsp;<\/p>\n<blockquote>\n<h3>IL GIOCO DEL &#8221;TO&#8217; VEGNA &#8221; NEL REGISTRO DEL PATRIMONIO IMMATERIALE DELL&#8217;UNESCO<\/h3>\n<\/blockquote>\n<p><strong><a class=\"dt-pswp-item\" href=\"https:\/\/www.radiopiu.net\/wordpress\/wp-content\/uploads\/2023\/09\/RICONOSCIMENTO-UNESCO-ROMA-2023.jpg\" data-dt-img-description=\"\" data-large_image_width=\"1536\" data-large_image_height=\"2048\"><img loading=\"lazy\" decoding=\"async\" class=\" wp-image-352178 alignleft\" src=\"https:\/\/www.radiopiu.net\/wordpress\/wp-content\/uploads\/2023\/09\/RICONOSCIMENTO-UNESCO-ROMA-2023-225x300.jpg\" alt=\"\" width=\"111\" height=\"148\" srcset=\"https:\/\/www.radiopiu.net\/wordpress\/wp-content\/uploads\/2023\/09\/RICONOSCIMENTO-UNESCO-ROMA-2023-225x300.jpg 225w, https:\/\/www.radiopiu.net\/wordpress\/wp-content\/uploads\/2023\/09\/RICONOSCIMENTO-UNESCO-ROMA-2023-768x1024.jpg 768w, https:\/\/www.radiopiu.net\/wordpress\/wp-content\/uploads\/2023\/09\/RICONOSCIMENTO-UNESCO-ROMA-2023-1152x1536.jpg 1152w, https:\/\/www.radiopiu.net\/wordpress\/wp-content\/uploads\/2023\/09\/RICONOSCIMENTO-UNESCO-ROMA-2023.jpg 1536w\" sizes=\"auto, (max-width: 111px) 100vw, 111px\" \/><\/a>BORGO VALBELLUNA <\/strong>Si \u00e8 svolta il 5 Settembre scorso a Roma presso il ministero dei beni culturali la consegna della pergamena al Cral farrese che riconosce ufficialmente l&#8217;antico gioco di strada del T\u00f2 Vegna quale patrimonio immateriale Unesco per la salvaguardia e la buona pratica dei giochi antichi. La consegna del riconoscimento alle comunit\u00e0 di gioco, cosi vengono definite, inserite nella manifestazione Tocati&#8217;, della quale fa parte anche Farra,\u00e8 stata effettuata dal sottosegretario alla cultura on. Gianmarco Mazzi alla delegazione farrese guidata dal presidente Davide Colle, da Antonella Susana che ha seguito nel corso degli anni il progetto To&#8217; Vegna. Ad accompagnare la delegazione il sindaco di Borgo Valbelluna Stefano Cesa.<\/p>\n<p>&nbsp;<\/p>\n<p>&nbsp;<\/p>\n<hr \/>\n<p>&nbsp;<\/p>\n<blockquote>\n<h3><a class=\"dt-pswp-item\" href=\"https:\/\/www.radiopiu.net\/wordpress\/wp-content\/uploads\/2023\/09\/Hotel-Tre-Pini-scaled.jpg\" data-dt-img-description=\"\" data-large_image_width=\"1768\" data-large_image_height=\"2560\"><img loading=\"lazy\" decoding=\"async\" class=\"size-medium wp-image-352233 alignleft\" src=\"https:\/\/www.radiopiu.net\/wordpress\/wp-content\/uploads\/2023\/09\/Hotel-Tre-Pini-207x300.jpg\" alt=\"\" width=\"207\" height=\"300\" srcset=\"https:\/\/www.radiopiu.net\/wordpress\/wp-content\/uploads\/2023\/09\/Hotel-Tre-Pini-207x300.jpg 207w, https:\/\/www.radiopiu.net\/wordpress\/wp-content\/uploads\/2023\/09\/Hotel-Tre-Pini-707x1024.jpg 707w, https:\/\/www.radiopiu.net\/wordpress\/wp-content\/uploads\/2023\/09\/Hotel-Tre-Pini-768x1112.jpg 768w, https:\/\/www.radiopiu.net\/wordpress\/wp-content\/uploads\/2023\/09\/Hotel-Tre-Pini-1061x1536.jpg 1061w, https:\/\/www.radiopiu.net\/wordpress\/wp-content\/uploads\/2023\/09\/Hotel-Tre-Pini-1414x2048.jpg 1414w, https:\/\/www.radiopiu.net\/wordpress\/wp-content\/uploads\/2023\/09\/Hotel-Tre-Pini-scaled.jpg 1768w\" sizes=\"auto, (max-width: 207px) 100vw, 207px\" \/><\/a>UNA TARGA ANCHE PER IL TRE PINI<\/h3>\n<p><strong>DANTA DI CADORE\u00a0<\/strong><\/p>\n<p>&nbsp;<\/p><\/blockquote>\n<p>Sessant\u2019anni di storia per l\u2019Hotel pizzeria \u201cTre Pini\u201d di Danta di Cadore avviato dalla famiglia Menia Bagatin nel lontano 1963. Il presidente dell&#8217;Ascom,\u00a0 Paolo Doglioni, ha ritenuto doveroso riconoscere attraverso una diretta attestazione, che riporta il sentimento di tutta l\u2019Associazione di Categoria Confcommercio, verso chi ha saputo costruire e pazientemente mantenere nel corso degli anni un baluardo dell\u2019imprenditoria turistica e della ristorazione della provincia. Doglioni infine, ha voluto dunque con questo gesto esprimere i migliori auguri di un proficuo lavoro e il ringraziamento per quanto svolto fino adesso per il territorio e per Confcommercio Belluno \u2013 Ascom, di cui la ditta dal primo giorno della propria esistenza \u00e8 socia.<\/p>\n<p>&nbsp;<\/p>\n<p>&nbsp;<\/p>\n<hr \/>\n<p>&nbsp;<\/p>\n<blockquote>\n<h3>INCONTRO UNCEM CON IL MINISTRO PICHETTO. AL CENTRO ENERGIA PER I COMUNI, DIFESA DA UNGULATI E VALORIZZAZIONE MONTAGNE ITALIANE<\/h3>\n<\/blockquote>\n<p><strong><a class=\"dt-pswp-item\" href=\"https:\/\/www.radiopiu.net\/wordpress\/wp-content\/uploads\/2020\/11\/logoUNCEM_no_scritta-wdtr.jpg\" data-dt-img-description=\"\" data-large_image_width=\"640\" data-large_image_height=\"640\"><img loading=\"lazy\" decoding=\"async\" class=\" wp-image-170846 alignleft\" src=\"https:\/\/www.radiopiu.net\/wordpress\/wp-content\/uploads\/2020\/11\/logoUNCEM_no_scritta-wdtr-300x300.jpg\" alt=\"\" width=\"110\" height=\"110\" srcset=\"https:\/\/www.radiopiu.net\/wordpress\/wp-content\/uploads\/2020\/11\/logoUNCEM_no_scritta-wdtr-300x300.jpg 300w, https:\/\/www.radiopiu.net\/wordpress\/wp-content\/uploads\/2020\/11\/logoUNCEM_no_scritta-wdtr-150x150.jpg 150w, https:\/\/www.radiopiu.net\/wordpress\/wp-content\/uploads\/2020\/11\/logoUNCEM_no_scritta-wdtr.jpg 640w\" sizes=\"auto, (max-width: 110px) 100vw, 110px\" \/><\/a>ROMA<\/strong> Uncem, con il Presidente nazionale e un gruppo di Amministratori dell&#8217;Unione nazionale Comuni Comunit\u00e0 Enti montani, ha incontrato il Ministro Gilberto Pichetto Fratin. Nel corso della riunione al Ministero a Roma sono stati esaminati temi centrali per i territori. A partire dall&#8217;attesa per le regole e gli incentivi, anche per investimenti, sulle comunit\u00e0 energetiche, nonch\u00e9 la necessaria accelerazione dei nuovi impianti di rinnovabili, sui quali i territori montani con i Comuni vogliono essere protagonisti. Il Vicepresidente nazionale Vincenzo Luciano ha posto al Ministro il tema della protezione delle aree agricole, anche in zone parco, da lupi, cinghiali e ungulati, che aumentano e richiedono appositi meccanismi di attenzione da parte delle Istituzioni centrali e regionali, in accordo con gli Enti locali e gli Enti Parco.<\/p>\n<p>&nbsp;<\/p>\n<p>&nbsp;<\/p>\n<hr \/>\n<p>&nbsp;<\/p>\n<blockquote>\n<h3>SOLENNE CERIMONIA PER IL CENTENARIO DEL MONUMENTO AI CADUTI DI FELTRE<\/h3>\n<\/blockquote>\n<p><strong><a class=\"dt-pswp-item\" href=\"https:\/\/www.radiopiu.net\/wordpress\/wp-content\/uploads\/2023\/09\/DSAHA.jpg\" data-dt-img-description=\"\" data-large_image_width=\"2250\" data-large_image_height=\"1472\"><img loading=\"lazy\" decoding=\"async\" class=\" wp-image-352160 alignleft\" src=\"https:\/\/www.radiopiu.net\/wordpress\/wp-content\/uploads\/2023\/09\/DSAHA-300x196.jpg\" alt=\"\" width=\"188\" height=\"123\" srcset=\"https:\/\/www.radiopiu.net\/wordpress\/wp-content\/uploads\/2023\/09\/DSAHA-300x196.jpg 300w, https:\/\/www.radiopiu.net\/wordpress\/wp-content\/uploads\/2023\/09\/DSAHA-1024x670.jpg 1024w, https:\/\/www.radiopiu.net\/wordpress\/wp-content\/uploads\/2023\/09\/DSAHA-768x502.jpg 768w, https:\/\/www.radiopiu.net\/wordpress\/wp-content\/uploads\/2023\/09\/DSAHA-1536x1005.jpg 1536w, https:\/\/www.radiopiu.net\/wordpress\/wp-content\/uploads\/2023\/09\/DSAHA-2048x1340.jpg 2048w\" sizes=\"auto, (max-width: 188px) 100vw, 188px\" \/><\/a>FELTRE <\/strong>Il 16 settembre 1923 venne inaugurato il Monumento ai Caduti di Feltre, in onore dei Caduti durante la Grande Guerra. In occasione del centenario dell&#8217;evento, la Sezione Alpini di Feltre e il Comune organizzano una cerimonia commemorativa il 16 settembre 2023. Il programma include una conferenza al Museo Carlo Rizzarda, seguita da una cerimonia di resa degli onori ai Caduti presso il monumento. Il monumento presenta un cippo in pietra bianca con un gruppo scultoreo in bronzo raffigurante la &#8220;Risurrezione dell&#8217;Eroe&#8221; di Annibale De Lotto. La recinzione \u00e8 arricchita da quattro aquile in ferro battuto di Carlo Rizzarda. Le lapidi riportano i nomi dei Caduti in diverse guerre. Gli Alpini invitano la cittadinanza a partecipare per onorare la memoria dei Caduti e l&#8217;iniziativa del Comitato che ha reso possibile il monumento.<\/p>\n<p>&nbsp;<\/p>\n<hr \/>\n<p>&nbsp;<\/p>\n<blockquote>\n<h3>ACQUA INQUINATA A VOLTAGO, SITUAZIONE MIGLIORATA A COLCUC<\/h3>\n<\/blockquote>\n<p>A <strong>VOLTAGO AGORDINO<\/strong> nelle localit\u00e0 BERTOI, FRASSENE\u2019, VILLA e VIA GIOA; a <strong>COLLE SANTA LUCIA<\/strong> in localit\u00e0 RUCAVA l&#8217;acqua erogata dall&#8217;acquedotto non \u00e8 potabile e pu\u00f2 essere usata per scopi alimentari solo previa bollitura.<\/p>\n<p><strong>COLLE SANTA LUCIA<\/strong> in localit\u00e0 COLCUC l&#8217;acqua erogata dall&#8217;acquedotto \u00e8 di nuovo potabile e pu\u00f2 essere usata, quindi, per scopi alimentari.<\/p>\n<p>&nbsp;<\/p>\n<blockquote>\n<h3>CHIUDE L&#8217;ALTA VIA NUMERO 1 SOPRA LA VALLE AGORDINA PER LAVORI DI ESBOSCO<\/h3>\n<\/blockquote>\n<p><img decoding=\"async\" class=\"alignleft\" src=\"https:\/\/www.radiopiu.net\/wordpress\/wp-content\/uploads\/2023\/09\/th-7.jpg\" \/><strong>LA VALLE AGORDINA<\/strong> La Polizia Locale di La Valle Agordina da notizia della chiusura del sentiero Cai 543, denominato Alta Via Numero 1 nel tratto compreso tra Pian di Caleda e Forcella Dagarei, questo per permettere i lavori di esbosco. L&#8217;ordinanza rimane in vigore fino al termine dei lavori, tutti i giorni nelle 24 ore, sabato e domenica compresi.<\/p>\n<p>La \u201cvariante al sentiero CAI n.543\u201d \u00e8 percorribile. Gli escursionisti dovranno percorrere unicamente la variante predisposta dal CAI e segnalata in loco \u00a0in quanto il sentiero originario \u00e8 interessato dal taglio di alberi e esbosco degli stessi con impianti a fune , quindi molto pericoloso da percorrere.<\/p>\n<p>&nbsp;<\/p>\n<hr \/>\n<blockquote>\n<h3>NIENTE PAURA! E&#8217; SOLO UN TEST- ALERT<\/h3>\n<\/blockquote>\n<div dir=\"auto\"><\/div>\n<div dir=\"auto\">\n<div class=\"x11i5rnm xat24cr x1mh8g0r x1vvkbs xtlvy1s x126k92a\">\n<div dir=\"auto\"><a class=\"dt-pswp-item\" href=\"https:\/\/www.radiopiu.net\/wordpress\/wp-content\/uploads\/2023\/09\/Senza-nome-22.png\" data-dt-img-description=\"\" data-large_image_width=\"497\" data-large_image_height=\"305\"><img loading=\"lazy\" decoding=\"async\" class=\"size-medium wp-image-352208 alignleft\" src=\"https:\/\/www.radiopiu.net\/wordpress\/wp-content\/uploads\/2023\/09\/Senza-nome-22-300x184.png\" alt=\"\" width=\"300\" height=\"184\" srcset=\"https:\/\/www.radiopiu.net\/wordpress\/wp-content\/uploads\/2023\/09\/Senza-nome-22-300x184.png 300w, https:\/\/www.radiopiu.net\/wordpress\/wp-content\/uploads\/2023\/09\/Senza-nome-22.png 497w\" sizes=\"auto, (max-width: 300px) 100vw, 300px\" \/><\/a>Il 21 settembre verso le ore 12 tutti coloro che si troveranno in Veneto dovrebbero ricevere un <a class=\"x1i10hfl xjbqb8w x6umtig x1b1mbwd xaqea5y xav7gou x9f619 x1ypdohk xt0psk2 xe8uvvx xdj266r x11i5rnm xat24cr x1mh8g0r xexx8yu x4uap5 x18d9i69 xkhd6sd x16tdsg8 x1hl2dhg xggy1nq x1a2a7pz xt0b8zv x1qq9wsj xo1l8bm\" tabindex=\"0\" role=\"link\" href=\"https:\/\/www.facebook.com\/hashtag\/messaggio?__eep__=6&amp;__cft__[0]=AZUimrQsuL_Hh_9tLmTDzCJpADv6Bb5qF3BCSvz2b-mlxoFaioWpO-tdUjYFud840CqjfPrCyLR8W8_FdqtUb04D8Oce7g3w5AtBXC8tNSLBRfH0jYbzEz9ZNYOx12AVtkEIsD4T_43k3mONmzvBAgw-xrh658LKNLLheOb1SrqMXUerF-4n5-gJ6qg_wZFt_No&amp;__tn__=*NK-R\">#messaggio<\/a> di <a class=\"x1i10hfl xjbqb8w x6umtig x1b1mbwd xaqea5y xav7gou x9f619 x1ypdohk xt0psk2 xe8uvvx xdj266r x11i5rnm xat24cr x1mh8g0r xexx8yu x4uap5 x18d9i69 xkhd6sd x16tdsg8 x1hl2dhg xggy1nq x1a2a7pz xt0b8zv x1qq9wsj xo1l8bm\" tabindex=\"0\" role=\"link\" href=\"https:\/\/www.facebook.com\/hashtag\/allarme?__eep__=6&amp;__cft__[0]=AZUimrQsuL_Hh_9tLmTDzCJpADv6Bb5qF3BCSvz2b-mlxoFaioWpO-tdUjYFud840CqjfPrCyLR8W8_FdqtUb04D8Oce7g3w5AtBXC8tNSLBRfH0jYbzEz9ZNYOx12AVtkEIsD4T_43k3mONmzvBAgw-xrh658LKNLLheOb1SrqMXUerF-4n5-gJ6qg_wZFt_No&amp;__tn__=*NK-R\">#allarme<\/a> <a class=\"x1i10hfl xjbqb8w x6umtig x1b1mbwd xaqea5y xav7gou x9f619 x1ypdohk xt0psk2 xe8uvvx xdj266r x11i5rnm xat24cr x1mh8g0r xexx8yu x4uap5 x18d9i69 xkhd6sd x16tdsg8 x1hl2dhg xggy1nq x1a2a7pz xt0b8zv x1qq9wsj xo1l8bm\" tabindex=\"0\" role=\"link\" href=\"https:\/\/www.facebook.com\/hashtag\/pubblico?__eep__=6&amp;__cft__[0]=AZUimrQsuL_Hh_9tLmTDzCJpADv6Bb5qF3BCSvz2b-mlxoFaioWpO-tdUjYFud840CqjfPrCyLR8W8_FdqtUb04D8Oce7g3w5AtBXC8tNSLBRfH0jYbzEz9ZNYOx12AVtkEIsD4T_43k3mONmzvBAgw-xrh658LKNLLheOb1SrqMXUerF-4n5-gJ6qg_wZFt_No&amp;__tn__=*NK-R\">#pubblico<\/a> sul loro <a class=\"x1i10hfl xjbqb8w x6umtig x1b1mbwd xaqea5y xav7gou x9f619 x1ypdohk xt0psk2 xe8uvvx xdj266r x11i5rnm xat24cr x1mh8g0r xexx8yu x4uap5 x18d9i69 xkhd6sd x16tdsg8 x1hl2dhg xggy1nq x1a2a7pz xt0b8zv x1qq9wsj xo1l8bm\" tabindex=\"0\" role=\"link\" href=\"https:\/\/www.facebook.com\/hashtag\/cellulare?__eep__=6&amp;__cft__[0]=AZUimrQsuL_Hh_9tLmTDzCJpADv6Bb5qF3BCSvz2b-mlxoFaioWpO-tdUjYFud840CqjfPrCyLR8W8_FdqtUb04D8Oce7g3w5AtBXC8tNSLBRfH0jYbzEz9ZNYOx12AVtkEIsD4T_43k3mONmzvBAgw-xrh658LKNLLheOb1SrqMXUerF-4n5-gJ6qg_wZFt_No&amp;__tn__=*NK-R\">#cellulare<\/a>. Si tratta della sperimentazione di <a class=\"x1i10hfl xjbqb8w x6umtig x1b1mbwd xaqea5y xav7gou x9f619 x1ypdohk xt0psk2 xe8uvvx xdj266r x11i5rnm xat24cr x1mh8g0r xexx8yu x4uap5 x18d9i69 xkhd6sd x16tdsg8 x1hl2dhg xggy1nq x1a2a7pz xt0b8zv x1qq9wsj xo1l8bm\" tabindex=\"0\" role=\"link\" href=\"https:\/\/www.facebook.com\/hashtag\/it?__eep__=6&amp;__cft__[0]=AZUimrQsuL_Hh_9tLmTDzCJpADv6Bb5qF3BCSvz2b-mlxoFaioWpO-tdUjYFud840CqjfPrCyLR8W8_FdqtUb04D8Oce7g3w5AtBXC8tNSLBRfH0jYbzEz9ZNYOx12AVtkEIsD4T_43k3mONmzvBAgw-xrh658LKNLLheOb1SrqMXUerF-4n5-gJ6qg_wZFt_No&amp;__tn__=*NK-R\">#IT<\/a>&#8211;<a class=\"x1i10hfl xjbqb8w x6umtig x1b1mbwd xaqea5y xav7gou x9f619 x1ypdohk xt0psk2 xe8uvvx xdj266r x11i5rnm xat24cr x1mh8g0r xexx8yu x4uap5 x18d9i69 xkhd6sd x16tdsg8 x1hl2dhg xggy1nq x1a2a7pz xt0b8zv x1qq9wsj xo1l8bm\" tabindex=\"0\" role=\"link\" href=\"https:\/\/www.facebook.com\/hashtag\/alert?__eep__=6&amp;__cft__[0]=AZUimrQsuL_Hh_9tLmTDzCJpADv6Bb5qF3BCSvz2b-mlxoFaioWpO-tdUjYFud840CqjfPrCyLR8W8_FdqtUb04D8Oce7g3w5AtBXC8tNSLBRfH0jYbzEz9ZNYOx12AVtkEIsD4T_43k3mONmzvBAgw-xrh658LKNLLheOb1SrqMXUerF-4n5-gJ6qg_wZFt_No&amp;__tn__=*NK-R\">#alert<\/a>, il nuovo sistema nazionale &#8220;IT-alert&#8221;, al momento in fase di sperimentazione, pensato per informare la popolazione in caso di \u00abgravi emergenze o catastrofi imminenti o in corso\u00bb<\/div>\n<\/div>\n<div class=\"x11i5rnm xat24cr x1mh8g0r x1vvkbs xtlvy1s x126k92a\">\n<div dir=\"auto\">Nella foto un esempio del messaggio che sar\u00e0 ricevuto. Ne da notizia l&#8217;assessore regionale Gianpaolo Bottacin che aggiunge &#8220;Il test sar\u00e0 effettuato il 12 settembre in Friuli e il 19 settembre in Lombardia per cui potrebbe accadere che alcuni cittadini che si troveranno in Veneto ma in aree vicine a tali regioni potrebbero ricevere il messaggio anche in tali date. Gli obiettivi del test sono quelli di fare conoscere il nuovo sistema alle persone che potrebbero essere coinvolte in situazioni di emergenza quando IT-alert sar\u00e0 operativo, ma anche di verificarne il funzionamento in relazione alle diverse tipologie di telefono e di sistemi operativi e, infine, di raccogliere indicazioni dagli utenti. It-Alert non crea alcun problema di privacy e non serve scaricare alcuna app.<\/div>\n<div dir=\"auto\"><\/div>\n<\/div>\n<\/div>\n<p>&nbsp;<\/p>\n<hr \/>\n<p>&nbsp;<\/p>\n<blockquote>\n<h3>UNA PONTALPINA VINCE LA PRIMA PUNTATA DI DON&#8217;T FORGET THE LYRICS<\/h3>\n<\/blockquote>\n<p><strong><a class=\"dt-pswp-item\" href=\"https:\/\/www.radiopiu.net\/wordpress\/wp-content\/uploads\/2023\/09\/Selena_Viel_durante_lo_show.jpg\" data-dt-img-description=\"\" data-large_image_width=\"723\" data-large_image_height=\"416\"><img loading=\"lazy\" decoding=\"async\" class=\" wp-image-352157 alignleft\" src=\"https:\/\/www.radiopiu.net\/wordpress\/wp-content\/uploads\/2023\/09\/Selena_Viel_durante_lo_show-300x173.jpg\" alt=\"\" width=\"168\" height=\"97\" srcset=\"https:\/\/www.radiopiu.net\/wordpress\/wp-content\/uploads\/2023\/09\/Selena_Viel_durante_lo_show-300x173.jpg 300w, https:\/\/www.radiopiu.net\/wordpress\/wp-content\/uploads\/2023\/09\/Selena_Viel_durante_lo_show.jpg 723w\" sizes=\"auto, (max-width: 168px) 100vw, 168px\" \/><\/a>PONTE NELLE ALPI <\/strong>Inizia la quarta stagione dello show \u201cDon\u2019t Forget the Lyrics &#8211; Stai sul pezzo\u201d. E a vincere la prima puntata \u00e8 una ragazza che risiede a Ponte nelle Alpi, nella frazione di Polpet: Selena Viel. La quale si \u00e8 cimentata in una sfida musicale di grande suggestione: i concorrenti, infatti, hanno il compito di interpretare diverse canzoni, senza mai dimenticare le parole.<span class=\"gmail-Apple-converted-space\"> \u00a0<\/span>Padrone di casa dello show, Gabriele Corsi: uno dei componenti del Trio Medusa ha riacceso la trasmissione sul canale nazionale \u201cNove\u201d. Il programma va in onda dal luned\u00ec al venerd\u00ec alle 20.25 e mette alla prova cantanti amatoriali e appassionati di musica sulle note della storia del pop.<span class=\"gmail-Apple-converted-space\"> Oltre a dimostrare simpatia e capacit\u00e0 canore, Selena ha promosso con passione il territorio in cui vive. Una bella soddisfazione, quindi, anche perch\u00e9 il programma ha un ottimo share<\/span><\/p>\n<p>&nbsp;<\/p>\n<p>&nbsp;<\/p>\n<hr \/>\n<p>&nbsp;<\/p>\n<blockquote>\n<h3>A TAVOLA NEL FELTRINO: IL FAGIOLO<\/h3>\n<\/blockquote>\n<p><strong><a class=\"dt-pswp-item\" href=\"https:\/\/www.radiopiu.net\/wordpress\/wp-content\/uploads\/2018\/09\/lamon.jpg\" data-dt-img-description=\"\" data-large_image_width=\"800\" data-large_image_height=\"531\"><img loading=\"lazy\" decoding=\"async\" class=\" wp-image-60125 alignleft\" src=\"https:\/\/www.radiopiu.net\/wordpress\/wp-content\/uploads\/2018\/09\/lamon-300x199.jpg\" alt=\"\" width=\"173\" height=\"115\" srcset=\"https:\/\/www.radiopiu.net\/wordpress\/wp-content\/uploads\/2018\/09\/lamon-300x199.jpg 300w, https:\/\/www.radiopiu.net\/wordpress\/wp-content\/uploads\/2018\/09\/lamon-768x510.jpg 768w, https:\/\/www.radiopiu.net\/wordpress\/wp-content\/uploads\/2018\/09\/lamon.jpg 800w\" sizes=\"auto, (max-width: 173px) 100vw, 173px\" \/><\/a>LAMON <\/strong>Il re fagiolo sar\u00e0 protagonista per tre giorni a Lamon, negli stand gastronomici, nei ristoranti e locali del paese e naturalmente negli stand di vendita del prodotto dell\u2019annata 2023. A pochi giorni dalla festa ancora non si sa quanto prodotto fresco e quanto prodotto secco saranno in vendita, il fagiolo matura letteralmente giorno per giorno e gli agricoltori passano queste giornate nei campi per la raccolta. Quest\u2019anno ricorrono i trent\u2019anni dalla costituzione del Consorzio di tutela del fagiolo di Lamon e si stanno facendo i conti con un cambiamento generazionale: lo zoccolo duro degli storici produttori si sta assottigliando e non c\u2019\u00e8 un altrettanto rapido ricambio.<\/p>\n<p>&nbsp;<\/p>\n<p>&nbsp;<\/p>\n<hr \/>\n<p>&nbsp;<\/p>\n<blockquote>\n<h3>SABATO TORNA &#8220;SPAVENTAPASSERI IN VIGNA&#8221;<\/h3>\n<\/blockquote>\n<p><strong><a class=\"dt-pswp-item\" href=\"https:\/\/www.radiopiu.net\/wordpress\/wp-content\/uploads\/2023\/09\/Simposio-Spaventapasseri-2021-2.jpg\" data-dt-img-description=\"\" data-large_image_width=\"1572\" data-large_image_height=\"2006\"><img loading=\"lazy\" decoding=\"async\" class=\" wp-image-352172 alignleft\" src=\"https:\/\/www.radiopiu.net\/wordpress\/wp-content\/uploads\/2023\/09\/Simposio-Spaventapasseri-2021-2-235x300.jpg\" alt=\"\" width=\"110\" height=\"140\" srcset=\"https:\/\/www.radiopiu.net\/wordpress\/wp-content\/uploads\/2023\/09\/Simposio-Spaventapasseri-2021-2-235x300.jpg 235w, https:\/\/www.radiopiu.net\/wordpress\/wp-content\/uploads\/2023\/09\/Simposio-Spaventapasseri-2021-2-802x1024.jpg 802w, https:\/\/www.radiopiu.net\/wordpress\/wp-content\/uploads\/2023\/09\/Simposio-Spaventapasseri-2021-2-768x980.jpg 768w, https:\/\/www.radiopiu.net\/wordpress\/wp-content\/uploads\/2023\/09\/Simposio-Spaventapasseri-2021-2-1204x1536.jpg 1204w, https:\/\/www.radiopiu.net\/wordpress\/wp-content\/uploads\/2023\/09\/Simposio-Spaventapasseri-2021-2.jpg 1572w\" sizes=\"auto, (max-width: 110px) 100vw, 110px\" \/><\/a>BORGO VALBELLUNA\u00a0 <\/strong>Taglio del nastro sabato 16 settembre per la seconda edizione del \u201cSimposio regionale di spaventapasseri in vigna\u201d, che come gi\u00e0 nel 2021 sar\u00e0 ospitata nella splendida cornice dell&#8217;azienda agricola Poggio Pagnan di Zottier di Borgo Valbelluna. Sette gli artisti che dalle 9.00 raggiungeranno i vigneti dove troveranno spazio le loro opere; quest&#8217;anno, sotto la regia e coordinamento artistico dello scultore Beppino Lorenzet si metteranno all&#8217;opera i bellunesi Sara Andrich di Canale D\u2019Agordo, Ennio De Bona di Igne, Dario Strag\u00e0 di Provagna e Gianluca De Nard di Sedico, oltre ai vicentini Marco Pangrazio e Manuel Cudi Rossi (entrambi di Asiago) e Luca Magnabosco (Roana).<\/p>\n<p>&nbsp;<\/p>\n<p>&nbsp;<\/p>\n<hr \/>\n<p>&nbsp;<\/p>\n<p>&nbsp;<\/p>\n<blockquote>\n<h3>INSIEME PER ROCCA PER LA RINASCITA DI ROCCA PIETORE LUOGO AMATO<\/h3>\n<\/blockquote>\n<p><strong><a class=\"dt-pswp-item\" href=\"https:\/\/www.radiopiu.net\/wordpress\/wp-content\/uploads\/2020\/04\/ROCCA-PIETORE.png\" data-dt-img-description=\"\" data-large_image_width=\"712\" data-large_image_height=\"410\"><img loading=\"lazy\" decoding=\"async\" class=\" wp-image-127376 alignleft\" src=\"https:\/\/www.radiopiu.net\/wordpress\/wp-content\/uploads\/2020\/04\/ROCCA-PIETORE-300x173.png\" alt=\"\" width=\"269\" height=\"155\" srcset=\"https:\/\/www.radiopiu.net\/wordpress\/wp-content\/uploads\/2020\/04\/ROCCA-PIETORE-300x173.png 300w, https:\/\/www.radiopiu.net\/wordpress\/wp-content\/uploads\/2020\/04\/ROCCA-PIETORE.png 712w\" sizes=\"auto, (max-width: 269px) 100vw, 269px\" \/><\/a>ROCCA PIETORE\u00a0<\/strong> Sabato 23 SETTEMBRE 2023 alle\u00a0 16.30 a \u201cEL TEAZ\u201d di Rocca Pietore,\u00a0 cerimonia di premiazione delle Quarta edizione del Progetto insieme per Rocca rivolto agli studenti e ai non studenti vincitori dei due concorsi ideati da Maria Luisa Daniele Toffanin autrice della silloge poetica \u201cLa casa in mezzo al prato\u201d. Saranno presenti: Andrea De Bernardin Sindaco di Rocca Pietore;\u00a0 Piera Levi-Montalcini Associazione Levi- Montalcini;\u00a0 Maria Luisa Daniele Toffanin Autrice;<br \/>\nStefano Valentini Valentina Editrice;\u00a0 Massimo Toffanin Associazione Centro Studi On. Sebastiano Schiavon. Coordina Marco Toffanin<\/p>\n<p>&nbsp;<\/p>\n<hr \/>\n<p>&nbsp;<\/p>\n<blockquote>\n<h2>ARABBA MARMOLADA 2030, A UN PASSO DAL FUTURO<\/h2>\n<p><strong>VENERDI 22 SETTEMBRE\u00a0<\/strong> Il\u00a0 22 settembre\u00a0 al Rifugio Luigi Gorza, a Porta Vescovo, una serata di presentazione dei risultati del progetto di sviluppo Turistico Arabba Marmolada 2030, un lavoro di un paio d&#8217;anni con diversi attori del territorio.<\/p>\n<p><strong> <a class=\"dt-pswp-item\" href=\"https:\/\/www.radiopiu.net\/wordpress\/wp-content\/uploads\/2023\/09\/th-9.jpg\" data-dt-img-description=\"\" data-large_image_width=\"360\" data-large_image_height=\"180\"><img loading=\"lazy\" decoding=\"async\" class=\"size-medium wp-image-352221 alignleft\" src=\"https:\/\/www.radiopiu.net\/wordpress\/wp-content\/uploads\/2023\/09\/th-9-300x150.jpg\" alt=\"\" width=\"300\" height=\"150\" srcset=\"https:\/\/www.radiopiu.net\/wordpress\/wp-content\/uploads\/2023\/09\/th-9-300x150.jpg 300w, https:\/\/www.radiopiu.net\/wordpress\/wp-content\/uploads\/2023\/09\/th-9.jpg 360w\" sizes=\"auto, (max-width: 300px) 100vw, 300px\" \/><\/a><\/strong><\/p>\n<blockquote><p><em><strong>LIVINALLONGO<\/strong> Sei un cittadino dei Comuni di Rocca Pietore e Livinallongo del Col di Lana? Sei innamorato del tuo territorio e desideri dare il tuo contributo? Segnati questa data: 22 settembre ore 18:00, Rifugio Gorza Porta Vescovo. Sei invitato all\u2019evento \u201cArabba Marmolada 2030, a un passo dal futuro\u201d in cui verranno presentati i risultati di un progetto che guarda al tuo domani, un progetto promosso dai comuni, dalle associazioni turistiche e dagli operatori turistici del territorio, un progetto che ha gi\u00e0 coinvolto negli ultimi due anni cittadini appartenenti a diverse categorie. La salita in funivia dalle 17:00 in poi \u00e8 gratis, la presentazione sar\u00e0 seguita da un buffet conviviale con musica. Info e programma su arabba-marmolada.it Ora \u00e8 il momento di passare dalla teoria alla pratica: che fai, vieni?\u00a0<\/em><\/p><\/blockquote>\n<\/blockquote>\n<p>&nbsp;<\/p>\n<p>&nbsp;<\/p>\n<hr \/>\n<p>&nbsp;<\/p>\n<p>&nbsp;<\/p>\n<p><span style=\"color: #ff0000;\"><strong><a class=\"dt-pswp-item\" href=\"https:\/\/www.radiopiu.net\/wordpress\/wp-content\/uploads\/2023\/09\/sella-ronda.png\" data-dt-img-description=\"\" data-large_image_width=\"559\" data-large_image_height=\"277\"><img loading=\"lazy\" decoding=\"async\" class=\"size-medium wp-image-352102 alignleft\" src=\"https:\/\/www.radiopiu.net\/wordpress\/wp-content\/uploads\/2023\/09\/sella-ronda-300x149.png\" alt=\"\" width=\"300\" height=\"149\" srcset=\"https:\/\/www.radiopiu.net\/wordpress\/wp-content\/uploads\/2023\/09\/sella-ronda-300x149.png 300w, https:\/\/www.radiopiu.net\/wordpress\/wp-content\/uploads\/2023\/09\/sella-ronda.png 559w\" sizes=\"auto, (max-width: 300px) 100vw, 300px\" \/><\/a>INTERRUZIONE VEICOLARE PER MANIFESTAZIONE SELLARONDA BIKE DAY 2023\u201d 16\/9\/2023<\/strong><\/span><\/p>\n<blockquote><p><em>La montagna chiama: mettetevi in sella ed iniziate a pedalare!<\/em><\/p><\/blockquote>\n<div class=\"blog_item_bottom\">\n<p class=\"text\"><strong>Sabato dalle\u00a0 8:30 alle 16:00<\/strong> tutti i passi dolomitici attorno al Sella (Sella, Pordoi, Campolongo, Gardena) saranno riservati ai ciclisti.\u00a0 La giornata ciclistica non competitiva \u00e8 giunta quest\u2019anno alla sua 17a edizione.<strong>\u00a0L\u2019evento permette agli appassionati delle due ruote di compiere il giro dei quattro passi in assenza di automobili e gas di scarico.<\/strong> Dalle ore 8.30 alle 16.00 le strade attorno al Gruppo del Sella rimarranno chiuse al traffico motorizzato.<\/p>\n\n\t\t\t<style type='text\/css'>\n\t\t\t\t#gallery-2 {\n\t\t\t\t\tmargin: auto;\n\t\t\t\t}\n\t\t\t\t#gallery-2 .gallery-item {\n\t\t\t\t\tfloat: left;\n\t\t\t\t\tmargin-top: 10px;\n\t\t\t\t\ttext-align: center;\n\t\t\t\t\twidth: 50%;\n\t\t\t\t}\n\t\t\t\t#gallery-2 img {\n\t\t\t\t\tborder: 2px solid #cfcfcf;\n\t\t\t\t}\n\t\t\t\t#gallery-2 .gallery-caption {\n\t\t\t\t\tmargin-left: 0;\n\t\t\t\t}\n\t\t\t\t\/* see gallery_shortcode() in wp-includes\/media.php *\/\n\t\t\t<\/style>\n\t\t<div id='gallery-2' class='dt-gallery-container gallery galleryid-352137 gallery-columns-2 gallery-size-thumbnail'><dl class='gallery-item'>\n\t\t\t\t<dt class='gallery-icon portrait'>\n\t\t\t\t\t<a class=\"rollover rollover-zoom dt-pswp-item\" title=\"3f933ad1-f1d0-48f4-a95e-7d3911971321\" data-dt-img-description=\"\" data-large_image_width=\"1536\" data-large_image_height=\"2048\"href='https:\/\/www.radiopiu.net\/wordpress\/wp-content\/uploads\/2023\/09\/3f933ad1-f1d0-48f4-a95e-7d3911971321.jpg'><img loading=\"lazy\" decoding=\"async\" width=\"150\" height=\"150\" src=\"https:\/\/www.radiopiu.net\/wordpress\/wp-content\/uploads\/2023\/09\/3f933ad1-f1d0-48f4-a95e-7d3911971321-150x150.jpg\" class=\"attachment-thumbnail size-thumbnail\" alt=\"\" \/><\/a>\n\t\t\t\t<\/dt><\/dl><dl class='gallery-item'>\n\t\t\t\t<dt class='gallery-icon landscape'>\n\t\t\t\t\t<a class=\"rollover rollover-zoom dt-pswp-item\" title=\"f3ef7fd1-74b2-43d3-8455-edfdffb0bb98\" data-dt-img-description=\"\" data-large_image_width=\"2048\" data-large_image_height=\"1536\"href='https:\/\/www.radiopiu.net\/wordpress\/wp-content\/uploads\/2023\/09\/f3ef7fd1-74b2-43d3-8455-edfdffb0bb98.jpg'><img loading=\"lazy\" decoding=\"async\" width=\"150\" height=\"150\" src=\"https:\/\/www.radiopiu.net\/wordpress\/wp-content\/uploads\/2023\/09\/f3ef7fd1-74b2-43d3-8455-edfdffb0bb98-150x150.jpg\" class=\"attachment-thumbnail size-thumbnail\" alt=\"\" \/><\/a>\n\t\t\t\t<\/dt><\/dl><br style=\"clear: both\" \/>\n\t\t\t<\/div>\n\n<p>&nbsp;<\/p>\n<\/div>\n<p>&nbsp;<\/p>\n<p>&nbsp;<\/p>\n<hr \/>\n<p>&nbsp;<\/p>\n<blockquote>\n<h3>INTERDIZIONE TOTALE AL TRAFFICO A DIGONERA, 203 AGORDINA A SINGHIOZZO E CHIUSURA A FASCE ORARIE DELLA SP 35 DI LASTE<\/h3>\n<\/blockquote>\n<p><strong>SP 563 SALESEI <\/strong>Fino\u00a0al 18 settembre\u00a0in localit\u00e0 Digonera di Rocca Pietore interdizione al traffico dalle 8 alle 18. Negli altri orari senso unico alternato regolato da semaforo.<\/p>\n<p><strong>SR 203 AGORDINA<\/strong>\u00a0localit\u00e0 La Pissa comune di Sedico,\u00a0dal 11 al 15 settembre\u00a0interruzioni temporanee al transito dalle 8 alle 9:35, dalle 9:50 alle 11:10, Dalle 11:25 alle 12:20 e dalle 14:25 alle 15:55<\/p>\n<p><strong>SP 35 DI LASTE\u00a0<\/strong>In comune di Rocca Pietore, <span style=\"color: #ff0000;\">dal 12 al 22 settembre<\/span>, esclusi sabati e domeniche, interdizione totale alla circolazione a fasce orarie. Dalle 8 alle 10, dalle 10:15 alle 12:15, dalle 13:15 alle 15 e dalle 15:15 alle 17.<\/p>\n<p>&nbsp;<\/p>\n<p>&nbsp;<\/p>\n<hr \/>\n<p>&nbsp;<\/p>\n<h2><span style=\"color: #ff6600;\">IERI ALLA RADIO\u00a0<\/span><\/h2>\n<h2><span style=\"color: #339966;\">VOCI RIBELLI: CONVERSAZIONI SENZA FILTRI PER RAGAZZI AUDACI<\/span><\/h2>\n<p><a class=\"dt-pswp-item\" href=\"https:\/\/www.radiopiu.net\/wordpress\/wp-content\/uploads\/2023\/09\/ass.-dafne.png\" data-dt-img-description=\"\" data-large_image_width=\"225\" data-large_image_height=\"225\"><img loading=\"lazy\" decoding=\"async\" class=\" wp-image-352143 alignleft\" src=\"https:\/\/www.radiopiu.net\/wordpress\/wp-content\/uploads\/2023\/09\/ass.-dafne.png\" alt=\"\" width=\"137\" height=\"137\" srcset=\"https:\/\/www.radiopiu.net\/wordpress\/wp-content\/uploads\/2023\/09\/ass.-dafne.png 225w, https:\/\/www.radiopiu.net\/wordpress\/wp-content\/uploads\/2023\/09\/ass.-dafne-150x150.png 150w\" sizes=\"auto, (max-width: 137px) 100vw, 137px\" \/><\/a>Benvenuti a &#8220;VOCI RIBELLI: CONVERSAZIONI SENZA FILTRI PER RAGAZZI AUDACI,&#8221; il podcast che sfida gli stereotipi e apre la porta a conversazioni senza paura per i giovani coraggiosi. Questo podcast, prodotto dall&#8217;Associazione Dafne con la regia di Lorenzo Cassol, \u00e8 il luogo dove la voce dell&#8217;audacia incontra la sincerit\u00e0 pi\u00f9 profonda.<\/p>\n<p>La vostra guida attraverso questo mondo senza censure \u00e8 la voce di Alessia Dall&#8217;\u00d2, pronta a condurvi in un viaggio emozionante alla scoperta delle tematiche legate alla Comunit\u00e0 LGBTQIA+. Accanto a lei, vi aspettano due ospiti fissi con dei pareri tecnici e frutto di esperienze dirette: la Dott.ssa Anna Dal Pan, Psicologa e Psicoterapeuta, e Elisa Collostide, Avvocata, pronte a condividere la loro esperienza e a rispondere alle vostre domande pi\u00f9 importanti.<\/p>\n<p>Qui, non ci sono tab\u00f9, solo storie vere, spunti di riflessione sul territorio e i suoi servizi, e consigli da chi ha il coraggio di dire la verit\u00e0 senza filtri. Preparatevi a immergervi in uno spazio dove ogni episodio \u00e8 un viaggio all&#8217;interno delle sfide, dei trionfi e delle esperienze della comunit\u00e0 LGBTQIA+. Siamo pronti a sfidare le convenzioni e a rompere le catene delle aspettative. Pronti a unirvi a noi nella ribellione? Questo \u00e8 &#8220;VOCI RIBELLI,&#8221; il podcast per i ragazzi audaci che non hanno paura di essere s\u00e9 stessi.<\/p>\n<p><strong>PUNTATA 1 &#8211; 12 SETTEMBRE 2023<\/strong><\/p>\n<audio class=\"wp-audio-shortcode\" id=\"audio-352137-6\" preload=\"none\" style=\"width: 100%;\" controls=\"controls\"><source type=\"audio\/mpeg\" src=\"https:\/\/www.radiopiu.net\/wordpress\/wp-content\/uploads\/2023\/09\/VR.mp3?_=6\" \/><a href=\"https:\/\/www.radiopiu.net\/wordpress\/wp-content\/uploads\/2023\/09\/VR.mp3\">https:\/\/www.radiopiu.net\/wordpress\/wp-content\/uploads\/2023\/09\/VR.mp3<\/a><\/audio>\n<p>&nbsp;<\/p>\n<p><strong>LA RACCOLTA<\/strong><\/p>\n<blockquote class=\"wp-embedded-content\" data-secret=\"XKmKxAkcbz\"><p><a href=\"https:\/\/www.radiopiu.net\/wordpress\/voci-ribelli-conversazioni-senza-filtri-per-ragazzi-audaci-la-raccolta\/\">VOCI RIBELLI: CONVERSAZIONI SENZA FILTRI PER RAGAZZI AUDACI &#8211; LA RACCOLTA<\/a><\/p><\/blockquote>\n<p><iframe loading=\"lazy\" class=\"wp-embedded-content\" sandbox=\"allow-scripts\" security=\"restricted\" style=\"position: absolute; clip: rect(1px, 1px, 1px, 1px);\" title=\"&#8220;VOCI RIBELLI: CONVERSAZIONI SENZA FILTRI PER RAGAZZI AUDACI &#8211; LA RACCOLTA&#8221; &#8212; Radio Pi\u00f9\" src=\"https:\/\/www.radiopiu.net\/wordpress\/voci-ribelli-conversazioni-senza-filtri-per-ragazzi-audaci-la-raccolta\/embed\/#?secret=lX7GELzIKo#?secret=XKmKxAkcbz\" data-secret=\"XKmKxAkcbz\" width=\"600\" height=\"338\" frameborder=\"0\" marginwidth=\"0\" marginheight=\"0\" scrolling=\"no\"><\/iframe><\/p>\n<p>&nbsp;<\/p>\n<h2><span style=\"color: #008080;\">\u00a0&#8220;DINTORN E FORA VIA&#8221;\u00a0<\/span><span style=\"color: #008080;\"> IL PROGRAMMA\u00a0 <\/span><span style=\"color: #008080;\">A CURA DEL MUSLA\u00a0\u00a0<\/span><\/h2>\n<p><strong><a class=\"dt-pswp-item\" href=\"https:\/\/www.radiopiu.net\/wordpress\/wp-content\/uploads\/2020\/04\/giornali.jpg\" data-dt-img-description=\"\" data-large_image_width=\"1920\" data-large_image_height=\"1280\"><img loading=\"lazy\" decoding=\"async\" class=\" wp-image-126692 alignleft\" src=\"https:\/\/www.radiopiu.net\/wordpress\/wp-content\/uploads\/2020\/04\/giornali-300x200.jpg\" alt=\"\" width=\"141\" height=\"94\" srcset=\"https:\/\/www.radiopiu.net\/wordpress\/wp-content\/uploads\/2020\/04\/giornali-300x200.jpg 300w, https:\/\/www.radiopiu.net\/wordpress\/wp-content\/uploads\/2020\/04\/giornali-1024x683.jpg 1024w, https:\/\/www.radiopiu.net\/wordpress\/wp-content\/uploads\/2020\/04\/giornali-768x512.jpg 768w, https:\/\/www.radiopiu.net\/wordpress\/wp-content\/uploads\/2020\/04\/giornali-1536x1024.jpg 1536w, https:\/\/www.radiopiu.net\/wordpress\/wp-content\/uploads\/2020\/04\/giornali.jpg 1920w\" sizes=\"auto, (max-width: 141px) 100vw, 141px\" \/><\/a>PUNTATA 12 SETTEMBRE NICOLA CASSISI\u00a0<\/strong><\/p>\n<p>Liete ju dal Nicola da Agort. Nuove da dalonz col taramot ntel Maroco, se descor del tac\u00e0 de la scola e de la cannabis. Da vesin l trasport de le coriere e dei tren, pi valch sul girol\u00e0 sa mont.<\/p>\n<audio class=\"wp-audio-shortcode\" id=\"audio-352137-7\" preload=\"none\" style=\"width: 100%;\" controls=\"controls\"><source type=\"audio\/mpeg\" src=\"https:\/\/www.radiopiu.net\/wordpress\/wp-content\/uploads\/2023\/09\/MUSLA-2.mp3?_=7\" \/><a href=\"https:\/\/www.radiopiu.net\/wordpress\/wp-content\/uploads\/2023\/09\/MUSLA-2.mp3\">https:\/\/www.radiopiu.net\/wordpress\/wp-content\/uploads\/2023\/09\/MUSLA-2.mp3<\/a><\/audio>\n<p>&nbsp;<\/p>\n<p><strong>LA RACCOLTA COMPLETA<\/strong><\/p>\n<blockquote class=\"wp-embedded-content\" data-secret=\"Z9PcB6qfKc\"><p><a href=\"https:\/\/www.radiopiu.net\/wordpress\/musla\/\">MUSLA<\/a><\/p><\/blockquote>\n<p><iframe loading=\"lazy\" class=\"wp-embedded-content\" sandbox=\"allow-scripts\" security=\"restricted\" style=\"position: absolute; clip: rect(1px, 1px, 1px, 1px);\" title=\"&#8220;MUSLA&#8221; &#8212; Radio Pi\u00f9\" src=\"https:\/\/www.radiopiu.net\/wordpress\/musla\/embed\/#?secret=L0R7ZdjmcY#?secret=Z9PcB6qfKc\" data-secret=\"Z9PcB6qfKc\" width=\"600\" height=\"338\" frameborder=\"0\" marginwidth=\"0\" marginheight=\"0\" scrolling=\"no\"><\/iframe><\/p>\n<p>&nbsp;<\/p>\n<hr \/>\n<p>&nbsp;<\/p>\n<h2><span style=\"color: #ff0000;\">GLI APPUNTAMENTI DELLA SETTIMANA\u00a0\u00a0<\/span><\/h2>\n<p>&nbsp;<\/p>\n<blockquote>\n<h3>VENERDI LA PRESENTAZIONE DI MUSICALMENTE LIMANA<\/h3>\n<\/blockquote>\n<p><strong>LIMANA<\/strong> Una nuova regia per il progetto MusicLab-Musicalmente Limana<b>. <\/b>L\u2019iniziativa non \u00e8 rivolta solo agli ex-allievi dell\u2019indirizzo musicale della scuola secondaria di primo grado di Limana. Potranno infatti accedere al programma anche gli ex-allievi di altre scuole a indirizzo musicale e non e i ragazzi dai 14 anni che suonano gi\u00e0 uno strumento musicale. Il progetto verr\u00e0 presentato venerd\u00ec\u00a0 alle 20:30 a Limana, in sala Nocivelli<\/p>\n<div>\n<div><\/div>\n<blockquote>\n<h3>\u00a0SOSPIROLO SPORT E CULTURA<\/h3>\n<\/blockquote>\n<\/div>\n<div><strong>SOSPIROLO<\/strong> venerd\u00ec\u00a0 alle 20.45 al Centro civico Fuocherello, Fuochino, Fuoco: miti e riti della tradizione popolare<\/div>\n<div>\n<p>a cura del Professor Cesare Poppi, antropologo. Serata divulgativa del Concorso letterario (Biblioteca-Pro Loco). Domenica \u00e8 invece in programma\u00a0 alle 9. il trail da Torbe Pedonata CorriMamma di 5, 10, 16 km trail (Comitato Genitori-GR Torbe)<\/p>\n<\/div>\n<p>&nbsp;<\/p>\n<blockquote>\n<h3>LA PRESENTAZIONE DEL LIBRO DI BENIAMINO DAL FABBRO<\/h3>\n<\/blockquote>\n<p><strong>BELLUNO<\/strong> Venerdi\u0300 15 settembre, nella sala Eliseo Dal Pont \u201cBianchi\u201d di Belluno, si terra\u0300 la presentazione del libro \u201cLettere a un provinciale\u201d di Beniamino Dal Fabbro, appena pubblicato da Libreria Campede\u0300l editore. A curare la presentazione sara\u0300 Giovanni Grazioli, direttore della Biblioteca civica di Belluno, con le letture scelte tratte dal libro e con la voce di Piero Bolzan. A organizzare l\u2019incontro, Biblioteca civica di Belluno e Libreria Campede\u0300l. L\u2019ingresso e\u0300 libero e aperto alla partecipazione di tutti. Nell\u2019occasione, il libro sara\u0300 in vendita in sala.<\/p>\n<p>&nbsp;<\/p>\n<blockquote>\n<h3>CAMMINATURALMENTE<\/h3>\n<\/blockquote>\n<p><span style=\"font-size: medium;\"><strong>LONGARONE <\/strong>Un viaggio nello spazio e nel tempo per ricordare il tragico evento, visitando i principali luoghi della memoria.\u00a0<\/span> <span style=\"font-family: Calibri, serif;\"><span style=\"font-size: medium;\"><b>Sabato 16 settembre<\/b><\/span><\/span><span style=\"font-family: Calibri, serif;\"><span style=\"font-size: medium;\">. Itinerario a piedi di ca 2 km con dislivello irrilevante. Durata ca 3 ore e mezza. Ritrovo alle 8 al parcheggio della stazione ferroviaria di Longarone. <\/span><\/span><span style=\"font-family: Calibri, serif;\"><span style=\"font-size: medium;\"><i><b>Iscrizione obbligatoria a <\/b><\/i><\/span><\/span><a href=\"mailto:biblioteca@comune.belluno.it\"><span style=\"color: #0563c1;\"><span style=\"font-family: Calibri, serif;\"><span style=\"font-size: medium;\"><i><u><b>biblioteca@comune.belluno.it<\/b><\/u><\/i><\/span><\/span><\/span><\/a><span style=\"font-family: Calibri, serif;\"><span style=\"font-size: medium;\"><i><b> o al tel 0437 948093 entro le ore 12,30 di venerdi.<\/b><\/i><\/span><\/span><\/p>\n<p>&nbsp;<\/p>\n<blockquote>\n<h3>ZUMBRILLENBAR&#8230;APRE LE PORTE AL CAMIONISTA<\/h3>\n<\/blockquote>\n<p>&nbsp;<\/p>\n<p><a class=\"dt-pswp-item\" href=\"https:\/\/www.radiopiu.net\/wordpress\/wp-content\/uploads\/2023\/09\/zumbrillenbar.jpg\" data-dt-img-description=\"\" data-large_image_width=\"1024\" data-large_image_height=\"680\"><img loading=\"lazy\" decoding=\"async\" class=\" wp-image-351940 alignleft\" src=\"https:\/\/www.radiopiu.net\/wordpress\/wp-content\/uploads\/2023\/09\/zumbrillenbar-300x199.jpg\" alt=\"\" width=\"157\" height=\"104\" srcset=\"https:\/\/www.radiopiu.net\/wordpress\/wp-content\/uploads\/2023\/09\/zumbrillenbar-300x199.jpg 300w, https:\/\/www.radiopiu.net\/wordpress\/wp-content\/uploads\/2023\/09\/zumbrillenbar-768x510.jpg 768w, https:\/\/www.radiopiu.net\/wordpress\/wp-content\/uploads\/2023\/09\/zumbrillenbar.jpg 1024w\" sizes=\"auto, (max-width: 157px) 100vw, 157px\" \/><\/a>sei un camionista?&#8230;allora preparati a fare festa con noi! sabato 16 settembre la cena dei camionisti al Zumbrillenbar ad Agordo.<br \/>\nInfo e prenotazioni da Devis al 3474897920<\/p>\n<p>ZUMBRILLENBAR&#8230;APRE LE PORTE AL CAMIONISTA!<\/p>\n<p>&nbsp;<\/p>\n<blockquote>\n<h3>LA FESTA A SAN CIPRIANO<\/h3>\n<\/blockquote>\n<p><strong>TAIBON<\/strong> Sabato 16 settembre a Taibon si festeggia San Cipriano. Alle 18:30 la messa in onore del Santo Patrono e a seguire musica e buffet in piazza.<\/p>\n<p>&nbsp;<\/p>\n<blockquote>\n<h3>I COLLEZIONISTI SI INCONTRANO AD ANDRAZ<\/h3>\n<\/blockquote>\n<p><strong>LIVINALLONGO<\/strong> Sabato 16 settembre dalle 15 alle 18 i collezionisti sul tema della Grande Guerra si riuniranno ad Andraz per visionare e scambiarsi i materiali raccolti<\/p>\n<p>&nbsp;<\/p>\n<blockquote>\n<h3>ALLA PARAFARMACIA DI AGORDO<\/h3>\n<\/blockquote>\n<p><strong>AGORDO<\/strong> Vorresti sapere cosa dicono i tuoi occhi sul tuo stato di benessere fisico e mentale? Sabato 16 settembre presso la Parafarmacia di Agordo di Nadia Bulf al Centro Ganz sar\u00e0 presente un esperto iridologo. L\u2019occhio \u00e8 come una mappa del nostro corpo, ci permette di avere informazioni su come stiamo e cosa possiamo fare per migliorare il nostro stato di salute. Per informazioni e prenotazioni chiamare il 0437\/866683.<\/p>\n<p>&nbsp;<\/p>\n<blockquote>\n<h3>CONCERTO A LIMANA<\/h3>\n<\/blockquote>\n<p><strong>LIMANA<\/strong> Sabato alle 20.30 nella sala riunioni del Municipio, concerto di Musica da Camera del trio Stravagante, 2 Flauti e Violoncello con Alberto Barletta &#8211; Elisa Parodi &#8211; Fabio Storino. Eseguiranno brani di J.S. Bach, A. Corelli, F.J. Haydn, L. Bernstein, L. Bacalov, E. Morricone e N. Rota, ingresso libero. Una proposta del Comune, Assessorato alla Cultura e Biblioteca Comunale<\/p>\n<p>&nbsp;<\/p>\n<blockquote>\n<h3>LA SAGRA DI FREGONA A CANALE D&#8217;AGORDO<\/h3>\n<\/blockquote>\n<p><strong>CANALE D&#8217;AGORDO <\/strong>16 e 17 settembre sono le date da segnare sul calendario. A Canale D&#8217;Agordo torna la Sagra di Fregona, due giorni di festa nella frazione canalina. Sabato apertura tendone alle 17, cucina alle 18 e alla sera musica con Tirock Band. Domenica alle 10:30 la santa messa, alle 11 apertura tendone e alle 12 la cucina con piatti tipici. Nel pomeriggio balli e giochi, musica fino a sera con Mirko e I Rosegot e alle 19:30 la processione per le vie del paese.<\/p>\n<p>&nbsp;<\/p>\n<blockquote>\n<h3>ENSAMBLE IL FISCHIO A LANDRIS<\/h3>\n<\/blockquote>\n<p><strong>SEDICO<\/strong> Domenica 17 settembre a Landris di Sedico alle 17 presso Corte Ferrante di Vialla Miari Bentivoglio il concerto dell&#8217;Ensamble Il Fischio con Paola Brunello voce recitante<\/p>\n<p>&nbsp;<\/p>\n<blockquote>\n<h3>DOMENICA ESCURSIONE CON IL CAI DI BELLUNO<\/h3>\n<\/blockquote>\n<p><strong>BELLUNO<\/strong> La Commissione Escursionismo della Sezione di Belluno del Club Alpino Italiano organizza per domenica 17 settembre 2023 una <span style=\"color: #000000;\">interessante <\/span>escursione <span style=\"color: #000000;\">che sale una vetta di confine di grande importanza storica per gli avvenimenti accaduti nella Prima Guerra Mondiale. <\/span><\/p>\n<p>&nbsp;<\/p>\n<blockquote>\n<h3>UN CONCERTO PER CASA TUA DUE<\/h3>\n<\/blockquote>\n<p><strong>BELLUNO<\/strong> Kyoko Takezawa &amp; Friends \u00e8 il titolo del concerto che chiuder\u00e0 la Settimana Musicale di Belluno 2023. Un quintetto di grande prestigio al Teatro Comunale di Belluno domenica alle 18.<\/p>\n<p>&nbsp;<\/p>\n<blockquote>\n<h3>RIPARTONO I CORSI DI ADA<\/h3>\n<\/blockquote>\n<p><strong>AGORDO<\/strong> A partire dal 25 settembre ripartono i corsi dell&#8217;Associazione Danza Agordina. Le iscrizioni alla sede dei corsi presso la palestra delle scuole elementari di Agordo nei giorni 15-18-19 settembre dalle 17 alle 19. Per informazioni 348 8062103 oppure ada.agordo@libero.it<\/p>\n<p>&nbsp;<\/p>\n<blockquote>\n<h3>FINE SETTIMANA CON IL CAI DI AGORDO<\/h3>\n<\/blockquote>\n<p><strong>AGORDO<\/strong> Sabato e domenica escursione di due giorni a nord di Rio Pusteria tra Malga Fane e cime montuose oltre i 3000 metri.\u00a0 Accompagnatori Antonello Cibien, Anna Magro, Dario Dell&#8217;Osbel, Fabiana Luciani e Fabio Focardi<\/p>\n<p>&nbsp;<\/p>\n<h2><span style=\"color: #ff0000;\">PROSSIMAMENTE&#8230;\u00a0<\/span><\/h2>\n<p><a class=\"dt-pswp-item\" href=\"https:\/\/www.radiopiu.net\/wordpress\/wp-content\/uploads\/2023\/09\/42736ef3-6d90-452a-b3ec-551dca51eeaf.jpg\" data-dt-img-description=\"\" data-large_image_width=\"1456\" data-large_image_height=\"2048\"><img loading=\"lazy\" decoding=\"async\" class=\"size-medium wp-image-352248 alignleft\" src=\"https:\/\/www.radiopiu.net\/wordpress\/wp-content\/uploads\/2023\/09\/42736ef3-6d90-452a-b3ec-551dca51eeaf-213x300.jpg\" alt=\"\" width=\"213\" height=\"300\" srcset=\"https:\/\/www.radiopiu.net\/wordpress\/wp-content\/uploads\/2023\/09\/42736ef3-6d90-452a-b3ec-551dca51eeaf-213x300.jpg 213w, https:\/\/www.radiopiu.net\/wordpress\/wp-content\/uploads\/2023\/09\/42736ef3-6d90-452a-b3ec-551dca51eeaf-728x1024.jpg 728w, https:\/\/www.radiopiu.net\/wordpress\/wp-content\/uploads\/2023\/09\/42736ef3-6d90-452a-b3ec-551dca51eeaf-768x1080.jpg 768w, https:\/\/www.radiopiu.net\/wordpress\/wp-content\/uploads\/2023\/09\/42736ef3-6d90-452a-b3ec-551dca51eeaf-1092x1536.jpg 1092w, https:\/\/www.radiopiu.net\/wordpress\/wp-content\/uploads\/2023\/09\/42736ef3-6d90-452a-b3ec-551dca51eeaf.jpg 1456w\" sizes=\"auto, (max-width: 213px) 100vw, 213px\" \/><\/a><\/p>\n<p>44ESIMA MOSTRA MERCATO A VILLA PATT DI SEDICO. DOMENICA 24 SETTEMBRE DALLE 9.30 A SERA: PRODOTTI AGRICOLI LATTIERO-CASEARI, HOBBYSTICA, FATTORIA DIDATTICA, MOSTRE E GIOCHI DI UNA VOLTA PER GRANDI E BAMBINI CON IL GRUPPO COMITATO PULLIR. IMMANCABILE LA TRUCCABIMBI STRYLLI E L&#8217;ANIMAZIONE PER I PIU&#8217; PICCOLI. ALLE 9.30 CONVEGNO SUL MIELE CON API DOLOMITI, DALLE 11.30 CUCINA APERTA CON PIATTI TIPICI E FORNITISSIMI CHIOSCHI, INTRATTENIMENTO MUSICALE CON FAUSTO E CHIARA. DOMENICA 24 SETTEMBRE A SEDICO VILLA PATT!<\/p>\n<p>&nbsp;<\/p>\n<p>&nbsp;<\/p>\n<p>&nbsp;<\/p>\n<p>&nbsp;<\/p>\n<p>&nbsp;<\/p>\n<p>&nbsp;<\/p>\n<blockquote>\n<h3>DON LUIGI CIOTTI A LONGARONE<\/h3>\n<\/blockquote>\n<p><strong>LONGARONE<\/strong> Don Luigi Ciotti sar\u00e0 a breve nuovamente nella nostra provincia! L&#8217;evento, dedicato al sessantesimo anniversario del Vajont si svolger\u00e0 a Longarone nella mattinata del 19 settembre alle 10.30 in un luogo carico di significato ovvero il cimitero delle vittime di Fortogna. Sar\u00e0 presente anche il Vescovo della Diocesi di Belluno -Feltre Renato Marangoni &#8211; evento inserito nel calendario ufficiale del 60\u00b0 anniversario del Vajont.<\/p>\n<p>&nbsp;<\/p>\n<blockquote>\n<h3>IL QUINTO MINITRAIL DI VILLA SAN FRANCESCO<\/h3>\n<\/blockquote>\n<p><strong>PEDAVENA<\/strong> Il 24 settembre \u00e8 in programma il 5\u00b0 Minitrail di Villa San Francesco. Alle 8:30 l&#8217;apertura delle iscrizioni, alle 9:30 la partenza. A seguire premiazioni e rinfresco. Pacco gara per i primi 100 iscritti<\/p>\n<p>&nbsp;<\/p>\n<hr \/>\n<p>&nbsp;<\/p>\n<blockquote>\n<h3>VOCI RIBELLI SENZA FILTRI E I LIBRI DI LIANA<\/h3>\n<\/blockquote>\n<p><strong><img loading=\"lazy\" decoding=\"async\" class=\"alignleft\" src=\"https:\/\/www.radiopiu.net\/wordpress\/wp-content\/uploads\/2023\/09\/34f4cfc6-e863-46e9-9695-8df44be63421-300x300.jpg\" width=\"167\" height=\"167\" \/>REDAZIONE<\/strong> La stagione tardo estiva&#8230; quasi autunnale porta le prima novit\u00e0 alla Radio. Con Martina e Luisa sono ripresi i programmi della sera,\u00a0 gioved\u00ec scorso il primo appuntamento con<strong> &#8220;intanto me la canto&#8221;<\/strong>. A breve il ritorno dei mercoledi di sera e la musica country con Alex mentre Moreno, Siro e Jessica gi\u00e0 lavorano sul prossimo Walking aroun the music, tutt&#8217;un&#8217;altra domenica.<\/p>\n<p><strong>LA PROSSIMA SETTIMANA<\/strong><\/p>\n<p>martedi e giovedi\u00a0 il ritorno del Country alla radio con Alex Nascinben alle 9 del mattino, replica il mercoledi e venerdi alle 20.30<\/p>\n<p>prende il via su RADIO PIU Liber, la nuova rubrica di Radio Pi\u00f9 perch\u00e9 \u00e8 veramente<br \/>\n&#8220;libero&#8221; chi si perde in un &#8220;libro&#8221;.<strong> Da mercoled\u00ec 13 settembre alle 9.00<\/strong> sulle frequenze di Radio Pi\u00f9, Liber per farci rapire dai libri con Liana.<\/p>\n<p><strong>LIANA CAVALLET<\/strong><\/p>\n<audio class=\"wp-audio-shortcode\" id=\"audio-352137-8\" preload=\"none\" style=\"width: 100%;\" controls=\"controls\"><source type=\"audio\/mpeg\" src=\"https:\/\/www.radiopiu.net\/wordpress\/wp-content\/uploads\/2023\/09\/INTRODUZIONE.mp3?_=8\" \/><a href=\"https:\/\/www.radiopiu.net\/wordpress\/wp-content\/uploads\/2023\/09\/INTRODUZIONE.mp3\">https:\/\/www.radiopiu.net\/wordpress\/wp-content\/uploads\/2023\/09\/INTRODUZIONE.mp3<\/a><\/audio>\n<p>&nbsp;<\/p>\n<p>Da questa settimana sono riprese le rubriche: Cisl la voce per i lavoratori (il mercoledi alle 10.15 e alle 18.10); spi cgil con Maria Rita Gentilin (ogni 15 giorni il giovedi alle 10.30 e 19), Solidariet\u00e0 Vento Fondo Pensione con il dottor Paolo Stefan (primo venerdi del mese alle 10.30 e 19)<\/p>\n<p><strong>DA MERCOLEDI\u00a0 ALLE 10.30\u00a0 IL RITORNO DELLA PROF. MARIA ROSA SALMAZO &#8220;SE NON LA SMETTI TI MANDO DAL PRESIDE&#8221;, DOMENICA REPLICA ALLE 8<\/strong><\/p>\n<p>&nbsp;<\/p>\n<p>&nbsp;<\/p>\n<p>&nbsp;<\/p>\n<p>&nbsp;<\/p>\n<hr \/>\n<p>&nbsp;<\/p>\n<div class=\"message spoilers-container\" dir=\"auto\">\n<div class=\"column\">\n<div class=\"message spoilers-container\" dir=\"auto\">\n<div class=\"column\">\n<p><img loading=\"lazy\" decoding=\"async\" class=\"aligncenter wp-image-61954 size-full\" src=\"https:\/\/www.radiopiu.net\/wordpress\/wp-content\/uploads\/2018\/09\/viabilita.jpeg\" sizes=\"auto, (max-width: 800px) 100vw, 800px\" srcset=\"https:\/\/www.radiopiu.net\/wordpress\/wp-content\/uploads\/2018\/09\/viabilita.jpeg 800w, https:\/\/www.radiopiu.net\/wordpress\/wp-content\/uploads\/2018\/09\/viabilita-300x38.jpeg 300w, https:\/\/www.radiopiu.net\/wordpress\/wp-content\/uploads\/2018\/09\/viabilita-768x96.jpeg 768w\" alt=\"\" width=\"800\" height=\"100\" \/><\/p>\n<\/div>\n<\/div>\n<div class=\"message spoilers-container\" dir=\"auto\">\n<div class=\"column\">\n<p>&nbsp;<\/p>\n<\/div>\n<\/div>\n<\/div>\n<\/div>\n<blockquote class=\"wp-embedded-content\" data-secret=\"lzYkw6Ji78\"><p><a href=\"https:\/\/www.radiopiu.net\/wordpress\/viabilita\/\">viabilita<\/a><\/p><\/blockquote>\n<p><iframe loading=\"lazy\" class=\"wp-embedded-content\" sandbox=\"allow-scripts\" security=\"restricted\" style=\"position: absolute; clip: rect(1px, 1px, 1px, 1px);\" title=\"&#8220;viabilita&#8221; &#8212; Radio Pi\u00f9\" src=\"https:\/\/www.radiopiu.net\/wordpress\/viabilita\/embed\/#?secret=BMuqv3Zrij#?secret=lzYkw6Ji78\" data-secret=\"lzYkw6Ji78\" width=\"600\" height=\"338\" frameborder=\"0\" marginwidth=\"0\" marginheight=\"0\" scrolling=\"no\"><\/iframe><\/p>\n<div class=\"message spoilers-container\" dir=\"auto\">\n<div class=\"column\">\n<div class=\"message spoilers-container\" dir=\"auto\">\n<div class=\"column\">\n<div>\n<div dir=\"ltr\">\n<div class=\"gmail_quote\">\n<div dir=\"ltr\">\n<div><\/div>\n<div><\/div>\n<div><\/div>\n<\/div>\n<\/div>\n<\/div>\n<\/div>\n<hr \/>\n<p>&nbsp;<\/p>\n<p><a class=\"dt-pswp-item\" href=\"https:\/\/www.radiopiu.net\/wordpress\/wp-content\/uploads\/2018\/09\/WhatsApp-Image-2018-09-20-at-16.04.06.jpeg\" data-dt-img-description=\"\" data-large_image_width=\"800\" data-large_image_height=\"100\"><img loading=\"lazy\" decoding=\"async\" class=\"wp-image-61378 size-full aligncenter\" src=\"https:\/\/www.radiopiu.net\/wordpress\/wp-content\/uploads\/2018\/09\/WhatsApp-Image-2018-09-20-at-16.04.06.jpeg\" alt=\"\" width=\"800\" height=\"100\" srcset=\"https:\/\/www.radiopiu.net\/wordpress\/wp-content\/uploads\/2018\/09\/WhatsApp-Image-2018-09-20-at-16.04.06.jpeg 800w, https:\/\/www.radiopiu.net\/wordpress\/wp-content\/uploads\/2018\/09\/WhatsApp-Image-2018-09-20-at-16.04.06-300x38.jpeg 300w, https:\/\/www.radiopiu.net\/wordpress\/wp-content\/uploads\/2018\/09\/WhatsApp-Image-2018-09-20-at-16.04.06-768x96.jpeg 768w\" sizes=\"auto, (max-width: 800px) 100vw, 800px\" \/><\/a><\/p>\n<\/div>\n<\/div>\n<p>&nbsp;<\/p>\n<\/div>\n<\/div>\n<p><center><b>OGGI<\/b><\/center>Variabile a tratti instabile nel pomeriggio\/sera su Dolomiti. Al mattino poco o parzialmente nuvoloso poi irregolare aumento della nuvolosit\u00e0 di tipo cumuliforme specie su Dolomiti<br \/>\n<b>Precipitazioni: <\/b>Dalle ore centrali e nel pomeriggio\/sera aumento della probabilit\u00e0 di rovesci sparsi e isolati temporali fino a medio-alta (60-80%) sul bellunese. Su Dolomiti non escluso qualche fenomeno intenso.<br \/>\n<b>Temperature: <\/b>Generale calo termico, pi\u00f9 sensibile nelle aree interessate da fenomeni di instabilit\u00e0.<\/p>\n<hr \/>\n<p><center><b>DOMANI<\/b><\/center><b>Tempo atteso: <\/b>Nuvolosit\u00e0 variabile con qualche schiarita fino al primo mattino su Prealpi occidentali mentre altrove sar\u00e0 gi\u00e0 ben presente. Dalle ore centrali e nel pomeriggio ulteriore generale aumento della nuvolosit\u00e0 con cielo per lo pi\u00f9 nuvoloso.<br \/>\n<b>Precipitazioni: <\/b>Da met\u00e0 mattinata aumento della probabilit\u00e0 di rovesci sparsi ovunque e isolati temporali su Prealpi fino a medio-alta nel pomeriggio (50-70%).<br \/>\n<b>Temperature: <\/b>Temperature in generale calo.<\/p>\n<hr \/>\n<p><center><b>Venerdi 15<\/b><\/center>Nuvolosit\u00e0 variabile a tratti estesa alternata a qualche schiarita. Possibili piovaschi\/rovesci sparsi specie tra le ore centrali e nel pomeriggio, seppur meno probabili rispetto a gioved\u00ec. Temperature senza notevoli variazioni o in lieve calo le massime.<\/p>\n<hr \/>\n<p><center><b>Sabato 16<\/b><\/center>Cielo da parzialmente nuvoloso a nuvoloso per estese nubi medio-alte. Precipitazioni: seppur bassa non esclusa la possibilit\u00e0 di qualche piovasco sparso. Temperature stazionarie o in lieve aumento le massime<\/p>\n<p>&nbsp;<\/p>\n<div class=\"message spoilers-container\" dir=\"auto\">\n<hr \/>\n<p>&nbsp;<\/p>\n<p><img loading=\"lazy\" decoding=\"async\" class=\"wp-image-60761 size-full aligncenter\" src=\"https:\/\/www.radiopiu.net\/wordpress\/wp-content\/uploads\/2018\/09\/sport.jpg\" alt=\"\" width=\"800\" height=\"100\" srcset=\"https:\/\/www.radiopiu.net\/wordpress\/wp-content\/uploads\/2018\/09\/sport.jpg 800w, https:\/\/www.radiopiu.net\/wordpress\/wp-content\/uploads\/2018\/09\/sport-300x38.jpg 300w, https:\/\/www.radiopiu.net\/wordpress\/wp-content\/uploads\/2018\/09\/sport-768x96.jpg 768w\" sizes=\"auto, (max-width: 800px) 100vw, 800px\" \/><\/p>\n<p>&nbsp;<\/p>\n<p><span style=\"color: #0000ff;\"><strong>PALLAVOLO<\/strong><\/span><\/p>\n<blockquote>\n<h3>BELLUNO VOLLEY: PARLA NACHO MARTINEZ<\/h3>\n<\/blockquote>\n<p><strong><a class=\"dt-pswp-item\" href=\"https:\/\/www.radiopiu.net\/wordpress\/wp-content\/uploads\/2023\/09\/Nacho_Martinez_con_lo_scoutman_Gasperin.jpeg\" data-dt-img-description=\"\" data-large_image_width=\"1301\" data-large_image_height=\"867\"><img loading=\"lazy\" decoding=\"async\" class=\" wp-image-352176 alignleft\" src=\"https:\/\/www.radiopiu.net\/wordpress\/wp-content\/uploads\/2023\/09\/Nacho_Martinez_con_lo_scoutman_Gasperin-300x200.jpeg\" alt=\"\" width=\"179\" height=\"119\" srcset=\"https:\/\/www.radiopiu.net\/wordpress\/wp-content\/uploads\/2023\/09\/Nacho_Martinez_con_lo_scoutman_Gasperin-300x200.jpeg 300w, https:\/\/www.radiopiu.net\/wordpress\/wp-content\/uploads\/2023\/09\/Nacho_Martinez_con_lo_scoutman_Gasperin-1024x682.jpeg 1024w, https:\/\/www.radiopiu.net\/wordpress\/wp-content\/uploads\/2023\/09\/Nacho_Martinez_con_lo_scoutman_Gasperin-768x512.jpeg 768w, https:\/\/www.radiopiu.net\/wordpress\/wp-content\/uploads\/2023\/09\/Nacho_Martinez_con_lo_scoutman_Gasperin.jpeg 1301w\" sizes=\"auto, (max-width: 179px) 100vw, 179px\" \/><\/a>BELLUNO <\/strong>\u201cSapersi com\u2019\u00e8 strano sentirsi innamorati\u2026\u201d. A Milano, secondo un successo musicale degli anni Sessanta. Ma, portando il celebre motivo nella pi\u00f9 stretta attualit\u00e0, ecco che Milano lascia il posto a Belluno. Perch\u00e9 in effetti \u00e8 davvero strano, per Ignacio Martinez, ritrovarsi \u201cinnamorato\u201d a Belluno: a distanza di sei anni dall\u2019ultima volta in cui ha vestito la maglia dei rinoceronti.<span class=\"gmail-Apple-converted-space\"> \u00a0<\/span>Cinque lustri e due categorie pi\u00f9 su (dall\u2019allora serie C alla A3 di adesso), ecco che il percorso di vita &#8211; umana e sportiva &#8211; ha riportato fra le Dolomiti un ragazzo assetato di conoscenze e di curiosit\u00e0. Non a caso, ha vissuto un\u2019esperienza in Ungheria ed \u00e8 passato pure per la Liguria, a La Spezia, prima di tornare in Veneto: a Montecchio Maggiore. E ora al Belluno Volley. \u201cSapessi com\u2019\u00e8 strano\u201d. O forse no, strano non lo \u00e8 affatto: \u00e8 solo un ritorno nella sua seconda casa.<span class=\"gmail-Apple-converted-space\">\u00a0<\/span>\u00abLa stagione \u00e8 iniziata alla grande &#8211; afferma il venticinquenne alzatore, nato in Argentina -. Stiamo lavorando tantissimo e bene: sia in sala pesi, sia sul parquet, a livello tecnico\u00bb. \u201cNacho\u201d condivide la cabina di regia con Filippo Maccabruni: \u00abCi stiamo aiutando a vicenda. Tutto procede per il meglio\u00bb.<\/p>\n<p>&nbsp;<\/p>\n<p><span style=\"color: #0000ff;\"><strong>MOUNTAIN BIKE<\/strong><\/span><\/p>\n<blockquote>\n<h3>UN FINE SETTIMANA DA INCORNICIARE PER IL MASSIVE RACING REVOLUTION<\/h3>\n<\/blockquote>\n<p><strong>REDAZIONE<\/strong> Il team Massive Racing Revolution allenato da Daniele Frani \u00e8 stato in trasferta a Limone Piemonte nel fine settimana appena trascorso. Un weekend da incorniciare dove nella categoria Junior Ion Cup ci sono stati svariati podi nelle rispettive categorie e assoluti. Primo di categoria Erik de Nardin. Secondo di categoria, secondo assoluto e terzo assoluto in campionato per Marco Cadorin. Terzo di categoria Alessandro Ganz. Primo di categoria e terzo assoluto Simone Pianezze. Anche gli altri atleti del team si sonoono piazzati benissimo in posizioni appena dietro il podio, e questo ha premiato il gruppo concludendo al terzo posto in campionato. Un ringraziamento particolare va ai genitori dei ragazzi e agli sponsor che hanno creduto in questa realt\u00e0.<\/p>\n\n\t\t\t<style type='text\/css'>\n\t\t\t\t#gallery-3 {\n\t\t\t\t\tmargin: auto;\n\t\t\t\t}\n\t\t\t\t#gallery-3 .gallery-item {\n\t\t\t\t\tfloat: left;\n\t\t\t\t\tmargin-top: 10px;\n\t\t\t\t\ttext-align: center;\n\t\t\t\t\twidth: 20%;\n\t\t\t\t}\n\t\t\t\t#gallery-3 img {\n\t\t\t\t\tborder: 2px solid #cfcfcf;\n\t\t\t\t}\n\t\t\t\t#gallery-3 .gallery-caption {\n\t\t\t\t\tmargin-left: 0;\n\t\t\t\t}\n\t\t\t\t\/* see gallery_shortcode() in wp-includes\/media.php *\/\n\t\t\t<\/style>\n\t\t<div id='gallery-3' class='dt-gallery-container gallery galleryid-352137 gallery-columns-5 gallery-size-thumbnail'><dl class='gallery-item'>\n\t\t\t\t<dt class='gallery-icon landscape'>\n\t\t\t\t\t<a class=\"rollover rollover-zoom dt-pswp-item\" title=\"e49e5bd3-5736-4d33-bad6-eee51d4820da\" data-dt-img-description=\"\" data-large_image_width=\"2048\" data-large_image_height=\"1536\"href='https:\/\/www.radiopiu.net\/wordpress\/wp-content\/uploads\/2023\/09\/e49e5bd3-5736-4d33-bad6-eee51d4820da.jpg'><img loading=\"lazy\" decoding=\"async\" width=\"150\" height=\"150\" src=\"https:\/\/www.radiopiu.net\/wordpress\/wp-content\/uploads\/2023\/09\/e49e5bd3-5736-4d33-bad6-eee51d4820da-150x150.jpg\" class=\"attachment-thumbnail size-thumbnail\" alt=\"\" \/><\/a>\n\t\t\t\t<\/dt><\/dl><dl class='gallery-item'>\n\t\t\t\t<dt class='gallery-icon landscape'>\n\t\t\t\t\t<a class=\"rollover rollover-zoom dt-pswp-item\" title=\"d3acfca5-6445-48de-a794-10609a134ed1\" data-dt-img-description=\"\" data-large_image_width=\"2048\" data-large_image_height=\"1536\"href='https:\/\/www.radiopiu.net\/wordpress\/wp-content\/uploads\/2023\/09\/d3acfca5-6445-48de-a794-10609a134ed1.jpg'><img loading=\"lazy\" decoding=\"async\" width=\"150\" height=\"150\" src=\"https:\/\/www.radiopiu.net\/wordpress\/wp-content\/uploads\/2023\/09\/d3acfca5-6445-48de-a794-10609a134ed1-150x150.jpg\" class=\"attachment-thumbnail size-thumbnail\" alt=\"\" \/><\/a>\n\t\t\t\t<\/dt><\/dl><dl class='gallery-item'>\n\t\t\t\t<dt class='gallery-icon portrait'>\n\t\t\t\t\t<a class=\"rollover rollover-zoom dt-pswp-item\" title=\"7dafa872-fbcb-496d-93f4-77a26607eff4\" data-dt-img-description=\"\" data-large_image_width=\"1155\" data-large_image_height=\"2048\"href='https:\/\/www.radiopiu.net\/wordpress\/wp-content\/uploads\/2023\/09\/7dafa872-fbcb-496d-93f4-77a26607eff4.jpg'><img loading=\"lazy\" decoding=\"async\" width=\"150\" height=\"150\" src=\"https:\/\/www.radiopiu.net\/wordpress\/wp-content\/uploads\/2023\/09\/7dafa872-fbcb-496d-93f4-77a26607eff4-150x150.jpg\" class=\"attachment-thumbnail size-thumbnail\" alt=\"\" \/><\/a>\n\t\t\t\t<\/dt><\/dl><dl class='gallery-item'>\n\t\t\t\t<dt class='gallery-icon landscape'>\n\t\t\t\t\t<a class=\"rollover rollover-zoom dt-pswp-item\" title=\"48004068-c590-4b7e-b118-d21f32b72f3d\" data-dt-img-description=\"\" data-large_image_width=\"1024\" data-large_image_height=\"768\"href='https:\/\/www.radiopiu.net\/wordpress\/wp-content\/uploads\/2023\/09\/48004068-c590-4b7e-b118-d21f32b72f3d.jpg'><img loading=\"lazy\" decoding=\"async\" width=\"150\" height=\"150\" src=\"https:\/\/www.radiopiu.net\/wordpress\/wp-content\/uploads\/2023\/09\/48004068-c590-4b7e-b118-d21f32b72f3d-150x150.jpg\" class=\"attachment-thumbnail size-thumbnail\" alt=\"\" \/><\/a>\n\t\t\t\t<\/dt><\/dl><dl class='gallery-item'>\n\t\t\t\t<dt class='gallery-icon portrait'>\n\t\t\t\t\t<a class=\"rollover rollover-zoom dt-pswp-item\" title=\"48b4b8d5-e7eb-41fd-bcdf-f3cb3029effa\" data-dt-img-description=\"\" data-large_image_width=\"1155\" data-large_image_height=\"2048\"href='https:\/\/www.radiopiu.net\/wordpress\/wp-content\/uploads\/2023\/09\/48b4b8d5-e7eb-41fd-bcdf-f3cb3029effa.jpg'><img loading=\"lazy\" decoding=\"async\" width=\"150\" height=\"150\" src=\"https:\/\/www.radiopiu.net\/wordpress\/wp-content\/uploads\/2023\/09\/48b4b8d5-e7eb-41fd-bcdf-f3cb3029effa-150x150.jpg\" class=\"attachment-thumbnail size-thumbnail\" alt=\"\" \/><\/a>\n\t\t\t\t<\/dt><\/dl><br style=\"clear: both\" \/><dl class='gallery-item'>\n\t\t\t\t<dt class='gallery-icon portrait'>\n\t\t\t\t\t<a class=\"rollover rollover-zoom dt-pswp-item\" title=\"4eeb6fb3-398b-4656-9edf-49777e3fe203\" data-dt-img-description=\"\" data-large_image_width=\"1155\" data-large_image_height=\"2048\"href='https:\/\/www.radiopiu.net\/wordpress\/wp-content\/uploads\/2023\/09\/4eeb6fb3-398b-4656-9edf-49777e3fe203.jpg'><img loading=\"lazy\" decoding=\"async\" width=\"150\" height=\"150\" src=\"https:\/\/www.radiopiu.net\/wordpress\/wp-content\/uploads\/2023\/09\/4eeb6fb3-398b-4656-9edf-49777e3fe203-150x150.jpg\" class=\"attachment-thumbnail size-thumbnail\" alt=\"\" \/><\/a>\n\t\t\t\t<\/dt><\/dl><dl class='gallery-item'>\n\t\t\t\t<dt class='gallery-icon landscape'>\n\t\t\t\t\t<a class=\"rollover rollover-zoom dt-pswp-item\" title=\"4df47310-4104-4203-9c2f-d207206c4f9e\" data-dt-img-description=\"\" data-large_image_width=\"2048\" data-large_image_height=\"1536\"href='https:\/\/www.radiopiu.net\/wordpress\/wp-content\/uploads\/2023\/09\/4df47310-4104-4203-9c2f-d207206c4f9e.jpg'><img loading=\"lazy\" decoding=\"async\" width=\"150\" height=\"150\" src=\"https:\/\/www.radiopiu.net\/wordpress\/wp-content\/uploads\/2023\/09\/4df47310-4104-4203-9c2f-d207206c4f9e-150x150.jpg\" class=\"attachment-thumbnail size-thumbnail\" alt=\"\" \/><\/a>\n\t\t\t\t<\/dt><\/dl><dl class='gallery-item'>\n\t\t\t\t<dt class='gallery-icon landscape'>\n\t\t\t\t\t<a class=\"rollover rollover-zoom dt-pswp-item\" title=\"5ec8155e-e94b-4ce7-9ad8-a16c213e6803\" data-dt-img-description=\"\" data-large_image_width=\"1600\" data-large_image_height=\"1200\"href='https:\/\/www.radiopiu.net\/wordpress\/wp-content\/uploads\/2023\/09\/5ec8155e-e94b-4ce7-9ad8-a16c213e6803.jpg'><img loading=\"lazy\" decoding=\"async\" width=\"150\" height=\"150\" src=\"https:\/\/www.radiopiu.net\/wordpress\/wp-content\/uploads\/2023\/09\/5ec8155e-e94b-4ce7-9ad8-a16c213e6803-150x150.jpg\" class=\"attachment-thumbnail size-thumbnail\" alt=\"\" \/><\/a>\n\t\t\t\t<\/dt><\/dl><dl class='gallery-item'>\n\t\t\t\t<dt class='gallery-icon landscape'>\n\t\t\t\t\t<a class=\"rollover rollover-zoom dt-pswp-item\" title=\"48639eb1-21c1-498e-9b33-3c0f46d44841\" data-dt-img-description=\"\" data-large_image_width=\"1600\" data-large_image_height=\"1200\"href='https:\/\/www.radiopiu.net\/wordpress\/wp-content\/uploads\/2023\/09\/48639eb1-21c1-498e-9b33-3c0f46d44841.jpg'><img loading=\"lazy\" decoding=\"async\" width=\"150\" height=\"150\" src=\"https:\/\/www.radiopiu.net\/wordpress\/wp-content\/uploads\/2023\/09\/48639eb1-21c1-498e-9b33-3c0f46d44841-150x150.jpg\" class=\"attachment-thumbnail size-thumbnail\" alt=\"\" \/><\/a>\n\t\t\t\t<\/dt><\/dl><dl class='gallery-item'>\n\t\t\t\t<dt class='gallery-icon landscape'>\n\t\t\t\t\t<a class=\"rollover rollover-zoom dt-pswp-item\" title=\"319132c1-86d6-47cb-a12b-f1b406f0c92b\" data-dt-img-description=\"\" data-large_image_width=\"1600\" data-large_image_height=\"1200\"href='https:\/\/www.radiopiu.net\/wordpress\/wp-content\/uploads\/2023\/09\/319132c1-86d6-47cb-a12b-f1b406f0c92b.jpg'><img loading=\"lazy\" decoding=\"async\" width=\"150\" height=\"150\" src=\"https:\/\/www.radiopiu.net\/wordpress\/wp-content\/uploads\/2023\/09\/319132c1-86d6-47cb-a12b-f1b406f0c92b-150x150.jpg\" class=\"attachment-thumbnail size-thumbnail\" alt=\"\" \/><\/a>\n\t\t\t\t<\/dt><\/dl><br style=\"clear: both\" \/>\n\t\t\t<\/div>\n\n<p><span style=\"color: #0000ff;\"><strong>CALCIO CSI<\/strong><\/span><\/p>\n<blockquote>\n<h3><strong>AL VIA I CAMPIONATI DI CALCIO DI CSI BELLUNO<\/strong><\/h3>\n<\/blockquote>\n<p><strong><a class=\"dt-pswp-item\" href=\"https:\/\/www.radiopiu.net\/wordpress\/wp-content\/uploads\/2023\/09\/us-chies-festeggia-vittoria-campionato-13-maggio-2013.jpg\" data-dt-img-description=\"\" data-large_image_width=\"2560\" data-large_image_height=\"1707\"><img loading=\"lazy\" decoding=\"async\" class=\" wp-image-352225 alignleft\" src=\"https:\/\/www.radiopiu.net\/wordpress\/wp-content\/uploads\/2023\/09\/us-chies-festeggia-vittoria-campionato-13-maggio-2013-300x200.jpg\" alt=\"\" width=\"317\" height=\"211\" srcset=\"https:\/\/www.radiopiu.net\/wordpress\/wp-content\/uploads\/2023\/09\/us-chies-festeggia-vittoria-campionato-13-maggio-2013-300x200.jpg 300w, https:\/\/www.radiopiu.net\/wordpress\/wp-content\/uploads\/2023\/09\/us-chies-festeggia-vittoria-campionato-13-maggio-2013-1024x683.jpg 1024w, https:\/\/www.radiopiu.net\/wordpress\/wp-content\/uploads\/2023\/09\/us-chies-festeggia-vittoria-campionato-13-maggio-2013-768x512.jpg 768w, https:\/\/www.radiopiu.net\/wordpress\/wp-content\/uploads\/2023\/09\/us-chies-festeggia-vittoria-campionato-13-maggio-2013-1536x1024.jpg 1536w, https:\/\/www.radiopiu.net\/wordpress\/wp-content\/uploads\/2023\/09\/us-chies-festeggia-vittoria-campionato-13-maggio-2013-2048x1366.jpg 2048w\" sizes=\"auto, (max-width: 317px) 100vw, 317px\" \/><\/a>BELLUNO <\/strong>Tutto pronto per la partenza dei <strong>campionati Open e Over<\/strong> che il <strong>comitato di Belluno del Centro sportivo italiano<\/strong> propone con la collaborazione del comitato Csi di Feltre. Le squadre coinvolte saranno complessivamente 26: 15 per il campionato Open e 11 per il torneo Over. <strong>Squadre Campionato Open<\/strong>: Chies (nella foto, al termine del vittorioso campionato dello scorso anno), Sedico, Virtus Nemeggio, Bellunese Alla Fit, Sottocastello, Quadrifoglio Stramal, Arsi\u00e9 Vignui, Soccher, Le Ville, Farrentina, Cral Farrese, Cantine Riunite, Plavis, Sovramonte, San Vittore. <strong>Squadre Campionato Over<\/strong>: Pizzeria Salinas, La Valle Caff\u00e8 Miniere, Domegge, Danta, Stramal Quadrifoglio, Cavarzano, Nicia, Plavis, Tomo La Sosta, Giardini, Willy&#8217;s Bar. La <a href=\"http:\/\/www.csibelluno.it\/2023\/09\/11\/calcio-al-via-i-campionati-open-e-over\/\">prima giornata<\/a>, per entrambi i tornei, \u00e8 fissata per il fine settimana che va da 14 al 17 settembre. <strong>Approfondimento: <a href=\"http:\/\/www.csibelluno.it\">\u00a0www.csibelluno.it<\/a> \u00a0<\/strong><\/p>\n<\/div>\n","protected":false},"excerpt":{"rendered":"<p>40esimo di RADIOPIU\u2026. LA VOCE DELL\u2019EMOZIONE ISCRIVITI AL NOSTRO CANALE\u00a0\u00a0YOUTUBE PER SEGUIRE IN DIRETTA I PRINCIPALI PROGRAMMI DI RADIO PIU\u2019 E LE FUTURE DIRETTE IN ESTERNA. PER ISCRIVERTI\u00a0CLICCA QUI\u00a0E PREMI\u00a0 \u201cIscriviti\u201d &nbsp; &nbsp; Sempre pi\u00f9 preoccupante la situazione con i pullman Dolomitibus&#8230; La provincia vista da fuori con riferimento ai trasporti: un disastro! E la&hellip;<\/p>\n","protected":false},"author":4,"featured_media":352277,"comment_status":"closed","ping_status":"closed","sticky":false,"template":"","format":"standard","meta":{"_monsterinsights_skip_tracking":false,"_monsterinsights_sitenote_active":false,"_monsterinsights_sitenote_note":"","_monsterinsights_sitenote_category":0,"footnotes":""},"categories":[51,86,49],"tags":[],"class_list":["post-352137","post","type-post","status-publish","format-standard","has-post-thumbnail","hentry","category-evidenza-top","category-gr","category-news-18","category-51","category-86","category-49","description-off"],"img_url":"https:\/\/www.radiopiu.net\/wordpress\/wp-content\/uploads\/2023\/09\/Senza-nome-25.png","_links":{"self":[{"href":"https:\/\/www.radiopiu.net\/wordpress\/wp-json\/wp\/v2\/posts\/352137","targetHints":{"allow":["GET"]}}],"collection":[{"href":"https:\/\/www.radiopiu.net\/wordpress\/wp-json\/wp\/v2\/posts"}],"about":[{"href":"https:\/\/www.radiopiu.net\/wordpress\/wp-json\/wp\/v2\/types\/post"}],"author":[{"embeddable":true,"href":"https:\/\/www.radiopiu.net\/wordpress\/wp-json\/wp\/v2\/users\/4"}],"replies":[{"embeddable":true,"href":"https:\/\/www.radiopiu.net\/wordpress\/wp-json\/wp\/v2\/comments?post=352137"}],"version-history":[{"count":0,"href":"https:\/\/www.radiopiu.net\/wordpress\/wp-json\/wp\/v2\/posts\/352137\/revisions"}],"wp:featuredmedia":[{"embeddable":true,"href":"https:\/\/www.radiopiu.net\/wordpress\/wp-json\/wp\/v2\/media\/352277"}],"wp:attachment":[{"href":"https:\/\/www.radiopiu.net\/wordpress\/wp-json\/wp\/v2\/media?parent=352137"}],"wp:term":[{"taxonomy":"category","embeddable":true,"href":"https:\/\/www.radiopiu.net\/wordpress\/wp-json\/wp\/v2\/categories?post=352137"},{"taxonomy":"post_tag","embeddable":true,"href":"https:\/\/www.radiopiu.net\/wordpress\/wp-json\/wp\/v2\/tags?post=352137"}],"curies":[{"name":"wp","href":"https:\/\/api.w.org\/{rel}","templated":true}]}}