{"id":352295,"date":"2023-09-14T05:34:28","date_gmt":"2023-09-14T03:34:28","guid":{"rendered":"https:\/\/www.radiopiu.net\/wordpress\/?p=352295"},"modified":"2023-09-14T06:37:27","modified_gmt":"2023-09-14T04:37:27","slug":"cara-dolomitibus-aumentano-i-costi-e-diminuiscono-i-servizi-e-cosi-che-si-fanno-utili","status":"publish","type":"post","link":"https:\/\/www.radiopiu.net\/wordpress\/cara-dolomitibus-aumentano-i-costi-e-diminuiscono-i-servizi-e-cosi-che-si-fanno-utili\/","title":{"rendered":"CARA DOLOMITIBUS&#8230; AUMENTANO I COSTI E DIMINUISCONO I SERVIZI. &#8220;E&#8217; COSI&#8217; CHE SI FANNO UTILI&#8221;"},"content":{"rendered":"<p><strong><img loading=\"lazy\" decoding=\"async\" class=\"alignleft\" src=\"https:\/\/www.radiopiu.net\/wordpress\/wp-content\/uploads\/2023\/09\/43f85719-4882-4c4a-b432-995e552806c9.jpg\" width=\"361\" height=\"226\" \/>REDAZIONE<\/strong> Chi ci scrive, prima ancora ha scritto alla Dolomitibus, \u00e8 una mamma\u00a0 i cui figli pesano sul bilancio famigliare per 800 euro, con riferimento ad un servizio che si presume corrisponda al prezzo pagato, ma cos\u00ec non \u00e8. Infatti gli ultimi cambiamenti sulla linea &#8220;La Valle Agordina &#8211; Agordo&#8221; hanno creato una serie di disagi evidenziati nella lettera di Simonetta.<\/p>\n<p><em>&#8220;Mia figlia frequenta l&#8217;Istituto Catullo a Belluno. Noi viviamo a La Valle Agordina e mia figlia prende la corsa delle 6.42 a Crostolin arriva ad Agordo alle 6.48 e poi ha la corriera per Belluno alle 6.50. Quest&#8217;anno vedo che questa corsa c&#8217;e ancora ma non il sabato.\u00a0 Quindi lei il sabato dovrebbe prendere la corsa delle 6.22 arrivando ad Agordo alle 6.28 e di conseguenza aspettare pi\u00f9 di 20 minuti per la corriera per Belluno: bello! Soprattutto con il freddo e la neve dell&#8217;inverno! Considero anche il fatto che avendo 2 figli pago 800 euro di abbonamenti che sono anche aumentati! Aumenta l abbonamento ma diminuisce il servizio?\u00a0 D&#8217;altronde noi dell&#8217;alta montagna veniamo sempre penalizzati ; penso alla corsa La Valle Agordina- Agordo che d&#8217;estate fa pena e se non lavori in\u00a0 Luxottica poi non ne parliamo, eppure noi paghiamo come gli altri mi pare.\u00a0 Chiedo per favore il ripristino della corsa delle 6.42 anche di sabato e auspico una risposta.<\/em><\/p>\n<p><strong>La Dolomitibus ha risposto cos\u00ec:\u00a0<\/strong> &#8220;la informiamo che, purtroppo, \u00e8 stato necessario modificare l\u2019orario scolastico di varie linee per riuscire a garantire pi\u00f9 corse possibili a causa la grave carenza di autisti. Solo il sabato gli studenti di La Valle avranno il disagio di partire 20 minuti prima mentre da luned\u00ec a venerd\u00ec l\u2019orario \u00e8 rimasto invariato. Ci scusiamo per il disagio&#8221;<\/p>\n<p><strong>MORALE DELLA MAMMA<\/strong> \u00a0solo il sabato&#8230;certo,\u00a0 \u00a0ma intanto noi paghiamo di pi\u00f9 e i servizi diminuiscono&#8230; sono capace anche io ad aumentare il costo e a diminuire i servizi \u00e8 cos\u00ec che si fanno utili<\/p>\n<p><strong>FOTO: STAMANE ORE 8 DAVANTI AGLI UFFICI DELLA DOLOMITIBUS,\u00a0 CODA COME ALLA MACCHINA DEL CAFFE&#8217;<\/strong><\/p>\n<p>___<\/p>\n","protected":false},"excerpt":{"rendered":"<p>REDAZIONE Chi ci scrive, prima ancora ha scritto alla Dolomitibus, \u00e8 una mamma\u00a0 i cui figli pesano sul bilancio famigliare per 800 euro, con riferimento ad un servizio che si presume corrisponda al prezzo pagato, ma cos\u00ec non \u00e8. Infatti gli ultimi cambiamenti sulla linea &#8220;La Valle Agordina &#8211; Agordo&#8221; hanno creato una serie di&hellip;<\/p>\n","protected":false},"author":4,"featured_media":352359,"comment_status":"closed","ping_status":"closed","sticky":false,"template":"","format":"standard","meta":{"_monsterinsights_skip_tracking":false,"_monsterinsights_sitenote_active":false,"_monsterinsights_sitenote_note":"","_monsterinsights_sitenote_category":0,"footnotes":""},"categories":[51,49],"tags":[],"class_list":["post-352295","post","type-post","status-publish","format-standard","has-post-thumbnail","hentry","category-evidenza-top","category-news-18","category-51","category-49","description-off"],"img_url":"https:\/\/www.radiopiu.net\/wordpress\/wp-content\/uploads\/2023\/09\/43f85719-4882-4c4a-b432-995e552806c9.jpg","_links":{"self":[{"href":"https:\/\/www.radiopiu.net\/wordpress\/wp-json\/wp\/v2\/posts\/352295","targetHints":{"allow":["GET"]}}],"collection":[{"href":"https:\/\/www.radiopiu.net\/wordpress\/wp-json\/wp\/v2\/posts"}],"about":[{"href":"https:\/\/www.radiopiu.net\/wordpress\/wp-json\/wp\/v2\/types\/post"}],"author":[{"embeddable":true,"href":"https:\/\/www.radiopiu.net\/wordpress\/wp-json\/wp\/v2\/users\/4"}],"replies":[{"embeddable":true,"href":"https:\/\/www.radiopiu.net\/wordpress\/wp-json\/wp\/v2\/comments?post=352295"}],"version-history":[{"count":0,"href":"https:\/\/www.radiopiu.net\/wordpress\/wp-json\/wp\/v2\/posts\/352295\/revisions"}],"wp:featuredmedia":[{"embeddable":true,"href":"https:\/\/www.radiopiu.net\/wordpress\/wp-json\/wp\/v2\/media\/352359"}],"wp:attachment":[{"href":"https:\/\/www.radiopiu.net\/wordpress\/wp-json\/wp\/v2\/media?parent=352295"}],"wp:term":[{"taxonomy":"category","embeddable":true,"href":"https:\/\/www.radiopiu.net\/wordpress\/wp-json\/wp\/v2\/categories?post=352295"},{"taxonomy":"post_tag","embeddable":true,"href":"https:\/\/www.radiopiu.net\/wordpress\/wp-json\/wp\/v2\/tags?post=352295"}],"curies":[{"name":"wp","href":"https:\/\/api.w.org\/{rel}","templated":true}]}}