{"id":352314,"date":"2023-09-14T05:40:17","date_gmt":"2023-09-14T03:40:17","guid":{"rendered":"https:\/\/www.radiopiu.net\/wordpress\/?p=352314"},"modified":"2023-09-14T05:54:06","modified_gmt":"2023-09-14T03:54:06","slug":"giornale-radiopiu-14-settembre-2023-direttore-mirko-mezzacasada-40-anni-25-giugno-1983-25-giugno-2023-2","status":"publish","type":"post","link":"https:\/\/www.radiopiu.net\/wordpress\/giornale-radiopiu-14-settembre-2023-direttore-mirko-mezzacasada-40-anni-25-giugno-1983-25-giugno-2023-2\/","title":{"rendered":"GIORNALE RADIOPIU 14 SETTEMBRE 2023 DIRETTORE MIRKO MEZZACASA\u2026DA 40 ANNI 25 GIUGNO 1983-25 GIUGNO 2023"},"content":{"rendered":"<h1 class=\"entry-title\">40esimo di RADIOPIU\u2026. LA VOCE DELL\u2019EMOZIONE<\/h1>\n<h2><span style=\"color: #ff0000;\">ISCRIVITI AL NOSTRO CANALE\u00a0\u00a0YOUTUBE PER SEGUIRE IN DIRETTA I PRINCIPALI PROGRAMMI DI RADIO PIU\u2019 E LE FUTURE DIRETTE IN ESTERNA. PER ISCRIVERTI\u00a0<a style=\"color: #ff0000;\" href=\"https:\/\/youtube.com\/@radiopiu1527\">CLICCA QUI\u00a0<\/a>E PREMI\u00a0 \u201cIscriviti\u201d<\/span><\/h2>\n<p>&nbsp;<\/p>\n<p><a class=\"dt-pswp-item\" href=\"https:\/\/www.radiopiu.net\/wordpress\/wp-content\/uploads\/2023\/08\/sersa-ok-1.jpg\" data-dt-img-description=\"\" data-large_image_width=\"300\" data-large_image_height=\"300\"><img loading=\"lazy\" decoding=\"async\" class=\"size-full wp-image-349822 aligncenter\" src=\"https:\/\/www.radiopiu.net\/wordpress\/wp-content\/uploads\/2023\/08\/sersa-ok-1.jpg\" alt=\"\" width=\"300\" height=\"300\" srcset=\"https:\/\/www.radiopiu.net\/wordpress\/wp-content\/uploads\/2023\/08\/sersa-ok-1.jpg 300w, https:\/\/www.radiopiu.net\/wordpress\/wp-content\/uploads\/2023\/08\/sersa-ok-1-150x150.jpg 150w\" sizes=\"auto, (max-width: 300px) 100vw, 300px\" \/>\u00a0<\/a><\/p>\n<p><span style=\"color: #0000ff;\"><strong>\u00a0<\/strong><\/span><\/p>\n<p><span style=\"color: #0000ff;\"><strong><a class=\"dt-pswp-item\" href=\"https:\/\/www.radiopiu.net\/wordpress\/wp-content\/uploads\/2023\/09\/th-11.jpg\" data-dt-img-description=\"\" data-large_image_width=\"270\" data-large_image_height=\"180\"><img loading=\"lazy\" decoding=\"async\" class=\" wp-image-352451 alignleft\" src=\"https:\/\/www.radiopiu.net\/wordpress\/wp-content\/uploads\/2023\/09\/th-11.jpg\" alt=\"\" width=\"207\" height=\"138\" \/><\/a>MANCATO SERVIZIO PER I CITTADINI. <span style=\"color: #000000;\">Chi risponder\u00e0 dei tanti disagi? Salter\u00e0 qualche testa? Saranno chiesti chiarimenti alla Provincia? Sapranno rispondere gli attuali amministratori o faranno spallucce in attesa delle prossime elezioni tra sindaci? <\/span><\/strong><\/span><\/p>\n<p><span style=\"color: #0000ff;\"><strong><span style=\"color: #000000;\">Insomma qualcuno risponder\u00e0 di quanto sta accadendo sul territorio? Ad oggi le uniche prese di posizione arrivano dalla politica, quella in minoranza, ovvero solo il PD che non \u00e8 al governo n\u00e8 in Provincia, n\u00e8 in Regione. Ma il Pd almeno ha avuto il coraggio di puntare il dito contro tutto e tutti&#8230; e il resto della politica? E le associazioni dei consumatori?<\/span><\/strong><\/span><\/p>\n<p>&nbsp;<\/p>\n<p><span style=\"color: #ff0000;\"><strong>OGGI 39 BUS IN MENO, CRESCE IL MALUMORE TRA GLI UTENTI DELL&#8217;AZIENDA DI TRASPORTO BELLUNESE. PRIMA MAZZIATI DAGLI AUMENTI ED ORA BEFFATI DAI COLPI DI SPUGNA.\u00a0<\/strong> <\/span><\/p>\n<p>&nbsp;<\/p>\n<p>GIOVED\u00cc 14 SETTEMBRE &#8211; CORSE NON GARANTITE Alla luce della carenza di autisti, nella giornata di gioved\u00ec 14 settembre non saranno garantite alcune corse delle linee extraurbane e del servizio urbano di Belluno\u00a0In particolare &#x1f68c;LINEA 13 &#x1f68c;LINEA 27 &#x1f68c;LINEA 31 &#x1f68c;LINEA 32 &#x1f68c;LINEA 33 &#x1f68c;LINEA 38 &#x1f68c;LINEA 911 &#x1f68c;LINEA 940 &#x1f537;SERVIZIO URBANO DI BELLUNO &#8211; LINEA BLU &#x1f535;SERVIZIO URBANO DI BELLUNO &#8211; LINEA CELESTE &#x1f7e3;SERVIZIO URBANO DI BELLUNO &#8211; LINEA LILLA &#x1f534;SERVIZIO URBANO DI BELLUNO &#8211; LINEA ROSSA &#x1f7e2;SERVIZIO URBANO DI BELLUNO &#8211; LINEA VERDE Ci scusiamo per il disagio<\/p>\n<p>&nbsp;<\/p>\n<hr \/>\n<p>&nbsp;<\/p>\n<blockquote>\n<h3>DUE INCIDENTI SULLA STRADA, TRE I FERITI<\/h3>\n<\/blockquote>\n<p><img loading=\"lazy\" decoding=\"async\" class=\"alignleft\" src=\"https:\/\/www.radiopiu.net\/wordpress\/wp-content\/uploads\/2023\/09\/468e46b6-1c5a-463b-ba1c-437000fdf01a.jpg\" width=\"207\" height=\"155\" \/><strong>REDAZIONE<\/strong> La pioggia e l&#8217;asfalto viscido dopo i giorni torridi e polverosi sono forse tra le cause di due sinistri che hanno coinvolto moto e auto. Il primo ad\u00a0 Avoscan di San Tomaso, tra il motociclista e l&#8217;automobilista ad avere la peggio l&#8217;uomo sulle due ruote, un vicentino di Trissino di 58 anni portato per accertamenti in ospedale\u00a0 al Papa Luciani di\u00a0 Agordo con ferite di media gravit\u00e0.<\/p>\n<p>Disposto invece il trasferimento al San Martino di Belluno per un 41enne di Belluno vittima dell&#8217;incidente a Sedico, Bivio La Villa, le sue condizioni non sono gravi. Pi\u00f9 seria la situazione per il 61enne di Feltre\u00a0 ricoverato al Santa Maria del Prato per una trauma accidentale in via Nassa.<\/p>\n<p>&nbsp;<\/p>\n<hr \/>\n<p>&nbsp;<\/p>\n<p>&nbsp;<\/p>\n<blockquote>\n<h3>SI RIAFFACCIA IL COVID, L&#8217;ULSS DOLOMITI TRANQUILLIZZA &#8220;NON SIAMO NELL&#8217;EMERGENZA&#8221;<\/h3>\n<\/blockquote>\n<p><a class=\"dt-pswp-item\" href=\"https:\/\/www.radiopiu.net\/wordpress\/wp-content\/uploads\/2023\/09\/62e7aa50-6154-4d3e-8801-2ce16c8c2d9a.jpg\" data-dt-img-description=\"\" data-large_image_width=\"1024\" data-large_image_height=\"768\"><img loading=\"lazy\" decoding=\"async\" class=\"size-medium wp-image-352422 alignleft\" src=\"https:\/\/www.radiopiu.net\/wordpress\/wp-content\/uploads\/2023\/09\/62e7aa50-6154-4d3e-8801-2ce16c8c2d9a-300x225.jpg\" alt=\"\" width=\"300\" height=\"225\" srcset=\"https:\/\/www.radiopiu.net\/wordpress\/wp-content\/uploads\/2023\/09\/62e7aa50-6154-4d3e-8801-2ce16c8c2d9a-300x225.jpg 300w, https:\/\/www.radiopiu.net\/wordpress\/wp-content\/uploads\/2023\/09\/62e7aa50-6154-4d3e-8801-2ce16c8c2d9a-768x576.jpg 768w, https:\/\/www.radiopiu.net\/wordpress\/wp-content\/uploads\/2023\/09\/62e7aa50-6154-4d3e-8801-2ce16c8c2d9a.jpg 1024w\" sizes=\"auto, (max-width: 300px) 100vw, 300px\" \/><\/a><strong>BELLUNO<\/strong><\/p>\n<p><strong>DI DANIELE DALVIT<\/strong><\/p>\n<p>&nbsp;<\/p>\n<audio class=\"wp-audio-shortcode\" id=\"audio-352314-1\" preload=\"none\" style=\"width: 100%;\" controls=\"controls\"><source type=\"audio\/mpeg\" src=\"https:\/\/www.radiopiu.net\/wordpress\/wp-content\/uploads\/2023\/09\/Radio-Piu-Servizio-Situazione-casi-Covid.mp3?_=1\" \/><a href=\"https:\/\/www.radiopiu.net\/wordpress\/wp-content\/uploads\/2023\/09\/Radio-Piu-Servizio-Situazione-casi-Covid.mp3\">https:\/\/www.radiopiu.net\/wordpress\/wp-content\/uploads\/2023\/09\/Radio-Piu-Servizio-Situazione-casi-Covid.mp3<\/a><\/audio>\n<p>&nbsp;<\/p>\n<a href=\"https:\/\/www.radiopiu.net\/wordpress\/wp-content\/uploads\/2023\/09\/covid_punto-stampa_13.09.2023.pdf\" class=\"pdfemb-viewer\" style=\"\" data-width=\"max\" data-height=\"max\" data-toolbar=\"top\" data-toolbar-fixed=\"on\">covid_punto stampa_13.09.2023<\/a>\n<p>&nbsp;<\/p>\n<hr \/>\n<p>&nbsp;<\/p>\n<p>&nbsp;<\/p>\n<blockquote>\n<h3><a class=\"dt-pswp-item\" href=\"https:\/\/www.radiopiu.net\/wordpress\/wp-content\/uploads\/2023\/09\/bruno.png\" data-dt-img-description=\"\" data-large_image_width=\"269\" data-large_image_height=\"223\"><img loading=\"lazy\" decoding=\"async\" class=\"wp-image-352452 alignleft\" src=\"https:\/\/www.radiopiu.net\/wordpress\/wp-content\/uploads\/2023\/09\/bruno.png\" alt=\"\" width=\"172\" height=\"143\" \/><\/a>E&#8217; MANCATO BRUNO DE PARIS, DUE FIGLI NEL DOLORE<\/h3>\n<\/blockquote>\n<p><strong>LIMANA<\/strong> E&#8217; morto Bruno De Paris, aveva 56 anni, volto noto in sinistra Piave, gi\u00e0 presidente degli Zater di calcio a 5, professionista attivo nell&#8217;ordine degli ingegneri. Non si conoscere la data dei funerali, sar\u00e0 decisa in giornata.<\/p>\n<p>&nbsp;<\/p>\n<p>&nbsp;<\/p>\n<hr \/>\n<p>&nbsp;<\/p>\n<blockquote>\n<h3>CONTENZIOSO PER MALGA CALEDA, MERCOLEDI L&#8217;UDIENZA AL TAR<\/h3>\n<\/blockquote>\n<p><img decoding=\"async\" class=\"alignleft\" src=\"https:\/\/www.radiopiu.net\/wordpress\/wp-content\/uploads\/2023\/09\/th-10.jpg\" \/><strong>LA VALLE<\/strong><\/p>\n<p><strong>DI GIANNI SANTOMASO<\/strong><\/p>\n<audio class=\"wp-audio-shortcode\" id=\"audio-352314-2\" preload=\"none\" style=\"width: 100%;\" controls=\"controls\"><source type=\"audio\/mpeg\" src=\"https:\/\/www.radiopiu.net\/wordpress\/wp-content\/uploads\/2023\/09\/MALGA-CALEDA-GIANNI.mp3?_=2\" \/><a href=\"https:\/\/www.radiopiu.net\/wordpress\/wp-content\/uploads\/2023\/09\/MALGA-CALEDA-GIANNI.mp3\">https:\/\/www.radiopiu.net\/wordpress\/wp-content\/uploads\/2023\/09\/MALGA-CALEDA-GIANNI.mp3<\/a><\/audio>\n<p>&nbsp;<\/p>\n<p>&nbsp;<\/p>\n<hr \/>\n<p>&nbsp;<\/p>\n<blockquote>\n<h2>&#8220;IMPICCATI O PROSTITUISCITI&#8221; GENITORI A PROCESSO<\/h2>\n<\/blockquote>\n<div class=\"flex-1 overflow-hidden\">\n<div class=\"react-scroll-to-bottom--css-amixv-79elbk h-full dark:bg-gray-800\">\n<div class=\"react-scroll-to-bottom--css-amixv-1n7m0yu\">\n<div class=\"flex flex-col text-sm dark:bg-gray-800\">\n<div class=\"group w-full text-token-text-primary border-b border-black\/10 dark:border-gray-900\/50 bg-gray-50 dark:bg-[#444654]\" data-testid=\"conversation-turn-3\">\n<div class=\"p-4 justify-center text-base md:gap-6 md:py-6 m-auto\">\n<div class=\"flex flex-1 gap-4 text-base mx-auto md:gap-6 md:max-w-2xl lg:max-w-[38rem] xl:max-w-3xl }\">\n<div class=\"relative flex w-[calc(100%-50px)] flex-col gap-1 md:gap-3 lg:w-[calc(100%-115px)]\">\n<div class=\"flex flex-grow flex-col gap-3 max-w-full\">\n<div class=\"min-h-[20px] flex flex-col items-start gap-3 overflow-x-auto whitespace-pre-wrap break-words\">\n<div class=\"markdown prose w-full break-words dark:prose-invert light\">\n<p><strong>Oggi sul Corriere delle Alpi<\/strong><\/p>\n<p><strong>di GIGI SOSSO<\/strong><\/p>\n<p>&nbsp;<\/p>\n<p><strong><a class=\"dt-pswp-item\" href=\"https:\/\/www.radiopiu.net\/wordpress\/wp-content\/uploads\/2023\/09\/AAA-1.png\" data-dt-img-description=\"\" data-large_image_width=\"544\" data-large_image_height=\"251\"><img loading=\"lazy\" decoding=\"async\" class=\"size-medium wp-image-352454 alignleft\" src=\"https:\/\/www.radiopiu.net\/wordpress\/wp-content\/uploads\/2023\/09\/AAA-1-300x138.png\" alt=\"\" width=\"300\" height=\"138\" srcset=\"https:\/\/www.radiopiu.net\/wordpress\/wp-content\/uploads\/2023\/09\/AAA-1-300x138.png 300w, https:\/\/www.radiopiu.net\/wordpress\/wp-content\/uploads\/2023\/09\/AAA-1.png 544w\" sizes=\"auto, (max-width: 300px) 100vw, 300px\" \/><\/a>REDAZIONE<\/strong> L&#8217;articolo riporta il caso di un padre di famiglia di Belluno accusato di maltrattare fisicamente, psicologicamente e moralmente sua figlia minore, con l&#8217;apparente complicit\u00e0 della moglie. I genitori sono sotto processo per maltrattamenti aggravati in concorso, e la loro unica speranza di ottenere una riduzione della pena \u00e8 partecipare a un programma del Centro di giustizia riparativa. La giovane vittima, ora quindicenne, \u00e8 assistita da un assistente sociale ed \u00e8 rappresentata legalmente da un curatore speciale nominato dal Tribunale dei Minori. Secondo l&#8217;accusa, i maltrattamenti sono iniziati quando aveva sei anni e hanno causato gravi angosce, spingendola a comportamenti autolesionistici. Il padre avrebbe insultato la ragazza e la avrebbe invitata pi\u00f9 volte a &#8220;impiccarsi&#8221; o a &#8220;prostituirsi&#8221;. Inoltre, avrebbe usato violenza fisica nei suoi confronti. Entrambi i genitori avrebbero anche privato i figli del cibo in pi\u00f9 occasioni e distrutto oggetti in casa. Il processo inizier\u00e0 il 17 aprile, mentre i genitori avvieranno un percorso con gli psicologi per comprendere la gravit\u00e0 delle loro azioni e cercare una riduzione della pena attraverso i loro avvocati<\/p>\n<\/div>\n<\/div>\n<\/div>\n<\/div>\n<\/div>\n<\/div>\n<\/div>\n<\/div>\n<\/div>\n<\/div>\n<\/div>\n<p>&nbsp;<\/p>\n<p><strong>INOLTRE OGGI SUL CORRIERE DELLE ALPI<\/strong><\/p>\n<div id=\"articleContent\" class=\"mercuryWrapper\">\n<div class=\"mercuryScroller\">\n<div class=\"mercuryElement\">\n<div class=\"mercuryBox\">\n<div id=\"articlePlain\">\n<div class=\"articlePlainTitle\"><strong><span style=\"color: #ff0000;\">Palpeggiata in piazza Aggressore a giudizio:<\/span> episodio che risale allo scorso anno. Presentata la querela. Il processo dal prossimo marzo<\/strong><\/div>\n<\/div>\n<div class=\"addthis_sharing_toolbox\" data-url=\"http:\/\/sfoglio.corrierealpi.gelocal.it\/share_article.php?article_id=undefined\" data-title=\"Palpeggiata in piazza Aggressore a giudizio\"><strong><span style=\"color: #ff0000;\">Minaccia di tagliare la gola alla compagna e figlioletto:<\/span> <span style=\"color: #000000;\">Tra il 2021 e il 2022 il cadorino terrorizzava la compagna. Il pubblico Ministero Roberta Gallego dopo la denuncia lo ha rinviato a giudizio. Il dibattimento aperto ieri dall&#8217;udienza filtro continuer\u00e0 a febbraio.<\/span><\/strong><\/div>\n<div data-url=\"http:\/\/sfoglio.corrierealpi.gelocal.it\/share_article.php?article_id=undefined\" data-title=\"Palpeggiata in piazza Aggressore a giudizio\"><\/div>\n<div id=\"articlePlain\">\n<div class=\"articlePlainText\"><\/div>\n<\/div>\n<\/div>\n<\/div>\n<\/div>\n<\/div>\n<p>&nbsp;<\/p>\n<hr \/>\n<blockquote>\n<h1 class=\"ContentPasted0\"><\/h1>\n<h1 class=\"ContentPasted0\">Emergenza autisti, Dolomiti Bus al lavoro per ridurre i disagi<\/h1>\n<\/blockquote>\n<p class=\"ContentPasted0\"><em>In questa fase transitoria, giorno per giorno, saranno indicate le corse attualmente non garantite<\/em><\/p>\n<p class=\"ContentPasted0\"><strong><a class=\"dt-pswp-item\" href=\"https:\/\/www.radiopiu.net\/wordpress\/wp-content\/uploads\/2021\/10\/a5792cee-db5f-4f4a-afa5-a85dadab0967.jpg\" data-dt-img-description=\"\" data-large_image_width=\"1599\" data-large_image_height=\"899\"><img loading=\"lazy\" decoding=\"async\" class=\"size-medium wp-image-237487 alignleft\" src=\"https:\/\/www.radiopiu.net\/wordpress\/wp-content\/uploads\/2021\/10\/a5792cee-db5f-4f4a-afa5-a85dadab0967-300x169.jpg\" alt=\"\" width=\"300\" height=\"169\" srcset=\"https:\/\/www.radiopiu.net\/wordpress\/wp-content\/uploads\/2021\/10\/a5792cee-db5f-4f4a-afa5-a85dadab0967-300x169.jpg 300w, https:\/\/www.radiopiu.net\/wordpress\/wp-content\/uploads\/2021\/10\/a5792cee-db5f-4f4a-afa5-a85dadab0967-1024x576.jpg 1024w, https:\/\/www.radiopiu.net\/wordpress\/wp-content\/uploads\/2021\/10\/a5792cee-db5f-4f4a-afa5-a85dadab0967-768x432.jpg 768w, https:\/\/www.radiopiu.net\/wordpress\/wp-content\/uploads\/2021\/10\/a5792cee-db5f-4f4a-afa5-a85dadab0967-1536x864.jpg 1536w, https:\/\/www.radiopiu.net\/wordpress\/wp-content\/uploads\/2021\/10\/a5792cee-db5f-4f4a-afa5-a85dadab0967.jpg 1599w\" sizes=\"auto, (max-width: 300px) 100vw, 300px\" \/><\/a>BELLUNO<\/strong> Continua l\u2019emergenza autisti per il trasporto pubblico locale. Nel primo giorno di scuola Dolomiti Bus spa \u00e8 riuscita a garantire tutte le corse che riguardano il trasporto scolastico, negli orari chiave per gli studenti nel tragitto casa-scuola-casa. E far\u00e0 lo stesso nei prossimi giorni, assicurando il servizio per una fascia particolare dell\u2019utenza.<span class=\"Apple-converted-space ContentPasted0\"> \u00a0<\/span>Al momento l\u2019azienda sta lavorando per coprire tutte le tratte, facendo fronte alla carenza di autisti anche richiamando al volante meccanici e altri dipendenti amministrativi provvisti di patente e titoli Cqc. Proprio per questo si \u00e8 trovata costretta a non garantire alcune corse nella giornata odierna, concentrandole negli orari di morbida e nelle tratte meno frequentate. Con lo stesso meccanismo intende operare nei prossimi giorni, cercando di ridurre il pi\u00f9 possibile disagi che sono inevitabili in una situazione emergenziale.\u00a0 Nel frattempo l\u2019azienda sta lavorando anche per far rientrare il problema della carenza degli autisti, nell\u2019auspicio di poter tornare alla normalit\u00e0 del servizio nel minor tempo possibile, consapevole per\u00f2 che in tutta Italia, ed in particolare al nord, si \u00e8 registrata una forte contrazione della forza lavoro nel comparto del trasporto pubblico.<\/p>\n<p>&nbsp;<\/p>\n<p>&nbsp;<\/p>\n<hr \/>\n<blockquote>\n<h3 class=\"entry-title\">CARA DOLOMITIBUS\u2026 AUMENTANO I COSTI E DIMINUISCONO I SERVIZI. \u201cE\u2019 COSI\u2019 CHE SI FANNO UTILI\u201d<\/h3>\n<\/blockquote>\n<p><strong><img loading=\"lazy\" decoding=\"async\" class=\"alignleft\" src=\"https:\/\/www.radiopiu.net\/wordpress\/wp-content\/uploads\/2023\/09\/43f85719-4882-4c4a-b432-995e552806c9.jpg\" width=\"230\" height=\"144\" \/>REDAZIONE<\/strong>\u00a0Chi ci scrive, prima ancora ha scritto alla Dolomitibus, \u00e8 una mamma\u00a0 i cui figli pesano sul bilancio famigliare per 800 euro, con riferimento ad un servizio che si presume corrisponda al prezzo pagato, ma cos\u00ec non \u00e8. Infatti gli ultimi cambiamenti sulla linea \u201cLa Valle Agordina \u2013 Agordo\u201d hanno creato una serie di disagi evidenziati nella lettera di Simonetta.<\/p>\n<p><em>\u201cMia figlia frequenta l\u2019Istituto Catullo a Belluno. Noi viviamo a La Valle Agordina e mia figlia prende la corsa delle 6.42 a Crostolin arriva ad Agordo alle 6.48 e poi ha la corriera per Belluno alle 6.50. Quest\u2019anno vedo che questa corsa c\u2019e ancora ma non il sabato.\u00a0 Quindi lei il sabato dovrebbe prendere la corsa delle 6.22 arrivando ad Agordo alle 6.28 e di conseguenza aspettare pi\u00f9 di 20 minuti per la corriera per Belluno: bello! Soprattutto con il freddo e la neve dell\u2019inverno! Considero anche il fatto che avendo 2 figli pago 800 euro di abbonamenti che sono anche aumentati! Aumenta l abbonamento ma diminuisce il servizio?\u00a0 D\u2019altronde noi dell\u2019alta montagna veniamo sempre penalizzati ; penso alla corsa La Valle Agordina- Agordo che d\u2019estate fa pena e se non lavori in\u00a0 Luxottica poi non ne parliamo, eppure noi paghiamo come gli altri mi pare.\u00a0 Chiedo per favore il ripristino della corsa delle 6.42 anche di sabato e auspico una risposta.<\/em><\/p>\n<p><strong>La Dolomitibus ha risposto cos\u00ec:\u00a0<\/strong>\u00a0\u201cla informiamo che, purtroppo, \u00e8 stato necessario modificare l\u2019orario scolastico di varie linee per riuscire a garantire pi\u00f9 corse possibili a causa la grave carenza di autisti. Solo il sabato gli studenti di La Valle avranno il disagio di partire 20 minuti prima mentre da luned\u00ec a venerd\u00ec l\u2019orario \u00e8 rimasto invariato. Ci scusiamo per il disagio\u201d<\/p>\n<p><strong>MORALE DELLA MAMMA<\/strong>\u00a0\u00a0solo il sabato\u2026certo,\u00a0 \u00a0ma intanto noi paghiamo di pi\u00f9 e i servizi diminuiscono\u2026 sono capace anche io ad aumentare il costo e a diminuire i servizi \u00e8 cos\u00ec che si fanno utili<\/p>\n<p><strong>FOTO: IERI ORE 8 DAVANTI AGLI UFFICI DELLA DOLOMITIBUS,\u00a0 CODA COME ALLA MACCHINA DEL CAFFE\u2019<\/strong><\/p>\n<p>&nbsp;<\/p>\n<p>&nbsp;<\/p>\n<hr \/>\n<p>&nbsp;<\/p>\n<blockquote>\n<h3>DILLO A RADIO PIU&#8217;&#8230;ROBERTO MOSCA: LA PROVINCIA DI BELLUNO NON E&#8217; IN AGONIA, PEGGIO<\/h3>\n<\/blockquote>\n<p><strong><a class=\"dt-pswp-item\" href=\"https:\/\/www.radiopiu.net\/wordpress\/wp-content\/uploads\/2020\/06\/80c303ed-9a2e-49f0-8b20-3dd5e061bbf3.jpg\" data-dt-img-description=\"\" data-large_image_width=\"1280\" data-large_image_height=\"960\"><img loading=\"lazy\" decoding=\"async\" class=\" wp-image-145520 alignleft\" src=\"https:\/\/www.radiopiu.net\/wordpress\/wp-content\/uploads\/2020\/06\/80c303ed-9a2e-49f0-8b20-3dd5e061bbf3-300x225.jpg\" alt=\"\" width=\"175\" height=\"131\" srcset=\"https:\/\/www.radiopiu.net\/wordpress\/wp-content\/uploads\/2020\/06\/80c303ed-9a2e-49f0-8b20-3dd5e061bbf3-300x225.jpg 300w, https:\/\/www.radiopiu.net\/wordpress\/wp-content\/uploads\/2020\/06\/80c303ed-9a2e-49f0-8b20-3dd5e061bbf3-1024x768.jpg 1024w, https:\/\/www.radiopiu.net\/wordpress\/wp-content\/uploads\/2020\/06\/80c303ed-9a2e-49f0-8b20-3dd5e061bbf3-768x576.jpg 768w, https:\/\/www.radiopiu.net\/wordpress\/wp-content\/uploads\/2020\/06\/80c303ed-9a2e-49f0-8b20-3dd5e061bbf3.jpg 1280w\" sizes=\"auto, (max-width: 175px) 100vw, 175px\" \/><\/a>Riceviamo e pubblichiamo<\/strong><\/p>\n<p>Si prenda atto che il trasporto pubblico in provincia di Belluno non \u00e8 in agonia ma \u00e8 morto. Non si dica che i disagi sono ovunque poich\u00e9 ad esempio nel trevigiano la copertura delle corse urbane ed extraurbane \u00e8 sempre garantita con una cadenza di mezz\u2019ora, ma \u00e8 un discorso ad ampio spettro non solo il contesto della Dolomiti Bus La Provincia di Belluno \u00e8 una conformazione dei paesi &#8220;dormitorio&#8221; e di un tessuto sociale in via di disgregazione perch\u00e8 i giovani che rimangono non hanno luoghi d&#8217;incontro. Alla riduzione dei servizi pubblici (poste, trasporti) va registrata la presenza sempre pi\u00f9 esigua in alcune aree di un turismo &#8220;mordi e fuggi&#8221; con un costo della vita sempre pi\u00f9 alto&#8230; Ditelo a coloro che si scagliano contro lo spopolamento. Si salvi chi pu\u00f2&#8230;.<\/p>\n<p>Roberto Mosca<\/p>\n<p>&nbsp;<\/p>\n<hr \/>\n<p>&nbsp;<\/p>\n<blockquote>\n<h3>SERVIZIO DOLOMITIBUS: 2 ORE PER 50 CHILOMETRI DA RIVAMONTE A BELLUNO<\/h3>\n<\/blockquote>\n<p class=\"default-style\">Riceviamo e pubblichiamo<\/p>\n<p><strong><img loading=\"lazy\" decoding=\"async\" class=\"alignleft\" src=\"https:\/\/www.radiopiu.net\/wordpress\/wp-content\/uploads\/2021\/09\/DJI_0033-scaled.jpg\" width=\"247\" height=\"185\" \/>RIVAMONTE<\/strong>\u00a0 Mi unisco alle lamentele espresse da pi\u00f9 parti e ti aggiorno sulla situazione a Rivamonte.\u00a0 Ho 2 figli che frequentano la scuola superiore a Belluno. La corriera verso Agordo \u00e8 stata ulteriormente anticipata di 10 minuti ed \u00e8 ora alle 6:05\u00a0 a\u00a0 Tiser\u00a0 10 minuti prima. Scrivo &#8220;ulteriormente&#8221; perch\u00e9 qualcosa di simile era gi\u00e0 successo l&#8217;anno scorso. (per qualche motivo questa linea sembra particolarmente sacrificabile). Diciamo che un ragazzo di Tiser adesso si alza probabilmente alle 5:30 per essere a Belluno alle 7:30 circa.\u00a0 Centoventi\u00a0 minuti per fare circa 50 Km.\u00a0 (mi rendo conto che ci sono pochi ragazzi e questa \u00e8 un obiezione sensata; d&#8217;altro canto esiste anche il diritto allo studio ed alla mobilit\u00e0)\u00a0 Stamane i ragazzi erano ad Agordo alle 6:20 con corriera per Belluno prevista alle 6:50. Ovviamente non si possono precettare gli autisti ; se non si trovano persone disponibili a fare questo mestiere bisogna prenderne atto. (Risolvere questa situazione sarebbe compito della politica).\u00a0 Se nulla si pu\u00f2 fare su questo fronte sarebbe auspicabile capire come dolomiti bus ha intenzione di trattare i ragazzi che saranno\u00a0 chiamati a rimanere mezz&#8217;ora sul piazzale quest&#8217;inverno. Con temperature ben sotto lo zero sono previsti dei punti di attesa riscaldati? Visto che il disservizio non comporta un calo della tariffa possiamo chiedere a Dolomiti Bus di utilizzare i soldi che risparmia dal tagli delle corse per rendere almeno l&#8217;attesa degna di un paese moderno? possiamo inoltre\u00a0 pensare di far &#8220;girare&#8221; il disservizio su tutti i paesi ? perch\u00e8 la linea di Rivamonte \u00e8 stata ulteriormente anticipata, mentre altre, leggo dal tuo sito, sono state lasciate immutate?<\/p>\n<p class=\"default-style\">Luigi<\/p>\n<p>&nbsp;<\/p>\n<hr \/>\n<p>&nbsp;<\/p>\n<blockquote>\n<h3 class=\"_title post-title entry-title\">BELLUNO | PALAZZO ROSSO, GIRI DI VALZER PRE-ELETTORALI IN MAGGIORANZA<\/h3>\n<\/blockquote>\n<p>Ieri sera, TG di Antenna 3 (19.30 Canale 10 del digitale terrestre), \u00a0la politica bellunese in primo piano.\u00a0 Ieri giornata di smentite dopo le indiscrezioni pubblicate da Antenna 3 l&#8217;altra sera\u00a0 circa le migrazioni interne ai gruppi della maggioranza di centro destra a Palazzo Rosso. (OGNI SERA ALLE 19 10 ALLA RADIO LE ANTICIPAZIONI DEL TG BELLUNESE IN ONDA ALLE 19.30)<\/p>\n<p>di TIZIANA BOLOGNANI<\/p>\n<p><iframe loading=\"lazy\" title=\"PALAZZO ROSSO, GIRI DI VALZER PRE-ELETTORALI IN MAGGIORANZA | 13\/09\/2023\" width=\"1200\" height=\"675\" src=\"https:\/\/www.youtube.com\/embed\/w95W-gDtVKo?start=2&#038;feature=oembed\" frameborder=\"0\" allow=\"accelerometer; autoplay; clipboard-write; encrypted-media; gyroscope; picture-in-picture; web-share\" allowfullscreen><\/iframe><\/p>\n<p>&nbsp;<\/p>\n<p>&nbsp;<\/p>\n<hr \/>\n<p>&nbsp;<\/p>\n<blockquote>\n<h3>CARABINIERI ACCANTO AGLI STUDENTI PER L\u2019APERTURA DELL\u2019ANNO SCOLASTICO<\/h3>\n<\/blockquote>\n<p><strong>BELLUNO<\/strong> Silenziosi, discreti e col sorriso sulle labbra, per augurare un buon inizio di anno scolastico agli studenti della provincia di Belluno. Cos\u00ec i Carabinieri si sono presentati ieri\u00a0 mattina, quando dirigenti e insegnati hanno aperto le porte delle scuole, da Cortina a Feltre, da Belluno sino alle pi\u00f9 piccole realt\u00e0 scolastiche del territorio, per stare vicini ai giovani studenti della provincia, alle loro famiglie e insegnanti, nel giorno in cui riparte l\u2019anno scolastico. Un piccolo segnale di vicinanza che intende avviare, anche per questo anno scolastico, quella necessaria collaborazione tra Carabinieri e mondo delle scuole di ogni ordine, che si svilupper\u00e0 attraverso percorsi di educazione alla legalit\u00e0 ma anche incontri per far conoscere meglio le Istituzioni della Repubblica. Oltre 40 pattuglie dell\u2019Arma sono state impiegate questa mattina in diversi istituti scolastici, con i Comandanti delle Stazione in \u201cprima linea\u201d, per accogliere i ragazzi. \u201c<em>Ci tenevo particolarmente a fare sentire la nostra vicinanza i giovani e poterli accogliere al loro arrivo a scuola, in sicurezza, affiancando la preziosa opera dei tanti, bravi insegnanti<\/em> \u2013 ha commentato il Colonnello Pigozzo \u2013 <em>per rinnovare, anche simbolicamente, l\u2019impegno che metteremo anche durante questo anno scolastico per supportare il loro percorso di crescita e formazione. Per questo ho chiesto ai miei Carabinieri uno sforzo in pi\u00f9 oggi, affinch\u00e9 fossero presenti all\u2019apertura dei cancelli e potessero augurare buon anno scolastico ai tanti ragazzi che si impegneranno sui banchi di scuola<\/em>\u201d. Lo scorso anno sono stati oltre 3000 gli studenti della provincia incontrati dall\u2019Arma nell\u2019ambito dei diversi progetti di educazione alla legalit\u00e0, cui si sono affiancate anche molte visite alle Compagnie e Stazioni dell\u2019Arma, in cui i giovani hanno potuto vedere mezzi ed equipaggiamenti e conoscere meglio il servizio dei loro Carabinieri. \u201c<em>A breve ci incontreremo con il dott. Salvador, dirigente dell\u2019ufficio scolastico territoriale di Belluno, per individuare insieme nuovi ambiti di collaborazione nell\u2019interesse degli studenti<\/em>\u201d. Da parte dei Carabinieri del Comando Provinciale di Belluno, un sincero augurio a tutti gli studenti e insegnati di buon anno scolastico.<\/p>\n\n\t\t\t<style type='text\/css'>\n\t\t\t\t#gallery-1 {\n\t\t\t\t\tmargin: auto;\n\t\t\t\t}\n\t\t\t\t#gallery-1 .gallery-item {\n\t\t\t\t\tfloat: left;\n\t\t\t\t\tmargin-top: 10px;\n\t\t\t\t\ttext-align: center;\n\t\t\t\t\twidth: 33%;\n\t\t\t\t}\n\t\t\t\t#gallery-1 img {\n\t\t\t\t\tborder: 2px solid #cfcfcf;\n\t\t\t\t}\n\t\t\t\t#gallery-1 .gallery-caption {\n\t\t\t\t\tmargin-left: 0;\n\t\t\t\t}\n\t\t\t\t\/* see gallery_shortcode() in wp-includes\/media.php *\/\n\t\t\t<\/style>\n\t\t<div id='gallery-1' class='dt-gallery-container gallery galleryid-352314 gallery-columns-3 gallery-size-medium'><dl class='gallery-item'>\n\t\t\t\t<dt class='gallery-icon landscape'>\n\t\t\t\t\t<a class=\"rollover rollover-zoom dt-pswp-item\" title=\"carabinieri_apertura anno scolastico_3\" data-dt-img-description=\"\" data-large_image_width=\"1024\" data-large_image_height=\"768\"href='https:\/\/www.radiopiu.net\/wordpress\/wp-content\/uploads\/2023\/09\/carabinieri_apertura-anno-scolastico_3.jpg'><img loading=\"lazy\" decoding=\"async\" width=\"300\" height=\"225\" src=\"https:\/\/www.radiopiu.net\/wordpress\/wp-content\/uploads\/2023\/09\/carabinieri_apertura-anno-scolastico_3-300x225.jpg\" class=\"attachment-medium size-medium\" alt=\"\" srcset=\"https:\/\/www.radiopiu.net\/wordpress\/wp-content\/uploads\/2023\/09\/carabinieri_apertura-anno-scolastico_3-300x225.jpg 300w, https:\/\/www.radiopiu.net\/wordpress\/wp-content\/uploads\/2023\/09\/carabinieri_apertura-anno-scolastico_3-768x576.jpg 768w, https:\/\/www.radiopiu.net\/wordpress\/wp-content\/uploads\/2023\/09\/carabinieri_apertura-anno-scolastico_3.jpg 1024w\" sizes=\"auto, (max-width: 300px) 100vw, 300px\" \/><\/a>\n\t\t\t\t<\/dt><\/dl><dl class='gallery-item'>\n\t\t\t\t<dt class='gallery-icon landscape'>\n\t\t\t\t\t<a class=\"rollover rollover-zoom dt-pswp-item\" title=\"carabinieri_apertura anno scolastico_1\" data-dt-img-description=\"\" data-large_image_width=\"2560\" data-large_image_height=\"1920\"href='https:\/\/www.radiopiu.net\/wordpress\/wp-content\/uploads\/2023\/09\/carabinieri_apertura-anno-scolastico_1-scaled.jpg'><img loading=\"lazy\" decoding=\"async\" width=\"300\" height=\"225\" src=\"https:\/\/www.radiopiu.net\/wordpress\/wp-content\/uploads\/2023\/09\/carabinieri_apertura-anno-scolastico_1-300x225.jpg\" class=\"attachment-medium size-medium\" alt=\"\" srcset=\"https:\/\/www.radiopiu.net\/wordpress\/wp-content\/uploads\/2023\/09\/carabinieri_apertura-anno-scolastico_1-300x225.jpg 300w, https:\/\/www.radiopiu.net\/wordpress\/wp-content\/uploads\/2023\/09\/carabinieri_apertura-anno-scolastico_1-1024x768.jpg 1024w, https:\/\/www.radiopiu.net\/wordpress\/wp-content\/uploads\/2023\/09\/carabinieri_apertura-anno-scolastico_1-768x576.jpg 768w, https:\/\/www.radiopiu.net\/wordpress\/wp-content\/uploads\/2023\/09\/carabinieri_apertura-anno-scolastico_1-1536x1152.jpg 1536w, https:\/\/www.radiopiu.net\/wordpress\/wp-content\/uploads\/2023\/09\/carabinieri_apertura-anno-scolastico_1-2048x1536.jpg 2048w\" sizes=\"auto, (max-width: 300px) 100vw, 300px\" \/><\/a>\n\t\t\t\t<\/dt><\/dl><dl class='gallery-item'>\n\t\t\t\t<dt class='gallery-icon landscape'>\n\t\t\t\t\t<a class=\"rollover rollover-zoom dt-pswp-item\" title=\"carabinieri_apertura anno scolastico_2\" data-dt-img-description=\"\" data-large_image_width=\"1629\" data-large_image_height=\"1086\"href='https:\/\/www.radiopiu.net\/wordpress\/wp-content\/uploads\/2023\/09\/carabinieri_apertura-anno-scolastico_2-e1758533335929.jpg'><img loading=\"lazy\" decoding=\"async\" width=\"300\" height=\"200\" src=\"https:\/\/www.radiopiu.net\/wordpress\/wp-content\/uploads\/2023\/09\/carabinieri_apertura-anno-scolastico_2-e1758533335929-300x200.jpg\" class=\"attachment-medium size-medium\" alt=\"\" srcset=\"https:\/\/www.radiopiu.net\/wordpress\/wp-content\/uploads\/2023\/09\/carabinieri_apertura-anno-scolastico_2-e1758533335929-300x200.jpg 300w, https:\/\/www.radiopiu.net\/wordpress\/wp-content\/uploads\/2023\/09\/carabinieri_apertura-anno-scolastico_2-e1758533335929-1024x683.jpg 1024w, https:\/\/www.radiopiu.net\/wordpress\/wp-content\/uploads\/2023\/09\/carabinieri_apertura-anno-scolastico_2-e1758533335929-768x512.jpg 768w, https:\/\/www.radiopiu.net\/wordpress\/wp-content\/uploads\/2023\/09\/carabinieri_apertura-anno-scolastico_2-e1758533335929-1536x1024.jpg 1536w, https:\/\/www.radiopiu.net\/wordpress\/wp-content\/uploads\/2023\/09\/carabinieri_apertura-anno-scolastico_2-e1758533335929.jpg 1629w\" sizes=\"auto, (max-width: 300px) 100vw, 300px\" \/><\/a>\n\t\t\t\t<\/dt><\/dl><br style=\"clear: both\" \/>\n\t\t\t<\/div>\n\n<p>&nbsp;<\/p>\n<hr \/>\n<p>&nbsp;<\/p>\n<p>&nbsp;<\/p>\n<p><span style=\"font-size: large;\"><b><a class=\"dt-pswp-item\" href=\"https:\/\/www.radiopiu.net\/wordpress\/wp-content\/uploads\/2023\/09\/IMG_2255.jpg\" data-dt-img-description=\"\" data-large_image_width=\"2016\" data-large_image_height=\"1512\"><img loading=\"lazy\" decoding=\"async\" class=\" wp-image-352417 alignleft\" src=\"https:\/\/www.radiopiu.net\/wordpress\/wp-content\/uploads\/2023\/09\/IMG_2255-300x225.jpg\" alt=\"\" width=\"227\" height=\"170\" srcset=\"https:\/\/www.radiopiu.net\/wordpress\/wp-content\/uploads\/2023\/09\/IMG_2255-300x225.jpg 300w, https:\/\/www.radiopiu.net\/wordpress\/wp-content\/uploads\/2023\/09\/IMG_2255-1024x768.jpg 1024w, https:\/\/www.radiopiu.net\/wordpress\/wp-content\/uploads\/2023\/09\/IMG_2255-768x576.jpg 768w, https:\/\/www.radiopiu.net\/wordpress\/wp-content\/uploads\/2023\/09\/IMG_2255-1536x1152.jpg 1536w, https:\/\/www.radiopiu.net\/wordpress\/wp-content\/uploads\/2023\/09\/IMG_2255.jpg 2016w\" sizes=\"auto, (max-width: 227px) 100vw, 227px\" \/><\/a>\u00a0PRIMO GIORNO DI SCUOLA, IL PRESIDENTE DELLA PROVINCIA AL CATULLO<\/b><\/span><\/p>\n<p><span style=\"font-size: large;\">\u00abAbbiamo bisogno di voi, delle vostre capacit\u00e0, dei vostri sorrisi e del vostro entusiasmo\u00bb. Il presidente della Provincia di Belluno, Roberto Padrin, ha concluso cos\u00ec il suo saluto agli studenti nel primo giorno di scuola, portato quest\u2019anno all\u2019istituto Catullo. <\/span><span style=\"font-size: large;\">Il presidente ha fatto una carrellata degli interventi messi in campo dall\u2019amministrazione provinciale negli ultimi anni nell\u2019edilizia scolastica. E si \u00e8 concentrato anche sui cantieri Pnrr appena partiti o di prossima partenza, che valgono circa 40 milioni di euro.<\/span><\/p>\n<p>&nbsp;<\/p>\n<p>&nbsp;<\/p>\n<hr \/>\n<blockquote>\n<h3><\/h3>\n<h3>PRIMA CAMPANELLA DEL NUOVO ANNO SCOLASTICO: IL SALUTO DEL SINDACO DI FELTRE AGLI STUDENTI<\/h3>\n<\/blockquote>\n<p><strong>FELTRE <\/strong>Il sindaco di Feltre, Viviana Fusaro, accompagnata dal vicesindaco e assessore all&#8217;istruzione Claudio Dalla Palma, si \u00e8 recata ieri mattina per l&#8217;inizio del nuovo anno scolastico alla scuola media \u201cRocca\u201d, dove &#8211; nel piazzale retrostante l&#8217;edificio &#8211; ha portato a studenti, insegnanti, personale scolastico e familiari dei ragazzi del primo anno il proprio saluto personale e quello dell&#8217;Amministrazione. Successivamente sindaco e vicesindaco, accompagnati dall&#8217;assessore ai lavori pubblici Bona e dal consigliere delegato Slongo,\u00a0 si sono spostati a Villabruna, dove \u2013 in concomitanza con il saluto di augurio per l&#8217;avvio del nuovo anno scolastico \u2013 sono stati inaugurati i lavori di adeguamento sismico dell&#8217;edificio che ospita la scuola primaria.<\/p>\n<p><strong>IL SINDACO DI FELTRE VIVIANA FUSARO<\/strong><\/p>\n<audio class=\"wp-audio-shortcode\" id=\"audio-352314-3\" preload=\"none\" style=\"width: 100%;\" controls=\"controls\"><source type=\"audio\/mpeg\" src=\"https:\/\/www.radiopiu.net\/wordpress\/wp-content\/uploads\/2023\/09\/Audio-Fusaro-saluto-studenti.mp3?_=3\" \/><a href=\"https:\/\/www.radiopiu.net\/wordpress\/wp-content\/uploads\/2023\/09\/Audio-Fusaro-saluto-studenti.mp3\">https:\/\/www.radiopiu.net\/wordpress\/wp-content\/uploads\/2023\/09\/Audio-Fusaro-saluto-studenti.mp3<\/a><\/audio>\n<p><strong>L&#8217;ASSESSORE\u00a0 SEBASTIANO SLONGO<\/strong><\/p>\n<audio class=\"wp-audio-shortcode\" id=\"audio-352314-4\" preload=\"none\" style=\"width: 100%;\" controls=\"controls\"><source type=\"audio\/mpeg\" src=\"https:\/\/www.radiopiu.net\/wordpress\/wp-content\/uploads\/2023\/09\/ASSESSORE-FELTRE.mp3?_=4\" \/><a href=\"https:\/\/www.radiopiu.net\/wordpress\/wp-content\/uploads\/2023\/09\/ASSESSORE-FELTRE.mp3\">https:\/\/www.radiopiu.net\/wordpress\/wp-content\/uploads\/2023\/09\/ASSESSORE-FELTRE.mp3<\/a><\/audio>\n<p>&nbsp;<\/p>\n\n\t\t\t<style type='text\/css'>\n\t\t\t\t#gallery-2 {\n\t\t\t\t\tmargin: auto;\n\t\t\t\t}\n\t\t\t\t#gallery-2 .gallery-item {\n\t\t\t\t\tfloat: left;\n\t\t\t\t\tmargin-top: 10px;\n\t\t\t\t\ttext-align: center;\n\t\t\t\t\twidth: 20%;\n\t\t\t\t}\n\t\t\t\t#gallery-2 img {\n\t\t\t\t\tborder: 2px solid #cfcfcf;\n\t\t\t\t}\n\t\t\t\t#gallery-2 .gallery-caption {\n\t\t\t\t\tmargin-left: 0;\n\t\t\t\t}\n\t\t\t\t\/* see gallery_shortcode() in wp-includes\/media.php *\/\n\t\t\t<\/style>\n\t\t<div id='gallery-2' class='dt-gallery-container gallery galleryid-352314 gallery-columns-5 gallery-size-thumbnail'><dl class='gallery-item'>\n\t\t\t\t<dt class='gallery-icon landscape'>\n\t\t\t\t\t<a class=\"rollover rollover-zoom dt-pswp-item\" title=\"Saluto sindaco alla Rocca\" data-dt-img-description=\"\" data-large_image_width=\"1920\" data-large_image_height=\"1080\"href='https:\/\/www.radiopiu.net\/wordpress\/wp-content\/uploads\/2023\/09\/Saluto-sindaco-alla-Rocca.jpg'><img loading=\"lazy\" decoding=\"async\" width=\"150\" height=\"150\" src=\"https:\/\/www.radiopiu.net\/wordpress\/wp-content\/uploads\/2023\/09\/Saluto-sindaco-alla-Rocca-150x150.jpg\" class=\"attachment-thumbnail size-thumbnail\" alt=\"\" \/><\/a>\n\t\t\t\t<\/dt><\/dl><dl class='gallery-item'>\n\t\t\t\t<dt class='gallery-icon landscape'>\n\t\t\t\t\t<a class=\"rollover rollover-zoom dt-pswp-item\" title=\"Saluto sindaco alla Rocca 2\" data-dt-img-description=\"\" data-large_image_width=\"1920\" data-large_image_height=\"1080\"href='https:\/\/www.radiopiu.net\/wordpress\/wp-content\/uploads\/2023\/09\/Saluto-sindaco-alla-Rocca-2.jpg'><img loading=\"lazy\" decoding=\"async\" width=\"150\" height=\"150\" src=\"https:\/\/www.radiopiu.net\/wordpress\/wp-content\/uploads\/2023\/09\/Saluto-sindaco-alla-Rocca-2-150x150.jpg\" class=\"attachment-thumbnail size-thumbnail\" alt=\"\" \/><\/a>\n\t\t\t\t<\/dt><\/dl><dl class='gallery-item'>\n\t\t\t\t<dt class='gallery-icon landscape'>\n\t\t\t\t\t<a class=\"rollover rollover-zoom dt-pswp-item\" title=\"Alzabandiera alla Rocca\" data-dt-img-description=\"\" data-large_image_width=\"1920\" data-large_image_height=\"1080\"href='https:\/\/www.radiopiu.net\/wordpress\/wp-content\/uploads\/2023\/09\/Alzabandiera-alla-Rocca.jpg'><img loading=\"lazy\" decoding=\"async\" width=\"150\" height=\"150\" src=\"https:\/\/www.radiopiu.net\/wordpress\/wp-content\/uploads\/2023\/09\/Alzabandiera-alla-Rocca-150x150.jpg\" class=\"attachment-thumbnail size-thumbnail\" alt=\"\" \/><\/a>\n\t\t\t\t<\/dt><\/dl><dl class='gallery-item'>\n\t\t\t\t<dt class='gallery-icon landscape'>\n\t\t\t\t\t<a class=\"rollover rollover-zoom dt-pswp-item\" title=\"Inaugurazione scuola di Villabruna\" data-dt-img-description=\"\" data-large_image_width=\"1920\" data-large_image_height=\"1080\"href='https:\/\/www.radiopiu.net\/wordpress\/wp-content\/uploads\/2023\/09\/Inaugurazione-scuola-di-Villabruna.jpg'><img loading=\"lazy\" decoding=\"async\" width=\"150\" height=\"150\" src=\"https:\/\/www.radiopiu.net\/wordpress\/wp-content\/uploads\/2023\/09\/Inaugurazione-scuola-di-Villabruna-150x150.jpg\" class=\"attachment-thumbnail size-thumbnail\" alt=\"\" \/><\/a>\n\t\t\t\t<\/dt><\/dl><dl class='gallery-item'>\n\t\t\t\t<dt class='gallery-icon landscape'>\n\t\t\t\t\t<a class=\"rollover rollover-zoom dt-pswp-item\" title=\"Inaugurazine scuola di Villabruna 2\" data-dt-img-description=\"\" data-large_image_width=\"1920\" data-large_image_height=\"1080\"href='https:\/\/www.radiopiu.net\/wordpress\/wp-content\/uploads\/2023\/09\/Inaugurazine-scuola-di-Villabruna-2.jpg'><img loading=\"lazy\" decoding=\"async\" width=\"150\" height=\"150\" src=\"https:\/\/www.radiopiu.net\/wordpress\/wp-content\/uploads\/2023\/09\/Inaugurazine-scuola-di-Villabruna-2-150x150.jpg\" class=\"attachment-thumbnail size-thumbnail\" alt=\"\" \/><\/a>\n\t\t\t\t<\/dt><\/dl><br style=\"clear: both\" \/>\n\t\t\t<\/div>\n\n<p>&nbsp;<\/p>\n<hr \/>\n<p>&nbsp;<\/p>\n<div class=\"moz-text-html\" lang=\"x-unicode\">\n<div dir=\"ltr\">\n<blockquote>\n<h2><b>Rigenerazione della palestra dell\u2019istituto agrario di Vellai\u00a0<\/b><\/h2>\n<\/blockquote>\n<p><strong><a class=\"dt-pswp-item\" href=\"https:\/\/www.radiopiu.net\/wordpress\/wp-content\/uploads\/2023\/09\/IMG_2259.jpg\" data-dt-img-description=\"\" data-large_image_width=\"2016\" data-large_image_height=\"1512\"><img loading=\"lazy\" decoding=\"async\" class=\" wp-image-352418 alignleft\" src=\"https:\/\/www.radiopiu.net\/wordpress\/wp-content\/uploads\/2023\/09\/IMG_2259-300x225.jpg\" alt=\"\" width=\"245\" height=\"184\" srcset=\"https:\/\/www.radiopiu.net\/wordpress\/wp-content\/uploads\/2023\/09\/IMG_2259-300x225.jpg 300w, https:\/\/www.radiopiu.net\/wordpress\/wp-content\/uploads\/2023\/09\/IMG_2259-1024x768.jpg 1024w, https:\/\/www.radiopiu.net\/wordpress\/wp-content\/uploads\/2023\/09\/IMG_2259-768x576.jpg 768w, https:\/\/www.radiopiu.net\/wordpress\/wp-content\/uploads\/2023\/09\/IMG_2259-1536x1152.jpg 1536w, https:\/\/www.radiopiu.net\/wordpress\/wp-content\/uploads\/2023\/09\/IMG_2259.jpg 2016w\" sizes=\"auto, (max-width: 245px) 100vw, 245px\" \/><\/a>FELTRE<\/strong> La palestra dell\u2019istituto agrario di Vellai torna agli studenti e al personale scolastico. Dopo due anni e mezzo di lavori, la struttura \u00e8 di nuovo a disposizione delle attivit\u00e0 didattiche, pi\u00f9 funzionale, pi\u00f9 sicura e pi\u00f9 bella di prima. Oggi, primo giorno di scuola, la cerimonia di inaugurazione, alla presenza degli studenti, degli insegnanti, dei rappresentanti dei genitori e delle ditte che hanno lavorato. La palestra \u00e8 finita sotto i ferri nella primavera 2021. L\u2019edificio \u00e8 stato sottoposto a importanti lavori di adeguamento sismico che hanno portato la struttura a un livello di sicurezza molto pi\u00f9 elevato. Mancano al momento le finiture dei laboratori al secondo piano dell\u2019edificio, interventi che verranno completati nei prossimi mesi, senza precludere l\u2019utilizzo immediato della palestra. L&#8217;obiettivo \u00e8 poter completare tutto entro gennaio-febbraio 2024. Oltre alla palestra, la Provincia interverr\u00e0 ancora a Vellai. Nelle prossime settimane infatti cominceranno i lavori di realizzazione della nuova azienda agricola a servizio della scuola.<\/p>\n<\/div>\n<\/div>\n<p>&nbsp;<\/p>\n<hr \/>\n<p>&nbsp;<\/p>\n<p>&nbsp;<\/p>\n<blockquote>\n<h3>RIFACIMENTO DEL CENTRO STORICO: C&#8217;E&#8217; LO STUDIO DI FATTIBILITA&#8217;, FINANZIAMENTI CERCASI<\/h3>\n<\/blockquote>\n<p><img loading=\"lazy\" decoding=\"async\" class=\"alignleft\" src=\"https:\/\/www.radiopiu.net\/wordpress\/wp-content\/uploads\/2021\/10\/AGORDO.jpg\" width=\"215\" height=\"161\" \/><\/p>\n<p><strong>AGORDO<\/strong><\/p>\n<p><strong>DI GIANNI SANTOMASO<\/strong><\/p>\n<audio class=\"wp-audio-shortcode\" id=\"audio-352314-5\" preload=\"none\" style=\"width: 100%;\" controls=\"controls\"><source type=\"audio\/mpeg\" src=\"https:\/\/www.radiopiu.net\/wordpress\/wp-content\/uploads\/2023\/09\/AGORDO-PIAZZA-GIANNI.mp3?_=5\" \/><a href=\"https:\/\/www.radiopiu.net\/wordpress\/wp-content\/uploads\/2023\/09\/AGORDO-PIAZZA-GIANNI.mp3\">https:\/\/www.radiopiu.net\/wordpress\/wp-content\/uploads\/2023\/09\/AGORDO-PIAZZA-GIANNI.mp3<\/a><\/audio>\n<p>&nbsp;<\/p>\n<p>&nbsp;<\/p>\n<hr \/>\n<p>&nbsp;<\/p>\n<blockquote>\n<h3>DILLO A RADIO PIU&#8217;&#8230; DAL CAMPO SANTO LAVALLESE<\/h3>\n<\/blockquote>\n<p><strong>LA VALLE<\/strong> Riceviamo e pubblichiamo: cimitero di La Valle, un po&#8217; di rispetto e non aggiungo altro&#8230;<\/p>\n\n\t\t\t<style type='text\/css'>\n\t\t\t\t#gallery-3 {\n\t\t\t\t\tmargin: auto;\n\t\t\t\t}\n\t\t\t\t#gallery-3 .gallery-item {\n\t\t\t\t\tfloat: left;\n\t\t\t\t\tmargin-top: 10px;\n\t\t\t\t\ttext-align: center;\n\t\t\t\t\twidth: 25%;\n\t\t\t\t}\n\t\t\t\t#gallery-3 img {\n\t\t\t\t\tborder: 2px solid #cfcfcf;\n\t\t\t\t}\n\t\t\t\t#gallery-3 .gallery-caption {\n\t\t\t\t\tmargin-left: 0;\n\t\t\t\t}\n\t\t\t\t\/* see gallery_shortcode() in wp-includes\/media.php *\/\n\t\t\t<\/style>\n\t\t<div id='gallery-3' class='dt-gallery-container gallery galleryid-352314 gallery-columns-4 gallery-size-thumbnail'><dl class='gallery-item'>\n\t\t\t\t<dt class='gallery-icon portrait'>\n\t\t\t\t\t<a class=\"rollover\" href='https:\/\/www.radiopiu.net\/wordpress\/giornale-radiopiu-14-settembre-2023-direttore-mirko-mezzacasada-40-anni-25-giugno-1983-25-giugno-2023-2\/a9ec8b78-ff83-4477-9bc3-783480f8eaf2\/'><img loading=\"lazy\" decoding=\"async\" width=\"150\" height=\"150\" src=\"https:\/\/www.radiopiu.net\/wordpress\/wp-content\/uploads\/2023\/09\/a9ec8b78-ff83-4477-9bc3-783480f8eaf2-150x150.jpg\" class=\"attachment-thumbnail size-thumbnail\" alt=\"\" \/><\/a>\n\t\t\t\t<\/dt><\/dl><dl class='gallery-item'>\n\t\t\t\t<dt class='gallery-icon portrait'>\n\t\t\t\t\t<a class=\"rollover\" href='https:\/\/www.radiopiu.net\/wordpress\/giornale-radiopiu-14-settembre-2023-direttore-mirko-mezzacasada-40-anni-25-giugno-1983-25-giugno-2023-2\/dd982004-f63f-4055-9258-8303b75727cf\/'><img loading=\"lazy\" decoding=\"async\" width=\"150\" height=\"150\" src=\"https:\/\/www.radiopiu.net\/wordpress\/wp-content\/uploads\/2023\/09\/dd982004-f63f-4055-9258-8303b75727cf-150x150.jpg\" class=\"attachment-thumbnail size-thumbnail\" alt=\"\" \/><\/a>\n\t\t\t\t<\/dt><\/dl><dl class='gallery-item'>\n\t\t\t\t<dt class='gallery-icon landscape'>\n\t\t\t\t\t<a class=\"rollover\" href='https:\/\/www.radiopiu.net\/wordpress\/giornale-radiopiu-14-settembre-2023-direttore-mirko-mezzacasada-40-anni-25-giugno-1983-25-giugno-2023-2\/d832030f-4047-4749-bfe0-af72e6a9c596\/'><img loading=\"lazy\" decoding=\"async\" width=\"150\" height=\"150\" src=\"https:\/\/www.radiopiu.net\/wordpress\/wp-content\/uploads\/2023\/09\/d832030f-4047-4749-bfe0-af72e6a9c596-150x150.jpg\" class=\"attachment-thumbnail size-thumbnail\" alt=\"\" \/><\/a>\n\t\t\t\t<\/dt><\/dl><dl class='gallery-item'>\n\t\t\t\t<dt class='gallery-icon portrait'>\n\t\t\t\t\t<a class=\"rollover\" href='https:\/\/www.radiopiu.net\/wordpress\/giornale-radiopiu-14-settembre-2023-direttore-mirko-mezzacasada-40-anni-25-giugno-1983-25-giugno-2023-2\/209aeee8-8244-4d65-be5e-356e99cddc30\/'><img loading=\"lazy\" decoding=\"async\" width=\"150\" height=\"150\" src=\"https:\/\/www.radiopiu.net\/wordpress\/wp-content\/uploads\/2023\/09\/209aeee8-8244-4d65-be5e-356e99cddc30-150x150.jpg\" class=\"attachment-thumbnail size-thumbnail\" alt=\"\" \/><\/a>\n\t\t\t\t<\/dt><\/dl><br style=\"clear: both\" \/>\n\t\t\t<\/div>\n\n<p>&nbsp;<\/p>\n<hr \/>\n<p>&nbsp;<\/p>\n<blockquote>\n<h2>FINFERLI GIGANTE SOTTO AL FRAMONT<\/h2>\n<\/blockquote>\n<p><strong>AGORDO<\/strong> Marco Martini ha fatto il pieno di finferli, quelli grandi, gigante e saporiti. Ecco alcuni scatti della raccolta.<\/p>\n\n\t\t\t<style type='text\/css'>\n\t\t\t\t#gallery-4 {\n\t\t\t\t\tmargin: auto;\n\t\t\t\t}\n\t\t\t\t#gallery-4 .gallery-item {\n\t\t\t\t\tfloat: left;\n\t\t\t\t\tmargin-top: 10px;\n\t\t\t\t\ttext-align: center;\n\t\t\t\t\twidth: 25%;\n\t\t\t\t}\n\t\t\t\t#gallery-4 img {\n\t\t\t\t\tborder: 2px solid #cfcfcf;\n\t\t\t\t}\n\t\t\t\t#gallery-4 .gallery-caption {\n\t\t\t\t\tmargin-left: 0;\n\t\t\t\t}\n\t\t\t\t\/* see gallery_shortcode() in wp-includes\/media.php *\/\n\t\t\t<\/style>\n\t\t<div id='gallery-4' class='dt-gallery-container gallery galleryid-352314 gallery-columns-4 gallery-size-thumbnail'><dl class='gallery-item'>\n\t\t\t\t<dt class='gallery-icon portrait'>\n\t\t\t\t\t<a class=\"rollover rollover-zoom dt-pswp-item\" title=\"marco\" data-dt-img-description=\"\" data-large_image_width=\"384\" data-large_image_height=\"573\"href='https:\/\/www.radiopiu.net\/wordpress\/wp-content\/uploads\/2023\/09\/marco.png'><img loading=\"lazy\" decoding=\"async\" width=\"150\" height=\"150\" src=\"https:\/\/www.radiopiu.net\/wordpress\/wp-content\/uploads\/2023\/09\/marco-150x150.png\" class=\"attachment-thumbnail size-thumbnail\" alt=\"\" \/><\/a>\n\t\t\t\t<\/dt><\/dl><dl class='gallery-item'>\n\t\t\t\t<dt class='gallery-icon landscape'>\n\t\t\t\t\t<a class=\"rollover rollover-zoom dt-pswp-item\" title=\"375754228_268705149389329_1507689883867676338_n\" data-dt-img-description=\"\" data-large_image_width=\"1080\" data-large_image_height=\"1059\"href='https:\/\/www.radiopiu.net\/wordpress\/wp-content\/uploads\/2023\/09\/375754228_268705149389329_1507689883867676338_n.jpg'><img loading=\"lazy\" decoding=\"async\" width=\"150\" height=\"150\" src=\"https:\/\/www.radiopiu.net\/wordpress\/wp-content\/uploads\/2023\/09\/375754228_268705149389329_1507689883867676338_n-150x150.jpg\" class=\"attachment-thumbnail size-thumbnail\" alt=\"\" \/><\/a>\n\t\t\t\t<\/dt><\/dl><dl class='gallery-item'>\n\t\t\t\t<dt class='gallery-icon portrait'>\n\t\t\t\t\t<a class=\"rollover rollover-zoom dt-pswp-item\" title=\"375765632_1946519485725398_8494002680771051194_n\" data-dt-img-description=\"\" data-large_image_width=\"956\" data-large_image_height=\"1296\"href='https:\/\/www.radiopiu.net\/wordpress\/wp-content\/uploads\/2023\/09\/375765632_1946519485725398_8494002680771051194_n.jpg'><img loading=\"lazy\" decoding=\"async\" width=\"150\" height=\"150\" src=\"https:\/\/www.radiopiu.net\/wordpress\/wp-content\/uploads\/2023\/09\/375765632_1946519485725398_8494002680771051194_n-150x150.jpg\" class=\"attachment-thumbnail size-thumbnail\" alt=\"\" \/><\/a>\n\t\t\t\t<\/dt><\/dl><dl class='gallery-item'>\n\t\t\t\t<dt class='gallery-icon portrait'>\n\t\t\t\t\t<a class=\"rollover rollover-zoom dt-pswp-item\" title=\"376395614_873860137404538_5995880516632396459_n\" data-dt-img-description=\"\" data-large_image_width=\"965\" data-large_image_height=\"1282\"href='https:\/\/www.radiopiu.net\/wordpress\/wp-content\/uploads\/2023\/09\/376395614_873860137404538_5995880516632396459_n.jpg'><img loading=\"lazy\" decoding=\"async\" width=\"150\" height=\"150\" src=\"https:\/\/www.radiopiu.net\/wordpress\/wp-content\/uploads\/2023\/09\/376395614_873860137404538_5995880516632396459_n-150x150.jpg\" class=\"attachment-thumbnail size-thumbnail\" alt=\"\" \/><\/a>\n\t\t\t\t<\/dt><\/dl><br style=\"clear: both\" \/>\n\t\t\t<\/div>\n\n<p>&nbsp;<\/p>\n<p>&nbsp;<\/p>\n<p>&nbsp;<\/p>\n<hr \/>\n<p>&nbsp;<\/p>\n<p>&nbsp;<\/p>\n<blockquote>\n<h3>ASCA, IL NUOVO BANDO PER UN EDUCATORE<\/h3>\n<\/blockquote>\n<p><img loading=\"lazy\" decoding=\"async\" class=\"alignleft\" src=\"https:\/\/www.radiopiu.net\/wordpress\/wp-content\/uploads\/2022\/01\/6441593_15212809_asca.jpg\" width=\"243\" height=\"133\" \/><strong>AGORDO<\/strong><\/p>\n<p><strong>DI GIANNI SANTOMASO<\/strong><\/p>\n<audio class=\"wp-audio-shortcode\" id=\"audio-352314-6\" preload=\"none\" style=\"width: 100%;\" controls=\"controls\"><source type=\"audio\/mpeg\" src=\"https:\/\/www.radiopiu.net\/wordpress\/wp-content\/uploads\/2023\/09\/ASCA-GIANNI.mp3?_=6\" \/><a href=\"https:\/\/www.radiopiu.net\/wordpress\/wp-content\/uploads\/2023\/09\/ASCA-GIANNI.mp3\">https:\/\/www.radiopiu.net\/wordpress\/wp-content\/uploads\/2023\/09\/ASCA-GIANNI.mp3<\/a><\/audio>\n<p>&nbsp;<\/p>\n<p>&nbsp;<\/p>\n<p>&nbsp;<\/p>\n<hr \/>\n<p>&nbsp;<\/p>\n<blockquote>\n<h3><a class=\"dt-pswp-item\" href=\"https:\/\/www.radiopiu.net\/wordpress\/wp-content\/uploads\/2023\/09\/Senza-nome-27.png\" data-dt-img-description=\"\" data-large_image_width=\"463\" data-large_image_height=\"291\"><img loading=\"lazy\" decoding=\"async\" class=\" wp-image-352414 alignleft\" src=\"https:\/\/www.radiopiu.net\/wordpress\/wp-content\/uploads\/2023\/09\/Senza-nome-27-300x189.png\" alt=\"\" width=\"273\" height=\"172\" srcset=\"https:\/\/www.radiopiu.net\/wordpress\/wp-content\/uploads\/2023\/09\/Senza-nome-27-300x189.png 300w, https:\/\/www.radiopiu.net\/wordpress\/wp-content\/uploads\/2023\/09\/Senza-nome-27.png 463w\" sizes=\"auto, (max-width: 273px) 100vw, 273px\" \/><\/a>SOLENNE CERIMONIA PER IL CENTENARIO DEL MONUMENTO AI CADUTI DI FELTRE<\/h3>\n<\/blockquote>\n<p><strong>FELTRE<\/strong> Il 16 settembre 1923 veniva inaugurato il Monumento ai Caduti della citt\u00e0 di Feltre. In occasione del centenario di quell\u2019evento la locale Sezione dell\u2019Associazione Nazionale Alpini, in collaborazione con il Comune di Feltre, intende rendere onore al Monumento sia da un punto di vista storico che artistico, organizzando un momento di memoria.\u00a0 Sabato\u00a0 alle 17 conferenza al\u00a0 Museo &#8216;Carlo Rizzarda&#8217; di seguito onori al Monumento.<\/p>\n<p>&nbsp;<\/p>\n<p>&nbsp;<\/p>\n<hr \/>\n<p>&nbsp;<\/p>\n<blockquote>\n<h2>GIOCHIAMO, QUANDO LO SPORT ENTRA NELLA SCUOLA PRIMARIA<\/h2>\n<\/blockquote>\n<p><strong><img loading=\"lazy\" decoding=\"async\" class=\"alignleft\" src=\"https:\/\/www.radiopiu.net\/wordpress\/wp-content\/uploads\/2021\/05\/Giornata_Sport_Agosti_2.jpg\" width=\"206\" height=\"114\" \/>BELLUNO<\/strong> Lo sport entra nelle scuole primarie del capoluogo grazie a un progetto che coinvolge le tre societ\u00e0 sportive bellunesi impegnate in serie A.<\/p>\n<p><strong>di DANIELE DALVIT<\/strong><\/p>\n<audio class=\"wp-audio-shortcode\" id=\"audio-352314-7\" preload=\"none\" style=\"width: 100%;\" controls=\"controls\"><source type=\"audio\/mpeg\" src=\"https:\/\/www.radiopiu.net\/wordpress\/wp-content\/uploads\/2023\/09\/Radio-Piu-Servizio-GiochiAmo-sport-bambini.mp3?_=7\" \/><a href=\"https:\/\/www.radiopiu.net\/wordpress\/wp-content\/uploads\/2023\/09\/Radio-Piu-Servizio-GiochiAmo-sport-bambini.mp3\">https:\/\/www.radiopiu.net\/wordpress\/wp-content\/uploads\/2023\/09\/Radio-Piu-Servizio-GiochiAmo-sport-bambini.mp3<\/a><\/audio>\n<p>&nbsp;<\/p>\n<p>&nbsp;<\/p>\n<p>&nbsp;<\/p>\n<hr \/>\n<p>&nbsp;<\/p>\n<blockquote>\n<h3>ANZIANI NON AUTOSUFFICIENTI: NELLA LEGGE DI BILANCIO IL MOMENTO DELLA VERITA&#8217;<\/h3>\n<\/blockquote>\n<p><strong><a class=\"dt-pswp-item\" href=\"https:\/\/www.radiopiu.net\/wordpress\/wp-content\/uploads\/2023\/03\/hand-2906425__340.jpg\" data-dt-img-description=\"\" data-large_image_width=\"510\" data-large_image_height=\"340\"><img loading=\"lazy\" decoding=\"async\" class=\" wp-image-326940 alignleft\" src=\"https:\/\/www.radiopiu.net\/wordpress\/wp-content\/uploads\/2023\/03\/hand-2906425__340-300x200.jpg\" alt=\"\" width=\"152\" height=\"101\" srcset=\"https:\/\/www.radiopiu.net\/wordpress\/wp-content\/uploads\/2023\/03\/hand-2906425__340-300x200.jpg 300w, https:\/\/www.radiopiu.net\/wordpress\/wp-content\/uploads\/2023\/03\/hand-2906425__340.jpg 510w\" sizes=\"auto, (max-width: 152px) 100vw, 152px\" \/><\/a>ROMA<\/strong> Il Patto per un Nuovo Welfare sulla Non Autosufficienza propone un Piano di Legislatura per riformare l&#8217;assistenza domiciliare, i servizi residenziali e i trasferimenti monetari per gli anziani non autosufficienti. Questo piano richiede un finanziamento di 1 miliardo e 306 milioni di Euro nel 2024, con 835 milioni provenienti dalla sanit\u00e0 e 471 milioni dal sociale. L&#8217;obiettivo \u00e8 fornire risposte migliori alle esigenze degli anziani e delle loro famiglie, mentre si costruisce un percorso pluriennale per tradurre la riforma in pratica. La proposta cerca di affrontare la variet\u00e0 delle situazioni legate alla non autosufficienza e include l&#8217;introduzione di un servizio di assistenza domiciliare, il miglioramento dei servizi residenziali e l&#8217;aumento dei trasferimenti monetari per coloro che ne hanno bisogno.<\/p>\n<p>&nbsp;<\/p>\n<p>&nbsp;<\/p>\n<hr \/>\n<p>&nbsp;<\/p>\n<blockquote>\n<h3>LA DITTA CAG NELL&#8217;ELBUM PANINI DEDICATO AL MOTOMONDIALE<\/h3>\n<\/blockquote>\n<p><strong>BORGO VALBELLUNA <\/strong>Un marchio bellunese nell&#8217;iconico album della Panini dedicato al Campionato mondiale di moto: succede alla Cag Tecnologie Meccaniche di Borgo Valbelluna, che da quest&#8217;anno pu\u00f2 dire di avere una sua \u201cfigurina\u201d. \u201cPer noi \u00e8 stata una grande emozione, il riconoscimento di un lungo lavoro, che d\u00e0 fiducia e nuove energie per il futuro\u201d, afferma Martina Savi, general manager di Cag, azienda leader nel settore delle lavorazioni meccaniche, dell&#8217;automazione, della progettazione e produzione di macchine industriali con trent&#8217;anni di attivit\u00e0 alle spalle. La fabbrica con sede a Mel ha infatti avviato una partnership con il team vicentino Speedup, tra i pi\u00f9 forti e competitivi della Moto2: Cag \u00e8 sia sponsor principale che produttrice di alcune componenti delle moto, un doppio fronte che ha portato l&#8217;azienda nei grandi circuiti internazionali. Per questo, sar\u00e0 lanciata un&#8217;iniziativa rivolta sia ai dipendenti che ai residenti della provincia di Belluno: chi completer\u00e0 per primo l&#8217;Album panini dedicato al Motomondiale vincer\u00e0 un pass per una gara del circuito. La data finale per consegnare l&#8217;album completo sar\u00e0 il 31 gennaio 2024: i vincitori potranno entrare nel paddock, l&#8217;area dell&#8217;autodromo riservata alle squadre e alle operazioni di manutenzione.<\/p>\n\n\t\t\t<style type='text\/css'>\n\t\t\t\t#gallery-5 {\n\t\t\t\t\tmargin: auto;\n\t\t\t\t}\n\t\t\t\t#gallery-5 .gallery-item {\n\t\t\t\t\tfloat: left;\n\t\t\t\t\tmargin-top: 10px;\n\t\t\t\t\ttext-align: center;\n\t\t\t\t\twidth: 50%;\n\t\t\t\t}\n\t\t\t\t#gallery-5 img {\n\t\t\t\t\tborder: 2px solid #cfcfcf;\n\t\t\t\t}\n\t\t\t\t#gallery-5 .gallery-caption {\n\t\t\t\t\tmargin-left: 0;\n\t\t\t\t}\n\t\t\t\t\/* see gallery_shortcode() in wp-includes\/media.php *\/\n\t\t\t<\/style>\n\t\t<div id='gallery-5' class='dt-gallery-container gallery galleryid-352314 gallery-columns-2 gallery-size-medium'><dl class='gallery-item'>\n\t\t\t\t<dt class='gallery-icon landscape'>\n\t\t\t\t\t<a class=\"rollover rollover-zoom dt-pswp-item\" title=\"Savi_e_Castellan_CAG\" data-dt-img-description=\"\" data-large_image_width=\"1600\" data-large_image_height=\"900\"href='https:\/\/www.radiopiu.net\/wordpress\/wp-content\/uploads\/2023\/09\/Savi_e_Castellan_CAG.jpg'><img loading=\"lazy\" decoding=\"async\" width=\"300\" height=\"169\" src=\"https:\/\/www.radiopiu.net\/wordpress\/wp-content\/uploads\/2023\/09\/Savi_e_Castellan_CAG-300x169.jpg\" class=\"attachment-medium size-medium\" alt=\"\" srcset=\"https:\/\/www.radiopiu.net\/wordpress\/wp-content\/uploads\/2023\/09\/Savi_e_Castellan_CAG-300x169.jpg 300w, https:\/\/www.radiopiu.net\/wordpress\/wp-content\/uploads\/2023\/09\/Savi_e_Castellan_CAG-1024x576.jpg 1024w, https:\/\/www.radiopiu.net\/wordpress\/wp-content\/uploads\/2023\/09\/Savi_e_Castellan_CAG-768x432.jpg 768w, https:\/\/www.radiopiu.net\/wordpress\/wp-content\/uploads\/2023\/09\/Savi_e_Castellan_CAG-1536x864.jpg 1536w, https:\/\/www.radiopiu.net\/wordpress\/wp-content\/uploads\/2023\/09\/Savi_e_Castellan_CAG.jpg 1600w\" sizes=\"auto, (max-width: 300px) 100vw, 300px\" \/><\/a>\n\t\t\t\t<\/dt><\/dl><dl class='gallery-item'>\n\t\t\t\t<dt class='gallery-icon landscape'>\n\t\t\t\t\t<a class=\"rollover rollover-zoom dt-pswp-item\" title=\"1E99A770-7446-4988-AA69-9CC34942AABF\" data-dt-img-description=\"\" data-large_image_width=\"1600\" data-large_image_height=\"900\"href='https:\/\/www.radiopiu.net\/wordpress\/wp-content\/uploads\/2023\/09\/1E99A770-7446-4988-AA69-9CC34942AABF.jpg'><img loading=\"lazy\" decoding=\"async\" width=\"300\" height=\"169\" src=\"https:\/\/www.radiopiu.net\/wordpress\/wp-content\/uploads\/2023\/09\/1E99A770-7446-4988-AA69-9CC34942AABF-300x169.jpg\" class=\"attachment-medium size-medium\" alt=\"\" srcset=\"https:\/\/www.radiopiu.net\/wordpress\/wp-content\/uploads\/2023\/09\/1E99A770-7446-4988-AA69-9CC34942AABF-300x169.jpg 300w, https:\/\/www.radiopiu.net\/wordpress\/wp-content\/uploads\/2023\/09\/1E99A770-7446-4988-AA69-9CC34942AABF-1024x576.jpg 1024w, https:\/\/www.radiopiu.net\/wordpress\/wp-content\/uploads\/2023\/09\/1E99A770-7446-4988-AA69-9CC34942AABF-768x432.jpg 768w, https:\/\/www.radiopiu.net\/wordpress\/wp-content\/uploads\/2023\/09\/1E99A770-7446-4988-AA69-9CC34942AABF-1536x864.jpg 1536w, https:\/\/www.radiopiu.net\/wordpress\/wp-content\/uploads\/2023\/09\/1E99A770-7446-4988-AA69-9CC34942AABF.jpg 1600w\" sizes=\"auto, (max-width: 300px) 100vw, 300px\" \/><\/a>\n\t\t\t\t<\/dt><\/dl><br style=\"clear: both\" \/>\n\t\t\t<\/div>\n\n<p>&nbsp;<\/p>\n<hr \/>\n<p>&nbsp;<\/p>\n<blockquote>\n<h2><\/h2>\n<h2><strong>Ottima partenza per l\u2019avvio della nuova Comunit\u00e0 Energetica Rinnovabile<br \/>\n<\/strong><\/h2>\n<\/blockquote>\n<p><strong><a class=\"dt-pswp-item\" href=\"https:\/\/www.radiopiu.net\/wordpress\/wp-content\/uploads\/2023\/07\/Feltre-Piazza-Maggiore.jpg\" data-dt-img-description=\"\" data-large_image_width=\"1595\" data-large_image_height=\"1054\"><img loading=\"lazy\" decoding=\"async\" class=\"wp-image-344857 alignleft\" src=\"https:\/\/www.radiopiu.net\/wordpress\/wp-content\/uploads\/2023\/07\/Feltre-Piazza-Maggiore-300x198.jpg\" alt=\"\" width=\"188\" height=\"124\" srcset=\"https:\/\/www.radiopiu.net\/wordpress\/wp-content\/uploads\/2023\/07\/Feltre-Piazza-Maggiore-300x198.jpg 300w, https:\/\/www.radiopiu.net\/wordpress\/wp-content\/uploads\/2023\/07\/Feltre-Piazza-Maggiore-1024x677.jpg 1024w, https:\/\/www.radiopiu.net\/wordpress\/wp-content\/uploads\/2023\/07\/Feltre-Piazza-Maggiore-768x508.jpg 768w, https:\/\/www.radiopiu.net\/wordpress\/wp-content\/uploads\/2023\/07\/Feltre-Piazza-Maggiore-1536x1015.jpg 1536w, https:\/\/www.radiopiu.net\/wordpress\/wp-content\/uploads\/2023\/07\/Feltre-Piazza-Maggiore.jpg 1595w\" sizes=\"auto, (max-width: 188px) 100vw, 188px\" \/><\/a>FELTRE\u00a0 <\/strong>Va oltre le pi\u00f9 rosee aspettative la risposta al progetto per la nascente Comunit\u00e0 Energetica Rinnovabile promosso dall&#8217;Amministrazione comunale di Feltre, all&#8217;ufficio protocollo del Comune sono arrivate una ventina di mail da parte di altrettanti stakeholders, rappresentativi di una serie di soggetti diversi, appartenenti al mondo degli enti locali, dell&#8217;imprenditoria e delle cooperative, ma anche delle associazioni di categoria e del terzo settore. Ai microfoni di RADIO PIU&#8217;\u00a0 l&#8217;assessore con delega all&#8217;Ambiente Claudio Dalla Palma<\/p>\n<audio class=\"wp-audio-shortcode\" id=\"audio-352314-8\" preload=\"none\" style=\"width: 100%;\" controls=\"controls\"><source type=\"audio\/mpeg\" src=\"https:\/\/www.radiopiu.net\/wordpress\/wp-content\/uploads\/2023\/09\/Audio-Dalla-Palma-su-Comunita-energetiche.mp3?_=8\" \/><a href=\"https:\/\/www.radiopiu.net\/wordpress\/wp-content\/uploads\/2023\/09\/Audio-Dalla-Palma-su-Comunita-energetiche.mp3\">https:\/\/www.radiopiu.net\/wordpress\/wp-content\/uploads\/2023\/09\/Audio-Dalla-Palma-su-Comunita-energetiche.mp3<\/a><\/audio>\n<p>&nbsp;<\/p>\n<p>&nbsp;<\/p>\n<hr \/>\n<p>&nbsp;<\/p>\n<blockquote>\n<h3>ACQUA INQUINATA A VOLTAGO, SITUAZIONE MIGLIORATA A COLCUC<\/h3>\n<\/blockquote>\n<p>A <strong>VOLTAGO AGORDINO<\/strong> nelle localit\u00e0 BERTOI, FRASSENE\u2019, VILLA e VIA GIOA; a <strong>COLLE SANTA LUCIA<\/strong> in localit\u00e0 RUCAVA l&#8217;acqua erogata dall&#8217;acquedotto non \u00e8 potabile e pu\u00f2 essere usata per scopi alimentari solo previa bollitura.<\/p>\n<p><strong>COLLE SANTA LUCIA<\/strong> in localit\u00e0 COLCUC l&#8217;acqua erogata dall&#8217;acquedotto \u00e8 di nuovo potabile e pu\u00f2 essere usata, quindi, per scopi alimentari.<\/p>\n<p>&nbsp;<\/p>\n<blockquote>\n<h3>CHIUDE L&#8217;ALTA VIA NUMERO 1 SOPRA LA VALLE AGORDINA PER LAVORI DI ESBOSCO<\/h3>\n<\/blockquote>\n<p><img decoding=\"async\" class=\"alignleft\" src=\"https:\/\/www.radiopiu.net\/wordpress\/wp-content\/uploads\/2023\/09\/th-7.jpg\" \/><strong>LA VALLE AGORDINA<\/strong> La Polizia Locale di La Valle Agordina da notizia della chiusura del sentiero Cai 543, denominato Alta Via Numero 1 nel tratto compreso tra Pian di Caleda e Forcella Dagarei, questo per permettere i lavori di esbosco. L&#8217;ordinanza rimane in vigore fino al termine dei lavori, tutti i giorni nelle 24 ore, sabato e domenica compresi.<\/p>\n<p>La \u201cvariante al sentiero CAI n.543\u201d \u00e8 percorribile. Gli escursionisti dovranno percorrere unicamente la variante predisposta dal CAI e segnalata in loco \u00a0in quanto il sentiero originario \u00e8 interessato dal taglio di alberi e esbosco degli stessi con impianti a fune , quindi molto pericoloso da percorrere.<\/p>\n<p>&nbsp;<\/p>\n<p>&nbsp;<\/p>\n<hr \/>\n<p>&nbsp;<\/p>\n<p><span style=\"color: #ff0000;\"><strong><a class=\"dt-pswp-item\" href=\"https:\/\/www.radiopiu.net\/wordpress\/wp-content\/uploads\/2023\/09\/sella-ronda.png\" data-dt-img-description=\"\" data-large_image_width=\"559\" data-large_image_height=\"277\"><img loading=\"lazy\" decoding=\"async\" class=\"size-medium wp-image-352102 alignleft\" src=\"https:\/\/www.radiopiu.net\/wordpress\/wp-content\/uploads\/2023\/09\/sella-ronda-300x149.png\" alt=\"\" width=\"300\" height=\"149\" srcset=\"https:\/\/www.radiopiu.net\/wordpress\/wp-content\/uploads\/2023\/09\/sella-ronda-300x149.png 300w, https:\/\/www.radiopiu.net\/wordpress\/wp-content\/uploads\/2023\/09\/sella-ronda.png 559w\" sizes=\"auto, (max-width: 300px) 100vw, 300px\" \/><\/a>INTERRUZIONE VEICOLARE PER MANIFESTAZIONE SELLARONDA BIKE DAY 2023\u201d 16\/9\/2023<\/strong><\/span><\/p>\n<blockquote><p><em>La montagna chiama: mettetevi in sella ed iniziate a pedalare!<\/em><\/p><\/blockquote>\n<div class=\"blog_item_bottom\">\n<p class=\"text\"><strong>Sabato dalle\u00a0 8:30 alle 16:00<\/strong> tutti i passi dolomitici attorno al Sella (Sella, Pordoi, Campolongo, Gardena) saranno riservati ai ciclisti.\u00a0 La giornata ciclistica non competitiva \u00e8 giunta quest\u2019anno alla sua 17a edizione.<strong>\u00a0L\u2019evento permette agli appassionati delle due ruote di compiere il giro dei quattro passi in assenza di automobili e gas di scarico.<\/strong> Dalle ore 8.30 alle 16.00 le strade attorno al Gruppo del Sella rimarranno chiuse al traffico motorizzato.<\/p>\n\n\t\t\t<style type='text\/css'>\n\t\t\t\t#gallery-6 {\n\t\t\t\t\tmargin: auto;\n\t\t\t\t}\n\t\t\t\t#gallery-6 .gallery-item {\n\t\t\t\t\tfloat: left;\n\t\t\t\t\tmargin-top: 10px;\n\t\t\t\t\ttext-align: center;\n\t\t\t\t\twidth: 50%;\n\t\t\t\t}\n\t\t\t\t#gallery-6 img {\n\t\t\t\t\tborder: 2px solid #cfcfcf;\n\t\t\t\t}\n\t\t\t\t#gallery-6 .gallery-caption {\n\t\t\t\t\tmargin-left: 0;\n\t\t\t\t}\n\t\t\t\t\/* see gallery_shortcode() in wp-includes\/media.php *\/\n\t\t\t<\/style>\n\t\t<div id='gallery-6' class='dt-gallery-container gallery galleryid-352314 gallery-columns-2 gallery-size-thumbnail'><dl class='gallery-item'>\n\t\t\t\t<dt class='gallery-icon portrait'>\n\t\t\t\t\t<a class=\"rollover rollover-zoom dt-pswp-item\" title=\"3f933ad1-f1d0-48f4-a95e-7d3911971321\" data-dt-img-description=\"\" data-large_image_width=\"1536\" data-large_image_height=\"2048\"href='https:\/\/www.radiopiu.net\/wordpress\/wp-content\/uploads\/2023\/09\/3f933ad1-f1d0-48f4-a95e-7d3911971321.jpg'><img loading=\"lazy\" decoding=\"async\" width=\"150\" height=\"150\" src=\"https:\/\/www.radiopiu.net\/wordpress\/wp-content\/uploads\/2023\/09\/3f933ad1-f1d0-48f4-a95e-7d3911971321-150x150.jpg\" class=\"attachment-thumbnail size-thumbnail\" alt=\"\" \/><\/a>\n\t\t\t\t<\/dt><\/dl><dl class='gallery-item'>\n\t\t\t\t<dt class='gallery-icon landscape'>\n\t\t\t\t\t<a class=\"rollover rollover-zoom dt-pswp-item\" title=\"f3ef7fd1-74b2-43d3-8455-edfdffb0bb98\" data-dt-img-description=\"\" data-large_image_width=\"2048\" data-large_image_height=\"1536\"href='https:\/\/www.radiopiu.net\/wordpress\/wp-content\/uploads\/2023\/09\/f3ef7fd1-74b2-43d3-8455-edfdffb0bb98.jpg'><img loading=\"lazy\" decoding=\"async\" width=\"150\" height=\"150\" src=\"https:\/\/www.radiopiu.net\/wordpress\/wp-content\/uploads\/2023\/09\/f3ef7fd1-74b2-43d3-8455-edfdffb0bb98-150x150.jpg\" class=\"attachment-thumbnail size-thumbnail\" alt=\"\" \/><\/a>\n\t\t\t\t<\/dt><\/dl><br style=\"clear: both\" \/>\n\t\t\t<\/div>\n\n<p>&nbsp;<\/p>\n<\/div>\n<p>&nbsp;<\/p>\n<hr \/>\n<p>&nbsp;<\/p>\n<blockquote>\n<h3>INTERDIZIONE TOTALE AL TRAFFICO A DIGONERA, 203 AGORDINA A SINGHIOZZO E CHIUSURA A FASCE ORARIE DELLA SP 35 DI LASTE<\/h3>\n<\/blockquote>\n<p><strong>SP 563 SALESEI <\/strong>Fino\u00a0al 18 settembre\u00a0in localit\u00e0 Digonera di Rocca Pietore interdizione al traffico dalle 8 alle 18. Negli altri orari senso unico alternato regolato da semaforo.<\/p>\n<p><strong>SR 203 AGORDINA<\/strong>\u00a0localit\u00e0 La Pissa comune di Sedico,\u00a0dal 11 al 15 settembre\u00a0interruzioni temporanee al transito dalle 8 alle 9:35, dalle 9:50 alle 11:10, Dalle 11:25 alle 12:20 e dalle 14:25 alle 15:55<\/p>\n<p><strong>SP 35 DI LASTE\u00a0<\/strong>In comune di Rocca Pietore, <span style=\"color: #ff0000;\">dal 12 al 22 settembre<\/span>, esclusi sabati e domeniche, interdizione totale alla circolazione a fasce orarie. Dalle 8 alle 10, dalle 10:15 alle 12:15, dalle 13:15 alle 15 e dalle 15:15 alle 17.<\/p>\n<p>&nbsp;<\/p>\n<p>&nbsp;<\/p>\n<hr \/>\n<p>&nbsp;<\/p>\n<h2><span style=\"color: #ff6600;\">IERI ALLA RADIO\u00a0<\/span><\/h2>\n<h2><a class=\"dt-pswp-item\" href=\"https:\/\/www.radiopiu.net\/wordpress\/wp-content\/uploads\/2023\/09\/Mara-Pagnussat-CISL.jpg\" data-dt-img-description=\"\" data-large_image_width=\"1074\" data-large_image_height=\"911\"><img loading=\"lazy\" decoding=\"async\" class=\" wp-image-352355 alignleft\" src=\"https:\/\/www.radiopiu.net\/wordpress\/wp-content\/uploads\/2023\/09\/Mara-Pagnussat-CISL-300x254.jpg\" alt=\"\" width=\"195\" height=\"165\" srcset=\"https:\/\/www.radiopiu.net\/wordpress\/wp-content\/uploads\/2023\/09\/Mara-Pagnussat-CISL-300x254.jpg 300w, https:\/\/www.radiopiu.net\/wordpress\/wp-content\/uploads\/2023\/09\/Mara-Pagnussat-CISL-1024x869.jpg 1024w, https:\/\/www.radiopiu.net\/wordpress\/wp-content\/uploads\/2023\/09\/Mara-Pagnussat-CISL-768x651.jpg 768w, https:\/\/www.radiopiu.net\/wordpress\/wp-content\/uploads\/2023\/09\/Mara-Pagnussat-CISL.jpg 1074w\" sizes=\"auto, (max-width: 195px) 100vw, 195px\" \/><\/a><span style=\"color: #008000;\">CISL E FEMCA CISL LA VOCE PER I LAVORATORI<\/span><\/h2>\n<p>OSPITE: Mara Pagnussat, FEMCA CISL Luxottica stabilimento di Agordo<\/p>\n<audio class=\"wp-audio-shortcode\" id=\"audio-352314-9\" preload=\"none\" style=\"width: 100%;\" controls=\"controls\"><source type=\"audio\/mpeg\" src=\"https:\/\/www.radiopiu.net\/wordpress\/wp-content\/uploads\/2023\/09\/FEMCA-CISL.mp3?_=9\" \/><a href=\"https:\/\/www.radiopiu.net\/wordpress\/wp-content\/uploads\/2023\/09\/FEMCA-CISL.mp3\">https:\/\/www.radiopiu.net\/wordpress\/wp-content\/uploads\/2023\/09\/FEMCA-CISL.mp3<\/a><\/audio>\n<p>&nbsp;<\/p>\n<p>&nbsp;<\/p>\n<p>&nbsp;<\/p>\n<h2><span style=\"color: #ff00ff;\"><a class=\"dt-pswp-item\" href=\"https:\/\/www.radiopiu.net\/wordpress\/wp-content\/uploads\/2023\/09\/timando-23-24.jpg\" data-dt-img-description=\"\" data-large_image_width=\"1200\" data-large_image_height=\"630\"><img loading=\"lazy\" decoding=\"async\" class=\" wp-image-352316 alignleft\" src=\"https:\/\/www.radiopiu.net\/wordpress\/wp-content\/uploads\/2023\/09\/timando-23-24-300x158.jpg\" alt=\"\" width=\"209\" height=\"110\" srcset=\"https:\/\/www.radiopiu.net\/wordpress\/wp-content\/uploads\/2023\/09\/timando-23-24-300x158.jpg 300w, https:\/\/www.radiopiu.net\/wordpress\/wp-content\/uploads\/2023\/09\/timando-23-24-1024x538.jpg 1024w, https:\/\/www.radiopiu.net\/wordpress\/wp-content\/uploads\/2023\/09\/timando-23-24-768x403.jpg 768w, https:\/\/www.radiopiu.net\/wordpress\/wp-content\/uploads\/2023\/09\/timando-23-24.jpg 1200w\" sizes=\"auto, (max-width: 209px) 100vw, 209px\" \/><\/a>SE NON LA SMETTI TI MANDO DAL PRESIDE<\/span><\/h2>\n<p><strong>DI MIRKO MEZZACASA<\/strong><\/p>\n<p>con Maria Rosa Salmazo<\/p>\n<audio class=\"wp-audio-shortcode\" id=\"audio-352314-10\" preload=\"none\" style=\"width: 100%;\" controls=\"controls\"><source type=\"audio\/mpeg\" src=\"https:\/\/www.radiopiu.net\/wordpress\/wp-content\/uploads\/2023\/09\/se-non-la-smetti-1-2023.mp3?_=10\" \/><a href=\"https:\/\/www.radiopiu.net\/wordpress\/wp-content\/uploads\/2023\/09\/se-non-la-smetti-1-2023.mp3\">https:\/\/www.radiopiu.net\/wordpress\/wp-content\/uploads\/2023\/09\/se-non-la-smetti-1-2023.mp3<\/a><\/audio>\n<p>&nbsp;<\/p>\n<p>&nbsp;<\/p>\n<h2><a class=\"dt-pswp-item\" href=\"https:\/\/www.radiopiu.net\/wordpress\/wp-content\/uploads\/2023\/09\/LIBRO.jpg\" data-dt-img-description=\"\" data-large_image_width=\"1280\" data-large_image_height=\"854\"><img loading=\"lazy\" decoding=\"async\" class=\" wp-image-352342 alignleft\" src=\"https:\/\/www.radiopiu.net\/wordpress\/wp-content\/uploads\/2023\/09\/LIBRO-300x200.jpg\" alt=\"\" width=\"176\" height=\"117\" srcset=\"https:\/\/www.radiopiu.net\/wordpress\/wp-content\/uploads\/2023\/09\/LIBRO-300x200.jpg 300w, https:\/\/www.radiopiu.net\/wordpress\/wp-content\/uploads\/2023\/09\/LIBRO-1024x683.jpg 1024w, https:\/\/www.radiopiu.net\/wordpress\/wp-content\/uploads\/2023\/09\/LIBRO-768x512.jpg 768w, https:\/\/www.radiopiu.net\/wordpress\/wp-content\/uploads\/2023\/09\/LIBRO.jpg 1280w\" sizes=\"auto, (max-width: 176px) 100vw, 176px\" \/><\/a><span style=\"color: #800080;\">LIBER, IL NUOVO PROGRAMMA DI LIANA CAVALET<\/span><\/h2>\n<p>Nuovo programma sulle frequenze di Radio Pi\u00f9. Liber, la nuova rubrica di Radio Pi\u00f9 perch\u00e9 \u00e8 veramente \u201clibero\u201d chi si perde in un \u201clibro\u201d.<b> <\/b>Liber per farci rapire dai libri con Liana.<\/p>\n<p>&nbsp;<\/p>\n<p><strong>PUNTATA 1 &#8211; 13 SETTEMBRE 2023<\/strong><\/p>\n<audio class=\"wp-audio-shortcode\" id=\"audio-352314-11\" preload=\"none\" style=\"width: 100%;\" controls=\"controls\"><source type=\"audio\/mpeg\" src=\"https:\/\/www.radiopiu.net\/wordpress\/wp-content\/uploads\/2023\/09\/LIANA.mp3?_=11\" \/><a href=\"https:\/\/www.radiopiu.net\/wordpress\/wp-content\/uploads\/2023\/09\/LIANA.mp3\">https:\/\/www.radiopiu.net\/wordpress\/wp-content\/uploads\/2023\/09\/LIANA.mp3<\/a><\/audio>\n<p>&nbsp;<\/p>\n<p>&nbsp;<\/p>\n<h2><span style=\"color: #008000;\"><span style=\"color: #993300;\">ARABBA MARMOLADA 2030, A UN PASSO DAL FUTURO<\/span><\/span><\/h2>\n<p><strong>VENERDI 22 SETTEMBRE\u00a0<\/strong> Il\u00a0 22 settembre\u00a0 al Rifugio Luigi Gorza, a Porta Vescovo, una serata di presentazione dei risultati del progetto di sviluppo Turistico Arabba Marmolada 2030, un lavoro di un paio d&#8217;anni con diversi attori del territorio.<\/p>\n<blockquote><p><em><strong><a class=\"dt-pswp-item\" href=\"https:\/\/www.radiopiu.net\/wordpress\/wp-content\/uploads\/2023\/09\/Arabba_Fodom_Turismo_ph_Roberto_De_Pellegrin_web-13.jpg\" data-dt-img-description=\"\" data-large_image_width=\"1800\" data-large_image_height=\"1200\"><img loading=\"lazy\" decoding=\"async\" class=\" wp-image-352334 alignleft\" src=\"https:\/\/www.radiopiu.net\/wordpress\/wp-content\/uploads\/2023\/09\/Arabba_Fodom_Turismo_ph_Roberto_De_Pellegrin_web-13-300x200.jpg\" alt=\"\" width=\"198\" height=\"132\" srcset=\"https:\/\/www.radiopiu.net\/wordpress\/wp-content\/uploads\/2023\/09\/Arabba_Fodom_Turismo_ph_Roberto_De_Pellegrin_web-13-300x200.jpg 300w, https:\/\/www.radiopiu.net\/wordpress\/wp-content\/uploads\/2023\/09\/Arabba_Fodom_Turismo_ph_Roberto_De_Pellegrin_web-13-1024x683.jpg 1024w, https:\/\/www.radiopiu.net\/wordpress\/wp-content\/uploads\/2023\/09\/Arabba_Fodom_Turismo_ph_Roberto_De_Pellegrin_web-13-768x512.jpg 768w, https:\/\/www.radiopiu.net\/wordpress\/wp-content\/uploads\/2023\/09\/Arabba_Fodom_Turismo_ph_Roberto_De_Pellegrin_web-13-1536x1024.jpg 1536w, https:\/\/www.radiopiu.net\/wordpress\/wp-content\/uploads\/2023\/09\/Arabba_Fodom_Turismo_ph_Roberto_De_Pellegrin_web-13.jpg 1800w\" sizes=\"auto, (max-width: 198px) 100vw, 198px\" \/><\/a>LIVINALLONGO<\/strong> Sei un cittadino dei Comuni di Rocca Pietore e Livinallongo del Col di Lana? Sei innamorato del tuo territorio e desideri dare il tuo contributo? Segnati questa data: 22 settembre ore 18:00, Rifugio Gorza Porta Vescovo. Sei invitato all\u2019evento \u201cArabba Marmolada 2030, a un passo dal futuro\u201d in cui verranno presentati i risultati di un progetto che guarda al tuo domani, un progetto promosso dai comuni, dalle associazioni turistiche e dagli operatori turistici del territorio, un progetto che ha gi\u00e0 coinvolto negli ultimi due anni cittadini appartenenti a diverse categorie. La salita in funivia dalle 17:00 in poi \u00e8 gratis, la presentazione sar\u00e0 seguita da un buffet conviviale con musica. Info e programma su arabba-marmolada.it Ora \u00e8 il momento di passare dalla teoria alla pratica: che fai, vieni?\u00a0<\/em><\/p><\/blockquote>\n<p><span style=\"color: #0000ff;\"><strong><a class=\"dt-pswp-item\" href=\"https:\/\/www.radiopiu.net\/wordpress\/wp-content\/uploads\/2023\/09\/AM2030-social-post-singolo-1.png\" data-dt-img-description=\"\" data-large_image_width=\"4500\" data-large_image_height=\"4500\"><img loading=\"lazy\" decoding=\"async\" class=\" wp-image-352337 alignleft\" src=\"https:\/\/www.radiopiu.net\/wordpress\/wp-content\/uploads\/2023\/09\/AM2030-social-post-singolo-1-300x300.png\" alt=\"\" width=\"134\" height=\"134\" srcset=\"https:\/\/www.radiopiu.net\/wordpress\/wp-content\/uploads\/2023\/09\/AM2030-social-post-singolo-1-300x300.png 300w, https:\/\/www.radiopiu.net\/wordpress\/wp-content\/uploads\/2023\/09\/AM2030-social-post-singolo-1-1024x1024.png 1024w, https:\/\/www.radiopiu.net\/wordpress\/wp-content\/uploads\/2023\/09\/AM2030-social-post-singolo-1-150x150.png 150w, https:\/\/www.radiopiu.net\/wordpress\/wp-content\/uploads\/2023\/09\/AM2030-social-post-singolo-1-768x768.png 768w, https:\/\/www.radiopiu.net\/wordpress\/wp-content\/uploads\/2023\/09\/AM2030-social-post-singolo-1-1536x1536.png 1536w, https:\/\/www.radiopiu.net\/wordpress\/wp-content\/uploads\/2023\/09\/AM2030-social-post-singolo-1-2048x2048.png 2048w\" sizes=\"auto, (max-width: 134px) 100vw, 134px\" \/><\/a>GLI SPECIALI ALLA RADIO<\/strong><\/span><\/p>\n<p><span style=\"color: #ff0000;\"><strong>L&#8217;INTERVISTA A MICHELA LEZUO<\/strong><\/span><\/p>\n<audio class=\"wp-audio-shortcode\" id=\"audio-352314-12\" preload=\"none\" style=\"width: 100%;\" controls=\"controls\"><source type=\"audio\/mpeg\" src=\"https:\/\/www.radiopiu.net\/wordpress\/wp-content\/uploads\/2023\/09\/MICHELA-LEZUO.mp3?_=12\" \/><a href=\"https:\/\/www.radiopiu.net\/wordpress\/wp-content\/uploads\/2023\/09\/MICHELA-LEZUO.mp3\">https:\/\/www.radiopiu.net\/wordpress\/wp-content\/uploads\/2023\/09\/MICHELA-LEZUO.mp3<\/a><\/audio>\n<p>&nbsp;<\/p>\n<blockquote class=\"wp-embedded-content\" data-secret=\"t1yIVSQqhZ\"><p><a href=\"https:\/\/www.radiopiu.net\/wordpress\/rimasti-piu-avanti-p11\/\">&#8220;RIMASTI PIU&#8217; AVANTI&#8221;, ALLA SCOPERTA DELLA MUSICA BELLUNESE CON MARCO V. DAL FARRA<\/a><\/p><\/blockquote>\n<p><iframe loading=\"lazy\" class=\"wp-embedded-content\" sandbox=\"allow-scripts\" security=\"restricted\" style=\"position: absolute; clip: rect(1px, 1px, 1px, 1px);\" title=\"&#8220;&#8220;RIMASTI PIU&#8217; AVANTI&#8221;, ALLA SCOPERTA DELLA MUSICA BELLUNESE CON MARCO V. DAL FARRA&#8221; &#8212; Radio Pi\u00f9\" src=\"https:\/\/www.radiopiu.net\/wordpress\/rimasti-piu-avanti-p11\/embed\/#?secret=fpkpYF6O5Y#?secret=t1yIVSQqhZ\" data-secret=\"t1yIVSQqhZ\" width=\"600\" height=\"338\" frameborder=\"0\" marginwidth=\"0\" marginheight=\"0\" scrolling=\"no\"><\/iframe><\/p>\n<p>&nbsp;<\/p>\n<h2><strong><a class=\"dt-pswp-item\" href=\"https:\/\/www.radiopiu.net\/wordpress\/wp-content\/uploads\/2020\/05\/DOLOMITI-BEER.png\" data-dt-img-description=\"\" data-large_image_width=\"812\" data-large_image_height=\"450\"><img loading=\"lazy\" decoding=\"async\" class=\" wp-image-139660 alignleft\" src=\"https:\/\/www.radiopiu.net\/wordpress\/wp-content\/uploads\/2020\/05\/DOLOMITI-BEER-300x166.png\" alt=\"\" width=\"206\" height=\"114\" srcset=\"https:\/\/www.radiopiu.net\/wordpress\/wp-content\/uploads\/2020\/05\/DOLOMITI-BEER-300x166.png 300w, https:\/\/www.radiopiu.net\/wordpress\/wp-content\/uploads\/2020\/05\/DOLOMITI-BEER-768x426.png 768w, https:\/\/www.radiopiu.net\/wordpress\/wp-content\/uploads\/2020\/05\/DOLOMITI-BEER.png 812w\" sizes=\"auto, (max-width: 206px) 100vw, 206px\" \/><\/a><\/strong><span style=\"color: #0000ff;\">GIANLUCA ROSSI, DOLOMITI BEER AND WINE SHOP DA NAPI<\/span><\/h2>\n<audio class=\"wp-audio-shortcode\" id=\"audio-352314-13\" preload=\"none\" style=\"width: 100%;\" controls=\"controls\"><source type=\"audio\/mpeg\" src=\"https:\/\/www.radiopiu.net\/wordpress\/wp-content\/uploads\/2023\/09\/GIANLUCA-BEER.mp3?_=13\" \/><a href=\"https:\/\/www.radiopiu.net\/wordpress\/wp-content\/uploads\/2023\/09\/GIANLUCA-BEER.mp3\">https:\/\/www.radiopiu.net\/wordpress\/wp-content\/uploads\/2023\/09\/GIANLUCA-BEER.mp3<\/a><\/audio>\n<p>&nbsp;<\/p>\n<hr \/>\n<p>&nbsp;<\/p>\n<h2><span style=\"color: #ff0000;\">GLI APPUNTAMENTI DELLA SETTIMANA\u00a0\u00a0<\/span><\/h2>\n<p>&nbsp;<\/p>\n<blockquote>\n<h3>DOMANI LA PRESENTAZIONE DI MUSICALMENTE LIMANA<\/h3>\n<\/blockquote>\n<p><strong>LIMANA<\/strong> Una nuova regia per il progetto MusicLab-Musicalmente Limana<b>. <\/b>L\u2019iniziativa non \u00e8 rivolta solo agli ex-allievi dell\u2019indirizzo musicale della scuola secondaria di primo grado di Limana. Potranno infatti accedere al programma anche gli ex-allievi di altre scuole a indirizzo musicale e non e i ragazzi dai 14 anni che suonano gi\u00e0 uno strumento musicale. Il progetto verr\u00e0 presentato domani alle 20:30 a Limana, in sala Nocivelli<\/p>\n<div>\n<div><\/div>\n<blockquote>\n<h3>\u00a0SOSPIROLO SPORT E CULTURA<\/h3>\n<\/blockquote>\n<\/div>\n<div><strong>SOSPIROLO<\/strong> Domani alle 20.45 al Centro civico Fuocherello, Fuochino, Fuoco: miti e riti della tradizione popolare a cura del Professor Cesare Poppi, antropologo. Serata divulgativa del Concorso letterario (Biblioteca-Pro Loco). Domenica \u00e8 invece in programma\u00a0 alle 9. il trail da Torbe Pedonata CorriMamma di 5, 10, 16 km trail (Comitato Genitori-GR Torbe)<\/div>\n<p>&nbsp;<\/p>\n<blockquote>\n<h3>LA PRESENTAZIONE DEL LIBRO DI BENIAMINO DAL FABBRO<\/h3>\n<\/blockquote>\n<p><strong>BELLUNO<\/strong> Domani, nella sala Eliseo Dal Pont \u201cBianchi\u201d di Belluno, si terra\u0300 la presentazione del libro \u201cLettere a un provinciale\u201d di Beniamino Dal Fabbro, appena pubblicato da Libreria Campede\u0300l editore. A curare la presentazione sara\u0300 Giovanni Grazioli, direttore della Biblioteca civica di Belluno, con le letture scelte tratte dal libro e con la voce di Piero Bolzan. A organizzare l\u2019incontro, Biblioteca civica di Belluno e Libreria Campede\u0300l. L\u2019ingresso e\u0300 libero e aperto alla partecipazione di tutti. Nell\u2019occasione, il libro sara\u0300 in vendita in sala.<\/p>\n<p>&nbsp;<\/p>\n<blockquote>\n<h3>CAMMINATURALMENTE<\/h3>\n<\/blockquote>\n<p><span style=\"font-size: medium;\"><strong>LONGARONE <\/strong>Un viaggio nello spazio e nel tempo per ricordare il tragico evento, visitando i principali luoghi della memoria.\u00a0<\/span> <span style=\"font-family: Calibri, serif;\"><span style=\"font-size: medium;\"><b>Sabato 16 settembre<\/b><\/span><\/span><span style=\"font-family: Calibri, serif;\"><span style=\"font-size: medium;\">. Itinerario a piedi di ca 2 km con dislivello irrilevante. Durata ca 3 ore e mezza. Ritrovo alle 8 al parcheggio della stazione ferroviaria di Longarone. <\/span><\/span><span style=\"font-family: Calibri, serif;\"><span style=\"font-size: medium;\"><i><b>Iscrizione obbligatoria a <\/b><\/i><\/span><\/span><a href=\"mailto:biblioteca@comune.belluno.it\"><span style=\"color: #0563c1;\"><span style=\"font-family: Calibri, serif;\"><span style=\"font-size: medium;\"><i><u><b>biblioteca@comune.belluno.it<\/b><\/u><\/i><\/span><\/span><\/span><\/a><span style=\"font-family: Calibri, serif;\"><span style=\"font-size: medium;\"><i><b> o al tel 0437 948093 entro le ore 12,30 di venerdi.<\/b><\/i><\/span><\/span><\/p>\n<p>&nbsp;<\/p>\n<blockquote>\n<h3>ZUMBRILLENBAR&#8230;APRE LE PORTE AL CAMIONISTA<\/h3>\n<\/blockquote>\n<p>&nbsp;<\/p>\n<p><a class=\"dt-pswp-item\" href=\"https:\/\/www.radiopiu.net\/wordpress\/wp-content\/uploads\/2023\/09\/zumbrillenbar.jpg\" data-dt-img-description=\"\" data-large_image_width=\"1024\" data-large_image_height=\"680\"><img loading=\"lazy\" decoding=\"async\" class=\" wp-image-351940 alignleft\" src=\"https:\/\/www.radiopiu.net\/wordpress\/wp-content\/uploads\/2023\/09\/zumbrillenbar-300x199.jpg\" alt=\"\" width=\"157\" height=\"104\" srcset=\"https:\/\/www.radiopiu.net\/wordpress\/wp-content\/uploads\/2023\/09\/zumbrillenbar-300x199.jpg 300w, https:\/\/www.radiopiu.net\/wordpress\/wp-content\/uploads\/2023\/09\/zumbrillenbar-768x510.jpg 768w, https:\/\/www.radiopiu.net\/wordpress\/wp-content\/uploads\/2023\/09\/zumbrillenbar.jpg 1024w\" sizes=\"auto, (max-width: 157px) 100vw, 157px\" \/><\/a>sei un camionista?&#8230;allora preparati a fare festa con noi! sabato 16 settembre la cena dei camionisti al Zumbrillenbar ad Agordo.<br \/>\nInfo e prenotazioni da Devis al 3474897920<\/p>\n<p>ZUMBRILLENBAR&#8230;APRE LE PORTE AL CAMIONISTA!<\/p>\n<p>&nbsp;<\/p>\n<blockquote>\n<h3>LA FESTA A SAN CIPRIANO<\/h3>\n<\/blockquote>\n<p><strong>TAIBON<\/strong> Sabato 16 settembre a Taibon si festeggia San Cipriano. Alle 18:30 la messa in onore del Santo Patrono e a seguire musica e buffet in piazza.<\/p>\n<p>&nbsp;<\/p>\n<blockquote>\n<h3>I COLLEZIONISTI SI INCONTRANO AD ANDRAZ<\/h3>\n<\/blockquote>\n<p><strong>LIVINALLONGO<\/strong> Sabato 16 settembre dalle 15 alle 18 i collezionisti sul tema della Grande Guerra si riuniranno ad Andraz per visionare e scambiarsi i materiali raccolti<\/p>\n<p>&nbsp;<\/p>\n<blockquote>\n<h3>ALLA PARAFARMACIA DI AGORDO<\/h3>\n<\/blockquote>\n<p><strong>AGORDO<\/strong> Vorresti sapere cosa dicono i tuoi occhi sul tuo stato di benessere fisico e mentale? Sabato 16 settembre presso la Parafarmacia di Agordo di Nadia Bulf al Centro Ganz sar\u00e0 presente un esperto iridologo. L\u2019occhio \u00e8 come una mappa del nostro corpo, ci permette di avere informazioni su come stiamo e cosa possiamo fare per migliorare il nostro stato di salute. Per informazioni e prenotazioni chiamare il 0437\/866683.<\/p>\n<p>&nbsp;<\/p>\n<blockquote>\n<h3>CONCERTO A LIMANA<\/h3>\n<\/blockquote>\n<p><strong>LIMANA<\/strong> Sabato alle 20.30 nella sala riunioni del Municipio, concerto di Musica da Camera del trio Stravagante, 2 Flauti e Violoncello con Alberto Barletta &#8211; Elisa Parodi &#8211; Fabio Storino. Eseguiranno brani di J.S. Bach, A. Corelli, F.J. Haydn, L. Bernstein, L. Bacalov, E. Morricone e N. Rota, ingresso libero. Una proposta del Comune, Assessorato alla Cultura e Biblioteca Comunale<\/p>\n<p>&nbsp;<\/p>\n<blockquote>\n<h3>LA SAGRA DI FREGONA A CANALE D&#8217;AGORDO<\/h3>\n<\/blockquote>\n<p><strong>CANALE D&#8217;AGORDO <\/strong>16 e 17 settembre sono le date da segnare sul calendario. A Canale D&#8217;Agordo torna la Sagra di Fregona, due giorni di festa nella frazione canalina. Sabato apertura tendone alle 17, cucina alle 18 e alla sera musica con Tirock Band. Domenica alle 10:30 la santa messa, alle 11 apertura tendone e alle 12 la cucina con piatti tipici. Nel pomeriggio balli e giochi, musica fino a sera con Mirko e I Rosegot e alle 19:30 la processione per le vie del paese.<\/p>\n<p>&nbsp;<\/p>\n<blockquote>\n<h3>ENSAMBLE IL FISCHIO A LANDRIS<\/h3>\n<\/blockquote>\n<p><strong>SEDICO<\/strong> Domenica 17 settembre a Landris di Sedico alle 17 presso Corte Ferrante di Vialla Miari Bentivoglio il concerto dell&#8217;Ensamble Il Fischio con Paola Brunello voce recitante<\/p>\n<p>&nbsp;<\/p>\n<blockquote>\n<h3>DOMENICA ESCURSIONE CON IL CAI DI BELLUNO<\/h3>\n<\/blockquote>\n<p><strong>BELLUNO<\/strong> La Commissione Escursionismo della Sezione di Belluno del Club Alpino Italiano organizza per domenica 17 settembre 2023 una <span style=\"color: #000000;\">interessante <\/span>escursione <span style=\"color: #000000;\">che sale una vetta di confine di grande importanza storica per gli avvenimenti accaduti nella Prima Guerra Mondiale. <\/span><\/p>\n<p>&nbsp;<\/p>\n<blockquote>\n<h3>UN CONCERTO PER CASA TUA DUE<\/h3>\n<\/blockquote>\n<p><strong>BELLUNO<\/strong> Kyoko Takezawa &amp; Friends \u00e8 il titolo del concerto che chiuder\u00e0 la Settimana Musicale di Belluno 2023. Un quintetto di grande prestigio al Teatro Comunale di Belluno domenica alle 18.<\/p>\n<p>&nbsp;<\/p>\n<blockquote>\n<h3>RIPARTONO I CORSI DI ADA<\/h3>\n<\/blockquote>\n<p><strong>AGORDO<\/strong> A partire dal 25 settembre ripartono i corsi dell&#8217;Associazione Danza Agordina. Le iscrizioni alla sede dei corsi presso la palestra delle scuole elementari di Agordo nei giorni 15-18-19 settembre dalle 17 alle 19. Per informazioni 348 8062103 oppure ada.agordo@libero.it<\/p>\n<p>&nbsp;<\/p>\n<blockquote>\n<h3>FINE SETTIMANA CON IL CAI DI AGORDO<\/h3>\n<\/blockquote>\n<p><strong>AGORDO<\/strong> Sabato e domenica escursione di due giorni a nord di Rio Pusteria tra Malga Fane e cime montuose oltre i 3000 metri.\u00a0 Accompagnatori Antonello Cibien, Anna Magro, Dario Dell&#8217;Osbel, Fabiana Luciani e Fabio Focardi<\/p>\n<p>&nbsp;<\/p>\n<h2><span style=\"color: #ff0000;\">PROSSIMAMENTE&#8230;\u00a0<\/span><\/h2>\n<blockquote>\n<h3>IL COMPLEANNO DI INSIEME SI PUO&#8217; FODOM<\/h3>\n<\/blockquote>\n<p><strong>LIVINALLONGO<\/strong> Sabato 23 settembre alle 20 nella sala congressi di Arabba il gruppo Insieme Si Pu\u00f2 di Fodom festeggia il compleanno. 20+2 il titolo della serata in cui verr\u00e0 presentato il libro fotografico di Edy Mariaclara, Anna e Matteo.<\/p>\n<p>&nbsp;<\/p>\n<p><a class=\"dt-pswp-item\" href=\"https:\/\/www.radiopiu.net\/wordpress\/wp-content\/uploads\/2023\/09\/42736ef3-6d90-452a-b3ec-551dca51eeaf.jpg\" data-dt-img-description=\"\" data-large_image_width=\"1456\" data-large_image_height=\"2048\"><img loading=\"lazy\" decoding=\"async\" class=\"size-medium wp-image-352248 alignleft\" src=\"https:\/\/www.radiopiu.net\/wordpress\/wp-content\/uploads\/2023\/09\/42736ef3-6d90-452a-b3ec-551dca51eeaf-213x300.jpg\" alt=\"\" width=\"213\" height=\"300\" srcset=\"https:\/\/www.radiopiu.net\/wordpress\/wp-content\/uploads\/2023\/09\/42736ef3-6d90-452a-b3ec-551dca51eeaf-213x300.jpg 213w, https:\/\/www.radiopiu.net\/wordpress\/wp-content\/uploads\/2023\/09\/42736ef3-6d90-452a-b3ec-551dca51eeaf-728x1024.jpg 728w, https:\/\/www.radiopiu.net\/wordpress\/wp-content\/uploads\/2023\/09\/42736ef3-6d90-452a-b3ec-551dca51eeaf-768x1080.jpg 768w, https:\/\/www.radiopiu.net\/wordpress\/wp-content\/uploads\/2023\/09\/42736ef3-6d90-452a-b3ec-551dca51eeaf-1092x1536.jpg 1092w, https:\/\/www.radiopiu.net\/wordpress\/wp-content\/uploads\/2023\/09\/42736ef3-6d90-452a-b3ec-551dca51eeaf.jpg 1456w\" sizes=\"auto, (max-width: 213px) 100vw, 213px\" \/><\/a><\/p>\n<p>44ESIMA MOSTRA MERCATO A VILLA PATT DI SEDICO. DOMENICA 24 SETTEMBRE DALLE 9.30 A SERA: PRODOTTI AGRICOLI LATTIERO-CASEARI, HOBBYSTICA, FATTORIA DIDATTICA, MOSTRE E GIOCHI DI UNA VOLTA PER GRANDI E BAMBINI CON IL GRUPPO COMITATO PULLIR. IMMANCABILE LA TRUCCABIMBI STRYLLI E L&#8217;ANIMAZIONE PER I PIU&#8217; PICCOLI. ALLE 9.30 CONVEGNO SUL MIELE CON API DOLOMITI, DALLE 11.30 CUCINA APERTA CON PIATTI TIPICI E FORNITISSIMI CHIOSCHI, INTRATTENIMENTO MUSICALE CON FAUSTO E CHIARA. DOMENICA 24 SETTEMBRE A SEDICO VILLA PATT!<\/p>\n<p>&nbsp;<\/p>\n<p>&nbsp;<\/p>\n<p>&nbsp;<\/p>\n<p>&nbsp;<\/p>\n<p>&nbsp;<\/p>\n<p>&nbsp;<\/p>\n<blockquote>\n<h3>DON LUIGI CIOTTI A LONGARONE<\/h3>\n<\/blockquote>\n<p><strong>LONGARONE<\/strong> Don Luigi Ciotti sar\u00e0 a breve nuovamente nella nostra provincia! L&#8217;evento, dedicato al sessantesimo anniversario del Vajont si svolger\u00e0 a Longarone nella mattinata del 19 settembre alle 10.30 in un luogo carico di significato ovvero il cimitero delle vittime di Fortogna. Sar\u00e0 presente anche il Vescovo della Diocesi di Belluno -Feltre Renato Marangoni &#8211; evento inserito nel calendario ufficiale del 60\u00b0 anniversario del Vajont.<\/p>\n<p>&nbsp;<\/p>\n<blockquote>\n<h3>IL QUINTO MINITRAIL DI VILLA SAN FRANCESCO<\/h3>\n<\/blockquote>\n<p><strong>PEDAVENA<\/strong> Il 24 settembre \u00e8 in programma il 5\u00b0 Minitrail di Villa San Francesco. Alle 8:30 l&#8217;apertura delle iscrizioni, alle 9:30 la partenza. A seguire premiazioni e rinfresco. Pacco gara per i primi 100 iscritti<\/p>\n<p>&nbsp;<\/p>\n<p>&nbsp;<\/p>\n<hr \/>\n<p>&nbsp;<\/p>\n<div class=\"message spoilers-container\" dir=\"auto\">\n<div class=\"column\">\n<div class=\"message spoilers-container\" dir=\"auto\">\n<div class=\"column\">\n<p><img loading=\"lazy\" decoding=\"async\" class=\"aligncenter wp-image-61954 size-full\" src=\"https:\/\/www.radiopiu.net\/wordpress\/wp-content\/uploads\/2018\/09\/viabilita.jpeg\" sizes=\"auto, (max-width: 800px) 100vw, 800px\" srcset=\"https:\/\/www.radiopiu.net\/wordpress\/wp-content\/uploads\/2018\/09\/viabilita.jpeg 800w, https:\/\/www.radiopiu.net\/wordpress\/wp-content\/uploads\/2018\/09\/viabilita-300x38.jpeg 300w, https:\/\/www.radiopiu.net\/wordpress\/wp-content\/uploads\/2018\/09\/viabilita-768x96.jpeg 768w\" alt=\"\" width=\"800\" height=\"100\" \/><\/p>\n<\/div>\n<\/div>\n<div class=\"message spoilers-container\" dir=\"auto\">\n<div class=\"column\">\n<p>&nbsp;<\/p>\n<\/div>\n<\/div>\n<\/div>\n<\/div>\n<blockquote class=\"wp-embedded-content\" data-secret=\"FXd1pUJpxz\"><p><a href=\"https:\/\/www.radiopiu.net\/wordpress\/viabilita\/\">viabilita<\/a><\/p><\/blockquote>\n<p><iframe loading=\"lazy\" class=\"wp-embedded-content\" sandbox=\"allow-scripts\" security=\"restricted\" style=\"position: absolute; clip: rect(1px, 1px, 1px, 1px);\" title=\"&#8220;viabilita&#8221; &#8212; Radio Pi\u00f9\" src=\"https:\/\/www.radiopiu.net\/wordpress\/viabilita\/embed\/#?secret=sCbTTVfedS#?secret=FXd1pUJpxz\" data-secret=\"FXd1pUJpxz\" width=\"600\" height=\"338\" frameborder=\"0\" marginwidth=\"0\" marginheight=\"0\" scrolling=\"no\"><\/iframe><\/p>\n<div class=\"message spoilers-container\" dir=\"auto\">\n<div class=\"column\">\n<div class=\"message spoilers-container\" dir=\"auto\">\n<div class=\"column\">\n<div>\n<div dir=\"ltr\">\n<div class=\"gmail_quote\">\n<div dir=\"ltr\">\n<div><\/div>\n<div><\/div>\n<div><\/div>\n<\/div>\n<\/div>\n<\/div>\n<\/div>\n<hr \/>\n<p>&nbsp;<\/p>\n<p><a class=\"dt-pswp-item\" href=\"https:\/\/www.radiopiu.net\/wordpress\/wp-content\/uploads\/2018\/09\/WhatsApp-Image-2018-09-20-at-16.04.06.jpeg\" data-dt-img-description=\"\" data-large_image_width=\"800\" data-large_image_height=\"100\"><img loading=\"lazy\" decoding=\"async\" class=\"wp-image-61378 size-full aligncenter\" src=\"https:\/\/www.radiopiu.net\/wordpress\/wp-content\/uploads\/2018\/09\/WhatsApp-Image-2018-09-20-at-16.04.06.jpeg\" alt=\"\" width=\"800\" height=\"100\" srcset=\"https:\/\/www.radiopiu.net\/wordpress\/wp-content\/uploads\/2018\/09\/WhatsApp-Image-2018-09-20-at-16.04.06.jpeg 800w, https:\/\/www.radiopiu.net\/wordpress\/wp-content\/uploads\/2018\/09\/WhatsApp-Image-2018-09-20-at-16.04.06-300x38.jpeg 300w, https:\/\/www.radiopiu.net\/wordpress\/wp-content\/uploads\/2018\/09\/WhatsApp-Image-2018-09-20-at-16.04.06-768x96.jpeg 768w\" sizes=\"auto, (max-width: 800px) 100vw, 800px\" \/><\/a><\/p>\n<\/div>\n<\/div>\n<p>&nbsp;<\/p>\n<\/div>\n<\/div>\n<p><center><b>OGGI<\/b><\/center>Al mattino parzialmente nuvoloso con schiarite sulle Prealpi, estesa nuvolosit\u00e0 stratiforme associata a qualche pioggia sulle Dolomiti. Con il passare delle ore l&#8217;attivit\u00e0 cumuliforme si svilupper\u00e0 ovunque, maggiormente sulle Prealpi rispetto alle Dolomiti. Addensamenti che daranno luogo a fenomeni sparsi.<br \/>\n<b>Precipitazioni: <\/b>Al mattino qualche debole pioggia sparsa sulle Dolomiti (30-40%), altrove generalmente assenti (10%). Dal primo pomeriggio crescente probabilit\u00e0 di rovesci fino a media sulle Dolomiti (40-60%) e maggiore sulle Prealpi (60-80%),<br \/>\n<b>Temperature: <\/b>In ulteriore generale lieve calo.<\/p>\n<hr \/>\n<p><center><b>DOMANI<\/b><\/center>Al mattino tempo variabile con brevi schiarite e nuvolosit\u00e0 irregolare, anche bassa. Dalle ore centrali maggiore nuvolosit\u00e0, anche per addensamenti irregolari associati a qualche fenomeno sparso.<br \/>\n<b>Precipitazioni: <\/b>Al mattino pressoch\u00e9 assenti, salvo qualche goccia prima delle ore centrali del giorno (10-20%). Al pomeriggio fenomeni sparsi a carattere di piovasco o rovescio (50-70%).<br \/>\n<b>Temperature: <\/b>Senza notevoli variazioni, salvo lieve calo delle massime nei settori pi\u00f9 interessati dall&#8217;instabilit\u00e0 pomeridiana.<\/p>\n<hr \/>\n<p><center><b>SABATO<\/b><\/center>Al mattino parzialmente soleggiato con nubi alte in grado di velare il cielo. Al pomeriggio intensificazione della nuvolosit\u00e0 fino a cielo coperto, dapprima sulle Prealpi, successivamente sulle Dolomiti. L&#8217;insidia precipitazioni rimarr\u00e0 bassa, salvo qualche goccia serale, pi\u00f9 probabile sulle Prealpi. Temperature senza grandi variazioni, eccetto lieve rialzo delle massime a tutte le quote.<\/p>\n<hr \/>\n<p><center><b>DOMENICA<\/b><\/center>Al mattino sole e sottili velature, anche temporanee nubi basse qua e l\u00e0, specie sulle Prealpi e su Dolomiti cadorine. In seguito in prevalenza soleggiato sulla fascia prealpina, solo parzialmente soleggiato sulle Dolomiti per comparsa di stratocumuli, i quali potrebbero ridurre notevolmente la visibilit\u00e0 su alcuni gruppi montuosi. Temperature in ripresa, salvo calo delle minime nelle valli<\/p>\n<p>&nbsp;<\/p>\n<div class=\"message spoilers-container\" dir=\"auto\">\n<hr \/>\n<p>&nbsp;<\/p>\n<p><img loading=\"lazy\" decoding=\"async\" class=\"wp-image-60761 size-full aligncenter\" src=\"https:\/\/www.radiopiu.net\/wordpress\/wp-content\/uploads\/2018\/09\/sport.jpg\" alt=\"\" width=\"800\" height=\"100\" srcset=\"https:\/\/www.radiopiu.net\/wordpress\/wp-content\/uploads\/2018\/09\/sport.jpg 800w, https:\/\/www.radiopiu.net\/wordpress\/wp-content\/uploads\/2018\/09\/sport-300x38.jpg 300w, https:\/\/www.radiopiu.net\/wordpress\/wp-content\/uploads\/2018\/09\/sport-768x96.jpg 768w\" sizes=\"auto, (max-width: 800px) 100vw, 800px\" \/><\/p>\n<p>&nbsp;<\/p>\n<p><span style=\"color: #0000ff;\"><strong>TENNIS<\/strong><\/span><\/p>\n<blockquote>\n<h3>UNA STELLA DEL TENNIS AD ALLEGHE<\/h3>\n<\/blockquote>\n<p><strong>REDAZIONE<\/strong> L&#8217;arrivo del nuovo giocatore Nikolai Zherdev tra le file dell&#8217;Alleghe Hockey \u00e8 stata sicuramente una notizia di non poco conto. Ma chi se lo immaginava che assieme alla ex stella della NHL arrivava in riva al lago una campionessa di tennis? Infatti Zherdev \u00e8 arrivato ad Alleghe con la famiglia e assieme lui anche la tennista Marija Kirilenko, classe 1987, ex tennista professionista. 103 presenze nei tornei del grande slam, 10\u00b0 posto mondiale nella classifica WTA e medaglia di bronzo nel doppio alle Olimpiadi di Londra 2012.<\/p>\n<p>(FOTO: Instagram &#8211; <a href=\"https:\/\/www.instagram.com\/mariakirilenko87\/\">@matiakirilenko87<\/a>)<\/p>\n\n\t\t\t<style type='text\/css'>\n\t\t\t\t#gallery-7 {\n\t\t\t\t\tmargin: auto;\n\t\t\t\t}\n\t\t\t\t#gallery-7 .gallery-item {\n\t\t\t\t\tfloat: left;\n\t\t\t\t\tmargin-top: 10px;\n\t\t\t\t\ttext-align: center;\n\t\t\t\t\twidth: 33%;\n\t\t\t\t}\n\t\t\t\t#gallery-7 img {\n\t\t\t\t\tborder: 2px solid #cfcfcf;\n\t\t\t\t}\n\t\t\t\t#gallery-7 .gallery-caption {\n\t\t\t\t\tmargin-left: 0;\n\t\t\t\t}\n\t\t\t\t\/* see gallery_shortcode() in wp-includes\/media.php *\/\n\t\t\t<\/style>\n\t\t<div id='gallery-7' class='dt-gallery-container gallery galleryid-352314 gallery-columns-3 gallery-size-thumbnail'><dl class='gallery-item'>\n\t\t\t\t<dt class='gallery-icon landscape'>\n\t\t\t\t\t<a class=\"rollover rollover-zoom dt-pswp-item\" title=\"e5409d54-49e3-4f4f-992c-77544a539359\" data-dt-img-description=\"\" data-large_image_width=\"1024\" data-large_image_height=\"699\"href='https:\/\/www.radiopiu.net\/wordpress\/wp-content\/uploads\/2023\/09\/e5409d54-49e3-4f4f-992c-77544a539359.jpg'><img loading=\"lazy\" decoding=\"async\" width=\"150\" height=\"150\" src=\"https:\/\/www.radiopiu.net\/wordpress\/wp-content\/uploads\/2023\/09\/e5409d54-49e3-4f4f-992c-77544a539359-150x150.jpg\" class=\"attachment-thumbnail size-thumbnail\" alt=\"\" \/><\/a>\n\t\t\t\t<\/dt><\/dl><dl class='gallery-item'>\n\t\t\t\t<dt class='gallery-icon landscape'>\n\t\t\t\t\t<a class=\"rollover rollover-zoom dt-pswp-item\" title=\"93a2c600-f23a-441a-8200-bcbc9aef7e43\" data-dt-img-description=\"\" data-large_image_width=\"1024\" data-large_image_height=\"853\"href='https:\/\/www.radiopiu.net\/wordpress\/wp-content\/uploads\/2023\/09\/93a2c600-f23a-441a-8200-bcbc9aef7e43.jpg'><img loading=\"lazy\" decoding=\"async\" width=\"150\" height=\"150\" src=\"https:\/\/www.radiopiu.net\/wordpress\/wp-content\/uploads\/2023\/09\/93a2c600-f23a-441a-8200-bcbc9aef7e43-150x150.jpg\" class=\"attachment-thumbnail size-thumbnail\" alt=\"\" \/><\/a>\n\t\t\t\t<\/dt><\/dl><dl class='gallery-item'>\n\t\t\t\t<dt class='gallery-icon landscape'>\n\t\t\t\t\t<a class=\"rollover rollover-zoom dt-pswp-item\" title=\"c02ff586-5230-425c-bd33-aa687f9babbe\" data-dt-img-description=\"\" data-large_image_width=\"1024\" data-large_image_height=\"721\"href='https:\/\/www.radiopiu.net\/wordpress\/wp-content\/uploads\/2023\/09\/c02ff586-5230-425c-bd33-aa687f9babbe.jpg'><img loading=\"lazy\" decoding=\"async\" width=\"150\" height=\"150\" src=\"https:\/\/www.radiopiu.net\/wordpress\/wp-content\/uploads\/2023\/09\/c02ff586-5230-425c-bd33-aa687f9babbe-150x150.jpg\" class=\"attachment-thumbnail size-thumbnail\" alt=\"\" \/><\/a>\n\t\t\t\t<\/dt><\/dl><br style=\"clear: both\" \/>\n\t\t\t<\/div>\n\n<p>&nbsp;<\/p>\n<p>&nbsp;<\/p>\n<p><span style=\"color: #0000ff;\"><strong>MOTORI<\/strong><\/span><\/p>\n<blockquote>\n<h3>NUOVA VITA PER LA PEDAVENA &#8211; CROCE D&#8217;AUNE. LE PRIME INDISCREZIONI<\/h3>\n<\/blockquote>\n<p><img loading=\"lazy\" decoding=\"async\" class=\"alignleft\" src=\"https:\/\/www.radiopiu.net\/wordpress\/wp-content\/uploads\/2023\/09\/c663a090-a378-4337-b845-ad8ef06f9cb0.jpg\" width=\"191\" height=\"127\" \/>BELLUNO<\/p>\n<p>ROBERTO BONA<\/p>\n<audio class=\"wp-audio-shortcode\" id=\"audio-352314-14\" preload=\"none\" style=\"width: 100%;\" controls=\"controls\"><source type=\"audio\/mpeg\" src=\"https:\/\/www.radiopiu.net\/wordpress\/wp-content\/uploads\/2023\/09\/XmotorsPedaverna.mp3?_=14\" \/><a href=\"https:\/\/www.radiopiu.net\/wordpress\/wp-content\/uploads\/2023\/09\/XmotorsPedaverna.mp3\">https:\/\/www.radiopiu.net\/wordpress\/wp-content\/uploads\/2023\/09\/XmotorsPedaverna.mp3<\/a><\/audio>\n<p>&nbsp;<\/p>\n<p>&nbsp;<\/p>\n<p><span style=\"color: #0000ff;\"><strong>ATLETICA<\/strong><\/span><\/p>\n<blockquote>\n<h3>BEN 19 MEDAGLIE PER IL CSI DI BELLUNO AL CAMPIONATO NAZIONALE DI ATLETICA<\/h3>\n<\/blockquote>\n<p><strong>BELLUNO <\/strong>5 ori, 9 argenti e 5 bronzi. \u00c8 questo il bottino conquistato dalle tre societ\u00e0 del comitato Csi di Belluno (Polisportiva Santa Giustina, Atleticadore Giocallena e Gs Astra Quero) che dall\u20198 al 10 settembre scorsi hanno partecipato al 25.mo Campionato nazionale di corsa campestre del Centro sportivo italiano, svoltosi a Cles (Trento). Di seguito il dettaglio <strong>Oro<\/strong>: Gina Zanella (Giocallena Atleticadore) 1500 Amatori B; Angelica Balest (Polisportiva Santa Giustina) alto Allieve; Alessia Miniutti (Gs Astra Quero) 800 e 1500 Allieve; Matteo Cesco (Gs Astra Quero) 200 Amatori A. <strong>Argento<\/strong>: Silvia Buogo (Polisportiva Santa Giustina), 1500 e 3 mila Allieve; Gina Zanella (Giocallena Atleticadore) 800 Amatori B; Barbara Da Ros (Giocallena Atleticadore) alto Amatori B; Maria Luisa Zanella (Giocallena Atleticadore) disco Juniores; Matteo Cesco (Gs Astra Quero) giavellotto e 400 Amatori A; Mattia Simeoni (Gs Astra Quero) 600 Ragazzi; Loris Miniutti (Gs Astra Quero) 800 Amatori A. <strong>Bronzo<\/strong>: Barbara Da Ros (Giocallena Atleticadore) lungo Amatori B; Alex Brusati (Polisportiva Santa Giustina) 5 mila Juniores; Angelica Balest (Polisportiva Santa Giustina) lungo Allieve; Silvia Barp (Polisportiva Santa Giustina) vortex Esordienti; Mathilda Mondin (Gs Astra Quero) 60 hs Ragazze.<\/p>\n\n\t\t\t<style type='text\/css'>\n\t\t\t\t#gallery-8 {\n\t\t\t\t\tmargin: auto;\n\t\t\t\t}\n\t\t\t\t#gallery-8 .gallery-item {\n\t\t\t\t\tfloat: left;\n\t\t\t\t\tmargin-top: 10px;\n\t\t\t\t\ttext-align: center;\n\t\t\t\t\twidth: 50%;\n\t\t\t\t}\n\t\t\t\t#gallery-8 img {\n\t\t\t\t\tborder: 2px solid #cfcfcf;\n\t\t\t\t}\n\t\t\t\t#gallery-8 .gallery-caption {\n\t\t\t\t\tmargin-left: 0;\n\t\t\t\t}\n\t\t\t\t\/* see gallery_shortcode() in wp-includes\/media.php *\/\n\t\t\t<\/style>\n\t\t<div id='gallery-8' class='dt-gallery-container gallery galleryid-352314 gallery-columns-2 gallery-size-thumbnail'><dl class='gallery-item'>\n\t\t\t\t<dt class='gallery-icon landscape'>\n\t\t\t\t\t<a class=\"rollover rollover-zoom dt-pswp-item\" title=\"gs astra quero - camp naz atletica - cles sett 2023\" data-dt-img-description=\"\" data-large_image_width=\"1024\" data-large_image_height=\"683\"href='https:\/\/www.radiopiu.net\/wordpress\/wp-content\/uploads\/2023\/09\/gs-astra-quero-camp-naz-atletica-cles-sett-2023.jpeg'><img loading=\"lazy\" decoding=\"async\" width=\"150\" height=\"150\" src=\"https:\/\/www.radiopiu.net\/wordpress\/wp-content\/uploads\/2023\/09\/gs-astra-quero-camp-naz-atletica-cles-sett-2023-150x150.jpeg\" class=\"attachment-thumbnail size-thumbnail\" alt=\"\" \/><\/a>\n\t\t\t\t<\/dt><\/dl><dl class='gallery-item'>\n\t\t\t\t<dt class='gallery-icon portrait'>\n\t\t\t\t\t<a class=\"rollover rollover-zoom dt-pswp-item\" title=\"polisportiva santa giustina cles - sett 2023 camp naz atletica\" data-dt-img-description=\"\" data-large_image_width=\"1200\" data-large_image_height=\"1600\"href='https:\/\/www.radiopiu.net\/wordpress\/wp-content\/uploads\/2023\/09\/polisportiva-santa-giustina-cles-sett-2023-camp-naz-atletica.jpeg'><img loading=\"lazy\" decoding=\"async\" width=\"150\" height=\"150\" src=\"https:\/\/www.radiopiu.net\/wordpress\/wp-content\/uploads\/2023\/09\/polisportiva-santa-giustina-cles-sett-2023-camp-naz-atletica-150x150.jpeg\" class=\"attachment-thumbnail size-thumbnail\" alt=\"\" \/><\/a>\n\t\t\t\t<\/dt><\/dl><br style=\"clear: both\" \/>\n\t\t\t<\/div>\n\n<p>&nbsp;<\/p>\n<p><span style=\"color: #0000ff;\"><strong>CORSA SU STRADA<\/strong><\/span><\/p>\n<blockquote>\n<h3>LA CORSA PODISTICA DEL CENTENEARIO DELL&#8217;AERONAUTICA MILITARE<\/h3>\n<\/blockquote>\n<p><strong><a class=\"dt-pswp-item\" href=\"https:\/\/www.radiopiu.net\/wordpress\/wp-content\/uploads\/2023\/09\/IMG-20230906-WA0005.jpg\" data-dt-img-description=\"\" data-large_image_width=\"1200\" data-large_image_height=\"628\"><img loading=\"lazy\" decoding=\"async\" class=\" wp-image-352385 alignleft\" src=\"https:\/\/www.radiopiu.net\/wordpress\/wp-content\/uploads\/2023\/09\/IMG-20230906-WA0005-300x157.jpg\" alt=\"\" width=\"168\" height=\"88\" srcset=\"https:\/\/www.radiopiu.net\/wordpress\/wp-content\/uploads\/2023\/09\/IMG-20230906-WA0005-300x157.jpg 300w, https:\/\/www.radiopiu.net\/wordpress\/wp-content\/uploads\/2023\/09\/IMG-20230906-WA0005-1024x536.jpg 1024w, https:\/\/www.radiopiu.net\/wordpress\/wp-content\/uploads\/2023\/09\/IMG-20230906-WA0005-768x402.jpg 768w, https:\/\/www.radiopiu.net\/wordpress\/wp-content\/uploads\/2023\/09\/IMG-20230906-WA0005.jpg 1200w\" sizes=\"auto, (max-width: 168px) 100vw, 168px\" \/><\/a>ISTRANA (TV) <\/strong>Si avvicina l\u2019appuntamento con la Corsa del Centenario dell\u2019 Aeronautica Militare presso l\u2019Aeroporto di Istrana, sede del 51\u00b0 Stormo Caccia. Domenica si svolger\u00e0 all\u2019interno dell\u2019aeroporto di Istrana\u00a0 la\u00a0 \u201ccorsa podistica del Centenario dell\u2019Aeronautica Militare\u201d. I podisti potranno cimentarsi in un corsa di 10 Km competitiva, omologata FIDAL, ed in una corsa non competitiva a passo libero di 10 o 6 Km. Il percorso si svilupper\u00e0 tutto all\u2019interno dell\u2019aeroporto, interessando anche la pista di volo. Per l\u2019occasione sar\u00e0 consegnata a tutti i partecipanti una maglia tecnica ed una medaglia, entrambe con il simbolo del centenario. La corsa, per motivi organizzativi, sar\u00e0 a numero chiuso e l\u2019iscrizione sar\u00e0 ancora possibile effettuarla al sito <a href=\"https:\/\/www.endu.net\/it\/events\/corsa-del-centenario-dellaeronautica-militare\/\">https:\/\/www.endu.net\/it\/events\/corsa-del-centenario-dellaeronautica-militare\/<\/a>, mentre per maggiori informazioni il sito di riferimento \u00e8: <a href=\"http:\/\/www.lamezzaditreviso.com\/\">www.lamezzaditreviso.com<\/a> o contattando il numero \u00a00422833777. Le iscrizioni si chiuderanno venerdi 15 settembre<\/p>\n<\/div>\n","protected":false},"excerpt":{"rendered":"<p>40esimo di RADIOPIU\u2026. LA VOCE DELL\u2019EMOZIONE ISCRIVITI AL NOSTRO CANALE\u00a0\u00a0YOUTUBE PER SEGUIRE IN DIRETTA I PRINCIPALI PROGRAMMI DI RADIO PIU\u2019 E LE FUTURE DIRETTE IN ESTERNA. PER ISCRIVERTI\u00a0CLICCA QUI\u00a0E PREMI\u00a0 \u201cIscriviti\u201d &nbsp; \u00a0 \u00a0 MANCATO SERVIZIO PER I CITTADINI. Chi risponder\u00e0 dei tanti disagi? Salter\u00e0 qualche testa? Saranno chiesti chiarimenti alla Provincia? Sapranno rispondere gli&hellip;<\/p>\n","protected":false},"author":4,"featured_media":352389,"comment_status":"closed","ping_status":"closed","sticky":false,"template":"","format":"standard","meta":{"_monsterinsights_skip_tracking":false,"_monsterinsights_sitenote_active":false,"_monsterinsights_sitenote_note":"","_monsterinsights_sitenote_category":0,"footnotes":""},"categories":[51,86,49],"tags":[],"class_list":["post-352314","post","type-post","status-publish","format-standard","has-post-thumbnail","hentry","category-evidenza-top","category-gr","category-news-18","category-51","category-86","category-49","description-off"],"img_url":"https:\/\/www.radiopiu.net\/wordpress\/wp-content\/uploads\/2023\/09\/Saluto-sindaco-alla-Rocca-2.jpg","_links":{"self":[{"href":"https:\/\/www.radiopiu.net\/wordpress\/wp-json\/wp\/v2\/posts\/352314","targetHints":{"allow":["GET"]}}],"collection":[{"href":"https:\/\/www.radiopiu.net\/wordpress\/wp-json\/wp\/v2\/posts"}],"about":[{"href":"https:\/\/www.radiopiu.net\/wordpress\/wp-json\/wp\/v2\/types\/post"}],"author":[{"embeddable":true,"href":"https:\/\/www.radiopiu.net\/wordpress\/wp-json\/wp\/v2\/users\/4"}],"replies":[{"embeddable":true,"href":"https:\/\/www.radiopiu.net\/wordpress\/wp-json\/wp\/v2\/comments?post=352314"}],"version-history":[{"count":0,"href":"https:\/\/www.radiopiu.net\/wordpress\/wp-json\/wp\/v2\/posts\/352314\/revisions"}],"wp:featuredmedia":[{"embeddable":true,"href":"https:\/\/www.radiopiu.net\/wordpress\/wp-json\/wp\/v2\/media\/352389"}],"wp:attachment":[{"href":"https:\/\/www.radiopiu.net\/wordpress\/wp-json\/wp\/v2\/media?parent=352314"}],"wp:term":[{"taxonomy":"category","embeddable":true,"href":"https:\/\/www.radiopiu.net\/wordpress\/wp-json\/wp\/v2\/categories?post=352314"},{"taxonomy":"post_tag","embeddable":true,"href":"https:\/\/www.radiopiu.net\/wordpress\/wp-json\/wp\/v2\/tags?post=352314"}],"curies":[{"name":"wp","href":"https:\/\/api.w.org\/{rel}","templated":true}]}}