{"id":352319,"date":"2023-09-14T05:18:59","date_gmt":"2023-09-14T03:18:59","guid":{"rendered":"https:\/\/www.radiopiu.net\/wordpress\/?p=352319"},"modified":"2023-09-14T06:35:54","modified_gmt":"2023-09-14T04:35:54","slug":"liber-il-nuovo-programma-di-liana-cavalet-la-raccolta","status":"publish","type":"post","link":"https:\/\/www.radiopiu.net\/wordpress\/liber-il-nuovo-programma-di-liana-cavalet-la-raccolta\/","title":{"rendered":"LIBER, IL NUOVO PROGRAMMA DI LIANA CAVALET &#8211; LA RACCOLTA"},"content":{"rendered":"<p><a class=\"dt-pswp-item\" href=\"https:\/\/www.radiopiu.net\/wordpress\/wp-content\/uploads\/2023\/09\/LIBRO.jpg\" data-dt-img-description=\"\" data-large_image_width=\"1280\" data-large_image_height=\"854\"><img loading=\"lazy\" decoding=\"async\" class=\" wp-image-352342 alignleft\" src=\"https:\/\/www.radiopiu.net\/wordpress\/wp-content\/uploads\/2023\/09\/LIBRO-300x200.jpg\" alt=\"\" width=\"176\" height=\"117\" srcset=\"https:\/\/www.radiopiu.net\/wordpress\/wp-content\/uploads\/2023\/09\/LIBRO-300x200.jpg 300w, https:\/\/www.radiopiu.net\/wordpress\/wp-content\/uploads\/2023\/09\/LIBRO-1024x683.jpg 1024w, https:\/\/www.radiopiu.net\/wordpress\/wp-content\/uploads\/2023\/09\/LIBRO-768x512.jpg 768w, https:\/\/www.radiopiu.net\/wordpress\/wp-content\/uploads\/2023\/09\/LIBRO.jpg 1280w\" sizes=\"auto, (max-width: 176px) 100vw, 176px\" \/><\/a>Nuovo programma sulle frequenze di Radio Pi\u00f9. Liber, la nuova rubrica di Radio Pi\u00f9 perch\u00e9 \u00e8 veramente \u201clibero\u201d chi si perde in un \u201clibro\u201d.<b> <\/b>Liber per farci rapire dai libri con Liana.<\/p>\n<p>&nbsp;<\/p>\n<p>&nbsp;<\/p>\n<p>&nbsp;<\/p>\n<p><strong>PUNTATA 1 &#8211; 13 SETTEMBRE 2023<\/strong><\/p>\n<audio class=\"wp-audio-shortcode\" id=\"audio-352319-1\" preload=\"none\" style=\"width: 100%;\" controls=\"controls\"><source type=\"audio\/mpeg\" src=\"https:\/\/www.radiopiu.net\/wordpress\/wp-content\/uploads\/2023\/09\/LIANA.mp3?_=1\" \/><a href=\"https:\/\/www.radiopiu.net\/wordpress\/wp-content\/uploads\/2023\/09\/LIANA.mp3\">https:\/\/www.radiopiu.net\/wordpress\/wp-content\/uploads\/2023\/09\/LIANA.mp3<\/a><\/audio>\n<p>&nbsp;<\/p>\n<p>&nbsp;<\/p>\n<p>*******<\/p>\n","protected":false},"excerpt":{"rendered":"<p>Nuovo programma sulle frequenze di Radio Pi\u00f9. Liber, la nuova rubrica di Radio Pi\u00f9 perch\u00e9 \u00e8 veramente \u201clibero\u201d chi si perde in un \u201clibro\u201d. Liber per farci rapire dai libri con Liana. &nbsp; &nbsp; &nbsp; PUNTATA 1 &#8211; 13 SETTEMBRE 2023 &nbsp; &nbsp; *******<\/p>\n","protected":false},"author":4,"featured_media":352342,"comment_status":"closed","ping_status":"closed","sticky":false,"template":"","format":"standard","meta":{"_monsterinsights_skip_tracking":false,"_monsterinsights_sitenote_active":false,"_monsterinsights_sitenote_note":"","_monsterinsights_sitenote_category":0,"footnotes":""},"categories":[51,49],"tags":[],"class_list":["post-352319","post","type-post","status-publish","format-standard","has-post-thumbnail","hentry","category-evidenza-top","category-news-18","category-51","category-49","description-off"],"img_url":"https:\/\/www.radiopiu.net\/wordpress\/wp-content\/uploads\/2023\/09\/LIBRO.jpg","_links":{"self":[{"href":"https:\/\/www.radiopiu.net\/wordpress\/wp-json\/wp\/v2\/posts\/352319","targetHints":{"allow":["GET"]}}],"collection":[{"href":"https:\/\/www.radiopiu.net\/wordpress\/wp-json\/wp\/v2\/posts"}],"about":[{"href":"https:\/\/www.radiopiu.net\/wordpress\/wp-json\/wp\/v2\/types\/post"}],"author":[{"embeddable":true,"href":"https:\/\/www.radiopiu.net\/wordpress\/wp-json\/wp\/v2\/users\/4"}],"replies":[{"embeddable":true,"href":"https:\/\/www.radiopiu.net\/wordpress\/wp-json\/wp\/v2\/comments?post=352319"}],"version-history":[{"count":0,"href":"https:\/\/www.radiopiu.net\/wordpress\/wp-json\/wp\/v2\/posts\/352319\/revisions"}],"wp:featuredmedia":[{"embeddable":true,"href":"https:\/\/www.radiopiu.net\/wordpress\/wp-json\/wp\/v2\/media\/352342"}],"wp:attachment":[{"href":"https:\/\/www.radiopiu.net\/wordpress\/wp-json\/wp\/v2\/media?parent=352319"}],"wp:term":[{"taxonomy":"category","embeddable":true,"href":"https:\/\/www.radiopiu.net\/wordpress\/wp-json\/wp\/v2\/categories?post=352319"},{"taxonomy":"post_tag","embeddable":true,"href":"https:\/\/www.radiopiu.net\/wordpress\/wp-json\/wp\/v2\/tags?post=352319"}],"curies":[{"name":"wp","href":"https:\/\/api.w.org\/{rel}","templated":true}]}}