{"id":352394,"date":"2023-09-14T05:33:01","date_gmt":"2023-09-14T03:33:01","guid":{"rendered":"https:\/\/www.radiopiu.net\/wordpress\/?p=352394"},"modified":"2023-09-14T06:37:34","modified_gmt":"2023-09-14T04:37:34","slug":"dillo-a-radio-piu-roberto-mosca-la-provincia-di-belluno-non-e-in-agonia-peggio","status":"publish","type":"post","link":"https:\/\/www.radiopiu.net\/wordpress\/dillo-a-radio-piu-roberto-mosca-la-provincia-di-belluno-non-e-in-agonia-peggio\/","title":{"rendered":"DILLO A RADIO PIU&#8217;&#8230;ROBERTO MOSCA: LA PROVINCIA DI BELLUNO NON E&#8217; IN AGONIA, PEGGIO"},"content":{"rendered":"<p><strong><a class=\"dt-pswp-item\" href=\"https:\/\/www.radiopiu.net\/wordpress\/wp-content\/uploads\/2020\/06\/80c303ed-9a2e-49f0-8b20-3dd5e061bbf3.jpg\" data-dt-img-description=\"\" data-large_image_width=\"1280\" data-large_image_height=\"960\"><img loading=\"lazy\" decoding=\"async\" class=\" wp-image-145520 alignleft\" src=\"https:\/\/www.radiopiu.net\/wordpress\/wp-content\/uploads\/2020\/06\/80c303ed-9a2e-49f0-8b20-3dd5e061bbf3-300x225.jpg\" alt=\"\" width=\"175\" height=\"131\" srcset=\"https:\/\/www.radiopiu.net\/wordpress\/wp-content\/uploads\/2020\/06\/80c303ed-9a2e-49f0-8b20-3dd5e061bbf3-300x225.jpg 300w, https:\/\/www.radiopiu.net\/wordpress\/wp-content\/uploads\/2020\/06\/80c303ed-9a2e-49f0-8b20-3dd5e061bbf3-1024x768.jpg 1024w, https:\/\/www.radiopiu.net\/wordpress\/wp-content\/uploads\/2020\/06\/80c303ed-9a2e-49f0-8b20-3dd5e061bbf3-768x576.jpg 768w, https:\/\/www.radiopiu.net\/wordpress\/wp-content\/uploads\/2020\/06\/80c303ed-9a2e-49f0-8b20-3dd5e061bbf3.jpg 1280w\" sizes=\"auto, (max-width: 175px) 100vw, 175px\" \/><\/a>Riceviamo e pubblichiamo<\/strong><\/p>\n<p>Si prenda atto che il trasporto pubblico in provincia di Belluno non \u00e8 in agonia ma \u00e8 morto. Non si dica che i disagi sono ovunque poich\u00e9 ad esempio nel trevigiano la copertura delle corse urbane ed extraurbane \u00e8 sempre garantita con una cadenza di mezz\u2019ora, ma \u00e8 un discorso ad ampio spettro non solo il contesto della Dolomiti Bus La Provincia di Belluno \u00e8 una conformazione dei paesi &#8220;dormitorio&#8221; e di un tessuto sociale in via di disgregazione perch\u00e8 i giovani che rimangono non hanno luoghi d&#8217;incontro. Alla riduzione dei servizi pubblici (poste, trasporti) va registrata la presenza sempre pi\u00f9 esigua in alcune aree di un turismo &#8220;mordi e fuggi&#8221; con un costo della vita sempre pi\u00f9 alto&#8230; Ditelo a coloro che si scagliano contro lo spopolamento. Si salvi chi pu\u00f2&#8230;.<\/p>\n<p>Roberto Mosca<\/p>\n<p>&nbsp;<\/p>\n<p>&nbsp;<\/p>\n<p>*********<\/p>\n","protected":false},"excerpt":{"rendered":"<p>Riceviamo e pubblichiamo Si prenda atto che il trasporto pubblico in provincia di Belluno non \u00e8 in agonia ma \u00e8 morto. Non si dica che i disagi sono ovunque poich\u00e9 ad esempio nel trevigiano la copertura delle corse urbane ed extraurbane \u00e8 sempre garantita con una cadenza di mezz\u2019ora, ma \u00e8 un discorso ad ampio&hellip;<\/p>\n","protected":false},"author":4,"featured_media":145520,"comment_status":"closed","ping_status":"closed","sticky":false,"template":"","format":"standard","meta":{"_monsterinsights_skip_tracking":false,"_monsterinsights_sitenote_active":false,"_monsterinsights_sitenote_note":"","_monsterinsights_sitenote_category":0,"footnotes":""},"categories":[51,49],"tags":[],"class_list":["post-352394","post","type-post","status-publish","format-standard","has-post-thumbnail","hentry","category-evidenza-top","category-news-18","category-51","category-49","description-off"],"img_url":"https:\/\/www.radiopiu.net\/wordpress\/wp-content\/uploads\/2020\/06\/80c303ed-9a2e-49f0-8b20-3dd5e061bbf3.jpg","_links":{"self":[{"href":"https:\/\/www.radiopiu.net\/wordpress\/wp-json\/wp\/v2\/posts\/352394","targetHints":{"allow":["GET"]}}],"collection":[{"href":"https:\/\/www.radiopiu.net\/wordpress\/wp-json\/wp\/v2\/posts"}],"about":[{"href":"https:\/\/www.radiopiu.net\/wordpress\/wp-json\/wp\/v2\/types\/post"}],"author":[{"embeddable":true,"href":"https:\/\/www.radiopiu.net\/wordpress\/wp-json\/wp\/v2\/users\/4"}],"replies":[{"embeddable":true,"href":"https:\/\/www.radiopiu.net\/wordpress\/wp-json\/wp\/v2\/comments?post=352394"}],"version-history":[{"count":0,"href":"https:\/\/www.radiopiu.net\/wordpress\/wp-json\/wp\/v2\/posts\/352394\/revisions"}],"wp:featuredmedia":[{"embeddable":true,"href":"https:\/\/www.radiopiu.net\/wordpress\/wp-json\/wp\/v2\/media\/145520"}],"wp:attachment":[{"href":"https:\/\/www.radiopiu.net\/wordpress\/wp-json\/wp\/v2\/media?parent=352394"}],"wp:term":[{"taxonomy":"category","embeddable":true,"href":"https:\/\/www.radiopiu.net\/wordpress\/wp-json\/wp\/v2\/categories?post=352394"},{"taxonomy":"post_tag","embeddable":true,"href":"https:\/\/www.radiopiu.net\/wordpress\/wp-json\/wp\/v2\/tags?post=352394"}],"curies":[{"name":"wp","href":"https:\/\/api.w.org\/{rel}","templated":true}]}}