{"id":352428,"date":"2023-09-14T05:36:52","date_gmt":"2023-09-14T03:36:52","guid":{"rendered":"https:\/\/www.radiopiu.net\/wordpress\/?p=352428"},"modified":"2023-09-14T06:53:18","modified_gmt":"2023-09-14T04:53:18","slug":"dolomitibus-naviga-a-vista-e-promette-informazione-tecnologica-anche-se-la-signora-claruzza-da-davedino-non-dispone-di-internet","status":"publish","type":"post","link":"https:\/\/www.radiopiu.net\/wordpress\/dolomitibus-naviga-a-vista-e-promette-informazione-tecnologica-anche-se-la-signora-claruzza-da-davedino-non-dispone-di-internet\/","title":{"rendered":"DOLOMITIBUS NAVIGA A VISTA E PROMETTE INFORMAZIONE TECNOLOGICA, ANCHE SE LA SIGNORA CLARUZZA DA DAVEDINO NON DISPONE DI INTERNET"},"content":{"rendered":"<blockquote>\n<h1 class=\"ContentPasted0\">Emergenza autisti, Dolomiti Bus spa al lavoro per ridurre i disagi<\/h1>\n<\/blockquote>\n<p class=\"ContentPasted0\"><em>In questa fase transitoria, giorno per giorno, saranno indicate le corse attualmente non garantite, saranno comunicate via social&#8230;\u00a0<\/em><\/p>\n<p class=\"ContentPasted0\"><strong><a class=\"dt-pswp-item\" href=\"https:\/\/www.radiopiu.net\/wordpress\/wp-content\/uploads\/2021\/10\/a5792cee-db5f-4f4a-afa5-a85dadab0967.jpg\" data-dt-img-description=\"\" data-large_image_width=\"1599\" data-large_image_height=\"899\"><img loading=\"lazy\" decoding=\"async\" class=\"size-medium wp-image-237487 alignleft\" src=\"https:\/\/www.radiopiu.net\/wordpress\/wp-content\/uploads\/2021\/10\/a5792cee-db5f-4f4a-afa5-a85dadab0967-300x169.jpg\" alt=\"\" width=\"300\" height=\"169\" srcset=\"https:\/\/www.radiopiu.net\/wordpress\/wp-content\/uploads\/2021\/10\/a5792cee-db5f-4f4a-afa5-a85dadab0967-300x169.jpg 300w, https:\/\/www.radiopiu.net\/wordpress\/wp-content\/uploads\/2021\/10\/a5792cee-db5f-4f4a-afa5-a85dadab0967-1024x576.jpg 1024w, https:\/\/www.radiopiu.net\/wordpress\/wp-content\/uploads\/2021\/10\/a5792cee-db5f-4f4a-afa5-a85dadab0967-768x432.jpg 768w, https:\/\/www.radiopiu.net\/wordpress\/wp-content\/uploads\/2021\/10\/a5792cee-db5f-4f4a-afa5-a85dadab0967-1536x864.jpg 1536w, https:\/\/www.radiopiu.net\/wordpress\/wp-content\/uploads\/2021\/10\/a5792cee-db5f-4f4a-afa5-a85dadab0967.jpg 1599w\" sizes=\"auto, (max-width: 300px) 100vw, 300px\" \/><\/a>BELLUNO<\/strong> Continua l\u2019emergenza autisti per il trasporto pubblico locale. Nel primo giorno di scuola Dolomiti Bus spa \u00e8 riuscita a garantire tutte le corse che riguardano il trasporto scolastico, negli orari chiave per gli studenti nel tragitto casa-scuola-casa. E far\u00e0 lo stesso nei prossimi giorni, assicurando il servizio per una fascia particolare dell\u2019utenza.<span class=\"Apple-converted-space ContentPasted0\"> \u00a0<\/span>Al momento l\u2019azienda sta lavorando per coprire tutte le tratte, facendo fronte alla carenza di autisti anche richiamando al volante meccanici e altri dipendenti amministrativi provvisti di patente e titoli Cqc. Proprio per questo si \u00e8 trovata costretta a non garantire alcune corse nella giornata odierna, concentrandole negli orari di morbida e nelle tratte meno frequentate. Con lo stesso meccanismo intende operare nei prossimi giorni, cercando di ridurre il pi\u00f9 possibile disagi che sono inevitabili in una situazione emergenziale.\u00a0 Nel frattempo l\u2019azienda sta lavorando anche per far rientrare il problema della carenza degli autisti, nell\u2019auspicio di poter tornare alla normalit\u00e0 del servizio nel minor tempo possibile, consapevole per\u00f2 che in tutta Italia, ed in particolare al nord, si \u00e8 registrata una forte contrazione della forza lavoro nel comparto del trasporto pubblico.<\/p>\n<p>&nbsp;<\/p>\n","protected":false},"excerpt":{"rendered":"<p>Emergenza autisti, Dolomiti Bus spa al lavoro per ridurre i disagi In questa fase transitoria, giorno per giorno, saranno indicate le corse attualmente non garantite, saranno comunicate via social&#8230;\u00a0 BELLUNO Continua l\u2019emergenza autisti per il trasporto pubblico locale. Nel primo giorno di scuola Dolomiti Bus spa \u00e8 riuscita a garantire tutte le corse che riguardano&hellip;<\/p>\n","protected":false},"author":4,"featured_media":145520,"comment_status":"closed","ping_status":"closed","sticky":false,"template":"","format":"standard","meta":{"_monsterinsights_skip_tracking":false,"_monsterinsights_sitenote_active":false,"_monsterinsights_sitenote_note":"","_monsterinsights_sitenote_category":0,"footnotes":""},"categories":[51,49],"tags":[],"class_list":["post-352428","post","type-post","status-publish","format-standard","has-post-thumbnail","hentry","category-evidenza-top","category-news-18","category-51","category-49","description-off"],"img_url":"https:\/\/www.radiopiu.net\/wordpress\/wp-content\/uploads\/2020\/06\/80c303ed-9a2e-49f0-8b20-3dd5e061bbf3.jpg","_links":{"self":[{"href":"https:\/\/www.radiopiu.net\/wordpress\/wp-json\/wp\/v2\/posts\/352428","targetHints":{"allow":["GET"]}}],"collection":[{"href":"https:\/\/www.radiopiu.net\/wordpress\/wp-json\/wp\/v2\/posts"}],"about":[{"href":"https:\/\/www.radiopiu.net\/wordpress\/wp-json\/wp\/v2\/types\/post"}],"author":[{"embeddable":true,"href":"https:\/\/www.radiopiu.net\/wordpress\/wp-json\/wp\/v2\/users\/4"}],"replies":[{"embeddable":true,"href":"https:\/\/www.radiopiu.net\/wordpress\/wp-json\/wp\/v2\/comments?post=352428"}],"version-history":[{"count":0,"href":"https:\/\/www.radiopiu.net\/wordpress\/wp-json\/wp\/v2\/posts\/352428\/revisions"}],"wp:featuredmedia":[{"embeddable":true,"href":"https:\/\/www.radiopiu.net\/wordpress\/wp-json\/wp\/v2\/media\/145520"}],"wp:attachment":[{"href":"https:\/\/www.radiopiu.net\/wordpress\/wp-json\/wp\/v2\/media?parent=352428"}],"wp:term":[{"taxonomy":"category","embeddable":true,"href":"https:\/\/www.radiopiu.net\/wordpress\/wp-json\/wp\/v2\/categories?post=352428"},{"taxonomy":"post_tag","embeddable":true,"href":"https:\/\/www.radiopiu.net\/wordpress\/wp-json\/wp\/v2\/tags?post=352428"}],"curies":[{"name":"wp","href":"https:\/\/api.w.org\/{rel}","templated":true}]}}