{"id":352453,"date":"2023-09-14T05:39:32","date_gmt":"2023-09-14T03:39:32","guid":{"rendered":"https:\/\/www.radiopiu.net\/wordpress\/?p=352453"},"modified":"2023-09-14T06:25:06","modified_gmt":"2023-09-14T04:25:06","slug":"impiccati-o-prostituisciti-genitori-a-processo","status":"publish","type":"post","link":"https:\/\/www.radiopiu.net\/wordpress\/impiccati-o-prostituisciti-genitori-a-processo\/","title":{"rendered":"&#8220;IMPICCATI O PROSTITUISCITI&#8221; GENITORI A PROCESSO"},"content":{"rendered":"<div class=\"flex-1 overflow-hidden\">\n<div class=\"react-scroll-to-bottom--css-amixv-79elbk h-full dark:bg-gray-800\">\n<div class=\"react-scroll-to-bottom--css-amixv-1n7m0yu\">\n<div class=\"flex flex-col text-sm dark:bg-gray-800\">\n<div class=\"group w-full text-token-text-primary border-b border-black\/10 dark:border-gray-900\/50 bg-gray-50 dark:bg-[#444654]\" data-testid=\"conversation-turn-3\">\n<div class=\"p-4 justify-center text-base md:gap-6 md:py-6 m-auto\">\n<div class=\"flex flex-1 gap-4 text-base mx-auto md:gap-6 md:max-w-2xl lg:max-w-[38rem] xl:max-w-3xl }\">\n<div class=\"relative flex w-[calc(100%-50px)] flex-col gap-1 md:gap-3 lg:w-[calc(100%-115px)]\">\n<div class=\"flex flex-grow flex-col gap-3 max-w-full\">\n<div class=\"min-h-[20px] flex flex-col items-start gap-3 overflow-x-auto whitespace-pre-wrap break-words\">\n<div class=\"markdown prose w-full break-words dark:prose-invert light\">\n<p><strong>Oggi sul Corriere delle Alpi<\/strong><\/p>\n<p><strong>di GIGI SOSSO<\/strong><\/p>\n<p>&nbsp;<\/p>\n<p><strong><a class=\"dt-pswp-item\" href=\"https:\/\/www.radiopiu.net\/wordpress\/wp-content\/uploads\/2023\/09\/AAA-1.png\" data-dt-img-description=\"\" data-large_image_width=\"544\" data-large_image_height=\"251\"><img loading=\"lazy\" decoding=\"async\" class=\"size-medium wp-image-352454 alignleft\" src=\"https:\/\/www.radiopiu.net\/wordpress\/wp-content\/uploads\/2023\/09\/AAA-1-300x138.png\" alt=\"\" width=\"300\" height=\"138\" srcset=\"https:\/\/www.radiopiu.net\/wordpress\/wp-content\/uploads\/2023\/09\/AAA-1-300x138.png 300w, https:\/\/www.radiopiu.net\/wordpress\/wp-content\/uploads\/2023\/09\/AAA-1.png 544w\" sizes=\"auto, (max-width: 300px) 100vw, 300px\" \/><\/a>REDAZIONE<\/strong> L&#8217;articolo riporta il caso di un padre di famiglia di Belluno accusato di maltrattare fisicamente, psicologicamente e moralmente sua figlia minore, con l&#8217;apparente complicit\u00e0 della moglie. I genitori sono sotto processo per maltrattamenti aggravati in concorso, e la loro unica speranza di ottenere una riduzione della pena \u00e8 partecipare a un programma del Centro di giustizia riparativa. La giovane vittima, ora quindicenne, \u00e8 assistita da un assistente sociale ed \u00e8 rappresentata legalmente da un curatore speciale nominato dal Tribunale dei Minori. Secondo l&#8217;accusa, i maltrattamenti sono iniziati quando aveva sei anni e hanno causato gravi angosce, spingendola a comportamenti autolesionistici. Il padre avrebbe insultato la ragazza e la avrebbe invitata pi\u00f9 volte a &#8220;impiccarsi&#8221; o a &#8220;prostituirsi&#8221;. Inoltre, avrebbe usato violenza fisica nei suoi confronti. Entrambi i genitori avrebbero anche privato i figli del cibo in pi\u00f9 occasioni e distrutto oggetti in casa. Il processo inizier\u00e0 il 17 aprile, mentre i genitori avvieranno un percorso con gli psicologi per comprendere la gravit\u00e0 delle loro azioni e cercare una riduzione della pena attraverso i loro avvocati<\/p>\n<\/div>\n<\/div>\n<\/div>\n<\/div>\n<\/div>\n<\/div>\n<\/div>\n<\/div>\n<\/div>\n<\/div>\n<\/div>\n<p>&nbsp;<\/p>\n<p><strong>INOLTRE OGGI SUL CORRIERE DELLE ALPI<\/strong><\/p>\n<div id=\"articleContent\" class=\"mercuryWrapper\">\n<div class=\"mercuryScroller\">\n<div class=\"mercuryElement\">\n<div class=\"mercuryBox\">\n<div id=\"articlePlain\">\n<div class=\"articlePlainTitle\"><strong><span style=\"color: #ff0000;\">Palpeggiata in piazza Aggressore a giudizio:<\/span> episodio che risale allo scorso anno. Presentata la querela. Il processo dal prossimo marzo<\/strong><\/div>\n<\/div>\n<div class=\"addthis_sharing_toolbox\" data-url=\"http:\/\/sfoglio.corrierealpi.gelocal.it\/share_article.php?article_id=undefined\" data-title=\"Palpeggiata in piazza Aggressore a giudizio\"><strong><span style=\"color: #ff0000;\">Minaccia di tagliare la gola alla compagna e figlioletto:<\/span> <span style=\"color: #000000;\">Tra il 2021 e il 2022 il cadorino terrorizzava la compagna. Il pubblico Ministero Roberta Gallego dopo la denuncia lo ha rinviato a giudizio. Il dibattimento aperto ieri dall&#8217;udienza filtro continuer\u00e0 a febbraio.<\/span><\/strong><\/div>\n<div data-url=\"http:\/\/sfoglio.corrierealpi.gelocal.it\/share_article.php?article_id=undefined\" data-title=\"Palpeggiata in piazza Aggressore a giudizio\"><\/div>\n<div id=\"articlePlain\">\n<div class=\"articlePlainText\"><\/div>\n<\/div>\n<\/div>\n<\/div>\n<\/div>\n<\/div>\n<p>&nbsp;<\/p>\n<p>&nbsp;<\/p>\n<hr \/>\n<div class=\"flex-1 overflow-hidden\">\n<div class=\"react-scroll-to-bottom--css-amixv-79elbk h-full dark:bg-gray-800\">\n<div class=\"react-scroll-to-bottom--css-amixv-1n7m0yu\">\n<div class=\"flex flex-col text-sm dark:bg-gray-800\">\n<div class=\"group w-full text-token-text-primary border-b border-black\/10 dark:border-gray-900\/50 bg-gray-50 dark:bg-[#444654]\" data-testid=\"conversation-turn-3\">\n<div class=\"p-4 justify-center text-base md:gap-6 md:py-6 m-auto\">\n<div class=\"flex flex-1 gap-4 text-base mx-auto md:gap-6 md:max-w-2xl lg:max-w-[38rem] xl:max-w-3xl }\">\n<div class=\"relative flex w-[calc(100%-50px)] flex-col gap-1 md:gap-3 lg:w-[calc(100%-115px)]\">\n<div class=\"flex justify-between lg:block\">\n<div class=\"text-xs flex items-center justify-center gap-1 self-center pt-2 !invisible\"><\/div>\n<\/div>\n<\/div>\n<\/div>\n<\/div>\n<\/div>\n<\/div>\n<\/div>\n<\/div>\n<\/div>\n<div class=\"absolute bottom-0 left-0 w-full border-t md:border-t-0 dark:border-white\/20 md:border-transparent md:dark:border-transparent md:bg-vert-light-gradient bg-white dark:bg-gray-800 md:!bg-transparent dark:md:bg-vert-dark-gradient pt-2 md:pl-2 md:w-[calc(100%-.5rem)]\">\n<form class=\"stretch mx-2 flex flex-row gap-3 last:mb-2 md:mx-4 md:last:mb-6 lg:mx-auto lg:max-w-2xl xl:max-w-3xl\">\n<div class=\"relative flex h-full flex-1 items-stretch md:flex-col\">\n<div>\n<div class=\"h-full flex ml-1 md:w-full md:m-auto md:mb-4 gap-0 md:gap-2 justify-center\"><\/div>\n<\/div>\n<\/div>\n<\/form>\n<\/div>\n","protected":false},"excerpt":{"rendered":"<p>Oggi sul Corriere delle Alpi di GIGI SOSSO &nbsp; REDAZIONE L&#8217;articolo riporta il caso di un padre di famiglia di Belluno accusato di maltrattare fisicamente, psicologicamente e moralmente sua figlia minore, con l&#8217;apparente complicit\u00e0 della moglie. I genitori sono sotto processo per maltrattamenti aggravati in concorso, e la loro unica speranza di ottenere una riduzione&hellip;<\/p>\n","protected":false},"author":4,"featured_media":352454,"comment_status":"closed","ping_status":"closed","sticky":false,"template":"","format":"standard","meta":{"_monsterinsights_skip_tracking":false,"_monsterinsights_sitenote_active":false,"_monsterinsights_sitenote_note":"","_monsterinsights_sitenote_category":0,"footnotes":""},"categories":[51,49],"tags":[],"class_list":["post-352453","post","type-post","status-publish","format-standard","has-post-thumbnail","hentry","category-evidenza-top","category-news-18","category-51","category-49","description-off"],"img_url":"https:\/\/www.radiopiu.net\/wordpress\/wp-content\/uploads\/2023\/09\/AAA-1.png","_links":{"self":[{"href":"https:\/\/www.radiopiu.net\/wordpress\/wp-json\/wp\/v2\/posts\/352453","targetHints":{"allow":["GET"]}}],"collection":[{"href":"https:\/\/www.radiopiu.net\/wordpress\/wp-json\/wp\/v2\/posts"}],"about":[{"href":"https:\/\/www.radiopiu.net\/wordpress\/wp-json\/wp\/v2\/types\/post"}],"author":[{"embeddable":true,"href":"https:\/\/www.radiopiu.net\/wordpress\/wp-json\/wp\/v2\/users\/4"}],"replies":[{"embeddable":true,"href":"https:\/\/www.radiopiu.net\/wordpress\/wp-json\/wp\/v2\/comments?post=352453"}],"version-history":[{"count":0,"href":"https:\/\/www.radiopiu.net\/wordpress\/wp-json\/wp\/v2\/posts\/352453\/revisions"}],"wp:featuredmedia":[{"embeddable":true,"href":"https:\/\/www.radiopiu.net\/wordpress\/wp-json\/wp\/v2\/media\/352454"}],"wp:attachment":[{"href":"https:\/\/www.radiopiu.net\/wordpress\/wp-json\/wp\/v2\/media?parent=352453"}],"wp:term":[{"taxonomy":"category","embeddable":true,"href":"https:\/\/www.radiopiu.net\/wordpress\/wp-json\/wp\/v2\/categories?post=352453"},{"taxonomy":"post_tag","embeddable":true,"href":"https:\/\/www.radiopiu.net\/wordpress\/wp-json\/wp\/v2\/tags?post=352453"}],"curies":[{"name":"wp","href":"https:\/\/api.w.org\/{rel}","templated":true}]}}