{"id":352478,"date":"2023-09-14T07:55:35","date_gmt":"2023-09-14T05:55:35","guid":{"rendered":"https:\/\/www.radiopiu.net\/wordpress\/?p=352478"},"modified":"2023-09-14T07:58:38","modified_gmt":"2023-09-14T05:58:38","slug":"dal-1983-loriginale-la-rassegna-stampa-locale-di-mirko-mezzacasa-4","status":"publish","type":"post","link":"https:\/\/www.radiopiu.net\/wordpress\/dal-1983-loriginale-la-rassegna-stampa-locale-di-mirko-mezzacasa-4\/","title":{"rendered":"DAL 1983 L&#8217;ORIGINALE. la rassegna stampa locale di mirko mezzacasa"},"content":{"rendered":"<p><iframe loading=\"lazy\" title=\"RASSEGNA STAMPA LOCALE\" width=\"1200\" height=\"675\" src=\"https:\/\/www.youtube.com\/embed\/54YhsvjpZZY?feature=oembed\" frameborder=\"0\" allow=\"accelerometer; autoplay; clipboard-write; encrypted-media; gyroscope; picture-in-picture; web-share\" allowfullscreen><\/iframe><\/p>\n<p>DOLOMITIBUS che delusione. OGGI 39 BUS IN MENO, CRESCE IL MALUMORE TRA GLI UTENTI DELL\u2019AZIENDA DI TRASPORTO BELLUNESE. PRIMA MAZZIATI DAGLI AUMENTI ED ORA BEFFATI DAI COLPI DI SPUGNA.<br \/>\nCARA DOLOMITIBUS\u2026 AUMENTANO I COSTI E DIMINUISCONO I SERVIZI. \u201cE\u2019 COSI\u2019 CHE SI FANNO UTILI\u201d<br \/>\nMANCATO SERVIZIO PER I CITTADINI. Chi risponder\u00e0 dei tanti disagi? Salter\u00e0 qualche testa? Saranno chiesti chiarimenti alla Provincia? Sapranno rispondere gli attuali amministratori o faranno spallucce in attesa delle prossime elezioni tra sindaci?<br \/>\nInsomma qualcuno risponder\u00e0 di quanto sta accadendo sul territorio? Ad oggi le uniche prese di posizione arrivano dalla politica, quella in minoranza, ovvero solo il PD che non \u00e8 al governo n\u00e8 in Provincia, n\u00e8 in Regione. Ma il Pd almeno ha avuto il coraggio di puntare il dito contro tutto e tutti&#8230; e il resto della politica? E le associazioni dei consumatori?<br \/>\nSI RIAFFACCIA IL COVID, L\u2019ULSS DOLOMITI TRANQUILLIZZA \u201cNON SIAMO NELL\u2019EMERGENZA\u201d<br \/>\nLIMANA E\u2019 morto Bruno De Paris, aveva 56 anni, volto noto in sinistra Piave, gi\u00e0 presidente degli Zater di calcio a 5, professionista attivo nell\u2019ordine degli ingegneri. Non si conoscere la data dei funerali, sar\u00e0 decisa in giornata.<br \/>\nCONTENZIOSO PER MALGA CALEDA, MERCOLEDI L\u2019UDIENZA AL TAR<br \/>\nPalpeggiata in piazza Aggressore a giudizio: episodio che risale allo scorso anno. Presentata la querela. Il processo dal prossimo marzo<br \/>\nMinaccia di tagliare la gola alla compagna e figlioletto: Tra il 2021 e il 2022 il cadorino terrorizzava la compagna. Il pubblico Ministero Roberta Gallego dopo la denuncia lo ha rinviato a giudizio. Il dibattimento aperto ieri dall\u2019udienza filtro continuer\u00e0 a febbraio.<br \/>\nIMPICCATI O PROSTITUISCITI\u201d GENITORI A PROCESSO<br \/>\nOggi sul Corriere delle Alpi di GIGI SOSSO L\u2019articolo riporta il caso di un padre di famiglia di Belluno accusato di maltrattare fisicamente, psicologicamente e moralmente sua figlia minore, con l\u2019apparente complicit\u00e0 della moglie<br \/>\nBELLUNO | PALAZZO ROSSO, GIRI DI VALZER PRE-ELETTORALI IN MAGGIORANZAIeri giornata di smentite dopo le indiscrezioni pubblicate da Antenna 3 l\u2019altra sera circa le migrazioni interne ai gruppi della maggioranza di centro destra a Palazzo Rosso<br \/>\nCARABINIERI ACCANTO AGLI STUDENTI PER L\u2019APERTURA DELL\u2019ANNO SCOLASTICO<br \/>\nPRIMO GIORNO DI SCUOLA, IL PRESIDENTE DELLA PROVINCIA AL CATULLO<br \/>\nPRIMA CAMPANELLA DEL NUOVO ANNO SCOLASTICO: IL SALUTO DEL SINDACO DI FELTRE AGLI STUDENTI<br \/>\nAGORDO, RIFACIMENTO DEL CENTRO STORICO: C\u2019E\u2019 LO STUDIO DI FATTIBILITA\u2019, FINANZIAMENTI CERCASI<br \/>\nAGORDO ASCA, IL NUOVO BANDO PER UN EDUCATORE<br \/>\nBELLUNO, GIOCHIAMO, QUANDO LO SPORT ENTRA NELLA SCUOLA PRIMARIA<br \/>\nVENERDI 22 SETTEMBRE Il 22 settembre al Rifugio Luigi Gorza, a Porta Vescovo, una serata di presentazione dei risultati del progetto di sviluppo Turistico Arabba Marmolada 2030, un lavoro di un paio d\u2019anni con diversi attori del territorio.<br \/>\nTENNIS UNA STELLA DEL TENNIS AD ALLEGHEMarija Kirilenko, classe 1987, ex tennista professionista<br \/>\nMOTORI NUOVA VITA PER LA PEDAVENA \u2013 CROCE D\u2019AUNE. LE PRIME INDISCREZIONI<br \/>\nATLETICA BEN 19 MEDAGLIE PER IL CSI DI BELLUNO AL CAMPIONATO NAZIONALE DI ATLETICA<br \/>\nCORSA SU STRADA LA CORSA PODISTICA DEL CENTENEARIO DELL\u2019AERONAUTICA MILITARE Domenica si svolger\u00e0 all\u2019interno dell\u2019aeroporto di Istrana la \u201ccorsa podistica del Centenario dell\u2019Aeronautica Militare\u201d.<\/p>\n<p>&nbsp;<\/p>\n<p>&nbsp;<\/p>\n<p>&nbsp;<\/p>\n<p>&nbsp;<\/p>\n<p>&nbsp;<\/p>\n<p>&nbsp;<\/p>\n<p>&nbsp;<\/p>\n<p>&nbsp;<\/p>\n<p>&nbsp;<\/p>\n<p>&nbsp;<\/p>\n<p>&nbsp;<\/p>\n<p>&nbsp;<\/p>\n<p>&nbsp;<\/p>\n<p>&nbsp;<\/p>\n<p>&nbsp;<\/p>\n<p>&nbsp;<\/p>\n<p>&nbsp;<\/p>\n","protected":false},"excerpt":{"rendered":"<p>DOLOMITIBUS che delusione. OGGI 39 BUS IN MENO, CRESCE IL MALUMORE TRA GLI UTENTI DELL\u2019AZIENDA DI TRASPORTO BELLUNESE. PRIMA MAZZIATI DAGLI AUMENTI ED ORA BEFFATI DAI COLPI DI SPUGNA. CARA DOLOMITIBUS\u2026 AUMENTANO I COSTI E DIMINUISCONO I SERVIZI. \u201cE\u2019 COSI\u2019 CHE SI FANNO UTILI\u201d MANCATO SERVIZIO PER I CITTADINI. Chi risponder\u00e0 dei tanti disagi? Salter\u00e0&hellip;<\/p>\n","protected":false},"author":4,"featured_media":352458,"comment_status":"closed","ping_status":"closed","sticky":false,"template":"","format":"standard","meta":{"_monsterinsights_skip_tracking":false,"_monsterinsights_sitenote_active":false,"_monsterinsights_sitenote_note":"","_monsterinsights_sitenote_category":0,"footnotes":""},"categories":[104,49,142],"tags":[],"class_list":["post-352478","post","type-post","status-publish","format-standard","has-post-thumbnail","hentry","category-evidenza_3","category-news-18","category-rassegna-stampa","category-104","category-49","category-142","description-off"],"img_url":"https:\/\/www.radiopiu.net\/wordpress\/wp-content\/uploads\/2023\/09\/copertina-4.png","_links":{"self":[{"href":"https:\/\/www.radiopiu.net\/wordpress\/wp-json\/wp\/v2\/posts\/352478","targetHints":{"allow":["GET"]}}],"collection":[{"href":"https:\/\/www.radiopiu.net\/wordpress\/wp-json\/wp\/v2\/posts"}],"about":[{"href":"https:\/\/www.radiopiu.net\/wordpress\/wp-json\/wp\/v2\/types\/post"}],"author":[{"embeddable":true,"href":"https:\/\/www.radiopiu.net\/wordpress\/wp-json\/wp\/v2\/users\/4"}],"replies":[{"embeddable":true,"href":"https:\/\/www.radiopiu.net\/wordpress\/wp-json\/wp\/v2\/comments?post=352478"}],"version-history":[{"count":0,"href":"https:\/\/www.radiopiu.net\/wordpress\/wp-json\/wp\/v2\/posts\/352478\/revisions"}],"wp:featuredmedia":[{"embeddable":true,"href":"https:\/\/www.radiopiu.net\/wordpress\/wp-json\/wp\/v2\/media\/352458"}],"wp:attachment":[{"href":"https:\/\/www.radiopiu.net\/wordpress\/wp-json\/wp\/v2\/media?parent=352478"}],"wp:term":[{"taxonomy":"category","embeddable":true,"href":"https:\/\/www.radiopiu.net\/wordpress\/wp-json\/wp\/v2\/categories?post=352478"},{"taxonomy":"post_tag","embeddable":true,"href":"https:\/\/www.radiopiu.net\/wordpress\/wp-json\/wp\/v2\/tags?post=352478"}],"curies":[{"name":"wp","href":"https:\/\/api.w.org\/{rel}","templated":true}]}}