{"id":352484,"date":"2023-09-15T05:35:16","date_gmt":"2023-09-15T03:35:16","guid":{"rendered":"https:\/\/www.radiopiu.net\/wordpress\/?p=352484"},"modified":"2023-09-15T08:04:42","modified_gmt":"2023-09-15T06:04:42","slug":"giornale-radiopiu-15-settembre-2023-direttore-mirko-mezzacasada-40-anni-25-giugno-1983-25-giugno-2023","status":"publish","type":"post","link":"https:\/\/www.radiopiu.net\/wordpress\/giornale-radiopiu-15-settembre-2023-direttore-mirko-mezzacasada-40-anni-25-giugno-1983-25-giugno-2023\/","title":{"rendered":"GIORNALE RADIOPIU 15 SETTEMBRE 2023 DIRETTORE MIRKO MEZZACASA\u2026DA 40 ANNI 25 GIUGNO 1983-25 GIUGNO 2023"},"content":{"rendered":"<h1 class=\"entry-title\">40esimo di RADIOPIU\u2026. LA VOCE DELL\u2019EMOZIONE<\/h1>\n<h2><span style=\"color: #ff0000;\">ISCRIVITI AL NOSTRO CANALE\u00a0\u00a0YOUTUBE PER SEGUIRE IN DIRETTA I PRINCIPALI PROGRAMMI DI RADIO PIU\u2019 E LE FUTURE DIRETTE IN ESTERNA. PER ISCRIVERTI\u00a0<a style=\"color: #ff0000;\" href=\"https:\/\/youtube.com\/@radiopiu1527\">CLICCA QUI\u00a0<\/a>E PREMI\u00a0 \u201cIscriviti\u201d<\/span><\/h2>\n<p>&nbsp;<\/p>\n<p><a class=\"dt-pswp-item\" href=\"https:\/\/www.radiopiu.net\/wordpress\/wp-content\/uploads\/2023\/08\/sersa-ok-1.jpg\" data-dt-img-description=\"\" data-large_image_width=\"300\" data-large_image_height=\"300\"><img loading=\"lazy\" decoding=\"async\" class=\"size-full wp-image-349822 aligncenter\" src=\"https:\/\/www.radiopiu.net\/wordpress\/wp-content\/uploads\/2023\/08\/sersa-ok-1.jpg\" alt=\"\" width=\"300\" height=\"300\" srcset=\"https:\/\/www.radiopiu.net\/wordpress\/wp-content\/uploads\/2023\/08\/sersa-ok-1.jpg 300w, https:\/\/www.radiopiu.net\/wordpress\/wp-content\/uploads\/2023\/08\/sersa-ok-1-150x150.jpg 150w\" sizes=\"auto, (max-width: 300px) 100vw, 300px\" \/><\/a><\/p>\n<p>&nbsp;<\/p>\n<hr \/>\n<p>&nbsp;<\/p>\n<blockquote>\n<h3>LUNEDI&#8217; INTERRUZIONE PROGRAMMATA GSP A LIVINALLONGO<\/h3>\n<\/blockquote>\n<p>Gestione Servizi Pubblici informa che, per lavori alla rete idrica comunale, luned\u00ec dalle 9:00 alle 12:00 verr\u00e0 sospesa l\u2019erogazione dell\u2019acqua a LIVINALLONGO nelle LOCALITA&#8217; PRECUMON, PALLUA, GLIERA e ZORZ. Il personale addetto operer\u00e0 per limitare il pi\u00f9 possibile i disagi alla popolazione.<\/p>\n<p>&nbsp;<\/p>\n<hr \/>\n<p>&nbsp;<\/p>\n<blockquote>\n<h3>DOLOMITI BUS! ALCUNI UTENTI: &#8220;SIAMO INASCOLTATI E PRONTI A SCENDERE IN PIAZZA PER FAR VALERE LE NOSTRE RAGIONI&#8221;<\/h3>\n<p>&nbsp;<\/p><\/blockquote>\n<p><a class=\"dt-pswp-item\" href=\"https:\/\/www.radiopiu.net\/wordpress\/wp-content\/uploads\/2023\/09\/th-13.jpg\" data-dt-img-description=\"\" data-large_image_width=\"253\" data-large_image_height=\"180\"><img loading=\"lazy\" decoding=\"async\" class=\" wp-image-352549 alignleft\" src=\"https:\/\/www.radiopiu.net\/wordpress\/wp-content\/uploads\/2023\/09\/th-13.jpg\" alt=\"\" width=\"183\" height=\"130\" \/><\/a>E&#8217; evidente che l&#8217;attuale gestione non \u00e8 in grado di garantire un servizio accettabile, che la politica sta alla finestra senza un intervento concreto. Che le associazioni dei consumatori sono latitanti.\u00a0 Quindi: cercasi &#8220;teste&#8221; e una politica locale che sappia riportare un&#8217;azienda importante agli antichi fasti, che restituisca dignit\u00e0 ai &#8220;sudditi&#8221; gi\u00e0 pesantemente danneggiati dai recenti aumenti per un servizio mai migliorato.<\/p>\n<p><strong>SALTANO LE CORSE, LE CORRIERE SONO STRACOLME, GLI STUDENTI APPIEDATI. RAGAZZI CHE RIMANGONO DA SOLI PER ORE, ALTRI CHE ARRIVANO IN RITARDO A SCUOLA. E&#8217; ORA CHE QUALCUNO AI VERTICI CAMBI LAVORO?\u00a0<\/strong><\/p>\n<blockquote><p><em>Autisti in fuga. Uomini e donne gi\u00e0 della Dolomitibus ringraziano, salutano e prendono la porta di uscita. Se in un anno e mezzo in sessanta hanno abbandonato la societ\u00e0 e i bellunesi un motivo c&#8217;\u00e8. Sarebbe interessante puntare il dito, trovare i responsabili di un tracollo preoccupante. La mossa del bonus da 3000 euro e dell&#8217;alloggio pagato \u00e8 l&#8217;ultimo tentativo prima del collasso definitivo?<\/em><\/p><\/blockquote>\n<p>&nbsp;<\/p>\n<p>&nbsp;<\/p>\n<p>&nbsp;<\/p>\n<hr \/>\n<p>&nbsp;<\/p>\n<blockquote>\n<h3>E SE L&#8217;AZIENDA DI TRASPORTI FOSSE IN MANO A PRIVATI CON PARTITA IVA E MUTUI A FINE MESE?<\/h3>\n<\/blockquote>\n<p><strong><img decoding=\"async\" class=\"alignleft\" src=\"https:\/\/www.radiopiu.net\/wordpress\/wp-content\/uploads\/2023\/09\/Senza-nome-29.png\" \/>REDAZIONE<\/strong> Ore 18, centralino di RADIOPIU <em>&#8220;Non ne possiamo pi\u00f9 della Dolomitibus ci ha lasciato a piedi senza un minimo di preavviso. E adesso? Arrivo a casa a Rivamonte alle otto per fare pochi chilometri. Ma perch\u00e9 nessuno interviene a nostra difesa?&#8221;<\/em><\/p>\n<p>Uno dei tanti sfoghi del pomeriggio, Dolomitibus corre ai ripari proponendo contratti pi\u00f9\u00a0 sostanziosi e anche alloggi, come diceva il nonno <em>&#8220;quando la mucca \u00e8 oltre il portone della stalla&#8221;<\/em>. Pensarci prima no eh? Eppure da tempo vengono sbandierati i problemi legati al personale che c&#8217;\u00e8&#8230; anzi che proprio non vuole avere a che fare con Dolomitibus. Perch\u00e8?<\/p>\n<p><span style=\"color: #ff0000;\">Se le maestranze Dolomitibus vogliono elencare i loro problemi sappiano che le porte di RADIOPIU, anzi i microfoni, sono aperti, forse ci sono tante cose che non capiamo, che non sappiamo, chiss\u00e0 quali dinamiche ci sfuggono&#8230;<\/span><\/p>\n<p>Fortuna che gli studenti dovevano essere tutelati. I ragazzi sono arrivati regolarmente in stazione, da ogni angolo della provincia e della citt\u00e0. \u00c8 stato al momento di tornare a casa che tanti sono rimasti a piedi. \u00c8 il caso degli studenti del Renier, che solo alle 11.30 hanno saputo che non avrebbero trovato le navette per la stazione ad attenderli nel cortile.<\/p>\n<p>Non sappiamo cosa accadr\u00e0 in questa pubblica azienda&#8230; ma immaginiamo quali sarebbero le conseguenze in una ditta privata, con tanto di partita iva e mutui a fine mese.<\/p>\n<p>&nbsp;<\/p>\n<p>&nbsp;<\/p>\n<hr \/>\n<p>&nbsp;<\/p>\n<blockquote>\n<h2>ANCHE IERI DUE MALORI IN MARMOLADA E NELLO ZOLDANO<\/h2>\n<\/blockquote>\n<p><strong><img loading=\"lazy\" decoding=\"async\" class=\"alignleft\" src=\"https:\/\/www.radiopiu.net\/wordpress\/wp-content\/uploads\/2023\/09\/447b5398-6730-4e17-aafb-a19aec8341de.jpg\" width=\"239\" height=\"110\" \/>REDAZIONE<\/strong>\u00a0 Quattro interventi del personale Suem 118, ieri alle 11.30 l&#8217;ambulanza del San Martino ha soccorso un tedesco di 69 anni caduto con la e bike a Provagna di Longarone. Poco dopo la chiamata a Punta Serauta in Marmolada per un uomo di Milano di 82 anni che peraltro ha rifiutato il trasporto in ospedale ed \u00e8 quindi stato lasciato sul posto. Nel pomeriggio, passato mezzogiorno elicottero Falco2 in volo per un malore, vittima un uomo di Belluno di 74 anni portato con un codice di media gravit\u00e0 all&#8217;ospedale di Belluno. Infine ad Erto e Casso trauma rachideo per un friulano di 55 anni, le sue condizioni non sono gravi.<\/p>\n<p>&nbsp;<\/p>\n<hr \/>\n<p>&nbsp;<\/p>\n<blockquote>\n<h3><a class=\"dt-pswp-item\" href=\"https:\/\/www.radiopiu.net\/wordpress\/wp-content\/uploads\/2023\/09\/bruno.png\" data-dt-img-description=\"\" data-large_image_width=\"269\" data-large_image_height=\"223\"><img loading=\"lazy\" decoding=\"async\" class=\"wp-image-352452 alignleft\" src=\"https:\/\/www.radiopiu.net\/wordpress\/wp-content\/uploads\/2023\/09\/bruno.png\" alt=\"\" width=\"121\" height=\"100\" \/><\/a>DOMANI I FUNERALI DI BRUNO<\/h3>\n<\/blockquote>\n<p><strong>LIMANA<\/strong> L&#8217;ultimo saluto a Bruno De Paris, mancato a 56 anni, domani alle 14.30 nella arcipretale di Limana. Bruno riposer\u00e0 nel cimitero del paese. Lascia nel dolore i figli Alberto, e Nicola, Sandra, la mamma Nicoletta, il fratello, parenti ed amici, tanti che gli hanno voluto bene. Eventuali offerte saranno devolute a &#8220;Dona un sorriso&#8221;.<\/p>\n<p>&nbsp;<\/p>\n<hr \/>\n<p>&nbsp;<\/p>\n<p>&nbsp;<\/p>\n<blockquote>\n<h3><span style=\"font-size: large;\">Rinviato il consiglio provinciale sullo Sliding Centre Cortina, la Provincia intende acquisire ulteriori approfondimenti.\u00a0<\/span><\/h3>\n<\/blockquote>\n<div><\/div>\n<div><span style=\"font-size: large;\"><strong>BELLUNO<\/strong> La seduta del consiglio provinciale convocata per ieri per discutere un unico punto all\u2019ordine del giorno &#8211; il documento sullo Sliding Centre di Cortina 2026 &#8211; \u00e8 stata rinviata.<\/span><\/div>\n<div>\n<p><span style=\"font-size: large;\">Il consiglio provinciale ritiene necessario acquisire ulteriori dati tecnici al fine di approfondire la tematica in oggetto, a seguito dell\u2019incontro in videoconferenza di ieri\u00a0 con il commissario Luigi Valerio Sant&#8217;Andrea.\u00a0<\/span><\/p>\n<p>&nbsp;<\/p>\n<p>&nbsp;<\/p>\n<p>&nbsp;<\/p>\n<\/div>\n<hr \/>\n<p>&nbsp;<\/p>\n<blockquote>\n<h3>I GIOVANI SONO LA LOCOMOTIVA DEL VENETO<\/h3>\n<\/blockquote>\n<p><strong><a class=\"dt-pswp-item\" href=\"https:\/\/www.radiopiu.net\/wordpress\/wp-content\/uploads\/2022\/12\/ZAIA.jpg\" data-dt-img-description=\"\" data-large_image_width=\"1024\" data-large_image_height=\"765\"><img loading=\"lazy\" decoding=\"async\" class=\" wp-image-314057 alignleft\" src=\"https:\/\/www.radiopiu.net\/wordpress\/wp-content\/uploads\/2022\/12\/ZAIA-300x224.jpg\" alt=\"\" width=\"171\" height=\"128\" srcset=\"https:\/\/www.radiopiu.net\/wordpress\/wp-content\/uploads\/2022\/12\/ZAIA-300x224.jpg 300w, https:\/\/www.radiopiu.net\/wordpress\/wp-content\/uploads\/2022\/12\/ZAIA-768x574.jpg 768w, https:\/\/www.radiopiu.net\/wordpress\/wp-content\/uploads\/2022\/12\/ZAIA.jpg 1024w\" sizes=\"auto, (max-width: 171px) 100vw, 171px\" \/><\/a>VENEZIA <\/strong>\u201cLa locomotiva del territorio sono le giovani generazioni, un mondo sul quale \u00e8 necessario investire con interventi specifici in sostegno dell\u2019occupabilit\u00e0. Il Veneto \u00e8 una regione che pu\u00f2 offrire numerose opportunit\u00e0 alle nuove generazioni e i numeri lo confermano. Siamo la seconda regione italiana sia per i livelli di disoccupazione pi\u00f9 bassi sia per i tassi di occupazione pi\u00f9 elevati, con minore spreco di talento giovanile. Oggi le competenze pi\u00f9 richieste dalle imprese rimangono le soft skill. Oltre alla flessibilit\u00e0, la capacit\u00e0 di lavorare in gruppo e il problem solving, l\u2019istruzione rimane un mezzo potentissimo nelle mani delle ragazze e dei ragazzi che vogliono fare carriera, senza dover andare all\u2019estero\u201d. Lo dice il Presidente della Regione del Veneto, Luca Zaia, presentando lo speciale sui giovani curato dall\u2019Ufficio regionale di Statistica, che aggiorna alcuni importanti dati presenti all\u2019interno del Rapporto Statistico 2023 presentato nel luglio scorso.<\/p>\n<p>&nbsp;<\/p>\n<p>&nbsp;<\/p>\n<hr \/>\n<p>&nbsp;<\/p>\n<blockquote>\n<h3>MANIFESTAZIONE REGIONALE PER LA SANITA&#8217; PUBBLICA <a class=\"dt-pswp-item\" href=\"https:\/\/www.radiopiu.net\/wordpress\/wp-content\/uploads\/2023\/09\/image.png\" data-dt-img-description=\"\" data-large_image_width=\"1448\" data-large_image_height=\"2048\"><img loading=\"lazy\" decoding=\"async\" class=\" wp-image-352533 alignleft\" src=\"https:\/\/www.radiopiu.net\/wordpress\/wp-content\/uploads\/2023\/09\/image-212x300.png\" alt=\"\" width=\"173\" height=\"245\" srcset=\"https:\/\/www.radiopiu.net\/wordpress\/wp-content\/uploads\/2023\/09\/image-212x300.png 212w, https:\/\/www.radiopiu.net\/wordpress\/wp-content\/uploads\/2023\/09\/image-724x1024.png 724w, https:\/\/www.radiopiu.net\/wordpress\/wp-content\/uploads\/2023\/09\/image-768x1086.png 768w, https:\/\/www.radiopiu.net\/wordpress\/wp-content\/uploads\/2023\/09\/image-1086x1536.png 1086w, https:\/\/www.radiopiu.net\/wordpress\/wp-content\/uploads\/2023\/09\/image.png 1448w\" sizes=\"auto, (max-width: 173px) 100vw, 173px\" \/><\/a><\/h3>\n<div dir=\"auto\">\n<div id=\"m_-5898961077552835042:r8p:\">\n<div dir=\"auto\"><em>Le &#8221; persone fragili&#8221; uno dei cinque punti dell&#8217;Appello della 3^ Manifestazione regionale che si terr\u00e0 a Belluno il 28 ottobre prossimo.<\/em><\/div>\n<\/div>\n<\/div>\n<\/blockquote>\n<p>BELLUNO\u00a0 La scelta del Campus Tina Merlin non \u00e8 a caso: qui si &#8220;respirano&#8221; 248 anni di storia e dove nel 1911 venne istituito il grande manicomio provinciale, chiuso nel 1978 con la Legge Basaglia.\u00a0 Tra quelle mura parleranno:\u00a0 Micaela Coletti e la sua &#8220;psicologia dell&#8217;emergenza: il caso Vajont&#8221; ;\u00a0 Tiberio Monar &#8220;ci\u00f2 che oggi succede nella sanit\u00e0 pubblica&#8221;. Infine, ma non per importanza, la voce di Luana Calabrese , Aitsam ,ci racconter\u00e0 delle sue &#8220;battaglie&#8221; per ridare dignit\u00e0 alle persone con disagio.<\/p>\n<p>&nbsp;<\/p>\n<p>&nbsp;<\/p>\n<p>&nbsp;<\/p>\n<hr \/>\n<p>&nbsp;<\/p>\n<blockquote>\n<h3><span style=\"font-size: large;\"><b>Intervento di difesa del suolo sul Passo Tre Croci, i lavori sono quasi finiti<\/b><\/span><\/h3>\n<\/blockquote>\n<p><span style=\"font-size: large;\">Entro met\u00e0 della prossima settimana verr\u00e0 concluso l\u2019intervento di mitigazione del rischio idrogeologico sul Passo Tre Croci (Cortina). Il cantiere avviato in somma urgenza dalla Provincia di Belluno procede spedito e al momento mancano solo alcuni dettagli per completare l\u2019operazione. I<\/span><span style=\"font-size: large;\">\u00a0tecnici della Provincia sono stati in sopralluogo e hanno valutato che nei prossimi giorni si potr\u00e0 chiudere il cantiere, in anticipo rispetto a quanto preventivato. La ditta incaricata ha lavorato anche nell\u2019ultimo weekend per velocizzare le operazioni e consentire al Comune di Cortina di revocare l\u2019ordinanza di chiusura dell\u2019albergo.<span class=\"gmail-Apple-converted-space\">\u00a0<\/span><\/span><span style=\"font-size: large;\">Su richiesta del Comune, verranno rimossi anche alcuni massi sul conoide di frana che preoccupano i cittadini, bench\u00e9 non costituiscano pericolo con la realizzazione del nuovo vallo.<\/span><\/p>\n\n\t\t\t<style type='text\/css'>\n\t\t\t\t#gallery-1 {\n\t\t\t\t\tmargin: auto;\n\t\t\t\t}\n\t\t\t\t#gallery-1 .gallery-item {\n\t\t\t\t\tfloat: left;\n\t\t\t\t\tmargin-top: 10px;\n\t\t\t\t\ttext-align: center;\n\t\t\t\t\twidth: 50%;\n\t\t\t\t}\n\t\t\t\t#gallery-1 img {\n\t\t\t\t\tborder: 2px solid #cfcfcf;\n\t\t\t\t}\n\t\t\t\t#gallery-1 .gallery-caption {\n\t\t\t\t\tmargin-left: 0;\n\t\t\t\t}\n\t\t\t\t\/* see gallery_shortcode() in wp-includes\/media.php *\/\n\t\t\t<\/style>\n\t\t<div id='gallery-1' class='dt-gallery-container gallery galleryid-352484 gallery-columns-2 gallery-size-thumbnail'><dl class='gallery-item'>\n\t\t\t\t<dt class='gallery-icon portrait'>\n\t\t\t\t\t<a class=\"rollover rollover-zoom dt-pswp-item\" title=\"PHOTO-2023-09-14-16-16-08 4\" data-dt-img-description=\"\" data-large_image_width=\"1153\" data-large_image_height=\"2048\"href='https:\/\/www.radiopiu.net\/wordpress\/wp-content\/uploads\/2023\/09\/PHOTO-2023-09-14-16-16-08-4.jpg'><img loading=\"lazy\" decoding=\"async\" width=\"150\" height=\"150\" src=\"https:\/\/www.radiopiu.net\/wordpress\/wp-content\/uploads\/2023\/09\/PHOTO-2023-09-14-16-16-08-4-150x150.jpg\" class=\"attachment-thumbnail size-thumbnail\" alt=\"\" \/><\/a>\n\t\t\t\t<\/dt><\/dl><dl class='gallery-item'>\n\t\t\t\t<dt class='gallery-icon portrait'>\n\t\t\t\t\t<a class=\"rollover rollover-zoom dt-pswp-item\" title=\"PHOTO-2023-09-14-16-16-10\" data-dt-img-description=\"\" data-large_image_width=\"1153\" data-large_image_height=\"2048\"href='https:\/\/www.radiopiu.net\/wordpress\/wp-content\/uploads\/2023\/09\/PHOTO-2023-09-14-16-16-10.jpg'><img loading=\"lazy\" decoding=\"async\" width=\"150\" height=\"150\" src=\"https:\/\/www.radiopiu.net\/wordpress\/wp-content\/uploads\/2023\/09\/PHOTO-2023-09-14-16-16-10-150x150.jpg\" class=\"attachment-thumbnail size-thumbnail\" alt=\"\" \/><\/a>\n\t\t\t\t<\/dt><\/dl><br style=\"clear: both\" \/>\n\t\t\t<\/div>\n\n<p>&nbsp;<\/p>\n<p>&nbsp;<\/p>\n<p>&nbsp;<\/p>\n<p>&nbsp;<\/p>\n<hr \/>\n<p>&nbsp;<\/p>\n<blockquote>\n<h3>DOLOMITIBUS ASSUME AUTISTI. TRE MILA EURO DI CONTRIBUTO O ALLOGGIO PAGATO PER CHI PROVIENE DA FUORI PROVINCIA<\/h3>\n<\/blockquote>\n<p><strong><a class=\"dt-pswp-item\" href=\"https:\/\/www.radiopiu.net\/wordpress\/wp-content\/uploads\/2020\/06\/97384eec-d2d4-4e19-bdc9-7845fa51b71c.jpg\" data-dt-img-description=\"\" data-large_image_width=\"2048\" data-large_image_height=\"1536\"><img loading=\"lazy\" decoding=\"async\" class=\" wp-image-144908 alignleft\" src=\"https:\/\/www.radiopiu.net\/wordpress\/wp-content\/uploads\/2020\/06\/97384eec-d2d4-4e19-bdc9-7845fa51b71c-300x225.jpg\" alt=\"\" width=\"152\" height=\"114\" srcset=\"https:\/\/www.radiopiu.net\/wordpress\/wp-content\/uploads\/2020\/06\/97384eec-d2d4-4e19-bdc9-7845fa51b71c-300x225.jpg 300w, https:\/\/www.radiopiu.net\/wordpress\/wp-content\/uploads\/2020\/06\/97384eec-d2d4-4e19-bdc9-7845fa51b71c-1024x768.jpg 1024w, https:\/\/www.radiopiu.net\/wordpress\/wp-content\/uploads\/2020\/06\/97384eec-d2d4-4e19-bdc9-7845fa51b71c-768x576.jpg 768w, https:\/\/www.radiopiu.net\/wordpress\/wp-content\/uploads\/2020\/06\/97384eec-d2d4-4e19-bdc9-7845fa51b71c-1536x1152.jpg 1536w, https:\/\/www.radiopiu.net\/wordpress\/wp-content\/uploads\/2020\/06\/97384eec-d2d4-4e19-bdc9-7845fa51b71c.jpg 2048w\" sizes=\"auto, (max-width: 152px) 100vw, 152px\" \/><\/a>BELLUNO <\/strong>Dolomiti Bus spa assume conducenti di linea. E per superare la carenza che affligge tutto il comparto del trasporto pubblico a livello nazionale, propone un contributo economico per il trasferimento. \u00c8 previsto il contributo di 3mila euro lordi suddivisi in tre rate per i candidati domiciliati fuori provincia, oppure in alternativa l\u2019alloggio pagato interamente da Dolomiti Bus spa per il conducente, per i primi sei mesi.<\/p>\n<p>&nbsp;<\/p>\n<p>&nbsp;<\/p>\n<hr \/>\n<p>&nbsp;<\/p>\n<blockquote>\n<h3>RIAPERTA LA 51 SUL FADALTO<\/h3>\n<\/blockquote>\n<p class=\"x_x_MsoNormal\"><img decoding=\"async\" class=\"alignleft\" src=\"https:\/\/www.radiopiu.net\/wordpress\/wp-content\/uploads\/2021\/06\/anas.png\" \/><strong>REDAZIONE<\/strong> Anas, concluse le verifiche in loco, ha riaperto al traffico la strada statale 51 \u201cdi Alemagna\u201d dal km 20,300 al km 21,800 in localit\u00e0 Fadalto. Le intense piogge che hanno interessato il territorio comunale di Vittorio Veneto, in provincia di Treviso avevano infatti fatto scattare il sistema di monitoraggio che indica il rischio di colate dal versante, rendendo quindi necessaria la chiusura del tratto stradale in via precauzionale. Il sistema di monitoraggio, in considerazione della quantit\u00e0 di pioggia caduta nel breve arco temporale, si \u00e8 attivato segnalando in loco, lo stato di allerta attivando il semaforo rosso e, contestualmente inviando l\u2019alert, in remoto, alla Sala Operativa con sede a Venezia. Il personale Anas si \u00e8 attivato per inviare il personale preposto in loco che, una volta verificato lo stato dei versanti ha potuto riaprire la statale al traffico anche in considerazione del cessato allarme meteo che precedentemente interessava la zona.<\/p>\n<p>&nbsp;<\/p>\n<p>&nbsp;<\/p>\n<hr \/>\n<p>&nbsp;<\/p>\n<blockquote>\n<h3>FONDO DI ROTAZIONE, 113 DOMANDE PER 11,5 MILIONI DI EURO<\/h3>\n<\/blockquote>\n<p><strong>BELLUNO<\/strong> A pochi mesi dall\u2019avvio della nuova tornata della misura che garantisce contributi alle imprese delle aree interne, sono gi\u00e0 pi\u00f9 113 le domande pervenute, per un valore complessivo di 11,5 milioni di euro,\u00a0 un anno fa le domande erano state 7, per un valore di 426mila euro. Il fondo di rotazione \u00e8 previsto all\u2019interno della legge regionale 18\/1994 per le aree interne che finanzia le piccole medie imprese. \u00c8 gestito dalla Provincia attraverso Veneto Sviluppo. La dotazione \u00e8 di poco meno di 21 milioni di euro. Le 113 imprese che hanno avanzato richiesta di contributo coprono tutto il territorio provinciale: 26 domande arrivano dall\u2019Unione Montana Feltrina, 35 dalla Valbelluna e dal territorio del capoluogo; sono 10 le domande dall\u2019Agordino e 9 dal Centro Cadore, 8 invece arrivano dall\u2019Alpago e altrettante da Cortina. In Valboite sono state avanzate 5 domande, 3 sono quelle della zona di Longarone-Zoldo, 2 quelle che arrivano dal Comelico. <em>\u00abLa disponibilit\u00e0 residua del fondo di rotazione \u00e8 ancora elevata &#8211; dice la consigliera Serenella Bogana &#8211;\u00a0 siamo molto soddisfatti perch\u00e9 abbiamo visto un deciso cambio di passo&#8221;<\/em><\/p>\n<p>&nbsp;<\/p>\n<p>&nbsp;<\/p>\n<hr \/>\n<p>&nbsp;<\/p>\n<blockquote>\n<h3><a class=\"dt-pswp-item\" href=\"https:\/\/www.radiopiu.net\/wordpress\/wp-content\/uploads\/2023\/09\/sergio.png\" data-dt-img-description=\"\" data-large_image_width=\"331\" data-large_image_height=\"248\"><img loading=\"lazy\" decoding=\"async\" class=\" wp-image-352554 alignleft\" src=\"https:\/\/www.radiopiu.net\/wordpress\/wp-content\/uploads\/2023\/09\/sergio-300x225.png\" alt=\"\" width=\"187\" height=\"140\" srcset=\"https:\/\/www.radiopiu.net\/wordpress\/wp-content\/uploads\/2023\/09\/sergio-300x225.png 300w, https:\/\/www.radiopiu.net\/wordpress\/wp-content\/uploads\/2023\/09\/sergio.png 331w\" sizes=\"auto, (max-width: 187px) 100vw, 187px\" \/><\/a>IL DOTTOR SERGIO ALESSIO DIRETTORE DELL&#8217; OBI<\/h3>\n<\/blockquote>\n<p><em>Tra gennaio e agosto 2023, il Pronto soccorso di Agordo ha registrato 9.314 accessi<\/em><\/p>\n<p><strong>AGORDO<\/strong> Il dottor Sergio Alessio \u00e8 stato nominato direttore della unit\u00e0 operativa semplice di Osservazione breve intensiva, Obi, che prevede 6 posti letto.\u00a0 Un servizio importante nel periodo di aumentato accesso di pazienti che necessitano di trattamento. Vengono\u00a0 trattati entro le 48 ore delle patologie<br \/>\nBuon lavoro Doc! E grazie per il tuo impegno, da anni e per aver scelto di vivere sul territorio senza abbandonarlo per altri lidi. Indimenticabile l&#8217;importante presenza sulla panchina dell&#8217;Alleghe Hockey, solo passione.<\/p>\n<p>&nbsp;<\/p>\n<p>&nbsp;<\/p>\n<hr \/>\n<p>&nbsp;<\/p>\n<blockquote>\n<h3>ACQUA INQUINATA A VOLTAGO, SITUAZIONE MIGLIORATA A COLCUC<\/h3>\n<\/blockquote>\n<p>A <strong>VOLTAGO AGORDINO<\/strong> nelle localit\u00e0 BERTOI, FRASSENE\u2019, VILLA e VIA GIOA; a <strong>COLLE SANTA LUCIA<\/strong> in localit\u00e0 RUCAVA l&#8217;acqua erogata dall&#8217;acquedotto non \u00e8 potabile e pu\u00f2 essere usata per scopi alimentari solo previa bollitura.<\/p>\n<p><strong>COLLE SANTA LUCIA<\/strong> in localit\u00e0 COLCUC l&#8217;acqua erogata dall&#8217;acquedotto \u00e8 di nuovo potabile e pu\u00f2 essere usata, quindi, per scopi alimentari.<\/p>\n<p>&nbsp;<\/p>\n<blockquote>\n<h3>CHIUDE L&#8217;ALTA VIA NUMERO 1 SOPRA LA VALLE AGORDINA PER LAVORI DI ESBOSCO<\/h3>\n<\/blockquote>\n<p><img decoding=\"async\" class=\"alignleft\" src=\"https:\/\/www.radiopiu.net\/wordpress\/wp-content\/uploads\/2023\/09\/th-7.jpg\" \/><strong>LA VALLE AGORDINA<\/strong> La Polizia Locale di La Valle Agordina da notizia della chiusura del sentiero Cai 543, denominato Alta Via Numero 1 nel tratto compreso tra Pian di Caleda e Forcella Dagarei, questo per permettere i lavori di esbosco. L&#8217;ordinanza rimane in vigore fino al termine dei lavori, tutti i giorni nelle 24 ore, sabato e domenica compresi.<\/p>\n<p>La \u201cvariante al sentiero CAI n.543\u201d \u00e8 percorribile. Gli escursionisti dovranno percorrere unicamente la variante predisposta dal CAI e segnalata in loco \u00a0in quanto il sentiero originario \u00e8 interessato dal taglio di alberi e esbosco degli stessi con impianti a fune , quindi molto pericoloso da percorrere.<\/p>\n<p>&nbsp;<\/p>\n<p>&nbsp;<\/p>\n<p>&nbsp;<\/p>\n<hr \/>\n<p>&nbsp;<\/p>\n<p><span style=\"color: #ff0000;\"><strong><a class=\"dt-pswp-item\" href=\"https:\/\/www.radiopiu.net\/wordpress\/wp-content\/uploads\/2023\/09\/sella-ronda.png\" data-dt-img-description=\"\" data-large_image_width=\"559\" data-large_image_height=\"277\"><img loading=\"lazy\" decoding=\"async\" class=\"size-medium wp-image-352102 alignleft\" src=\"https:\/\/www.radiopiu.net\/wordpress\/wp-content\/uploads\/2023\/09\/sella-ronda-300x149.png\" alt=\"\" width=\"300\" height=\"149\" srcset=\"https:\/\/www.radiopiu.net\/wordpress\/wp-content\/uploads\/2023\/09\/sella-ronda-300x149.png 300w, https:\/\/www.radiopiu.net\/wordpress\/wp-content\/uploads\/2023\/09\/sella-ronda.png 559w\" sizes=\"auto, (max-width: 300px) 100vw, 300px\" \/><\/a>INTERRUZIONE VEICOLARE PER MANIFESTAZIONE SELLARONDA BIKE DAY 2023\u201d 16\/9\/2023<\/strong><\/span><\/p>\n<blockquote><p><em>La montagna chiama: mettetevi in sella ed iniziate a pedalare!<\/em><\/p><\/blockquote>\n<div class=\"blog_item_bottom\">\n<p class=\"text\"><strong>Domani dalle\u00a0 8:30 alle 16:00<\/strong> tutti i passi dolomitici attorno al Sella (Sella, Pordoi, Campolongo, Gardena) saranno riservati ai ciclisti.\u00a0 La giornata ciclistica non competitiva \u00e8 giunta quest\u2019anno alla sua 17a edizione.<strong>\u00a0L\u2019evento permette agli appassionati delle due ruote di compiere il giro dei quattro passi in assenza di automobili e gas di scarico.<\/strong> Dalle ore 8.30 alle 16.00 le strade attorno al Gruppo del Sella rimarranno chiuse al traffico motorizzato.<\/p>\n\n\t\t\t<style type='text\/css'>\n\t\t\t\t#gallery-2 {\n\t\t\t\t\tmargin: auto;\n\t\t\t\t}\n\t\t\t\t#gallery-2 .gallery-item {\n\t\t\t\t\tfloat: left;\n\t\t\t\t\tmargin-top: 10px;\n\t\t\t\t\ttext-align: center;\n\t\t\t\t\twidth: 50%;\n\t\t\t\t}\n\t\t\t\t#gallery-2 img {\n\t\t\t\t\tborder: 2px solid #cfcfcf;\n\t\t\t\t}\n\t\t\t\t#gallery-2 .gallery-caption {\n\t\t\t\t\tmargin-left: 0;\n\t\t\t\t}\n\t\t\t\t\/* see gallery_shortcode() in wp-includes\/media.php *\/\n\t\t\t<\/style>\n\t\t<div id='gallery-2' class='dt-gallery-container gallery galleryid-352484 gallery-columns-2 gallery-size-thumbnail'><dl class='gallery-item'>\n\t\t\t\t<dt class='gallery-icon portrait'>\n\t\t\t\t\t<a class=\"rollover rollover-zoom dt-pswp-item\" title=\"3f933ad1-f1d0-48f4-a95e-7d3911971321\" data-dt-img-description=\"\" data-large_image_width=\"1536\" data-large_image_height=\"2048\"href='https:\/\/www.radiopiu.net\/wordpress\/wp-content\/uploads\/2023\/09\/3f933ad1-f1d0-48f4-a95e-7d3911971321.jpg'><img loading=\"lazy\" decoding=\"async\" width=\"150\" height=\"150\" src=\"https:\/\/www.radiopiu.net\/wordpress\/wp-content\/uploads\/2023\/09\/3f933ad1-f1d0-48f4-a95e-7d3911971321-150x150.jpg\" class=\"attachment-thumbnail size-thumbnail\" alt=\"\" \/><\/a>\n\t\t\t\t<\/dt><\/dl><dl class='gallery-item'>\n\t\t\t\t<dt class='gallery-icon landscape'>\n\t\t\t\t\t<a class=\"rollover rollover-zoom dt-pswp-item\" title=\"f3ef7fd1-74b2-43d3-8455-edfdffb0bb98\" data-dt-img-description=\"\" data-large_image_width=\"2048\" data-large_image_height=\"1536\"href='https:\/\/www.radiopiu.net\/wordpress\/wp-content\/uploads\/2023\/09\/f3ef7fd1-74b2-43d3-8455-edfdffb0bb98.jpg'><img loading=\"lazy\" decoding=\"async\" width=\"150\" height=\"150\" src=\"https:\/\/www.radiopiu.net\/wordpress\/wp-content\/uploads\/2023\/09\/f3ef7fd1-74b2-43d3-8455-edfdffb0bb98-150x150.jpg\" class=\"attachment-thumbnail size-thumbnail\" alt=\"\" \/><\/a>\n\t\t\t\t<\/dt><\/dl><br style=\"clear: both\" \/>\n\t\t\t<\/div>\n\n<p>&nbsp;<\/p>\n<\/div>\n<p>&nbsp;<\/p>\n<hr \/>\n<p>&nbsp;<\/p>\n<blockquote>\n<h3>INTERDIZIONE TOTALE AL TRAFFICO A DIGONERA, 203 AGORDINA A SINGHIOZZO E CHIUSURA A FASCE ORARIE DELLA SP 35 DI LASTE<\/h3>\n<\/blockquote>\n<p><strong>SP 563 SALESEI <\/strong>Fino\u00a0al 18 settembre\u00a0in localit\u00e0 Digonera di Rocca Pietore interdizione al traffico dalle 8 alle 18. Negli altri orari senso unico alternato regolato da semaforo.<\/p>\n<p><strong>SR 203 AGORDINA<\/strong>\u00a0localit\u00e0 La Pissa comune di Sedico,\u00a0dal 11 al 15 settembre\u00a0interruzioni temporanee al transito dalle 8 alle 9:35, dalle 9:50 alle 11:10, Dalle 11:25 alle 12:20 e dalle 14:25 alle 15:55<\/p>\n<p><strong>SP 35 DI LASTE\u00a0<\/strong>In comune di Rocca Pietore, <span style=\"color: #ff0000;\">dal 12 al 22 settembre<\/span>, esclusi sabati e domeniche, interdizione totale alla circolazione a fasce orarie. Dalle 8 alle 10, dalle 10:15 alle 12:15, dalle 13:15 alle 15 e dalle 15:15 alle 17.<\/p>\n<p>&nbsp;<\/p>\n<p>&nbsp;<\/p>\n<hr \/>\n<p>&nbsp;<\/p>\n<p>&nbsp;<\/p>\n<blockquote>\n<h2>Camminando\u2026.con AIDO, ABVS E ADMO<\/h2>\n<\/blockquote>\n<p><strong>PONTE NELLE ALPI<\/strong>\u00a0 Ciclo di due incontri al teatro di Paiane CIB a per parlare di cammini da diversi punti di vista. Da qui il titolo dell\u2019evento\u00a0 Camminando. Il primo dei due incontri si terr\u00e0 oggi alle 20.30 e vedr\u00e0 prima l\u2019intervento di Luca Dal Paos, presidente Cai della sezione Alpago, che narrer\u00e0 la sua esperienza di trekking in Pakistan e di seguito Andrea Sacchet, esperto camminatore delle lunghe distanze, che ci racconter\u00e0 il suo viaggio a piedi da Belluno a Capo Nord. Nel secondo incontro, venerd\u00ec 29 settembre alle ore 20.30, Mirko Dalle Mulle parler\u00e0 della sua ascesa al rifugio Regina Margherita sul M.te Rosa avvenuta dopo il trapianto. Concluderanno il ciclo di intervent personaggi di rilievo nell\u2019ambito dell\u2019arrampicata sportiva.<\/p>\n<p>&nbsp;<\/p>\n<hr \/>\n<p>&nbsp;<\/p>\n<blockquote>\n<h2>ROSANNA FIGLIA DEL TERRITORIO, DA CANACEDE IL NUOVO LIBRO<\/h2>\n<\/blockquote>\n<p><strong>SAN TOMASO<\/strong><\/p>\n<p><strong>GIANNI SANTOMASO<\/strong><\/p>\n<audio class=\"wp-audio-shortcode\" id=\"audio-352484-1\" preload=\"none\" style=\"width: 100%;\" controls=\"controls\"><source type=\"audio\/mpeg\" src=\"https:\/\/www.radiopiu.net\/wordpress\/wp-content\/uploads\/2023\/09\/rosanna-de-bona-gianni.mp3?_=1\" \/><a href=\"https:\/\/www.radiopiu.net\/wordpress\/wp-content\/uploads\/2023\/09\/rosanna-de-bona-gianni.mp3\">https:\/\/www.radiopiu.net\/wordpress\/wp-content\/uploads\/2023\/09\/rosanna-de-bona-gianni.mp3<\/a><\/audio>\n<p>&nbsp;<\/p>\n\n\t\t\t<style type='text\/css'>\n\t\t\t\t#gallery-3 {\n\t\t\t\t\tmargin: auto;\n\t\t\t\t}\n\t\t\t\t#gallery-3 .gallery-item {\n\t\t\t\t\tfloat: left;\n\t\t\t\t\tmargin-top: 10px;\n\t\t\t\t\ttext-align: center;\n\t\t\t\t\twidth: 33%;\n\t\t\t\t}\n\t\t\t\t#gallery-3 img {\n\t\t\t\t\tborder: 2px solid #cfcfcf;\n\t\t\t\t}\n\t\t\t\t#gallery-3 .gallery-caption {\n\t\t\t\t\tmargin-left: 0;\n\t\t\t\t}\n\t\t\t\t\/* see gallery_shortcode() in wp-includes\/media.php *\/\n\t\t\t<\/style>\n\t\t<div id='gallery-3' class='dt-gallery-container gallery galleryid-352484 gallery-columns-3 gallery-size-thumbnail'><dl class='gallery-item'>\n\t\t\t\t<dt class='gallery-icon landscape'>\n\t\t\t\t\t<a class=\"rollover rollover-zoom dt-pswp-item\" title=\"WhatsApp Image 2023-09-14 at 20.26.05\" data-dt-img-description=\"\" data-large_image_width=\"1476\" data-large_image_height=\"1008\"href='https:\/\/www.radiopiu.net\/wordpress\/wp-content\/uploads\/2023\/09\/WhatsApp-Image-2023-09-14-at-20.26.05.jpeg'><img loading=\"lazy\" decoding=\"async\" width=\"150\" height=\"150\" src=\"https:\/\/www.radiopiu.net\/wordpress\/wp-content\/uploads\/2023\/09\/WhatsApp-Image-2023-09-14-at-20.26.05-150x150.jpeg\" class=\"attachment-thumbnail size-thumbnail\" alt=\"\" \/><\/a>\n\t\t\t\t<\/dt><\/dl><dl class='gallery-item'>\n\t\t\t\t<dt class='gallery-icon landscape'>\n\t\t\t\t\t<a class=\"rollover rollover-zoom dt-pswp-item\" title=\"WhatsApp Image 2023-09-14 at 20.25.58\" data-dt-img-description=\"\" data-large_image_width=\"1476\" data-large_image_height=\"979\"href='https:\/\/www.radiopiu.net\/wordpress\/wp-content\/uploads\/2023\/09\/WhatsApp-Image-2023-09-14-at-20.25.58.jpeg'><img loading=\"lazy\" decoding=\"async\" width=\"150\" height=\"150\" src=\"https:\/\/www.radiopiu.net\/wordpress\/wp-content\/uploads\/2023\/09\/WhatsApp-Image-2023-09-14-at-20.25.58-150x150.jpeg\" class=\"attachment-thumbnail size-thumbnail\" alt=\"\" \/><\/a>\n\t\t\t\t<\/dt><\/dl><dl class='gallery-item'>\n\t\t\t\t<dt class='gallery-icon portrait'>\n\t\t\t\t\t<a class=\"rollover rollover-zoom dt-pswp-item\" title=\"WhatsApp Image 2023-09-14 at 20.26.13\" data-dt-img-description=\"\" data-large_image_width=\"984\" data-large_image_height=\"1046\"href='https:\/\/www.radiopiu.net\/wordpress\/wp-content\/uploads\/2023\/09\/WhatsApp-Image-2023-09-14-at-20.26.13.jpeg'><img loading=\"lazy\" decoding=\"async\" width=\"150\" height=\"150\" src=\"https:\/\/www.radiopiu.net\/wordpress\/wp-content\/uploads\/2023\/09\/WhatsApp-Image-2023-09-14-at-20.26.13-150x150.jpeg\" class=\"attachment-thumbnail size-thumbnail\" alt=\"\" \/><\/a>\n\t\t\t\t<\/dt><\/dl><br style=\"clear: both\" \/>\n\t\t\t<\/div>\n\n<p>&nbsp;<\/p>\n<p>&nbsp;<\/p>\n<p>&nbsp;<\/p>\n<hr \/>\n<p>&nbsp;<\/p>\n<h2><span style=\"color: #ff6600;\">IERI ALLA RADIO\u00a0<\/span><\/h2>\n<h2><span style=\"color: #993300;\">ARABBA MARMOLADA 2030, A UN PASSO DAL FUTURO<\/span><\/h2>\n<p><strong>VENERDI 22 SETTEMBRE\u00a0<\/strong> Il\u00a0 22 settembre\u00a0 al Rifugio Luigi Gorza, a Porta Vescovo, una serata di presentazione dei risultati del progetto di sviluppo Turistico Arabba Marmolada 2030, un lavoro di un paio d&#8217;anni con diversi attori del territorio.<\/p>\n<blockquote><p><em><strong><a class=\"dt-pswp-item\" href=\"https:\/\/www.radiopiu.net\/wordpress\/wp-content\/uploads\/2023\/09\/Arabba_Fodom_Turismo_ph_Roberto_De_Pellegrin_web-13.jpg\" data-dt-img-description=\"\" data-large_image_width=\"1800\" data-large_image_height=\"1200\"><img loading=\"lazy\" decoding=\"async\" class=\" wp-image-352334 alignleft\" src=\"https:\/\/www.radiopiu.net\/wordpress\/wp-content\/uploads\/2023\/09\/Arabba_Fodom_Turismo_ph_Roberto_De_Pellegrin_web-13-300x200.jpg\" alt=\"\" width=\"198\" height=\"132\" srcset=\"https:\/\/www.radiopiu.net\/wordpress\/wp-content\/uploads\/2023\/09\/Arabba_Fodom_Turismo_ph_Roberto_De_Pellegrin_web-13-300x200.jpg 300w, https:\/\/www.radiopiu.net\/wordpress\/wp-content\/uploads\/2023\/09\/Arabba_Fodom_Turismo_ph_Roberto_De_Pellegrin_web-13-1024x683.jpg 1024w, https:\/\/www.radiopiu.net\/wordpress\/wp-content\/uploads\/2023\/09\/Arabba_Fodom_Turismo_ph_Roberto_De_Pellegrin_web-13-768x512.jpg 768w, https:\/\/www.radiopiu.net\/wordpress\/wp-content\/uploads\/2023\/09\/Arabba_Fodom_Turismo_ph_Roberto_De_Pellegrin_web-13-1536x1024.jpg 1536w, https:\/\/www.radiopiu.net\/wordpress\/wp-content\/uploads\/2023\/09\/Arabba_Fodom_Turismo_ph_Roberto_De_Pellegrin_web-13.jpg 1800w\" sizes=\"auto, (max-width: 198px) 100vw, 198px\" \/><\/a>LIVINALLONGO<\/strong> Sei un cittadino dei Comuni di Rocca Pietore e Livinallongo del Col di Lana? Sei innamorato del tuo territorio e desideri dare il tuo contributo? Segnati questa data: 22 settembre ore 18:00, Rifugio Gorza Porta Vescovo. Sei invitato all\u2019evento \u201cArabba Marmolada 2030, a un passo dal futuro\u201d in cui verranno presentati i risultati di un progetto che guarda al tuo domani, un progetto promosso dai comuni, dalle associazioni turistiche e dagli operatori turistici del territorio, un progetto che ha gi\u00e0 coinvolto negli ultimi due anni cittadini appartenenti a diverse categorie. La salita in funivia dalle 17:00 in poi \u00e8 gratis, la presentazione sar\u00e0 seguita da un buffet conviviale con musica. Info e programma su arabba-marmolada.it Ora \u00e8 il momento di passare dalla teoria alla pratica: che fai, vieni?\u00a0<\/em><\/p><\/blockquote>\n<p>&nbsp;<\/p>\n<p><span style=\"color: #ff0000;\"><strong><a class=\"dt-pswp-item\" href=\"https:\/\/www.radiopiu.net\/wordpress\/wp-content\/uploads\/2023\/09\/34abd5be-301e-4c35-9757-b2f10e424f79.jpg\" data-dt-img-description=\"\" data-large_image_width=\"1024\" data-large_image_height=\"505\"><img loading=\"lazy\" decoding=\"async\" class=\"size-medium wp-image-352489 alignleft\" src=\"https:\/\/www.radiopiu.net\/wordpress\/wp-content\/uploads\/2023\/09\/34abd5be-301e-4c35-9757-b2f10e424f79-300x148.jpg\" alt=\"\" width=\"300\" height=\"148\" srcset=\"https:\/\/www.radiopiu.net\/wordpress\/wp-content\/uploads\/2023\/09\/34abd5be-301e-4c35-9757-b2f10e424f79-300x148.jpg 300w, https:\/\/www.radiopiu.net\/wordpress\/wp-content\/uploads\/2023\/09\/34abd5be-301e-4c35-9757-b2f10e424f79-768x379.jpg 768w, https:\/\/www.radiopiu.net\/wordpress\/wp-content\/uploads\/2023\/09\/34abd5be-301e-4c35-9757-b2f10e424f79.jpg 1024w\" sizes=\"auto, (max-width: 300px) 100vw, 300px\" \/><\/a>L&#8217;INTERVISTA A GUIDO WAILLANT E DENNI DORIGO<\/strong><\/span><\/p>\n<audio class=\"wp-audio-shortcode\" id=\"audio-352484-2\" preload=\"none\" style=\"width: 100%;\" controls=\"controls\"><source type=\"audio\/mpeg\" src=\"https:\/\/www.radiopiu.net\/wordpress\/wp-content\/uploads\/2023\/09\/GUIDO-ARABBA-CON-DENNI.mp3?_=2\" \/><a href=\"https:\/\/www.radiopiu.net\/wordpress\/wp-content\/uploads\/2023\/09\/GUIDO-ARABBA-CON-DENNI.mp3\">https:\/\/www.radiopiu.net\/wordpress\/wp-content\/uploads\/2023\/09\/GUIDO-ARABBA-CON-DENNI.mp3<\/a><\/audio>\n<p>&nbsp;<\/p>\n<blockquote>\n<h3>PROGETTO ARABBA-MARMOLADA 2030&#8230;. VENERDI IN DIRETTA ALLA RADIO<\/h3>\n<\/blockquote>\n<blockquote>\n<h3>PROGETTO ARABBA-MARMOLADA 2030&#8230;. VENERDI IN DIRETTA ALLA RADIO<\/h3>\n<\/blockquote>\n<p><strong><img loading=\"lazy\" decoding=\"async\" class=\"alignleft\" src=\"https:\/\/www.radiopiu.net\/wordpress\/wp-content\/uploads\/2022\/11\/MyRadioPiu_miaidea.png\" width=\"220\" height=\"170\" \/>VENERDI 22 SETTEMBRE DIRETTA SUI CANALI SOCIAL E ALLA RADIO A CURA DI DANIELE DALVIT, REGIA E COORDINAMENTO DALLO STUDIO MIRKO MEZZACASA, SUPPORTO TECNICO DIRETTA FM\u00a0 MARCO GAZ-GIANFRANCO TOME&#8217; <\/strong>Dalle 18 dal Rifugio Luigi Gorza, a Porta Vescovo, diretta della serata di presentazione dei risultati del progetto di sviluppo Turistico Arabba Marmolada 2030, un lavoro di un paio d&#8217;anni con diversi attori del territorio. L&#8217;evento in diretta su:\u00a0<strong> canale TELEGRAM\u00a0 di RADIOPIU<\/strong>\u00a0<a href=\"https:\/\/web.telegram.org\/k\/#@radiopiu\"> https:\/\/web.telegram.org\/k\/#@radiopiu\u00a0<\/a>\u00a0 canale FACEBOOK GRUPPO RADIO PIU&#8217; EMITTENTE AGORDINA\u00a0 <a href=\"https:\/\/www.facebook.com\/groups\/radiopiu\">https:\/\/www.facebook.com\/groups\/radiopiu<\/a> canale PAGINA RADIO PIU\u00a0 <a href=\"https:\/\/www.facebook.com\/radiopiu\">https:\/\/www.facebook.com\/radiopiu<\/a> canale PAGINA DIRETTA RADIO PIU&#8217; EMITTENTE AGORDINA\u00a0 <a href=\"https:\/\/www.facebook.com\/marco.baghy.1\/\">https:\/\/www.facebook.com\/marco.baghy.1\/<\/a> canale PAGINA MIRKO MEZZACASA https:\/\/www.facebook.com\/mirko.mezzacasa\/ canale PAGINA MIRKO MEZZINO MEZZA https:\/\/www.facebook.com\/Mirkomezziano\/ canale YOUTUBE<a href=\"https:\/\/www.youtube.com\/channel\/UC_sv6_pySrogmrRK354wWOw\"> https:\/\/www.youtube.com\/channel\/UC_sv6_pySrogmrRK354wWOw\u00a0<\/a> canale RADIO PIU&#8217; FM, FREQUENZE ALTO AGORDINO 97800, 88400, 102200 MEDIO AGORDINO 91700 VAL BIOIS 103800 97600 CONCA AGORDINA 97800 88200 102200 BELLUNO ALPAGO LONGARONE VALBELLUNA 104.400 FELTRE 88.300 IN STREAMING IN TUTTO IL MONDO SU www.radiopiu.net (https:\/\/www.shoutcaststreaming.it\/clients\/radiopiu\/) SULLA APP SAMSUNG I PHONE SCARICABILE GRATUITAMENTE DA <a href=\"https:\/\/www.radiopiu.net\/wordpress\/\">WWW.RADIOPIU.NET<\/a><\/p>\n<p>&nbsp;<\/p>\n<p>&nbsp;<\/p>\n<hr \/>\n<p>&nbsp;<\/p>\n<h2><span style=\"color: #3366ff;\">CONFINI DELLA MARMOLADA, UN&#8217;ALTRA SCONFITTA SUGLI USI CIVICI<\/span><\/h2>\n<p><a class=\"dt-pswp-item\" href=\"https:\/\/www.radiopiu.net\/wordpress\/wp-content\/uploads\/2021\/03\/ANDREA-DE-BERNARDIN.jpg\" data-dt-img-description=\"andrea de bernardin\" data-large_image_width=\"960\" data-large_image_height=\"540\"><img loading=\"lazy\" decoding=\"async\" class=\"wp-image-195558 alignleft\" src=\"https:\/\/www.radiopiu.net\/wordpress\/wp-content\/uploads\/2021\/03\/ANDREA-DE-BERNARDIN-300x169.jpg\" alt=\"\" width=\"186\" height=\"105\" srcset=\"https:\/\/www.radiopiu.net\/wordpress\/wp-content\/uploads\/2021\/03\/ANDREA-DE-BERNARDIN-300x169.jpg 300w, https:\/\/www.radiopiu.net\/wordpress\/wp-content\/uploads\/2021\/03\/ANDREA-DE-BERNARDIN-768x432.jpg 768w, https:\/\/www.radiopiu.net\/wordpress\/wp-content\/uploads\/2021\/03\/ANDREA-DE-BERNARDIN.jpg 960w\" sizes=\"auto, (max-width: 186px) 100vw, 186px\" \/><\/a><strong>di Mirko Mezzacasa<\/strong><\/p>\n<p>OSPITE: Andrea De Bernardin, Sindaco di Rocca Pietore<\/p>\n<audio class=\"wp-audio-shortcode\" id=\"audio-352484-3\" preload=\"none\" style=\"width: 100%;\" controls=\"controls\"><source type=\"audio\/mpeg\" src=\"https:\/\/www.radiopiu.net\/wordpress\/wp-content\/uploads\/2023\/09\/andrea-de-bernardin-MARMOLADA-2023.mp3?_=3\" \/><a href=\"https:\/\/www.radiopiu.net\/wordpress\/wp-content\/uploads\/2023\/09\/andrea-de-bernardin-MARMOLADA-2023.mp3\">https:\/\/www.radiopiu.net\/wordpress\/wp-content\/uploads\/2023\/09\/andrea-de-bernardin-MARMOLADA-2023.mp3<\/a><\/audio>\n<p>&nbsp;<\/p>\n<hr \/>\n<p>&nbsp;<\/p>\n<blockquote>\n<h3>PROROGATA LA CHIUSURA DELLA MOSTRA DI ENZO DEMATTE&#8217;<\/h3>\n<\/blockquote>\n<p><strong>CANALE D&#8217;AGORDO<\/strong> La mostra &#8220;Finestre in Val Biois: Enzo Dematt\u00e8. Note, racconti, poesie&#8221;\u00a0 rimarr\u00e0 aperta fino al 31 ottobre,\u00a0 l&#8217;esposizione sar\u00e0 visitabile\u00a0 aol<b><i>\u00a0Museo Albino Luciani <\/i><\/b>venerd\u00ec sabato e domenica dalle 9 alle 12 e dalle 15 alle 18 e\u00a0 alla <b><i>Casa delle Regole<\/i><\/b> su prenotazione allo 0437 1948001 per gruppi di almeno 20 persone<\/p>\n<p>&nbsp;<\/p>\n<p>&nbsp;<\/p>\n<hr \/>\n<p>&nbsp;<\/p>\n<h2><span style=\"color: #ff0000;\">GLI APPUNTAMENTI DELLA SETTIMANA\u00a0\u00a0<\/span><\/h2>\n<p>&nbsp;<\/p>\n<blockquote>\n<h3>OGGI LA PRESENTAZIONE DI MUSICALMENTE LIMANA<\/h3>\n<\/blockquote>\n<p><strong>LIMANA<\/strong> Una nuova regia per il progetto MusicLab-Musicalmente Limana<b>. <\/b>L\u2019iniziativa non \u00e8 rivolta solo agli ex-allievi dell\u2019indirizzo musicale della scuola secondaria di primo grado di Limana. Potranno infatti accedere al programma anche gli ex-allievi di altre scuole a indirizzo musicale e non e i ragazzi dai 14 anni che suonano gi\u00e0 uno strumento musicale. Il progetto verr\u00e0 presentato oggi alle 20:30 a Limana, in sala Nocivelli<\/p>\n<div>\n<div><\/div>\n<blockquote>\n<h3>\u00a0SOSPIROLO SPORT E CULTURA<\/h3>\n<\/blockquote>\n<\/div>\n<div><strong>SOSPIROLO<\/strong> Oggi alle 20.45 al Centro civico Fuocherello, Fuochino, Fuoco: miti e riti della tradizione popolare a cura del Professor Cesare Poppi, antropologo. Serata divulgativa del Concorso letterario (Biblioteca-Pro Loco). Domenica \u00e8 invece in programma\u00a0 alle 9. il trail da Torbe Pedonata CorriMamma di 5, 10, 16 km trail (Comitato Genitori-GR Torbe)<\/div>\n<p>&nbsp;<\/p>\n<blockquote>\n<h3>LA PRESENTAZIONE DEL LIBRO DI BENIAMINO DAL FABBRO<\/h3>\n<\/blockquote>\n<p><strong>BELLUNO<\/strong> Oggi, nella sala Eliseo Dal Pont \u201cBianchi\u201d di Belluno, si terra\u0300 la presentazione del libro \u201cLettere a un provinciale\u201d di Beniamino Dal Fabbro, appena pubblicato da Libreria Campede\u0300l editore. A curare la presentazione sara\u0300 Giovanni Grazioli, direttore della Biblioteca civica di Belluno, con le letture scelte tratte dal libro e con la voce di Piero Bolzan. A organizzare l\u2019incontro, Biblioteca civica di Belluno e Libreria Campede\u0300l. L\u2019ingresso e\u0300 libero e aperto alla partecipazione di tutti. Nell\u2019occasione, il libro sara\u0300 in vendita in sala.<\/p>\n<p>&nbsp;<\/p>\n<blockquote>\n<h3>CAMMINATURALMENTE<\/h3>\n<\/blockquote>\n<p><span style=\"font-size: medium;\"><strong>LONGARONE <\/strong>Un viaggio nello spazio e nel tempo per ricordare il tragico evento, visitando i principali luoghi della memoria.\u00a0<\/span> <span style=\"font-family: Calibri, serif;\"><span style=\"font-size: medium;\"><b>Domani<\/b><\/span><\/span><span style=\"font-family: Calibri, serif;\"><span style=\"font-size: medium;\">. Itinerario a piedi di ca 2 km con dislivello irrilevante. Durata ca 3 ore e mezza. Ritrovo alle 8 al parcheggio della stazione ferroviaria di Longarone. <\/span><\/span><span style=\"font-family: Calibri, serif;\"><span style=\"font-size: medium;\"><i><b>Iscrizione obbligatoria a <\/b><\/i><\/span><\/span><a href=\"mailto:biblioteca@comune.belluno.it\"><span style=\"color: #0563c1;\"><span style=\"font-family: Calibri, serif;\"><span style=\"font-size: medium;\"><i><u><b>biblioteca@comune.belluno.it<\/b><\/u><\/i><\/span><\/span><\/span><\/a><span style=\"font-family: Calibri, serif;\"><span style=\"font-size: medium;\"><i><b> o al tel 0437 948093 entro le ore 12,30 di venerdi.<\/b><\/i><\/span><\/span><\/p>\n<p>&nbsp;<\/p>\n<blockquote>\n<h3>ZUMBRILLENBAR&#8230;APRE LE PORTE AL CAMIONISTA<\/h3>\n<\/blockquote>\n<p>&nbsp;<\/p>\n<p><a class=\"dt-pswp-item\" href=\"https:\/\/www.radiopiu.net\/wordpress\/wp-content\/uploads\/2023\/09\/zumbrillenbar.jpg\" data-dt-img-description=\"\" data-large_image_width=\"1024\" data-large_image_height=\"680\"><img loading=\"lazy\" decoding=\"async\" class=\" wp-image-351940 alignleft\" src=\"https:\/\/www.radiopiu.net\/wordpress\/wp-content\/uploads\/2023\/09\/zumbrillenbar-300x199.jpg\" alt=\"\" width=\"157\" height=\"104\" srcset=\"https:\/\/www.radiopiu.net\/wordpress\/wp-content\/uploads\/2023\/09\/zumbrillenbar-300x199.jpg 300w, https:\/\/www.radiopiu.net\/wordpress\/wp-content\/uploads\/2023\/09\/zumbrillenbar-768x510.jpg 768w, https:\/\/www.radiopiu.net\/wordpress\/wp-content\/uploads\/2023\/09\/zumbrillenbar.jpg 1024w\" sizes=\"auto, (max-width: 157px) 100vw, 157px\" \/><\/a>sei un camionista?&#8230;allora preparati a fare festa con noi! domani la cena dei camionisti al Zumbrillenbar ad Agordo.<br \/>\nInfo e prenotazioni da Devis al 3474897920<\/p>\n<p>ZUMBRILLENBAR&#8230;APRE LE PORTE AL CAMIONISTA!<\/p>\n<p>&nbsp;<\/p>\n<blockquote>\n<h3>LA FESTA A SAN CIPRIANO<\/h3>\n<\/blockquote>\n<p><strong>TAIBON<\/strong> Domani a Taibon si festeggia San Cipriano. Alle 18:30 la messa in onore del Santo Patrono e a seguire musica e buffet in piazza.<\/p>\n<p>&nbsp;<\/p>\n<blockquote>\n<h3>I COLLEZIONISTI SI INCONTRANO AD ANDRAZ<\/h3>\n<\/blockquote>\n<p><strong>LIVINALLONGO<\/strong> Domani dalle 15 alle 18 i collezionisti sul tema della Grande Guerra si riuniranno ad Andraz per visionare e scambiarsi i materiali raccolti<\/p>\n<p>&nbsp;<\/p>\n<blockquote>\n<h3>ALLA PARAFARMACIA DI AGORDO<\/h3>\n<\/blockquote>\n<p><strong>AGORDO<\/strong> Vorresti sapere cosa dicono i tuoi occhi sul tuo stato di benessere fisico e mentale? Domani alla Parafarmacia di Agordo di Nadia Bulf al Centro Ganz sar\u00e0 presente un esperto iridologo. L\u2019occhio \u00e8 come una mappa del nostro corpo, ci permette di avere informazioni su come stiamo e cosa possiamo fare per migliorare il nostro stato di salute. Per informazioni e prenotazioni chiamare il 0437\/866683.<\/p>\n<p>&nbsp;<\/p>\n<blockquote>\n<h3>CONCERTO A LIMANA<\/h3>\n<\/blockquote>\n<p><strong>LIMANA<\/strong> Domani alle 20.30 nella sala riunioni del Municipio, concerto di Musica da Camera del trio Stravagante, 2 Flauti e Violoncello con Alberto Barletta &#8211; Elisa Parodi &#8211; Fabio Storino. Eseguiranno brani di J.S. Bach, A. Corelli, F.J. Haydn, L. Bernstein, L. Bacalov, E. Morricone e N. Rota, ingresso libero. Una proposta del Comune, Assessorato alla Cultura e Biblioteca Comunale<\/p>\n<p>&nbsp;<\/p>\n<blockquote>\n<h3>LA SAGRA DI FREGONA A CANALE D&#8217;AGORDO<\/h3>\n<\/blockquote>\n<p><strong>CANALE D&#8217;AGORDO <\/strong>16 e 17 settembre sono le date da segnare sul calendario. A Canale D&#8217;Agordo torna la Sagra di Fregona, due giorni di festa nella frazione canalina. Sabato apertura tendone alle 17, cucina alle 18 e alla sera musica con Tirock Band. Domenica alle 10:30 la santa messa, alle 11 apertura tendone e alle 12 la cucina con piatti tipici. Nel pomeriggio balli e giochi, musica fino a sera con Mirko e I Rosegot e alle 19:30 la processione per le vie del paese.<\/p>\n<p>&nbsp;<\/p>\n<blockquote>\n<h3>UN FINE SETTIMANA DI LABIRINTI A SOSPIROLO<\/h3>\n<\/blockquote>\n<p><strong>SOSPIROLO<\/strong> Domani e domenica all&#8217;Agriturismo Fattoria dei Fiori di Sospirolo verr\u00e0 proposto un workshop con Enrico Fauro dove si parler\u00e0 di labirinti nel passato e della loro utilit\u00e0 oggi.<\/p>\n<p>&nbsp;<\/p>\n<blockquote>\n<h3>ENSAMBLE IL FISCHIO A LANDRIS<\/h3>\n<\/blockquote>\n<p><strong>SEDICO<\/strong> Domenica 17 settembre a Landris di Sedico alle 17 presso Corte Ferrante di Vialla Miari Bentivoglio il concerto dell&#8217;Ensamble Il Fischio con Paola Brunello voce recitante<\/p>\n<p>&nbsp;<\/p>\n<blockquote>\n<h3>DOMENICA ESCURSIONE CON IL CAI DI BELLUNO<\/h3>\n<\/blockquote>\n<p><strong>BELLUNO<\/strong> La Commissione Escursionismo della Sezione di Belluno del Club Alpino Italiano organizza per domenica 17 settembre 2023 una <span style=\"color: #000000;\">interessante <\/span>escursione <span style=\"color: #000000;\">che sale una vetta di confine di grande importanza storica per gli avvenimenti accaduti nella Prima Guerra Mondiale. <\/span><\/p>\n<p>&nbsp;<\/p>\n<blockquote>\n<h3>UN CONCERTO PER CASA TUA DUE<\/h3>\n<\/blockquote>\n<p><strong>BELLUNO<\/strong> Kyoko Takezawa &amp; Friends \u00e8 il titolo del concerto che chiuder\u00e0 la Settimana Musicale di Belluno 2023. Un quintetto di grande prestigio al Teatro Comunale di Belluno domenica alle 18.<\/p>\n<p>&nbsp;<\/p>\n<blockquote>\n<h3>RIPARTONO I CORSI DI ADA<\/h3>\n<\/blockquote>\n<p><strong>AGORDO<\/strong> A partire dal 25 settembre ripartono i corsi dell&#8217;Associazione Danza Agordina. Le iscrizioni alla sede dei corsi presso la palestra delle scuole elementari di Agordo nei giorni 15-18-19 settembre dalle 17 alle 19. Per informazioni 348 8062103 oppure ada.agordo@libero.it<\/p>\n<p>&nbsp;<\/p>\n<blockquote>\n<h3>FINE SETTIMANA CON IL CAI DI AGORDO<\/h3>\n<\/blockquote>\n<p><strong>AGORDO<\/strong> Sabato e domenica escursione di due giorni a nord di Rio Pusteria tra Malga Fane e cime montuose oltre i 3000 metri.\u00a0 Accompagnatori Antonello Cibien, Anna Magro, Dario Dell&#8217;Osbel, Fabiana Luciani e Fabio Focardi<\/p>\n<p>&nbsp;<\/p>\n<h2><span style=\"color: #ff0000;\">PROSSIMAMENTE&#8230;\u00a0\u00a0<\/span><\/h2>\n<p><strong><a class=\"dt-pswp-item\" href=\"https:\/\/www.radiopiu.net\/wordpress\/wp-content\/uploads\/2023\/09\/84243051-bb93-44b6-b1e4-d199c2330988.jpg\" data-dt-img-description=\"\" data-large_image_width=\"715\" data-large_image_height=\"1024\"><img loading=\"lazy\" decoding=\"async\" class=\"size-medium wp-image-352515 aligncenter\" src=\"https:\/\/www.radiopiu.net\/wordpress\/wp-content\/uploads\/2023\/09\/84243051-bb93-44b6-b1e4-d199c2330988-209x300.jpg\" alt=\"\" width=\"209\" height=\"300\" srcset=\"https:\/\/www.radiopiu.net\/wordpress\/wp-content\/uploads\/2023\/09\/84243051-bb93-44b6-b1e4-d199c2330988-209x300.jpg 209w, https:\/\/www.radiopiu.net\/wordpress\/wp-content\/uploads\/2023\/09\/84243051-bb93-44b6-b1e4-d199c2330988.jpg 715w\" sizes=\"auto, (max-width: 209px) 100vw, 209px\" \/> <\/a><\/strong><\/p>\n<p><strong>LA MESSA A FORCELLA CAMP\u00a0<\/strong> il 23 settembre alle 10,30 appuntamento a Forcella Camp. Ventitre&#8217; anni fa l&#8217;idea di Giorgio Favero e da allora ogni anno \u00e8 diventato punto importante di ritrovo per chi ama la montagna con un pensiero all&#8217;indimenticabile amico Giorgio Favero.<\/p>\n<p>&nbsp;<\/p>\n<hr \/>\n<blockquote>\n<h3><\/h3>\n<h3>IL COMPLEANNO DI INSIEME SI PUO&#8217; FODOM<\/h3>\n<\/blockquote>\n<p><strong>LIVINALLONGO<\/strong> Sabato 23 settembre alle 20 nella sala congressi di Arabba il gruppo Insieme Si Pu\u00f2 di Fodom festeggia il compleanno. 20+2 il titolo della serata in cui verr\u00e0 presentato il libro fotografico di Edy Mariaclara, Anna e Matteo.<\/p>\n<p>&nbsp;<\/p>\n<p><a class=\"dt-pswp-item\" href=\"https:\/\/www.radiopiu.net\/wordpress\/wp-content\/uploads\/2023\/09\/42736ef3-6d90-452a-b3ec-551dca51eeaf.jpg\" data-dt-img-description=\"\" data-large_image_width=\"1456\" data-large_image_height=\"2048\"><img loading=\"lazy\" decoding=\"async\" class=\"size-medium wp-image-352248 alignleft\" src=\"https:\/\/www.radiopiu.net\/wordpress\/wp-content\/uploads\/2023\/09\/42736ef3-6d90-452a-b3ec-551dca51eeaf-213x300.jpg\" alt=\"\" width=\"213\" height=\"300\" srcset=\"https:\/\/www.radiopiu.net\/wordpress\/wp-content\/uploads\/2023\/09\/42736ef3-6d90-452a-b3ec-551dca51eeaf-213x300.jpg 213w, https:\/\/www.radiopiu.net\/wordpress\/wp-content\/uploads\/2023\/09\/42736ef3-6d90-452a-b3ec-551dca51eeaf-728x1024.jpg 728w, https:\/\/www.radiopiu.net\/wordpress\/wp-content\/uploads\/2023\/09\/42736ef3-6d90-452a-b3ec-551dca51eeaf-768x1080.jpg 768w, https:\/\/www.radiopiu.net\/wordpress\/wp-content\/uploads\/2023\/09\/42736ef3-6d90-452a-b3ec-551dca51eeaf-1092x1536.jpg 1092w, https:\/\/www.radiopiu.net\/wordpress\/wp-content\/uploads\/2023\/09\/42736ef3-6d90-452a-b3ec-551dca51eeaf.jpg 1456w\" sizes=\"auto, (max-width: 213px) 100vw, 213px\" \/><\/a><\/p>\n<p>44ESIMA MOSTRA MERCATO A VILLA PATT DI SEDICO. DOMENICA 24 SETTEMBRE DALLE 9.30 A SERA: PRODOTTI AGRICOLI LATTIERO-CASEARI, HOBBYSTICA, FATTORIA DIDATTICA, MOSTRE E GIOCHI DI UNA VOLTA PER GRANDI E BAMBINI CON IL GRUPPO COMITATO PULLIR. IMMANCABILE LA TRUCCABIMBI STRYLLI E L&#8217;ANIMAZIONE PER I PIU&#8217; PICCOLI. ALLE 9.30 CONVEGNO SUL MIELE CON API DOLOMITI, DALLE 11.30 CUCINA APERTA CON PIATTI TIPICI E FORNITISSIMI CHIOSCHI, INTRATTENIMENTO MUSICALE CON FAUSTO E CHIARA. DOMENICA 24 SETTEMBRE A SEDICO VILLA PATT!<\/p>\n<p>&nbsp;<\/p>\n<p>&nbsp;<\/p>\n<p>&nbsp;<\/p>\n<p>&nbsp;<\/p>\n<p>&nbsp;<\/p>\n<p>&nbsp;<\/p>\n<blockquote>\n<h3>DON LUIGI CIOTTI A LONGARONE<\/h3>\n<\/blockquote>\n<p><strong>LONGARONE<\/strong> Don Luigi Ciotti sar\u00e0 a breve nuovamente nella nostra provincia! L&#8217;evento, dedicato al sessantesimo anniversario del Vajont si svolger\u00e0 a Longarone nella mattinata del 19 settembre alle 10.30 in un luogo carico di significato ovvero il cimitero delle vittime di Fortogna. Sar\u00e0 presente anche il Vescovo della Diocesi di Belluno -Feltre Renato Marangoni &#8211; evento inserito nel calendario ufficiale del 60\u00b0 anniversario del Vajont.<\/p>\n<p>&nbsp;<\/p>\n<blockquote>\n<h3>IL QUINTO MINITRAIL DI VILLA SAN FRANCESCO<\/h3>\n<\/blockquote>\n<p><strong>PEDAVENA<\/strong> Il 24 settembre \u00e8 in programma il 5\u00b0 Minitrail di Villa San Francesco. Alle 8:30 l&#8217;apertura delle iscrizioni, alle 9:30 la partenza. A seguire premiazioni e rinfresco. Pacco gara per i primi 100 iscritti<\/p>\n<p>&nbsp;<\/p>\n<p>&nbsp;<\/p>\n<hr \/>\n<p>&nbsp;<\/p>\n<div class=\"message spoilers-container\" dir=\"auto\">\n<div class=\"column\">\n<div class=\"message spoilers-container\" dir=\"auto\">\n<div class=\"column\">\n<p><img loading=\"lazy\" decoding=\"async\" class=\"aligncenter wp-image-61954 size-full\" src=\"https:\/\/www.radiopiu.net\/wordpress\/wp-content\/uploads\/2018\/09\/viabilita.jpeg\" sizes=\"auto, (max-width: 800px) 100vw, 800px\" srcset=\"https:\/\/www.radiopiu.net\/wordpress\/wp-content\/uploads\/2018\/09\/viabilita.jpeg 800w, https:\/\/www.radiopiu.net\/wordpress\/wp-content\/uploads\/2018\/09\/viabilita-300x38.jpeg 300w, https:\/\/www.radiopiu.net\/wordpress\/wp-content\/uploads\/2018\/09\/viabilita-768x96.jpeg 768w\" alt=\"\" width=\"800\" height=\"100\" \/><\/p>\n<\/div>\n<\/div>\n<div class=\"message spoilers-container\" dir=\"auto\">\n<div class=\"column\">\n<p>&nbsp;<\/p>\n<\/div>\n<\/div>\n<\/div>\n<\/div>\n<blockquote class=\"wp-embedded-content\" data-secret=\"DjdVAQBQHf\"><p><a href=\"https:\/\/www.radiopiu.net\/wordpress\/viabilita\/\">viabilita<\/a><\/p><\/blockquote>\n<p><iframe loading=\"lazy\" class=\"wp-embedded-content\" sandbox=\"allow-scripts\" security=\"restricted\" style=\"position: absolute; clip: rect(1px, 1px, 1px, 1px);\" title=\"&#8220;viabilita&#8221; &#8212; Radio Pi\u00f9\" src=\"https:\/\/www.radiopiu.net\/wordpress\/viabilita\/embed\/#?secret=XLpGRENKkJ#?secret=DjdVAQBQHf\" data-secret=\"DjdVAQBQHf\" width=\"600\" height=\"338\" frameborder=\"0\" marginwidth=\"0\" marginheight=\"0\" scrolling=\"no\"><\/iframe><\/p>\n<div class=\"message spoilers-container\" dir=\"auto\">\n<div class=\"column\">\n<div class=\"message spoilers-container\" dir=\"auto\">\n<div class=\"column\">\n<div>\n<div dir=\"ltr\">\n<div class=\"gmail_quote\">\n<div dir=\"ltr\">\n<div><\/div>\n<div><\/div>\n<div><\/div>\n<\/div>\n<\/div>\n<\/div>\n<\/div>\n<hr \/>\n<p>&nbsp;<\/p>\n<p><a class=\"dt-pswp-item\" href=\"https:\/\/www.radiopiu.net\/wordpress\/wp-content\/uploads\/2018\/09\/WhatsApp-Image-2018-09-20-at-16.04.06.jpeg\" data-dt-img-description=\"\" data-large_image_width=\"800\" data-large_image_height=\"100\"><img loading=\"lazy\" decoding=\"async\" class=\"wp-image-61378 size-full aligncenter\" src=\"https:\/\/www.radiopiu.net\/wordpress\/wp-content\/uploads\/2018\/09\/WhatsApp-Image-2018-09-20-at-16.04.06.jpeg\" alt=\"\" width=\"800\" height=\"100\" srcset=\"https:\/\/www.radiopiu.net\/wordpress\/wp-content\/uploads\/2018\/09\/WhatsApp-Image-2018-09-20-at-16.04.06.jpeg 800w, https:\/\/www.radiopiu.net\/wordpress\/wp-content\/uploads\/2018\/09\/WhatsApp-Image-2018-09-20-at-16.04.06-300x38.jpeg 300w, https:\/\/www.radiopiu.net\/wordpress\/wp-content\/uploads\/2018\/09\/WhatsApp-Image-2018-09-20-at-16.04.06-768x96.jpeg 768w\" sizes=\"auto, (max-width: 800px) 100vw, 800px\" \/><\/a><\/p>\n<\/div>\n<\/div>\n<p>&nbsp;<\/p>\n<\/div>\n<\/div>\n<p><center><b>OGGI<\/b><\/center>Al mattino tempo discreto\/variabile con rasserenamenti e nuvolosit\u00e0 irregolare, localmente anche bassa. Dalle ore centrali maggiore nuvolosit\u00e0, anche per addensamenti associati a qualche fenomeno sparso. Alla sera diradamento della nuvolosit\u00e0 a partire dalle Prealpi.<br \/>\n<b>Precipitazioni: <\/b>Al mattino pressoch\u00e9 assenti, salvo qualche goccia prima delle ore centrali del giorno (10-20%). Al pomeriggio fenomeni sparsi a carattere di piovasco o rovescio (50-60%), ma non piover\u00e0 ovunque.<br \/>\n<b>Temperature: <\/b>Senza notevoli variazioni, salvo lieve calo delle massime nei settori pi\u00f9 interessati dalla temporanea instabilit\u00e0 pomeridiana.<\/p>\n<hr \/>\n<p><center><b>DOMANI<\/b><\/center><b>Tempo atteso: <\/b>Al mattino in prevalenza soleggiato con passaggio di qualche banco di cirri, salvo iniziali nubi basse, in rapido dissolvimento. Al pomeriggio parziale intensificazione della nuvolosit\u00e0 fino a cielo coperto, dapprima sulle Prealpi, successivamente sulle Dolomiti. L&#8217;insidia precipitazioni rimarr\u00e0 bassa, salvo qualche goccia serale, pi\u00f9 probabile sulle Prealpi.<br \/>\n<b>Precipitazioni: <\/b>Assenti (0%).<br \/>\n<b>Temperature: <\/b>Minime stazionarie in alta quota e in calo nelle valli; massime in generale lieve ripresa.<\/p>\n<hr \/>\n<p><center><b>DOMENICA<\/b><\/center>Al mattino sole e sottili velature, anche temporanee nubi basse qua e l\u00e0, specie sulle Prealpi e su Dolomiti cadorine. In seguito in prevalenza soleggiato sia sulle prealpi che sulle Dolomiti, anche se su le ultime potr\u00e0 essere solo parzialmente soleggiato al pomeriggio per comparsa di stratocumuli, i quali potrebbero ridurre notevolmente la visibilit\u00e0 su alcuni gruppi montuosi. Temperature in ripresa, salvo calo delle minime in alcune valli.<\/p>\n<hr \/>\n<p><center><b>LUNEDI<\/b><\/center>Solo parzialmente soleggiato per nubi alte in grado di velare il cielo e per presenza di nubi basse, specie nelle prime ore del giorno, anche se non ovunque. Temperature in ulteriore generale lieve aumento.<\/p>\n<p>&nbsp;<\/p>\n<div class=\"message spoilers-container\" dir=\"auto\">\n<hr \/>\n<p>&nbsp;<\/p>\n<p><img loading=\"lazy\" decoding=\"async\" class=\"wp-image-60761 size-full aligncenter\" src=\"https:\/\/www.radiopiu.net\/wordpress\/wp-content\/uploads\/2018\/09\/sport.jpg\" alt=\"\" width=\"800\" height=\"100\" srcset=\"https:\/\/www.radiopiu.net\/wordpress\/wp-content\/uploads\/2018\/09\/sport.jpg 800w, https:\/\/www.radiopiu.net\/wordpress\/wp-content\/uploads\/2018\/09\/sport-300x38.jpg 300w, https:\/\/www.radiopiu.net\/wordpress\/wp-content\/uploads\/2018\/09\/sport-768x96.jpg 768w\" sizes=\"auto, (max-width: 800px) 100vw, 800px\" \/><\/p>\n<p>&nbsp;<\/p>\n<p><span style=\"color: #0000ff;\"><strong>CORSA CAMPESTRE<\/strong><\/span><\/p>\n<blockquote>\n<h3>TROFEO 16 COMUNI L&#8217;EVENTO CHE UNISCE UNA VALLATA DAL VIA AL BAGNO IN FONTANA<\/h3>\n<\/blockquote>\n<p><strong><img loading=\"lazy\" decoding=\"async\" class=\"alignleft\" src=\"https:\/\/www.radiopiu.net\/wordpress\/wp-content\/uploads\/2023\/09\/SCR-20230910-otgj.jpeg\" width=\"343\" height=\"191\" \/>REDAZIONE<\/strong> Quando una festa finisce con un bagno in fontana significa che la giornata \u00e8 di quelle calde, anche se a settembre. Ma soprattutto quando finisce con il bagno in fontana vuol dire avere raggiunto uno degli apici della felicit\u00e0. Gli amici di Canale d&#8217;Agordo ne avevano pieno diritto di festeggiare e tirare nella festa tutti gli altri. Dopo il covid, dopo le rinunce e le incertezze la ripartenza. Manuela ha iniziato a parlarne un anno prima. Gli vanno riconosciuti i meriti di aver fatto da collante tra un esercito di volontari ai quali Canale d&#8217;Agordo ci ha da tempo abituato, si pensi a San Giovanni,\u00a0 La Zinghenesta, I Mascherai, ma anche le tante iniziative della Proloco del vulcanico Vigilio Costa e Claudia Tancon, i due riferimenti per turisti e valligiani.<\/p>\n<p><a class=\"dt-pswp-item\" href=\"https:\/\/www.radiopiu.net\/wordpress\/wp-content\/uploads\/2023\/09\/Senza-nome-28.png\" data-dt-img-description=\"\" data-large_image_width=\"137\" data-large_image_height=\"182\"><img loading=\"lazy\" decoding=\"async\" class=\"size-full wp-image-352496 alignright\" src=\"https:\/\/www.radiopiu.net\/wordpress\/wp-content\/uploads\/2023\/09\/Senza-nome-28.png\" alt=\"\" width=\"137\" height=\"182\" \/><\/a>I complimenti ai canalini sono d&#8217;obbligo, soprattutto per aver saputo coinvolgere un paese, da mattina presto e fino a sera. Gi\u00e0 al sorgere del sole a Canale d&#8217;Agordo non si parlava d&#8217;altro, l&#8217;enciclopedia Budy tra un caffe&#8217; e uno spritz dal Bar Sport ha raccontato i fasti del passato, dalla fine degli anni Settanta snocciolando vittorie e nomi altisonanti, Adami, Deola, Pasquali e accanto a questi nomi da sprint anche il mitico Tex, il mio amico Adriano Tancon, l&#8217;uomo di Sarajevo.<\/p>\n<p>La 16 Comuni si conferma la manifestazione che unisce una vallata, al momento delle premiazioni i sindaci presenti erano orgogliosi di rappresentare il loro paese perch\u00e9 questo evento unisce, crea amicizie, in sintesi: gioia. Uno dei pochi appuntamenti, con il campionato di calcio agordino,\u00a0 che da decenni si trasforma per una vallata che si fa trovare tutt&#8217;altro che disunita. Era gi\u00e0 successo negli anni Novanta con Pascal Fervail quando invent\u00f2\u00a0 AGORDINO ICE una sorta di giochi senza frontiere\u00a0 itinerante nei paesi della vallata,\u00a0 tra prove sul ghiaccio e sulla neve&#8230; Chiss\u00e0 se i tempi sono maturi per riproporre questo evento, tra l&#8217;altro Pascal \u00e8 tornato a &#8220;casa&#8221; e quindi potrebbe essere l&#8217;anno buono.<\/p>\n<p>&nbsp;<\/p>\n<blockquote><p><span style=\"color: #ff0000;\"><strong>IL GRAZIE E IL SALUTO DA CANALE D&#8217;AGORDO E IN BOCCA AL LUPO AGLI AMICI DI LA VALLE AGORDINA CHE IL PROSSIMO ANNO OSPITANO IL TROFEO DEI 16 COMUNI\u00a0<\/strong><\/span><\/p><\/blockquote>\n<div style=\"width: 848px;\" class=\"wp-video\"><video class=\"wp-video-shortcode\" id=\"video-352484-1\" width=\"848\" height=\"480\" preload=\"metadata\" controls=\"controls\"><source type=\"video\/mp4\" src=\"https:\/\/www.radiopiu.net\/wordpress\/wp-content\/uploads\/2023\/09\/WhatsApp-Video-2023-09-14-at-10.00.02.mp4?_=1\" \/><a href=\"https:\/\/www.radiopiu.net\/wordpress\/wp-content\/uploads\/2023\/09\/WhatsApp-Video-2023-09-14-at-10.00.02.mp4\">https:\/\/www.radiopiu.net\/wordpress\/wp-content\/uploads\/2023\/09\/WhatsApp-Video-2023-09-14-at-10.00.02.mp4<\/a><\/video><\/div>\n<p>&nbsp;<\/p>\n<p><span style=\"color: #0000ff;\"><strong>MOTORI<\/strong><\/span><\/p>\n<p>&nbsp;<\/p>\n<p><a class=\"dt-pswp-item\" href=\"https:\/\/www.radiopiu.net\/wordpress\/wp-content\/uploads\/2023\/09\/4fb4fbd0-e109-4dda-836c-39c9a1c118bb.jpg\" data-dt-img-description=\"\" data-large_image_width=\"1600\" data-large_image_height=\"1200\"><img loading=\"lazy\" decoding=\"async\" class=\"wp-image-352516 alignleft\" src=\"https:\/\/www.radiopiu.net\/wordpress\/wp-content\/uploads\/2023\/09\/4fb4fbd0-e109-4dda-836c-39c9a1c118bb-300x225.jpg\" alt=\"\" width=\"159\" height=\"119\" srcset=\"https:\/\/www.radiopiu.net\/wordpress\/wp-content\/uploads\/2023\/09\/4fb4fbd0-e109-4dda-836c-39c9a1c118bb-300x225.jpg 300w, https:\/\/www.radiopiu.net\/wordpress\/wp-content\/uploads\/2023\/09\/4fb4fbd0-e109-4dda-836c-39c9a1c118bb-1024x768.jpg 1024w, https:\/\/www.radiopiu.net\/wordpress\/wp-content\/uploads\/2023\/09\/4fb4fbd0-e109-4dda-836c-39c9a1c118bb-768x576.jpg 768w, https:\/\/www.radiopiu.net\/wordpress\/wp-content\/uploads\/2023\/09\/4fb4fbd0-e109-4dda-836c-39c9a1c118bb-1536x1152.jpg 1536w, https:\/\/www.radiopiu.net\/wordpress\/wp-content\/uploads\/2023\/09\/4fb4fbd0-e109-4dda-836c-39c9a1c118bb.jpg 1600w\" sizes=\"auto, (max-width: 159px) 100vw, 159px\" \/><\/a><strong>IL RITORNO DELLA PEDAVENA CROCE D&#8217;AUNE<\/strong><\/p>\n<p><strong>DI DANIELE DAL VIT<\/strong><\/p>\n<audio class=\"wp-audio-shortcode\" id=\"audio-352484-4\" preload=\"none\" style=\"width: 100%;\" controls=\"controls\"><source type=\"audio\/mpeg\" src=\"https:\/\/www.radiopiu.net\/wordpress\/wp-content\/uploads\/2023\/09\/Radio-Piu-Servizio-Ritorno-Pedavena-Croce-dAune.mp3?_=4\" \/><a href=\"https:\/\/www.radiopiu.net\/wordpress\/wp-content\/uploads\/2023\/09\/Radio-Piu-Servizio-Ritorno-Pedavena-Croce-dAune.mp3\">https:\/\/www.radiopiu.net\/wordpress\/wp-content\/uploads\/2023\/09\/Radio-Piu-Servizio-Ritorno-Pedavena-Croce-dAune.mp3<\/a><\/audio>\n<p>&nbsp;<\/p>\n<p>&nbsp;<\/p>\n<p>&nbsp;<\/p>\n<p>&nbsp;<\/p>\n<\/div>\n","protected":false},"excerpt":{"rendered":"<p>40esimo di RADIOPIU\u2026. LA VOCE DELL\u2019EMOZIONE ISCRIVITI AL NOSTRO CANALE\u00a0\u00a0YOUTUBE PER SEGUIRE IN DIRETTA I PRINCIPALI PROGRAMMI DI RADIO PIU\u2019 E LE FUTURE DIRETTE IN ESTERNA. PER ISCRIVERTI\u00a0CLICCA QUI\u00a0E PREMI\u00a0 \u201cIscriviti\u201d &nbsp; &nbsp; &nbsp; LUNEDI&#8217; INTERRUZIONE PROGRAMMATA GSP A LIVINALLONGO Gestione Servizi Pubblici informa che, per lavori alla rete idrica comunale, luned\u00ec dalle 9:00 alle&hellip;<\/p>\n","protected":false},"author":4,"featured_media":352535,"comment_status":"closed","ping_status":"closed","sticky":false,"template":"","format":"standard","meta":{"_monsterinsights_skip_tracking":false,"_monsterinsights_sitenote_active":false,"_monsterinsights_sitenote_note":"","_monsterinsights_sitenote_category":0,"footnotes":""},"categories":[51,86,49],"tags":[],"class_list":["post-352484","post","type-post","status-publish","format-standard","has-post-thumbnail","hentry","category-evidenza-top","category-gr","category-news-18","category-51","category-86","category-49","description-off"],"img_url":"https:\/\/www.radiopiu.net\/wordpress\/wp-content\/uploads\/2023\/09\/PHOTO-2023-09-14-16-16-07.jpg","_links":{"self":[{"href":"https:\/\/www.radiopiu.net\/wordpress\/wp-json\/wp\/v2\/posts\/352484","targetHints":{"allow":["GET"]}}],"collection":[{"href":"https:\/\/www.radiopiu.net\/wordpress\/wp-json\/wp\/v2\/posts"}],"about":[{"href":"https:\/\/www.radiopiu.net\/wordpress\/wp-json\/wp\/v2\/types\/post"}],"author":[{"embeddable":true,"href":"https:\/\/www.radiopiu.net\/wordpress\/wp-json\/wp\/v2\/users\/4"}],"replies":[{"embeddable":true,"href":"https:\/\/www.radiopiu.net\/wordpress\/wp-json\/wp\/v2\/comments?post=352484"}],"version-history":[{"count":0,"href":"https:\/\/www.radiopiu.net\/wordpress\/wp-json\/wp\/v2\/posts\/352484\/revisions"}],"wp:featuredmedia":[{"embeddable":true,"href":"https:\/\/www.radiopiu.net\/wordpress\/wp-json\/wp\/v2\/media\/352535"}],"wp:attachment":[{"href":"https:\/\/www.radiopiu.net\/wordpress\/wp-json\/wp\/v2\/media?parent=352484"}],"wp:term":[{"taxonomy":"category","embeddable":true,"href":"https:\/\/www.radiopiu.net\/wordpress\/wp-json\/wp\/v2\/categories?post=352484"},{"taxonomy":"post_tag","embeddable":true,"href":"https:\/\/www.radiopiu.net\/wordpress\/wp-json\/wp\/v2\/tags?post=352484"}],"curies":[{"name":"wp","href":"https:\/\/api.w.org\/{rel}","templated":true}]}}