{"id":352522,"date":"2023-09-15T05:33:35","date_gmt":"2023-09-15T03:33:35","guid":{"rendered":"https:\/\/www.radiopiu.net\/wordpress\/?p=352522"},"modified":"2023-09-15T06:51:52","modified_gmt":"2023-09-15T04:51:52","slug":"352522-2","status":"publish","type":"post","link":"https:\/\/www.radiopiu.net\/wordpress\/352522-2\/","title":{"rendered":"E SE L&#8217;AZIENDA DI TRASPORTI FOSSE IN MANO A PRIVATI CON PARTITA IVA E MUTUI A FINE MESE?"},"content":{"rendered":"<p><strong><img decoding=\"async\" class=\"alignleft\" src=\"https:\/\/www.radiopiu.net\/wordpress\/wp-content\/uploads\/2023\/09\/Senza-nome-29.png\" \/>REDAZIONE<\/strong> Ore 18, centralino di RADIOPIU <em>&#8220;Non ne possiamo pi\u00f9 della Dolomitibus ci ha lasciato a piedi senza un minimo di preavviso. E adesso? Arrivo a casa a Rivamonte alle otto per fare pochi chilometri. Ma perch\u00e9 nessuno interviene a nostra difesa?&#8221;<\/em><\/p>\n<p>Uno dei tanti sfoghi del pomeriggio, Dolomitibus corre ai ripari proponendo contratti piu&#8217; sostanziosi e anche alloggi, come diceva il nonno <em>&#8220;quando la mucca \u00e8 oltre il portone della stalla&#8221;<\/em>. Pensarci prima no eh? Eppure da tempo vengono sbandierati i problemi legati al personale che c&#8217;\u00e8&#8230; anzi che proprio non vuole avere a che fare con Dolomitibus. Perch\u00e8? Se le maestranze Dolomitibus vogliono elencare i loro problemi sappiano che le porte di RADIOPIU, anzi i microfoni, sono aperti, forse ci sono tante cose che non capiamo, che non sappiamo, chiss\u00e0 quali dinamiche ci sfuggono&#8230;<\/p>\n<p>Fortuna che gli studenti dovevano essere tutelati. I ragazzi sono arrivati regolarmente in stazione ieri, da ogni angolo della provincia e della citt\u00e0. \u00c8 stato al momento di tornare a casa che tanti sono rimasti a piedi. \u00c8 il caso degli studenti del Renier, che solo alle 11.30 hanno saputo che non avrebbero trovato le navette per la stazione ad attenderli nel cortile.<\/p>\n<p>Non sappiamo cosa accadr\u00e0 in questa pubblica azienda&#8230; ma immaginiamo quali sarebbero le conseguenze in una ditta privata, con tanto di partita iva e mutui a fine mese.<\/p>\n<p>&nbsp;<\/p>\n<p>&nbsp;<\/p>\n<p>:_:___<\/p>\n","protected":false},"excerpt":{"rendered":"<p>REDAZIONE Ore 18, centralino di RADIOPIU &#8220;Non ne possiamo pi\u00f9 della Dolomitibus ci ha lasciato a piedi senza un minimo di preavviso. E adesso? Arrivo a casa a Rivamonte alle otto per fare pochi chilometri. Ma perch\u00e9 nessuno interviene a nostra difesa?&#8221; Uno dei tanti sfoghi del pomeriggio, Dolomitibus corre ai ripari proponendo contratti piu&#8217;&hellip;<\/p>\n","protected":false},"author":4,"featured_media":352523,"comment_status":"closed","ping_status":"closed","sticky":false,"template":"","format":"standard","meta":{"_monsterinsights_skip_tracking":false,"_monsterinsights_sitenote_active":false,"_monsterinsights_sitenote_note":"","_monsterinsights_sitenote_category":0,"footnotes":""},"categories":[51,49],"tags":[],"class_list":["post-352522","post","type-post","status-publish","format-standard","has-post-thumbnail","hentry","category-evidenza-top","category-news-18","category-51","category-49","description-off"],"img_url":"https:\/\/www.radiopiu.net\/wordpress\/wp-content\/uploads\/2023\/09\/Senza-nome-29.png","_links":{"self":[{"href":"https:\/\/www.radiopiu.net\/wordpress\/wp-json\/wp\/v2\/posts\/352522","targetHints":{"allow":["GET"]}}],"collection":[{"href":"https:\/\/www.radiopiu.net\/wordpress\/wp-json\/wp\/v2\/posts"}],"about":[{"href":"https:\/\/www.radiopiu.net\/wordpress\/wp-json\/wp\/v2\/types\/post"}],"author":[{"embeddable":true,"href":"https:\/\/www.radiopiu.net\/wordpress\/wp-json\/wp\/v2\/users\/4"}],"replies":[{"embeddable":true,"href":"https:\/\/www.radiopiu.net\/wordpress\/wp-json\/wp\/v2\/comments?post=352522"}],"version-history":[{"count":0,"href":"https:\/\/www.radiopiu.net\/wordpress\/wp-json\/wp\/v2\/posts\/352522\/revisions"}],"wp:featuredmedia":[{"embeddable":true,"href":"https:\/\/www.radiopiu.net\/wordpress\/wp-json\/wp\/v2\/media\/352523"}],"wp:attachment":[{"href":"https:\/\/www.radiopiu.net\/wordpress\/wp-json\/wp\/v2\/media?parent=352522"}],"wp:term":[{"taxonomy":"category","embeddable":true,"href":"https:\/\/www.radiopiu.net\/wordpress\/wp-json\/wp\/v2\/categories?post=352522"},{"taxonomy":"post_tag","embeddable":true,"href":"https:\/\/www.radiopiu.net\/wordpress\/wp-json\/wp\/v2\/tags?post=352522"}],"curies":[{"name":"wp","href":"https:\/\/api.w.org\/{rel}","templated":true}]}}