{"id":352646,"date":"2023-09-16T05:50:04","date_gmt":"2023-09-16T03:50:04","guid":{"rendered":"https:\/\/www.radiopiu.net\/wordpress\/?p=352646"},"modified":"2023-09-16T06:16:13","modified_gmt":"2023-09-16T04:16:13","slug":"schianto-in-via-feltre-ha-la-peggio-la-motociclista","status":"publish","type":"post","link":"https:\/\/www.radiopiu.net\/wordpress\/schianto-in-via-feltre-ha-la-peggio-la-motociclista\/","title":{"rendered":"SCHIANTO IN VIA FELTRE, HA LA PEGGIO LA MOTOCICLISTA"},"content":{"rendered":"<h3><a class=\"dt-pswp-item\" href=\"https:\/\/www.radiopiu.net\/wordpress\/wp-content\/uploads\/2023\/09\/Senza-nome-36.png\" data-dt-img-description=\"\" data-large_image_width=\"520\" data-large_image_height=\"295\"><img loading=\"lazy\" decoding=\"async\" class=\"size-medium wp-image-352685 alignleft\" src=\"https:\/\/www.radiopiu.net\/wordpress\/wp-content\/uploads\/2023\/09\/Senza-nome-36-300x170.png\" alt=\"\" width=\"300\" height=\"170\" srcset=\"https:\/\/www.radiopiu.net\/wordpress\/wp-content\/uploads\/2023\/09\/Senza-nome-36-300x170.png 300w, https:\/\/www.radiopiu.net\/wordpress\/wp-content\/uploads\/2023\/09\/Senza-nome-36.png 520w\" sizes=\"auto, (max-width: 300px) 100vw, 300px\" \/><\/a><\/h3>\n<p><strong>REDAZIONE <\/strong>Una Fiat Sedici e una moto Caballero sono entrate in collisione e il bilancio \u00e8 di una donna di 65 anni ferita e trasportata al Pronto soccorso dell&#8217;ospedale San Martino con traumi di media gravit\u00e0 dall&#8217;ambulanza del Suem 118. Secondo una prima ricostruzione, l&#8217;auto sarebbe uscita dal parcheggio senza rispettare la precedenza.<\/p>\n<p>Incidente di altro tipo ad Auronzo, soccorso in montagna un 74enne tedesco, l&#8217;elicottero Falco 1 l&#8217;ha trasferito all&#8217;ospedale del capoluogo. Elicottero in volo anche verso la seggiovia Pocol Cortina per un 32enne del luogo colto da malore. Gi\u00e0 alle 10.20 l&#8217;altro interento per malore al Rifugio Vandelli, soccorso un 33enne francese, le sue condizioni non sono gravi. Il malore p\u00f9 grave a Pecol in un&#8217;abitazione soccorso un trevigiano di 80 anni, \u00e8 ricoverato a Belluno .Ieri sera incidente autonomo a Lasen di Feltre, un anziano di 80 anni \u00e8 stato portato in ambulanza al Santa Maria del Prato.<\/p>\n<p>FOTO CORRIERE ALPI<\/p>\n<p>&nbsp;<\/p>\n<p>___<\/p>\n","protected":false},"excerpt":{"rendered":"<p>REDAZIONE Una Fiat Sedici e una moto Caballero sono entrate in collisione e il bilancio \u00e8 di una donna di 65 anni ferita e trasportata al Pronto soccorso dell&#8217;ospedale San Martino con traumi di media gravit\u00e0 dall&#8217;ambulanza del Suem 118. Secondo una prima ricostruzione, l&#8217;auto sarebbe uscita dal parcheggio senza rispettare la precedenza. Incidente di&hellip;<\/p>\n","protected":false},"author":4,"featured_media":212226,"comment_status":"closed","ping_status":"closed","sticky":false,"template":"","format":"standard","meta":{"_monsterinsights_skip_tracking":false,"_monsterinsights_sitenote_active":false,"_monsterinsights_sitenote_note":"","_monsterinsights_sitenote_category":0,"footnotes":""},"categories":[51,49],"tags":[],"class_list":["post-352646","post","type-post","status-publish","format-standard","has-post-thumbnail","hentry","category-evidenza-top","category-news-18","category-51","category-49","description-off"],"img_url":"https:\/\/www.radiopiu.net\/wordpress\/wp-content\/uploads\/2021\/05\/203e932f-d79d-423b-a9df-af7325d671e8.jpg","_links":{"self":[{"href":"https:\/\/www.radiopiu.net\/wordpress\/wp-json\/wp\/v2\/posts\/352646","targetHints":{"allow":["GET"]}}],"collection":[{"href":"https:\/\/www.radiopiu.net\/wordpress\/wp-json\/wp\/v2\/posts"}],"about":[{"href":"https:\/\/www.radiopiu.net\/wordpress\/wp-json\/wp\/v2\/types\/post"}],"author":[{"embeddable":true,"href":"https:\/\/www.radiopiu.net\/wordpress\/wp-json\/wp\/v2\/users\/4"}],"replies":[{"embeddable":true,"href":"https:\/\/www.radiopiu.net\/wordpress\/wp-json\/wp\/v2\/comments?post=352646"}],"version-history":[{"count":0,"href":"https:\/\/www.radiopiu.net\/wordpress\/wp-json\/wp\/v2\/posts\/352646\/revisions"}],"wp:featuredmedia":[{"embeddable":true,"href":"https:\/\/www.radiopiu.net\/wordpress\/wp-json\/wp\/v2\/media\/212226"}],"wp:attachment":[{"href":"https:\/\/www.radiopiu.net\/wordpress\/wp-json\/wp\/v2\/media?parent=352646"}],"wp:term":[{"taxonomy":"category","embeddable":true,"href":"https:\/\/www.radiopiu.net\/wordpress\/wp-json\/wp\/v2\/categories?post=352646"},{"taxonomy":"post_tag","embeddable":true,"href":"https:\/\/www.radiopiu.net\/wordpress\/wp-json\/wp\/v2\/tags?post=352646"}],"curies":[{"name":"wp","href":"https:\/\/api.w.org\/{rel}","templated":true}]}}