{"id":352742,"date":"2023-09-16T13:18:15","date_gmt":"2023-09-16T11:18:15","guid":{"rendered":"https:\/\/www.radiopiu.net\/wordpress\/?p=352742"},"modified":"2023-09-16T13:18:15","modified_gmt":"2023-09-16T11:18:15","slug":"metalba-i-comitati-si-appellano-ad-ulss1-ed-arpav-una-fonderia-nel-centro-abitato","status":"publish","type":"post","link":"https:\/\/www.radiopiu.net\/wordpress\/metalba-i-comitati-si-appellano-ad-ulss1-ed-arpav-una-fonderia-nel-centro-abitato\/","title":{"rendered":"METALBA, I COMITATI SI APPELLANO AD ULSS1 ED ARPAV &#8220;UNA FONDERIA NEL CENTRO ABITATO&#8221;"},"content":{"rendered":"<blockquote>\n<div class=\"articlePlainSubHead\"><strong><a class=\"dt-pswp-item\" href=\"https:\/\/www.radiopiu.net\/wordpress\/wp-content\/uploads\/2023\/09\/Senza-nome-39.png\" data-dt-img-description=\"\" data-large_image_width=\"544\" data-large_image_height=\"280\"><img loading=\"lazy\" decoding=\"async\" class=\"size-medium wp-image-352753 alignleft\" src=\"https:\/\/www.radiopiu.net\/wordpress\/wp-content\/uploads\/2023\/09\/Senza-nome-39-300x154.png\" alt=\"\" width=\"300\" height=\"154\" srcset=\"https:\/\/www.radiopiu.net\/wordpress\/wp-content\/uploads\/2023\/09\/Senza-nome-39-300x154.png 300w, https:\/\/www.radiopiu.net\/wordpress\/wp-content\/uploads\/2023\/09\/Senza-nome-39.png 544w\" sizes=\"auto, (max-width: 300px) 100vw, 300px\" \/><\/a>LONGARONE<\/strong> In Metalba le intenzioni sono chiare: potenziiare la produzione e martedi \u00e8 in programma la conferenza di servizi in Provincia,\u00a0 decisoria sul progetto presentato dell&#8217;azienda metallurgica. All&#8217;ordine del giorno ci sar\u00e0 il progetto di incremento della capacit\u00e0 fusoria massima dello stabilimento di Longarone da 65 a 120 tonnellate al giorno. Alla conferenza di servizi potranno partecipare, senza diritto di voto, sia Metalba sia i rappresentanti dei comitati che, all&#8217;assemblea pubblica di ottobre scorso prevista dalla procedura di Via e poi con osservazioni depositate a met\u00e0 giugno, hanno espresso forti preoccupazioni per le ricadute sul piano dell&#8217;inquinamento e della salute pubblica.<\/div>\n<\/blockquote>\n<div><em>&#8220;Nella conferenza dei Servizi\u00a0 dove siamo stati invitati come portatori di interessi di\ufb00usi dalla Provincia &#8211; spiegano Davide de Martin Bona e Carla Feltrin rispettivamente del comitato Fortogna e respira Feltre &#8211;\u00a0 auspichiamo che le incongruenze evidenziate dalla precedente Conferenza e ribadite in pi\u00f9 occasioni dalle nostre osservazioni, anche in considerazione della pericolosit\u00e0 di questa attivit\u00e0, venga negata l\u2019autorizzazione all\u2019ampliamento ed inoltre nel rinnovo dell\u2019attuale Autorizzazione Ambientale, vengano introdotte ulteriori controlli e verifiche a questa attivit\u00e0. Vorremmo infine trasformare il rammarico in un nuovo appello all\u2019ULSS1 Dolomiti e all\u2019ARPAV: non \u00e8 stato possibile, come richiesto esplicitamente nelle ns osservazioni di oltre un anno fa, predisporre un\u2019analisi epidemiologica di chi abita nelle zone limitrofe all\u2019azienda e ai lavoratori, nonch\u00e9 delle analisi dei terreni per verificare le ricadute degli inquinanti, ma chiediamo che per il prossimo futuro questa sia realizzato.<\/em><br \/>\n<em>Forse con questi dati in mano sar\u00e0 pi\u00f9 facile dare un giudizio sulla compatibilit\u00e0 sanitaria e ambientale di una fonderia di questo tipo in un centro abitato&#8221;.<\/em><\/div>\n<div class=\"articlePlainText\"><\/div>\n<div><\/div>\n<div><\/div>\n<div>___<\/div>\n","protected":false},"excerpt":{"rendered":"<p>LONGARONE In Metalba le intenzioni sono chiare: potenziiare la produzione e martedi \u00e8 in programma la conferenza di servizi in Provincia,\u00a0 decisoria sul progetto presentato dell&#8217;azienda metallurgica. All&#8217;ordine del giorno ci sar\u00e0 il progetto di incremento della capacit\u00e0 fusoria massima dello stabilimento di Longarone da 65 a 120 tonnellate al giorno. Alla conferenza di servizi&hellip;<\/p>\n","protected":false},"author":4,"featured_media":352753,"comment_status":"closed","ping_status":"closed","sticky":false,"template":"","format":"standard","meta":{"_monsterinsights_skip_tracking":false,"_monsterinsights_sitenote_active":false,"_monsterinsights_sitenote_note":"","_monsterinsights_sitenote_category":0,"footnotes":""},"categories":[49],"tags":[],"class_list":["post-352742","post","type-post","status-publish","format-standard","has-post-thumbnail","hentry","category-news-18","category-49","description-off"],"img_url":"https:\/\/www.radiopiu.net\/wordpress\/wp-content\/uploads\/2023\/09\/Senza-nome-39.png","_links":{"self":[{"href":"https:\/\/www.radiopiu.net\/wordpress\/wp-json\/wp\/v2\/posts\/352742","targetHints":{"allow":["GET"]}}],"collection":[{"href":"https:\/\/www.radiopiu.net\/wordpress\/wp-json\/wp\/v2\/posts"}],"about":[{"href":"https:\/\/www.radiopiu.net\/wordpress\/wp-json\/wp\/v2\/types\/post"}],"author":[{"embeddable":true,"href":"https:\/\/www.radiopiu.net\/wordpress\/wp-json\/wp\/v2\/users\/4"}],"replies":[{"embeddable":true,"href":"https:\/\/www.radiopiu.net\/wordpress\/wp-json\/wp\/v2\/comments?post=352742"}],"version-history":[{"count":0,"href":"https:\/\/www.radiopiu.net\/wordpress\/wp-json\/wp\/v2\/posts\/352742\/revisions"}],"wp:featuredmedia":[{"embeddable":true,"href":"https:\/\/www.radiopiu.net\/wordpress\/wp-json\/wp\/v2\/media\/352753"}],"wp:attachment":[{"href":"https:\/\/www.radiopiu.net\/wordpress\/wp-json\/wp\/v2\/media?parent=352742"}],"wp:term":[{"taxonomy":"category","embeddable":true,"href":"https:\/\/www.radiopiu.net\/wordpress\/wp-json\/wp\/v2\/categories?post=352742"},{"taxonomy":"post_tag","embeddable":true,"href":"https:\/\/www.radiopiu.net\/wordpress\/wp-json\/wp\/v2\/tags?post=352742"}],"curies":[{"name":"wp","href":"https:\/\/api.w.org\/{rel}","templated":true}]}}